{"id":42418,"date":"2024-03-14T14:00:35","date_gmt":"2024-03-14T17:00:35","guid":{"rendered":"https:\/\/noticiasribeiraopreto.com.br\/index.php\/2024\/03\/14\/botafogo-recebe-o-anapolis-no-santao-pela-copa-do-brasil\/"},"modified":"2024-03-14T14:00:35","modified_gmt":"2024-03-14T17:00:35","slug":"botafogo-recebe-o-anapolis-no-santao-pela-copa-do-brasil","status":"publish","type":"post","link":"https:\/\/noticiasribeiraopreto.com.br\/index.php\/2024\/03\/14\/botafogo-recebe-o-anapolis-no-santao-pela-copa-do-brasil\/","title":{"rendered":"Botafogo recebe o An\u00e1polis no Sant\u00e3o pela Copa do Brasil\u00a0\u00a0"},"content":{"rendered":"<div class='code-block code-block-1' style='margin: 8px 0 8px auto; text-align: right; display: block; clear: both;'>\n<p><a href=\"https:\/\/wa.link\/vpicfd\"><img data-recalc-dims=\"1\" class=\"wp-image-4922\" style=\"aspect-ratio: 2.0253164556962027; width: 561px; height: auto;\" src=\"https:\/\/i0.wp.com\/ismaelcolosi.com.br\/wp-content\/uploads\/2023\/11\/grupo-de-empregos-whatsapp-e-facebook-ismael-colosi-vagas.jpg?ssl=1\" alt=\"\" \/><\/a><\/p>\n<!-- \/wp:image -->\n<\/div>\n<p> <br \/>\n<\/p>\n<div>\n<p><span data-contrast=\"auto\">Chegou a hora. O Botafogo nesta quinta para avan\u00e7ar para a terceira fase da Copa do Brasil. O advers\u00e1rio da vez \u00e9 o An\u00e1polis, de Goi\u00e1s, que chega para encarar o Fog\u00e3o ap\u00f3s eliminar a Tombense. O Tricolor tirou o Nova Ven\u00e9cia na primeira partida. O duelo acontece as 21h30, no est\u00e1dio Santa Cruz.\u00a0<\/span><span data-ccp-props=\"{&quot;201341983&quot;:0,&quot;335551550&quot;:6,&quot;335551620&quot;:6,&quot;335559739&quot;:200,&quot;335559740&quot;:276}\">\u00a0<\/span><\/p>\n<p><span data-contrast=\"auto\">Diferente da primeira fase, o Botafogo n\u00e3o tem a vantagem do empate. Caso o resultado seja igual, a decis\u00e3o ser\u00e1 nas penalidades. Quem vencer se classifica.\u00a0<\/span><span data-ccp-props=\"{&quot;201341983&quot;:0,&quot;335551550&quot;:6,&quot;335551620&quot;:6,&quot;335559739&quot;:200,&quot;335559740&quot;:276}\">\u00a0<\/span><\/p>\n<p><span data-contrast=\"auto\">O Tricolor chega para a partida sem seu principal jogador na temporada, o meio-campista Leandro Maciel. O jogador sofreu uma grave les\u00e3o no joelho e est\u00e1 fora da temporada.\u00a0<\/span><span data-ccp-props=\"{&quot;201341983&quot;:0,&quot;335551550&quot;:6,&quot;335551620&quot;:6,&quot;335559739&quot;:200,&quot;335559740&quot;:276}\">\u00a0<\/span><\/p>\n<p><span data-contrast=\"auto\">Outra d\u00favida \u00e9 o zagueiro F\u00e1bio Sanches, que est\u00e1 com problemas musculares. Ele j\u00e1 foi desfalque nos \u00faltimos jogos. Apesar de ter treinado ao longo da semana, sua participa\u00e7\u00e3o no jogo ainda n\u00e3o est\u00e1 definida.\u00a0<\/span><span data-ccp-props=\"{&quot;201341983&quot;:0,&quot;335551550&quot;:6,&quot;335551620&quot;:6,&quot;335559739&quot;:200,&quot;335559740&quot;:276}\">\u00a0<\/span><\/p>\n<p><span data-contrast=\"auto\">Por outro lado o atacante Douglas Baggio est\u00e1 de volta. Ele foi preservado contra o Palmeiras, mas j\u00e1 est\u00e1 recuperado e pronto para jogar. A tend\u00eancia \u00e9 que ele seja titular no confronto.\u00a0<\/span><span data-ccp-props=\"{&quot;201341983&quot;:0,&quot;335551550&quot;:6,&quot;335551620&quot;:6,&quot;335559739&quot;:200,&quot;335559740&quot;:276}\">\u00a0<\/span><\/p>\n<p><span data-contrast=\"auto\">Leandro Pereira tamb\u00e9m est\u00e1 dispon\u00edvel para o jogo. Ele retornou ap\u00f3s longo per\u00edodo no \u00faltimo final de semana e se colocou \u00e0 disposi\u00e7\u00e3o de Paulo Gomes. Pereira, contudo, deve iniciar como op\u00e7\u00e3o no banco.\u00a0<\/span><span data-ccp-props=\"{&quot;201341983&quot;:0,&quot;335551550&quot;:6,&quot;335551620&quot;:6,&quot;335559739&quot;:200,&quot;335559740&quot;:276}\">\u00a0<\/span><\/p>\n<p><span data-contrast=\"auto\">Existe cautela em rela\u00e7\u00e3o ao seu retorno e ele deve ser utilizado apenas na segunda etapa do jogo.\u00a0<\/span><span data-ccp-props=\"{&quot;201341983&quot;:0,&quot;335551550&quot;:6,&quot;335551620&quot;:6,&quot;335559739&quot;:200,&quot;335559740&quot;:276}\">\u00a0<\/span><\/p>\n<p><span data-contrast=\"auto\">A tend\u00eancia \u00e9 que o time seja muito parecido com o que enfrentou o Palmeiras no \u00faltimo s\u00e1bado. A \u00fanica mudan\u00e7a deve ser a entrada de Douglas Baggio no lugar de Patrick Brey, que atuou improvisado como ponta.\u00a0<\/span><span data-ccp-props=\"{&quot;201341983&quot;:0,&quot;335551550&quot;:6,&quot;335551620&quot;:6,&quot;335559739&quot;:200,&quot;335559740&quot;:276}\">\u00a0<\/span><\/p>\n<p><span data-contrast=\"auto\">Uma prov\u00e1vel escala\u00e7\u00e3o do Pantera tem: Michael Fracaro; Matheus Costa, Lucas Dias e Bernardo Schappo; Wallison, Fillipe Soutto, Matheus Barbosa e Jean Victor; Negueba, Alex Sandro e Douglas Baggio.\u00a0<\/span><span data-ccp-props=\"{&quot;201341983&quot;:0,&quot;335551550&quot;:6,&quot;335551620&quot;:6,&quot;335559739&quot;:200,&quot;335559740&quot;:276}\">\u00a0<\/span><\/p>\n<p><b><span data-contrast=\"auto\">An\u00e1polis\u00a0<\/span><\/b><span data-ccp-props=\"{&quot;201341983&quot;:0,&quot;335551550&quot;:6,&quot;335551620&quot;:6,&quot;335559739&quot;:200,&quot;335559740&quot;:276}\">\u00a0<\/span><\/p>\n<p><span data-contrast=\"auto\">O time goiano chega para o confronto com o Botafogo vindo de duas elimina\u00e7\u00f5es recentes. Uma na Copa Verde, quando caiu para o Porto Velho, e no Goiano, quando acabou eliminado pela Aparecidense.\u00a0<\/span><span data-ccp-props=\"{&quot;201341983&quot;:0,&quot;335551550&quot;:6,&quot;335551620&quot;:6,&quot;335559739&quot;:200,&quot;335559740&quot;:276}\">\u00a0<\/span><\/p>\n<p><span data-contrast=\"auto\">Apesar disso o An\u00e1polis tem nomes conhecidos em seu plantel. O mais famoso \u00e9 o volante Rithely, que teve passagem pelo Sport. Ele tamb\u00e9m atuou por clubes como Internacional, Ponte Preta, Atl\u00e9tico Goianiense e Paysandu. <\/span><span data-ccp-props=\"{&quot;201341983&quot;:0,&quot;335551550&quot;:6,&quot;335551620&quot;:6,&quot;335559739&quot;:200,&quot;335559740&quot;:276}\">\u00a0<\/span><\/p>\n<p><span data-contrast=\"auto\">Outro nome importante \u00e9 o do centroavante Marc\u00e3o, que passou pelo Botafogo em 2017. Pelo An\u00e1polis ele tem 15 jogos e seis gols marcados. O t\u00e9cnico do time goiano \u00e9 Lu\u00eds Carlos Winck, que tem passagem marcante por Internacional e Vasco.\u00a0<\/span><span data-ccp-props=\"{&quot;201341983&quot;:0,&quot;335551550&quot;:6,&quot;335551620&quot;:6,&quot;335559739&quot;:200,&quot;335559740&quot;:276}\">\u00a0<\/span><\/p>\n<p><b><span data-contrast=\"auto\">Premia\u00e7\u00e3o milion\u00e1ria\u00a0<\/span><\/b><span data-ccp-props=\"{&quot;201341983&quot;:0,&quot;335551550&quot;:6,&quot;335551620&quot;:6,&quot;335559739&quot;:200,&quot;335559740&quot;:276}\">\u00a0<\/span><\/p>\n<p><span data-contrast=\"auto\">Tem alguns anos que participar da Copa do Brasil virou fonte de renda para os clubes. Quem avan\u00e7a coloca a m\u00e3o em cifras milion\u00e1rias. Caso passe de fase nesta quinta, o Pantera ter\u00e1 direito a R$ 1,47 milh\u00e3o. Somado a premia\u00e7\u00e3o da primeira fase, o montante pode chegar a 2,7 milh\u00f5es por duas partidas.\u00a0<\/span><span data-ccp-props=\"{&quot;201341983&quot;:0,&quot;335551550&quot;:6,&quot;335551620&quot;:6,&quot;335559739&quot;:200,&quot;335559740&quot;:276}\">\u00a0<\/span><\/p>\n<p><span data-contrast=\"auto\">Se chegar a terceira fase, o feito ter\u00e1 acontecido pela segunda vez na hist\u00f3ria do clube. Ano passado o Botafogo avan\u00e7ou at\u00e9 a terceira fase e acabou eliminado pelo Santos.\u00a0<\/span><span data-ccp-props=\"{&quot;201341983&quot;:0,&quot;335551550&quot;:6,&quot;335551620&quot;:6,&quot;335559739&quot;:200,&quot;335559740&quot;:276}\">\u00a0<\/span><\/p>\n<p><span data-contrast=\"auto\">Escala\u00e7\u00e3o Botafogo: Michael Fracaro; Matheus Costa, Lucas Dias e Bernardo Schappo; Wallison, Fillipe Soutto, Matheus Barbosa e Jean Victor; Negueba, Alex Sandro e Douglas Baggio. T\u00e9cnico: Paulo Gomes.\u00a0<\/span><span data-ccp-props=\"{&quot;201341983&quot;:0,&quot;335551550&quot;:6,&quot;335551620&quot;:6,&quot;335559739&quot;:200,&quot;335559740&quot;:276}\">\u00a0<\/span><\/p>\n<p><span data-contrast=\"auto\">Wellerson; F\u00e1bio, Felipe Chaves, Andr\u00e9 e L\u00e9o Azevedo; Kevyn, Paulinho e Stefano; Douglas, Marc\u00e3o e Iago.<\/span><br \/><b><span data-contrast=\"auto\">T\u00e9cnico<\/span><\/b><span data-contrast=\"auto\">: Luiz Carlos Winck.<\/span><span data-ccp-props=\"{&quot;201341983&quot;:0,&quot;335551550&quot;:6,&quot;335551620&quot;:6,&quot;335559739&quot;:200,&quot;335559740&quot;:276}\">\u00a0<\/span><\/p>\n<p><span data-ccp-props=\"{&quot;201341983&quot;:0,&quot;335551550&quot;:6,&quot;335551620&quot;:6,&quot;335559739&quot;:200,&quot;335559740&quot;:276}\">\u00a0<\/span><\/p>\n<p><span data-contrast=\"auto\">Data: 14\/03<\/span><span data-ccp-props=\"{&quot;201341983&quot;:0,&quot;335551550&quot;:6,&quot;335551620&quot;:6,&quot;335559739&quot;:200,&quot;335559740&quot;:276}\">\u00a0<\/span><\/p>\n<p><span data-contrast=\"auto\">Hor\u00e1rio: 21h30\u00a0<\/span><span data-ccp-props=\"{&quot;201341983&quot;:0,&quot;335551550&quot;:6,&quot;335551620&quot;:6,&quot;335559739&quot;:200,&quot;335559740&quot;:276}\">\u00a0<\/span><\/p>\n<p><span data-contrast=\"auto\">Local: Est\u00e1dio Santa Cruz\u00a0<\/span><span data-ccp-props=\"{&quot;201341983&quot;:0,&quot;335551550&quot;:6,&quot;335551620&quot;:6,&quot;335559739&quot;:200,&quot;335559740&quot;:276}\">\u00a0<\/span><\/p>\n<p><span data-contrast=\"auto\">\u00c1rbitro: Murilo Ugolini Klein\u00a0<\/span><span data-ccp-props=\"{&quot;201341983&quot;:0,&quot;335551550&quot;:6,&quot;335551620&quot;:6,&quot;335559739&quot;:200,&quot;335559740&quot;:276}\">\u00a0<\/span><\/p>\n<p><span data-contrast=\"auto\">Auxiliares: Rafael Trombeta e Wagner J\u00fanior Ledo\u00a0<\/span><span data-ccp-props=\"{&quot;201341983&quot;:0,&quot;335551550&quot;:6,&quot;335551620&quot;:6,&quot;335559739&quot;:200,&quot;335559740&quot;:276}\">\u00a0<\/span><\/p>\n<\/div>\n<p><br \/>\n<br \/><a href=\"https:\/\/www.tribunaribeirao.com.br\/site\/botafogo-recebe-o-anapolis-no-santao-pela-copa-do-brasil\/\">Source link <\/a><\/p>\n<!-- CONTENT END 1 -->\n","protected":false},"excerpt":{"rendered":"<p>Chegou a hora. O Botafogo nesta quinta para avan\u00e7ar para a terceira fase da Copa do Brasil. O advers\u00e1rio da vez \u00e9 o An\u00e1polis, de&#8230;<\/p>\n","protected":false},"author":1,"featured_media":42419,"comment_status":"open","ping_status":"open","sticky":false,"template":"","format":"standard","meta":{"advanced_seo_description":"","jetpack_seo_html_title":"","jetpack_seo_noindex":false,"jetpack_post_was_ever_published":false,"_jetpack_newsletter_access":"","_jetpack_dont_email_post_to_subs":false,"_jetpack_newsletter_tier_id":0,"_jetpack_memberships_contains_paywalled_content":false,"_jetpack_memberships_contains_paid_content":false,"footnotes":"","jetpack_publicize_message":"","jetpack_publicize_feature_enabled":true,"jetpack_social_post_already_shared":true,"jetpack_social_options":{"image_generator_settings":{"template":"highway","default_image_id":0,"font":"","enabled":false},"version":2}},"categories":[11],"tags":[5018,52,137,707,188,407,5019],"class_list":["post-42418","post","type-post","status-publish","format-standard","has-post-thumbnail","hentry","category-noticias-de-ribeirao-preto-sp-e-regiao-ismael-colosi","tag-anapolis","tag-botafogo","tag-brasil","tag-copa","tag-pela","tag-recebe","tag-santao"],"jetpack_publicize_connections":[],"jetpack_featured_media_url":"https:\/\/i0.wp.com\/noticiasribeiraopreto.com.br\/wp-content\/uploads\/2024\/03\/Botafogo-2-21-scaled.jpg?fit=967%2C645&ssl=1","jetpack-related-posts":[{"id":34105,"url":"https:\/\/noticiasribeiraopreto.com.br\/index.php\/2024\/02\/01\/botafogo-encara-o-nova-venecia-do-atacante-richarlison-na-copa-do-brasil\/","url_meta":{"origin":42418,"position":0},"title":"Botafogo encara o Nova Ven\u00e9cia, do atacante Richarlison, na Copa do Brasil\u00a0\u00a0","author":"noticiasribeiraopreto.com.br","date":"1 de February de 2024","format":false,"excerpt":"31 de janeiro de 2024 | 17:0031 de janeiro de 2024 | 9:46 0O Botafogo enfrentar\u00e1 o Nova Ven\u00e9cia-ES, vice-campe\u00e3o do Campeonato Capixaba-2023, na primeira fase da Copa do Brasil. O advers\u00e1rio foi definido ap\u00f3s sorteio realizado nesta ter\u00e7a-feira (30), pela CBF (Confedera\u00e7\u00e3o Brasileira de Futebol).\u00a0O advers\u00e1rio tem como propriet\u00e1rio\u2026","rel":"","context":"In &quot;Not\u00edcias de Ribeir\u00e3o Preto-SP e Regi\u00e3o&quot;","block_context":{"text":"Not\u00edcias de Ribeir\u00e3o Preto-SP e Regi\u00e3o","link":"https:\/\/noticiasribeiraopreto.com.br\/index.php\/category\/noticias-de-ribeirao-preto-sp-e-regiao-ismael-colosi\/"},"img":{"alt_text":"","src":"https:\/\/i0.wp.com\/noticiasribeiraopreto.com.br\/wp-content\/uploads\/2024\/02\/Botafogo-2-2-1-scaled.jpeg?fit=968%2C645&ssl=1&resize=350%2C200","width":350,"height":200,"srcset":"https:\/\/i0.wp.com\/noticiasribeiraopreto.com.br\/wp-content\/uploads\/2024\/02\/Botafogo-2-2-1-scaled.jpeg?fit=968%2C645&ssl=1&resize=350%2C200 1x, https:\/\/i0.wp.com\/noticiasribeiraopreto.com.br\/wp-content\/uploads\/2024\/02\/Botafogo-2-2-1-scaled.jpeg?fit=968%2C645&ssl=1&resize=525%2C300 1.5x, https:\/\/i0.wp.com\/noticiasribeiraopreto.com.br\/wp-content\/uploads\/2024\/02\/Botafogo-2-2-1-scaled.jpeg?fit=968%2C645&ssl=1&resize=700%2C400 2x"},"classes":[]},{"id":42515,"url":"https:\/\/noticiasribeiraopreto.com.br\/index.php\/2024\/03\/15\/na-raca-botafogo-vence-e-se-classifica-na-copa-do-brasil\/","url_meta":{"origin":42418,"position":1},"title":"Na ra\u00e7a, Botafogo vence e se classifica na Copa do Brasil","author":"noticiasribeiraopreto.com.br","date":"15 de March de 2024","format":false,"excerpt":"O Botafogo avan\u00e7ou mais uma vez na Copa do Brasil. Em jogo acirrado no Santa Cruz, o Tricolor buscou a virada e segurou a press\u00e3o do time do An\u00e1polis, que contou tamb\u00e9m com grande defesa de Michael em penalidade no final do segundo tempo.Os gols da partida foram marcados por\u2026","rel":"","context":"In &quot;Not\u00edcias de Ribeir\u00e3o Preto-SP e Regi\u00e3o&quot;","block_context":{"text":"Not\u00edcias de Ribeir\u00e3o Preto-SP e Regi\u00e3o","link":"https:\/\/noticiasribeiraopreto.com.br\/index.php\/category\/noticias-de-ribeirao-preto-sp-e-regiao-ismael-colosi\/"},"img":{"alt_text":"","src":"https:\/\/i0.wp.com\/noticiasribeiraopreto.com.br\/wp-content\/uploads\/2024\/03\/1710465782690-scaled.jpg?fit=967%2C645&ssl=1&resize=350%2C200","width":350,"height":200,"srcset":"https:\/\/i0.wp.com\/noticiasribeiraopreto.com.br\/wp-content\/uploads\/2024\/03\/1710465782690-scaled.jpg?fit=967%2C645&ssl=1&resize=350%2C200 1x, https:\/\/i0.wp.com\/noticiasribeiraopreto.com.br\/wp-content\/uploads\/2024\/03\/1710465782690-scaled.jpg?fit=967%2C645&ssl=1&resize=525%2C300 1.5x, https:\/\/i0.wp.com\/noticiasribeiraopreto.com.br\/wp-content\/uploads\/2024\/03\/1710465782690-scaled.jpg?fit=967%2C645&ssl=1&resize=700%2C400 2x"},"classes":[]},{"id":42517,"url":"https:\/\/noticiasribeiraopreto.com.br\/index.php\/2024\/03\/15\/botafogo-vence-o-anapolis-e-fatura-mais-r-22-milhoes-na-copa-do-brasil\/","url_meta":{"origin":42418,"position":2},"title":"Botafogo vence o An\u00e1polis e fatura mais R$ 2,2 milh\u00f5es na Copa do Brasil","author":"noticiasribeiraopreto.com.br","date":"15 de March de 2024","format":false,"excerpt":"O Botafogo venceu o An\u00e1polis-GO por 2 a 1, na noite desta quinta-feira (14), em jogo realizado no est\u00e1dio Santa Cruz Arena Nicnet, em Ribeir\u00e3o Preto, pela segunda fase da Copa do Brasil. O time visitante foi quem abriu o placar aos 33 minutos do primeiro tempo, com gol do\u2026","rel":"","context":"In &quot;Not\u00edcias de Ribeir\u00e3o Preto-SP e Regi\u00e3o&quot;","block_context":{"text":"Not\u00edcias de Ribeir\u00e3o Preto-SP e Regi\u00e3o","link":"https:\/\/noticiasribeiraopreto.com.br\/index.php\/category\/noticias-de-ribeirao-preto-sp-e-regiao-ismael-colosi\/"},"img":{"alt_text":"","src":"https:\/\/i0.wp.com\/noticiasribeiraopreto.com.br\/wp-content\/uploads\/2024\/03\/525ee8e4-2d3d-4223-862c-99e9f826bdb7.jpeg?fit=1200%2C800&ssl=1&resize=350%2C200","width":350,"height":200,"srcset":"https:\/\/i0.wp.com\/noticiasribeiraopreto.com.br\/wp-content\/uploads\/2024\/03\/525ee8e4-2d3d-4223-862c-99e9f826bdb7.jpeg?fit=1200%2C800&ssl=1&resize=350%2C200 1x, https:\/\/i0.wp.com\/noticiasribeiraopreto.com.br\/wp-content\/uploads\/2024\/03\/525ee8e4-2d3d-4223-862c-99e9f826bdb7.jpeg?fit=1200%2C800&ssl=1&resize=525%2C300 1.5x, https:\/\/i0.wp.com\/noticiasribeiraopreto.com.br\/wp-content\/uploads\/2024\/03\/525ee8e4-2d3d-4223-862c-99e9f826bdb7.jpeg?fit=1200%2C800&ssl=1&resize=700%2C400 2x, https:\/\/i0.wp.com\/noticiasribeiraopreto.com.br\/wp-content\/uploads\/2024\/03\/525ee8e4-2d3d-4223-862c-99e9f826bdb7.jpeg?fit=1200%2C800&ssl=1&resize=1050%2C600 3x"},"classes":[]},{"id":38650,"url":"https:\/\/noticiasribeiraopreto.com.br\/index.php\/2024\/02\/20\/faz-o-pix-botafogo-vira-sobre-o-nova-venecia-e-avanca-na-copa-do-brasil\/","url_meta":{"origin":42418,"position":3},"title":"Faz o Pix: Botafogo vira sobre o Nova Ven\u00e9cia e avan\u00e7a na Copa do Brasil","author":"noticiasribeiraopreto.com.br","date":"20 de February de 2024","format":false,"excerpt":"O Botafogo venceu o Nova Ven\u00e9cia por 2 a 1, de virada, na noite desta ter\u00e7a-feira (20), em jogo realizado no est\u00e1dio Jos\u00e9 Ol\u00edmpio da Rocha em \u00c1guia Branca, no Esp\u00edrito Santo, pela primeira fase da Copa do Brasil. O time advers\u00e1rio saiu na frente com gol de Diego Fernandes\u2026","rel":"","context":"In &quot;Not\u00edcias de Ribeir\u00e3o Preto-SP e Regi\u00e3o&quot;","block_context":{"text":"Not\u00edcias de Ribeir\u00e3o Preto-SP e Regi\u00e3o","link":"https:\/\/noticiasribeiraopreto.com.br\/index.php\/category\/noticias-de-ribeirao-preto-sp-e-regiao-ismael-colosi\/"},"img":{"alt_text":"","src":"https:\/\/i0.wp.com\/noticiasribeiraopreto.com.br\/wp-content\/uploads\/2024\/02\/Copia-de-Copia-de-TAMANHO-EXATO-PARA-FOTOS-NO-SISTEMA-NOVO-43.png?fit=1200%2C675&ssl=1&resize=350%2C200","width":350,"height":200,"srcset":"https:\/\/i0.wp.com\/noticiasribeiraopreto.com.br\/wp-content\/uploads\/2024\/02\/Copia-de-Copia-de-TAMANHO-EXATO-PARA-FOTOS-NO-SISTEMA-NOVO-43.png?fit=1200%2C675&ssl=1&resize=350%2C200 1x, https:\/\/i0.wp.com\/noticiasribeiraopreto.com.br\/wp-content\/uploads\/2024\/02\/Copia-de-Copia-de-TAMANHO-EXATO-PARA-FOTOS-NO-SISTEMA-NOVO-43.png?fit=1200%2C675&ssl=1&resize=525%2C300 1.5x, https:\/\/i0.wp.com\/noticiasribeiraopreto.com.br\/wp-content\/uploads\/2024\/02\/Copia-de-Copia-de-TAMANHO-EXATO-PARA-FOTOS-NO-SISTEMA-NOVO-43.png?fit=1200%2C675&ssl=1&resize=700%2C400 2x, https:\/\/i0.wp.com\/noticiasribeiraopreto.com.br\/wp-content\/uploads\/2024\/02\/Copia-de-Copia-de-TAMANHO-EXATO-PARA-FOTOS-NO-SISTEMA-NOVO-43.png?fit=1200%2C675&ssl=1&resize=1050%2C600 3x"},"classes":[]},{"id":42837,"url":"https:\/\/noticiasribeiraopreto.com.br\/index.php\/2024\/03\/17\/paulistao-medio-copa-do-brasil-e-projecao-para-serie-b\/","url_meta":{"origin":42418,"position":4},"title":"Paulist\u00e3o m\u00e9dio, Copa do Brasil e proje\u00e7\u00e3o para S\u00e9rie B\u00a0","author":"noticiasribeiraopreto.com.br","date":"17 de March de 2024","format":false,"excerpt":"O Botafogo venceu o An\u00e1polis, faturou mais R$ 2,2 milh\u00f5es na Copa do Brasil e agora tem um per\u00edodo de pouco mais de um m\u00eas para preparar o in\u00edcio do Campeonato Brasileiro da S\u00e9rie B. Por isso, preparamos um material para avaliar a primeira parte da temporada Tricolor.\u00a0\u00a0Paulist\u00e3o\u00a0\u00a0A campanha no\u2026","rel":"","context":"In &quot;Not\u00edcias de Ribeir\u00e3o Preto-SP e Regi\u00e3o&quot;","block_context":{"text":"Not\u00edcias de Ribeir\u00e3o Preto-SP e Regi\u00e3o","link":"https:\/\/noticiasribeiraopreto.com.br\/index.php\/category\/noticias-de-ribeirao-preto-sp-e-regiao-ismael-colosi\/"},"img":{"alt_text":"","src":"https:\/\/i0.wp.com\/noticiasribeiraopreto.com.br\/wp-content\/uploads\/2024\/03\/Domingo-1-scaled.jpg?fit=967%2C645&ssl=1&resize=350%2C200","width":350,"height":200,"srcset":"https:\/\/i0.wp.com\/noticiasribeiraopreto.com.br\/wp-content\/uploads\/2024\/03\/Domingo-1-scaled.jpg?fit=967%2C645&ssl=1&resize=350%2C200 1x, https:\/\/i0.wp.com\/noticiasribeiraopreto.com.br\/wp-content\/uploads\/2024\/03\/Domingo-1-scaled.jpg?fit=967%2C645&ssl=1&resize=525%2C300 1.5x, https:\/\/i0.wp.com\/noticiasribeiraopreto.com.br\/wp-content\/uploads\/2024\/03\/Domingo-1-scaled.jpg?fit=967%2C645&ssl=1&resize=700%2C400 2x"},"classes":[]},{"id":24429,"url":"https:\/\/noticiasribeiraopreto.com.br\/index.php\/2024\/01\/04\/botafogo-enfrenta-hoje-o-sfera-pela-copinha\/","url_meta":{"origin":42418,"position":5},"title":"Botafogo enfrenta hoje o Sfera pela Copinha","author":"noticiasribeiraopreto.com.br","date":"4 de January de 2024","format":false,"excerpt":"4 de janeiro de 2024 | 11:004 de janeiro de 2024 | 9:58 0O Botafogo retomou sua pr\u00e9-temporada ap\u00f3s as festividades de final de ano com novidades. Novos jogadores foram incorporados ao elenco. Matheus Barbosa e Bernardo Schappo iniciaram a prepara\u00e7\u00e3o na ter\u00e7a. Nesta quarta, o argentino Leandro Maciel treinou\u2026","rel":"","context":"In &quot;Not\u00edcias de Ribeir\u00e3o Preto-SP e Regi\u00e3o&quot;","block_context":{"text":"Not\u00edcias de Ribeir\u00e3o Preto-SP e Regi\u00e3o","link":"https:\/\/noticiasribeiraopreto.com.br\/index.php\/category\/noticias-de-ribeirao-preto-sp-e-regiao-ismael-colosi\/"},"img":{"alt_text":"","src":"https:\/\/i0.wp.com\/noticiasribeiraopreto.com.br\/wp-content\/uploads\/2024\/01\/Botafogo-2-6-scaled.jpg?fit=967%2C645&ssl=1&resize=350%2C200","width":350,"height":200,"srcset":"https:\/\/i0.wp.com\/noticiasribeiraopreto.com.br\/wp-content\/uploads\/2024\/01\/Botafogo-2-6-scaled.jpg?fit=967%2C645&ssl=1&resize=350%2C200 1x, https:\/\/i0.wp.com\/noticiasribeiraopreto.com.br\/wp-content\/uploads\/2024\/01\/Botafogo-2-6-scaled.jpg?fit=967%2C645&ssl=1&resize=525%2C300 1.5x, https:\/\/i0.wp.com\/noticiasribeiraopreto.com.br\/wp-content\/uploads\/2024\/01\/Botafogo-2-6-scaled.jpg?fit=967%2C645&ssl=1&resize=700%2C400 2x"},"classes":[]}],"jetpack_sharing_enabled":true,"jetpack_shortlink":"https:\/\/wp.me\/peQAOb-b2a","_links":{"self":[{"href":"https:\/\/noticiasribeiraopreto.com.br\/index.php\/wp-json\/wp\/v2\/posts\/42418","targetHints":{"allow":["GET"]}}],"collection":[{"href":"https:\/\/noticiasribeiraopreto.com.br\/index.php\/wp-json\/wp\/v2\/posts"}],"about":[{"href":"https:\/\/noticiasribeiraopreto.com.br\/index.php\/wp-json\/wp\/v2\/types\/post"}],"author":[{"embeddable":true,"href":"https:\/\/noticiasribeiraopreto.com.br\/index.php\/wp-json\/wp\/v2\/users\/1"}],"replies":[{"embeddable":true,"href":"https:\/\/noticiasribeiraopreto.com.br\/index.php\/wp-json\/wp\/v2\/comments?post=42418"}],"version-history":[{"count":0,"href":"https:\/\/noticiasribeiraopreto.com.br\/index.php\/wp-json\/wp\/v2\/posts\/42418\/revisions"}],"wp:featuredmedia":[{"embeddable":true,"href":"https:\/\/noticiasribeiraopreto.com.br\/index.php\/wp-json\/wp\/v2\/media\/42419"}],"wp:attachment":[{"href":"https:\/\/noticiasribeiraopreto.com.br\/index.php\/wp-json\/wp\/v2\/media?parent=42418"}],"wp:term":[{"taxonomy":"category","embeddable":true,"href":"https:\/\/noticiasribeiraopreto.com.br\/index.php\/wp-json\/wp\/v2\/categories?post=42418"},{"taxonomy":"post_tag","embeddable":true,"href":"https:\/\/noticiasribeiraopreto.com.br\/index.php\/wp-json\/wp\/v2\/tags?post=42418"}],"curies":[{"name":"wp","href":"https:\/\/api.w.org\/{rel}","templated":true}]}}