{"id":42462,"date":"2024-03-14T17:20:04","date_gmt":"2024-03-14T20:20:04","guid":{"rendered":"https:\/\/noticiasribeiraopreto.com.br\/index.php\/2024\/03\/14\/ribeirao-preto-e-regiao-tem-mais-de-400-vagas-de-emprego-abertas\/"},"modified":"2024-03-14T17:20:04","modified_gmt":"2024-03-14T20:20:04","slug":"ribeirao-preto-e-regiao-tem-mais-de-400-vagas-de-emprego-abertas","status":"publish","type":"post","link":"https:\/\/noticiasribeiraopreto.com.br\/index.php\/2024\/03\/14\/ribeirao-preto-e-regiao-tem-mais-de-400-vagas-de-emprego-abertas\/","title":{"rendered":"Ribeir\u00e3o Preto e regi\u00e3o t\u00eam mais de 400 vagas de emprego abertas"},"content":{"rendered":"<div class='code-block code-block-1' style='margin: 8px 0 8px auto; text-align: right; display: block; clear: both;'>\n<p><a href=\"https:\/\/wa.link\/vpicfd\"><img data-recalc-dims=\"1\" class=\"wp-image-4922\" style=\"aspect-ratio: 2.0253164556962027; width: 561px; height: auto;\" src=\"https:\/\/i0.wp.com\/ismaelcolosi.com.br\/wp-content\/uploads\/2023\/11\/grupo-de-empregos-whatsapp-e-facebook-ismael-colosi-vagas.jpg?ssl=1\" alt=\"\" \/><\/a><\/p>\n<!-- \/wp:image -->\n<\/div>\n<p> <br \/>\n<\/p>\n<div data-td-block-uid=\"tdi_101\">\n<div class=\"tdb-block-inner td-fix-index\">\n<p>Mais de <strong>415 vagas<\/strong> de <strong>empregos<\/strong> em <strong>Ribeir\u00e3o Preto, Franca e regi\u00e3o<\/strong> est\u00e3o sendo divulgadas por uma <strong>empresa<\/strong> de tecnologia em <strong>gest\u00e3o de pessoas<\/strong> para <strong>pequenas e m\u00e9dias empresas<\/strong>.<\/p>\n<p>As <strong>oportunidades<\/strong> s\u00e3o para <strong>diversos segmentos<\/strong> e em <strong>\u00e1reas distintas<\/strong> como administrativa, agroneg\u00f3cio, comercial, compras, educa\u00e7\u00e3o, engenharia, financeiro, jur\u00eddico, marketing, recursos humanos, sa\u00fade, tecnologia e turismo.<\/p>\n<p>Os <strong>interessados <\/strong>devem acessar o<strong><a href=\"https:\/\/vagas.solides.com.br\/vagas?page=1&amp;locals=Altair+-+SP%2CBarretos+-+SP%2CBarrinha+-+SP%2CBebedouro+-+SP%2CCajobi+-+SP%2CColina+-+SP%2CCol%C3%B4mbia+-+SP%2CCravinhos+-+SP%2CEmba%C3%BAba+-+SP%2CFranca+-+SP%2CGua%C3%ADra+-+SP%2CGuaraci+-+SP%2CJardin%C3%B3polis+-+SP%2CMonte+Azul+Paulista+-+SP%2COl%C3%ADmpia+-+SP%2CPirangi+-+SP%2CPontal+-+SP%2CRibeir%C3%A3o+Preto+-+SP%2CSerrana+-+SP%2CSever%C3%ADnia+-+SP%2CTaia%C3%A7u+-+SP%2CTai%C3%BAva+-+SP%2CTerra+Roxa+-+SP%2CViradouro+-+SP%2CVista+Alegre+do+Alto+-+SP&amp;title=\" target=\"_blank\" rel=\"noreferrer noopener nofollow\"> site <\/a><\/strong>para mais informa\u00e7\u00f5es sobre as vagas, que v\u00e3o desde est\u00e1gio at\u00e9 vagas afirmativas.<\/p>\n<p>SAIBA MAIS <\/p>\n<p>PF prende acusado com imagens de abuso sexual infantil em Ribeir\u00e3o<\/p>\n<h4 class=\"wp-block-heading\"><strong><mark>FIQUE ON<\/mark><\/strong><\/h4>\n<p>Fique ligado em tudo que acontece em Ribeir\u00e3o Preto e regi\u00e3o. Siga os perfis do\u00a0<strong>acidade on\u00a0<\/strong>no<a href=\"https:\/\/www.instagram.com\/acidadeonribeirao\" target=\"_blank\" rel=\"noreferrer noopener\">\u00a0Instagram\u00a0<\/a>e no\u00a0<a href=\"https:\/\/www.facebook.com\/acidadeonribeirao\" target=\"_blank\" rel=\"noreferrer noopener\">Facebook<\/a>.<\/p>\n<p>Receba not\u00edcias do<strong>\u00a0acidade on<\/strong>\u00a0no WhatsApp.<a href=\"https:\/\/chat.whatsapp.com\/GFH9HUMUTHNFJdnyEd0xxq\" target=\"_blank\" rel=\"noreferrer noopener\">\u00a0Para entrar no grupo, basta clicar aqui.<\/a><\/p>\n<p>Fa\u00e7a uma den\u00fancia ou sugira uma reportagem sobre Ribeir\u00e3o Preto e regi\u00e3o pelo WhatsApp: 16 99117 7802.<\/p>\n<p>VEJA TAMB\u00c9M<\/p>\n<p>Ana Hickmann se pronuncia sobre boatos de gravidez<\/p>\n<p><!-- AI CONTENT END 1 -->\n<\/div>\n<\/div>\n<p><script async src=\"\/\/www.instagram.com\/embed.js\"><\/script><br \/>\n<br \/><br \/>\n<br \/><a href=\"https:\/\/www.acidadeon.com\/ribeiraopreto\/economia\/ribeirao-preto-e-regiao-tem-mais-de-400-vagas-de-emprego-abertas\/\">Source link <\/a><\/p>\n<!-- CONTENT END 1 -->\n","protected":false},"excerpt":{"rendered":"<p>Mais de 415 vagas de empregos em Ribeir\u00e3o Preto, Franca e regi\u00e3o est\u00e3o sendo divulgadas por uma empresa de tecnologia em gest\u00e3o de pessoas para&#8230;<\/p>\n","protected":false},"author":1,"featured_media":42463,"comment_status":"open","ping_status":"open","sticky":false,"template":"","format":"standard","meta":{"advanced_seo_description":"","jetpack_seo_html_title":"","jetpack_seo_noindex":false,"jetpack_post_was_ever_published":false,"_jetpack_newsletter_access":"","_jetpack_dont_email_post_to_subs":false,"_jetpack_newsletter_tier_id":0,"_jetpack_memberships_contains_paywalled_content":false,"_jetpack_memberships_contains_paid_content":false,"footnotes":"","jetpack_publicize_message":"","jetpack_publicize_feature_enabled":true,"jetpack_social_post_already_shared":true,"jetpack_social_options":{"image_generator_settings":{"template":"highway","default_image_id":0,"font":"","enabled":false},"version":2}},"categories":[11],"tags":[],"class_list":["post-42462","post","type-post","status-publish","format-standard","has-post-thumbnail","hentry","category-noticias-de-ribeirao-preto-sp-e-regiao-ismael-colosi"],"jetpack_publicize_connections":[],"jetpack_featured_media_url":"https:\/\/i0.wp.com\/noticiasribeiraopreto.com.br\/wp-content\/uploads\/2024\/03\/ribeirao.jpg?fit=1425%2C720&ssl=1","jetpack-related-posts":[{"id":58846,"url":"https:\/\/noticiasribeiraopreto.com.br\/index.php\/2024\/10\/07\/empresa-de-tecnologia-oferece-64-vagas-de-emprego-em-ribeirao-preto\/","url_meta":{"origin":42462,"position":0},"title":"Empresa de tecnologia oferece 64 vagas de emprego em Ribeir\u00e3o Preto","author":"noticiasribeiraopreto.com.br","date":"7 de October de 2024","format":false,"excerpt":"Uma empresa de tecnologia oferece 64 vagas de emprego tempor\u00e1rias para Ribeir\u00e3o Preto. As vagas s\u00e3o para a equipe de produ\u00e7\u00e3o tempor\u00e1ria, onde \u00e9 feito impress\u00e3o de carn\u00eas de tributos, como IPTU e INSS. N\u00e3o \u00e9 necess\u00e1rio ter experi\u00eancia na \u00e1rea e a contrata\u00e7\u00e3o est\u00e1 prevista para novembro. Os sal\u00e1rios\u2026","rel":"","context":"In &quot;Not\u00edcias de Ribeir\u00e3o Preto-SP e Regi\u00e3o&quot;","block_context":{"text":"Not\u00edcias de Ribeir\u00e3o Preto-SP e Regi\u00e3o","link":"https:\/\/noticiasribeiraopreto.com.br\/index.php\/category\/noticias-de-ribeirao-preto-sp-e-regiao-ismael-colosi\/"},"img":{"alt_text":"","src":"https:\/\/i0.wp.com\/noticiasribeiraopreto.com.br\/wp-content\/uploads\/2024\/10\/shutterstock_1855311790-scaled-1_2024-10-07_15-09-14_jpg_2024-10-07_15-09-15.webp.webp?fit=1200%2C719&ssl=1&resize=350%2C200","width":350,"height":200,"srcset":"https:\/\/i0.wp.com\/noticiasribeiraopreto.com.br\/wp-content\/uploads\/2024\/10\/shutterstock_1855311790-scaled-1_2024-10-07_15-09-14_jpg_2024-10-07_15-09-15.webp.webp?fit=1200%2C719&ssl=1&resize=350%2C200 1x, https:\/\/i0.wp.com\/noticiasribeiraopreto.com.br\/wp-content\/uploads\/2024\/10\/shutterstock_1855311790-scaled-1_2024-10-07_15-09-14_jpg_2024-10-07_15-09-15.webp.webp?fit=1200%2C719&ssl=1&resize=525%2C300 1.5x, https:\/\/i0.wp.com\/noticiasribeiraopreto.com.br\/wp-content\/uploads\/2024\/10\/shutterstock_1855311790-scaled-1_2024-10-07_15-09-14_jpg_2024-10-07_15-09-15.webp.webp?fit=1200%2C719&ssl=1&resize=700%2C400 2x, https:\/\/i0.wp.com\/noticiasribeiraopreto.com.br\/wp-content\/uploads\/2024\/10\/shutterstock_1855311790-scaled-1_2024-10-07_15-09-14_jpg_2024-10-07_15-09-15.webp.webp?fit=1200%2C719&ssl=1&resize=1050%2C600 3x"},"classes":[]},{"id":42474,"url":"https:\/\/noticiasribeiraopreto.com.br\/index.php\/2024\/03\/14\/ribeirao-preto-e-regiao-tem-mais-de-400-vagas-de-emprego-abertas-2\/","url_meta":{"origin":42462,"position":1},"title":"Ribeir\u00e3o Preto e regi\u00e3o t\u00eam mais de 400 vagas de emprego abertas","author":"noticiasribeiraopreto.com.br","date":"14 de March de 2024","format":false,"excerpt":"Mais de 415 vagas de empregos em Ribeir\u00e3o Preto, Franca e regi\u00e3o est\u00e3o sendo divulgadas por uma empresa de tecnologia em gest\u00e3o de pessoas para pequenas e m\u00e9dias empresas. As oportunidades s\u00e3o para diversos segmentos e em \u00e1reas distintas como administrativa, agroneg\u00f3cio, comercial, compras, educa\u00e7\u00e3o, engenharia, financeiro, jur\u00eddico, marketing, recursos\u2026","rel":"","context":"In &quot;Not\u00edcias de Ribeir\u00e3o Preto-SP e Regi\u00e3o&quot;","block_context":{"text":"Not\u00edcias de Ribeir\u00e3o Preto-SP e Regi\u00e3o","link":"https:\/\/noticiasribeiraopreto.com.br\/index.php\/category\/noticias-de-ribeirao-preto-sp-e-regiao-ismael-colosi\/"},"img":{"alt_text":"","src":"https:\/\/i0.wp.com\/noticiasribeiraopreto.com.br\/wp-content\/uploads\/2024\/03\/Copia-de-Copia-de-TAMANHO-EXATO-PARA-FOTOS-NO-SISTEMA-NOVO-53.jpg?fit=1200%2C675&ssl=1&resize=350%2C200","width":350,"height":200,"srcset":"https:\/\/i0.wp.com\/noticiasribeiraopreto.com.br\/wp-content\/uploads\/2024\/03\/Copia-de-Copia-de-TAMANHO-EXATO-PARA-FOTOS-NO-SISTEMA-NOVO-53.jpg?fit=1200%2C675&ssl=1&resize=350%2C200 1x, https:\/\/i0.wp.com\/noticiasribeiraopreto.com.br\/wp-content\/uploads\/2024\/03\/Copia-de-Copia-de-TAMANHO-EXATO-PARA-FOTOS-NO-SISTEMA-NOVO-53.jpg?fit=1200%2C675&ssl=1&resize=525%2C300 1.5x, https:\/\/i0.wp.com\/noticiasribeiraopreto.com.br\/wp-content\/uploads\/2024\/03\/Copia-de-Copia-de-TAMANHO-EXATO-PARA-FOTOS-NO-SISTEMA-NOVO-53.jpg?fit=1200%2C675&ssl=1&resize=700%2C400 2x, https:\/\/i0.wp.com\/noticiasribeiraopreto.com.br\/wp-content\/uploads\/2024\/03\/Copia-de-Copia-de-TAMANHO-EXATO-PARA-FOTOS-NO-SISTEMA-NOVO-53.jpg?fit=1200%2C675&ssl=1&resize=1050%2C600 3x"},"classes":[]},{"id":75797,"url":"https:\/\/noticiasribeiraopreto.com.br\/index.php\/2025\/08\/15\/empresa-de-transporte-oferece-mais-de-70-vagas-de-emprego-em-ribeirao-e-regiao\/","url_meta":{"origin":42462,"position":2},"title":"Empresa de transporte oferece mais de 70 vagas de emprego em Ribeir\u00e3o e regi\u00e3o","author":"noticiasribeiraopreto.com.br","date":"15 de August de 2025","format":false,"excerpt":"A Sertran, empresa de transportes, est\u00e1 oferecendo mais de 70 oportunidades de emprego em Ribeir\u00e3o Preto e em cidades da regi\u00e3o, com vagas para diferentes \u00e1reas e n\u00edveis de experi\u00eancia. As vagas disponibilizadas pela empresa s\u00e3o para atuar nas unidades de Ribeir\u00e3o Preto, Altin\u00f3polis, Barrinha, Cajuru, Col\u00f4mbia e Morro Agudo.\u2026","rel":"","context":"In &quot;Not\u00edcias de Ribeir\u00e3o Preto-SP e Regi\u00e3o&quot;","block_context":{"text":"Not\u00edcias de Ribeir\u00e3o Preto-SP e Regi\u00e3o","link":"https:\/\/noticiasribeiraopreto.com.br\/index.php\/category\/noticias-de-ribeirao-preto-sp-e-regiao-ismael-colosi\/"},"img":{"alt_text":"","src":"https:\/\/i0.wp.com\/noticiasribeiraopreto.com.br\/wp-content\/uploads\/2025\/08\/Sertran-02_2025-08-15_18-16-16.webp.webp?fit=675%2C423&ssl=1&resize=350%2C200","width":350,"height":200,"srcset":"https:\/\/i0.wp.com\/noticiasribeiraopreto.com.br\/wp-content\/uploads\/2025\/08\/Sertran-02_2025-08-15_18-16-16.webp.webp?fit=675%2C423&ssl=1&resize=350%2C200 1x, https:\/\/i0.wp.com\/noticiasribeiraopreto.com.br\/wp-content\/uploads\/2025\/08\/Sertran-02_2025-08-15_18-16-16.webp.webp?fit=675%2C423&ssl=1&resize=525%2C300 1.5x"},"classes":[]},{"id":29925,"url":"https:\/\/noticiasribeiraopreto.com.br\/index.php\/2024\/01\/19\/plataforma-oferece-cerca-de-390-oportunidades-de-emprego-em-ribeirao-e-regiao-veja-como-se-candidatar\/","url_meta":{"origin":42462,"position":3},"title":"Plataforma oferece cerca de 390 oportunidades de emprego em Ribeir\u00e3o e regi\u00e3o; Veja como se candidatar","author":"noticiasribeiraopreto.com.br","date":"19 de January de 2024","format":false,"excerpt":"O portal de vagas de uma empresa de tecnologia em gest\u00e3o de pessoas para pequenas e m\u00e9dias empresas (PME) est\u00e1 com cerca de 390 oportunidades de trabalho em Ribeir\u00e3o Preto e regi\u00e3o. Entre as vagas dispon\u00edveis est\u00e3o Auxiliar de Atendimento J\u00fanior, Assistente de Marketing, Vendedor, Assistente de Recursos Humanos, Gar\u00e7om,\u2026","rel":"","context":"In &quot;Not\u00edcias de Ribeir\u00e3o Preto-SP e Regi\u00e3o&quot;","block_context":{"text":"Not\u00edcias de Ribeir\u00e3o Preto-SP e Regi\u00e3o","link":"https:\/\/noticiasribeiraopreto.com.br\/index.php\/category\/noticias-de-ribeirao-preto-sp-e-regiao-ismael-colosi\/"},"img":{"alt_text":"","src":"https:\/\/i0.wp.com\/noticiasribeiraopreto.com.br\/wp-content\/uploads\/2024\/01\/emprego_vagas_1200x675_30092021103244.jpg?fit=1200%2C675&ssl=1&resize=350%2C200","width":350,"height":200,"srcset":"https:\/\/i0.wp.com\/noticiasribeiraopreto.com.br\/wp-content\/uploads\/2024\/01\/emprego_vagas_1200x675_30092021103244.jpg?fit=1200%2C675&ssl=1&resize=350%2C200 1x, https:\/\/i0.wp.com\/noticiasribeiraopreto.com.br\/wp-content\/uploads\/2024\/01\/emprego_vagas_1200x675_30092021103244.jpg?fit=1200%2C675&ssl=1&resize=525%2C300 1.5x, https:\/\/i0.wp.com\/noticiasribeiraopreto.com.br\/wp-content\/uploads\/2024\/01\/emprego_vagas_1200x675_30092021103244.jpg?fit=1200%2C675&ssl=1&resize=700%2C400 2x, https:\/\/i0.wp.com\/noticiasribeiraopreto.com.br\/wp-content\/uploads\/2024\/01\/emprego_vagas_1200x675_30092021103244.jpg?fit=1200%2C675&ssl=1&resize=1050%2C600 3x"},"classes":[]},{"id":43100,"url":"https:\/\/noticiasribeiraopreto.com.br\/index.php\/2024\/03\/19\/empresa-abre-20-vagas-de-emprego-em-ribeirao-preto-veja-como-participar\/","url_meta":{"origin":42462,"position":4},"title":"Empresa abre 20 vagas de emprego em Ribeir\u00e3o Preto; Veja como participar","author":"noticiasribeiraopreto.com.br","date":"19 de March de 2024","format":false,"excerpt":"A VVR Estacionamentos conta com 20 vagas de emprego em Ribeir\u00e3o Preto para as fun\u00e7\u00f5es de manobrista e operador de caixa. Os interessados devem enviar o curr\u00edculo pelo e-mail novasvagas@vvrestacionamentos.com.br. Para concorrer a uma das vagas de manobrista, \u00e9 preciso ter mais de 18 anos e CNH (Carteira Nacional de\u2026","rel":"","context":"In &quot;Not\u00edcias de Ribeir\u00e3o Preto-SP e Regi\u00e3o&quot;","block_context":{"text":"Not\u00edcias de Ribeir\u00e3o Preto-SP e Regi\u00e3o","link":"https:\/\/noticiasribeiraopreto.com.br\/index.php\/category\/noticias-de-ribeirao-preto-sp-e-regiao-ismael-colosi\/"},"img":{"alt_text":"","src":"https:\/\/i0.wp.com\/noticiasribeiraopreto.com.br\/wp-content\/uploads\/2024\/03\/AnyConv.com__vaga-emprego.webp.webp?fit=1200%2C801&ssl=1&resize=350%2C200","width":350,"height":200,"srcset":"https:\/\/i0.wp.com\/noticiasribeiraopreto.com.br\/wp-content\/uploads\/2024\/03\/AnyConv.com__vaga-emprego.webp.webp?fit=1200%2C801&ssl=1&resize=350%2C200 1x, https:\/\/i0.wp.com\/noticiasribeiraopreto.com.br\/wp-content\/uploads\/2024\/03\/AnyConv.com__vaga-emprego.webp.webp?fit=1200%2C801&ssl=1&resize=525%2C300 1.5x, https:\/\/i0.wp.com\/noticiasribeiraopreto.com.br\/wp-content\/uploads\/2024\/03\/AnyConv.com__vaga-emprego.webp.webp?fit=1200%2C801&ssl=1&resize=700%2C400 2x, https:\/\/i0.wp.com\/noticiasribeiraopreto.com.br\/wp-content\/uploads\/2024\/03\/AnyConv.com__vaga-emprego.webp.webp?fit=1200%2C801&ssl=1&resize=1050%2C600 3x"},"classes":[]},{"id":35135,"url":"https:\/\/noticiasribeiraopreto.com.br\/index.php\/2024\/02\/05\/empresa-de-ribeirao-preto-tem-mutirao-de-emprego-com-60-vagas\/","url_meta":{"origin":42462,"position":5},"title":"Empresa de Ribeir\u00e3o Preto tem mutir\u00e3o de emprego com 60 vagas","author":"noticiasribeiraopreto.com.br","date":"5 de February de 2024","format":false,"excerpt":"A empresa Resolv de Ribeir\u00e3o Preto tem mutir\u00e3o com 60 vagas de emprego dispon\u00edveis. As vagas s\u00e3o para as \u00e1reas de seguran\u00e7a e limpeza e os interessados podem levar o curr\u00edculo at\u00e9 a pr\u00f3xima sexta-feira (9), em dias alternados. Veja as vagas \u00c1rea de seguran\u00e7a Fiscal de patrim\u00f4nio Para concorrer,\u2026","rel":"","context":"In &quot;Not\u00edcias de Ribeir\u00e3o Preto-SP e Regi\u00e3o&quot;","block_context":{"text":"Not\u00edcias de Ribeir\u00e3o Preto-SP e Regi\u00e3o","link":"https:\/\/noticiasribeiraopreto.com.br\/index.php\/category\/noticias-de-ribeirao-preto-sp-e-regiao-ismael-colosi\/"},"img":{"alt_text":"","src":"https:\/\/i0.wp.com\/noticiasribeiraopreto.com.br\/wp-content\/uploads\/2024\/02\/entrevista-de-emprego.jpg?fit=1200%2C800&ssl=1&resize=350%2C200","width":350,"height":200,"srcset":"https:\/\/i0.wp.com\/noticiasribeiraopreto.com.br\/wp-content\/uploads\/2024\/02\/entrevista-de-emprego.jpg?fit=1200%2C800&ssl=1&resize=350%2C200 1x, https:\/\/i0.wp.com\/noticiasribeiraopreto.com.br\/wp-content\/uploads\/2024\/02\/entrevista-de-emprego.jpg?fit=1200%2C800&ssl=1&resize=525%2C300 1.5x, https:\/\/i0.wp.com\/noticiasribeiraopreto.com.br\/wp-content\/uploads\/2024\/02\/entrevista-de-emprego.jpg?fit=1200%2C800&ssl=1&resize=700%2C400 2x, https:\/\/i0.wp.com\/noticiasribeiraopreto.com.br\/wp-content\/uploads\/2024\/02\/entrevista-de-emprego.jpg?fit=1200%2C800&ssl=1&resize=1050%2C600 3x"},"classes":[]}],"jetpack_sharing_enabled":true,"jetpack_shortlink":"https:\/\/wp.me\/peQAOb-b2S","_links":{"self":[{"href":"https:\/\/noticiasribeiraopreto.com.br\/index.php\/wp-json\/wp\/v2\/posts\/42462","targetHints":{"allow":["GET"]}}],"collection":[{"href":"https:\/\/noticiasribeiraopreto.com.br\/index.php\/wp-json\/wp\/v2\/posts"}],"about":[{"href":"https:\/\/noticiasribeiraopreto.com.br\/index.php\/wp-json\/wp\/v2\/types\/post"}],"author":[{"embeddable":true,"href":"https:\/\/noticiasribeiraopreto.com.br\/index.php\/wp-json\/wp\/v2\/users\/1"}],"replies":[{"embeddable":true,"href":"https:\/\/noticiasribeiraopreto.com.br\/index.php\/wp-json\/wp\/v2\/comments?post=42462"}],"version-history":[{"count":0,"href":"https:\/\/noticiasribeiraopreto.com.br\/index.php\/wp-json\/wp\/v2\/posts\/42462\/revisions"}],"wp:featuredmedia":[{"embeddable":true,"href":"https:\/\/noticiasribeiraopreto.com.br\/index.php\/wp-json\/wp\/v2\/media\/42463"}],"wp:attachment":[{"href":"https:\/\/noticiasribeiraopreto.com.br\/index.php\/wp-json\/wp\/v2\/media?parent=42462"}],"wp:term":[{"taxonomy":"category","embeddable":true,"href":"https:\/\/noticiasribeiraopreto.com.br\/index.php\/wp-json\/wp\/v2\/categories?post=42462"},{"taxonomy":"post_tag","embeddable":true,"href":"https:\/\/noticiasribeiraopreto.com.br\/index.php\/wp-json\/wp\/v2\/tags?post=42462"}],"curies":[{"name":"wp","href":"https:\/\/api.w.org\/{rel}","templated":true}]}}