{"id":42476,"date":"2024-03-14T18:19:02","date_gmt":"2024-03-14T21:19:02","guid":{"rendered":"https:\/\/noticiasribeiraopreto.com.br\/index.php\/2024\/03\/14\/inscricoes-ao-fies-terminam-nesta-sexta15\/"},"modified":"2024-03-14T18:19:02","modified_gmt":"2024-03-14T21:19:02","slug":"inscricoes-ao-fies-terminam-nesta-sexta15","status":"publish","type":"post","link":"https:\/\/noticiasribeiraopreto.com.br\/index.php\/2024\/03\/14\/inscricoes-ao-fies-terminam-nesta-sexta15\/","title":{"rendered":"Inscri\u00e7\u00f5es ao Fies terminam nesta sexta,15"},"content":{"rendered":"<div class='code-block code-block-1' style='margin: 8px 0 8px auto; text-align: right; display: block; clear: both;'>\n<p><a href=\"https:\/\/wa.link\/vpicfd\"><img data-recalc-dims=\"1\" class=\"wp-image-4922\" style=\"aspect-ratio: 2.0253164556962027; width: 561px; height: auto;\" src=\"https:\/\/i0.wp.com\/ismaelcolosi.com.br\/wp-content\/uploads\/2023\/11\/grupo-de-empregos-whatsapp-e-facebook-ismael-colosi-vagas.jpg?ssl=1\" alt=\"\" \/><\/a><\/p>\n<!-- \/wp:image -->\n<\/div>\n<p> <br \/>\n<\/p>\n<div id=\"post-377330\">\n<header class=\"entry-header penci-entry-header penci-title-center\">\n<p> <span class=\"entry-meta-item penci-posted-on\"><i class=\"fa fa-clock-o\"\/><time class=\"entry-date published\" datetime=\"2024-03-14T18:00:38-03:00\">14 de mar\u00e7o de 2024 | 18:00<\/time><time class=\"updated\" datetime=\"2024-03-14T09:14:27-03:00\">14 de mar\u00e7o de 2024 | 9:14<\/time><\/span><\/p>\n<p> <span class=\"penci-social-buttons penci-social-share-footer\"><a href=\"#\" class=\"penci-post-like penci_post-meta_item  single-like-button penci-social-item like\" data-post_id=\"377330\" title=\"Like\" data-like=\"Like\" data-unlike=\"Unlike\"><i class=\"fa fa-thumbs-o-up\"\/><span class=\"penci-share-number\">0<\/span><\/a><i class=\"fa fa-facebook\"\/><a class=\"penci-social-item twitter\" target=\"_blank\" rel=\"noopener\" title=\"\" href=\"https:\/\/twitter.com\/intent\/tweet?text=Inscri\u00e7\u00f5es%20ao%20Fies%20terminam%20nesta%20sexta,15%20-%20https:\/\/www.tribunaribeirao.com.br\/site\/inscricoes-ao-fies-terminam-nesta-sexta15\/\"><i class=\"fa fa-twitter\"\/><\/a><i class=\"fa fa-whatsapp\"\/><\/span><\/header>\n<div class=\"penci-entry-content entry-content\">\n<p><span class=\"TextRun SCXW52963121 BCX0\" lang=\"PT-BR\" xml:lang=\"PT-BR\" data-contrast=\"auto\"><span class=\"NormalTextRun SCXW52963121 BCX0\">As inscri\u00e7\u00f5es para o <\/span><span class=\"NormalTextRun SCXW52963121 BCX0\">Fundo de Financiamento Estudantil (Fies) <\/span><span class=\"NormalTextRun SCXW52963121 BCX0\">terminam nesta sexta-feira, 15 de mar\u00e7o, prazo para que os <\/span><span class=\"NormalTextRun SCXW52963121 BCX0\">interessados entreg<\/span><span class=\"NormalTextRun SCXW52963121 BCX0\">uem a <\/span><span class=\"NormalTextRun SCXW52963121 BCX0\">documenta\u00e7\u00e3o. Para se inscrever, \u00e9 necess\u00e1rio que o estudante tenha participado do Exame Nacional do Ensino M\u00e9dio (Enem) e possua renda familiar mensal bruta per capita de at\u00e9 tr\u00eas <\/span><span class=\"NormalTextRun ContextualSpellingAndGrammarErrorV2Themed SCXW52963121 BCX0\">sal\u00e1rios m\u00ednimos<\/span><span class=\"NormalTextRun SCXW52963121 BCX0\">.<\/span><\/span><span class=\"LineBreakBlob BlobObject DragDrop SCXW52963121 BCX0\"><span class=\"SCXW52963121 BCX0\">\u00a0<\/span><br class=\"SCXW52963121 BCX0\"\/><\/span><span class=\"LineBreakBlob BlobObject DragDrop SCXW52963121 BCX0\"><span class=\"SCXW52963121 BCX0\">\u00a0<\/span><br class=\"SCXW52963121 BCX0\"\/><\/span><span class=\"TextRun SCXW52963121 BCX0\" lang=\"PT-BR\" xml:lang=\"PT-BR\" data-contrast=\"auto\"><span class=\"NormalTextRun SCXW52963121 BCX0\">Neste ano, o Fies disponibiliza 112.168 vagas para financiamento de curso superior. Dessas vagas, 67.301 s\u00e3o destinadas para o processo seletivo do primeiro semestre. O edital traz novidade com reserva de vagas para o que \u00e9 chamado de Fies Social (Resolu\u00e7\u00e3o 58<\/span> <span class=\"NormalTextRun SCXW52963121 BCX0\">e Portaria 167, ambas de 2024), com reserva de 50% das vagas de cada edi\u00e7\u00e3o do Fundo para estudantes inscritos no Cadastro \u00danico para Programas Sociais do Governo Federal (<\/span><span class=\"NormalTextRun SpellingErrorV2Themed SCXW52963121 BCX0\">Cad\u00danico<\/span><span class=\"NormalTextRun SCXW52963121 BCX0\">). <\/span><\/span><span class=\"LineBreakBlob BlobObject DragDrop SCXW52963121 BCX0\"><span class=\"SCXW52963121 BCX0\">\u00a0<\/span><br class=\"SCXW52963121 BCX0\"\/><\/span><span class=\"LineBreakBlob BlobObject DragDrop SCXW52963121 BCX0\"><span class=\"SCXW52963121 BCX0\">\u00a0<\/span><br class=\"SCXW52963121 BCX0\"\/><\/span><span class=\"TextRun SCXW52963121 BCX0\" lang=\"PT-BR\" xml:lang=\"PT-BR\" data-contrast=\"auto\"><span class=\"NormalTextRun SCXW52963121 BCX0\">Est\u00e3o nesse cadastro pessoas com renda familiar per capita de at\u00e9 meio <\/span><span class=\"NormalTextRun ContextualSpellingAndGrammarErrorV2Themed SCXW52963121 BCX0\">sal\u00e1rio m\u00ednimo<\/span><span class=\"NormalTextRun SCXW52963121 BCX0\">. Inclusive, segundo o Minist\u00e9rio da Educa\u00e7\u00e3o, esse grupo poder\u00e1 financiar at\u00e9 a totalidade dos encargos educacionais cobrados pela institui\u00e7\u00e3o de educa\u00e7\u00e3o superior, o que \u00e9 uma condi\u00e7\u00e3o diferente do programa.\u00a0\u00a0 <\/span><\/span><span class=\"LineBreakBlob BlobObject DragDrop SCXW52963121 BCX0\"><span class=\"SCXW52963121 BCX0\">\u00a0<\/span><br class=\"SCXW52963121 BCX0\"\/><\/span><span class=\"LineBreakBlob BlobObject DragDrop SCXW52963121 BCX0\"><span class=\"SCXW52963121 BCX0\">\u00a0<\/span><br class=\"SCXW52963121 BCX0\"\/><\/span><span class=\"TextRun SCXW52963121 BCX0\" lang=\"PT-BR\" xml:lang=\"PT-BR\" data-contrast=\"auto\"><span class=\"NormalTextRun SCXW52963121 BCX0\">Outra novidade desse edital \u00e9 que, ao se inscrever no <\/span><span class=\"NormalTextRun SCXW52963121 BCX0\">Fies<\/span><span class=\"NormalTextRun SCXW52963121 BCX0\">, o estudante pode escolher at\u00e9 tr\u00eas op\u00e7\u00f5es de cursos de diferentes grupos de \u00e1reas do conhecimento. Antes, havia exig\u00eancia de que os cursos escolhidos pertencessem a um mesmo agrupamento de \u00e1reas. <\/span><\/span><span class=\"LineBreakBlob BlobObject DragDrop SCXW52963121 BCX0\"><span class=\"SCXW52963121 BCX0\">\u00a0<\/span><br class=\"SCXW52963121 BCX0\"\/><\/span><span class=\"LineBreakBlob BlobObject DragDrop SCXW52963121 BCX0\"><span class=\"SCXW52963121 BCX0\">\u00a0<\/span><br class=\"SCXW52963121 BCX0\"\/><\/span><span class=\"TextRun SCXW52963121 BCX0\" lang=\"PT-BR\" xml:lang=\"PT-BR\" data-contrast=\"auto\"><span class=\"NormalTextRun SCXW52963121 BCX0\">O MEC informou que fez uma revis\u00e3o das \u00e1reas de conhecimento consideradas priorit\u00e1rias pelo Fies e incluiu cursos com maior empregabilidade e maior m\u00e9dia salarial, al\u00e9m de cursos de licenciatura e pedagogia, voltados \u00e0 atua\u00e7\u00e3o na educa\u00e7\u00e3o b\u00e1sica.\u00a0<\/span> <\/span><span class=\"LineBreakBlob BlobObject DragDrop SCXW52963121 BCX0\"><span class=\"SCXW52963121 BCX0\">\u00a0<\/span><br class=\"SCXW52963121 BCX0\"\/><\/span><span class=\"LineBreakBlob BlobObject DragDrop SCXW52963121 BCX0\"><span class=\"SCXW52963121 BCX0\">\u00a0<\/span><br class=\"SCXW52963121 BCX0\"\/><\/span><span class=\"TextRun SCXW52963121 BCX0\" lang=\"PT-BR\" xml:lang=\"PT-BR\" data-contrast=\"auto\"><span class=\"NormalTextRun SCXW52963121 BCX0\">Nesta edi\u00e7\u00e3o, o resultado do <\/span><span class=\"NormalTextRun SCXW52963121 BCX0\">Fundo de Financiamento Estudantil<\/span><span class=\"NormalTextRun SCXW52963121 BCX0\"> sai no dia 21 de mar\u00e7o. Os pr\u00e9-selecionados devem complementar as inscri\u00e7\u00f5es entre 22 e 26 tamb\u00e9m deste m\u00eas. A lista de espera ser\u00e1 divulgada do dia 28 de mar\u00e7o a 30 de abril.<\/span><\/span><span class=\"LineBreakBlob BlobObject DragDrop SCXW52963121 BCX0\"><span class=\"SCXW52963121 BCX0\">\u00a0<\/span><br class=\"SCXW52963121 BCX0\"\/><\/span><span class=\"LineBreakBlob BlobObject DragDrop SCXW52963121 BCX0\"><span class=\"SCXW52963121 BCX0\">\u00a0<\/span><\/span><\/p>\n<\/div>\n<footer class=\"penci-entry-footer\"\/><\/div>\n<p><script async src=\"\/\/platform.twitter.com\/widgets.js\" charset=\"utf-8\"><\/script><br \/>\n<br \/><br \/>\n<br \/><a href=\"https:\/\/www.tribunaribeirao.com.br\/site\/inscricoes-ao-fies-terminam-nesta-sexta15\/\">Source link <\/a><\/p>\n<!-- CONTENT END 1 -->\n","protected":false},"excerpt":{"rendered":"<p>14 de mar\u00e7o de 2024 | 18:0014 de mar\u00e7o de 2024 | 9:14 0 As inscri\u00e7\u00f5es para o Fundo de Financiamento Estudantil (Fies) terminam nesta&#8230;<\/p>\n","protected":false},"author":1,"featured_media":42477,"comment_status":"open","ping_status":"open","sticky":false,"template":"","format":"standard","meta":{"advanced_seo_description":"","jetpack_seo_html_title":"","jetpack_seo_noindex":false,"jetpack_post_was_ever_published":false,"_jetpack_newsletter_access":"","_jetpack_dont_email_post_to_subs":false,"_jetpack_newsletter_tier_id":0,"_jetpack_memberships_contains_paywalled_content":false,"_jetpack_memberships_contains_paid_content":false,"footnotes":"","jetpack_publicize_message":"","jetpack_publicize_feature_enabled":true,"jetpack_social_post_already_shared":true,"jetpack_social_options":{"image_generator_settings":{"template":"highway","default_image_id":0,"font":"","enabled":false},"version":2}},"categories":[11],"tags":[882,566,207,5026,883],"class_list":["post-42476","post","type-post","status-publish","format-standard","has-post-thumbnail","hentry","category-noticias-de-ribeirao-preto-sp-e-regiao-ismael-colosi","tag-fies","tag-inscricoes","tag-nesta","tag-sexta15","tag-terminam"],"jetpack_publicize_connections":[],"jetpack_featured_media_url":"https:\/\/i0.wp.com\/noticiasribeiraopreto.com.br\/wp-content\/uploads\/2024\/03\/Fies-Marcello-Casal-Jr.-Ag.Br_-scaled.jpg?fit=1000%2C598&ssl=1","jetpack-related-posts":[{"id":39445,"url":"https:\/\/noticiasribeiraopreto.com.br\/index.php\/2024\/02\/26\/inscricoes-para-concurso-publico-de-ribeirao-preto-terminam-esta-semana\/","url_meta":{"origin":42476,"position":0},"title":"Inscri\u00e7\u00f5es para concurso p\u00fablico de Ribeir\u00e3o Preto terminam esta semana","author":"noticiasribeiraopreto.com.br","date":"26 de February de 2024","format":false,"excerpt":"As inscri\u00e7\u00f5es do concurso p\u00fablico da Prefeitura de Ribeir\u00e3o Preto, que tem 10 vagas para o cargo de fiscal fazend\u00e1rio, terminam nesta semana. Os sal\u00e1rios para o cargo s\u00e3o de R$ 8.852,98. Os interessados podem se inscrever no site da RBO Concursos (clique aqui) at\u00e9 o dia 1\u00ba de mar\u00e7o.\u2026","rel":"","context":"In &quot;Not\u00edcias de Ribeir\u00e3o Preto-SP e Regi\u00e3o&quot;","block_context":{"text":"Not\u00edcias de Ribeir\u00e3o Preto-SP e Regi\u00e3o","link":"https:\/\/noticiasribeiraopreto.com.br\/index.php\/category\/noticias-de-ribeirao-preto-sp-e-regiao-ismael-colosi\/"},"img":{"alt_text":"","src":"https:\/\/i0.wp.com\/noticiasribeiraopreto.com.br\/wp-content\/uploads\/2024\/02\/1708956819_concurso-publico.jpg?fit=1200%2C800&ssl=1&resize=350%2C200","width":350,"height":200,"srcset":"https:\/\/i0.wp.com\/noticiasribeiraopreto.com.br\/wp-content\/uploads\/2024\/02\/1708956819_concurso-publico.jpg?fit=1200%2C800&ssl=1&resize=350%2C200 1x, https:\/\/i0.wp.com\/noticiasribeiraopreto.com.br\/wp-content\/uploads\/2024\/02\/1708956819_concurso-publico.jpg?fit=1200%2C800&ssl=1&resize=525%2C300 1.5x, https:\/\/i0.wp.com\/noticiasribeiraopreto.com.br\/wp-content\/uploads\/2024\/02\/1708956819_concurso-publico.jpg?fit=1200%2C800&ssl=1&resize=700%2C400 2x, https:\/\/i0.wp.com\/noticiasribeiraopreto.com.br\/wp-content\/uploads\/2024\/02\/1708956819_concurso-publico.jpg?fit=1200%2C800&ssl=1&resize=1050%2C600 3x"},"classes":[]},{"id":7066,"url":"https:\/\/noticiasribeiraopreto.com.br\/index.php\/2023\/11\/27\/inscricoes-para-vagas-remanescentes-do-fies-terminam-nesta-quinta-30\/","url_meta":{"origin":42476,"position":1},"title":"Inscri\u00e7\u00f5es para vagas remanescentes do Fies terminam nesta quinta, 30","author":"noticiasribeiraopreto.com.br","date":"27 de November de 2023","format":false,"excerpt":"27 de novembro de 2023 | 14:0027 de novembro de 2023 | 12:25 0O per\u00edodo de inscri\u00e7\u00e3o\u202fpara vagas remanescentes do Fundo de Financiamento Estudantil (Fies) termina na pr\u00f3xima quinta-feira (30). O prazo chegou a ser prorrogado pelo Minist\u00e9rio da Educa\u00e7\u00e3o (MEC). As inscri\u00e7\u00f5es\u202fs\u00e3o gratuitas e\u202fdevem ser\u202ffeitas exclusivamente por meio do\u00a0Portal\u202fde\u2026","rel":"","context":"In &quot;Not\u00edcias de Ribeir\u00e3o Preto-SP e Regi\u00e3o&quot;","block_context":{"text":"Not\u00edcias de Ribeir\u00e3o Preto-SP e Regi\u00e3o","link":"https:\/\/noticiasribeiraopreto.com.br\/index.php\/category\/noticias-de-ribeirao-preto-sp-e-regiao-ismael-colosi\/"},"img":{"alt_text":"","src":"https:\/\/i0.wp.com\/noticiasribeiraopreto.com.br\/wp-content\/uploads\/2023\/11\/fies.jpg?fit=1170%2C700&ssl=1&resize=350%2C200","width":350,"height":200,"srcset":"https:\/\/i0.wp.com\/noticiasribeiraopreto.com.br\/wp-content\/uploads\/2023\/11\/fies.jpg?fit=1170%2C700&ssl=1&resize=350%2C200 1x, https:\/\/i0.wp.com\/noticiasribeiraopreto.com.br\/wp-content\/uploads\/2023\/11\/fies.jpg?fit=1170%2C700&ssl=1&resize=525%2C300 1.5x, https:\/\/i0.wp.com\/noticiasribeiraopreto.com.br\/wp-content\/uploads\/2023\/11\/fies.jpg?fit=1170%2C700&ssl=1&resize=700%2C400 2x, https:\/\/i0.wp.com\/noticiasribeiraopreto.com.br\/wp-content\/uploads\/2023\/11\/fies.jpg?fit=1170%2C700&ssl=1&resize=1050%2C600 3x"},"classes":[]},{"id":36814,"url":"https:\/\/noticiasribeiraopreto.com.br\/index.php\/2024\/02\/12\/inscricoes-para-concurso-publico-de-ribeirao-preto-terminam-nesta-semana\/","url_meta":{"origin":42476,"position":2},"title":"Inscri\u00e7\u00f5es para concurso p\u00fablico de Ribeir\u00e3o Preto terminam nesta semana","author":"noticiasribeiraopreto.com.br","date":"12 de February de 2024","format":false,"excerpt":"As inscri\u00e7\u00f5es para o concurso p\u00fablico da Prefeitura de Ribeir\u00e3o Preto com 16 vagas de n\u00edvel fundamental, m\u00e9dio, t\u00e9cnico e superior terminam na pr\u00f3xima sexta-feira (16). As vagas s\u00e3o para a Saerp (Secretaria de \u00c1gua e Esgoto de Ribeir\u00e3o Preto). Os sal\u00e1rios chegam a R$ 5,1 mil. As inscri\u00e7\u00f5es devem\u2026","rel":"","context":"In &quot;Not\u00edcias de Ribeir\u00e3o Preto-SP e Regi\u00e3o&quot;","block_context":{"text":"Not\u00edcias de Ribeir\u00e3o Preto-SP e Regi\u00e3o","link":"https:\/\/noticiasribeiraopreto.com.br\/index.php\/category\/noticias-de-ribeirao-preto-sp-e-regiao-ismael-colosi\/"},"img":{"alt_text":"","src":"https:\/\/i0.wp.com\/noticiasribeiraopreto.com.br\/wp-content\/uploads\/2024\/02\/concurso-publico-nacional-unificado-cesgranrio.jpg?fit=1200%2C798&ssl=1&resize=350%2C200","width":350,"height":200,"srcset":"https:\/\/i0.wp.com\/noticiasribeiraopreto.com.br\/wp-content\/uploads\/2024\/02\/concurso-publico-nacional-unificado-cesgranrio.jpg?fit=1200%2C798&ssl=1&resize=350%2C200 1x, https:\/\/i0.wp.com\/noticiasribeiraopreto.com.br\/wp-content\/uploads\/2024\/02\/concurso-publico-nacional-unificado-cesgranrio.jpg?fit=1200%2C798&ssl=1&resize=525%2C300 1.5x, https:\/\/i0.wp.com\/noticiasribeiraopreto.com.br\/wp-content\/uploads\/2024\/02\/concurso-publico-nacional-unificado-cesgranrio.jpg?fit=1200%2C798&ssl=1&resize=700%2C400 2x, https:\/\/i0.wp.com\/noticiasribeiraopreto.com.br\/wp-content\/uploads\/2024\/02\/concurso-publico-nacional-unificado-cesgranrio.jpg?fit=1200%2C798&ssl=1&resize=1050%2C600 3x"},"classes":[]},{"id":57231,"url":"https:\/\/noticiasribeiraopreto.com.br\/index.php\/2024\/08\/26\/inscricoes-para-concurso-publico-com-salarios-de-r-7-mil-terminam-nesta-semana\/","url_meta":{"origin":42476,"position":3},"title":"Inscri\u00e7\u00f5es para concurso p\u00fablico com sal\u00e1rios de R$ 7 mil terminam nesta semana","author":"noticiasribeiraopreto.com.br","date":"26 de August de 2024","format":false,"excerpt":"O Grupo EP usa cookies e outras tecnologias semelhantes para melhorar a sua experi\u00eancia, analisar o tr\u00e1fego do site e personalizar o conte\u00fado. Conhe\u00e7a a nossa pol\u00edtica de privacidade e, ao continuar navegando, voc\u00ea concorda com estas condi\u00e7\u00f5es. Source link","rel":"","context":"In &quot;Not\u00edcias de Ribeir\u00e3o Preto-SP e Regi\u00e3o&quot;","block_context":{"text":"Not\u00edcias de Ribeir\u00e3o Preto-SP e Regi\u00e3o","link":"https:\/\/noticiasribeiraopreto.com.br\/index.php\/category\/noticias-de-ribeirao-preto-sp-e-regiao-ismael-colosi\/"},"img":{"alt_text":"","src":"https:\/\/i0.wp.com\/noticiasribeiraopreto.com.br\/wp-content\/uploads\/2024\/08\/1724699511_acidadeon_logos_Prancheta-1-copia-12_edited.jpg?fit=1199%2C1200&ssl=1&resize=350%2C200","width":350,"height":200,"srcset":"https:\/\/i0.wp.com\/noticiasribeiraopreto.com.br\/wp-content\/uploads\/2024\/08\/1724699511_acidadeon_logos_Prancheta-1-copia-12_edited.jpg?fit=1199%2C1200&ssl=1&resize=350%2C200 1x, https:\/\/i0.wp.com\/noticiasribeiraopreto.com.br\/wp-content\/uploads\/2024\/08\/1724699511_acidadeon_logos_Prancheta-1-copia-12_edited.jpg?fit=1199%2C1200&ssl=1&resize=525%2C300 1.5x, https:\/\/i0.wp.com\/noticiasribeiraopreto.com.br\/wp-content\/uploads\/2024\/08\/1724699511_acidadeon_logos_Prancheta-1-copia-12_edited.jpg?fit=1199%2C1200&ssl=1&resize=700%2C400 2x, https:\/\/i0.wp.com\/noticiasribeiraopreto.com.br\/wp-content\/uploads\/2024\/08\/1724699511_acidadeon_logos_Prancheta-1-copia-12_edited.jpg?fit=1199%2C1200&ssl=1&resize=1050%2C600 3x"},"classes":[]},{"id":67468,"url":"https:\/\/noticiasribeiraopreto.com.br\/index.php\/2025\/04\/14\/terminam-nesta-quarta-as-inscricoes-para-processo-seletivo-do-hospital-santa-lydia\/","url_meta":{"origin":42476,"position":4},"title":"Terminam nesta quarta as inscri\u00e7\u00f5es para processo seletivo do Hospital Santa Lydia","author":"noticiasribeiraopreto.com.br","date":"14 de April de 2025","format":false,"excerpt":"O Grupo EP usa cookies e outras tecnologias semelhantes para melhorar a sua experi\u00eancia, analisar o tr\u00e1fego do site e personalizar o conte\u00fado. Conhe\u00e7a a nossa pol\u00edtica de privacidade e, ao continuar navegando, voc\u00ea concorda com estas condi\u00e7\u00f5es. Source link","rel":"","context":"In &quot;Not\u00edcias de Ribeir\u00e3o Preto-SP e Regi\u00e3o&quot;","block_context":{"text":"Not\u00edcias de Ribeir\u00e3o Preto-SP e Regi\u00e3o","link":"https:\/\/noticiasribeiraopreto.com.br\/index.php\/category\/noticias-de-ribeirao-preto-sp-e-regiao-ismael-colosi\/"},"img":{"alt_text":"","src":"https:\/\/i0.wp.com\/noticiasribeiraopreto.com.br\/wp-content\/uploads\/2025\/04\/hospital_santa_1200x675_10022022125527.jpg?fit=1200%2C675&ssl=1&resize=350%2C200","width":350,"height":200,"srcset":"https:\/\/i0.wp.com\/noticiasribeiraopreto.com.br\/wp-content\/uploads\/2025\/04\/hospital_santa_1200x675_10022022125527.jpg?fit=1200%2C675&ssl=1&resize=350%2C200 1x, https:\/\/i0.wp.com\/noticiasribeiraopreto.com.br\/wp-content\/uploads\/2025\/04\/hospital_santa_1200x675_10022022125527.jpg?fit=1200%2C675&ssl=1&resize=525%2C300 1.5x, https:\/\/i0.wp.com\/noticiasribeiraopreto.com.br\/wp-content\/uploads\/2025\/04\/hospital_santa_1200x675_10022022125527.jpg?fit=1200%2C675&ssl=1&resize=700%2C400 2x, https:\/\/i0.wp.com\/noticiasribeiraopreto.com.br\/wp-content\/uploads\/2025\/04\/hospital_santa_1200x675_10022022125527.jpg?fit=1200%2C675&ssl=1&resize=1050%2C600 3x"},"classes":[]},{"id":64369,"url":"https:\/\/noticiasribeiraopreto.com.br\/index.php\/2025\/03\/07\/inscricoes-para-estudantes-em-programa-de-monitoria-nas-escolas-de-sp-terminam-nesta-sexta\/","url_meta":{"origin":42476,"position":5},"title":"Inscri\u00e7\u00f5es para estudantes em programa de monitoria nas escolas de SP terminam nesta sexta","author":"noticiasribeiraopreto.com.br","date":"7 de March de 2025","format":false,"excerpt":"As inscri\u00e7\u00f5es de estudantes matriculados na 3\u00aa s\u00e9rie do Ensino M\u00e9dio da rede estadual de S\u00e3o Paulo para o programa Aluno Monitor do BEEM (Bolsa Est\u00e1gio Ensino M\u00e9dio) terminam nesta sexta-feira (7). As monitorias t\u00eam remunera\u00e7\u00e3o de at\u00e9 R$ 555. O cadastro pode ser feito no site da\u00a0Secretaria Escolar Digital\u2026","rel":"","context":"In &quot;Not\u00edcias de Ribeir\u00e3o Preto-SP e Regi\u00e3o&quot;","block_context":{"text":"Not\u00edcias de Ribeir\u00e3o Preto-SP e Regi\u00e3o","link":"https:\/\/noticiasribeiraopreto.com.br\/index.php\/category\/noticias-de-ribeirao-preto-sp-e-regiao-ismael-colosi\/"},"img":{"alt_text":"","src":"https:\/\/i0.wp.com\/noticiasribeiraopreto.com.br\/wp-content\/uploads\/2025\/03\/Copia-de-Copia-de-TAMANHO-EXATO-PARA-FOTOS-NO-SISTEMA-NOVO-70-1.jpg?fit=1200%2C675&ssl=1&resize=350%2C200","width":350,"height":200,"srcset":"https:\/\/i0.wp.com\/noticiasribeiraopreto.com.br\/wp-content\/uploads\/2025\/03\/Copia-de-Copia-de-TAMANHO-EXATO-PARA-FOTOS-NO-SISTEMA-NOVO-70-1.jpg?fit=1200%2C675&ssl=1&resize=350%2C200 1x, https:\/\/i0.wp.com\/noticiasribeiraopreto.com.br\/wp-content\/uploads\/2025\/03\/Copia-de-Copia-de-TAMANHO-EXATO-PARA-FOTOS-NO-SISTEMA-NOVO-70-1.jpg?fit=1200%2C675&ssl=1&resize=525%2C300 1.5x, https:\/\/i0.wp.com\/noticiasribeiraopreto.com.br\/wp-content\/uploads\/2025\/03\/Copia-de-Copia-de-TAMANHO-EXATO-PARA-FOTOS-NO-SISTEMA-NOVO-70-1.jpg?fit=1200%2C675&ssl=1&resize=700%2C400 2x, https:\/\/i0.wp.com\/noticiasribeiraopreto.com.br\/wp-content\/uploads\/2025\/03\/Copia-de-Copia-de-TAMANHO-EXATO-PARA-FOTOS-NO-SISTEMA-NOVO-70-1.jpg?fit=1200%2C675&ssl=1&resize=1050%2C600 3x"},"classes":[]}],"jetpack_sharing_enabled":true,"jetpack_shortlink":"https:\/\/wp.me\/peQAOb-b36","_links":{"self":[{"href":"https:\/\/noticiasribeiraopreto.com.br\/index.php\/wp-json\/wp\/v2\/posts\/42476","targetHints":{"allow":["GET"]}}],"collection":[{"href":"https:\/\/noticiasribeiraopreto.com.br\/index.php\/wp-json\/wp\/v2\/posts"}],"about":[{"href":"https:\/\/noticiasribeiraopreto.com.br\/index.php\/wp-json\/wp\/v2\/types\/post"}],"author":[{"embeddable":true,"href":"https:\/\/noticiasribeiraopreto.com.br\/index.php\/wp-json\/wp\/v2\/users\/1"}],"replies":[{"embeddable":true,"href":"https:\/\/noticiasribeiraopreto.com.br\/index.php\/wp-json\/wp\/v2\/comments?post=42476"}],"version-history":[{"count":0,"href":"https:\/\/noticiasribeiraopreto.com.br\/index.php\/wp-json\/wp\/v2\/posts\/42476\/revisions"}],"wp:featuredmedia":[{"embeddable":true,"href":"https:\/\/noticiasribeiraopreto.com.br\/index.php\/wp-json\/wp\/v2\/media\/42477"}],"wp:attachment":[{"href":"https:\/\/noticiasribeiraopreto.com.br\/index.php\/wp-json\/wp\/v2\/media?parent=42476"}],"wp:term":[{"taxonomy":"category","embeddable":true,"href":"https:\/\/noticiasribeiraopreto.com.br\/index.php\/wp-json\/wp\/v2\/categories?post=42476"},{"taxonomy":"post_tag","embeddable":true,"href":"https:\/\/noticiasribeiraopreto.com.br\/index.php\/wp-json\/wp\/v2\/tags?post=42476"}],"curies":[{"name":"wp","href":"https:\/\/api.w.org\/{rel}","templated":true}]}}