{"id":42535,"date":"2024-03-15T08:31:19","date_gmt":"2024-03-15T11:31:19","guid":{"rendered":"https:\/\/noticiasribeiraopreto.com.br\/index.php\/2024\/03\/15\/projeto-sextas-sonoras-recebe-banda-mississipi-devils-no-cauim\/"},"modified":"2024-03-15T08:31:19","modified_gmt":"2024-03-15T11:31:19","slug":"projeto-sextas-sonoras-recebe-banda-mississipi-devils-no-cauim","status":"publish","type":"post","link":"https:\/\/noticiasribeiraopreto.com.br\/index.php\/2024\/03\/15\/projeto-sextas-sonoras-recebe-banda-mississipi-devils-no-cauim\/","title":{"rendered":"Projeto &#8220;Sextas Sonoras&#8221; recebe banda Mississipi Devils no Cauim"},"content":{"rendered":"<div class='code-block code-block-1' style='margin: 8px 0 8px auto; text-align: right; display: block; clear: both;'>\n<p><a href=\"https:\/\/wa.link\/vpicfd\"><img data-recalc-dims=\"1\" class=\"wp-image-4922\" style=\"aspect-ratio: 2.0253164556962027; width: 561px; height: auto;\" src=\"https:\/\/i0.wp.com\/ismaelcolosi.com.br\/wp-content\/uploads\/2023\/11\/grupo-de-empregos-whatsapp-e-facebook-ismael-colosi-vagas.jpg?ssl=1\" alt=\"\" \/><\/a><\/p>\n<!-- \/wp:image -->\n<\/div>\n<p> <br \/>\n<\/p>\n<div id=\"\">\n<p> <span class=\"entry-meta-item penci-posted-on\"><i class=\"fa fa-clock-o\"\/><time class=\"entry-date published\" datetime=\"2024-03-15T08:30:55-03:00\">15 de mar\u00e7o de 2024 | 8:30<\/time><time class=\"updated\" datetime=\"2024-03-14T09:54:03-03:00\">14 de mar\u00e7o de 2024 | 9:54<\/time><\/span><\/p>\n<p> <span class=\"penci-social-buttons penci-social-share-footer\"><a href=\"#\" class=\"penci-post-like penci_post-meta_item  single-like-button penci-social-item like\" data-post_id=\"377361\" title=\"Like\" data-like=\"Like\" data-unlike=\"Unlike\"><i class=\"fa fa-thumbs-o-up\"\/><span class=\"penci-share-number\">0<\/span><\/a><i class=\"fa fa-facebook\"\/><a class=\"penci-social-item twitter\" target=\"_blank\" rel=\"noopener\" title=\"\" href=\"https:\/\/twitter.com\/intent\/tweet?text=Projeto%20-Sextas%20Sonoras-%20recebe%20banda%20Mississipi%20Devils%20no%20Cauim%20-%20https:\/\/www.tribunaribeirao.com.br\/site\/projeto-sextas-sonoras-recebe-banda-mississipi-devils-no-cauim\/\"><i class=\"fa fa-twitter\"\/><\/a><i class=\"fa fa-whatsapp\"\/><\/span><\/div>\n<div>\n<p>Na sexta-feira, dia 15 de mar\u00e7o, o novo espa\u00e7o do tradicional Cineclube Cauim recebe a banda Mississippi Devils. A apresenta\u00e7\u00e3o ter\u00e1 in\u00edcio \u00e0s oito e meia da noite e integra o projeto Sextas Sonoras, que prev\u00ea shows musicais todas as sextas-feiras no palco do novo Cauim.<\/p>\n<p>Seguindo a voca\u00e7\u00e3o do Cauim em dar espa\u00e7o a outras linguagens al\u00e9m do cinema, o projeto Sextas Sonoras receber\u00e1 artistas e bandas locais e tamb\u00e9m de fora que desenvolvam trabalhos autorais.<\/p>\n<p>Programada para estrear o projeto, a banda Mississippi Devils busca recriar em seus shows a atmosfera dos antigos guetos norte-americanos, dos m\u00fasicos de rua e dos artistas rurais da regi\u00e3o do Mississippi, nos Estados Unidos, tocando, muitas vezes ao ar livre, em parques pra\u00e7as e festivais um trabalho autoral que transita pelo blues, folk, bluegrass e jazz, al\u00e9m de vers\u00f5es de cl\u00e1ssicos dos anos 20, 30 e 40.<\/p>\n<p>Nas apresenta\u00e7\u00f5es s\u00e3o utilizados instrumentos inusitados, parte deles produzido artesanalmente pelos pr\u00f3prios integrantes da banda, formada pelos m\u00fasicos Big Lips Malone (voz e viol\u00e3o), Old Smoking Brown (voz, resonator, viol\u00e3o, cigarbox, kazoo e ukulele), Henry Blues Boy (gaitas), Beer Junkie Pete (voz, washboard, bumbo, colheres e correntes) e Daddy Bacon (voz, baixo, percuss\u00e3o e ukulele). O grupo, que surgiu em 2012 entre as cidades de Ribeir\u00e3o Preto e Serrana, est\u00e1 trabalhando um \u00e1lbum de in\u00e9ditas, j\u00e1 lan\u00e7ou cinco videoclipes e um EP, al\u00e9m de singles nas plataformas de streaming e miniss\u00e9ries nas redes sociais.<\/p>\n<p><strong>Memorial<\/strong><\/p>\n<p>A nova casa do Cauim, batizada como MAG (Memorial do Aqu\u00edfero Guarani), fica na Rua Olavo Bilac, 135, na Vila Seixas, regi\u00e3o central de Ribeir\u00e3o Preto, e tem a inten\u00e7\u00e3o de homenagear o principal tesouro da nossa cidade e regi\u00e3o, o Aqu\u00edfero Guarani. Trata-se de um cineteatro com 200 lugares equipado com som, luz, palco, ar condicionado e uma enorme tela de cinema para exibi\u00e7\u00e3o de filmes. O espa\u00e7o conta, tamb\u00e9m, com servi\u00e7o de bar no hall de entrada e food truck na \u00e1rea externa, com venda de lanches, por\u00e7\u00f5es e espetinhos.<\/p>\n<p>Al\u00e9m do Cineclube Cauim, o MAG abriga diversas entidades culturais de Ribeir\u00e3o, entre elas o Coro C\u00eanico Bossa Nossa, o Programa Kabuki de Cultura e o Ribeir\u00e3o em Cena.<\/p>\n<p><strong>Servi\u00e7o<\/strong><br \/>Show Mississippi Devils<br \/>Quando: Sexta-feira, 15 de mar\u00e7o de 2024, \u00e0s 20:30 hs \u2013 abertura do espa\u00e7o as 19:00 hs.<br \/>Onde: MAG (Memorial do Aqu\u00edfero Guarani) \u2013 Rua Olavo Bilac, 135 \u2013 Vila Seixas \u2013 Ribeir\u00e3o Preto\/SP.<br \/>Quanto: R$ 20,00 (na compra do ingresso ganhe um chopp).<\/p>\n<\/div>\n<p><script async src=\"\/\/platform.twitter.com\/widgets.js\" charset=\"utf-8\"><\/script><br \/>\n<br \/><br \/>\n<br \/><a href=\"https:\/\/www.tribunaribeirao.com.br\/site\/projeto-sextas-sonoras-recebe-banda-mississipi-devils-no-cauim\/\">Source link <\/a><\/p>\n<!-- CONTENT END 1 -->\n","protected":false},"excerpt":{"rendered":"<p>15 de mar\u00e7o de 2024 | 8:3014 de mar\u00e7o de 2024 | 9:54 0 Na sexta-feira, dia 15 de mar\u00e7o, o novo espa\u00e7o do tradicional&#8230;<\/p>\n","protected":false},"author":1,"featured_media":42536,"comment_status":"open","ping_status":"open","sticky":false,"template":"","format":"standard","meta":{"advanced_seo_description":"","jetpack_seo_html_title":"","jetpack_seo_noindex":false,"jetpack_seo_schema_type":"","_jetpack_newsletter_access":"","_jetpack_dont_email_post_to_subs":false,"_jetpack_newsletter_tier_id":0,"_jetpack_memberships_contains_paywalled_content":false,"_jetpack_feature_clip_id":0,"_jetpack_memberships_contains_paid_content":false,"footnotes":"","jetpack_publicize_message":"","jetpack_publicize_feature_enabled":true,"jetpack_social_post_already_shared":true,"jetpack_social_options":{"image_generator_settings":{"template":"highway","default_image_id":0,"font":"","enabled":false},"version":2},"jetpack_post_was_ever_published":false},"categories":[11],"tags":[826,3667,5042,5041,685,407,4943,4944],"class_list":["post-42535","post","type-post","status-publish","format-standard","has-post-thumbnail","hentry","category-noticias-de-ribeirao-preto-sp-e-regiao-ismael-colosi","tag-banda","tag-cauim","tag-devils","tag-mississipi","tag-projeto","tag-recebe","tag-sextas","tag-sonoras"],"jetpack_publicize_connections":[],"jetpack-related-posts":[{"id":39813,"url":"https:\/\/noticiasribeiraopreto.com.br\/index.php\/2024\/02\/28\/banda-mississippi-devils-estreia-projeto-no-cineclube-cauim-em-ribeirao-preto\/","url_meta":{"origin":42535,"position":0},"title":"Banda Mississippi Devils estreia projeto no Cineclube Cauim em Ribeir\u00e3o Preto","author":"noticiasribeiraopreto.com.br","date":"28 de February de 2024","format":false,"excerpt":"No dia 15 de mar\u00e7o, o projeto \u201cSextas Sonoras\u201d recebe a banda Mississipi Devils em sua estreia no novo espa\u00e7o MAG (Memorial do Aqu\u00edfero Guarani), no Cineclube Cauim em Ribeir\u00e3o Preto. O projeto prev\u00ea shows musicais todas as sextas-feiras no palco do MAG, visando dar espa\u00e7o a outras linguagens al\u00e9m\u2026","rel":"","context":"In &quot;Not\u00edcias de Ribeir\u00e3o Preto-SP e Regi\u00e3o&quot;","block_context":{"text":"Not\u00edcias de Ribeir\u00e3o Preto-SP e Regi\u00e3o","link":"https:\/\/noticiasribeiraopreto.com.br\/index.php\/category\/noticias-de-ribeirao-preto-sp-e-regiao-ismael-colosi\/"},"img":{"alt_text":"","src":"https:\/\/i0.wp.com\/noticiasribeiraopreto.com.br\/wp-content\/uploads\/2024\/02\/WhatsApp-Image-2024-02-28-at-08.03.53.jpeg?fit=1200%2C675&ssl=1&resize=350%2C200","width":350,"height":200,"srcset":"https:\/\/i0.wp.com\/noticiasribeiraopreto.com.br\/wp-content\/uploads\/2024\/02\/WhatsApp-Image-2024-02-28-at-08.03.53.jpeg?fit=1200%2C675&ssl=1&resize=350%2C200 1x, https:\/\/i0.wp.com\/noticiasribeiraopreto.com.br\/wp-content\/uploads\/2024\/02\/WhatsApp-Image-2024-02-28-at-08.03.53.jpeg?fit=1200%2C675&ssl=1&resize=525%2C300 1.5x, https:\/\/i0.wp.com\/noticiasribeiraopreto.com.br\/wp-content\/uploads\/2024\/02\/WhatsApp-Image-2024-02-28-at-08.03.53.jpeg?fit=1200%2C675&ssl=1&resize=700%2C400 2x, https:\/\/i0.wp.com\/noticiasribeiraopreto.com.br\/wp-content\/uploads\/2024\/02\/WhatsApp-Image-2024-02-28-at-08.03.53.jpeg?fit=1200%2C675&ssl=1&resize=1050%2C600 3x"},"classes":[]},{"id":41834,"url":"https:\/\/noticiasribeiraopreto.com.br\/index.php\/2024\/03\/11\/cauim-lanca-projeto-musical-sextas-sonoras\/","url_meta":{"origin":42535,"position":1},"title":"Cauim lan\u00e7a projeto musical &#8220;Sextas Sonoras&#8221;","author":"noticiasribeiraopreto.com.br","date":"11 de March de 2024","format":false,"excerpt":"11 de mar\u00e7o de 2024 | 16:0011 de mar\u00e7o de 2024 | 13:43 0Nesta sexta, 15 de mar\u00e7o, o Cineclube Cauim, receber\u00e1 a banda Devils, marcando a estreia do projeto musical \u201cSextas Sonoras\u2019 na nova casa do Cauim, em Ribeir\u00e3o Preto.O evento come\u00e7a \u00e0s 19h e ter\u00e1 abertura com o\u2026","rel":"","context":"In &quot;Not\u00edcias de Ribeir\u00e3o Preto-SP e Regi\u00e3o&quot;","block_context":{"text":"Not\u00edcias de Ribeir\u00e3o Preto-SP e Regi\u00e3o","link":"https:\/\/noticiasribeiraopreto.com.br\/index.php\/category\/noticias-de-ribeirao-preto-sp-e-regiao-ismael-colosi\/"},"img":{"alt_text":"","src":"https:\/\/i0.wp.com\/noticiasribeiraopreto.com.br\/wp-content\/uploads\/2024\/03\/2-cauim-foto-1.jpeg?fit=363%2C645&ssl=1&resize=350%2C200","width":350,"height":200},"classes":[]},{"id":57083,"url":"https:\/\/noticiasribeiraopreto.com.br\/index.php\/2024\/08\/22\/cineclube-cauim-recebe-show-de-banda-internacional-em-ribeirao-preto\/","url_meta":{"origin":42535,"position":2},"title":"Cineclube Cauim recebe show de banda internacional em Ribeir\u00e3o Preto","author":"noticiasribeiraopreto.com.br","date":"22 de August de 2024","format":false,"excerpt":"O Cineclube Cauim de Ribeir\u00e3o Preto, ir\u00e1 receber nesta sexta-feira (23), \u00e0s 19h, outra edi\u00e7\u00e3o do projeto \u201cSextas Sonoras\u201d, agora com sua primeira atra\u00e7\u00e3o internacional: Lord Bishop Rocks, com apresenta\u00e7\u00e3o do DJ Old Smoking. \u00a0Ingressos custam R$ 20. A banda \u00e9 considerada um dos trios de rock mais emocionantes, extravagantes\u2026","rel":"","context":"In &quot;Not\u00edcias de Ribeir\u00e3o Preto-SP e Regi\u00e3o&quot;","block_context":{"text":"Not\u00edcias de Ribeir\u00e3o Preto-SP e Regi\u00e3o","link":"https:\/\/noticiasribeiraopreto.com.br\/index.php\/category\/noticias-de-ribeirao-preto-sp-e-regiao-ismael-colosi\/"},"img":{"alt_text":"","src":"https:\/\/i0.wp.com\/noticiasribeiraopreto.com.br\/wp-content\/uploads\/2024\/08\/event_6654_2024-08-22_16-16-00_jpg_2024-08-22_16-16-00.webp.webp?fit=500%2C281&ssl=1&resize=350%2C200","width":350,"height":200},"classes":[]},{"id":45161,"url":"https:\/\/noticiasribeiraopreto.com.br\/index.php\/2024\/04\/02\/cauim-recebe-regis-martins-cia-fantasma\/","url_meta":{"origin":42535,"position":3},"title":"Cauim recebe R\u00e9gis Martins &#038; Cia. Fantasma","author":"noticiasribeiraopreto.com.br","date":"2 de April de 2024","format":false,"excerpt":"2 de abril de 2024 | 17:002 de abril de 2024 | 17:32 0 Na sexta-feira, dia 5 de abril, o Cineclube Cauim recebe o show de Regis Martins & Cia Fantasma, projeto criado em 2013 pelo guitarrista e vocalista da banda Motormama junto com Gisele Z (vocais) e Alessandro\u2026","rel":"","context":"In &quot;Not\u00edcias de Ribeir\u00e3o Preto-SP e Regi\u00e3o&quot;","block_context":{"text":"Not\u00edcias de Ribeir\u00e3o Preto-SP e Regi\u00e3o","link":"https:\/\/noticiasribeiraopreto.com.br\/index.php\/category\/noticias-de-ribeirao-preto-sp-e-regiao-ismael-colosi\/"},"img":{"alt_text":"","src":"https:\/\/i0.wp.com\/noticiasribeiraopreto.com.br\/wp-content\/uploads\/2024\/04\/imagem-3.jpg?fit=800%2C500&ssl=1&resize=350%2C200","width":350,"height":200,"srcset":"https:\/\/i0.wp.com\/noticiasribeiraopreto.com.br\/wp-content\/uploads\/2024\/04\/imagem-3.jpg?fit=800%2C500&ssl=1&resize=350%2C200 1x, https:\/\/i0.wp.com\/noticiasribeiraopreto.com.br\/wp-content\/uploads\/2024\/04\/imagem-3.jpg?fit=800%2C500&ssl=1&resize=525%2C300 1.5x, https:\/\/i0.wp.com\/noticiasribeiraopreto.com.br\/wp-content\/uploads\/2024\/04\/imagem-3.jpg?fit=800%2C500&ssl=1&resize=700%2C400 2x"},"classes":[]},{"id":72965,"url":"https:\/\/noticiasribeiraopreto.com.br\/index.php\/2025\/06\/23\/cineclube-cauim-recebe-edicao-especial-do-sextas-sonoras-com-jazz-e-blues-veja-quando\/","url_meta":{"origin":42535,"position":4},"title":"Cineclube Cauim recebe edi\u00e7\u00e3o especial do &#8216;Sextas Sonoras&#8217; com jazz e blues; Veja quando","author":"noticiasribeiraopreto.com.br","date":"23 de June de 2025","format":false,"excerpt":"O Cineclube Cauim recebe nesta sexta-feira (27), uma edi\u00e7\u00e3o especial do projeto \u201cSextas Sonoras\u201d, dedicada ao jazz e ao blues. O evento acontece na rua Olavo Bilac, 135, na Vila Seixas, em Ribeir\u00e3o Preto. Na programa\u00e7\u00e3o est\u00e3o shows dos grupos Leoneti Bros e Barranco Trio. O ingresso custa R$ 20\u2026","rel":"","context":"In &quot;Not\u00edcias de Ribeir\u00e3o Preto-SP e Regi\u00e3o&quot;","block_context":{"text":"Not\u00edcias de Ribeir\u00e3o Preto-SP e Regi\u00e3o","link":"https:\/\/noticiasribeiraopreto.com.br\/index.php\/category\/noticias-de-ribeirao-preto-sp-e-regiao-ismael-colosi\/"},"img":{"alt_text":"","src":"https:\/\/i0.wp.com\/noticiasribeiraopreto.com.br\/wp-content\/uploads\/2025\/06\/novo-cauim-1.jpg?fit=1000%2C967&ssl=1&resize=350%2C200","width":350,"height":200,"srcset":"https:\/\/i0.wp.com\/noticiasribeiraopreto.com.br\/wp-content\/uploads\/2025\/06\/novo-cauim-1.jpg?fit=1000%2C967&ssl=1&resize=350%2C200 1x, https:\/\/i0.wp.com\/noticiasribeiraopreto.com.br\/wp-content\/uploads\/2025\/06\/novo-cauim-1.jpg?fit=1000%2C967&ssl=1&resize=525%2C300 1.5x, https:\/\/i0.wp.com\/noticiasribeiraopreto.com.br\/wp-content\/uploads\/2025\/06\/novo-cauim-1.jpg?fit=1000%2C967&ssl=1&resize=700%2C400 2x"},"classes":[]},{"id":58335,"url":"https:\/\/noticiasribeiraopreto.com.br\/index.php\/2024\/09\/25\/eduardo-machado-se-apresenta-no-sextas-sonoras-em-ribeirao-preto\/","url_meta":{"origin":42535,"position":5},"title":"Eduardo Machado se apresenta no Sextas Sonoras em Ribeir\u00e3o Preto","author":"noticiasribeiraopreto.com.br","date":"25 de September de 2024","format":false,"excerpt":"Eduardo Machado, compositor e baixista francano e um dos maiores nomes do contrabaixo no Brasil, ir\u00e1 se apresentar nesta sexta-feira (27), \u00e0s 20h30, em Ribeir\u00e3o Preto, no projeto Sextas Sonoras. Ele tamb\u00e9m se prepara para sua 6\u00aa turn\u00ea pela Europa, em janeiro de 2025, que ir\u00e1 passar pela Su\u00ed\u00e7a, Pol\u00f4nia\u2026","rel":"","context":"In &quot;Not\u00edcias de Ribeir\u00e3o Preto-SP e Regi\u00e3o&quot;","block_context":{"text":"Not\u00edcias de Ribeir\u00e3o Preto-SP e Regi\u00e3o","link":"https:\/\/noticiasribeiraopreto.com.br\/index.php\/category\/noticias-de-ribeirao-preto-sp-e-regiao-ismael-colosi\/"},"img":{"alt_text":"","src":"https:\/\/i0.wp.com\/noticiasribeiraopreto.com.br\/wp-content\/uploads\/2024\/09\/018d607d-7ca0-498c-b93c-5e6734980331_2024-09-25_12-06-03_jpg_2024-09-25_12-06-05-scaled.webp.webp?fit=1200%2C800&ssl=1&resize=350%2C200","width":350,"height":200,"srcset":"https:\/\/i0.wp.com\/noticiasribeiraopreto.com.br\/wp-content\/uploads\/2024\/09\/018d607d-7ca0-498c-b93c-5e6734980331_2024-09-25_12-06-03_jpg_2024-09-25_12-06-05-scaled.webp.webp?fit=1200%2C800&ssl=1&resize=350%2C200 1x, https:\/\/i0.wp.com\/noticiasribeiraopreto.com.br\/wp-content\/uploads\/2024\/09\/018d607d-7ca0-498c-b93c-5e6734980331_2024-09-25_12-06-03_jpg_2024-09-25_12-06-05-scaled.webp.webp?fit=1200%2C800&ssl=1&resize=525%2C300 1.5x, https:\/\/i0.wp.com\/noticiasribeiraopreto.com.br\/wp-content\/uploads\/2024\/09\/018d607d-7ca0-498c-b93c-5e6734980331_2024-09-25_12-06-03_jpg_2024-09-25_12-06-05-scaled.webp.webp?fit=1200%2C800&ssl=1&resize=700%2C400 2x, https:\/\/i0.wp.com\/noticiasribeiraopreto.com.br\/wp-content\/uploads\/2024\/09\/018d607d-7ca0-498c-b93c-5e6734980331_2024-09-25_12-06-03_jpg_2024-09-25_12-06-05-scaled.webp.webp?fit=1200%2C800&ssl=1&resize=1050%2C600 3x"},"classes":[]}],"jetpack_sharing_enabled":true,"jetpack_shortlink":"https:\/\/wp.me\/peQAOb-b43","jetpack_featured_media_url":"https:\/\/i0.wp.com\/noticiasribeiraopreto.com.br\/wp-content\/uploads\/2024\/03\/743c1c75-2403-40aa-85bb-a03018e4838c-scaled.jpg?fit=968%2C645&ssl=1","_links":{"self":[{"href":"https:\/\/noticiasribeiraopreto.com.br\/index.php\/wp-json\/wp\/v2\/posts\/42535","targetHints":{"allow":["GET"]}}],"collection":[{"href":"https:\/\/noticiasribeiraopreto.com.br\/index.php\/wp-json\/wp\/v2\/posts"}],"about":[{"href":"https:\/\/noticiasribeiraopreto.com.br\/index.php\/wp-json\/wp\/v2\/types\/post"}],"author":[{"embeddable":true,"href":"https:\/\/noticiasribeiraopreto.com.br\/index.php\/wp-json\/wp\/v2\/users\/1"}],"replies":[{"embeddable":true,"href":"https:\/\/noticiasribeiraopreto.com.br\/index.php\/wp-json\/wp\/v2\/comments?post=42535"}],"version-history":[{"count":0,"href":"https:\/\/noticiasribeiraopreto.com.br\/index.php\/wp-json\/wp\/v2\/posts\/42535\/revisions"}],"wp:featuredmedia":[{"embeddable":true,"href":"https:\/\/noticiasribeiraopreto.com.br\/index.php\/wp-json\/wp\/v2\/media\/42536"}],"wp:attachment":[{"href":"https:\/\/noticiasribeiraopreto.com.br\/index.php\/wp-json\/wp\/v2\/media?parent=42535"}],"wp:term":[{"taxonomy":"category","embeddable":true,"href":"https:\/\/noticiasribeiraopreto.com.br\/index.php\/wp-json\/wp\/v2\/categories?post=42535"},{"taxonomy":"post_tag","embeddable":true,"href":"https:\/\/noticiasribeiraopreto.com.br\/index.php\/wp-json\/wp\/v2\/tags?post=42535"}],"curies":[{"name":"wp","href":"https:\/\/api.w.org\/{rel}","templated":true}]}}