{"id":42543,"date":"2024-03-15T09:44:09","date_gmt":"2024-03-15T12:44:09","guid":{"rendered":"https:\/\/noticiasribeiraopreto.com.br\/index.php\/2024\/03\/15\/receita-comeca-a-receber-o-ir\/"},"modified":"2024-03-15T09:44:09","modified_gmt":"2024-03-15T12:44:09","slug":"receita-comeca-a-receber-o-ir","status":"publish","type":"post","link":"https:\/\/noticiasribeiraopreto.com.br\/index.php\/2024\/03\/15\/receita-comeca-a-receber-o-ir\/","title":{"rendered":"Receita come\u00e7a\u00a0a receber o IR \u00a0"},"content":{"rendered":"<div class='code-block code-block-1' style='margin: 8px 0 8px auto; text-align: right; display: block; clear: both;'>\n<p><a href=\"https:\/\/wa.link\/vpicfd\"><img data-recalc-dims=\"1\" class=\"wp-image-4922\" style=\"aspect-ratio: 2.0253164556962027; width: 561px; height: auto;\" src=\"https:\/\/i0.wp.com\/ismaelcolosi.com.br\/wp-content\/uploads\/2023\/11\/grupo-de-empregos-whatsapp-e-facebook-ismael-colosi-vagas.jpg?ssl=1\" alt=\"\" \/><\/a><\/p>\n<!-- \/wp:image -->\n<\/div>\n<p> <br \/>\n<\/p>\n<div id=\"\">\n<p> <span class=\"entry-meta-item penci-posted-on\"><i class=\"fa fa-clock-o\"\/><time class=\"entry-date published\" datetime=\"2024-03-15T09:00:49-03:00\">15 de mar\u00e7o de 2024 | 9:00<\/time><time class=\"updated\" datetime=\"2024-03-14T20:09:25-03:00\">14 de mar\u00e7o de 2024 | 20:09<\/time><\/span><\/p>\n<p> <span class=\"penci-social-buttons penci-social-share-footer\"><a href=\"#\" class=\"penci-post-like penci_post-meta_item  single-like-button penci-social-item like\" data-post_id=\"377438\" title=\"Like\" data-like=\"Like\" data-unlike=\"Unlike\"><i class=\"fa fa-thumbs-o-up\"\/><span class=\"penci-share-number\">0<\/span><\/a><i class=\"fa fa-facebook\"\/><a class=\"penci-social-item twitter\" target=\"_blank\" rel=\"noopener\" title=\"\" href=\"https:\/\/twitter.com\/intent\/tweet?text=Receita%20come\u00e7a\u00a0a%20receber%20o%20IR%20\u00a0%20-%20https:\/\/www.tribunaribeirao.com.br\/site\/receita-comeca-a-receber-o-ir\/\"><i class=\"fa fa-twitter\"\/><\/a><i class=\"fa fa-whatsapp\"\/><\/span><\/div>\n<div>\n<p><span class=\"TextRun SCXW153866068 BCX0\" lang=\"PT-BR\" xml:lang=\"PT-BR\" data-contrast=\"auto\"><span class=\"NormalTextRun SCXW153866068 BCX0\">A Receita Federal <\/span><span class=\"NormalTextRun SCXW153866068 BCX0\">abre nesta sexta-feira, 15 de mar\u00e7o, a partir das oito horas, o prazo para entrega da declara\u00e7\u00e3o de <\/span><span class=\"NormalTextRun SCXW153866068 BCX0\">Imposto de Renda <\/span><span class=\"NormalTextRun SCXW153866068 BCX0\">Pessoa F\u00edsica de <\/span><span class=\"NormalTextRun SCXW153866068 BCX0\">2024<\/span><span class=\"NormalTextRun SCXW153866068 BCX0\"> (<\/span><span class=\"NormalTextRun SCXW153866068 BCX0\">ano-base 2023<\/span><span class=\"NormalTextRun SCXW153866068 BCX0\">)<\/span><span class=\"NormalTextRun SCXW153866068 BCX0\">.<\/span> <span class=\"NormalTextRun SCXW153866068 BCX0\">O contribuinte tem at\u00e9 as <\/span><span class=\"NormalTextRun SCXW153866068 BCX0\">23h59min59s <\/span><span class=\"NormalTextRun SCXW153866068 BCX0\">de <\/span><span class=\"NormalTextRun SCXW153866068 BCX0\">31 de maio<\/span><span class=\"NormalTextRun SCXW153866068 BCX0\"> para prestar contas ao Le\u00e3o<\/span><span class=\"NormalTextRun SCXW153866068 BCX0\">. A expectativa \u00e9 de receber 43 milh\u00f5es de <\/span><span class=\"NormalTextRun SCXW153866068 BCX0\">documentos<\/span><span class=\"NormalTextRun SCXW153866068 BCX0\">.<\/span><\/span><span class=\"LineBreakBlob BlobObject DragDrop SCXW153866068 BCX0\"><span class=\"SCXW153866068 BCX0\">\u00a0<\/span><br class=\"SCXW153866068 BCX0\"\/><\/span><span class=\"LineBreakBlob BlobObject DragDrop SCXW153866068 BCX0\"><span class=\"SCXW153866068 BCX0\">\u00a0<\/span><br class=\"SCXW153866068 BCX0\"\/><\/span><span class=\"TextRun SCXW153866068 BCX0\" lang=\"PT-BR\" xml:lang=\"PT-BR\" data-contrast=\"auto\"><span class=\"NormalTextRun SCXW153866068 BCX0\">Na \u00e1rea da Delegacia Regional de Ribeir\u00e3o Preto s\u00e3o esperadas 750 mil declara\u00e7\u00f5es, aumento de 5<\/span><span class=\"NormalTextRun SCXW153866068 BCX0\">,02<\/span><span class=\"NormalTextRun SCXW153866068 BCX0\">% em rela\u00e7\u00e3o a<\/span><span class=\"NormalTextRun SCXW153866068 BCX0\">s <\/span><span class=\"NormalTextRun SCXW153866068 BCX0\">714.124 <\/span><span class=\"NormalTextRun SCXW153866068 BCX0\">entregues no ano passado, <\/span><span class=\"NormalTextRun SCXW153866068 BCX0\">35.876 a mais. <\/span><span class=\"NormalTextRun SCXW153866068 BCX0\">O<\/span><span class=\"NormalTextRun SCXW153866068 BCX0\"> download do programa do <\/span><span class=\"NormalTextRun SCXW153866068 BCX0\">IRPF est\u00e1 dispon\u00edvel desde ter\u00e7a-feira (12) <\/span><span class=\"NormalTextRun SCXW153866068 BCX0\">com vers\u00f5es para desktop e celular (<\/span><span class=\"NormalTextRun SCXW153866068 BCX0\">Android<\/span><span class=\"NormalTextRun SCXW153866068 BCX0\"> e <\/span><span class=\"NormalTextRun SCXW153866068 BCX0\">iOS<\/span><span class=\"NormalTextRun SCXW153866068 BCX0\">).<\/span> <\/span><span class=\"LineBreakBlob BlobObject DragDrop SCXW153866068 BCX0\"><span class=\"SCXW153866068 BCX0\">\u00a0<\/span><br class=\"SCXW153866068 BCX0\"\/><\/span><span class=\"LineBreakBlob BlobObject DragDrop SCXW153866068 BCX0\"><span class=\"SCXW153866068 BCX0\">\u00a0<\/span><br class=\"SCXW153866068 BCX0\"\/><\/span><span class=\"TextRun SCXW153866068 BCX0\" lang=\"PT-BR\" xml:lang=\"PT-BR\" data-contrast=\"auto\"><span class=\"NormalTextRun SCXW153866068 BCX0\">Segundo <\/span><span class=\"NormalTextRun SCXW153866068 BCX0\">o Fisco<\/span><span class=\"NormalTextRun SCXW153866068 BCX0\">, os usu\u00e1rios <\/span><span class=\"NormalTextRun SCXW153866068 BCX0\">com <\/span><span class=\"NormalTextRun SCXW153866068 BCX0\">conta gov.<\/span><span class=\"NormalTextRun SCXW153866068 BCX0\">br<\/span><span class=\"NormalTextRun SCXW153866068 BCX0\"> nos n\u00edveis ouro ou prata conta<\/span><span class=\"NormalTextRun SCXW153866068 BCX0\">m <\/span><span class=\"NormalTextRun SCXW153866068 BCX0\">com a facilidade de poder fazer a declara\u00e7\u00e3o <\/span><span class=\"NormalTextRun SpellingErrorV2Themed SCXW153866068 BCX0\">pr\u00e9<\/span><span class=\"NormalTextRun SCXW153866068 BCX0\">-preenchida.<\/span><span class=\"NormalTextRun SCXW153866068 BCX0\">\u00a0<\/span> <span class=\"NormalTextRun SCXW153866068 BCX0\">Em raz\u00e3o da <\/span><span class=\"NormalTextRun SCXW153866068 BCX0\">l<\/span><span class=\"NormalTextRun SCXW153866068 BCX0\">ei <\/span><span class=\"NormalTextRun SCXW153866068 BCX0\">n\u00famero <\/span><span class=\"NormalTextRun SCXW153866068 BCX0\">14.663\/2023 houve altera\u00e7\u00e3o nas tabelas progressiva anual e suas faixas, nos limites para obrigatoriedade de entrega anual e nas regras para inclus\u00e3o de dependentes (pais, av\u00f3s, bisav\u00f3s).<\/span> <\/span><span class=\"LineBreakBlob BlobObject DragDrop SCXW153866068 BCX0\"><span class=\"SCXW153866068 BCX0\">\u00a0<\/span><br class=\"SCXW153866068 BCX0\"\/><\/span><span class=\"LineBreakBlob BlobObject DragDrop SCXW153866068 BCX0\"><span class=\"SCXW153866068 BCX0\">\u00a0<\/span><br class=\"SCXW153866068 BCX0\"\/><\/span><span class=\"TextRun SCXW153866068 BCX0\" lang=\"PT-BR\" xml:lang=\"PT-BR\" data-contrast=\"auto\"><span class=\"NormalTextRun SCXW153866068 BCX0\">Com as novas regras, ficam isentos de apresentar a declara\u00e7\u00e3o, os contribuintes que receberam at\u00e9 R$ 24.511,92 no ano passado.<\/span> <span class=\"NormalTextRun SCXW153866068 BCX0\">A entrega da declara\u00e7\u00e3o do IRPF <\/span><span class=\"NormalTextRun SCXW153866068 BCX0\">\u00e9 <\/span><span class=\"NormalTextRun SCXW153866068 BCX0\">obrigat\u00f3ria para quem recebeu em 2023 rendimentos tribut\u00e1veis acima de R$ 30.639,90. <\/span><\/span><span class=\"LineBreakBlob BlobObject DragDrop SCXW153866068 BCX0\"><span class=\"SCXW153866068 BCX0\">\u00a0<\/span><br class=\"SCXW153866068 BCX0\"\/><\/span><span class=\"LineBreakBlob BlobObject DragDrop SCXW153866068 BCX0\"><span class=\"SCXW153866068 BCX0\">\u00a0<\/span><br class=\"SCXW153866068 BCX0\"\/><\/span><span class=\"TextRun SCXW153866068 BCX0\" lang=\"PT-BR\" xml:lang=\"PT-BR\" data-contrast=\"auto\"><span class=\"NormalTextRun SCXW153866068 BCX0\">No ano passado, esse limite estava em R$ 28.559,70.<\/span> <span class=\"NormalTextRun SCXW153866068 BCX0\">Tamb\u00e9m est\u00e1 obrigado a declarar quem recebeu rendimentos isentos e n\u00e3o tribut\u00e1veis tributados exclusivamente na fonte que ultrapassaram R$ 200 mil, ante os R$ 40 mil do ano passado<\/span><span class=\"NormalTextRun SCXW153866068 BCX0\">.<\/span><\/span><span class=\"LineBreakBlob BlobObject DragDrop SCXW153866068 BCX0\"><span class=\"SCXW153866068 BCX0\">\u00a0<\/span><br class=\"SCXW153866068 BCX0\"\/><\/span><span class=\"LineBreakBlob BlobObject DragDrop SCXW153866068 BCX0\"><span class=\"SCXW153866068 BCX0\">\u00a0<\/span><br class=\"SCXW153866068 BCX0\"\/><\/span><span class=\"TextRun SCXW153866068 BCX0\" lang=\"PT-BR\" xml:lang=\"PT-BR\" data-contrast=\"auto\"><span class=\"NormalTextRun SCXW153866068 BCX0\">A declara\u00e7\u00e3o tamb\u00e9m \u00e9 obrigat\u00f3ria para <\/span><span class=\"NormalTextRun SCXW153866068 BCX0\">quem obteve receita bruta da atividade rural de R$ 153.199,50, contra R$ 142.798,50 em 2022; quem tinha posse ou propriedade de bens e direitos, inclusive terra nua, superior a R$ 800 mil, at\u00e9 31 de dezembro de 2023.<\/span><\/span><span class=\"LineBreakBlob BlobObject DragDrop SCXW153866068 BCX0\"><span class=\"SCXW153866068 BCX0\">\u00a0<\/span><br class=\"SCXW153866068 BCX0\"\/><\/span><span class=\"LineBreakBlob BlobObject DragDrop SCXW153866068 BCX0\"><span class=\"SCXW153866068 BCX0\">\u00a0<\/span><br class=\"SCXW153866068 BCX0\"\/><\/span><span class=\"TextRun SCXW153866068 BCX0\" lang=\"PT-BR\" xml:lang=\"PT-BR\" data-contrast=\"auto\"><span class=\"NormalTextRun SCXW153866068 BCX0\">A Receita disse que, com as altera\u00e7\u00f5es na tabela, quase <\/span><span class=\"NormalTextRun SCXW153866068 BCX0\">quatro <\/span><span class=\"NormalTextRun SCXW153866068 BCX0\">milh\u00f5es de contribuintes ficar\u00e3o desobrigados a preencher a declara\u00e7\u00e3o. Par<\/span><span class=\"NormalTextRun SCXW153866068 BCX0\">a facilitar a vida do cidad\u00e3o, o Fisco <\/span><span class=\"NormalTextRun SCXW153866068 BCX0\">criou um <\/span><span class=\"NormalTextRun SpellingErrorV2Themed SCXW153866068 BCX0\">bot<\/span><span class=\"NormalTextRun SCXW153866068 BCX0\"> interativo que auxiliar\u00e1<\/span><span class=\"NormalTextRun SCXW153866068 BCX0\"> a saber<\/span><span class=\"NormalTextRun SCXW153866068 BCX0\"> se a entrega da declara\u00e7\u00e3o \u00e9 obrigat\u00f3ria ou n\u00e3o. A ferramenta tamb\u00e9m auxiliar\u00e1 <\/span><span class=\"NormalTextRun SCXW153866068 BCX0\">com outras d\u00favidas no preenchimento do IR<\/span><\/span><span class=\"LineBreakBlob BlobObject DragDrop SCXW153866068 BCX0\"><span class=\"SCXW153866068 BCX0\">\u00a0<\/span><br class=\"SCXW153866068 BCX0\"\/><\/span><span class=\"LineBreakBlob BlobObject DragDrop SCXW153866068 BCX0\"><span class=\"SCXW153866068 BCX0\">\u00a0<\/span><br class=\"SCXW153866068 BCX0\"\/><\/span><span class=\"TextRun SCXW153866068 BCX0\" lang=\"PT-BR\" xml:lang=\"PT-BR\" data-contrast=\"auto\"><span class=\"NormalTextRun SCXW153866068 BCX0\">Quem n\u00e3o entregar dentro do prazo fixado, est\u00e1 sujeito a multa m\u00ednima de R$ 165,74 e valor m\u00e1ximo correspondente a 20% do Imposto sobre <\/span><span class=\"NormalTextRun SCXW153866068 BCX0\">a Renda devido<\/span><span class=\"NormalTextRun SCXW153866068 BCX0\">.<\/span> <span class=\"NormalTextRun SCXW153866068 BCX0\">Quem optar pela declara\u00e7\u00e3o simplificada ter\u00e1 um desconto \u201cpadr\u00e3o\u201d de 20% na renda tribut\u00e1vel, limitado a R$ 16.754,34, mesmo valor do ano passado.<\/span><\/span><span class=\"LineBreakBlob BlobObject DragDrop SCXW153866068 BCX0\"><span class=\"SCXW153866068 BCX0\">\u00a0<\/span><br class=\"SCXW153866068 BCX0\"\/><\/span><span class=\"LineBreakBlob BlobObject DragDrop SCXW153866068 BCX0\"><span class=\"SCXW153866068 BCX0\">\u00a0<\/span><br class=\"SCXW153866068 BCX0\"\/><\/span><span class=\"TextRun SCXW153866068 BCX0\" lang=\"PT-BR\" xml:lang=\"PT-BR\" data-contrast=\"auto\"><span class=\"NormalTextRun SCXW153866068 BCX0\">Caso o contribuinte n\u00e3o opte pelo desconto padr\u00e3o, o valor da dedu\u00e7\u00e3o por dependente permanece R$ 2.275,08, o mesmo ocorre com o limite anual das despesas com instru\u00e7\u00e3o (ensino infantil, fundamental, m\u00e9dio, t\u00e9cnico e superior), que ficou em R$ 3.561,50 e a isen\u00e7\u00e3o para maiores de 65 anos. Em rela\u00e7\u00e3o \u00e0s despesas m\u00e9dicas, as dedu\u00e7\u00f5es continuam sem limite.<\/span><\/span><span class=\"LineBreakBlob BlobObject DragDrop SCXW153866068 BCX0\"><span class=\"SCXW153866068 BCX0\">\u00a0<\/span><br class=\"SCXW153866068 BCX0\"\/><\/span><span class=\"LineBreakBlob BlobObject DragDrop SCXW153866068 BCX0\"><span class=\"SCXW153866068 BCX0\">\u00a0<\/span><br class=\"SCXW153866068 BCX0\"\/><\/span><span class=\"TextRun SCXW153866068 BCX0\" lang=\"PT-BR\" xml:lang=\"PT-BR\" data-contrast=\"auto\"><span class=\"NormalTextRun SCXW153866068 BCX0\"><strong>Pens\u00e3o<\/strong> \u2013 <\/span><\/span><span class=\"TextRun SCXW153866068 BCX0\" lang=\"PT-BR\" xml:lang=\"PT-BR\" data-contrast=\"auto\"><span class=\"NormalTextRun SCXW153866068 BCX0\">Os contribuintes que receberam pens\u00e3o aliment\u00edcia nos \u00faltimos cinco anos e pagaram Imposto de Renda podem pedir o ressarcimento do tributo, esclareceu a Defensoria P\u00fablica da Uni\u00e3o (DPU). \u00c9 necess\u00e1rio retificar a declara\u00e7\u00e3o do Imposto de Renda de anos anteriores e, em alguns casos, pedir a devolu\u00e7\u00e3o de imposto pago a mais.<\/span><\/span><span class=\"LineBreakBlob BlobObject DragDrop SCXW153866068 BCX0\"><span class=\"SCXW153866068 BCX0\">\u00a0<\/span><br class=\"SCXW153866068 BCX0\"\/><\/span><span class=\"LineBreakBlob BlobObject DragDrop SCXW153866068 BCX0\"><span class=\"SCXW153866068 BCX0\">\u00a0<\/span><br class=\"SCXW153866068 BCX0\"\/><\/span><span class=\"TextRun SCXW153866068 BCX0\" lang=\"PT-BR\" xml:lang=\"PT-BR\" data-contrast=\"auto\"><span class=\"NormalTextRun SCXW153866068 BCX0\">O prazo de entrega da declara\u00e7\u00e3o do Imposto de Renda (IR) 2024 come\u00e7a nesta sexta-feira<\/span><span class=\"NormalTextRun SCXW153866068 BCX0\">, 15 <\/span><span class=\"NormalTextRun SpellingErrorV2Themed SCXW153866068 BCX0\">vde<\/span><span class=\"NormalTextRun SCXW153866068 BCX0\"> mar\u00e7o, <\/span><span class=\"NormalTextRun SCXW153866068 BCX0\">\u00e0s <\/span><span class=\"NormalTextRun SCXW153866068 BCX0\">oito horas, e <\/span><span class=\"NormalTextRun SCXW153866068 BCX0\">vai at\u00e9 as 23h59min59s de 31 de maio. Neste ano, o Fisco espera receber 43 milh\u00f5es de declara\u00e7\u00f5es, contra 41.151.515 entregues no ano passado.<\/span><\/span><span class=\"LineBreakBlob BlobObject DragDrop SCXW153866068 BCX0\"><span class=\"SCXW153866068 BCX0\">\u00a0<\/span><br class=\"SCXW153866068 BCX0\"\/><\/span><span class=\"LineBreakBlob BlobObject DragDrop SCXW153866068 BCX0\"><span class=\"SCXW153866068 BCX0\">\u00a0<\/span><br class=\"SCXW153866068 BCX0\"\/><\/span><span class=\"TextRun SCXW153866068 BCX0\" lang=\"PT-BR\" xml:lang=\"PT-BR\" data-contrast=\"auto\"><span class=\"NormalTextRun SCXW153866068 BCX0\">Em outubro de 2022, o Supremo Tribunal Federal (STF) decidiu que as pens\u00f5es aliment\u00edcias s\u00e3o isentas de Imposto de Renda. Por unanimidade, os ministros entenderam que o tributo incide sobre os ganhos do pagador da pens\u00e3o e n\u00e3o <\/span><span class=\"NormalTextRun SCXW153866068 BCX0\">pode<\/span><span class=\"NormalTextRun SCXW153866068 BCX0\"> ser cobrado duas vezes.<\/span><\/span><span class=\"LineBreakBlob BlobObject DragDrop SCXW153866068 BCX0\"><span class=\"SCXW153866068 BCX0\">\u00a0<\/span><br class=\"SCXW153866068 BCX0\"\/><\/span><span class=\"LineBreakBlob BlobObject DragDrop SCXW153866068 BCX0\"><span class=\"SCXW153866068 BCX0\">\u00a0<\/span><br class=\"SCXW153866068 BCX0\"\/><\/span><span class=\"TextRun SCXW153866068 BCX0\" lang=\"PT-BR\" xml:lang=\"PT-BR\" data-contrast=\"auto\"><span class=\"NormalTextRun SCXW153866068 BCX0\">Declara\u00e7\u00e3o <\/span><span class=\"NormalTextRun SpellingErrorV2Themed SCXW153866068 BCX0\">pr\u00e9<\/span><span class=\"NormalTextRun SCXW153866068 BCX0\">-preenchida \u2013 <\/span><\/span><span class=\"TextRun SCXW153866068 BCX0\" lang=\"PT-BR\" xml:lang=\"PT-BR\" data-contrast=\"auto\"><span class=\"NormalTextRun SCXW153866068 BCX0\">De acordo com o subsecret\u00e1rio de Arrecada\u00e7\u00e3o, Cadastros e Atendimento da Receita<\/span><span class=\"NormalTextRun SCXW153866068 BCX0\"> Federal<\/span><span class=\"NormalTextRun SCXW153866068 BCX0\">, M\u00e1rio <\/span><span class=\"NormalTextRun SCXW153866068 BCX0\">Dehon<\/span><span class=\"NormalTextRun SCXW153866068 BCX0\">, o destaque para esse ano \u00e9 o maior volume de dados que ser\u00e3o disponibilizados na declara\u00e7\u00e3o <\/span><span class=\"NormalTextRun SpellingErrorV2Themed SCXW153866068 BCX0\">pr\u00e9<\/span><span class=\"NormalTextRun SCXW153866068 BCX0\">-preenchida. O recurso permite o preenchimento de quase toda a declara\u00e7\u00e3o de forma autom\u00e1tica.<\/span><\/span><span class=\"LineBreakBlob BlobObject DragDrop SCXW153866068 BCX0\"><span class=\"SCXW153866068 BCX0\">\u00a0<\/span><br class=\"SCXW153866068 BCX0\"\/><\/span><span class=\"LineBreakBlob BlobObject DragDrop SCXW153866068 BCX0\"><span class=\"SCXW153866068 BCX0\">\u00a0<\/span><br class=\"SCXW153866068 BCX0\"\/><\/span><span class=\"TextRun SCXW153866068 BCX0\" lang=\"PT-BR\" xml:lang=\"PT-BR\" data-contrast=\"auto\"><span class=\"NormalTextRun SCXW153866068 BCX0\">Esse tipo de declara\u00e7\u00e3o ser\u00e1 <\/span><span class=\"NormalTextRun ContextualSpellingAndGrammarErrorV2Themed SCXW153866068 BCX0\">liberada<\/span><span class=\"NormalTextRun SCXW153866068 BCX0\"> somente para usu\u00e1rios com conta <\/span><span class=\"NormalTextRun ContextualSpellingAndGrammarErrorV2Themed SCXW153866068 BCX0\">Gov.<\/span><span class=\"NormalTextRun ContextualSpellingAndGrammarErrorV2Themed SCXW153866068 BCX0\">br<\/span><span class=\"NormalTextRun ContextualSpellingAndGrammarErrorV2Themed SCXW153866068 BCX0\">\u00a0<\/span><span class=\"NormalTextRun ContextualSpellingAndGrammarErrorV2Themed SCXW153866068 BCX0\"> ouro<\/span><span class=\"NormalTextRun SCXW153866068 BCX0\"> e prata, que representa 75% dos declarantes do IR neste ano.<\/span> <span class=\"NormalTextRun SCXW153866068 BCX0\">\u00c9 bom lembrar que o contribuinte \u00e9 respons\u00e1vel pela atualiza\u00e7\u00e3o das informa\u00e7\u00f5es e que, apesar de reduzir a incid\u00eancia na malha fiscal, esse formato n\u00e3o \u00e9 garantia de que isso n\u00e3o ocorra. <\/span><span class=\"NormalTextRun SCXW153866068 BCX0\">Portanto, \u00e9 essencial que o contribuinte verifique as informa\u00e7\u00f5es.<\/span> <\/span><span class=\"LineBreakBlob BlobObject DragDrop SCXW153866068 BCX0\"><span class=\"SCXW153866068 BCX0\">\u00a0<\/span><br class=\"SCXW153866068 BCX0\"\/><\/span><span class=\"LineBreakBlob BlobObject DragDrop SCXW153866068 BCX0\"><span class=\"SCXW153866068 BCX0\">\u00a0<\/span><br class=\"SCXW153866068 BCX0\"\/><\/span><span class=\"LineBreakBlob BlobObject DragDrop SCXW153866068 BCX0\"><br class=\"SCXW153866068 BCX0\"\/><\/span><span class=\"LineBreakBlob BlobObject DragDrop SCXW153866068 BCX0\"><br class=\"SCXW153866068 BCX0\"\/><\/span><\/p>\n<\/div>\n<p><script async src=\"\/\/platform.twitter.com\/widgets.js\" charset=\"utf-8\"><\/script><br \/>\n<br \/><br \/>\n<br \/><a href=\"https:\/\/www.tribunaribeirao.com.br\/site\/receita-comeca-a-receber-o-ir\/\">Source link <\/a><\/p>\n<!-- CONTENT END 1 -->\n","protected":false},"excerpt":{"rendered":"<p>15 de mar\u00e7o de 2024 | 9:0014 de mar\u00e7o de 2024 | 20:09 0 A Receita Federal abre nesta sexta-feira, 15 de mar\u00e7o, a partir&#8230;<\/p>\n","protected":false},"author":1,"featured_media":42544,"comment_status":"open","ping_status":"open","sticky":false,"template":"","format":"standard","meta":{"advanced_seo_description":"","jetpack_seo_html_title":"","jetpack_seo_noindex":false,"jetpack_post_was_ever_published":false,"_jetpack_newsletter_access":"","_jetpack_dont_email_post_to_subs":false,"_jetpack_newsletter_tier_id":0,"_jetpack_memberships_contains_paywalled_content":false,"_jetpack_memberships_contains_paid_content":false,"footnotes":"","jetpack_publicize_message":"","jetpack_publicize_feature_enabled":true,"jetpack_social_post_already_shared":true,"jetpack_social_options":{"image_generator_settings":{"template":"highway","default_image_id":0,"font":"","enabled":false},"version":2}},"categories":[11],"tags":[5046,1359,1131],"class_list":["post-42543","post","type-post","status-publish","format-standard","has-post-thumbnail","hentry","category-noticias-de-ribeirao-preto-sp-e-regiao-ismael-colosi","tag-comecaa","tag-receber","tag-receita"],"jetpack_publicize_connections":[],"jetpack_featured_media_url":"https:\/\/i0.wp.com\/noticiasribeiraopreto.com.br\/wp-content\/uploads\/2024\/03\/LeaoIR-Joedson-Alves-Ag.Br_-scaled.jpg?fit=1000%2C598&ssl=1","jetpack-related-posts":[{"id":64900,"url":"https:\/\/noticiasribeiraopreto.com.br\/index.php\/2025\/03\/13\/receita-federal-inicia-prazo-para-declaracao-do-irpf-2025-no-dia-17-de-marco\/","url_meta":{"origin":42543,"position":0},"title":"Receita Federal inicia prazo para declara\u00e7\u00e3o do IRPF 2025 no dia 17 de mar\u00e7o","author":"noticiasribeiraopreto.com.br","date":"13 de March de 2025","format":false,"excerpt":"A Receita Federal come\u00e7a a receber as declara\u00e7\u00f5es do Imposto de Renda Pessoa F\u00edsica 2025 a partir de 17 de mar\u00e7o. O prazo vai at\u00e9 30 de abril, e este ano, o IR traz algumas atualiza\u00e7\u00f5es, incluindo novas faixas de isen\u00e7\u00e3o, simplifica\u00e7\u00f5es no preenchimento e ajustes na restitui\u00e7\u00e3o. Quem tiver\u2026","rel":"","context":"In &quot;Not\u00edcias de Ribeir\u00e3o Preto-SP e Regi\u00e3o&quot;","block_context":{"text":"Not\u00edcias de Ribeir\u00e3o Preto-SP e Regi\u00e3o","link":"https:\/\/noticiasribeiraopreto.com.br\/index.php\/category\/noticias-de-ribeirao-preto-sp-e-regiao-ismael-colosi\/"},"img":{"alt_text":"","src":"https:\/\/i0.wp.com\/noticiasribeiraopreto.com.br\/wp-content\/uploads\/2024\/10\/real_moeda_dinheiro_mcajr_2904223667.webp.webp?fit=1170%2C700&ssl=1&resize=350%2C200","width":350,"height":200,"srcset":"https:\/\/i0.wp.com\/noticiasribeiraopreto.com.br\/wp-content\/uploads\/2024\/10\/real_moeda_dinheiro_mcajr_2904223667.webp.webp?fit=1170%2C700&ssl=1&resize=350%2C200 1x, https:\/\/i0.wp.com\/noticiasribeiraopreto.com.br\/wp-content\/uploads\/2024\/10\/real_moeda_dinheiro_mcajr_2904223667.webp.webp?fit=1170%2C700&ssl=1&resize=525%2C300 1.5x, https:\/\/i0.wp.com\/noticiasribeiraopreto.com.br\/wp-content\/uploads\/2024\/10\/real_moeda_dinheiro_mcajr_2904223667.webp.webp?fit=1170%2C700&ssl=1&resize=700%2C400 2x, https:\/\/i0.wp.com\/noticiasribeiraopreto.com.br\/wp-content\/uploads\/2024\/10\/real_moeda_dinheiro_mcajr_2904223667.webp.webp?fit=1170%2C700&ssl=1&resize=1050%2C600 3x"},"classes":[]},{"id":41929,"url":"https:\/\/noticiasribeiraopreto.com.br\/index.php\/2024\/03\/12\/376958-2\/","url_meta":{"origin":42543,"position":1},"title":"Receita antecipa libera\u00e7\u00e3o de programa do IR 2024","author":"noticiasribeiraopreto.com.br","date":"12 de March de 2024","format":false,"excerpt":"12 de mar\u00e7o de 2024 | 8:3011 de mar\u00e7o de 2024 | 18:40 0O contribuinte que quiser preencher antecipadamente a Declara\u00e7\u00e3o do Imposto de Renda Pessoa F\u00edsica 2024 poder\u00e1 baixar o programa gerador a partir desta ter\u00e7a-feira (12). A Receita Federal antecipou a libera\u00e7\u00e3o do programa, que inicialmente s\u00f3 seria\u2026","rel":"","context":"In &quot;Not\u00edcias de Ribeir\u00e3o Preto-SP e Regi\u00e3o&quot;","block_context":{"text":"Not\u00edcias de Ribeir\u00e3o Preto-SP e Regi\u00e3o","link":"https:\/\/noticiasribeiraopreto.com.br\/index.php\/category\/noticias-de-ribeirao-preto-sp-e-regiao-ismael-colosi\/"},"img":{"alt_text":"","src":"https:\/\/i0.wp.com\/noticiasribeiraopreto.com.br\/wp-content\/uploads\/2024\/03\/1-LeaoIR-Marcello-Casal-Jr.-Ag.Br_.jpg?fit=675%2C450&ssl=1&resize=350%2C200","width":350,"height":200,"srcset":"https:\/\/i0.wp.com\/noticiasribeiraopreto.com.br\/wp-content\/uploads\/2024\/03\/1-LeaoIR-Marcello-Casal-Jr.-Ag.Br_.jpg?fit=675%2C450&ssl=1&resize=350%2C200 1x, https:\/\/i0.wp.com\/noticiasribeiraopreto.com.br\/wp-content\/uploads\/2024\/03\/1-LeaoIR-Marcello-Casal-Jr.-Ag.Br_.jpg?fit=675%2C450&ssl=1&resize=525%2C300 1.5x"},"classes":[]},{"id":41054,"url":"https:\/\/noticiasribeiraopreto.com.br\/index.php\/2024\/03\/06\/receita-divulga-regras-para-irpf-2024-confira-prazos-e-limites\/","url_meta":{"origin":42543,"position":2},"title":"Receita divulga regras para IRPF 2024; confira prazos e limites","author":"noticiasribeiraopreto.com.br","date":"6 de March de 2024","format":false,"excerpt":"6 de mar\u00e7o de 2024 | 14:306 de mar\u00e7o de 2024 | 13:57 0O prazo de entrega do Imposto de Renda Pessoa F\u00edsica (IRPF) em 2024 come\u00e7a em 15 de mar\u00e7o e vai at\u00e9 31 de maio. A Receita Federal divulgou hoje (6) as regras para a declara\u00e7\u00e3o do IRPF,\u2026","rel":"","context":"In &quot;Not\u00edcias de Ribeir\u00e3o Preto-SP e Regi\u00e3o&quot;","block_context":{"text":"Not\u00edcias de Ribeir\u00e3o Preto-SP e Regi\u00e3o","link":"https:\/\/noticiasribeiraopreto.com.br\/index.php\/category\/noticias-de-ribeirao-preto-sp-e-regiao-ismael-colosi\/"},"img":{"alt_text":"","src":"https:\/\/i0.wp.com\/noticiasribeiraopreto.com.br\/wp-content\/uploads\/2024\/03\/imposto-de-renda-scaled.jpg?fit=1000%2C598&ssl=1&resize=350%2C200","width":350,"height":200,"srcset":"https:\/\/i0.wp.com\/noticiasribeiraopreto.com.br\/wp-content\/uploads\/2024\/03\/imposto-de-renda-scaled.jpg?fit=1000%2C598&ssl=1&resize=350%2C200 1x, https:\/\/i0.wp.com\/noticiasribeiraopreto.com.br\/wp-content\/uploads\/2024\/03\/imposto-de-renda-scaled.jpg?fit=1000%2C598&ssl=1&resize=525%2C300 1.5x, https:\/\/i0.wp.com\/noticiasribeiraopreto.com.br\/wp-content\/uploads\/2024\/03\/imposto-de-renda-scaled.jpg?fit=1000%2C598&ssl=1&resize=700%2C400 2x"},"classes":[]},{"id":60421,"url":"https:\/\/noticiasribeiraopreto.com.br\/index.php\/2024\/11\/13\/ribeirao-preto-recebe-show-da-turne-comemorativa-do-acustico-do-capital-inicial\/","url_meta":{"origin":42543,"position":3},"title":"Ribeir\u00e3o Preto recebe show da turn\u00ea comemorativa do ac\u00fastico do Capital Inicial","author":"noticiasribeiraopreto.com.br","date":"13 de November de 2024","format":false,"excerpt":"A banda Capital Inicial anunciou uma turn\u00ea em comemora\u00e7\u00e3o aos 25 anos do seu \u00e1lbum mais conhecido, o \u201cAc\u00fastico MTV\u201d. Ribeir\u00e3o Preto ser\u00e1 a terceira cidade a receber a turn\u00ea comemorativa, com show marcado para o dia 22 de mar\u00e7o de 2025. O local ainda n\u00e3o foi divulgado.. O an\u00fancio\u2026","rel":"","context":"In &quot;Not\u00edcias de Ribeir\u00e3o Preto-SP e Regi\u00e3o&quot;","block_context":{"text":"Not\u00edcias de Ribeir\u00e3o Preto-SP e Regi\u00e3o","link":"https:\/\/noticiasribeiraopreto.com.br\/index.php\/category\/noticias-de-ribeirao-preto-sp-e-regiao-ismael-colosi\/"},"img":{"alt_text":"","src":"https:\/\/i0.wp.com\/noticiasribeiraopreto.com.br\/wp-content\/uploads\/2024\/11\/foto_-Fernando-Schlaepfer_2024-11-13_15-07-26_jpg_2024-11-13_15-07-27.webp.webp?fit=1200%2C750&ssl=1&resize=350%2C200","width":350,"height":200,"srcset":"https:\/\/i0.wp.com\/noticiasribeiraopreto.com.br\/wp-content\/uploads\/2024\/11\/foto_-Fernando-Schlaepfer_2024-11-13_15-07-26_jpg_2024-11-13_15-07-27.webp.webp?fit=1200%2C750&ssl=1&resize=350%2C200 1x, https:\/\/i0.wp.com\/noticiasribeiraopreto.com.br\/wp-content\/uploads\/2024\/11\/foto_-Fernando-Schlaepfer_2024-11-13_15-07-26_jpg_2024-11-13_15-07-27.webp.webp?fit=1200%2C750&ssl=1&resize=525%2C300 1.5x, https:\/\/i0.wp.com\/noticiasribeiraopreto.com.br\/wp-content\/uploads\/2024\/11\/foto_-Fernando-Schlaepfer_2024-11-13_15-07-26_jpg_2024-11-13_15-07-27.webp.webp?fit=1200%2C750&ssl=1&resize=700%2C400 2x, https:\/\/i0.wp.com\/noticiasribeiraopreto.com.br\/wp-content\/uploads\/2024\/11\/foto_-Fernando-Schlaepfer_2024-11-13_15-07-26_jpg_2024-11-13_15-07-27.webp.webp?fit=1200%2C750&ssl=1&resize=1050%2C600 3x"},"classes":[]},{"id":43456,"url":"https:\/\/noticiasribeiraopreto.com.br\/index.php\/2024\/03\/21\/receita-abre-consulta-a-lote-residual-de-restituicao-do-ir-3\/","url_meta":{"origin":42543,"position":4},"title":"Receita abre consulta a lote residual de restitui\u00e7\u00e3o do IR","author":"noticiasribeiraopreto.com.br","date":"21 de March de 2024","format":false,"excerpt":"21 de mar\u00e7o de 2024 | 12:0421 de mar\u00e7o de 2024 | 11:06 0A Receita Federal abriu nesta quinta-feira (21) consulta a mais um lote residual do Imposto de Renda Pessoa F\u00edsica. Cerca de 206 mil contribuintes que haviam ca\u00eddo na malha fina e acertaram as contas com o Fisco\u2026","rel":"","context":"In &quot;Not\u00edcias de Ribeir\u00e3o Preto-SP e Regi\u00e3o&quot;","block_context":{"text":"Not\u00edcias de Ribeir\u00e3o Preto-SP e Regi\u00e3o","link":"https:\/\/noticiasribeiraopreto.com.br\/index.php\/category\/noticias-de-ribeirao-preto-sp-e-regiao-ismael-colosi\/"},"img":{"alt_text":"","src":"https:\/\/i0.wp.com\/noticiasribeiraopreto.com.br\/wp-content\/uploads\/2024\/03\/receita-scaled.jpg?fit=1000%2C598&ssl=1&resize=350%2C200","width":350,"height":200,"srcset":"https:\/\/i0.wp.com\/noticiasribeiraopreto.com.br\/wp-content\/uploads\/2024\/03\/receita-scaled.jpg?fit=1000%2C598&ssl=1&resize=350%2C200 1x, https:\/\/i0.wp.com\/noticiasribeiraopreto.com.br\/wp-content\/uploads\/2024\/03\/receita-scaled.jpg?fit=1000%2C598&ssl=1&resize=525%2C300 1.5x, https:\/\/i0.wp.com\/noticiasribeiraopreto.com.br\/wp-content\/uploads\/2024\/03\/receita-scaled.jpg?fit=1000%2C598&ssl=1&resize=700%2C400 2x"},"classes":[]},{"id":40841,"url":"https:\/\/noticiasribeiraopreto.com.br\/index.php\/2024\/03\/05\/receita-federal-e-casa-do-contabilista-ministram-palestra-sobre-aumento-das-destinacoes-do-imposto-de-renda\/","url_meta":{"origin":42543,"position":5},"title":"Receita Federal e Casa do Contabilista ministram palestra sobre aumento das destina\u00e7\u00f5es do IR","author":"noticiasribeiraopreto.com.br","date":"5 de March de 2024","format":false,"excerpt":"5 de mar\u00e7o de 2024 | 15:585 de mar\u00e7o de 2024 | 16:04 0A Delegacia da Receita Federal em Ribeir\u00e3o Preto e a Casa do Contabilista de Ribeir\u00e3o Preto realizaram, na manh\u00e3 desta ter\u00e7a-feira (05\/03), no edif\u00edcio da Receita Federal, palestra para divulga\u00e7\u00e3o de campanha para incremento das destina\u00e7\u00f5es de\u2026","rel":"","context":"In &quot;Not\u00edcias de Ribeir\u00e3o Preto-SP e Regi\u00e3o&quot;","block_context":{"text":"Not\u00edcias de Ribeir\u00e3o Preto-SP e Regi\u00e3o","link":"https:\/\/noticiasribeiraopreto.com.br\/index.php\/category\/noticias-de-ribeirao-preto-sp-e-regiao-ismael-colosi\/"},"img":{"alt_text":"","src":"https:\/\/i0.wp.com\/noticiasribeiraopreto.com.br\/wp-content\/uploads\/2024\/03\/WhatsApp-Image-2024-03-05-at-11.03.47-scaled.jpeg?fit=860%2C645&ssl=1&resize=350%2C200","width":350,"height":200,"srcset":"https:\/\/i0.wp.com\/noticiasribeiraopreto.com.br\/wp-content\/uploads\/2024\/03\/WhatsApp-Image-2024-03-05-at-11.03.47-scaled.jpeg?fit=860%2C645&ssl=1&resize=350%2C200 1x, https:\/\/i0.wp.com\/noticiasribeiraopreto.com.br\/wp-content\/uploads\/2024\/03\/WhatsApp-Image-2024-03-05-at-11.03.47-scaled.jpeg?fit=860%2C645&ssl=1&resize=525%2C300 1.5x, https:\/\/i0.wp.com\/noticiasribeiraopreto.com.br\/wp-content\/uploads\/2024\/03\/WhatsApp-Image-2024-03-05-at-11.03.47-scaled.jpeg?fit=860%2C645&ssl=1&resize=700%2C400 2x"},"classes":[]}],"jetpack_sharing_enabled":true,"jetpack_shortlink":"https:\/\/wp.me\/peQAOb-b4b","_links":{"self":[{"href":"https:\/\/noticiasribeiraopreto.com.br\/index.php\/wp-json\/wp\/v2\/posts\/42543","targetHints":{"allow":["GET"]}}],"collection":[{"href":"https:\/\/noticiasribeiraopreto.com.br\/index.php\/wp-json\/wp\/v2\/posts"}],"about":[{"href":"https:\/\/noticiasribeiraopreto.com.br\/index.php\/wp-json\/wp\/v2\/types\/post"}],"author":[{"embeddable":true,"href":"https:\/\/noticiasribeiraopreto.com.br\/index.php\/wp-json\/wp\/v2\/users\/1"}],"replies":[{"embeddable":true,"href":"https:\/\/noticiasribeiraopreto.com.br\/index.php\/wp-json\/wp\/v2\/comments?post=42543"}],"version-history":[{"count":0,"href":"https:\/\/noticiasribeiraopreto.com.br\/index.php\/wp-json\/wp\/v2\/posts\/42543\/revisions"}],"wp:featuredmedia":[{"embeddable":true,"href":"https:\/\/noticiasribeiraopreto.com.br\/index.php\/wp-json\/wp\/v2\/media\/42544"}],"wp:attachment":[{"href":"https:\/\/noticiasribeiraopreto.com.br\/index.php\/wp-json\/wp\/v2\/media?parent=42543"}],"wp:term":[{"taxonomy":"category","embeddable":true,"href":"https:\/\/noticiasribeiraopreto.com.br\/index.php\/wp-json\/wp\/v2\/categories?post=42543"},{"taxonomy":"post_tag","embeddable":true,"href":"https:\/\/noticiasribeiraopreto.com.br\/index.php\/wp-json\/wp\/v2\/tags?post=42543"}],"curies":[{"name":"wp","href":"https:\/\/api.w.org\/{rel}","templated":true}]}}