{"id":42551,"date":"2024-03-15T10:36:34","date_gmt":"2024-03-15T13:36:34","guid":{"rendered":"https:\/\/noticiasribeiraopreto.com.br\/index.php\/2024\/03\/15\/camara-amplia-isencao-do-ir\/"},"modified":"2024-03-15T10:36:34","modified_gmt":"2024-03-15T13:36:34","slug":"camara-amplia-isencao-do-ir","status":"publish","type":"post","link":"https:\/\/noticiasribeiraopreto.com.br\/index.php\/2024\/03\/15\/camara-amplia-isencao-do-ir\/","title":{"rendered":"C\u00e2mara amplia isen\u00e7\u00e3o do IR\u00a0"},"content":{"rendered":"<div class='code-block code-block-1' style='margin: 8px 0 8px auto; text-align: right; display: block; clear: both;'>\n<p><a href=\"https:\/\/wa.link\/vpicfd\"><img data-recalc-dims=\"1\" class=\"wp-image-4922\" style=\"aspect-ratio: 2.0253164556962027; width: 561px; height: auto;\" src=\"https:\/\/i0.wp.com\/ismaelcolosi.com.br\/wp-content\/uploads\/2023\/11\/grupo-de-empregos-whatsapp-e-facebook-ismael-colosi-vagas.jpg?ssl=1\" alt=\"\" \/><\/a><\/p>\n<!-- \/wp:image -->\n<\/div>\n<p> <br \/>\n<\/p>\n<div id=\"\">\n<p> <span class=\"entry-meta-item penci-posted-on\"><i class=\"fa fa-clock-o\"\/><time class=\"entry-date published\" datetime=\"2024-03-15T10:00:45-03:00\">15 de mar\u00e7o de 2024 | 10:00<\/time><time class=\"updated\" datetime=\"2024-03-14T20:15:05-03:00\">14 de mar\u00e7o de 2024 | 20:15<\/time><\/span><\/p>\n<p> <span class=\"penci-social-buttons penci-social-share-footer\"><a href=\"#\" class=\"penci-post-like penci_post-meta_item  single-like-button penci-social-item like\" data-post_id=\"377441\" title=\"Like\" data-like=\"Like\" data-unlike=\"Unlike\"><i class=\"fa fa-thumbs-o-up\"\/><span class=\"penci-share-number\">0<\/span><\/a><i class=\"fa fa-facebook\"\/><a class=\"penci-social-item twitter\" target=\"_blank\" rel=\"noopener\" title=\"\" href=\"https:\/\/twitter.com\/intent\/tweet?text=C\u00e2mara%20amplia%20isen\u00e7\u00e3o%20do%20IR\u00a0%20-%20https:\/\/www.tribunaribeirao.com.br\/site\/camara-amplia-isencao-do-ir\/\"><i class=\"fa fa-twitter\"\/><\/a><i class=\"fa fa-whatsapp\"\/><\/span><\/div>\n<div>\n<p><span class=\"TextRun SCXW153866068 BCX0\" lang=\"PT-BR\" xml:lang=\"PT-BR\" data-contrast=\"auto\"><span class=\"NormalTextRun SCXW153866068 BCX0\">A C\u00e2mara aprovou na ter\u00e7a-feira<\/span><span class=\"NormalTextRun SCXW153866068 BCX0\"> (12) <\/span><span class=\"NormalTextRun SCXW153866068 BCX0\">projeto de lei que amplia a faixa de isen\u00e7\u00e3o da cobran\u00e7a do Imposto de Renda para beneficiar quem ganha at\u00e9 dois <\/span><span class=\"NormalTextRun ContextualSpellingAndGrammarErrorV2Themed SCXW153866068 BCX0\">sal\u00e1rios m\u00ednimos<\/span><span class=\"NormalTextRun SCXW153866068 BCX0\">, o que hoje equivale a R$ 2.824 por m\u00eas. A nova tabela isenta 15,8 milh\u00f5es de brasileiros do IR, segundo o Minist\u00e9rio da Fazenda. <\/span><\/span><span class=\"LineBreakBlob BlobObject DragDrop SCXW153866068 BCX0\"><span class=\"SCXW153866068 BCX0\">\u00a0<\/span><br class=\"SCXW153866068 BCX0\"\/><\/span><span class=\"LineBreakBlob BlobObject DragDrop SCXW153866068 BCX0\"><span class=\"SCXW153866068 BCX0\">\u00a0<\/span><br class=\"SCXW153866068 BCX0\"\/><\/span><span class=\"TextRun SCXW153866068 BCX0\" lang=\"PT-BR\" xml:lang=\"PT-BR\" data-contrast=\"auto\"><span class=\"NormalTextRun SCXW153866068 BCX0\">A pasta estima uma redu\u00e7\u00e3o de receitas de R$ 3,03 bilh\u00f5es, em 2024; de R$ 3,53 bilh\u00f5es, em 2025; e de R$ 3,77 bilh\u00f5es em 2026.<\/span> <span class=\"NormalTextRun SCXW153866068 BCX0\">Lula tem reafirmado a promessa feita na campanha eleitoral de 2022 de que, at\u00e9 o fim de seu mandato, isentar\u00e1 de IR quem ganha at\u00e9 R$ 5 mil mensais.<\/span><\/span><span class=\"LineBreakBlob BlobObject DragDrop SCXW153866068 BCX0\"><span class=\"SCXW153866068 BCX0\">\u00a0<\/span><br class=\"SCXW153866068 BCX0\"\/><\/span><span class=\"LineBreakBlob BlobObject DragDrop SCXW153866068 BCX0\"><span class=\"SCXW153866068 BCX0\">\u00a0<\/span><br class=\"SCXW153866068 BCX0\"\/><\/span><span class=\"TextRun SCXW153866068 BCX0\" lang=\"PT-BR\" xml:lang=\"PT-BR\" data-contrast=\"auto\"><span class=\"NormalTextRun SCXW153866068 BCX0\">Restitui\u00e7\u00f5es \u2013 <\/span><\/span><span class=\"TextRun SCXW153866068 BCX0\" lang=\"PT-BR\" xml:lang=\"PT-BR\" data-contrast=\"auto\"><span class=\"NormalTextRun SCXW153866068 BCX0\">Em rela\u00e7\u00e3o aos lotes de restitui\u00e7\u00e3o tamb\u00e9m n\u00e3o houve altera\u00e7\u00e3o nas datas<\/span><span class=\"NormalTextRun SCXW153866068 BCX0\">. Ser\u00e3o cinco. O <\/span><span class=\"NormalTextRun SCXW153866068 BCX0\">primeiro <\/span><span class=\"NormalTextRun SCXW153866068 BCX0\">ser\u00e1 creditado em <\/span><span class=\"NormalTextRun SCXW153866068 BCX0\">31 de maio<\/span><span class=\"NormalTextRun SCXW153866068 BCX0\">, o segundo em <\/span><span class=\"NormalTextRun SCXW153866068 BCX0\">28 de junho<\/span><span class=\"NormalTextRun SCXW153866068 BCX0\">, o <\/span><span class=\"NormalTextRun SCXW153866068 BCX0\">terceiro <\/span><span class=\"NormalTextRun SCXW153866068 BCX0\">em <\/span><span class=\"NormalTextRun SCXW153866068 BCX0\">31 de julho<\/span><span class=\"NormalTextRun SCXW153866068 BCX0\">, o <\/span><span class=\"NormalTextRun SCXW153866068 BCX0\">quarto <\/span><span class=\"NormalTextRun SCXW153866068 BCX0\">em <\/span><span class=\"NormalTextRun SCXW153866068 BCX0\">30 de agosto e<\/span><span class=\"NormalTextRun SCXW153866068 BCX0\"> o <\/span><span class=\"NormalTextRun SCXW153866068 BCX0\">quinto e \u00faltimo <\/span><span class=\"NormalTextRun SCXW153866068 BCX0\">em <\/span><span class=\"NormalTextRun SCXW153866068 BCX0\">30 de setembro.<\/span> <span class=\"NormalTextRun SCXW153866068 BCX0\">A consulta pode ser feita na p\u00e1gina da internet da Receita Federal e <\/span><span class=\"NormalTextRun SCXW153866068 BCX0\">em seus <\/span><span class=\"NormalTextRun SCXW153866068 BCX0\">apps<\/span><span class=\"NormalTextRun SCXW153866068 BCX0\">.<\/span> <\/span><span class=\"LineBreakBlob BlobObject DragDrop SCXW153866068 BCX0\"><span class=\"SCXW153866068 BCX0\">\u00a0<\/span><br class=\"SCXW153866068 BCX0\"\/><\/span><span class=\"LineBreakBlob BlobObject DragDrop SCXW153866068 BCX0\"><span class=\"SCXW153866068 BCX0\">\u00a0<\/span><br class=\"SCXW153866068 BCX0\"\/><\/span><span class=\"TextRun SCXW153866068 BCX0\" lang=\"PT-BR\" xml:lang=\"PT-BR\" data-contrast=\"auto\"><span class=\"NormalTextRun SCXW153866068 BCX0\">A ordem de prioridade para a restitui\u00e7\u00e3o \u00e9 a seguinte: contribuintes idosos com idade igual ou superior a 80 anos; contribuintes idosos com idade igual\/superior a 60 anos, pessoas com defici\u00eancia e portadores de mol\u00e9stia grave; contribuintes cuja maior fonte de renda seja o magist\u00e9rio; <\/span><span class=\"NormalTextRun SCXW153866068 BCX0\">contribuintes que utilizaram a <\/span><span class=\"NormalTextRun SpellingErrorV2Themed SCXW153866068 BCX0\">pr\u00e9<\/span><span class=\"NormalTextRun SCXW153866068 BCX0\">-preenchida e\/ou<\/span><span class=\"NormalTextRun SCXW153866068 BCX0\"> optaram por receber a restitui\u00e7\u00e3o por PIX; e demais contribuintes.<\/span><\/span><span class=\"LineBreakBlob BlobObject DragDrop SCXW153866068 BCX0\"><span class=\"SCXW153866068 BCX0\">\u00a0<\/span><br class=\"SCXW153866068 BCX0\"\/><\/span><span class=\"LineBreakBlob BlobObject DragDrop SCXW153866068 BCX0\"><span class=\"SCXW153866068 BCX0\">\u00a0<\/span><br class=\"SCXW153866068 BCX0\"\/><\/span><span class=\"TextRun SCXW153866068 BCX0\" lang=\"PT-BR\" xml:lang=\"PT-BR\" data-contrast=\"auto\"><span class=\"NormalTextRun SCXW153866068 BCX0\">Os crit\u00e9rios para desempate na entrega, dentro de cada prioridade, s\u00e3o os seguintes: data de entrega das declara\u00e7\u00f5es; declara\u00e7\u00f5es sem pend\u00eancias devem ter as restitui\u00e7\u00f5es pagas at\u00e9 o \u00faltimo lote de 30 de setembro. \u00c9 bom lembrar que a forma\u00e7\u00e3o dos lotes de restitui\u00e7\u00e3o depende dos valores repassados pelo Tesouro.<\/span><\/span><span class=\"LineBreakBlob BlobObject DragDrop SCXW153866068 BCX0\"><span class=\"SCXW153866068 BCX0\">\u00a0<\/span><br class=\"SCXW153866068 BCX0\"\/><\/span><span class=\"LineBreakBlob BlobObject DragDrop SCXW153866068 BCX0\"><span class=\"SCXW153866068 BCX0\">\u00a0<\/span><br class=\"SCXW153866068 BCX0\"\/><\/span><span class=\"TextRun SCXW153866068 BCX0\" lang=\"PT-BR\" xml:lang=\"PT-BR\" data-contrast=\"auto\"><span class=\"NormalTextRun SCXW153866068 BCX0\"><strong>Balan\u00e7o<\/strong> \u2013 <\/span><\/span><span class=\"TextRun SCXW153866068 BCX0\" lang=\"PT-BR\" xml:lang=\"PT-BR\" data-contrast=\"auto\"><span class=\"NormalTextRun SCXW153866068 BCX0\">N<\/span><span class=\"NormalTextRun SCXW153866068 BCX0\">o ano passado, 220.344 contribuintes de Ribeir\u00e3o Preto declararam o <\/span><span class=\"NormalTextRun SCXW153866068 BCX0\">IRPF <\/span><span class=\"NormalTextRun SCXW153866068 BCX0\">dentro do prazo, 2,72% acima do total estimado. Eram esperadas 214.512 declara\u00e7\u00f5es. Por\u00e9m, mais 5.832 pessoas <\/span><span class=\"NormalTextRun SCXW153866068 BCX0\">prestaram contas <\/span><span class=\"NormalTextRun SCXW153866068 BCX0\">na cidade. <\/span><span class=\"NormalTextRun SCXW153866068 BCX0\">S<\/span><span class=\"NormalTextRun SCXW153866068 BCX0\">uperou o total de 2022, de 198.914, em 21.430 <\/span><\/span><span class=\"TextRun SCXW153866068 BCX0\" lang=\"PT-BR\" xml:lang=\"PT-BR\" data-contrast=\"none\"><span class=\"NormalTextRun SCXW153866068 BCX0\">documentos, alta de 10,8%. <\/span><\/span><span class=\"LineBreakBlob BlobObject DragDrop SCXW153866068 BCX0\"><span class=\"SCXW153866068 BCX0\">\u00a0<\/span><br class=\"SCXW153866068 BCX0\"\/><\/span><span class=\"LineBreakBlob BlobObject DragDrop SCXW153866068 BCX0\"><span class=\"SCXW153866068 BCX0\">\u00a0<\/span><br class=\"SCXW153866068 BCX0\"\/><\/span><span class=\"TextRun SCXW153866068 BCX0\" lang=\"PT-BR\" xml:lang=\"PT-BR\" data-contrast=\"auto\"><span class=\"NormalTextRun SCXW153866068 BCX0\">No estado de S\u00e3o Paulo, 13.001.585 pessoas entregaram a declara\u00e7\u00e3o, 4% <\/span><span class=\"NormalTextRun SCXW153866068 BCX0\">acima do total esperado, de 12.500.000, 501.585 a mais<\/span><\/span><span class=\"TextRun SCXW153866068 BCX0\" lang=\"PT-BR\" xml:lang=\"PT-BR\" data-contrast=\"none\"><span class=\"NormalTextRun SCXW153866068 BCX0\">. Tamb\u00e9m passou os 11.574.374 documentos do ano anterior, 1.427.211 a mais e alta de 12,3%<\/span><span class=\"NormalTextRun SCXW153866068 BCX0\">, segundo a Receita Federal<\/span><span class=\"NormalTextRun SCXW153866068 BCX0\">. <\/span><\/span><span class=\"LineBreakBlob BlobObject DragDrop SCXW153866068 BCX0\"><span class=\"SCXW153866068 BCX0\">\u00a0<\/span><br class=\"SCXW153866068 BCX0\"\/><\/span><span class=\"LineBreakBlob BlobObject DragDrop SCXW153866068 BCX0\"><span class=\"SCXW153866068 BCX0\">\u00a0<\/span><br class=\"SCXW153866068 BCX0\"\/><\/span><span class=\"TextRun SCXW153866068 BCX0\" lang=\"PT-BR\" xml:lang=\"PT-BR\" data-contrast=\"none\"><span class=\"NormalTextRun SCXW153866068 BCX0\">Em todo o Brasil, 41.151.515 contribuintes prestaram contas com o Le\u00e3o dentro do prazo, 4,2% acima das 39.500.000 declara\u00e7\u00f5es previstas, 1.651.515 a mais. S\u00e3o 4.828.603 a mais que as 36.322.912 de 2022, <\/span><span class=\"NormalTextRun SCXW153866068 BCX0\">aumento<\/span><span class=\"NormalTextRun SCXW153866068 BCX0\"> de 13,3%, segundo a Receita Federal. <\/span><\/span><span class=\"LineBreakBlob BlobObject DragDrop SCXW153866068 BCX0\"><span class=\"SCXW153866068 BCX0\">\u00a0<\/span><\/span><\/p>\n<\/div>\n<p><script async src=\"\/\/platform.twitter.com\/widgets.js\" charset=\"utf-8\"><\/script><br \/>\n<br \/><br \/>\n<br \/><a href=\"https:\/\/www.tribunaribeirao.com.br\/site\/camara-amplia-isencao-do-ir\/\">Source link <\/a><\/p>\n<!-- CONTENT END 1 -->\n","protected":false},"excerpt":{"rendered":"<p>15 de mar\u00e7o de 2024 | 10:0014 de mar\u00e7o de 2024 | 20:15 0 A C\u00e2mara aprovou na ter\u00e7a-feira (12) projeto de lei que amplia&#8230;<\/p>\n","protected":false},"author":1,"featured_media":42552,"comment_status":"open","ping_status":"open","sticky":false,"template":"","format":"standard","meta":{"advanced_seo_description":"","jetpack_seo_html_title":"","jetpack_seo_noindex":false,"jetpack_post_was_ever_published":false,"_jetpack_newsletter_access":"","_jetpack_dont_email_post_to_subs":false,"_jetpack_newsletter_tier_id":0,"_jetpack_memberships_contains_paywalled_content":false,"_jetpack_memberships_contains_paid_content":false,"footnotes":"","jetpack_publicize_message":"","jetpack_publicize_feature_enabled":true,"jetpack_social_post_already_shared":true,"jetpack_social_options":{"image_generator_settings":{"template":"highway","default_image_id":0,"font":"","enabled":false},"version":2}},"categories":[11],"tags":[3448,154,1618],"class_list":["post-42551","post","type-post","status-publish","format-standard","has-post-thumbnail","hentry","category-noticias-de-ribeirao-preto-sp-e-regiao-ismael-colosi","tag-amplia","tag-camara","tag-isencao"],"jetpack_publicize_connections":[],"jetpack_featured_media_url":"https:\/\/i0.wp.com\/noticiasribeiraopreto.com.br\/wp-content\/uploads\/2024\/03\/1710509799_imposto-de-renda-scaled.jpg?fit=682%2C450&ssl=1","jetpack-related-posts":[{"id":39774,"url":"https:\/\/noticiasribeiraopreto.com.br\/index.php\/2024\/02\/28\/pec-que-amplia-isencao-para-igrejas-avanca-na-camara\/","url_meta":{"origin":42551,"position":0},"title":"PEC que amplia isen\u00e7\u00e3o para igrejas avan\u00e7a na C\u00e2mara","author":"noticiasribeiraopreto.com.br","date":"28 de February de 2024","format":false,"excerpt":"Uma comiss\u00e3o especial da C\u00e2mara dos Deputados aprovou nesta ter\u00e7a, 27, parecer de uma Proposta de Emenda \u00e0 Constitui\u00e7\u00e3o (PEC) que amplia a imunidade tribut\u00e1ria de entidades religiosas. De acordo com o relator, deputado Dr. Fernando M\u00e1ximo (Uni\u00e3o Brasil-RO), o texto final foi acertado com o governo do presidente Luiz\u2026","rel":"","context":"In &quot;Not\u00edcias de Ribeir\u00e3o Preto-SP e Regi\u00e3o&quot;","block_context":{"text":"Not\u00edcias de Ribeir\u00e3o Preto-SP e Regi\u00e3o","link":"https:\/\/noticiasribeiraopreto.com.br\/index.php\/category\/noticias-de-ribeirao-preto-sp-e-regiao-ismael-colosi\/"},"img":{"alt_text":"","src":"https:\/\/i0.wp.com\/noticiasribeiraopreto.com.br\/wp-content\/uploads\/2024\/02\/27022024-lula1760.jpg?fit=754%2C458&ssl=1&resize=350%2C200","width":350,"height":200,"srcset":"https:\/\/i0.wp.com\/noticiasribeiraopreto.com.br\/wp-content\/uploads\/2024\/02\/27022024-lula1760.jpg?fit=754%2C458&ssl=1&resize=350%2C200 1x, https:\/\/i0.wp.com\/noticiasribeiraopreto.com.br\/wp-content\/uploads\/2024\/02\/27022024-lula1760.jpg?fit=754%2C458&ssl=1&resize=525%2C300 1.5x, https:\/\/i0.wp.com\/noticiasribeiraopreto.com.br\/wp-content\/uploads\/2024\/02\/27022024-lula1760.jpg?fit=754%2C458&ssl=1&resize=700%2C400 2x"},"classes":[]},{"id":79686,"url":"https:\/\/noticiasribeiraopreto.com.br\/index.php\/2025\/11\/05\/isencao-do-ir-para-salarios-de-ate-r-5-mil-e-aprovada-no-senado\/","url_meta":{"origin":42551,"position":1},"title":"Isen\u00e7\u00e3o do IR para sal\u00e1rios de at\u00e9 R$ 5 mil \u00e9 aprovada no Senado","author":"noticiasribeiraopreto.com.br","date":"5 de November de 2025","format":false,"excerpt":"O Senado aprovou nesta quarta-feira (5) o projeto que amplia a faixa de isen\u00e7\u00e3o do Imposto de Renda para pessoas f\u00edsicas. O texto permite que quem recebe at\u00e9 R$ 5 mil mensais fique isento do pagamento do imposto. A proposta recebeu aprova\u00e7\u00e3o un\u00e2nime dos senadores e segue para san\u00e7\u00e3o do\u2026","rel":"","context":"In &quot;Not\u00edcias de Ribeir\u00e3o Preto-SP e Regi\u00e3o&quot;","block_context":{"text":"Not\u00edcias de Ribeir\u00e3o Preto-SP e Regi\u00e3o","link":"https:\/\/noticiasribeiraopreto.com.br\/index.php\/category\/noticias-de-ribeirao-preto-sp-e-regiao-ismael-colosi\/"},"img":{"alt_text":"","src":"https:\/\/i0.wp.com\/noticiasribeiraopreto.com.br\/wp-content\/uploads\/2025\/07\/dinheiro-fgts_2025-07-25_13-27-21.webp.webp?fit=1170%2C700&ssl=1&resize=350%2C200","width":350,"height":200,"srcset":"https:\/\/i0.wp.com\/noticiasribeiraopreto.com.br\/wp-content\/uploads\/2025\/07\/dinheiro-fgts_2025-07-25_13-27-21.webp.webp?fit=1170%2C700&ssl=1&resize=350%2C200 1x, https:\/\/i0.wp.com\/noticiasribeiraopreto.com.br\/wp-content\/uploads\/2025\/07\/dinheiro-fgts_2025-07-25_13-27-21.webp.webp?fit=1170%2C700&ssl=1&resize=525%2C300 1.5x, https:\/\/i0.wp.com\/noticiasribeiraopreto.com.br\/wp-content\/uploads\/2025\/07\/dinheiro-fgts_2025-07-25_13-27-21.webp.webp?fit=1170%2C700&ssl=1&resize=700%2C400 2x, https:\/\/i0.wp.com\/noticiasribeiraopreto.com.br\/wp-content\/uploads\/2025\/07\/dinheiro-fgts_2025-07-25_13-27-21.webp.webp?fit=1170%2C700&ssl=1&resize=1050%2C600 3x"},"classes":[]},{"id":65674,"url":"https:\/\/noticiasribeiraopreto.com.br\/index.php\/2025\/03\/23\/brasil-aprova-isencao-de-visto-para-turistas-dos-eua-australia-e-canada-impactos-e-expectativas-para-o-turismo\/","url_meta":{"origin":42551,"position":2},"title":"Brasil aprova isen\u00e7\u00e3o de visto para turistas dos EUA, Austr\u00e1lia e Canad\u00e1: Impactos e expectativas para o turismo","author":"noticiasribeiraopreto.com.br","date":"23 de March de 2025","format":false,"excerpt":"Em uma decis\u00e3o que pode transformar o cen\u00e1rio tur\u00edstico nacional, o Senado Federal aprovou, em 19 de mar\u00e7o de 2025, o Projeto de Decreto Legislativo (PDL) 206\/23, que susta o decreto presidencial de 2023 que exigia visto de entrada para cidad\u00e3os dos Estados Unidos, Austr\u00e1lia e Canad\u00e1. A medida visa\u2026","rel":"","context":"In &quot;Not\u00edcias de Ribeir\u00e3o Preto-SP e Regi\u00e3o&quot;","block_context":{"text":"Not\u00edcias de Ribeir\u00e3o Preto-SP e Regi\u00e3o","link":"https:\/\/noticiasribeiraopreto.com.br\/index.php\/category\/noticias-de-ribeirao-preto-sp-e-regiao-ismael-colosi\/"},"img":{"alt_text":"","src":"https:\/\/i0.wp.com\/noticiasribeiraopreto.com.br\/wp-content\/uploads\/2025\/03\/aeroporto_internacional_de_brasilia1912223000.webp.webp?fit=1170%2C700&ssl=1&resize=350%2C200","width":350,"height":200,"srcset":"https:\/\/i0.wp.com\/noticiasribeiraopreto.com.br\/wp-content\/uploads\/2025\/03\/aeroporto_internacional_de_brasilia1912223000.webp.webp?fit=1170%2C700&ssl=1&resize=350%2C200 1x, https:\/\/i0.wp.com\/noticiasribeiraopreto.com.br\/wp-content\/uploads\/2025\/03\/aeroporto_internacional_de_brasilia1912223000.webp.webp?fit=1170%2C700&ssl=1&resize=525%2C300 1.5x, https:\/\/i0.wp.com\/noticiasribeiraopreto.com.br\/wp-content\/uploads\/2025\/03\/aeroporto_internacional_de_brasilia1912223000.webp.webp?fit=1170%2C700&ssl=1&resize=700%2C400 2x, https:\/\/i0.wp.com\/noticiasribeiraopreto.com.br\/wp-content\/uploads\/2025\/03\/aeroporto_internacional_de_brasilia1912223000.webp.webp?fit=1170%2C700&ssl=1&resize=1050%2C600 3x"},"classes":[]},{"id":75368,"url":"https:\/\/noticiasribeiraopreto.com.br\/index.php\/2025\/08\/07\/senado-aprova-isencao-de-ir-para-quem-ganha-ate-dois-salarios-minimos\/","url_meta":{"origin":42551,"position":3},"title":"Senado aprova isen\u00e7\u00e3o de IR para quem ganha at\u00e9 dois sal\u00e1rios-m\u00ednimos","author":"noticiasribeiraopreto.com.br","date":"7 de August de 2025","format":false,"excerpt":"7 de agosto de 2025 16:254 Compartilhar0 Ap\u00f3s cerca de 48 horas de obstru\u00e7\u00e3o do funcionamento dos plen\u00e1rios pela oposi\u00e7\u00e3o, o Senado aprovou, nesta quinta-feira (7), o projeto de lei (PL) que isenta do pagamento do Imposto de Renda (IR) os trabalhadores que ganham at\u00e9 dois sal\u00e1rios-m\u00ednimos, o que equivale\u2026","rel":"","context":"In &quot;Not\u00edcias de Ribeir\u00e3o Preto-SP e Regi\u00e3o&quot;","block_context":{"text":"Not\u00edcias de Ribeir\u00e3o Preto-SP e Regi\u00e3o","link":"https:\/\/noticiasribeiraopreto.com.br\/index.php\/category\/noticias-de-ribeirao-preto-sp-e-regiao-ismael-colosi\/"},"img":{"alt_text":"","src":"https:\/\/i0.wp.com\/noticiasribeiraopreto.com.br\/wp-content\/uploads\/2025\/08\/sal.jpeg?fit=1170%2C700&ssl=1&resize=350%2C200","width":350,"height":200,"srcset":"https:\/\/i0.wp.com\/noticiasribeiraopreto.com.br\/wp-content\/uploads\/2025\/08\/sal.jpeg?fit=1170%2C700&ssl=1&resize=350%2C200 1x, https:\/\/i0.wp.com\/noticiasribeiraopreto.com.br\/wp-content\/uploads\/2025\/08\/sal.jpeg?fit=1170%2C700&ssl=1&resize=525%2C300 1.5x, https:\/\/i0.wp.com\/noticiasribeiraopreto.com.br\/wp-content\/uploads\/2025\/08\/sal.jpeg?fit=1170%2C700&ssl=1&resize=700%2C400 2x, https:\/\/i0.wp.com\/noticiasribeiraopreto.com.br\/wp-content\/uploads\/2025\/08\/sal.jpeg?fit=1170%2C700&ssl=1&resize=1050%2C600 3x"},"classes":[]},{"id":43700,"url":"https:\/\/noticiasribeiraopreto.com.br\/index.php\/2024\/03\/22\/rp-entrega-20-846-declaracoes-do-ir-em-uma-semana\/","url_meta":{"origin":42551,"position":4},"title":"RP entrega 20.846 declara\u00e7\u00f5es do IR em uma semana","author":"noticiasribeiraopreto.com.br","date":"22 de March de 2024","format":false,"excerpt":"A Receita Federal abriu na \u00faltima sexta-feira, 15 de mar\u00e7o, o prazo para entrega da declara\u00e7\u00e3o de Imposto de Renda Pessoa F\u00edsica de 2024 (ano-base 2023). O contribuinte tem at\u00e9 as 23h59min59s de 31 de maio para prestar contas ao Le\u00e3o. O Fisco divulgou balan\u00e7o com dados computados at\u00e9 as\u2026","rel":"","context":"In &quot;Not\u00edcias de Ribeir\u00e3o Preto-SP e Regi\u00e3o&quot;","block_context":{"text":"Not\u00edcias de Ribeir\u00e3o Preto-SP e Regi\u00e3o","link":"https:\/\/noticiasribeiraopreto.com.br\/index.php\/category\/noticias-de-ribeirao-preto-sp-e-regiao-ismael-colosi\/"},"img":{"alt_text":"","src":"https:\/\/i0.wp.com\/noticiasribeiraopreto.com.br\/wp-content\/uploads\/2024\/03\/LeaoIR-Juca-Varella-Ag.Br_-scaled.jpg?fit=1000%2C596&ssl=1&resize=350%2C200","width":350,"height":200,"srcset":"https:\/\/i0.wp.com\/noticiasribeiraopreto.com.br\/wp-content\/uploads\/2024\/03\/LeaoIR-Juca-Varella-Ag.Br_-scaled.jpg?fit=1000%2C596&ssl=1&resize=350%2C200 1x, https:\/\/i0.wp.com\/noticiasribeiraopreto.com.br\/wp-content\/uploads\/2024\/03\/LeaoIR-Juca-Varella-Ag.Br_-scaled.jpg?fit=1000%2C596&ssl=1&resize=525%2C300 1.5x, https:\/\/i0.wp.com\/noticiasribeiraopreto.com.br\/wp-content\/uploads\/2024\/03\/LeaoIR-Juca-Varella-Ag.Br_-scaled.jpg?fit=1000%2C596&ssl=1&resize=700%2C400 2x"},"classes":[]},{"id":79610,"url":"https:\/\/noticiasribeiraopreto.com.br\/index.php\/2025\/11\/04\/camara-aprova-aumento-gradual-da-licenca-paternidade-para-20-dias\/","url_meta":{"origin":42551,"position":5},"title":"C\u00e2mara aprova aumento gradual da licen\u00e7a-paternidade para 20 dias","author":"noticiasribeiraopreto.com.br","date":"4 de November de 2025","format":false,"excerpt":"A C\u00e2mara dos Deputados aprovou nesta ter\u00e7a-feira (4) o projeto que amplia de forma gradual a licen\u00e7a-paternidade no Brasil, passando dos atuais cinco dias para 20 dias em um per\u00edodo de tr\u00eas anos. O texto aprovado prev\u00ea que a nova regra entre em vigor em 1\u00ba de janeiro de 2027,\u2026","rel":"","context":"In &quot;Not\u00edcias de Ribeir\u00e3o Preto-SP e Regi\u00e3o&quot;","block_context":{"text":"Not\u00edcias de Ribeir\u00e3o Preto-SP e Regi\u00e3o","link":"https:\/\/noticiasribeiraopreto.com.br\/index.php\/category\/noticias-de-ribeirao-preto-sp-e-regiao-ismael-colosi\/"},"img":{"alt_text":"","src":"https:\/\/i0.wp.com\/noticiasribeiraopreto.com.br\/wp-content\/uploads\/2025\/11\/palace-14_2025-11-04_22-40-03.webp.webp?fit=1200%2C675&ssl=1&resize=350%2C200","width":350,"height":200,"srcset":"https:\/\/i0.wp.com\/noticiasribeiraopreto.com.br\/wp-content\/uploads\/2025\/11\/palace-14_2025-11-04_22-40-03.webp.webp?fit=1200%2C675&ssl=1&resize=350%2C200 1x, https:\/\/i0.wp.com\/noticiasribeiraopreto.com.br\/wp-content\/uploads\/2025\/11\/palace-14_2025-11-04_22-40-03.webp.webp?fit=1200%2C675&ssl=1&resize=525%2C300 1.5x, https:\/\/i0.wp.com\/noticiasribeiraopreto.com.br\/wp-content\/uploads\/2025\/11\/palace-14_2025-11-04_22-40-03.webp.webp?fit=1200%2C675&ssl=1&resize=700%2C400 2x, https:\/\/i0.wp.com\/noticiasribeiraopreto.com.br\/wp-content\/uploads\/2025\/11\/palace-14_2025-11-04_22-40-03.webp.webp?fit=1200%2C675&ssl=1&resize=1050%2C600 3x"},"classes":[]}],"jetpack_sharing_enabled":true,"jetpack_shortlink":"https:\/\/wp.me\/peQAOb-b4j","_links":{"self":[{"href":"https:\/\/noticiasribeiraopreto.com.br\/index.php\/wp-json\/wp\/v2\/posts\/42551","targetHints":{"allow":["GET"]}}],"collection":[{"href":"https:\/\/noticiasribeiraopreto.com.br\/index.php\/wp-json\/wp\/v2\/posts"}],"about":[{"href":"https:\/\/noticiasribeiraopreto.com.br\/index.php\/wp-json\/wp\/v2\/types\/post"}],"author":[{"embeddable":true,"href":"https:\/\/noticiasribeiraopreto.com.br\/index.php\/wp-json\/wp\/v2\/users\/1"}],"replies":[{"embeddable":true,"href":"https:\/\/noticiasribeiraopreto.com.br\/index.php\/wp-json\/wp\/v2\/comments?post=42551"}],"version-history":[{"count":0,"href":"https:\/\/noticiasribeiraopreto.com.br\/index.php\/wp-json\/wp\/v2\/posts\/42551\/revisions"}],"wp:featuredmedia":[{"embeddable":true,"href":"https:\/\/noticiasribeiraopreto.com.br\/index.php\/wp-json\/wp\/v2\/media\/42552"}],"wp:attachment":[{"href":"https:\/\/noticiasribeiraopreto.com.br\/index.php\/wp-json\/wp\/v2\/media?parent=42551"}],"wp:term":[{"taxonomy":"category","embeddable":true,"href":"https:\/\/noticiasribeiraopreto.com.br\/index.php\/wp-json\/wp\/v2\/categories?post=42551"},{"taxonomy":"post_tag","embeddable":true,"href":"https:\/\/noticiasribeiraopreto.com.br\/index.php\/wp-json\/wp\/v2\/tags?post=42551"}],"curies":[{"name":"wp","href":"https:\/\/api.w.org\/{rel}","templated":true}]}}