{"id":42602,"date":"2024-03-15T14:50:56","date_gmt":"2024-03-15T17:50:56","guid":{"rendered":"https:\/\/noticiasribeiraopreto.com.br\/index.php\/2024\/03\/15\/contrata-se-auxiliar-de-estoque-2\/"},"modified":"2024-03-15T14:50:56","modified_gmt":"2024-03-15T17:50:56","slug":"contrata-se-auxiliar-de-estoque-2","status":"publish","type":"post","link":"https:\/\/noticiasribeiraopreto.com.br\/index.php\/2024\/03\/15\/contrata-se-auxiliar-de-estoque-2\/","title":{"rendered":"CONTRATA-SE AUXILIAR DE ESTOQUE"},"content":{"rendered":"<div id=\"main\">\n<h5>An\u00fancios<\/h5>\n<ul class=\"listing-card-list \" id=\"listing-card-list\">\n<li class=\"listing-card \">\n<a class=\"listing-thumb\" href=\"https:\/\/www.tribunaribeirao.com.br\/classificadostribuna\/index.php?page=item&amp;id=3507\" title=\"CONTRATA-SE AUXILIAR DE ESTOQUE\"><img data-recalc-dims=\"1\" loading=\"lazy\" decoding=\"async\" src=\"https:\/\/i0.wp.com\/www.tribunaribeirao.com.br\/classificadostribuna\/oc-content\/uploads\/35\/4012_thumbnail.jpg?resize=240%2C200&#038;ssl=1\" title=\"\" alt=\"CONTRATA-SE AUXILIAR DE ESTOQUE\" width=\"240\" height=\"200\" \/><\/a><\/p>\n<\/li>\n<li class=\"listing-card \">\n<a class=\"listing-thumb\" href=\"https:\/\/www.tribunaribeirao.com.br\/classificadostribuna\/index.php?page=item&amp;id=3497\" title=\"CONTRATA-SE PEDREIRO E AJUDANTE DE PEDREIRO\"><img data-recalc-dims=\"1\" loading=\"lazy\" decoding=\"async\" src=\"https:\/\/i0.wp.com\/www.tribunaribeirao.com.br\/classificadostribuna\/oc-content\/uploads\/34\/4002_thumbnail.jpg?resize=240%2C200&#038;ssl=1\" title=\"\" alt=\"CONTRATA-SE PEDREIRO E AJUDANTE DE PEDREIRO\" width=\"240\" height=\"200\" \/><\/a><\/p>\n<div class=\"listing-detail\">\n<div class=\"listing-cell\">\n<div class=\"listing-data\">\n<div class=\"listing-basicinfo\">\n<a href=\"https:\/\/www.tribunaribeirao.com.br\/classificadostribuna\/index.php?page=item&amp;id=3497\" class=\"title\" title=\"CONTRATA-SE PEDREIRO E AJUDANTE DE PEDREIRO\">CONTRATA-SE PEDREIRO E AJUDANTE DE PEDREIRO<\/a><\/p>\n<p>\n<span class=\"category\">Empregos<\/span> &#8211;<br \/>\n<span class=\"location\"> <\/span> <span class=\"g-hide\">&#8211;<\/span> 07\/03\/2024 <\/p>\n<p>Oliveira Piscinas contrata. De prefer\u00eancia com condu\u00e7\u00e3o, para trabalhar em obras de constru\u00e7\u00e3o de piscina, casa de m\u00e1quinas, \u00e1rea gourmet, etc. Contato: (16) 99198-2527 Alessandro.<\/p>\n<\/div>\n<\/div>\n<\/div>\n<\/div>\n<\/li>\n<li class=\"listing-card \">\n<a class=\"listing-thumb\" href=\"https:\/\/www.tribunaribeirao.com.br\/classificadostribuna\/index.php?page=item&amp;id=3491\" title=\"CONTRATA-SE CUIDADORA\"><img data-recalc-dims=\"1\" loading=\"lazy\" decoding=\"async\" src=\"https:\/\/i0.wp.com\/www.tribunaribeirao.com.br\/classificadostribuna\/oc-content\/uploads\/34\/3983_thumbnail.jpg?resize=240%2C200&#038;ssl=1\" title=\"\" alt=\"CONTRATA-SE CUIDADORA\" width=\"240\" height=\"200\" \/><\/a><\/p>\n<div class=\"listing-detail\">\n<div class=\"listing-cell\">\n<div class=\"listing-data\">\n<div class=\"listing-basicinfo\">\n<a href=\"https:\/\/www.tribunaribeirao.com.br\/classificadostribuna\/index.php?page=item&amp;id=3491\" class=\"title\" title=\"CONTRATA-SE CUIDADORA\">CONTRATA-SE CUIDADORA<\/a><\/p>\n<p>\n<span class=\"category\">Empregos<\/span> &#8211;<br \/>\n<span class=\"location\"> <\/span> <span class=\"g-hide\">&#8211;<\/span> 05\/03\/2024 <\/p>\n<p>Estamos contratando cuidadora com experi\u00eancia e refer\u00eancia para cuidar de senhora com Alzheimer e cadeirante para tr\u00eas dias da semana per\u00edodo noturno e diurno. As interessadas dever\u00e3o entrar em contato as segundas as sextas-feiras pelo Cel (16) 99794&#8230;<\/p>\n<\/div>\n<\/div>\n<\/div>\n<\/div>\n<\/li>\n<li class=\"listing-card last\">\n<a class=\"listing-thumb\" href=\"https:\/\/www.tribunaribeirao.com.br\/classificadostribuna\/index.php?page=item&amp;id=3463\" title=\"CONTRATA-SE VENDEDOR (A) FRETE\"><img data-recalc-dims=\"1\" loading=\"lazy\" decoding=\"async\" src=\"https:\/\/i0.wp.com\/www.tribunaribeirao.com.br\/classificadostribuna\/oc-content\/uploads\/34\/3955_thumbnail.jpg?resize=240%2C200&#038;ssl=1\" title=\"\" alt=\"CONTRATA-SE VENDEDOR (A) FRETE\" width=\"240\" height=\"200\" \/><\/a><\/p>\n<div class=\"listing-detail\">\n<div class=\"listing-cell\">\n<div class=\"listing-data\">\n<div class=\"listing-basicinfo\">\n<a href=\"https:\/\/www.tribunaribeirao.com.br\/classificadostribuna\/index.php?page=item&amp;id=3463\" class=\"title\" title=\"CONTRATA-SE VENDEDOR (A) FRETE\">CONTRATA-SE VENDEDOR (A) FRETE<\/a><\/p>\n<p>\n<span class=\"category\">Empregos<\/span> &#8211;<br \/>\n<span class=\"location\"> <\/span> <span class=\"g-hide\">&#8211;<\/span> 23\/02\/2024 <\/p>\n<p>Empresa do setor de Transportes e Log\u00edstica contrata Vendedor (a) de Frete. Responsabilidades:\u00a0Prospec\u00e7\u00e3o de Clientes, Cota\u00e7\u00f5es, Visitas, Follow-up. Requisitos: Necess\u00e1rio experi\u00eancia com venda de frete. Proativo (a), din\u00e2mico (a) e comunicativo (a)&#8230;.<\/p>\n<\/div>\n<\/div>\n<\/div>\n<\/div>\n<\/li>\n<li class=\"listing-card \">\n<a class=\"listing-thumb\" href=\"https:\/\/www.tribunaribeirao.com.br\/classificadostribuna\/index.php?page=item&amp;id=3455\" title=\"Servi\u00e7os de Limpeza\"><img data-recalc-dims=\"1\" loading=\"lazy\" decoding=\"async\" src=\"https:\/\/i0.wp.com\/www.tribunaribeirao.com.br\/classificadostribuna\/oc-content\/uploads\/34\/3947_thumbnail.jpg?resize=240%2C200&#038;ssl=1\" title=\"\" alt=\"Servi\u00e7os de Limpeza\" width=\"240\" height=\"200\" \/><\/a><\/p>\n<div class=\"listing-detail\">\n<div class=\"listing-cell\">\n<div class=\"listing-data\">\n<div class=\"listing-basicinfo\">\n<a href=\"https:\/\/www.tribunaribeirao.com.br\/classificadostribuna\/index.php?page=item&amp;id=3455\" class=\"title\" title=\"Servi\u00e7os de Limpeza\">Servi\u00e7os de Limpeza<\/a><\/p>\n<p>\n<span class=\"category\">Empregos<\/span> &#8211;<br \/>\n<span class=\"location\"> <\/span> <span class=\"g-hide\">&#8211;<\/span> 21\/02\/2024 <\/p>\n<p>Somos da\u00a0Prime Clean, empresa que terceiriza servi\u00e7os de\u00a0limpeza para as academias. Estamos com vagas em aberto no momento, para o seguinte hor\u00e1rio: 13h30 \u00e0s 22h00, escala 6&#215;1 (uma folga na semana, provavelmente no s\u00e1bado ou domingo) trabalhando tamb&#8230;<\/p>\n<\/div>\n<\/div>\n<\/div>\n<\/div>\n<\/li>\n<li class=\"listing-card \">\n<a class=\"listing-thumb\" href=\"https:\/\/www.tribunaribeirao.com.br\/classificadostribuna\/index.php?page=item&amp;id=3451\" title=\"CONTRATA-SE VENDEDOR\"><img data-recalc-dims=\"1\" loading=\"lazy\" decoding=\"async\" src=\"https:\/\/i0.wp.com\/www.tribunaribeirao.com.br\/classificadostribuna\/oc-content\/uploads\/34\/3943_thumbnail.jpg?resize=240%2C200&#038;ssl=1\" title=\"\" alt=\"CONTRATA-SE VENDEDOR\" width=\"240\" height=\"200\" \/><\/a><\/p>\n<div class=\"listing-detail\">\n<div class=\"listing-cell\">\n<div class=\"listing-data\">\n<div class=\"listing-basicinfo\">\n<a href=\"https:\/\/www.tribunaribeirao.com.br\/classificadostribuna\/index.php?page=item&amp;id=3451\" class=\"title\" title=\"CONTRATA-SE VENDEDOR\">CONTRATA-SE VENDEDOR<\/a><\/p>\n<p>\n<span class=\"category\">Empregos<\/span> &#8211;<br \/>\n<span class=\"location\"> <\/span> <span class=\"g-hide\">&#8211;<\/span> 19\/02\/2024 <\/p>\n<p>Empresa de bebidas contrata vendedor com experi\u00eancia em venda externa e com CNH para atuar em Ribeir\u00e3o Preto. Enviar curr\u00edculo para\u00a0<a href=\"https:\/\/www.tribunaribeirao.com.br\/cdn-cgi\/l\/email-protection\" class=\"__cf_email__\" data-cfemail=\"295d5b484b4845414c4a4647465a4a46694a465d5c4b48074a4644\">[email\u00a0protected]<\/a>\u00a0<\/p>\n<\/div>\n<\/div>\n<\/div>\n<\/div>\n<\/li>\n<div class='code-block code-block-1' style='margin: 8px 0 8px auto; text-align: right; display: block; clear: both;'>\n<p><a href=\"https:\/\/wa.link\/vpicfd\"><img data-recalc-dims=\"1\" class=\"wp-image-4922\" style=\"aspect-ratio: 2.0253164556962027; width: 561px; height: auto;\" src=\"https:\/\/i0.wp.com\/ismaelcolosi.com.br\/wp-content\/uploads\/2023\/11\/grupo-de-empregos-whatsapp-e-facebook-ismael-colosi-vagas.jpg?ssl=1\" alt=\"\" \/><\/a><\/p>\n<!-- \/wp:image -->\n<\/div>\n<p>\n<script data-cfasync=\"false\" src=\"https:\/\/www.tribunaribeirao.com.br\/cdn-cgi\/scripts\/5c5dd728\/cloudflare-static\/email-decode.min.js\"><\/script><script async=\"\" src=\"https:\/\/pagead2.googlesyndication.com\/pagead\/js\/adsbygoogle.js\"><\/script><\/p>\n<p><ins class=\"adsbygoogle\" style=\"display:block\" data-ad-client=\"ca-pub-6472940315473977\" data-ad-slot=\"9527135572\" data-ad-format=\"auto\" data-full-width-responsive=\"true\"><\/ins><br \/>\n<script><![CDATA[\n     (adsbygoogle = window.adsbygoogle || []).push({});\n]]><\/script><\/p>\n<li class=\"listing-card \">\n<a class=\"listing-thumb\" href=\"https:\/\/www.tribunaribeirao.com.br\/classificadostribuna\/index.php?page=item&amp;id=3448\" title=\"CONTRATA-SE OPERADOR DE ESTACIONAMENTO\"><img data-recalc-dims=\"1\" loading=\"lazy\" decoding=\"async\" src=\"https:\/\/i0.wp.com\/www.tribunaribeirao.com.br\/classificadostribuna\/oc-content\/uploads\/34\/3940_thumbnail.jpg?resize=240%2C200&#038;ssl=1\" title=\"\" alt=\"CONTRATA-SE OPERADOR DE ESTACIONAMENTO\" width=\"240\" height=\"200\" \/><\/a><\/p>\n<\/li>\n<li class=\"listing-card last\">\n<a class=\"listing-thumb\" href=\"https:\/\/www.tribunaribeirao.com.br\/classificadostribuna\/index.php?page=item&amp;id=3440\" title=\"CONTRATA-SE CUIDADOR DE IDOSOS\"><img data-recalc-dims=\"1\" loading=\"lazy\" decoding=\"async\" src=\"https:\/\/i0.wp.com\/www.tribunaribeirao.com.br\/classificadostribuna\/oc-content\/uploads\/34\/3932_thumbnail.jpg?resize=240%2C200&#038;ssl=1\" title=\"\" alt=\"CONTRATA-SE CUIDADOR DE IDOSOS\" width=\"240\" height=\"200\" \/><\/a><\/p>\n<div class=\"listing-detail\">\n<div class=\"listing-cell\">\n<div class=\"listing-data\">\n<div class=\"listing-basicinfo\">\n<a href=\"https:\/\/www.tribunaribeirao.com.br\/classificadostribuna\/index.php?page=item&amp;id=3440\" class=\"title\" title=\"CONTRATA-SE CUIDADOR DE IDOSOS\">CONTRATA-SE CUIDADOR DE IDOSOS<\/a><\/p>\n<p>\n<span class=\"category\">Empregos<\/span> &#8211;<br \/>\n<span class=\"location\"> <\/span> <span class=\"g-hide\">&#8211;<\/span> 15\/02\/2024 <\/p>\n<p>Em Ribeir\u00e3o Preto\/SP. Com experi\u00eancia e preferencialmente curso de t\u00e9cnico em enfermagem. Favor encaminhar curr\u00edculo atrav\u00e9s WhatsApp: (16) 99635-5195.<\/p>\n<\/div>\n<\/div>\n<\/div>\n<\/div>\n<\/li>\n<li class=\"listing-card \">\n<a class=\"listing-thumb\" href=\"https:\/\/www.tribunaribeirao.com.br\/classificadostribuna\/index.php?page=item&amp;id=3439\" title=\"CONTRATA-SE EMPREGADA DOM\u00c9STICA\"><img data-recalc-dims=\"1\" loading=\"lazy\" decoding=\"async\" src=\"https:\/\/i0.wp.com\/www.tribunaribeirao.com.br\/classificadostribuna\/oc-content\/uploads\/34\/3931_thumbnail.jpg?resize=240%2C200&#038;ssl=1\" title=\"\" alt=\"CONTRATA-SE EMPREGADA DOM\u00c9STICA\" width=\"240\" height=\"200\" \/><\/a><\/p>\n<div class=\"listing-detail\">\n<div class=\"listing-cell\">\n<div class=\"listing-data\">\n<div class=\"listing-basicinfo\">\n<a href=\"https:\/\/www.tribunaribeirao.com.br\/classificadostribuna\/index.php?page=item&amp;id=3439\" class=\"title\" title=\"CONTRATA-SE EMPREGADA DOM\u00c9STICA\">CONTRATA-SE EMPREGADA DOM\u00c9STICA<\/a><\/p>\n<p>\n<span class=\"category\">Empregos<\/span> &#8211;<br \/>\n<span class=\"location\"> <\/span> <span class=\"g-hide\">&#8211;<\/span> 15\/02\/2024 <\/p>\n<p>Em Ribeir\u00e3o Preto\/SP &#8211; lavar\/passar\/cozinhar\/arrumar a casa, com experi\u00eancia. Hor\u00e1rio: 7h \u00e0s 15h, de segunda a s\u00e1bado. Favor encaminhar curr\u00edculo atrav\u00e9s WhatsApp: (16) 99635-5195.<\/p>\n<\/div>\n<\/div>\n<\/div>\n<\/div>\n<\/li>\n<li class=\"listing-card \">\n<a class=\"listing-thumb\" href=\"https:\/\/www.tribunaribeirao.com.br\/classificadostribuna\/index.php?page=item&amp;id=3438\" title=\"CONTRATA-SE VENDEDOR EXTERNO\"><img data-recalc-dims=\"1\" loading=\"lazy\" decoding=\"async\" src=\"https:\/\/i0.wp.com\/www.tribunaribeirao.com.br\/classificadostribuna\/oc-content\/uploads\/34\/3930_thumbnail.jpg?resize=240%2C200&#038;ssl=1\" title=\"\" alt=\"CONTRATA-SE VENDEDOR EXTERNO\" width=\"240\" height=\"200\" \/><\/a><\/p>\n<div class=\"listing-detail\">\n<div class=\"listing-cell\">\n<div class=\"listing-data\">\n<div class=\"listing-basicinfo\">\n<a href=\"https:\/\/www.tribunaribeirao.com.br\/classificadostribuna\/index.php?page=item&amp;id=3438\" class=\"title\" title=\"CONTRATA-SE VENDEDOR EXTERNO\">CONTRATA-SE VENDEDOR EXTERNO<\/a><\/p>\n<p>\n<span class=\"category\">Empregos<\/span> &#8211;<br \/>\n<span class=\"location\"> <\/span> <span class=\"g-hide\">&#8211;<\/span> 15\/02\/2024 <\/p>\n<p>Para Ribeir\u00e3o Preto \u2013 Araraquara \u2013 S\u00e3o Carlos \u2013 Franca &#8211;\u00a0Curr\u00edculos\u00a0www.actionrh.com.br ou (17) 99629-4212 (WhatsApp)<\/p>\n<\/div>\n<\/div>\n<\/div>\n<\/div>\n<\/li>\n<li class=\"listing-card \">\n<a class=\"listing-thumb\" href=\"https:\/\/www.tribunaribeirao.com.br\/classificadostribuna\/index.php?page=item&amp;id=3437\" title=\"CONTRATA-SE VENDEDOR\"><img data-recalc-dims=\"1\" loading=\"lazy\" decoding=\"async\" src=\"https:\/\/i0.wp.com\/www.tribunaribeirao.com.br\/classificadostribuna\/oc-content\/uploads\/34\/3929_thumbnail.jpg?resize=240%2C200&#038;ssl=1\" title=\"\" alt=\"CONTRATA-SE VENDEDOR\" width=\"240\" height=\"200\" \/><\/a><\/p>\n<div class=\"listing-detail\">\n<div class=\"listing-cell\">\n<div class=\"listing-data\">\n<div class=\"listing-basicinfo\">\n<a href=\"https:\/\/www.tribunaribeirao.com.br\/classificadostribuna\/index.php?page=item&amp;id=3437\" class=\"title\" title=\"CONTRATA-SE VENDEDOR\">CONTRATA-SE VENDEDOR<\/a><\/p>\n<p>\n<span class=\"category\">Empregos<\/span> &#8211;<br \/>\n<span class=\"location\"> <\/span> <span class=\"g-hide\">&#8211;<\/span> 15\/02\/2024 <\/p>\n<p>Empresa \u2013 Action RH.\u00a0Vendedora para Shopping &#8211;\u00a0Curr\u00edculos\u00a0www.actionrh.com.br ou (17) 99629-4212 (whatsApp)<\/p>\n<\/div>\n<\/div>\n<\/div>\n<\/div>\n<\/li>\n<li class=\"listing-card last\">\n<a class=\"listing-thumb\" href=\"https:\/\/www.tribunaribeirao.com.br\/classificadostribuna\/index.php?page=item&amp;id=3434\" title=\"CONTRATA-SE LAVADOR AUTOMOTIVO\"><img data-recalc-dims=\"1\" loading=\"lazy\" decoding=\"async\" src=\"https:\/\/i0.wp.com\/www.tribunaribeirao.com.br\/classificadostribuna\/oc-content\/uploads\/34\/3926_thumbnail.jpg?resize=240%2C200&#038;ssl=1\" title=\"\" alt=\"CONTRATA-SE LAVADOR AUTOMOTIVO\" width=\"240\" height=\"200\" \/><\/a><\/p>\n<div class=\"listing-detail\">\n<div class=\"listing-cell\">\n<div class=\"listing-data\">\n<div class=\"listing-basicinfo\">\n<a href=\"https:\/\/www.tribunaribeirao.com.br\/classificadostribuna\/index.php?page=item&amp;id=3434\" class=\"title\" title=\"CONTRATA-SE LAVADOR AUTOMOTIVO\">CONTRATA-SE LAVADOR AUTOMOTIVO<\/a><\/p>\n<p>\n<span class=\"category\">Empregos<\/span> &#8211;<br \/>\n<span class=\"location\"> <\/span> <span class=\"g-hide\">&#8211;<\/span> 14\/02\/2024 <\/p>\n<p>Responsabilidades: Ser comprometido e respons\u00e1vel. Requisitos: Ter experi\u00eancia com limpeza automotiva N\u00c3O \u00e9 obrigat\u00f3rio. Ter disponibilidade de hor\u00e1rios. Os interessados dever\u00e3o entrar em contato via e-mail\u00a0<a href=\"https:\/\/www.tribunaribeirao.com.br\/cdn-cgi\/l\/email-protection\" class=\"__cf_email__\" data-cfemail=\"17707675657e727b765770656267787a78756e737e747c3974787a397565\">[email\u00a0protected]<\/a>\u00a0ou WhatsApp (&#8230;<\/p>\n<\/div>\n<\/div>\n<\/div>\n<\/div>\n<\/li>\n<p>\n<script data-cfasync=\"false\" src=\"https:\/\/www.tribunaribeirao.com.br\/cdn-cgi\/scripts\/5c5dd728\/cloudflare-static\/email-decode.min.js\"><\/script><script async=\"\" src=\"https:\/\/pagead2.googlesyndication.com\/pagead\/js\/adsbygoogle.js\"><\/script><\/p>\n<p><ins class=\"adsbygoogle\" style=\"display:block\" data-ad-client=\"ca-pub-6472940315473977\" data-ad-slot=\"9527135572\" data-ad-format=\"auto\" data-full-width-responsive=\"true\"><\/ins><br \/>\n<script><![CDATA[\n     (adsbygoogle = window.adsbygoogle || []).push({});\n]]><\/script><\/p>\n<li class=\"listing-card \">\n<a class=\"listing-thumb\" href=\"https:\/\/www.tribunaribeirao.com.br\/classificadostribuna\/index.php?page=item&amp;id=3433\" title=\"CONTRATA-SE POLIDOR AUTOMOTIVO\"><img data-recalc-dims=\"1\" loading=\"lazy\" decoding=\"async\" src=\"https:\/\/i0.wp.com\/www.tribunaribeirao.com.br\/classificadostribuna\/oc-content\/uploads\/34\/3925_thumbnail.jpg?resize=240%2C200&#038;ssl=1\" title=\"\" alt=\"CONTRATA-SE POLIDOR AUTOMOTIVO\" width=\"240\" height=\"200\" \/><\/a><\/p>\n<div class=\"listing-detail\">\n<div class=\"listing-cell\">\n<div class=\"listing-data\">\n<div class=\"listing-basicinfo\">\n<a href=\"https:\/\/www.tribunaribeirao.com.br\/classificadostribuna\/index.php?page=item&amp;id=3433\" class=\"title\" title=\"CONTRATA-SE POLIDOR AUTOMOTIVO\">CONTRATA-SE POLIDOR AUTOMOTIVO<\/a><\/p>\n<p>\n<span class=\"category\">Empregos<\/span> &#8211;<br \/>\n<span class=\"location\"> <\/span> <span class=\"g-hide\">&#8211;<\/span> 14\/02\/2024 <\/p>\n<p>Responsabilidades: Realizar servi\u00e7o de polimento automotivo, manusear produtos e operar equipamentos. Requisitos: Desej\u00e1vel experi\u00eancia na \u00e1rea com m\u00e1quina politriz. Ter disponibilidade de hor\u00e1rios. Os interessados dever\u00e3o entrar em contato via e-mai&#8230;<\/p>\n<\/div>\n<\/div>\n<\/div>\n<\/div>\n<\/li>\n<li class=\"listing-card \">\n<a class=\"listing-thumb\" href=\"https:\/\/www.tribunaribeirao.com.br\/classificadostribuna\/index.php?page=item&amp;id=3432\" title=\"CONTRATA-SE VENDEDOR\"><img data-recalc-dims=\"1\" loading=\"lazy\" decoding=\"async\" src=\"https:\/\/i0.wp.com\/www.tribunaribeirao.com.br\/classificadostribuna\/oc-content\/uploads\/34\/3924_thumbnail.jpg?resize=240%2C200&#038;ssl=1\" title=\"\" alt=\"CONTRATA-SE VENDEDOR\" width=\"240\" height=\"200\" \/><\/a><\/p>\n<div class=\"listing-detail\">\n<div class=\"listing-cell\">\n<div class=\"listing-data\">\n<div class=\"listing-basicinfo\">\n<a href=\"https:\/\/www.tribunaribeirao.com.br\/classificadostribuna\/index.php?page=item&amp;id=3432\" class=\"title\" title=\"CONTRATA-SE VENDEDOR\">CONTRATA-SE VENDEDOR<\/a><\/p>\n<p>\n<span class=\"category\">Empregos<\/span> &#8211;<br \/>\n<span class=\"location\"> <\/span> <span class=\"g-hide\">&#8211;<\/span> 14\/02\/2024 <\/p>\n<p>Responsabilidades: Oferecer\/vender servi\u00e7os variados na \u00e1rea de tratamento automotivo. Requisitos: Experi\u00eancia com vendas e atendimento ao p\u00fablico. Ter disponibilidade de hor\u00e1rios. Os interessados dever\u00e3o entrar em contato via e-mail\u00a0gabriela@grupomo&#8230;<\/p>\n<\/div>\n<\/div>\n<\/div>\n<\/div>\n<\/li>\n<li class=\"listing-card \">\n<a class=\"listing-thumb\" href=\"https:\/\/www.tribunaribeirao.com.br\/classificadostribuna\/index.php?page=item&amp;id=3399\" title=\"CONTRATA-SE MOTORISTA CATEGORIA D (CARGA E DESCARGA)\"><img data-recalc-dims=\"1\" loading=\"lazy\" decoding=\"async\" src=\"https:\/\/i0.wp.com\/www.tribunaribeirao.com.br\/classificadostribuna\/oc-content\/uploads\/33\/3891_thumbnail.jpg?resize=240%2C200&#038;ssl=1\" title=\"\" alt=\"CONTRATA-SE MOTORISTA CATEGORIA D (CARGA E DESCARGA)\" width=\"240\" height=\"200\" \/><\/a><\/p>\n<div class=\"listing-detail\">\n<div class=\"listing-cell\">\n<div class=\"listing-data\">\n<div class=\"listing-basicinfo\">\n<a href=\"https:\/\/www.tribunaribeirao.com.br\/classificadostribuna\/index.php?page=item&amp;id=3399\" class=\"title\" title=\"CONTRATA-SE MOTORISTA CATEGORIA D (CARGA E DESCARGA)\">CONTRATA-SE MOTORISTA CATEGORIA D (CARGA E DESCARGA)<\/a><\/p>\n<p>\n<span class=\"category\">Empregos<\/span> &#8211;<br \/>\n<span class=\"location\"> <\/span> <span class=\"g-hide\">&#8211;<\/span> 06\/02\/2024 <\/p>\n<p>Nardim Casa, Constru\u00e7\u00e3o e Pet, CONTRATA. Piso Salarial + H.Ex.; Cesta B\u00e1sica (mensal); Hor\u00e1rio de almo\u00e7o: 01:30h; Hor\u00e1rio Semanal das 07:00 \u00e0s 18:00 (S\u00e1bados das 07:00 \u00e0s 13:00h). Entregar Curr\u00edculo na Nardim Mat. Constru\u00e7\u00e3o (Rua Javari, 4050 \u2013 Jd. J&#8230;<\/p>\n<\/div>\n<\/div>\n<\/div>\n<\/div>\n<\/li>\n<li class=\"listing-card last\">\n<a class=\"listing-thumb\" href=\"https:\/\/www.tribunaribeirao.com.br\/classificadostribuna\/index.php?page=item&amp;id=3395\" title=\"PROCURO TRABALHO \/ CASEIRO CH\u00c1CARA\"><img data-recalc-dims=\"1\" loading=\"lazy\" decoding=\"async\" src=\"https:\/\/i0.wp.com\/www.tribunaribeirao.com.br\/classificadostribuna\/oc-content\/uploads\/33\/3887_thumbnail.jpg?resize=240%2C200&#038;ssl=1\" title=\"\" alt=\"PROCURO TRABALHO \/ CASEIRO CH\u00c1CARA\" width=\"240\" height=\"200\" \/><\/a><\/p>\n<div class=\"listing-detail\">\n<div class=\"listing-cell\">\n<div class=\"listing-data\">\n<div class=\"listing-basicinfo\">\n<a href=\"https:\/\/www.tribunaribeirao.com.br\/classificadostribuna\/index.php?page=item&amp;id=3395\" class=\"title\" title=\"PROCURO TRABALHO \/ CASEIRO CH\u00c1CARA\">PROCURO TRABALHO \/ CASEIRO CH\u00c1CARA<\/a><\/p>\n<p>\n<span class=\"category\">Empregos<\/span> &#8211;<br \/>\n<span class=\"location\"> <\/span> <span class=\"g-hide\">&#8211;<\/span> 05\/02\/2024 <\/p>\n<p>Tenho experi\u00eancia em servi\u00e7os gerais ou como guarda para ch\u00e1cara ou s\u00edtio. Tratar (11) 99608-0437 ou (16) 3851-8440. \u00a0<\/p>\n<\/div>\n<\/div>\n<\/div>\n<\/div>\n<\/li>\n<li class=\"listing-card \">\n<a class=\"listing-thumb\" href=\"https:\/\/www.tribunaribeirao.com.br\/classificadostribuna\/index.php?page=item&amp;id=3394\" title=\"CUIDADORA E ACOMPANHANTE\"><img data-recalc-dims=\"1\" loading=\"lazy\" decoding=\"async\" src=\"https:\/\/i0.wp.com\/www.tribunaribeirao.com.br\/classificadostribuna\/oc-content\/uploads\/33\/3886_thumbnail.jpg?resize=240%2C200&#038;ssl=1\" title=\"\" alt=\"CUIDADORA E ACOMPANHANTE\" width=\"240\" height=\"200\" \/><\/a><\/p>\n<div class=\"listing-detail\">\n<div class=\"listing-cell\">\n<div class=\"listing-data\">\n<div class=\"listing-basicinfo\">\n<a href=\"https:\/\/www.tribunaribeirao.com.br\/classificadostribuna\/index.php?page=item&amp;id=3394\" class=\"title\" title=\"CUIDADORA E ACOMPANHANTE\">CUIDADORA E ACOMPANHANTE<\/a><\/p>\n<p>\n<span class=\"category\">Empregos<\/span> &#8211;<br \/>\n<span class=\"location\"> <\/span> <span class=\"g-hide\">&#8211;<\/span> 05\/02\/2024 <\/p>\n<p>M\u00e9dicos, hospitais e passeios. Tenho curso, refer\u00eancias, CNH e ve\u00edculo. Tratar (16) 99424-3787<\/p>\n<\/div>\n<\/div>\n<\/div>\n<\/div>\n<\/li>\n<li class=\"listing-card \">\n<a class=\"listing-thumb\" href=\"https:\/\/www.tribunaribeirao.com.br\/classificadostribuna\/index.php?page=item&amp;id=3387\" title=\"CONTRATA-SE ASSISTENTE CONT\u00c1BIL (FEMININO)\"><img data-recalc-dims=\"1\" loading=\"lazy\" decoding=\"async\" src=\"https:\/\/i0.wp.com\/www.tribunaribeirao.com.br\/classificadostribuna\/oc-content\/uploads\/33\/3879_thumbnail.jpg?resize=240%2C200&#038;ssl=1\" title=\"\" alt=\"CONTRATA-SE ASSISTENTE CONT\u00c1BIL (FEMININO)\" width=\"240\" height=\"200\" \/><\/a><\/p>\n<div class=\"listing-detail\">\n<div class=\"listing-cell\">\n<div class=\"listing-data\">\n<div class=\"listing-basicinfo\">\n<a href=\"https:\/\/www.tribunaribeirao.com.br\/classificadostribuna\/index.php?page=item&amp;id=3387\" class=\"title\" title=\"CONTRATA-SE ASSISTENTE CONT\u00c1BIL (FEMININO)\">CONTRATA-SE ASSISTENTE CONT\u00c1BIL (FEMININO)<\/a><\/p>\n<p>\n<span class=\"category\">Empregos<\/span> &#8211;<br \/>\n<span class=\"location\"> <\/span> <span class=\"g-hide\">&#8211;<\/span> 02\/02\/2024 <\/p>\n<p>Contrata-se. Carga hor\u00e1ria: 40 horas semanais. Dias trabalhados: de segunda a sexta. Sal\u00e1rio: R$ 2.500,00 bruto. Benef\u00edcios: R$ 27,50 de vale alimenta\u00e7\u00e3o por dia \u00fatil; Seguro de vida; Conv\u00eanio m\u00e9dico ap\u00f3s experi\u00eancia sem desconto; PLR ap\u00f3s 1 ano de r&#8230;<\/p>\n<\/div>\n<\/div>\n<\/div>\n<\/div>\n<\/li>\n<p>\n<script async=\"\" src=\"https:\/\/pagead2.googlesyndication.com\/pagead\/js\/adsbygoogle.js\"><\/script><\/p>\n<p><ins class=\"adsbygoogle\" style=\"display:block\" data-ad-client=\"ca-pub-6472940315473977\" data-ad-slot=\"9527135572\" data-ad-format=\"auto\" data-full-width-responsive=\"true\"><\/ins><br \/>\n<script><![CDATA[\n     (adsbygoogle = window.adsbygoogle || []).push({});\n]]><\/script><\/p>\n<li class=\"listing-card \">\n<a class=\"listing-thumb\" href=\"https:\/\/www.tribunaribeirao.com.br\/classificadostribuna\/index.php?page=item&amp;id=3312\" title=\"CONTRATA-SE T\u00c9CNICO ELETROMEC\u00c2NICO\"><img data-recalc-dims=\"1\" loading=\"lazy\" decoding=\"async\" src=\"https:\/\/i0.wp.com\/www.tribunaribeirao.com.br\/classificadostribuna\/oc-content\/uploads\/33\/3793_thumbnail.jpg?resize=240%2C200&#038;ssl=1\" title=\"\" alt=\"CONTRATA-SE T\u00c9CNICO ELETROMEC\u00c2NICO\" width=\"240\" height=\"200\" \/><\/a><\/p>\n<div class=\"listing-detail\">\n<div class=\"listing-cell\">\n<div class=\"listing-data\">\n<div class=\"listing-basicinfo\">\n<a href=\"https:\/\/www.tribunaribeirao.com.br\/classificadostribuna\/index.php?page=item&amp;id=3312\" class=\"title\" title=\"CONTRATA-SE T\u00c9CNICO ELETROMEC\u00c2NICO\">CONTRATA-SE T\u00c9CNICO ELETROMEC\u00c2NICO<\/a><\/p>\n<p>\n<span class=\"category\">Empregos<\/span> &#8211;<br \/>\n<span class=\"location\"> <\/span> <span class=\"g-hide\">&#8211;<\/span> 09\/01\/2024 <\/p>\n<p>Estamos contratando para INICIO IMEDIATO, manuten\u00e7\u00e3o de equipamentos eletromec\u00e2nico, CNH, CONHECIMENTO T\u00c9CNICO (R$ 2.031,00 + VT em dinheiro, R$250,00 + R$50,00 POR ASSIDUIDADE de V.A\/ V.R + CONV\u00caNIO M\u00c9DICO 50%). Enviar e-mail:\u00a0<a href=\"https:\/\/www.tribunaribeirao.com.br\/cdn-cgi\/l\/email-protection\" class=\"__cf_email__\" data-cfemail=\"81e0e5ecc1ece4f5f3eeedf5e4e2efeeedeee6e8e0afe2\">[email\u00a0protected]<\/a>&#8230;<\/p>\n<\/div>\n<\/div>\n<\/div>\n<\/div>\n<\/li>\n<\/ul>\n<\/div>\n<!-- CONTENT END 1 -->\n","protected":false},"excerpt":{"rendered":"<p>An\u00fancios CONTRATA-SE PEDREIRO E AJUDANTE DE PEDREIRO Empregos &#8211; &#8211; 07\/03\/2024 Oliveira Piscinas contrata. De prefer\u00eancia com condu\u00e7\u00e3o, para trabalhar em obras de constru\u00e7\u00e3o de&#8230;<\/p>\n","protected":false},"author":1,"featured_media":42603,"comment_status":"open","ping_status":"open","sticky":false,"template":"","format":"standard","meta":{"advanced_seo_description":"","jetpack_seo_html_title":"","jetpack_seo_noindex":false,"jetpack_post_was_ever_published":false,"_jetpack_newsletter_access":"","_jetpack_dont_email_post_to_subs":false,"_jetpack_newsletter_tier_id":0,"_jetpack_memberships_contains_paywalled_content":false,"_jetpack_memberships_contains_paid_content":false,"footnotes":"","jetpack_publicize_message":"","jetpack_publicize_feature_enabled":true,"jetpack_social_post_already_shared":true,"jetpack_social_options":{"image_generator_settings":{"template":"highway","default_image_id":0,"font":"","enabled":false},"version":2}},"categories":[7],"tags":[],"class_list":["post-42602","post","type-post","status-publish","format-standard","has-post-thumbnail","hentry","category-vagas-de-empregos-em-ribeirao-preto-regiao-brasil"],"jetpack_publicize_connections":[],"jetpack_featured_media_url":"https:\/\/i0.wp.com\/noticiasribeiraopreto.com.br\/wp-content\/uploads\/2024\/03\/1710525057_4012_thumbnail.jpg?fit=240%2C200&ssl=1","jetpack-related-posts":[{"id":50982,"url":"https:\/\/noticiasribeiraopreto.com.br\/index.php\/2024\/05\/22\/contrata-se-tecnico-em-tacografo\/","url_meta":{"origin":42602,"position":0},"title":"CONTRATA-SE T\u00c9CNICO EM TAC\u00d3GRAFO","author":"noticiasribeiraopreto.com.br","date":"22 de May de 2024","format":false,"excerpt":"An\u00fancios CONTRATA-SE AUXILIAR DE ESTOQUE Empregos - - 14\/05\/2024 Empresa de Auto Pe\u00e7as contrata: Auxiliar Estoque com experi\u00eancia (obs.: experi\u00eancia no ramo de caminh\u00f5es, ser\u00e1 um diferencial), para in\u00edcio imediato. Interessados, enviar curr\u00edculo para o e-mail:\u00a0[email\u00a0protected] EMPRESA DE AUTO PE\u00c7AS CONTRATA Empregos - - 14\/05\/2024 Instalador de acess\u00f3rios, Insulfilme, Eletricista,\u2026","rel":"","context":"In &quot;Vagas de Emprego em Ribeir\u00e3o Preto-SP&quot;","block_context":{"text":"Vagas de Emprego em Ribeir\u00e3o Preto-SP","link":"https:\/\/noticiasribeiraopreto.com.br\/index.php\/category\/empregos-classificados-vagas-trabalho\/vagas-de-empregos-em-ribeirao-preto-regiao-brasil\/"},"img":{"alt_text":"CONTRATA-SE T\u00c9CNICO EM TAC\u00d3GRAFO","src":"https:\/\/i0.wp.com\/tribunaribeirao.com.br\/classificadostribuna\/oc-content\/uploads\/36\/4191_thumbnail.jpg?resize=350%2C200&ssl=1","width":350,"height":200},"classes":[]},{"id":51917,"url":"https:\/\/noticiasribeiraopreto.com.br\/index.php\/2024\/06\/01\/contrata-se-tecnico-em-tacografo-2\/","url_meta":{"origin":42602,"position":1},"title":"CONTRATA-SE T\u00c9CNICO EM TAC\u00d3GRAFO","author":"noticiasribeiraopreto.com.br","date":"1 de June de 2024","format":false,"excerpt":"An\u00fancios CONTRATA-SE AUXILIAR DE ESTOQUE Empregos - - 14\/05\/2024 Empresa de Auto Pe\u00e7as contrata: Auxiliar Estoque com experi\u00eancia (obs.: experi\u00eancia no ramo de caminh\u00f5es, ser\u00e1 um diferencial), para in\u00edcio imediato. Interessados, enviar curr\u00edculo para o e-mail:\u00a0[email\u00a0protected] EMPRESA DE AUTO PE\u00c7AS CONTRATA Empregos - - 14\/05\/2024 Instalador de acess\u00f3rios, Insulfilme, Eletricista,\u2026","rel":"","context":"In &quot;Vagas de Emprego em Ribeir\u00e3o Preto-SP&quot;","block_context":{"text":"Vagas de Emprego em Ribeir\u00e3o Preto-SP","link":"https:\/\/noticiasribeiraopreto.com.br\/index.php\/category\/empregos-classificados-vagas-trabalho\/vagas-de-empregos-em-ribeirao-preto-regiao-brasil\/"},"img":{"alt_text":"CONTRATA-SE T\u00c9CNICO EM TAC\u00d3GRAFO","src":"https:\/\/i0.wp.com\/tribunaribeirao.com.br\/classificadostribuna\/oc-content\/uploads\/36\/4191_thumbnail.jpg?resize=350%2C200&ssl=1","width":350,"height":200},"classes":[]},{"id":52671,"url":"https:\/\/noticiasribeiraopreto.com.br\/index.php\/2024\/06\/11\/contrata-se-tecnico-em-tacografo-3\/","url_meta":{"origin":42602,"position":2},"title":"CONTRATA-SE T\u00c9CNICO EM TAC\u00d3GRAFO","author":"noticiasribeiraopreto.com.br","date":"11 de June de 2024","format":false,"excerpt":"An\u00fancios CONTRATA-SE AUXILIAR DE ESTOQUE Empregos - - 14\/05\/2024 Empresa de Auto Pe\u00e7as contrata: Auxiliar Estoque com experi\u00eancia (obs.: experi\u00eancia no ramo de caminh\u00f5es, ser\u00e1 um diferencial), para in\u00edcio imediato. Interessados, enviar curr\u00edculo para o e-mail:\u00a0[email\u00a0protected] EMPRESA DE AUTO PE\u00c7AS CONTRATA Empregos - - 14\/05\/2024 Instalador de acess\u00f3rios, Insulfilme, Eletricista,\u2026","rel":"","context":"In &quot;Vagas de Emprego em Ribeir\u00e3o Preto-SP&quot;","block_context":{"text":"Vagas de Emprego em Ribeir\u00e3o Preto-SP","link":"https:\/\/noticiasribeiraopreto.com.br\/index.php\/category\/empregos-classificados-vagas-trabalho\/vagas-de-empregos-em-ribeirao-preto-regiao-brasil\/"},"img":{"alt_text":"CONTRATA-SE T\u00c9CNICO EM TAC\u00d3GRAFO","src":"https:\/\/i0.wp.com\/tribunaribeirao.com.br\/classificadostribuna\/oc-content\/uploads\/36\/4191_thumbnail.jpg?resize=350%2C200&ssl=1","width":350,"height":200},"classes":[]},{"id":24904,"url":"https:\/\/noticiasribeiraopreto.com.br\/index.php\/2024\/01\/05\/contrata-se-auxiliar-de-estoque\/","url_meta":{"origin":42602,"position":3},"title":"CONTRATA-SE AUXILIAR DE ESTOQUE","author":"noticiasribeiraopreto.com.br","date":"5 de January de 2024","format":false,"excerpt":"An\u00fancios CONTRATA-SE AUXILIAR DE ESTOQUE Empregos - - 03\/01\/2024 Empresa de Auto Pe\u00e7as contrata: Auxiliar Estoque com experi\u00eancia (obs.: experi\u00eancia no ramo de caminh\u00f5es, ser\u00e1 um diferencial), para in\u00edcio imediato. Interessados, enviar curr\u00edculo para o e-mail:\u00a0[email\u00a0protected] CONTRATA-SE MOTOBOY Empregos - - 03\/01\/2024 Empresa de Auto Pe\u00e7as contrata: Motoboy, com experi\u00eancia\u2026","rel":"","context":"In &quot;Vagas de Emprego em Ribeir\u00e3o Preto-SP&quot;","block_context":{"text":"Vagas de Emprego em Ribeir\u00e3o Preto-SP","link":"https:\/\/noticiasribeiraopreto.com.br\/index.php\/category\/empregos-classificados-vagas-trabalho\/vagas-de-empregos-em-ribeirao-preto-regiao-brasil\/"},"img":{"alt_text":"CONTRATA-SE AUXILIAR DE ESTOQUE","src":"https:\/\/i0.wp.com\/www.tribunaribeirao.com.br\/classificadostribuna\/oc-content\/uploads\/32\/3765_thumbnail.jpg?resize=350%2C200&ssl=1","width":350,"height":200},"classes":[]},{"id":34933,"url":"https:\/\/noticiasribeiraopreto.com.br\/index.php\/2024\/02\/04\/contrata-se-assistente-contabil-feminino\/","url_meta":{"origin":42602,"position":4},"title":"CONTRATA-SE ASSISTENTE CONT\u00c1BIL (FEMININO)","author":"noticiasribeiraopreto.com.br","date":"4 de February de 2024","format":false,"excerpt":"An\u00fancios CONTRATA-SE ASSISTENTE CONT\u00c1BIL (FEMININO) Empregos - - 02\/02\/2024 Contrata-se. Carga hor\u00e1ria: 40 horas semanais. Dias trabalhados: de segunda a sexta. Sal\u00e1rio: R$ 2.500,00 bruto. Benef\u00edcios: R$ 27,50 de vale alimenta\u00e7\u00e3o por dia \u00fatil; Seguro de vida; Conv\u00eanio m\u00e9dico ap\u00f3s experi\u00eancia sem desconto; PLR ap\u00f3s 1 ano de r... CONTRATA-SE\u2026","rel":"","context":"In &quot;Vagas de Emprego em Ribeir\u00e3o Preto-SP&quot;","block_context":{"text":"Vagas de Emprego em Ribeir\u00e3o Preto-SP","link":"https:\/\/noticiasribeiraopreto.com.br\/index.php\/category\/empregos-classificados-vagas-trabalho\/vagas-de-empregos-em-ribeirao-preto-regiao-brasil\/"},"img":{"alt_text":"CONTRATA-SE ASSISTENTE CONT\u00c1BIL (FEMININO)","src":"https:\/\/i0.wp.com\/www.tribunaribeirao.com.br\/classificadostribuna\/oc-content\/uploads\/33\/3879_thumbnail.jpg?resize=350%2C200&ssl=1","width":350,"height":200},"classes":[]},{"id":28284,"url":"https:\/\/noticiasribeiraopreto.com.br\/index.php\/2024\/01\/15\/contrata-se-lavador-automotivo-6-vagas\/","url_meta":{"origin":42602,"position":5},"title":"CONTRATA-SE LAVADOR AUTOMOTIVO 6 VAGAS","author":"noticiasribeiraopreto.com.br","date":"15 de January de 2024","format":false,"excerpt":"An\u00fancios CONTRATA-SE T\u00c9CNICO ELETROMEC\u00c2NICO Empregos - - 09\/01\/2024 Estamos contratando para INICIO IMEDIATO, manuten\u00e7\u00e3o de equipamentos eletromec\u00e2nico, CNH, CONHECIMENTO T\u00c9CNICO (R$ 2.031,00 + VT em dinheiro, R$250,00 + R$50,00 POR ASSIDUIDADE de V.A\/ V.R + CONV\u00caNIO M\u00c9DICO 50%). Enviar e-mail:\u00a0[email\u00a0protected]... CONTRATA-SE AUXILIAR DE ESTOQUE Empregos - - 03\/01\/2024 Empresa de\u2026","rel":"","context":"In &quot;Vagas de Emprego em Ribeir\u00e3o Preto-SP&quot;","block_context":{"text":"Vagas de Emprego em Ribeir\u00e3o Preto-SP","link":"https:\/\/noticiasribeiraopreto.com.br\/index.php\/category\/empregos-classificados-vagas-trabalho\/vagas-de-empregos-em-ribeirao-preto-regiao-brasil\/"},"img":{"alt_text":"CONTRATA-SE LAVADOR AUTOMOTIVO 6 VAGAS","src":"https:\/\/i0.wp.com\/www.tribunaribeirao.com.br\/classificadostribuna\/oc-content\/uploads\/33\/3801_thumbnail.jpg?resize=350%2C200&ssl=1","width":350,"height":200},"classes":[]}],"jetpack_sharing_enabled":true,"jetpack_shortlink":"https:\/\/wp.me\/peQAOb-b58","_links":{"self":[{"href":"https:\/\/noticiasribeiraopreto.com.br\/index.php\/wp-json\/wp\/v2\/posts\/42602","targetHints":{"allow":["GET"]}}],"collection":[{"href":"https:\/\/noticiasribeiraopreto.com.br\/index.php\/wp-json\/wp\/v2\/posts"}],"about":[{"href":"https:\/\/noticiasribeiraopreto.com.br\/index.php\/wp-json\/wp\/v2\/types\/post"}],"author":[{"embeddable":true,"href":"https:\/\/noticiasribeiraopreto.com.br\/index.php\/wp-json\/wp\/v2\/users\/1"}],"replies":[{"embeddable":true,"href":"https:\/\/noticiasribeiraopreto.com.br\/index.php\/wp-json\/wp\/v2\/comments?post=42602"}],"version-history":[{"count":0,"href":"https:\/\/noticiasribeiraopreto.com.br\/index.php\/wp-json\/wp\/v2\/posts\/42602\/revisions"}],"wp:featuredmedia":[{"embeddable":true,"href":"https:\/\/noticiasribeiraopreto.com.br\/index.php\/wp-json\/wp\/v2\/media\/42603"}],"wp:attachment":[{"href":"https:\/\/noticiasribeiraopreto.com.br\/index.php\/wp-json\/wp\/v2\/media?parent=42602"}],"wp:term":[{"taxonomy":"category","embeddable":true,"href":"https:\/\/noticiasribeiraopreto.com.br\/index.php\/wp-json\/wp\/v2\/categories?post=42602"},{"taxonomy":"post_tag","embeddable":true,"href":"https:\/\/noticiasribeiraopreto.com.br\/index.php\/wp-json\/wp\/v2\/tags?post=42602"}],"curies":[{"name":"wp","href":"https:\/\/api.w.org\/{rel}","templated":true}]}}