{"id":42635,"date":"2024-03-15T16:38:05","date_gmt":"2024-03-15T19:38:05","guid":{"rendered":"https:\/\/noticiasribeiraopreto.com.br\/index.php\/2024\/03\/15\/bares-tradicionais-de-ribeirao-preto-ganham-destaque-em-programa-da-eptv\/"},"modified":"2024-03-15T16:38:05","modified_gmt":"2024-03-15T19:38:05","slug":"bares-tradicionais-de-ribeirao-preto-ganham-destaque-em-programa-da-eptv","status":"publish","type":"post","link":"https:\/\/noticiasribeiraopreto.com.br\/index.php\/2024\/03\/15\/bares-tradicionais-de-ribeirao-preto-ganham-destaque-em-programa-da-eptv\/","title":{"rendered":"Bares tradicionais de Ribeir\u00e3o Preto ganham destaque em programa da EPTV"},"content":{"rendered":"<div class='code-block code-block-1' style='margin: 8px 0 8px auto; text-align: right; display: block; clear: both;'>\n<p><a href=\"https:\/\/wa.link\/vpicfd\"><img data-recalc-dims=\"1\" class=\"wp-image-4922\" style=\"aspect-ratio: 2.0253164556962027; width: 561px; height: auto;\" src=\"https:\/\/i0.wp.com\/ismaelcolosi.com.br\/wp-content\/uploads\/2023\/11\/grupo-de-empregos-whatsapp-e-facebook-ismael-colosi-vagas.jpg?ssl=1\" alt=\"\" \/><\/a><\/p>\n<!-- \/wp:image -->\n<\/div>\n<p> <br \/>\n<\/p>\n<div data-td-block-uid=\"tdi_101\">\n<div class=\"tdb-block-inner td-fix-index\">\n<p>No<strong> Ca\u00e7ador de Bares<\/strong>, da<strong> EPTV, <\/strong>deste s\u00e1bado (16), Beto Moreira vai nos levar para uma cidade referencia em bares e botecos de qualidade, <strong>Ribeir\u00e3o Preto<\/strong>. Durante sua busca, <mark style=\"background-color:#fcb900\" class=\"has-inline-color has-black-color\">Beto ir\u00e1 passar por tr\u00eas bares tradicionais, e conhecer a hist\u00f3ria de cada um deles, al\u00e9m de provar os pratos mais pedidos de cada boteco.<\/mark><\/p>\n<p>A primeira parada do apresentador ser\u00e1 no <strong>Pinguim<\/strong>, um dos bares mais tradicionais de Ribeir\u00e3o Preto. Conhecido pelo seu famoso chopp, o boteco j\u00e1 recebeu a visita de presidentes e at\u00e9 do<strong> Pel\u00e9<\/strong>.<\/p>\n<p>Depois, Beto parte para o boteco <strong>Chocolate com Pimenta<\/strong>, onde ele descobre a hist\u00f3ria do bar e prova os pratos mais pedidos pelos clientes.<\/p>\n<figure class=\"wp-block-image size-large\"><img data-recalc-dims=\"1\" loading=\"lazy\" decoding=\"async\" width=\"1024\" height=\"667\" src=\"https:\/\/i0.wp.com\/www.acidadeon.com\/ribeiraopreto\/wp-content\/uploads\/sites\/3\/2024\/03\/AnyConv.com__chocolate-com-pimenta-1024x667.webp?resize=1024%2C667&#038;ssl=1\" alt=\"\" class=\"wp-image-73627\" srcset=\"https:\/\/www.acidadeon.com\/ribeiraopreto\/wp-content\/uploads\/sites\/3\/2024\/03\/AnyConv.com__chocolate-com-pimenta-1024x667.webp 1024w, https:\/\/www.acidadeon.com\/ribeiraopreto\/wp-content\/uploads\/sites\/3\/2024\/03\/AnyConv.com__chocolate-com-pimenta-300x195.webp 300w, https:\/\/www.acidadeon.com\/ribeiraopreto\/wp-content\/uploads\/sites\/3\/2024\/03\/AnyConv.com__chocolate-com-pimenta-768x500.webp 768w, https:\/\/www.acidadeon.com\/ribeiraopreto\/wp-content\/uploads\/sites\/3\/2024\/03\/AnyConv.com__chocolate-com-pimenta-696x454.webp 696w, https:\/\/www.acidadeon.com\/ribeiraopreto\/wp-content\/uploads\/sites\/3\/2024\/03\/AnyConv.com__chocolate-com-pimenta-1068x696.webp 1068w, https:\/\/www.acidadeon.com\/ribeiraopreto\/wp-content\/uploads\/sites\/3\/2024\/03\/AnyConv.com__chocolate-com-pimenta.webp 1220w\" sizes=\"auto, (max-width: 1024px) 100vw, 1024px\"\/><figcaption class=\"wp-element-caption\">Chocolate com Pimenta \u00e9 destaque no Ca\u00e7ador de Bares da EPTV (Foto: Reprodu\u00e7\u00e3o\/EPTV)<\/figcaption><\/figure>\n<p>O apresentador tamb\u00e9m visita o <strong>Emp\u00f3rio Mobiglia<\/strong>, que \u00e9 conhecido por abrir bem cedo. L\u00e1, Beto conversa com o comandante do bar para conhecer mais a trajet\u00f3ria do estabelecimento e experimentar o prato mais famoso do local.<\/p>\n<p>J\u00e1 no quadro <strong>\u201cCozinha de Boteco\u201d<\/strong>, Beto vai nos ensinar a preparar a pimenta dedo de mo\u00e7a empanada, com uma receita que n\u00e3o tem chocolate. <mark style=\"background-color:#fcb900\" class=\"has-inline-color has-black-color\">O<strong> Ca\u00e7ador de Bares <\/strong>deste s\u00e1bado (16) vai ao ar \u00e0s 15h45, na <strong>EPTV<\/strong>.<\/mark><\/p>\n<figure class=\"wp-block-image size-large\"><img data-recalc-dims=\"1\" decoding=\"async\" loading=\"lazy\" width=\"1024\" height=\"636\" src=\"https:\/\/i0.wp.com\/www.acidadeon.com\/ribeiraopreto\/wp-content\/uploads\/sites\/3\/2024\/03\/AnyConv.com__prato-especial-1024x636.webp?resize=1024%2C636&#038;ssl=1\" alt=\"\" class=\"wp-image-73628\" srcset=\"https:\/\/www.acidadeon.com\/ribeiraopreto\/wp-content\/uploads\/sites\/3\/2024\/03\/AnyConv.com__prato-especial-1024x636.webp 1024w, https:\/\/www.acidadeon.com\/ribeiraopreto\/wp-content\/uploads\/sites\/3\/2024\/03\/AnyConv.com__prato-especial-300x186.webp 300w, https:\/\/www.acidadeon.com\/ribeiraopreto\/wp-content\/uploads\/sites\/3\/2024\/03\/AnyConv.com__prato-especial-768x477.webp 768w, https:\/\/www.acidadeon.com\/ribeiraopreto\/wp-content\/uploads\/sites\/3\/2024\/03\/AnyConv.com__prato-especial-696x432.webp 696w, https:\/\/www.acidadeon.com\/ribeiraopreto\/wp-content\/uploads\/sites\/3\/2024\/03\/AnyConv.com__prato-especial-1068x664.webp 1068w, https:\/\/www.acidadeon.com\/ribeiraopreto\/wp-content\/uploads\/sites\/3\/2024\/03\/AnyConv.com__prato-especial.webp 1294w\" sizes=\"auto, (max-width: 1024px) 100vw, 1024px\"\/><figcaption class=\"wp-element-caption\">Ca\u00e7ador de Bares ainda conta com receita no Cozinha de Boteco (Foto: Reprodu\u00e7\u00e3o\/EPTV)<\/figcaption><\/figure>\n<p>SAIBA MAIS<br \/>Ribeir\u00e3o Rodeo Music: Ana Castela lan\u00e7a m\u00fasica em parceria com cantor mexicano<\/p>\n<h4 class=\"wp-block-heading\"><strong>FIQUE ON<\/strong><\/h4>\n<p>Fique ligado em tudo que acontece em Ribeir\u00e3o Preto e regi\u00e3o. Siga os perfis do <strong>acidade on <\/strong>no<a href=\"https:\/\/www.instagram.com\/acidadeonribeirao\" target=\"_blank\" rel=\"noreferrer noopener nofollow\"> Instagram <\/a>e no <a href=\"https:\/\/www.facebook.com\/acidadeonribeirao\" target=\"_blank\" rel=\"noreferrer noopener nofollow\">Facebook<\/a>.<\/p>\n<p>Receba not\u00edcias do <strong>acidade on <\/strong>no WhatsApp. <a href=\"https:\/\/chat.whatsapp.com\/GFH9HUMUTHNFJdnyEd0xxq\" target=\"_blank\" rel=\"noreferrer noopener nofollow\">Para entrar no grupo, basta clicar aqui.<\/a><\/p>\n<p>Fa\u00e7a uma den\u00fancia ou sugira uma reportagem sobre Ribeir\u00e3o Preto e regi\u00e3o pelo WhatsApp: 16 99117 7802.<\/p>\n<p>VEJA TAMB\u00c9M<br \/>BBB 24: Prova do L\u00edder pode ser revisada?<\/p>\n<p><!-- AI CONTENT END 1 -->\n<\/div>\n<\/div>\n<p><script async src=\"\/\/www.instagram.com\/embed.js\"><\/script><br \/>\n<br \/><br \/>\n<br \/><a href=\"https:\/\/www.acidadeon.com\/ribeiraopreto\/lazer-e-cultura\/bares-tradicionais-de-ribeirao-preto-ganham-destaque-em-programa-da-eptv\/\">Source link <\/a><\/p>\n<!-- CONTENT END 1 -->\n","protected":false},"excerpt":{"rendered":"<p>No Ca\u00e7ador de Bares, da EPTV, deste s\u00e1bado (16), Beto Moreira vai nos levar para uma cidade referencia em bares e botecos de qualidade, Ribeir\u00e3o&#8230;<\/p>\n","protected":false},"author":1,"featured_media":42636,"comment_status":"open","ping_status":"open","sticky":false,"template":"","format":"standard","meta":{"advanced_seo_description":"","jetpack_seo_html_title":"","jetpack_seo_noindex":false,"jetpack_post_was_ever_published":false,"_jetpack_newsletter_access":"","_jetpack_dont_email_post_to_subs":false,"_jetpack_newsletter_tier_id":0,"_jetpack_memberships_contains_paywalled_content":false,"_jetpack_memberships_contains_paid_content":false,"footnotes":"","jetpack_publicize_message":"","jetpack_publicize_feature_enabled":true,"jetpack_social_post_already_shared":true,"jetpack_social_options":{"image_generator_settings":{"template":"highway","default_image_id":0,"font":"","enabled":false},"version":2}},"categories":[11],"tags":[],"class_list":["post-42635","post","type-post","status-publish","format-standard","has-post-thumbnail","hentry","category-noticias-de-ribeirao-preto-sp-e-regiao-ismael-colosi"],"jetpack_publicize_connections":[],"jetpack_featured_media_url":"https:\/\/i0.wp.com\/noticiasribeiraopreto.com.br\/wp-content\/uploads\/2024\/03\/AnyConv.com__cacador-de-bares.webp.webp?fit=1316%2C810&ssl=1","jetpack-related-posts":[{"id":58410,"url":"https:\/\/noticiasribeiraopreto.com.br\/index.php\/2024\/09\/26\/bar-tematico-em-carros-de-corrida-e-destaque-em-programa-da-eptv\/","url_meta":{"origin":42635,"position":0},"title":"Bar tem\u00e1tico em carros de corrida \u00e9 destaque em programa da EPTV","author":"noticiasribeiraopreto.com.br","date":"26 de September de 2024","format":false,"excerpt":"No programa\u00a0Ca\u00e7ador de Bares, da\u00a0EPTV,\u00a0deste s\u00e1bado (28), o apresentador Beto Moreira vai conhecer dois bares, em Ribeir\u00e3o Preto. O Sprint Bar, que fica na zona Leste da cidade, ser\u00e1 a primeira parada do apresentador. O local \u00e9 todo decorado com motivos automobil\u00edsticos e, curiosamente, fica em cima de uma oficina\u2026","rel":"","context":"In &quot;Not\u00edcias de Ribeir\u00e3o Preto-SP e Regi\u00e3o&quot;","block_context":{"text":"Not\u00edcias de Ribeir\u00e3o Preto-SP e Regi\u00e3o","link":"https:\/\/noticiasribeiraopreto.com.br\/index.php\/category\/noticias-de-ribeirao-preto-sp-e-regiao-ismael-colosi\/"},"img":{"alt_text":"","src":"https:\/\/i0.wp.com\/noticiasribeiraopreto.com.br\/wp-content\/uploads\/2024\/09\/Imagem-do-WhatsApp-de-2024-09-26-as-15.49.15_ce2b0b46_2024-09-26_19-57-58_jpg_2024-09-26_19-57-58.webp.webp?fit=1200%2C670&ssl=1&resize=350%2C200","width":350,"height":200,"srcset":"https:\/\/i0.wp.com\/noticiasribeiraopreto.com.br\/wp-content\/uploads\/2024\/09\/Imagem-do-WhatsApp-de-2024-09-26-as-15.49.15_ce2b0b46_2024-09-26_19-57-58_jpg_2024-09-26_19-57-58.webp.webp?fit=1200%2C670&ssl=1&resize=350%2C200 1x, https:\/\/i0.wp.com\/noticiasribeiraopreto.com.br\/wp-content\/uploads\/2024\/09\/Imagem-do-WhatsApp-de-2024-09-26-as-15.49.15_ce2b0b46_2024-09-26_19-57-58_jpg_2024-09-26_19-57-58.webp.webp?fit=1200%2C670&ssl=1&resize=525%2C300 1.5x, https:\/\/i0.wp.com\/noticiasribeiraopreto.com.br\/wp-content\/uploads\/2024\/09\/Imagem-do-WhatsApp-de-2024-09-26-as-15.49.15_ce2b0b46_2024-09-26_19-57-58_jpg_2024-09-26_19-57-58.webp.webp?fit=1200%2C670&ssl=1&resize=700%2C400 2x, https:\/\/i0.wp.com\/noticiasribeiraopreto.com.br\/wp-content\/uploads\/2024\/09\/Imagem-do-WhatsApp-de-2024-09-26-as-15.49.15_ce2b0b46_2024-09-26_19-57-58_jpg_2024-09-26_19-57-58.webp.webp?fit=1200%2C670&ssl=1&resize=1050%2C600 3x"},"classes":[]},{"id":58418,"url":"https:\/\/noticiasribeiraopreto.com.br\/index.php\/2024\/09\/26\/bar-tematico-em-carros-de-corrida-e-destaque-em-programa-da-eptv-2\/","url_meta":{"origin":42635,"position":1},"title":"Bar tem\u00e1tico em carros de corrida \u00e9 destaque em programa da EPTV","author":"noticiasribeiraopreto.com.br","date":"26 de September de 2024","format":false,"excerpt":"No programa\u00a0Ca\u00e7ador de Bares, da\u00a0EPTV,\u00a0deste s\u00e1bado (28), o apresentador Beto Moreira vai conhecer dois bares, em Ribeir\u00e3o Preto. O Sprint Bar, que fica na zona Leste da cidade, ser\u00e1 a primeira parada do apresentador. O local \u00e9 todo decorado com motivos automobil\u00edsticos e, curiosamente, fica em cima de uma oficina\u2026","rel":"","context":"In &quot;Not\u00edcias de Ribeir\u00e3o Preto-SP e Regi\u00e3o&quot;","block_context":{"text":"Not\u00edcias de Ribeir\u00e3o Preto-SP e Regi\u00e3o","link":"https:\/\/noticiasribeiraopreto.com.br\/index.php\/category\/noticias-de-ribeirao-preto-sp-e-regiao-ismael-colosi\/"},"img":{"alt_text":"","src":"https:\/\/i0.wp.com\/noticiasribeiraopreto.com.br\/wp-content\/uploads\/2024\/09\/Imagem-do-WhatsApp-de-2024-09-26-as-15.49.14_a86fea6c_2024-09-26_20-31-17_jpg_2024-09-26_20-31-17.webp.webp?fit=1200%2C653&ssl=1&resize=350%2C200","width":350,"height":200,"srcset":"https:\/\/i0.wp.com\/noticiasribeiraopreto.com.br\/wp-content\/uploads\/2024\/09\/Imagem-do-WhatsApp-de-2024-09-26-as-15.49.14_a86fea6c_2024-09-26_20-31-17_jpg_2024-09-26_20-31-17.webp.webp?fit=1200%2C653&ssl=1&resize=350%2C200 1x, https:\/\/i0.wp.com\/noticiasribeiraopreto.com.br\/wp-content\/uploads\/2024\/09\/Imagem-do-WhatsApp-de-2024-09-26-as-15.49.14_a86fea6c_2024-09-26_20-31-17_jpg_2024-09-26_20-31-17.webp.webp?fit=1200%2C653&ssl=1&resize=525%2C300 1.5x, https:\/\/i0.wp.com\/noticiasribeiraopreto.com.br\/wp-content\/uploads\/2024\/09\/Imagem-do-WhatsApp-de-2024-09-26-as-15.49.14_a86fea6c_2024-09-26_20-31-17_jpg_2024-09-26_20-31-17.webp.webp?fit=1200%2C653&ssl=1&resize=700%2C400 2x, https:\/\/i0.wp.com\/noticiasribeiraopreto.com.br\/wp-content\/uploads\/2024\/09\/Imagem-do-WhatsApp-de-2024-09-26-as-15.49.14_a86fea6c_2024-09-26_20-31-17_jpg_2024-09-26_20-31-17.webp.webp?fit=1200%2C653&ssl=1&resize=1050%2C600 3x"},"classes":[]},{"id":40597,"url":"https:\/\/noticiasribeiraopreto.com.br\/index.php\/2024\/03\/04\/veja-quando-comeca-nova-edicao-do-comida-di-buteco-em-ribeirao-preto\/","url_meta":{"origin":42635,"position":2},"title":"Veja quando come\u00e7a nova edi\u00e7\u00e3o do Comida di Buteco em Ribeir\u00e3o Preto","author":"noticiasribeiraopreto.com.br","date":"4 de March de 2024","format":false,"excerpt":"A 24\u00aa edi\u00e7\u00e3o do Comida di Buteco j\u00e1 tem data para acontecer em Ribeir\u00e3o Preto. A competi\u00e7\u00e3o que vai eleger o melhor boteco do munic\u00edpio acontece entre os dias 5 e 18 de abril. Neste ano ser\u00e3o 28 estabelecimentos participando da competi\u00e7\u00e3o. Os estabelecimentos e os petiscos, contudo, ainda n\u00e3o\u2026","rel":"","context":"In &quot;Not\u00edcias de Ribeir\u00e3o Preto-SP e Regi\u00e3o&quot;","block_context":{"text":"Not\u00edcias de Ribeir\u00e3o Preto-SP e Regi\u00e3o","link":"https:\/\/noticiasribeiraopreto.com.br\/index.php\/category\/noticias-de-ribeirao-preto-sp-e-regiao-ismael-colosi\/"},"img":{"alt_text":"","src":"https:\/\/i0.wp.com\/noticiasribeiraopreto.com.br\/wp-content\/uploads\/2024\/03\/bar-do-jefferson-bolinguica-ribeirao-preto2022-renata-prado.webp.webp?fit=984%2C656&ssl=1&resize=350%2C200","width":350,"height":200,"srcset":"https:\/\/i0.wp.com\/noticiasribeiraopreto.com.br\/wp-content\/uploads\/2024\/03\/bar-do-jefferson-bolinguica-ribeirao-preto2022-renata-prado.webp.webp?fit=984%2C656&ssl=1&resize=350%2C200 1x, https:\/\/i0.wp.com\/noticiasribeiraopreto.com.br\/wp-content\/uploads\/2024\/03\/bar-do-jefferson-bolinguica-ribeirao-preto2022-renata-prado.webp.webp?fit=984%2C656&ssl=1&resize=525%2C300 1.5x, https:\/\/i0.wp.com\/noticiasribeiraopreto.com.br\/wp-content\/uploads\/2024\/03\/bar-do-jefferson-bolinguica-ribeirao-preto2022-renata-prado.webp.webp?fit=984%2C656&ssl=1&resize=700%2C400 2x"},"classes":[]},{"id":40835,"url":"https:\/\/noticiasribeiraopreto.com.br\/index.php\/2024\/03\/05\/comida-di-buteco-acontece-em-abril\/","url_meta":{"origin":42635,"position":3},"title":"\u2018Comida di Buteco\u2019 acontece em abril \u00a0","author":"noticiasribeiraopreto.com.br","date":"5 de March de 2024","format":false,"excerpt":"5 de mar\u00e7o de 2024 | 18:005 de mar\u00e7o de 2024 | 10:27 0Ribeir\u00e3o Preto-SP recebe, entre os dias 5 e 28 de abril, a 24\u00aa edi\u00e7\u00e3o do Comida di Buteco. Com o lema \u201cSomos Todos Buteco\u201d, o concurso quer trazer o boteco como protagonista da sociedade brasileira, valorizando a\u2026","rel":"","context":"In &quot;Not\u00edcias de Ribeir\u00e3o Preto-SP e Regi\u00e3o&quot;","block_context":{"text":"Not\u00edcias de Ribeir\u00e3o Preto-SP e Regi\u00e3o","link":"https:\/\/noticiasribeiraopreto.com.br\/index.php\/category\/noticias-de-ribeirao-preto-sp-e-regiao-ismael-colosi\/"},"img":{"alt_text":"","src":"https:\/\/i0.wp.com\/noticiasribeiraopreto.com.br\/wp-content\/uploads\/2024\/03\/Buteco-Detalhe-Renata-Prado-Fuligem-scaled.jpg?fit=967%2C645&ssl=1&resize=350%2C200","width":350,"height":200,"srcset":"https:\/\/i0.wp.com\/noticiasribeiraopreto.com.br\/wp-content\/uploads\/2024\/03\/Buteco-Detalhe-Renata-Prado-Fuligem-scaled.jpg?fit=967%2C645&ssl=1&resize=350%2C200 1x, https:\/\/i0.wp.com\/noticiasribeiraopreto.com.br\/wp-content\/uploads\/2024\/03\/Buteco-Detalhe-Renata-Prado-Fuligem-scaled.jpg?fit=967%2C645&ssl=1&resize=525%2C300 1.5x, https:\/\/i0.wp.com\/noticiasribeiraopreto.com.br\/wp-content\/uploads\/2024\/03\/Buteco-Detalhe-Renata-Prado-Fuligem-scaled.jpg?fit=967%2C645&ssl=1&resize=700%2C400 2x"},"classes":[]},{"id":46828,"url":"https:\/\/noticiasribeiraopreto.com.br\/index.php\/2024\/04\/15\/qual-o-tema-e-as-novidades-do-comida-di-buteco-para-2024\/","url_meta":{"origin":42635,"position":4},"title":"Qual o tema e as novidades do Comida di Buteco para 2024?","author":"noticiasribeiraopreto.com.br","date":"15 de April de 2024","format":false,"excerpt":"Em 2024 o tema \u00e9 livre! Criatividade, inova\u00e7\u00e3o, mem\u00f3ria e motiva\u00e7\u00e3o s\u00e3o os temperos. Ano sim, ano n\u00e3o, o concurso lan\u00e7a um tema para a cria\u00e7\u00e3o dos petiscos.\u00a0 Em 2024 o tema \u00e9 livre! Criatividade, resgate, inova\u00e7\u00e3o, pesquisa, motiva\u00e7\u00e3o foram os temperos para os participantes, que criaram cada um dos\u2026","rel":"","context":"In &quot;Not\u00edcias de Ribeir\u00e3o Preto-SP e Regi\u00e3o&quot;","block_context":{"text":"Not\u00edcias de Ribeir\u00e3o Preto-SP e Regi\u00e3o","link":"https:\/\/noticiasribeiraopreto.com.br\/index.php\/category\/noticias-de-ribeirao-preto-sp-e-regiao-ismael-colosi\/"},"img":{"alt_text":"","src":"https:\/\/i0.wp.com\/noticiasribeiraopreto.com.br\/wp-content\/uploads\/2024\/04\/banner-op1.webp.webp?fit=752%2C501&ssl=1&resize=350%2C200","width":350,"height":200,"srcset":"https:\/\/i0.wp.com\/noticiasribeiraopreto.com.br\/wp-content\/uploads\/2024\/04\/banner-op1.webp.webp?fit=752%2C501&ssl=1&resize=350%2C200 1x, https:\/\/i0.wp.com\/noticiasribeiraopreto.com.br\/wp-content\/uploads\/2024\/04\/banner-op1.webp.webp?fit=752%2C501&ssl=1&resize=525%2C300 1.5x, https:\/\/i0.wp.com\/noticiasribeiraopreto.com.br\/wp-content\/uploads\/2024\/04\/banner-op1.webp.webp?fit=752%2C501&ssl=1&resize=700%2C400 2x"},"classes":[]},{"id":45714,"url":"https:\/\/noticiasribeiraopreto.com.br\/index.php\/2024\/04\/05\/comida-di-buteco-comeca-hoje-em-rp\/","url_meta":{"origin":42635,"position":5},"title":"\u2018Comida di Buteco\u2019 come\u00e7a hoje em RP \u00a0","author":"noticiasribeiraopreto.com.br","date":"5 de April de 2024","format":false,"excerpt":"Ribeir\u00e3o Preto recebe a partir desta sexta-feira, 5 de abril, a 24\u00aa edi\u00e7\u00e3o do Comida di Buteco. Com o lema \u201cSomos Todos Buteco\u201d, o concurso quer trazer o boteco como protagonista da sociedade brasileira, valorizando a \u201ccultura botequeira\u201d, segundo os organizadores. O evento vai at\u00e9 dia 28 com 27 estabelecimentos\u2026","rel":"","context":"In &quot;Not\u00edcias de Ribeir\u00e3o Preto-SP e Regi\u00e3o&quot;","block_context":{"text":"Not\u00edcias de Ribeir\u00e3o Preto-SP e Regi\u00e3o","link":"https:\/\/noticiasribeiraopreto.com.br\/index.php\/category\/noticias-de-ribeirao-preto-sp-e-regiao-ismael-colosi\/"},"img":{"alt_text":"","src":"","width":0,"height":0},"classes":[]}],"jetpack_sharing_enabled":true,"jetpack_shortlink":"https:\/\/wp.me\/peQAOb-b5F","_links":{"self":[{"href":"https:\/\/noticiasribeiraopreto.com.br\/index.php\/wp-json\/wp\/v2\/posts\/42635","targetHints":{"allow":["GET"]}}],"collection":[{"href":"https:\/\/noticiasribeiraopreto.com.br\/index.php\/wp-json\/wp\/v2\/posts"}],"about":[{"href":"https:\/\/noticiasribeiraopreto.com.br\/index.php\/wp-json\/wp\/v2\/types\/post"}],"author":[{"embeddable":true,"href":"https:\/\/noticiasribeiraopreto.com.br\/index.php\/wp-json\/wp\/v2\/users\/1"}],"replies":[{"embeddable":true,"href":"https:\/\/noticiasribeiraopreto.com.br\/index.php\/wp-json\/wp\/v2\/comments?post=42635"}],"version-history":[{"count":0,"href":"https:\/\/noticiasribeiraopreto.com.br\/index.php\/wp-json\/wp\/v2\/posts\/42635\/revisions"}],"wp:featuredmedia":[{"embeddable":true,"href":"https:\/\/noticiasribeiraopreto.com.br\/index.php\/wp-json\/wp\/v2\/media\/42636"}],"wp:attachment":[{"href":"https:\/\/noticiasribeiraopreto.com.br\/index.php\/wp-json\/wp\/v2\/media?parent=42635"}],"wp:term":[{"taxonomy":"category","embeddable":true,"href":"https:\/\/noticiasribeiraopreto.com.br\/index.php\/wp-json\/wp\/v2\/categories?post=42635"},{"taxonomy":"post_tag","embeddable":true,"href":"https:\/\/noticiasribeiraopreto.com.br\/index.php\/wp-json\/wp\/v2\/tags?post=42635"}],"curies":[{"name":"wp","href":"https:\/\/api.w.org\/{rel}","templated":true}]}}