{"id":42639,"date":"2024-03-15T17:01:06","date_gmt":"2024-03-15T20:01:06","guid":{"rendered":"https:\/\/noticiasribeiraopreto.com.br\/index.php\/2024\/03\/15\/cometa-do-diabo-sera-visivel-da-terra\/"},"modified":"2024-03-15T17:01:06","modified_gmt":"2024-03-15T20:01:06","slug":"cometa-do-diabo-sera-visivel-da-terra","status":"publish","type":"post","link":"https:\/\/noticiasribeiraopreto.com.br\/index.php\/2024\/03\/15\/cometa-do-diabo-sera-visivel-da-terra\/","title":{"rendered":"\u2018Cometa do Diabo\u2019 ser\u00e1 vis\u00edvel da Terra \u00a0"},"content":{"rendered":"<div class='code-block code-block-1' style='margin: 8px 0 8px auto; text-align: right; display: block; clear: both;'>\n<p><a href=\"https:\/\/wa.link\/vpicfd\"><img data-recalc-dims=\"1\" class=\"wp-image-4922\" style=\"aspect-ratio: 2.0253164556962027; width: 561px; height: auto;\" src=\"https:\/\/i0.wp.com\/ismaelcolosi.com.br\/wp-content\/uploads\/2023\/11\/grupo-de-empregos-whatsapp-e-facebook-ismael-colosi-vagas.jpg?ssl=1\" alt=\"\" \/><\/a><\/p>\n<!-- \/wp:image -->\n<\/div>\n<p> <br \/>\n<\/p>\n<div id=\"\">\n<p> <span class=\"entry-meta-item penci-posted-on\"><i class=\"fa fa-clock-o\"\/><time class=\"entry-date published\" datetime=\"2024-03-15T17:00:20-03:00\">15 de mar\u00e7o de 2024 | 17:00<\/time><time class=\"updated\" datetime=\"2024-03-15T12:42:10-03:00\">15 de mar\u00e7o de 2024 | 12:42<\/time><\/span><\/p>\n<p> <span class=\"penci-social-buttons penci-social-share-footer\"><a href=\"#\" class=\"penci-post-like penci_post-meta_item  single-like-button penci-social-item like\" data-post_id=\"377506\" title=\"Like\" data-like=\"Like\" data-unlike=\"Unlike\"><i class=\"fa fa-thumbs-o-up\"\/><span class=\"penci-share-number\">0<\/span><\/a><i class=\"fa fa-facebook\"\/><a class=\"penci-social-item twitter\" target=\"_blank\" rel=\"noopener\" title=\"\" href=\"https:\/\/twitter.com\/intent\/tweet?text=\u2018Cometa%20do%20Diabo%20ser\u00e1%20vis\u00edvel%20da%20Terra%20\u00a0%20-%20https:\/\/www.tribunaribeirao.com.br\/site\/cometa-do-diabo-sera-visivel-da-terra\/\"><i class=\"fa fa-twitter\"\/><\/a><i class=\"fa fa-whatsapp\"\/><\/span><\/div>\n<div>\n<p><span class=\"TextRun Underlined SCXW113086298 BCX0\" lang=\"PT-BR\" xml:lang=\"PT-BR\" data-contrast=\"auto\"><span class=\"NormalTextRun SCXW113086298 BCX0\">Ramana<\/span> <span class=\"NormalTextRun SCXW113086298 BCX0\">Rech<\/span><span class=\"NormalTextRun SCXW113086298 BCX0\"> (AE<\/span><span class=\"NormalTextRun SCXW113086298 BCX0\">)<\/span><\/span><span class=\"LineBreakBlob BlobObject DragDrop SCXW113086298 BCX0\"><span class=\"SCXW113086298 BCX0\">\u00a0<\/span><br class=\"SCXW113086298 BCX0\"\/><\/span><span class=\"LineBreakBlob BlobObject DragDrop SCXW113086298 BCX0\"><span class=\"SCXW113086298 BCX0\">\u00a0<\/span><br class=\"SCXW113086298 BCX0\"\/><\/span><span class=\"TextRun SCXW113086298 BCX0\" lang=\"PT-BR\" xml:lang=\"PT-BR\" data-contrast=\"auto\"><span class=\"NormalTextRun SCXW113086298 BCX0\">O \u201cCometa do Diabo\u201d, cujo nome t\u00e9cnico \u00e9 12P\/<\/span><span class=\"NormalTextRun SCXW113086298 BCX0\">Pons-Brooks<\/span><span class=\"NormalTextRun SCXW113086298 BCX0\">, poder\u00e1 se tornar vis\u00edvel da Terra nas pr\u00f3ximas semanas, particularmente no hemisf\u00e9rio norte, e a partir do dia 21 de abril no hemisf\u00e9rio sul e no Brasil. Nesse dia, o cometa chegar\u00e1 mais perto do Sol, momento chamado de peri\u00e9lio. <\/span><\/span><span class=\"LineBreakBlob BlobObject DragDrop SCXW113086298 BCX0\"><span class=\"SCXW113086298 BCX0\">\u00a0<\/span><br class=\"SCXW113086298 BCX0\"\/><\/span><span class=\"LineBreakBlob BlobObject DragDrop SCXW113086298 BCX0\"><span class=\"SCXW113086298 BCX0\">\u00a0<\/span><br class=\"SCXW113086298 BCX0\"\/><\/span><span class=\"TextRun SCXW113086298 BCX0\" lang=\"PT-BR\" xml:lang=\"PT-BR\" data-contrast=\"auto\"><span class=\"NormalTextRun SCXW113086298 BCX0\">O objeto celeste demora 71,3 anos para dar uma volta em torno do Sol. Embora haja uma expectativa de que o corpo celeste se torne vis\u00edvel a olho nu, n\u00e3o h\u00e1 garantias e \u00e9 indicado o uso de bin\u00f3culos.<\/span> <span class=\"NormalTextRun SCXW113086298 BCX0\">Por enquanto, o cometa passa pela constela\u00e7\u00e3o de Andr\u00f4meda<\/span><span class=\"NormalTextRun SCXW113086298 BCX0\">.<\/span><\/span><span class=\"LineBreakBlob BlobObject DragDrop SCXW113086298 BCX0\"><span class=\"SCXW113086298 BCX0\">\u00a0<\/span><br class=\"SCXW113086298 BCX0\"\/><\/span><span class=\"LineBreakBlob BlobObject DragDrop SCXW113086298 BCX0\"><span class=\"SCXW113086298 BCX0\">\u00a0<\/span><br class=\"SCXW113086298 BCX0\"\/><\/span><span class=\"TextRun SCXW113086298 BCX0\" lang=\"PT-BR\" xml:lang=\"PT-BR\" data-contrast=\"auto\"><span class=\"NormalTextRun SCXW113086298 BCX0\">Est\u00e1 <\/span><span class=\"NormalTextRun SCXW113086298 BCX0\">a 245 milh\u00f5es de quil\u00f4metros da Terra, conta o astrof\u00edsico e p\u00f3s-doutor do Observat\u00f3rio Nacional, Filipe Monteiro. As apari\u00e7\u00f5es do cometa costumam ser brilhantes devido <\/span><span class=\"NormalTextRun ContextualSpellingAndGrammarErrorV2Themed SCXW113086298 BCX0\">\u00e0<\/span><span class=\"NormalTextRun SCXW113086298 BCX0\"> explos\u00f5es de g\u00e1s e poeira sendo liberados debaixo de sua superf\u00edcie.<\/span><\/span><span class=\"LineBreakBlob BlobObject DragDrop SCXW113086298 BCX0\"><span class=\"SCXW113086298 BCX0\">\u00a0<\/span><br class=\"SCXW113086298 BCX0\"\/><\/span><span class=\"LineBreakBlob BlobObject DragDrop SCXW113086298 BCX0\"><span class=\"SCXW113086298 BCX0\">\u00a0<\/span><br class=\"SCXW113086298 BCX0\"\/><\/span><span class=\"TextRun SCXW113086298 BCX0\" lang=\"PT-BR\" xml:lang=\"PT-BR\" data-contrast=\"auto\"><span class=\"NormalTextRun SCXW113086298 BCX0\">Durante o peri\u00e9lio, quando ficar\u00e1 a uma dist\u00e2ncia de 0,78 unidades astron\u00f4micas do Sol ou mais de 116 milh\u00f5es de quil\u00f4metros, o cometa ir\u00e1 atingir seu brilho m\u00e1ximo. No entanto, destaca Monteiro, isso n\u00e3o traz garantias de que o 12P\/<\/span><span class=\"NormalTextRun SCXW113086298 BCX0\">Pons-Brooks<\/span><span class=\"NormalTextRun SCXW113086298 BCX0\"> poder\u00e1 ser visto a olho nu, j\u00e1 que o brilho dele \u00e9 imprevis\u00edvel.<\/span><\/span><span class=\"LineBreakBlob BlobObject DragDrop SCXW113086298 BCX0\"><span class=\"SCXW113086298 BCX0\">\u00a0<\/span><br class=\"SCXW113086298 BCX0\"\/><\/span><span class=\"LineBreakBlob BlobObject DragDrop SCXW113086298 BCX0\"><span class=\"SCXW113086298 BCX0\">\u00a0<\/span><br class=\"SCXW113086298 BCX0\"\/><\/span><span class=\"TextRun SCXW113086298 BCX0\" lang=\"PT-BR\" xml:lang=\"PT-BR\" data-contrast=\"auto\"><span class=\"NormalTextRun SCXW113086298 BCX0\">Para testemunhar o peri\u00e9lio do corpo celeste, os observadores dever\u00e3o olhar para o horizonte oeste, na mesma dire\u00e7\u00e3o do p\u00f4r do Sol, que ser\u00e1 o hor\u00e1rio em que o cometa ficar\u00e1 mais vis\u00edvel.<\/span> <span class=\"NormalTextRun SCXW113086298 BCX0\">Em abril, o Cometa do Diabo estar\u00e1 abaixo da constela\u00e7\u00e3o de Touro e, em maio, abaixo da constela\u00e7\u00e3o de <\/span><span class=\"NormalTextRun SCXW113086298 BCX0\">\u00d3rion<\/span><span class=\"NormalTextRun SCXW113086298 BCX0\">. <\/span><\/span><span class=\"LineBreakBlob BlobObject DragDrop SCXW113086298 BCX0\"><span class=\"SCXW113086298 BCX0\">\u00a0<\/span><br class=\"SCXW113086298 BCX0\"\/><\/span><span class=\"LineBreakBlob BlobObject DragDrop SCXW113086298 BCX0\"><span class=\"SCXW113086298 BCX0\">\u00a0<\/span><br class=\"SCXW113086298 BCX0\"\/><\/span><span class=\"TextRun SCXW113086298 BCX0\" lang=\"PT-BR\" xml:lang=\"PT-BR\" data-contrast=\"auto\"><span class=\"NormalTextRun SCXW113086298 BCX0\">O hor\u00e1rio em que o corpo celeste se tornar\u00e1 vis\u00edvel varia conforme a regi\u00e3o do Brasil por conta da diferen\u00e7a da hora em que o Sol se p\u00f5e. Em outros momentos do dia, n\u00e3o ser\u00e1 poss\u00edvel observar o corpo celeste mesmo com o uso de bin\u00f3culos e telesc\u00f3pio.<\/span><\/span><span class=\"LineBreakBlob BlobObject DragDrop SCXW113086298 BCX0\"><span class=\"SCXW113086298 BCX0\">\u00a0<\/span><br class=\"SCXW113086298 BCX0\"\/><\/span><span class=\"LineBreakBlob BlobObject DragDrop SCXW113086298 BCX0\"><span class=\"SCXW113086298 BCX0\">\u00a0<\/span><br class=\"SCXW113086298 BCX0\"\/><\/span><span class=\"TextRun SCXW113086298 BCX0\" lang=\"PT-BR\" xml:lang=\"PT-BR\" data-contrast=\"auto\"><span class=\"NormalTextRun SCXW113086298 BCX0\">No Norte, mais especificamente no Acre, o cometa permanecer\u00e1 vis\u00edvel at\u00e9 por volta das 19h50, porque o Estado est\u00e1 no extremo leste do <\/span><span class=\"NormalTextRun SCXW113086298 BCX0\">p<\/span><span class=\"NormalTextRun SCXW113086298 BCX0\">a\u00eds. No Nordeste, por outro lado, observadores poder\u00e3o enxergar o 12P\/<\/span><span class=\"NormalTextRun SCXW113086298 BCX0\">Pons-Brooks<\/span><span class=\"NormalTextRun SCXW113086298 BCX0\"> entre 17h45 e 18h20. <\/span><\/span><span class=\"LineBreakBlob BlobObject DragDrop SCXW113086298 BCX0\"><span class=\"SCXW113086298 BCX0\">\u00a0<\/span><br class=\"SCXW113086298 BCX0\"\/><\/span><span class=\"LineBreakBlob BlobObject DragDrop SCXW113086298 BCX0\"><span class=\"SCXW113086298 BCX0\">\u00a0<\/span><br class=\"SCXW113086298 BCX0\"\/><\/span><span class=\"TextRun SCXW113086298 BCX0\" lang=\"PT-BR\" xml:lang=\"PT-BR\" data-contrast=\"auto\"><span class=\"NormalTextRun SCXW113086298 BCX0\">J\u00e1 no Rio de Janeiro, o cometa poder\u00e1 ser visto at\u00e9 umas 18h20. Por estarem mais pr\u00f3ximos da Linha do Equador, Norte Nordeste ter\u00e3o a chance de presenciar o corpo celeste a uma altura melhor antes do restante do Brasil.<\/span><\/span><span class=\"LineBreakBlob BlobObject DragDrop SCXW113086298 BCX0\"><span class=\"SCXW113086298 BCX0\">\u00a0<\/span><br class=\"SCXW113086298 BCX0\"\/><\/span><span class=\"LineBreakBlob BlobObject DragDrop SCXW113086298 BCX0\"><span class=\"SCXW113086298 BCX0\">\u00a0<\/span><br class=\"SCXW113086298 BCX0\"\/><\/span><span class=\"TextRun SCXW113086298 BCX0\" lang=\"PT-BR\" xml:lang=\"PT-BR\" data-contrast=\"auto\"><span class=\"NormalTextRun SCXW113086298 BCX0\">\u201c<\/span><span class=\"NormalTextRun SCXW113086298 BCX0\">A maior dificuldade ser\u00e1 encontrar um lugar com o horizonte oeste livre, visto que o cometa est\u00e1 muito baixo no c\u00e9u, numa altura de cerca de 15 graus\u201d, afirma Monteiro. A partir da segunda quinzena de maio, o cometa vai ficando mais alto, mas tamb\u00e9m vai perdendo brilho.<\/span><\/span><span class=\"LineBreakBlob BlobObject DragDrop SCXW113086298 BCX0\"><span class=\"SCXW113086298 BCX0\">\u00a0<\/span><br class=\"SCXW113086298 BCX0\"\/><\/span><span class=\"LineBreakBlob BlobObject DragDrop SCXW113086298 BCX0\"><span class=\"SCXW113086298 BCX0\">\u00a0<\/span><br class=\"SCXW113086298 BCX0\"\/><\/span><span class=\"TextRun SCXW113086298 BCX0\" lang=\"PT-BR\" xml:lang=\"PT-BR\" data-contrast=\"auto\"><span class=\"NormalTextRun SCXW113086298 BCX0\">O dia 2 de junho \u00e9 a data em que o cometa ficar\u00e1 mais perto da Terra, mas n\u00e3o h\u00e1 perigo de colis\u00e3o. A proximidade do 12P\/<\/span><span class=\"NormalTextRun SCXW113086298 BCX0\">Pons-Brooks<\/span><span class=\"NormalTextRun SCXW113086298 BCX0\"> com o planeta n\u00e3o significa que ser\u00e1 mais f\u00e1cil de v\u00ea-lo, j\u00e1 que estar\u00e1 mais longe do Sol. Nessa data, observadores do hemisf\u00e9rio sul ainda poder\u00e3o presenciar o 12P\/<\/span><span class=\"NormalTextRun SCXW113086298 BCX0\">Pons-Brooks<\/span><span class=\"NormalTextRun SCXW113086298 BCX0\"> com a ajuda de bin\u00f3culos e telesc\u00f3pios.<\/span><\/span><span class=\"LineBreakBlob BlobObject DragDrop SCXW113086298 BCX0\"><span class=\"SCXW113086298 BCX0\">\u00a0<\/span><br class=\"SCXW113086298 BCX0\"\/><\/span><span class=\"LineBreakBlob BlobObject DragDrop SCXW113086298 BCX0\"><span class=\"SCXW113086298 BCX0\">\u00a0<\/span><br class=\"SCXW113086298 BCX0\"\/><\/span><span class=\"TextRun SCXW113086298 BCX0\" lang=\"PT-BR\" xml:lang=\"PT-BR\" data-contrast=\"auto\"><span class=\"NormalTextRun SCXW113086298 BCX0\">Segundo a Ag\u00eancia Aeroespacial dos Estados Unidos (<\/span><span class=\"NormalTextRun SCXW113086298 BCX0\">Nasa<\/span><span class=\"NormalTextRun SCXW113086298 BCX0\">), no hemisf\u00e9rio norte, o objeto j\u00e1 \u00e9 vis\u00edvel com o uso de equipamentos. Por l\u00e1, a expectativa \u00e9 de que o cometa possa ser visto a olho nu em <\/span><span class=\"NormalTextRun SCXW113086298 BCX0\">8<\/span><span class=\"NormalTextRun SCXW113086298 BCX0\"> de abril, quando tamb\u00e9m acontecer\u00e1 um eclipse solar total no norte do planeta.<\/span><\/span><span class=\"LineBreakBlob BlobObject DragDrop SCXW113086298 BCX0\"><span class=\"SCXW113086298 BCX0\">\u00a0<\/span><br class=\"SCXW113086298 BCX0\"\/><\/span><span class=\"LineBreakBlob BlobObject DragDrop SCXW113086298 BCX0\"><span class=\"SCXW113086298 BCX0\">\u00a0<\/span><br class=\"SCXW113086298 BCX0\"\/><\/span><span class=\"TextRun SCXW113086298 BCX0\" lang=\"PT-BR\" xml:lang=\"PT-BR\" data-contrast=\"auto\"><span class=\"NormalTextRun SCXW113086298 BCX0\">O nome do Cometa do Diabo faz refer\u00eancia ao seu formato de chifre, resultado de uma press\u00e3o da radia\u00e7\u00e3o do Sol que formou uma esp\u00e9cie de cauda de g\u00e1s e poeira. O astr\u00f4nomo <\/span><span class=\"NormalTextRun SCXW113086298 BCX0\">Elek<\/span> <span class=\"NormalTextRun SpellingErrorV2Themed SCXW113086298 BCX0\">Tam\u00e1s<\/span><span class=\"NormalTextRun SCXW113086298 BCX0\"> do Observat\u00f3rio <\/span><span class=\"NormalTextRun SpellingErrorV2Themed SCXW113086298 BCX0\">Harsona<\/span><span class=\"NormalTextRun SCXW113086298 BCX0\">, na Hungria, observou ao olhar imagens do cometa de 2023 que ele estava consideravelmente mais brilhante por conta de uma explos\u00e3o, que tamb\u00e9m \u201centortou\u201d sua cauda.<\/span><\/span><span class=\"LineBreakBlob BlobObject DragDrop SCXW113086298 BCX0\"><span class=\"SCXW113086298 BCX0\">\u00a0<\/span><br class=\"SCXW113086298 BCX0\"\/><\/span><span class=\"LineBreakBlob BlobObject DragDrop SCXW113086298 BCX0\"><span class=\"SCXW113086298 BCX0\">\u00a0<\/span><br class=\"SCXW113086298 BCX0\"\/><\/span><span class=\"TextRun SCXW113086298 BCX0\" lang=\"PT-BR\" xml:lang=\"PT-BR\" data-contrast=\"auto\"><span class=\"NormalTextRun SCXW113086298 BCX0\">V\u00e1rios astr\u00f4nomos se debru\u00e7am sobre as poss\u00edveis causas para o formato de chifre do Cometa do Diabo. Uma das hip\u00f3teses exploradas diz que o cometa est\u00e1 expelindo g\u00e1s e poeira de forma desigual. Outra possibilidade avalia que h\u00e1 um bloqueio da vis\u00e3o de parte do material brilhante atr\u00e1s dele.<\/span><\/span><span class=\"LineBreakBlob BlobObject DragDrop SCXW113086298 BCX0\"><span class=\"SCXW113086298 BCX0\">\u00a0<\/span><br class=\"SCXW113086298 BCX0\"\/><\/span><span class=\"LineBreakBlob BlobObject DragDrop SCXW113086298 BCX0\"><span class=\"SCXW113086298 BCX0\">\u00a0<\/span><br class=\"SCXW113086298 BCX0\"\/><\/span><span class=\"TextRun SCXW113086298 BCX0\" lang=\"PT-BR\" xml:lang=\"PT-BR\" data-contrast=\"auto\"><span class=\"NormalTextRun SCXW113086298 BCX0\">O 12P\/<\/span><span class=\"NormalTextRun SCXW113086298 BCX0\">Pons-Brooks<\/span><span class=\"NormalTextRun SCXW113086298 BCX0\"> \u00e9 um cometa do tipo Halley, caracterizados por serem peri\u00f3dicos. \u201cIsso contrasta com os cometas de longo per\u00edodo, cujas \u00f3rbitas duram milhares de anos\u201d, explica o astrof\u00edsico Filipe Monteiro.<\/span><\/span><span class=\"LineBreakBlob BlobObject DragDrop SCXW113086298 BCX0\"><span class=\"SCXW113086298 BCX0\">\u00a0<\/span><br class=\"SCXW113086298 BCX0\"\/><\/span><span class=\"LineBreakBlob BlobObject DragDrop SCXW113086298 BCX0\"><span class=\"SCXW113086298 BCX0\">\u00a0<\/span><br class=\"SCXW113086298 BCX0\"\/><\/span><\/p>\n<\/div>\n<p><script async src=\"\/\/platform.twitter.com\/widgets.js\" charset=\"utf-8\"><\/script><br \/>\n<br \/><br \/>\n<br \/><a href=\"https:\/\/www.tribunaribeirao.com.br\/site\/cometa-do-diabo-sera-visivel-da-terra\/\">Source link <\/a><\/p>\n<!-- CONTENT END 1 -->\n","protected":false},"excerpt":{"rendered":"<p>15 de mar\u00e7o de 2024 | 17:0015 de mar\u00e7o de 2024 | 12:42 0 Ramana Rech (AE)\u00a0\u00a0O \u201cCometa do Diabo\u201d, cujo nome t\u00e9cnico \u00e9 12P\/Pons-Brooks,&#8230;<\/p>\n","protected":false},"author":1,"featured_media":42640,"comment_status":"open","ping_status":"open","sticky":false,"template":"","format":"standard","meta":{"advanced_seo_description":"","jetpack_seo_html_title":"","jetpack_seo_noindex":false,"jetpack_post_was_ever_published":false,"_jetpack_newsletter_access":"","_jetpack_dont_email_post_to_subs":false,"_jetpack_newsletter_tier_id":0,"_jetpack_memberships_contains_paywalled_content":false,"_jetpack_memberships_contains_paid_content":false,"footnotes":"","jetpack_publicize_message":"","jetpack_publicize_feature_enabled":true,"jetpack_social_post_already_shared":true,"jetpack_social_options":{"image_generator_settings":{"template":"highway","default_image_id":0,"font":"","enabled":false},"version":2}},"categories":[11],"tags":[5056,3508,172,65,5057],"class_list":["post-42639","post","type-post","status-publish","format-standard","has-post-thumbnail","hentry","category-noticias-de-ribeirao-preto-sp-e-regiao-ismael-colosi","tag-cometa","tag-diabo","tag-sera","tag-terra","tag-visivel"],"jetpack_publicize_connections":[],"jetpack_featured_media_url":"https:\/\/i0.wp.com\/noticiasribeiraopreto.com.br\/wp-content\/uploads\/2024\/03\/Cometa-Redes-sociais-Reproducao-scaled.jpg?fit=1000%2C620&ssl=1","jetpack-related-posts":[{"id":57485,"url":"https:\/\/noticiasribeiraopreto.com.br\/index.php\/2024\/09\/02\/veja-quando-e-o-proximo-eclipse-parcial-da-lua-fenomeno-sera-visivel-do-brasil\/","url_meta":{"origin":42639,"position":0},"title":"Veja quando \u00e9 o pr\u00f3ximo eclipse parcial da Lua; fen\u00f4meno ser\u00e1 vis\u00edvel do Brasil","author":"noticiasribeiraopreto.com.br","date":"2 de September de 2024","format":false,"excerpt":"Os meses de setembro e de outubro deste ano ter\u00e3o dois fen\u00f4menos astron\u00f4micos de destaque, segundo o guia Efem\u00e9rides Astron\u00f4micas 2024 do Observat\u00f3rio do Valongo, da UFRJ (Universidade Federal do Rio de Janeiro): o eclipse parcial da Lua e o \u201ccometa do s\u00e9culo\u201d. O observat\u00f3rio informa que o eclipse parcial\u2026","rel":"","context":"In &quot;Not\u00edcias de Ribeir\u00e3o Preto-SP e Regi\u00e3o&quot;","block_context":{"text":"Not\u00edcias de Ribeir\u00e3o Preto-SP e Regi\u00e3o","link":"https:\/\/noticiasribeiraopreto.com.br\/index.php\/category\/noticias-de-ribeirao-preto-sp-e-regiao-ismael-colosi\/"},"img":{"alt_text":"","src":"https:\/\/i0.wp.com\/noticiasribeiraopreto.com.br\/wp-content\/uploads\/2024\/09\/eclipse-lunar_2024-09-02_18-58-42_jpg_2024-09-02_18-58-42.webp.webp?fit=1170%2C700&ssl=1&resize=350%2C200","width":350,"height":200,"srcset":"https:\/\/i0.wp.com\/noticiasribeiraopreto.com.br\/wp-content\/uploads\/2024\/09\/eclipse-lunar_2024-09-02_18-58-42_jpg_2024-09-02_18-58-42.webp.webp?fit=1170%2C700&ssl=1&resize=350%2C200 1x, https:\/\/i0.wp.com\/noticiasribeiraopreto.com.br\/wp-content\/uploads\/2024\/09\/eclipse-lunar_2024-09-02_18-58-42_jpg_2024-09-02_18-58-42.webp.webp?fit=1170%2C700&ssl=1&resize=525%2C300 1.5x, https:\/\/i0.wp.com\/noticiasribeiraopreto.com.br\/wp-content\/uploads\/2024\/09\/eclipse-lunar_2024-09-02_18-58-42_jpg_2024-09-02_18-58-42.webp.webp?fit=1170%2C700&ssl=1&resize=700%2C400 2x, https:\/\/i0.wp.com\/noticiasribeiraopreto.com.br\/wp-content\/uploads\/2024\/09\/eclipse-lunar_2024-09-02_18-58-42_jpg_2024-09-02_18-58-42.webp.webp?fit=1170%2C700&ssl=1&resize=1050%2C600 3x"},"classes":[]},{"id":67576,"url":"https:\/\/noticiasribeiraopreto.com.br\/index.php\/2025\/04\/16\/jornal-da-franca-vem-ai-um-cometa-recem-descoberto-30-vezes-mais-brilhante-visivel-por-aqui-em-maio\/","url_meta":{"origin":42639,"position":1},"title":"Jornal da Franca &#8211; Vem a\u00ed um cometa rec\u00e9m descoberto, 30 vezes mais brilhante, vis\u00edvel por aqui em maio","author":"noticiasribeiraopreto.com.br","date":"16 de April de 2025","format":false,"excerpt":"compartilhar no whatsapp compartilhar no telegram compartilhar no facebook compartilhar no linkedin Quem quiser observ\u00e1-lo deve procurar um local escuro, de pouca interfer\u00eancia luminosa e ainda torcer para o c\u00e9u estar limpo de nuvens Nasa: cometa Swan estar\u00e1 vis\u00edvel a olho nu no fim de maio (NASA\/Reprodu\u00e7\u00e3o) Pode se preparar.\u2026","rel":"","context":"In &quot;Not\u00edcias de Franca-SP&quot;","block_context":{"text":"Not\u00edcias de Franca-SP","link":"https:\/\/noticiasribeiraopreto.com.br\/index.php\/category\/noticias-de-ribeirao-preto-sp-e-regiao-ismael-colosi\/noticias-franca-sp\/"},"img":{"alt_text":"","src":"https:\/\/i0.wp.com\/noticiasribeiraopreto.com.br\/wp-content\/uploads\/2025\/04\/5920c5a7-594e-474b-ad24-c477e8ff7f27.jpg?fit=750%2C524&ssl=1&resize=350%2C200","width":350,"height":200,"srcset":"https:\/\/i0.wp.com\/noticiasribeiraopreto.com.br\/wp-content\/uploads\/2025\/04\/5920c5a7-594e-474b-ad24-c477e8ff7f27.jpg?fit=750%2C524&ssl=1&resize=350%2C200 1x, https:\/\/i0.wp.com\/noticiasribeiraopreto.com.br\/wp-content\/uploads\/2025\/04\/5920c5a7-594e-474b-ad24-c477e8ff7f27.jpg?fit=750%2C524&ssl=1&resize=525%2C300 1.5x, https:\/\/i0.wp.com\/noticiasribeiraopreto.com.br\/wp-content\/uploads\/2025\/04\/5920c5a7-594e-474b-ad24-c477e8ff7f27.jpg?fit=750%2C524&ssl=1&resize=700%2C400 2x"},"classes":[]},{"id":55715,"url":"https:\/\/noticiasribeiraopreto.com.br\/index.php\/2024\/08\/05\/cometa-do-seculo-se-aproxima-da-terra-veja-quando-ele-deve-estar-mais-perto\/","url_meta":{"origin":42639,"position":2},"title":"&#8216;Cometa do s\u00e9culo&#8217; se aproxima da Terra; veja quando ele deve estar mais perto","author":"noticiasribeiraopreto.com.br","date":"5 de August de 2024","format":false,"excerpt":"O cometa C\/2023 A3 Tsuchinshan-ATLAS, conhecido como o cometa do s\u00e9culo, estar\u00e1 mais pr\u00f3ximo da Terra no dia 12 de outubro deste ano. Astr\u00f4nomos ao redor do mundo est\u00e3o esperan\u00e7osos para que ele, descoberto no in\u00edcio de 2023, se torne vis\u00edvel a olho nu. Conforme a Nasa (Ag\u00eancia Aeroespacial dos\u2026","rel":"","context":"In &quot;Not\u00edcias de Ribeir\u00e3o Preto-SP e Regi\u00e3o&quot;","block_context":{"text":"Not\u00edcias de Ribeir\u00e3o Preto-SP e Regi\u00e3o","link":"https:\/\/noticiasribeiraopreto.com.br\/index.php\/category\/noticias-de-ribeirao-preto-sp-e-regiao-ismael-colosi\/"},"img":{"alt_text":"","src":"https:\/\/i0.wp.com\/noticiasribeiraopreto.com.br\/wp-content\/uploads\/2024\/08\/cometa-do-seculo_2024-08-05_16-41-38_jpg_2024-08-05_16-41-38.webp.webp?fit=1200%2C757&ssl=1&resize=350%2C200","width":350,"height":200,"srcset":"https:\/\/i0.wp.com\/noticiasribeiraopreto.com.br\/wp-content\/uploads\/2024\/08\/cometa-do-seculo_2024-08-05_16-41-38_jpg_2024-08-05_16-41-38.webp.webp?fit=1200%2C757&ssl=1&resize=350%2C200 1x, https:\/\/i0.wp.com\/noticiasribeiraopreto.com.br\/wp-content\/uploads\/2024\/08\/cometa-do-seculo_2024-08-05_16-41-38_jpg_2024-08-05_16-41-38.webp.webp?fit=1200%2C757&ssl=1&resize=525%2C300 1.5x, https:\/\/i0.wp.com\/noticiasribeiraopreto.com.br\/wp-content\/uploads\/2024\/08\/cometa-do-seculo_2024-08-05_16-41-38_jpg_2024-08-05_16-41-38.webp.webp?fit=1200%2C757&ssl=1&resize=700%2C400 2x, https:\/\/i0.wp.com\/noticiasribeiraopreto.com.br\/wp-content\/uploads\/2024\/08\/cometa-do-seculo_2024-08-05_16-41-38_jpg_2024-08-05_16-41-38.webp.webp?fit=1200%2C757&ssl=1&resize=1050%2C600 3x"},"classes":[]},{"id":68965,"url":"https:\/\/noticiasribeiraopreto.com.br\/index.php\/2025\/04\/30\/jornal-da-franca-proxima-chuva-de-meteoros-com-ate-30-por-hora-acontece-na-primeira-semana-de-maio\/","url_meta":{"origin":42639,"position":3},"title":"Jornal da Franca &#8211; Pr\u00f3xima chuva de meteoros, com at\u00e9 30 por hora, acontece na primeira semana de maio","author":"noticiasribeiraopreto.com.br","date":"30 de April de 2025","format":false,"excerpt":"compartilhar no whatsapp compartilhar no telegram compartilhar no facebook compartilhar no linkedin Com at\u00e9 30 meteoros por hora, a chuva de meteoros de maio \u00e9 causada pelo famoso cometa Halley, cujos restos formam as Ori\u00f4nidas Em maio, ocorrer\u00e1 uma chuva de meteoros vis\u00edvel da Terra, resultado dos detritos deixados pelo\u2026","rel":"","context":"In &quot;Not\u00edcias de Franca-SP&quot;","block_context":{"text":"Not\u00edcias de Franca-SP","link":"https:\/\/noticiasribeiraopreto.com.br\/index.php\/category\/noticias-de-ribeirao-preto-sp-e-regiao-ismael-colosi\/noticias-franca-sp\/"},"img":{"alt_text":"","src":"https:\/\/i0.wp.com\/noticiasribeiraopreto.com.br\/wp-content\/uploads\/2025\/04\/Chuva-de-meteoros-Perseidas-em-Nhandeara-SP-%E2%80%94-Foto-Renato-Poltronieri-Arquivo-pessoal.jpg?fit=984%2C554&ssl=1&resize=350%2C200","width":350,"height":200,"srcset":"https:\/\/i0.wp.com\/noticiasribeiraopreto.com.br\/wp-content\/uploads\/2025\/04\/Chuva-de-meteoros-Perseidas-em-Nhandeara-SP-%E2%80%94-Foto-Renato-Poltronieri-Arquivo-pessoal.jpg?fit=984%2C554&ssl=1&resize=350%2C200 1x, https:\/\/i0.wp.com\/noticiasribeiraopreto.com.br\/wp-content\/uploads\/2025\/04\/Chuva-de-meteoros-Perseidas-em-Nhandeara-SP-%E2%80%94-Foto-Renato-Poltronieri-Arquivo-pessoal.jpg?fit=984%2C554&ssl=1&resize=525%2C300 1.5x, https:\/\/i0.wp.com\/noticiasribeiraopreto.com.br\/wp-content\/uploads\/2025\/04\/Chuva-de-meteoros-Perseidas-em-Nhandeara-SP-%E2%80%94-Foto-Renato-Poltronieri-Arquivo-pessoal.jpg?fit=984%2C554&ssl=1&resize=700%2C400 2x"},"classes":[]},{"id":69388,"url":"https:\/\/noticiasribeiraopreto.com.br\/index.php\/2025\/05\/05\/jornal-da-franca-madrugada-de-terca-6-tem-chuva-de-estrelas-do-cometa-halley-50-meteoros-por-hora\/","url_meta":{"origin":42639,"position":4},"title":"Jornal da Franca &#8211; Madrugada de ter\u00e7a (6) tem chuva de estrelas do cometa Halley: 50 meteoros por hora","author":"noticiasribeiraopreto.com.br","date":"5 de May de 2025","format":false,"excerpt":"compartilhar no whatsapp compartilhar no telegram compartilhar no facebook compartilhar no linkedin A chuva de estrelas cadentes do cometa Halley, com at\u00e9 50 meteoros por hora, ser\u00e1 na madrugada desta segunda (5) para ter\u00e7a (6) de maio. Maio chegou com surpresas na astronomia: na madrugada desta ter\u00e7a-feira (6) teremos uma\u2026","rel":"","context":"In &quot;Not\u00edcias de Franca-SP&quot;","block_context":{"text":"Not\u00edcias de Franca-SP","link":"https:\/\/noticiasribeiraopreto.com.br\/index.php\/category\/noticias-de-ribeirao-preto-sp-e-regiao-ismael-colosi\/noticias-franca-sp\/"},"img":{"alt_text":"","src":"https:\/\/i0.wp.com\/noticiasribeiraopreto.com.br\/wp-content\/uploads\/2025\/05\/Chuva-de-meteoros-Perseidas-em-Nhandeara-SP-%E2%80%94-Foto-Renato-Poltronieri-Arquivo-pessoal.jpg?fit=984%2C554&ssl=1&resize=350%2C200","width":350,"height":200,"srcset":"https:\/\/i0.wp.com\/noticiasribeiraopreto.com.br\/wp-content\/uploads\/2025\/05\/Chuva-de-meteoros-Perseidas-em-Nhandeara-SP-%E2%80%94-Foto-Renato-Poltronieri-Arquivo-pessoal.jpg?fit=984%2C554&ssl=1&resize=350%2C200 1x, https:\/\/i0.wp.com\/noticiasribeiraopreto.com.br\/wp-content\/uploads\/2025\/05\/Chuva-de-meteoros-Perseidas-em-Nhandeara-SP-%E2%80%94-Foto-Renato-Poltronieri-Arquivo-pessoal.jpg?fit=984%2C554&ssl=1&resize=525%2C300 1.5x, https:\/\/i0.wp.com\/noticiasribeiraopreto.com.br\/wp-content\/uploads\/2025\/05\/Chuva-de-meteoros-Perseidas-em-Nhandeara-SP-%E2%80%94-Foto-Renato-Poltronieri-Arquivo-pessoal.jpg?fit=984%2C554&ssl=1&resize=700%2C400 2x"},"classes":[]},{"id":78898,"url":"https:\/\/noticiasribeiraopreto.com.br\/index.php\/2025\/10\/20\/chuva-de-meteoros-ilumina-o-ceu-nesta-semana-saiba-como-observar\/","url_meta":{"origin":42639,"position":5},"title":"Chuva de meteoros ilumina o c\u00e9u nesta semana; Saiba como observar","author":"noticiasribeiraopreto.com.br","date":"20 de October de 2025","format":false,"excerpt":"A chuva de meteoros Orion\u00eddeas, formada por detritos do Cometa Halley, poder\u00e1 ser observada em todo o Brasil nesta semana, de acordo com o Observat\u00f3rio Nacional, vinculado ao Minist\u00e9rio da Ci\u00eancia, Tecnologia e Inova\u00e7\u00e3o (ON\/MCTI). Conforme o Observat\u00f3rio, o pico dessa chuva de meteoros \u00e9 esperado na noite de 21\u2026","rel":"","context":"In &quot;Not\u00edcias de Ribeir\u00e3o Preto-SP e Regi\u00e3o&quot;","block_context":{"text":"Not\u00edcias de Ribeir\u00e3o Preto-SP e Regi\u00e3o","link":"https:\/\/noticiasribeiraopreto.com.br\/index.php\/category\/noticias-de-ribeirao-preto-sp-e-regiao-ismael-colosi\/"},"img":{"alt_text":"","src":"https:\/\/i0.wp.com\/noticiasribeiraopreto.com.br\/wp-content\/uploads\/2025\/10\/Copia-de-Copia-de-Copia-de-TAMANHO-EXATO-PARA-FOTOS-NO-SISTEMA-NOVO-2025-10-20T181720.765_2025-10-20_21-17-26.webp.webp?fit=1200%2C675&ssl=1&resize=350%2C200","width":350,"height":200,"srcset":"https:\/\/i0.wp.com\/noticiasribeiraopreto.com.br\/wp-content\/uploads\/2025\/10\/Copia-de-Copia-de-Copia-de-TAMANHO-EXATO-PARA-FOTOS-NO-SISTEMA-NOVO-2025-10-20T181720.765_2025-10-20_21-17-26.webp.webp?fit=1200%2C675&ssl=1&resize=350%2C200 1x, https:\/\/i0.wp.com\/noticiasribeiraopreto.com.br\/wp-content\/uploads\/2025\/10\/Copia-de-Copia-de-Copia-de-TAMANHO-EXATO-PARA-FOTOS-NO-SISTEMA-NOVO-2025-10-20T181720.765_2025-10-20_21-17-26.webp.webp?fit=1200%2C675&ssl=1&resize=525%2C300 1.5x, https:\/\/i0.wp.com\/noticiasribeiraopreto.com.br\/wp-content\/uploads\/2025\/10\/Copia-de-Copia-de-Copia-de-TAMANHO-EXATO-PARA-FOTOS-NO-SISTEMA-NOVO-2025-10-20T181720.765_2025-10-20_21-17-26.webp.webp?fit=1200%2C675&ssl=1&resize=700%2C400 2x, https:\/\/i0.wp.com\/noticiasribeiraopreto.com.br\/wp-content\/uploads\/2025\/10\/Copia-de-Copia-de-Copia-de-TAMANHO-EXATO-PARA-FOTOS-NO-SISTEMA-NOVO-2025-10-20T181720.765_2025-10-20_21-17-26.webp.webp?fit=1200%2C675&ssl=1&resize=1050%2C600 3x"},"classes":[]}],"jetpack_sharing_enabled":true,"jetpack_shortlink":"https:\/\/wp.me\/peQAOb-b5J","_links":{"self":[{"href":"https:\/\/noticiasribeiraopreto.com.br\/index.php\/wp-json\/wp\/v2\/posts\/42639","targetHints":{"allow":["GET"]}}],"collection":[{"href":"https:\/\/noticiasribeiraopreto.com.br\/index.php\/wp-json\/wp\/v2\/posts"}],"about":[{"href":"https:\/\/noticiasribeiraopreto.com.br\/index.php\/wp-json\/wp\/v2\/types\/post"}],"author":[{"embeddable":true,"href":"https:\/\/noticiasribeiraopreto.com.br\/index.php\/wp-json\/wp\/v2\/users\/1"}],"replies":[{"embeddable":true,"href":"https:\/\/noticiasribeiraopreto.com.br\/index.php\/wp-json\/wp\/v2\/comments?post=42639"}],"version-history":[{"count":0,"href":"https:\/\/noticiasribeiraopreto.com.br\/index.php\/wp-json\/wp\/v2\/posts\/42639\/revisions"}],"wp:featuredmedia":[{"embeddable":true,"href":"https:\/\/noticiasribeiraopreto.com.br\/index.php\/wp-json\/wp\/v2\/media\/42640"}],"wp:attachment":[{"href":"https:\/\/noticiasribeiraopreto.com.br\/index.php\/wp-json\/wp\/v2\/media?parent=42639"}],"wp:term":[{"taxonomy":"category","embeddable":true,"href":"https:\/\/noticiasribeiraopreto.com.br\/index.php\/wp-json\/wp\/v2\/categories?post=42639"},{"taxonomy":"post_tag","embeddable":true,"href":"https:\/\/noticiasribeiraopreto.com.br\/index.php\/wp-json\/wp\/v2\/tags?post=42639"}],"curies":[{"name":"wp","href":"https:\/\/api.w.org\/{rel}","templated":true}]}}