{"id":42643,"date":"2024-03-15T17:19:57","date_gmt":"2024-03-15T20:19:57","guid":{"rendered":"https:\/\/noticiasribeiraopreto.com.br\/index.php\/2024\/03\/15\/luan-santana-confirma-participacao-na-festa-do-peao-de-barretos\/"},"modified":"2024-03-15T17:19:57","modified_gmt":"2024-03-15T20:19:57","slug":"luan-santana-confirma-participacao-na-festa-do-peao-de-barretos","status":"publish","type":"post","link":"https:\/\/noticiasribeiraopreto.com.br\/index.php\/2024\/03\/15\/luan-santana-confirma-participacao-na-festa-do-peao-de-barretos\/","title":{"rendered":"Luan Santana confirma participa\u00e7\u00e3o na Festa do Pe\u00e3o de Barretos"},"content":{"rendered":"<div class='code-block code-block-1' style='margin: 8px 0 8px auto; text-align: right; display: block; clear: both;'>\n<p><a href=\"https:\/\/wa.link\/vpicfd\"><img data-recalc-dims=\"1\" class=\"wp-image-4922\" style=\"aspect-ratio: 2.0253164556962027; width: 561px; height: auto;\" src=\"https:\/\/i0.wp.com\/ismaelcolosi.com.br\/wp-content\/uploads\/2023\/11\/grupo-de-empregos-whatsapp-e-facebook-ismael-colosi-vagas.jpg?ssl=1\" alt=\"\" \/><\/a><\/p>\n<!-- \/wp:image -->\n<\/div>\n<p> <br \/>\n<\/p>\n<div data-td-block-uid=\"tdi_101\">\n<div class=\"tdb-block-inner td-fix-index\">\n<p>O cantor sertanejo <strong>Luan Santana<\/strong> est\u00e1 <strong>confirmado<\/strong> na programa\u00e7\u00e3o musical da <strong>Festa do Pe\u00e3o de Barretos<\/strong>, que acontece de <strong>15 a 25 de agosto<\/strong>. O show do <strong>sertanejo rom\u00e2ntico<\/strong> ser\u00e1 no dia <strong>23 de agosto<\/strong>, no <strong>Est\u00e1dio de Rodeios<\/strong>.<\/p>\n<p>Conhecido por <strong>fazer hist\u00f3ria<\/strong> em todas as participa\u00e7\u00f5es na maior festa do pe\u00e3o na Am\u00e9rica Latina, <strong>Luan Santana<\/strong> surpreendeu em sua participa\u00e7\u00e3o no ano passado, quando saiu do teto do palco e surpreendeu o p\u00fablico.<\/p>\n<h4 class=\"wp-block-heading\"><strong>Confira os shows j\u00e1 confirmados<\/strong><\/h4>\n<ul>\n<li>15\/08 \u2013 Luan Pereira e Lauana Prado<\/li>\n<li>16\/08 \u2013 Simone Mendes e Bruno &amp; Marrone<\/li>\n<li>17\/08 \u2013 C\u00e9sar Menotti &amp; Fabiano, Jorge e Mateus e Ana Castela<\/li>\n<li>23\/08 \u2013 Luan Santana<\/li>\n<li>24\/08 \u2013 Cody Johnson<\/li>\n<\/ul>\n<h4 class=\"wp-block-heading\"><strong>Como comprar ingressos<\/strong><\/h4>\n<p>As vendas de ingressos j\u00e1 est\u00e3o liberadas exclusivamente pelo\u00a0<strong><a href=\"https:\/\/barretos.totalacesso.com\/\" target=\"_blank\" rel=\"noreferrer noopener\">site<\/a><\/strong>.<\/p>\n<p>Os\u00a0<strong>lotes dispon\u00edveis<\/strong>\u00a0s\u00e3o para os\u00a0<strong>nove setores do evento<\/strong>: Parque\/Rodeio\/Show, \u00c1rea Vip, Pista Prime, Pista Gold e Stage Prime; Camarotes Arena Premium, Brahma, Open Super Bull e Dagente.<\/p>\n<p>SAIBA MAIS <\/p>\n<p>HC Ribeir\u00e3o Preto abre concurso p\u00fablico com sal\u00e1rios de at\u00e9 R$ 6,3 mil<\/p>\n<h4 class=\"wp-block-heading\"><strong>FIQUE ON<\/strong><\/h4>\n<p>Fique ligado em tudo que acontece em Ribeir\u00e3o Preto e regi\u00e3o. Siga os perfis do\u00a0<strong>acidade on\u00a0<\/strong>no<a href=\"https:\/\/www.instagram.com\/acidadeonribeirao\" target=\"_blank\" rel=\"noreferrer noopener\">\u00a0Instagram\u00a0<\/a>e no\u00a0<a href=\"https:\/\/www.facebook.com\/acidadeonribeirao\" target=\"_blank\" rel=\"noreferrer noopener\">Facebook<\/a>.<\/p>\n<p>Receba not\u00edcias do\u00a0<strong>acidade on\u00a0<\/strong>no WhatsApp.\u00a0<a href=\"https:\/\/chat.whatsapp.com\/GFH9HUMUTHNFJdnyEd0xxq\" target=\"_blank\" rel=\"noreferrer noopener\">Para entrar no grupo, basta clicar aqui.<\/a><\/p>\n<p>Fa\u00e7a uma den\u00fancia ou sugira uma reportagem sobre Ribeir\u00e3o Preto e regi\u00e3o pelo WhatsApp: 16 99117 7802.<\/p>\n<p>VEJA TAMB\u00c9M<\/p>\n<p>Renascer: qual \u00e9 a doen\u00e7a de In\u00e1cia na novela?<\/p>\n<p><!-- AI CONTENT END 1 -->\n<\/div>\n<\/div>\n<p><script async src=\"\/\/www.instagram.com\/embed.js\"><\/script><br \/>\n<br \/><br \/>\n<br \/><a href=\"https:\/\/www.acidadeon.com\/ribeiraopreto\/lazer-e-cultura\/luan-santana-confirma-participacao-na-festa-do-peao-de-barretos\/\">Source link <\/a><\/p>\n<!-- CONTENT END 1 -->\n","protected":false},"excerpt":{"rendered":"<p>O cantor sertanejo Luan Santana est\u00e1 confirmado na programa\u00e7\u00e3o musical da Festa do Pe\u00e3o de Barretos, que acontece de 15 a 25 de agosto. O&#8230;<\/p>\n","protected":false},"author":1,"featured_media":42644,"comment_status":"open","ping_status":"open","sticky":false,"template":"","format":"standard","meta":{"advanced_seo_description":"","jetpack_seo_html_title":"","jetpack_seo_noindex":false,"jetpack_post_was_ever_published":false,"_jetpack_newsletter_access":"","_jetpack_dont_email_post_to_subs":false,"_jetpack_newsletter_tier_id":0,"_jetpack_memberships_contains_paywalled_content":false,"_jetpack_memberships_contains_paid_content":false,"footnotes":"","jetpack_publicize_message":"","jetpack_publicize_feature_enabled":true,"jetpack_social_post_already_shared":true,"jetpack_social_options":{"image_generator_settings":{"template":"highway","default_image_id":0,"font":"","enabled":false},"version":2}},"categories":[11],"tags":[],"class_list":["post-42643","post","type-post","status-publish","format-standard","has-post-thumbnail","hentry","category-noticias-de-ribeirao-preto-sp-e-regiao-ismael-colosi"],"jetpack_publicize_connections":[],"jetpack_featured_media_url":"https:\/\/i0.wp.com\/noticiasribeiraopreto.com.br\/wp-content\/uploads\/2024\/03\/Copia-de-Copia-de-TAMANHO-EXATO-PARA-FOTOS-NO-SISTEMA-NOVO-56.jpg?fit=1200%2C675&ssl=1","jetpack-related-posts":[{"id":46466,"url":"https:\/\/noticiasribeiraopreto.com.br\/index.php\/2024\/04\/11\/chitaozinho-e-xororo-estao-confirmados-na-festa-do-peao-de-barretos-veja-atracoes\/","url_meta":{"origin":42643,"position":0},"title":"Chit\u00e3ozinho e Xoror\u00f3 est\u00e3o confirmados na Festa do Pe\u00e3o de Barretos; Veja atra\u00e7\u00f5es","author":"noticiasribeiraopreto.com.br","date":"11 de April de 2024","format":false,"excerpt":"Os cantores Chit\u00e3ozinho e Xoror\u00f3, considerados \u2018\u00edcones\u2019 do mundo sertanejo, est\u00e3o confirmados na programa\u00e7\u00e3o de shows da Festa do Pe\u00e3o de Barretos, que acontece entre os dias 15 e 25 de agosto, no Parque Permanente de Exposi\u00e7\u00f5es do munic\u00edpio. A dupla se apresenta no dia 24 de agosto, com sua\u2026","rel":"","context":"In &quot;Not\u00edcias de Ribeir\u00e3o Preto-SP e Regi\u00e3o&quot;","block_context":{"text":"Not\u00edcias de Ribeir\u00e3o Preto-SP e Regi\u00e3o","link":"https:\/\/noticiasribeiraopreto.com.br\/index.php\/category\/noticias-de-ribeirao-preto-sp-e-regiao-ismael-colosi\/"},"img":{"alt_text":"","src":"https:\/\/i0.wp.com\/noticiasribeiraopreto.com.br\/wp-content\/uploads\/2024\/04\/ffc834adec60a26990ee21a8c5053e6e-scaled.jpeg?fit=1200%2C800&ssl=1&resize=350%2C200","width":350,"height":200,"srcset":"https:\/\/i0.wp.com\/noticiasribeiraopreto.com.br\/wp-content\/uploads\/2024\/04\/ffc834adec60a26990ee21a8c5053e6e-scaled.jpeg?fit=1200%2C800&ssl=1&resize=350%2C200 1x, https:\/\/i0.wp.com\/noticiasribeiraopreto.com.br\/wp-content\/uploads\/2024\/04\/ffc834adec60a26990ee21a8c5053e6e-scaled.jpeg?fit=1200%2C800&ssl=1&resize=525%2C300 1.5x, https:\/\/i0.wp.com\/noticiasribeiraopreto.com.br\/wp-content\/uploads\/2024\/04\/ffc834adec60a26990ee21a8c5053e6e-scaled.jpeg?fit=1200%2C800&ssl=1&resize=700%2C400 2x, https:\/\/i0.wp.com\/noticiasribeiraopreto.com.br\/wp-content\/uploads\/2024\/04\/ffc834adec60a26990ee21a8c5053e6e-scaled.jpeg?fit=1200%2C800&ssl=1&resize=1050%2C600 3x"},"classes":[]},{"id":43012,"url":"https:\/\/noticiasribeiraopreto.com.br\/index.php\/2024\/03\/18\/veja-a-programacao-musical-da-festa-do-peao-de-barretos-2024\/","url_meta":{"origin":42643,"position":1},"title":"Veja a programa\u00e7\u00e3o musical da Festa do Pe\u00e3o de Barretos 2024","author":"noticiasribeiraopreto.com.br","date":"18 de March de 2024","format":false,"excerpt":"A Festa do Pe\u00e3o de Barretos, que acontece de 15 a 25 de agosto, tem mais uma atra\u00e7\u00e3o musical confirmada. Desta vez, \u00e9 a dupla Zez\u00e9 Di Camargo & Luciano que confirmou presen\u00e7a no dia 23 de agosto. No mesmo dia em que a dupla sertaneja, que faz sucesso desde\u2026","rel":"","context":"In &quot;Not\u00edcias de Ribeir\u00e3o Preto-SP e Regi\u00e3o&quot;","block_context":{"text":"Not\u00edcias de Ribeir\u00e3o Preto-SP e Regi\u00e3o","link":"https:\/\/noticiasribeiraopreto.com.br\/index.php\/category\/noticias-de-ribeirao-preto-sp-e-regiao-ismael-colosi\/"},"img":{"alt_text":"","src":"https:\/\/i0.wp.com\/noticiasribeiraopreto.com.br\/wp-content\/uploads\/2024\/03\/Copia-de-Copia-de-TAMANHO-EXATO-PARA-FOTOS-NO-SISTEMA-NOVO-64.jpg?fit=1200%2C675&ssl=1&resize=350%2C200","width":350,"height":200,"srcset":"https:\/\/i0.wp.com\/noticiasribeiraopreto.com.br\/wp-content\/uploads\/2024\/03\/Copia-de-Copia-de-TAMANHO-EXATO-PARA-FOTOS-NO-SISTEMA-NOVO-64.jpg?fit=1200%2C675&ssl=1&resize=350%2C200 1x, https:\/\/i0.wp.com\/noticiasribeiraopreto.com.br\/wp-content\/uploads\/2024\/03\/Copia-de-Copia-de-TAMANHO-EXATO-PARA-FOTOS-NO-SISTEMA-NOVO-64.jpg?fit=1200%2C675&ssl=1&resize=525%2C300 1.5x, https:\/\/i0.wp.com\/noticiasribeiraopreto.com.br\/wp-content\/uploads\/2024\/03\/Copia-de-Copia-de-TAMANHO-EXATO-PARA-FOTOS-NO-SISTEMA-NOVO-64.jpg?fit=1200%2C675&ssl=1&resize=700%2C400 2x, https:\/\/i0.wp.com\/noticiasribeiraopreto.com.br\/wp-content\/uploads\/2024\/03\/Copia-de-Copia-de-TAMANHO-EXATO-PARA-FOTOS-NO-SISTEMA-NOVO-64.jpg?fit=1200%2C675&ssl=1&resize=1050%2C600 3x"},"classes":[]},{"id":45169,"url":"https:\/\/noticiasribeiraopreto.com.br\/index.php\/2024\/04\/02\/ze-neto-veja-mais-shows\/","url_meta":{"origin":42643,"position":2},"title":"Z\u00e9 Neto &#038; Cristiano confirmados na Festa do Pe\u00e3o de Barretos; Veja mais shows","author":"noticiasribeiraopreto.com.br","date":"2 de April de 2024","format":false,"excerpt":"A dupla sertaneja Z\u00e9 Neto & Cristiano est\u00e1 confirmada na Festa do Pe\u00e3o de Barretos, que acontece de 15 a 25 de agosto. Os cantores, foram anunciados pela organiza\u00e7\u00e3o do evento na tarde desta ter\u00e7a-feira (2), e se apresentam no dia 23 de agosto (veja abaixo). Al\u00e9m de Z\u00e9 Neto\u2026","rel":"","context":"In &quot;Not\u00edcias de Ribeir\u00e3o Preto-SP e Regi\u00e3o&quot;","block_context":{"text":"Not\u00edcias de Ribeir\u00e3o Preto-SP e Regi\u00e3o","link":"https:\/\/noticiasribeiraopreto.com.br\/index.php\/category\/noticias-de-ribeirao-preto-sp-e-regiao-ismael-colosi\/"},"img":{"alt_text":"","src":"https:\/\/i0.wp.com\/noticiasribeiraopreto.com.br\/wp-content\/uploads\/2024\/04\/Copia-de-Copia-de-TAMANHO-EXATO-PARA-FOTOS-NO-SISTEMA-NOVO-19.jpg?fit=1200%2C675&ssl=1&resize=350%2C200","width":350,"height":200,"srcset":"https:\/\/i0.wp.com\/noticiasribeiraopreto.com.br\/wp-content\/uploads\/2024\/04\/Copia-de-Copia-de-TAMANHO-EXATO-PARA-FOTOS-NO-SISTEMA-NOVO-19.jpg?fit=1200%2C675&ssl=1&resize=350%2C200 1x, https:\/\/i0.wp.com\/noticiasribeiraopreto.com.br\/wp-content\/uploads\/2024\/04\/Copia-de-Copia-de-TAMANHO-EXATO-PARA-FOTOS-NO-SISTEMA-NOVO-19.jpg?fit=1200%2C675&ssl=1&resize=525%2C300 1.5x, https:\/\/i0.wp.com\/noticiasribeiraopreto.com.br\/wp-content\/uploads\/2024\/04\/Copia-de-Copia-de-TAMANHO-EXATO-PARA-FOTOS-NO-SISTEMA-NOVO-19.jpg?fit=1200%2C675&ssl=1&resize=700%2C400 2x, https:\/\/i0.wp.com\/noticiasribeiraopreto.com.br\/wp-content\/uploads\/2024\/04\/Copia-de-Copia-de-TAMANHO-EXATO-PARA-FOTOS-NO-SISTEMA-NOVO-19.jpg?fit=1200%2C675&ssl=1&resize=1050%2C600 3x"},"classes":[]},{"id":45492,"url":"https:\/\/noticiasribeiraopreto.com.br\/index.php\/2024\/04\/04\/show-de-daniel-e-confirmado-na-festa-do-peao-de-barretos\/","url_meta":{"origin":42643,"position":3},"title":"Show de Daniel \u00e9 confirmado na Festa do Pe\u00e3o de Barretos","author":"noticiasribeiraopreto.com.br","date":"4 de April de 2024","format":false,"excerpt":"Show de Daniel \u00e9 confirmado na Festa do Pe\u00e3o de BarretosArtista com 40 anos de carreira, integra a grade musical de 22 de agosto. No mesmo dia, evento tamb\u00e9m ter\u00e1 shows de Matogrosso & Mathias, Victor & L\u00e9o e Pedro Paulo & Alex. Festa acontece de 15 a 25 de\u2026","rel":"","context":"In &quot;Not\u00edcias de Ribeir\u00e3o Preto-SP e Regi\u00e3o&quot;","block_context":{"text":"Not\u00edcias de Ribeir\u00e3o Preto-SP e Regi\u00e3o","link":"https:\/\/noticiasribeiraopreto.com.br\/index.php\/category\/noticias-de-ribeirao-preto-sp-e-regiao-ismael-colosi\/"},"img":{"alt_text":"","src":"https:\/\/i0.wp.com\/noticiasribeiraopreto.com.br\/wp-content\/uploads\/2024\/04\/Cantor-Daniel-celebra-40-anos-de-carreira-com-show-inedito.webp.webp?fit=1200%2C856&ssl=1&resize=350%2C200","width":350,"height":200,"srcset":"https:\/\/i0.wp.com\/noticiasribeiraopreto.com.br\/wp-content\/uploads\/2024\/04\/Cantor-Daniel-celebra-40-anos-de-carreira-com-show-inedito.webp.webp?fit=1200%2C856&ssl=1&resize=350%2C200 1x, https:\/\/i0.wp.com\/noticiasribeiraopreto.com.br\/wp-content\/uploads\/2024\/04\/Cantor-Daniel-celebra-40-anos-de-carreira-com-show-inedito.webp.webp?fit=1200%2C856&ssl=1&resize=525%2C300 1.5x, https:\/\/i0.wp.com\/noticiasribeiraopreto.com.br\/wp-content\/uploads\/2024\/04\/Cantor-Daniel-celebra-40-anos-de-carreira-com-show-inedito.webp.webp?fit=1200%2C856&ssl=1&resize=700%2C400 2x, https:\/\/i0.wp.com\/noticiasribeiraopreto.com.br\/wp-content\/uploads\/2024\/04\/Cantor-Daniel-celebra-40-anos-de-carreira-com-show-inedito.webp.webp?fit=1200%2C856&ssl=1&resize=1050%2C600 3x"},"classes":[]},{"id":50257,"url":"https:\/\/noticiasribeiraopreto.com.br\/index.php\/2024\/05\/15\/cesar-menotti-fabiano-fazem-show-extra-com-convidados-na-festa-do-peao-de-barretos\/","url_meta":{"origin":42643,"position":4},"title":"C\u00e9sar Menotti &#038; Fabiano fazem show extra com convidados na Festa do Pe\u00e3o de Barretos","author":"noticiasribeiraopreto.com.br","date":"15 de May de 2024","format":false,"excerpt":"A dupla sertaneja C\u00e9sar Menotti & Fabiano far\u00e1 um show extra durante a 69\u00aa Festa do Pe\u00e3o de Barretos. A apresenta\u00e7\u00e3o especial com convidados , em comemora\u00e7\u00e3o aos 20 anos de carreira, ser\u00e1 no dia 21 de agosto. O show dos embaixadores, j\u00e1 anunciado anteriormente, ser\u00e1 no dia 17. Mesmo\u2026","rel":"","context":"In &quot;Not\u00edcias de Ribeir\u00e3o Preto-SP e Regi\u00e3o&quot;","block_context":{"text":"Not\u00edcias de Ribeir\u00e3o Preto-SP e Regi\u00e3o","link":"https:\/\/noticiasribeiraopreto.com.br\/index.php\/category\/noticias-de-ribeirao-preto-sp-e-regiao-ismael-colosi\/"},"img":{"alt_text":"","src":"https:\/\/i0.wp.com\/noticiasribeiraopreto.com.br\/wp-content\/uploads\/2024\/05\/WhatsApp-Image-2024-05-15-at-12.16.04-1_2024-05-15_16-01-49_jpeg_2024-05-15_16-01-49.webp.webp?fit=1200%2C800&ssl=1&resize=350%2C200","width":350,"height":200,"srcset":"https:\/\/i0.wp.com\/noticiasribeiraopreto.com.br\/wp-content\/uploads\/2024\/05\/WhatsApp-Image-2024-05-15-at-12.16.04-1_2024-05-15_16-01-49_jpeg_2024-05-15_16-01-49.webp.webp?fit=1200%2C800&ssl=1&resize=350%2C200 1x, https:\/\/i0.wp.com\/noticiasribeiraopreto.com.br\/wp-content\/uploads\/2024\/05\/WhatsApp-Image-2024-05-15-at-12.16.04-1_2024-05-15_16-01-49_jpeg_2024-05-15_16-01-49.webp.webp?fit=1200%2C800&ssl=1&resize=525%2C300 1.5x, https:\/\/i0.wp.com\/noticiasribeiraopreto.com.br\/wp-content\/uploads\/2024\/05\/WhatsApp-Image-2024-05-15-at-12.16.04-1_2024-05-15_16-01-49_jpeg_2024-05-15_16-01-49.webp.webp?fit=1200%2C800&ssl=1&resize=700%2C400 2x, https:\/\/i0.wp.com\/noticiasribeiraopreto.com.br\/wp-content\/uploads\/2024\/05\/WhatsApp-Image-2024-05-15-at-12.16.04-1_2024-05-15_16-01-49_jpeg_2024-05-15_16-01-49.webp.webp?fit=1200%2C800&ssl=1&resize=1050%2C600 3x"},"classes":[]},{"id":46091,"url":"https:\/\/noticiasribeiraopreto.com.br\/index.php\/2024\/04\/09\/edson-hudson-se-apresentam-na-festa-do-peao-de-barretos\/","url_meta":{"origin":42643,"position":5},"title":"Edson &#038; Hudson se apresentam na Festa do Pe\u00e3o de Barretos","author":"noticiasribeiraopreto.com.br","date":"9 de April de 2024","format":false,"excerpt":"A dupla sertaneja Edson & Hudson est\u00e1 confirmada para 69\u00aa Festa do Pe\u00e3o de Barretos. Os irm\u00e3os se apresentam no dia 18 de agosto. Essa \u00e9 a primeira atra\u00e7\u00e3o musical confirmada para o primeiro domingo da festa, que acontece de 15 a 25 de agosto. Confira a programa\u00e7\u00e3o musical da\u2026","rel":"","context":"In &quot;Not\u00edcias de Ribeir\u00e3o Preto-SP e Regi\u00e3o&quot;","block_context":{"text":"Not\u00edcias de Ribeir\u00e3o Preto-SP e Regi\u00e3o","link":"https:\/\/noticiasribeiraopreto.com.br\/index.php\/category\/noticias-de-ribeirao-preto-sp-e-regiao-ismael-colosi\/"},"img":{"alt_text":"","src":"https:\/\/i0.wp.com\/noticiasribeiraopreto.com.br\/wp-content\/uploads\/2024\/04\/Copia-de-Copia-de-TAMANHO-EXATO-PARA-FOTOS-NO-SISTEMA-NOVO-9-1.jpg?fit=1200%2C675&ssl=1&resize=350%2C200","width":350,"height":200,"srcset":"https:\/\/i0.wp.com\/noticiasribeiraopreto.com.br\/wp-content\/uploads\/2024\/04\/Copia-de-Copia-de-TAMANHO-EXATO-PARA-FOTOS-NO-SISTEMA-NOVO-9-1.jpg?fit=1200%2C675&ssl=1&resize=350%2C200 1x, https:\/\/i0.wp.com\/noticiasribeiraopreto.com.br\/wp-content\/uploads\/2024\/04\/Copia-de-Copia-de-TAMANHO-EXATO-PARA-FOTOS-NO-SISTEMA-NOVO-9-1.jpg?fit=1200%2C675&ssl=1&resize=525%2C300 1.5x, https:\/\/i0.wp.com\/noticiasribeiraopreto.com.br\/wp-content\/uploads\/2024\/04\/Copia-de-Copia-de-TAMANHO-EXATO-PARA-FOTOS-NO-SISTEMA-NOVO-9-1.jpg?fit=1200%2C675&ssl=1&resize=700%2C400 2x, https:\/\/i0.wp.com\/noticiasribeiraopreto.com.br\/wp-content\/uploads\/2024\/04\/Copia-de-Copia-de-TAMANHO-EXATO-PARA-FOTOS-NO-SISTEMA-NOVO-9-1.jpg?fit=1200%2C675&ssl=1&resize=1050%2C600 3x"},"classes":[]}],"jetpack_sharing_enabled":true,"jetpack_shortlink":"https:\/\/wp.me\/peQAOb-b5N","_links":{"self":[{"href":"https:\/\/noticiasribeiraopreto.com.br\/index.php\/wp-json\/wp\/v2\/posts\/42643","targetHints":{"allow":["GET"]}}],"collection":[{"href":"https:\/\/noticiasribeiraopreto.com.br\/index.php\/wp-json\/wp\/v2\/posts"}],"about":[{"href":"https:\/\/noticiasribeiraopreto.com.br\/index.php\/wp-json\/wp\/v2\/types\/post"}],"author":[{"embeddable":true,"href":"https:\/\/noticiasribeiraopreto.com.br\/index.php\/wp-json\/wp\/v2\/users\/1"}],"replies":[{"embeddable":true,"href":"https:\/\/noticiasribeiraopreto.com.br\/index.php\/wp-json\/wp\/v2\/comments?post=42643"}],"version-history":[{"count":0,"href":"https:\/\/noticiasribeiraopreto.com.br\/index.php\/wp-json\/wp\/v2\/posts\/42643\/revisions"}],"wp:featuredmedia":[{"embeddable":true,"href":"https:\/\/noticiasribeiraopreto.com.br\/index.php\/wp-json\/wp\/v2\/media\/42644"}],"wp:attachment":[{"href":"https:\/\/noticiasribeiraopreto.com.br\/index.php\/wp-json\/wp\/v2\/media?parent=42643"}],"wp:term":[{"taxonomy":"category","embeddable":true,"href":"https:\/\/noticiasribeiraopreto.com.br\/index.php\/wp-json\/wp\/v2\/categories?post=42643"},{"taxonomy":"post_tag","embeddable":true,"href":"https:\/\/noticiasribeiraopreto.com.br\/index.php\/wp-json\/wp\/v2\/tags?post=42643"}],"curies":[{"name":"wp","href":"https:\/\/api.w.org\/{rel}","templated":true}]}}