{"id":42653,"date":"2024-03-15T18:07:01","date_gmt":"2024-03-15T21:07:01","guid":{"rendered":"https:\/\/noticiasribeiraopreto.com.br\/index.php\/2024\/03\/15\/divisao-tem-20-pets-filhotes-para-adocao\/"},"modified":"2024-03-15T18:07:01","modified_gmt":"2024-03-15T21:07:01","slug":"divisao-tem-20-pets-filhotes-para-adocao","status":"publish","type":"post","link":"https:\/\/noticiasribeiraopreto.com.br\/index.php\/2024\/03\/15\/divisao-tem-20-pets-filhotes-para-adocao\/","title":{"rendered":"Divis\u00e3o tem 20 pets filhotes para ado\u00e7\u00e3o\u00a0"},"content":{"rendered":"<div class='code-block code-block-1' style='margin: 8px 0 8px auto; text-align: right; display: block; clear: both;'>\n<p><a href=\"https:\/\/wa.link\/vpicfd\"><img data-recalc-dims=\"1\" class=\"wp-image-4922\" style=\"aspect-ratio: 2.0253164556962027; width: 561px; height: auto;\" src=\"https:\/\/i0.wp.com\/ismaelcolosi.com.br\/wp-content\/uploads\/2023\/11\/grupo-de-empregos-whatsapp-e-facebook-ismael-colosi-vagas.jpg?ssl=1\" alt=\"\" \/><\/a><\/p>\n<!-- \/wp:image -->\n<\/div>\n<p> <br \/>\n<\/p>\n<div id=\"\">\n<p> <span class=\"entry-meta-item penci-posted-on\"><i class=\"fa fa-clock-o\"\/><time class=\"entry-date published\" datetime=\"2024-03-15T18:00:24-03:00\">15 de mar\u00e7o de 2024 | 18:00<\/time><time class=\"updated\" datetime=\"2024-03-15T12:45:33-03:00\">15 de mar\u00e7o de 2024 | 12:45<\/time><\/span><\/p>\n<p> <span class=\"penci-social-buttons penci-social-share-footer\"><a href=\"#\" class=\"penci-post-like penci_post-meta_item  single-like-button penci-social-item like\" data-post_id=\"377509\" title=\"Like\" data-like=\"Like\" data-unlike=\"Unlike\"><i class=\"fa fa-thumbs-o-up\"\/><span class=\"penci-share-number\">0<\/span><\/a><i class=\"fa fa-facebook\"\/><a class=\"penci-social-item twitter\" target=\"_blank\" rel=\"noopener\" title=\"\" href=\"https:\/\/twitter.com\/intent\/tweet?text=Divis\u00e3o%20tem%2020%20pets%20filhotes%20para%20ado\u00e7\u00e3o\u00a0%20-%20https:\/\/www.tribunaribeirao.com.br\/site\/divisao-tem-20-pets-filhotes-para-adocao\/\"><i class=\"fa fa-twitter\"\/><\/a><i class=\"fa fa-whatsapp\"\/><\/span><\/div>\n<div>\n<p><span data-contrast=\"auto\">A Divis\u00e3o de Bem-Estar Animal, ligada a Secretaria Municipal de Meio Ambiente, realizar\u00e1 neste s\u00e1bado, 16 de mar\u00e7o, das nove \u00e0s 14 horas, mais um evento para ado\u00e7\u00e3o de animais. Al\u00e9m de c\u00e3es e gatos de todas as idades e portes, os destaques desta edi\u00e7\u00e3o s\u00e3o 20 felinos filhotes. Os interessados podem visitar a sede da DBEA, localizada na avenida Eduardo Andrea Matarazzo (Via Norte) n\u00ba 4.255, no bairro Ant\u00f4nio Marincek.<\/span><\/p>\n<p><span data-contrast=\"auto\">A DBEA tamb\u00e9m atende diariamente interessados em adotar um pet, de segunda a sexta-feira, das oito \u00e0s dez horas e das 13 \u00e0s 15 horas. C\u00e3es e gatos de todos os portes j\u00e1 est\u00e3o vermifugados e castrados, exceto os filhotes que poder\u00e3o ser castrados no momento oportuno. <\/span><\/p>\n<p><span data-contrast=\"auto\">A DBEA realiza a reabilita\u00e7\u00e3o dos animais v\u00edtimas de atropelamentos e maus tratos, abandonados em via p\u00fablicas, proporcionando o tratamento necess\u00e1rio por um veterin\u00e1rio e equipe devidamente treinada. O chefe da Divis\u00e3o de Bem-Estar Animal, Guilherme Caniceiro, ressalta alguns pontos necess\u00e1rios para uma ado\u00e7\u00e3o respons\u00e1vel.<\/span><\/p>\n<p><span data-contrast=\"auto\">\u201cAdotar um animal de estima\u00e7\u00e3o n\u00e3o \u00e9 uma decis\u00e3o que deva ser tomada de \u00e2nimo leve. Quando escolhemos trazer um c\u00e3o ou gato para nossas vidas, estamos assumindo uma responsabilidade que vai al\u00e9m do amor e carinho que podemos oferecer. Estamos comprometidos a cuidar, alimentar, proteger e amar esses seres indefesos durante toda a sua vida\u201d, explica.<\/span><\/p>\n<p><span data-contrast=\"auto\">\u201cA ado\u00e7\u00e3o respons\u00e1vel come\u00e7a com a compreens\u00e3o de que animais de estima\u00e7\u00e3o n\u00e3o s\u00e3o descart\u00e1veis. Eles n\u00e3o s\u00e3o brinquedos que podemos abandonar quando a novidade passa. Ao adotar um animal, estamos fazendo um compromisso de longo prazo\u201d, diz. <\/span><\/p>\n<p><span data-contrast=\"auto\">\u201cAl\u00e9m disso, adotar um animal de um abrigo ou centro de resgate \u00e9 uma maneira de dar uma segunda chance a um ser que j\u00e1 passou por dificuldades\u201d, cita. Outro aspecto importante da ado\u00e7\u00e3o respons\u00e1vel \u00e9 entender as necessidades espec\u00edficas desses animais de estima\u00e7\u00e3o, seja sua ra\u00e7a, tamanho, temperamento ou hist\u00f3rico.<\/span><\/p>\n<p><span data-contrast=\"auto\">Os animais sadios e recuperados, ap\u00f3s laudo veterin\u00e1rio e aptos para ado\u00e7\u00e3o, ficam \u00e0 espera de um novo lar. A equipe de profissionais ressalta a import\u00e2ncia da ado\u00e7\u00e3o respons\u00e1vel. Os interessados em adotar um animal passam por uma entrevista para avaliar as condi\u00e7\u00f5es de guarda do cachorro ou gato e assinam um termo de responsabilidade sobre o animal. <\/span><\/p>\n<p><span data-contrast=\"auto\">Para adotar \u00e9 necess\u00e1rio a apresenta\u00e7\u00e3o de documento com foto e comprovante de resid\u00eancia. A medida contribui para que os tutores estejam cientes sobre suas responsabilidades e tamb\u00e9m para que esse animal tenha a chance de uma nova vida junto \u00e0 nova fam\u00edlia. Mais informa\u00e7\u00f5es sobre ado\u00e7\u00e3o, pelo telefone (16) 3628-2778.<\/span><\/p>\n<p><span data-ccp-props=\"{&quot;201341983&quot;:0,&quot;335559739&quot;:200,&quot;335559740&quot;:276}\">\u00a0<\/span><\/p>\n<p><span data-ccp-props=\"{&quot;201341983&quot;:0,&quot;335559739&quot;:200,&quot;335559740&quot;:276}\">\u00a0<\/span><\/p>\n<p><span data-ccp-props=\"{&quot;201341983&quot;:0,&quot;335559739&quot;:200,&quot;335559740&quot;:276}\">\u00a0<\/span><\/p>\n<\/div>\n<p><script async src=\"\/\/platform.twitter.com\/widgets.js\" charset=\"utf-8\"><\/script><br \/>\n<br \/><br \/>\n<br \/><a href=\"https:\/\/www.tribunaribeirao.com.br\/site\/divisao-tem-20-pets-filhotes-para-adocao\/\">Source link <\/a><\/p>\n<!-- CONTENT END 1 -->\n","protected":false},"excerpt":{"rendered":"<p>15 de mar\u00e7o de 2024 | 18:0015 de mar\u00e7o de 2024 | 12:45 0 A Divis\u00e3o de Bem-Estar Animal, ligada a Secretaria Municipal de Meio&#8230;<\/p>\n","protected":false},"author":1,"featured_media":42654,"comment_status":"open","ping_status":"open","sticky":false,"template":"","format":"standard","meta":{"advanced_seo_description":"","jetpack_seo_html_title":"","jetpack_seo_noindex":false,"jetpack_post_was_ever_published":false,"_jetpack_newsletter_access":"","_jetpack_dont_email_post_to_subs":false,"_jetpack_newsletter_tier_id":0,"_jetpack_memberships_contains_paywalled_content":false,"_jetpack_memberships_contains_paid_content":false,"footnotes":"","jetpack_publicize_message":"","jetpack_publicize_feature_enabled":true,"jetpack_social_post_already_shared":true,"jetpack_social_options":{"image_generator_settings":{"template":"highway","default_image_id":0,"font":"","enabled":false},"version":2}},"categories":[11],"tags":[1247,3347,5061,71,5060,162],"class_list":["post-42653","post","type-post","status-publish","format-standard","has-post-thumbnail","hentry","category-noticias-de-ribeirao-preto-sp-e-regiao-ismael-colosi","tag-adocao","tag-divisao","tag-filhotes","tag-para","tag-pets","tag-tem"],"jetpack_publicize_connections":[],"jetpack_featured_media_url":"https:\/\/i0.wp.com\/noticiasribeiraopreto.com.br\/wp-content\/uploads\/2024\/03\/Adocao-Divulgacao-scaled.jpeg?fit=824%2C645&ssl=1","jetpack-related-posts":[{"id":37272,"url":"https:\/\/noticiasribeiraopreto.com.br\/index.php\/2024\/02\/15\/feira-tem-mais-de-50-filhotes-de-caes-e-gatos-para-adocao-em-ribeirao\/","url_meta":{"origin":42653,"position":0},"title":"Feira tem mais de 50 filhotes de c\u00e3es e gatos para ado\u00e7\u00e3o em Ribeir\u00e3o","author":"noticiasribeiraopreto.com.br","date":"15 de February de 2024","format":false,"excerpt":"Neste s\u00e1bado (17) e domingo (18), Ribeir\u00e3o Preto recebe uma feira de ado\u00e7\u00e3o com mais de 50 filhotes de c\u00e3es e gatos. O evento acontece das 9h \u00e0s 14h, na Divis\u00e3o de Bem-Estar Animal (DBEA), na avenida Eduardo Andrea Matarazzo (Via Norte), 4.255. Os animais dispon\u00edveis para ado\u00e7\u00e3o s\u00e3o vacinados\u2026","rel":"","context":"In &quot;Not\u00edcias de Ribeir\u00e3o Preto-SP e Regi\u00e3o&quot;","block_context":{"text":"Not\u00edcias de Ribeir\u00e3o Preto-SP e Regi\u00e3o","link":"https:\/\/noticiasribeiraopreto.com.br\/index.php\/category\/noticias-de-ribeirao-preto-sp-e-regiao-ismael-colosi\/"},"img":{"alt_text":"","src":"https:\/\/i0.wp.com\/noticiasribeiraopreto.com.br\/wp-content\/uploads\/2024\/02\/animais_dbea_-_foto_guilherme_sircili_117.jpg?fit=1200%2C800&ssl=1&resize=350%2C200","width":350,"height":200,"srcset":"https:\/\/i0.wp.com\/noticiasribeiraopreto.com.br\/wp-content\/uploads\/2024\/02\/animais_dbea_-_foto_guilherme_sircili_117.jpg?fit=1200%2C800&ssl=1&resize=350%2C200 1x, https:\/\/i0.wp.com\/noticiasribeiraopreto.com.br\/wp-content\/uploads\/2024\/02\/animais_dbea_-_foto_guilherme_sircili_117.jpg?fit=1200%2C800&ssl=1&resize=525%2C300 1.5x, https:\/\/i0.wp.com\/noticiasribeiraopreto.com.br\/wp-content\/uploads\/2024\/02\/animais_dbea_-_foto_guilherme_sircili_117.jpg?fit=1200%2C800&ssl=1&resize=700%2C400 2x, https:\/\/i0.wp.com\/noticiasribeiraopreto.com.br\/wp-content\/uploads\/2024\/02\/animais_dbea_-_foto_guilherme_sircili_117.jpg?fit=1200%2C800&ssl=1&resize=1050%2C600 3x"},"classes":[]},{"id":29956,"url":"https:\/\/noticiasribeiraopreto.com.br\/index.php\/2024\/01\/19\/divisao-de-bem-estar-animal-realiza-1o-evento-de-adocao-do-ano\/","url_meta":{"origin":42653,"position":1},"title":"Divis\u00e3o de Bem-Estar Animal realiza 1\u00ba Evento de Ado\u00e7\u00e3o do ano","author":"noticiasribeiraopreto.com.br","date":"19 de January de 2024","format":false,"excerpt":"19 de janeiro de 2024 | 18:0015 de janeiro de 2024 | 12:41 0Adotar um pet \u00e9 mais que um simples ato de possibilitar ao animal a chance de ter uma nova fam\u00edlia. A decis\u00e3o representa fatores positivos para os novos tutores, como uma nova companhia e est\u00edmulo \u00e0s pr\u00e1ticas\u2026","rel":"","context":"In &quot;Not\u00edcias de Ribeir\u00e3o Preto-SP e Regi\u00e3o&quot;","block_context":{"text":"Not\u00edcias de Ribeir\u00e3o Preto-SP e Regi\u00e3o","link":"https:\/\/noticiasribeiraopreto.com.br\/index.php\/category\/noticias-de-ribeirao-preto-sp-e-regiao-ismael-colosi\/"},"img":{"alt_text":"","src":"https:\/\/i0.wp.com\/noticiasribeiraopreto.com.br\/wp-content\/uploads\/2024\/01\/adocao_dbea_-_foto_fernando_gonzaga_11-scaled.jpg?fit=967%2C645&ssl=1&resize=350%2C200","width":350,"height":200,"srcset":"https:\/\/i0.wp.com\/noticiasribeiraopreto.com.br\/wp-content\/uploads\/2024\/01\/adocao_dbea_-_foto_fernando_gonzaga_11-scaled.jpg?fit=967%2C645&ssl=1&resize=350%2C200 1x, https:\/\/i0.wp.com\/noticiasribeiraopreto.com.br\/wp-content\/uploads\/2024\/01\/adocao_dbea_-_foto_fernando_gonzaga_11-scaled.jpg?fit=967%2C645&ssl=1&resize=525%2C300 1.5x, https:\/\/i0.wp.com\/noticiasribeiraopreto.com.br\/wp-content\/uploads\/2024\/01\/adocao_dbea_-_foto_fernando_gonzaga_11-scaled.jpg?fit=967%2C645&ssl=1&resize=700%2C400 2x"},"classes":[]},{"id":42318,"url":"https:\/\/noticiasribeiraopreto.com.br\/index.php\/2024\/03\/13\/ribeirao-preto-tem-novo-evento-para-adocao-de-caes-e-gatos-veja-onde\/","url_meta":{"origin":42653,"position":2},"title":"Ribeir\u00e3o Preto tem novo evento para ado\u00e7\u00e3o de c\u00e3es e gatos; Veja onde","author":"noticiasribeiraopreto.com.br","date":"13 de March de 2024","format":false,"excerpt":"Ribeir\u00e3o Preto ter\u00e1 um novo evento de ado\u00e7\u00e3o de c\u00e3es e gatos, neste s\u00e1bado (16), das 09h \u00e0s 14h, na sede da Divis\u00e3o de Bem-Estar Animal (DBEA), localizada na avenida Eduardo Andrea Matarazzo (Via Norte), n\u00ba4255. De acordo com o comunicado da Prefeitura, entre filhotes e adultos, existem mais de\u2026","rel":"","context":"In &quot;Not\u00edcias de Ribeir\u00e3o Preto-SP e Regi\u00e3o&quot;","block_context":{"text":"Not\u00edcias de Ribeir\u00e3o Preto-SP e Regi\u00e3o","link":"https:\/\/noticiasribeiraopreto.com.br\/index.php\/category\/noticias-de-ribeirao-preto-sp-e-regiao-ismael-colosi\/"},"img":{"alt_text":"","src":"https:\/\/i0.wp.com\/noticiasribeiraopreto.com.br\/wp-content\/uploads\/2024\/03\/AnyConv.com__Copia-de-Copia-de-TAMANHO-EXATO-PARA-FOTOS-NO-SISTEMA-NOVO-73.webp.webp?fit=1200%2C675&ssl=1&resize=350%2C200","width":350,"height":200,"srcset":"https:\/\/i0.wp.com\/noticiasribeiraopreto.com.br\/wp-content\/uploads\/2024\/03\/AnyConv.com__Copia-de-Copia-de-TAMANHO-EXATO-PARA-FOTOS-NO-SISTEMA-NOVO-73.webp.webp?fit=1200%2C675&ssl=1&resize=350%2C200 1x, https:\/\/i0.wp.com\/noticiasribeiraopreto.com.br\/wp-content\/uploads\/2024\/03\/AnyConv.com__Copia-de-Copia-de-TAMANHO-EXATO-PARA-FOTOS-NO-SISTEMA-NOVO-73.webp.webp?fit=1200%2C675&ssl=1&resize=525%2C300 1.5x, https:\/\/i0.wp.com\/noticiasribeiraopreto.com.br\/wp-content\/uploads\/2024\/03\/AnyConv.com__Copia-de-Copia-de-TAMANHO-EXATO-PARA-FOTOS-NO-SISTEMA-NOVO-73.webp.webp?fit=1200%2C675&ssl=1&resize=700%2C400 2x, https:\/\/i0.wp.com\/noticiasribeiraopreto.com.br\/wp-content\/uploads\/2024\/03\/AnyConv.com__Copia-de-Copia-de-TAMANHO-EXATO-PARA-FOTOS-NO-SISTEMA-NOVO-73.webp.webp?fit=1200%2C675&ssl=1&resize=1050%2C600 3x"},"classes":[]},{"id":50685,"url":"https:\/\/noticiasribeiraopreto.com.br\/index.php\/2024\/05\/17\/feira-tem-mais-de-100-animais-disponiveis-para-adocao-em-ribeirao-preto\/","url_meta":{"origin":42653,"position":3},"title":"Feira tem mais de 100 animais dispon\u00edveis para ado\u00e7\u00e3o em Ribeir\u00e3o Preto","author":"noticiasribeiraopreto.com.br","date":"17 de May de 2024","format":false,"excerpt":"A Divis\u00e3o de Bem-Estar Animal realiza neste s\u00e1bado (18) mais uma feira de ado\u00e7\u00e3o de c\u00e3es e gatos. Ao todo, s\u00e3o mais de 100 animais, resgatados de maus-tratos e situa\u00e7\u00e3o de sofrimento, que estar\u00e3o dispon\u00edveis. O evento acontece, das 9h \u00e0s 14h, na sede da divis\u00e3o, que fica na avenida\u2026","rel":"","context":"In &quot;Not\u00edcias de Ribeir\u00e3o Preto-SP e Regi\u00e3o&quot;","block_context":{"text":"Not\u00edcias de Ribeir\u00e3o Preto-SP e Regi\u00e3o","link":"https:\/\/noticiasribeiraopreto.com.br\/index.php\/category\/noticias-de-ribeirao-preto-sp-e-regiao-ismael-colosi\/"},"img":{"alt_text":"","src":"https:\/\/i0.wp.com\/noticiasribeiraopreto.com.br\/wp-content\/uploads\/2024\/05\/Copia-de-Copia-de-TAMANHO-EXATO-PARA-FOTOS-NO-SISTEMA-NOVO-17_2024-05-17_21-53-57_jpg_2024-05-17_21-53-57.webp.webp?fit=1200%2C675&ssl=1&resize=350%2C200","width":350,"height":200,"srcset":"https:\/\/i0.wp.com\/noticiasribeiraopreto.com.br\/wp-content\/uploads\/2024\/05\/Copia-de-Copia-de-TAMANHO-EXATO-PARA-FOTOS-NO-SISTEMA-NOVO-17_2024-05-17_21-53-57_jpg_2024-05-17_21-53-57.webp.webp?fit=1200%2C675&ssl=1&resize=350%2C200 1x, https:\/\/i0.wp.com\/noticiasribeiraopreto.com.br\/wp-content\/uploads\/2024\/05\/Copia-de-Copia-de-TAMANHO-EXATO-PARA-FOTOS-NO-SISTEMA-NOVO-17_2024-05-17_21-53-57_jpg_2024-05-17_21-53-57.webp.webp?fit=1200%2C675&ssl=1&resize=525%2C300 1.5x, https:\/\/i0.wp.com\/noticiasribeiraopreto.com.br\/wp-content\/uploads\/2024\/05\/Copia-de-Copia-de-TAMANHO-EXATO-PARA-FOTOS-NO-SISTEMA-NOVO-17_2024-05-17_21-53-57_jpg_2024-05-17_21-53-57.webp.webp?fit=1200%2C675&ssl=1&resize=700%2C400 2x, https:\/\/i0.wp.com\/noticiasribeiraopreto.com.br\/wp-content\/uploads\/2024\/05\/Copia-de-Copia-de-TAMANHO-EXATO-PARA-FOTOS-NO-SISTEMA-NOVO-17_2024-05-17_21-53-57_jpg_2024-05-17_21-53-57.webp.webp?fit=1200%2C675&ssl=1&resize=1050%2C600 3x"},"classes":[]},{"id":37557,"url":"https:\/\/noticiasribeiraopreto.com.br\/index.php\/2024\/02\/16\/feira-de-adocao-de-animais-acontece-neste-sabado-e-domingo\/","url_meta":{"origin":42653,"position":4},"title":"Feira de ado\u00e7\u00e3o de animais acontece neste s\u00e1bado e domingo","author":"noticiasribeiraopreto.com.br","date":"16 de February de 2024","format":false,"excerpt":"16 de fevereiro de 2024 | 18:0016 de fevereiro de 2024 | 18:30 0Neste s\u00e1bado e domingo,\u00a017 e 18 de\u00a0fevereiro, a Divis\u00e3o de Bem-Estar Animal, ligada a Secretaria do Meio Ambiente realiza mais um Evento de Ado\u00e7\u00e3o. S\u00e3o mais de 50 filhotes de c\u00e3es e gatos, vacinados e vermifugados \u00e0\u2026","rel":"","context":"In &quot;Not\u00edcias de Ribeir\u00e3o Preto-SP e Regi\u00e3o&quot;","block_context":{"text":"Not\u00edcias de Ribeir\u00e3o Preto-SP e Regi\u00e3o","link":"https:\/\/noticiasribeiraopreto.com.br\/index.php\/category\/noticias-de-ribeirao-preto-sp-e-regiao-ismael-colosi\/"},"img":{"alt_text":"","src":"https:\/\/i0.wp.com\/noticiasribeiraopreto.com.br\/wp-content\/uploads\/2024\/02\/animais_dbea_-_foto_guilherme_sircili_24-scaled.jpg?fit=967%2C645&ssl=1&resize=350%2C200","width":350,"height":200,"srcset":"https:\/\/i0.wp.com\/noticiasribeiraopreto.com.br\/wp-content\/uploads\/2024\/02\/animais_dbea_-_foto_guilherme_sircili_24-scaled.jpg?fit=967%2C645&ssl=1&resize=350%2C200 1x, https:\/\/i0.wp.com\/noticiasribeiraopreto.com.br\/wp-content\/uploads\/2024\/02\/animais_dbea_-_foto_guilherme_sircili_24-scaled.jpg?fit=967%2C645&ssl=1&resize=525%2C300 1.5x, https:\/\/i0.wp.com\/noticiasribeiraopreto.com.br\/wp-content\/uploads\/2024\/02\/animais_dbea_-_foto_guilherme_sircili_24-scaled.jpg?fit=967%2C645&ssl=1&resize=700%2C400 2x"},"classes":[]},{"id":29614,"url":"https:\/\/noticiasribeiraopreto.com.br\/index.php\/2024\/01\/18\/ribeirao-tem-a-1o-feira-de-adocao-de-animais-do-ano-neste-sabado-veja-como-adotar\/","url_meta":{"origin":42653,"position":5},"title":"Ribeir\u00e3o tem a 1\u00ba Feira de Ado\u00e7\u00e3o de Animais do ano neste s\u00e1bado; Veja como adotar","author":"noticiasribeiraopreto.com.br","date":"18 de January de 2024","format":false,"excerpt":"A Divis\u00e3o de Bem-Estar Animal (DBEA) de Ribeir\u00e3o Preto realiza neste s\u00e1bado (20), a primeira feira de ado\u00e7\u00e3o de c\u00e3es e gatos do ano. O evento acontece das 9h \u00e0s 14h, na sede da divis\u00e3o, avenida Eduardo Andrea Matarazzo (Via Norte), n\u00ba4255. De acordo com a divis\u00e3o, ligada a Secretaria\u2026","rel":"","context":"In &quot;Not\u00edcias de Ribeir\u00e3o Preto-SP e Regi\u00e3o&quot;","block_context":{"text":"Not\u00edcias de Ribeir\u00e3o Preto-SP e Regi\u00e3o","link":"https:\/\/noticiasribeiraopreto.com.br\/index.php\/category\/noticias-de-ribeirao-preto-sp-e-regiao-ismael-colosi\/"},"img":{"alt_text":"","src":"https:\/\/i0.wp.com\/noticiasribeiraopreto.com.br\/wp-content\/uploads\/2024\/01\/adocao_dbea_-_foto_fernando_gonzaga_11.jpg?fit=1200%2C800&ssl=1&resize=350%2C200","width":350,"height":200,"srcset":"https:\/\/i0.wp.com\/noticiasribeiraopreto.com.br\/wp-content\/uploads\/2024\/01\/adocao_dbea_-_foto_fernando_gonzaga_11.jpg?fit=1200%2C800&ssl=1&resize=350%2C200 1x, https:\/\/i0.wp.com\/noticiasribeiraopreto.com.br\/wp-content\/uploads\/2024\/01\/adocao_dbea_-_foto_fernando_gonzaga_11.jpg?fit=1200%2C800&ssl=1&resize=525%2C300 1.5x, https:\/\/i0.wp.com\/noticiasribeiraopreto.com.br\/wp-content\/uploads\/2024\/01\/adocao_dbea_-_foto_fernando_gonzaga_11.jpg?fit=1200%2C800&ssl=1&resize=700%2C400 2x, https:\/\/i0.wp.com\/noticiasribeiraopreto.com.br\/wp-content\/uploads\/2024\/01\/adocao_dbea_-_foto_fernando_gonzaga_11.jpg?fit=1200%2C800&ssl=1&resize=1050%2C600 3x"},"classes":[]}],"jetpack_sharing_enabled":true,"jetpack_shortlink":"https:\/\/wp.me\/peQAOb-b5X","_links":{"self":[{"href":"https:\/\/noticiasribeiraopreto.com.br\/index.php\/wp-json\/wp\/v2\/posts\/42653","targetHints":{"allow":["GET"]}}],"collection":[{"href":"https:\/\/noticiasribeiraopreto.com.br\/index.php\/wp-json\/wp\/v2\/posts"}],"about":[{"href":"https:\/\/noticiasribeiraopreto.com.br\/index.php\/wp-json\/wp\/v2\/types\/post"}],"author":[{"embeddable":true,"href":"https:\/\/noticiasribeiraopreto.com.br\/index.php\/wp-json\/wp\/v2\/users\/1"}],"replies":[{"embeddable":true,"href":"https:\/\/noticiasribeiraopreto.com.br\/index.php\/wp-json\/wp\/v2\/comments?post=42653"}],"version-history":[{"count":0,"href":"https:\/\/noticiasribeiraopreto.com.br\/index.php\/wp-json\/wp\/v2\/posts\/42653\/revisions"}],"wp:featuredmedia":[{"embeddable":true,"href":"https:\/\/noticiasribeiraopreto.com.br\/index.php\/wp-json\/wp\/v2\/media\/42654"}],"wp:attachment":[{"href":"https:\/\/noticiasribeiraopreto.com.br\/index.php\/wp-json\/wp\/v2\/media?parent=42653"}],"wp:term":[{"taxonomy":"category","embeddable":true,"href":"https:\/\/noticiasribeiraopreto.com.br\/index.php\/wp-json\/wp\/v2\/categories?post=42653"},{"taxonomy":"post_tag","embeddable":true,"href":"https:\/\/noticiasribeiraopreto.com.br\/index.php\/wp-json\/wp\/v2\/tags?post=42653"}],"curies":[{"name":"wp","href":"https:\/\/api.w.org\/{rel}","templated":true}]}}