{"id":42659,"date":"2024-03-15T18:34:17","date_gmt":"2024-03-15T21:34:17","guid":{"rendered":"https:\/\/noticiasribeiraopreto.com.br\/index.php\/2024\/03\/15\/confira-opcoes-de-clubes-com-piscina-para-se-refrescar-em-ribeirao-preto-durante-onda-de-calor\/"},"modified":"2024-03-15T18:34:17","modified_gmt":"2024-03-15T21:34:17","slug":"confira-opcoes-de-clubes-com-piscina-para-se-refrescar-em-ribeirao-preto-durante-onda-de-calor","status":"publish","type":"post","link":"https:\/\/noticiasribeiraopreto.com.br\/index.php\/2024\/03\/15\/confira-opcoes-de-clubes-com-piscina-para-se-refrescar-em-ribeirao-preto-durante-onda-de-calor\/","title":{"rendered":"Confira op\u00e7\u00f5es de clubes com piscina para se refrescar em Ribeir\u00e3o Preto durante onda de calor"},"content":{"rendered":"<div class='code-block code-block-1' style='margin: 8px 0 8px auto; text-align: right; display: block; clear: both;'>\n<p><a href=\"https:\/\/wa.link\/vpicfd\"><img data-recalc-dims=\"1\" class=\"wp-image-4922\" style=\"aspect-ratio: 2.0253164556962027; width: 561px; height: auto;\" src=\"https:\/\/i0.wp.com\/ismaelcolosi.com.br\/wp-content\/uploads\/2023\/11\/grupo-de-empregos-whatsapp-e-facebook-ismael-colosi-vagas.jpg?ssl=1\" alt=\"\" \/><\/a><\/p>\n<!-- \/wp:image -->\n<\/div>\n<p> <br \/>\n<\/p>\n<div>\n<p>O <strong>final de semana em Ribeir\u00e3o Preto<\/strong> ser\u00e1 quente, de acordo com a <strong>meteorologia<\/strong>. Os term\u00f4metros na cidade podem atingir os <strong>36\u00baC<\/strong>, contudo, <mark style=\"background-color:#fcb900\" class=\"has-inline-color\">a sensa\u00e7\u00e3o t\u00e9rmica pode ser ainda maior.<\/mark><\/p>\n<p>Para te ajudar a refrescar nesse per\u00edodo de onda de calor, o <strong>portal acidade on<\/strong> preparou uma lista com clubes da cidade para voc\u00ea aproveitar e espantar o calor. <strong>Confira:<\/strong><\/p>\n<h3 class=\"wp-block-heading\"><strong>Magic Gardens<\/strong><\/h3>\n<p>O<strong> Magic Gardens<\/strong> est\u00e1 localizado no bairro Jardim Orestes Lopes, na zona Norte de Ribeir\u00e3o Preto, e \u00e9 uma op\u00e7\u00e3o com piscinas, parques e atividades aqu\u00e1ticas.\u00a0<\/p>\n<p>O local funciona de ter\u00e7a a sexta-feira, das 8h \u00e0s 21h, e s\u00e1bados, domingos e feriados, das 8h \u00e0s 18h. \u00c9 preciso levar documento com foto ou certid\u00e3o de nascimento.\u00a0<\/p>\n<h4 class=\"wp-block-heading\"><strong>Ingressos<\/strong><\/h4>\n<p>Para aqueles que n\u00e3o s\u00e3o s\u00f3cios do clube, os ingressos podem ser reservados pela internet (<a href=\"https:\/\/www.magicgardens.com.br\/valores-convites\" target=\"_blank\" rel=\"noreferrer noopener\">clique aqui<\/a>). Confira os valores:<\/p>\n<ul>\n<li>Crian\u00e7as de 1 a 4 anos \u2013 R$ 5 (ter\u00e7a a sexta-feira) \/ R$ 10 (s\u00e1bado, domingo e feriado);<\/li>\n<\/ul>\n<ul>\n<li>Crian\u00e7as de 1 a 4 anos \u2013 R$ 30 (ter\u00e7a a sexta-feira) \/ R$ 35 (s\u00e1bado, domingo e feriado);<\/li>\n<\/ul>\n<ul>\n<li>Adultos \u2013 R$ 80 (ter\u00e7a a sexta-feira) \/ R$ 120 (s\u00e1bado, domingo e feriado);<\/li>\n<\/ul>\n<ul>\n<li>Idosos (acima de 60 anos) \u2013 R$ 40 (ter\u00e7a a sexta-feira) \/ R$ 60 (s\u00e1bado, domingo e feriado).<\/li>\n<\/ul>\n<p>O pagamento \u00e9 feito no dia da visita na secretaria do clube. Vale ressaltar que, para a utiliza\u00e7\u00e3o das piscinas aos finais de semana e feriados, ser\u00e1 realizado um exame m\u00e9dico no dia da visita com uma taxa de R$ 8 para n\u00e3o s\u00f3cios.<\/p>\n<p><a href=\"https:\/\/www.magicgardens.com.br\/\" target=\"_blank\" rel=\"noreferrer noopener\"><strong>Clique aqui para mais informa\u00e7\u00f5es<\/strong><\/a><\/p>\n<h3 class=\"wp-block-heading\"><strong>Ipanema clube<\/strong><\/h3>\n<p>Localizado no bairro Campos El\u00edseos, na zona Norte de Ribeir\u00e3o Preto, o<strong> Ipanema Clube<\/strong> possui lanchonete, piscina ol\u00edmpica, dois parques aqu\u00e1ticos para crian\u00e7as, piscina coberta e aquecida.<\/p>\n<p>O hor\u00e1rio de funcionamento \u00e9 de quarta-feira a domingo, das 8h \u00e0s 18h. \u00c9 preciso levar documento com foto.\u00a0<\/p>\n<h4 class=\"wp-block-heading\"><strong>Ingressos<\/strong><\/h4>\n<p>Os ingressos para n\u00e3o s\u00f3cios podem ser adquiridos na secretaria do clube. Confira os valores:<\/p>\n<ul>\n<li>Crian\u00e7as de 5 a 12 anos \u2013 R$ 25<\/li>\n<\/ul>\n<p><a href=\"https:\/\/www.ipanemaclube.com.br\/\" target=\"_blank\" rel=\"noreferrer noopener\"><strong>Clique aqui para mais informa\u00e7\u00f5es<\/strong><\/a><\/p>\n<h3 class=\"wp-block-heading\"><strong>Sesc Ribeir\u00e3o Preto<\/strong><\/h3>\n<p>O <strong>Sesc de Ribeir\u00e3o Preto<\/strong>, no Centro de Ribeir\u00e3o, oferece piscinas para o lazer do <strong>p\u00fablico credenciado<\/strong>. O parque aqu\u00e1tico do local funciona de ter\u00e7a a sexta-feira, das 13h30 \u00e0s 21h30; e aos s\u00e1bados, domingos e feriados, das 9h30 \u00e0s 18h.<\/p>\n<h4 class=\"wp-block-heading\"><strong>Quem tem direito a credencial?<\/strong><\/h4>\n<p>Trabalhadores que possuam \u202fv\u00ednculo empregat\u00edcio com empresas privadas do com\u00e9rcio, servi\u00e7os e turismo possuem direito. \u00c9 poss\u00edvel incluir dependentes na sua credencial, de forma gratuita.<\/p>\n<h4 class=\"wp-block-heading\"><strong>Qual o valor para utilizar a piscina?<\/strong><\/h4>\n<p>O acesso \u00e0s piscinas do Sesc para recrea\u00e7\u00e3o e nado livre \u00e9 gratuito. Contudo, \u00e9 necess\u00e1rio ter o Exame Dermatol\u00f3gico em dia. Voc\u00ea pode faz\u00ea-lo nas unidades da rede e ele fica v\u00e1lido em todo o estado por 6 meses (ou 3 meses, em Santos). O custo \u00e9 de R$ 10 reais.<\/p>\n<p><a href=\"https:\/\/www.sescsp.org.br\/unidades\/ribeirao-preto\/\" target=\"_blank\" rel=\"noreferrer noopener\"><strong>Clique aqui para mais informa\u00e7\u00f5es<\/strong><\/a><\/p>\n<h3 class=\"wp-block-heading\"><strong>Clube de Regatas<\/strong><\/h3>\n<p>O <strong>Clube de Regatas<\/strong> de <strong>Ribeir\u00e3o Preto<\/strong>, na zona Norte, \u00e9 uma op\u00e7\u00e3o \u00e0 beira do rio Pardo com piscinas, \u00e1rea para churrasco, lago e atividades esportivas.<\/p>\n<p>O local funcionamento de ter\u00e7a-feira a quinta-feira, das 7h30 \u00e0s 17h e s\u00e1bado e domingo, das 7h30 \u00e0s 18h.<\/p>\n<h4 class=\"wp-block-heading\"><strong>Ingressos<\/strong><\/h4>\n<p>Para quem n\u00e3o \u00e9 s\u00f3cio, o valor do ingresso varia entre R$ 50 (crian\u00e7as) a R$ 100 (a partir dos 12 anos). Vale ressaltar que \u00e9 necess\u00e1rio que um s\u00f3cio apresente o convidado.<\/p>\n<p><a href=\"https:\/\/www.clubederegatas.com.br\/\" target=\"_blank\" rel=\"noreferrer noopener\"><strong>Clique aqui para mais informa\u00e7\u00f5es<\/strong><\/a><\/p>\n<h3 class=\"wp-block-heading\"><strong>Recra<\/strong><\/h3>\n<p>A <strong>Sociedade Recreativa de Ribeir\u00e3o Preto<\/strong>, a <strong>Recra<\/strong>, possui duas unidades na cidade e conta com \u00e1rea de churrasco, \u00e1rea de jogos, ciclofaixa e piscinas infantis e semiol\u00edmpicas.<\/p>\n<p>A<strong> Recra Campo<\/strong> est\u00e1 localizada na rodovia Anhanguera, no km 320, sa\u00edda para Uberaba. J\u00e1 a <strong>Recra Cidade <\/strong>fica na avenida Nove de Julho, 299, no Centro.<\/p>\n<p>O hor\u00e1rio de funcionamento do <strong>Recra Cidade<\/strong> \u00e9 de ter\u00e7a-feira a sexta-feira, das 6h \u00e0s 21h e, s\u00e1bados e domingos, das 6h \u00e0s 18h. J\u00e1 do <strong>Recra Campo<\/strong> \u00e9 de ter\u00e7a-feira a quinta-feira, das 8h \u00e0s 23h e de sexta-feira, s\u00e1bados e domingos, das 8h \u00e0s 18h.<\/p>\n<h4 class=\"wp-block-heading\"><strong>Ingressos<\/strong><\/h4>\n<p>Os ingressos para visitar o local podem ser adquiridos no multiatendimento da unidade Nove de Julho, de segunda a sexta, das 8h \u00e0s 18h e, aos finais de semana, na portaria dos clubes. Os valores variam entre R$ 40 (crian\u00e7as de 5 a 10 anos) e R$ 75 (adulto).<\/p>\n<p><strong><a href=\"https:\/\/www.recra.com.br\/\" target=\"_blank\" rel=\"noreferrer noopener\">Clique aqui para mais informa\u00e7\u00f5es<\/a><\/strong><\/p>\n<h3 class=\"wp-block-heading\"><strong>Clube dos Comerci\u00e1rios<\/strong><\/h3>\n<p>O <strong>Clube dos Comerci\u00e1rios<\/strong>, localizado no Parque S\u00e3o Sebasti\u00e3o, oferece parque aqu\u00e1tico, sol\u00e1rio, lago, campos de futebol (grama e areia), quadras de v\u00f4lei e basquete etc.<\/p>\n<p>O hor\u00e1rio de funcionamento do local \u00e9 de quarta-feira a domingo, das 8h \u00e0s 17h.<\/p>\n<h4 class=\"wp-block-heading\"><strong>Ingressos<\/strong><\/h4>\n<ul>\n<li>De quarta-feira a s\u00e1bado \u2013 R$ 24 (crian\u00e7as de 3 a 12 anos) \/ R$ 43 (adultos)<\/li>\n<\/ul>\n<ul>\n<li>Domingo \u2013 R$ 45 (crian\u00e7as de 3 a 12 anos) \/ R$ 72 (adultos)<\/li>\n<\/ul>\n<p>Vale ressaltar que \u00e9 necess\u00e1rio que um s\u00f3cio apresente o convidado para que o mesmo possa utilizar o clube.<\/p>\n<p><strong><a href=\"https:\/\/comerciariorp.org\/clube-dos-comerciarios\/\" target=\"_blank\" rel=\"noreferrer noopener\">Clique aqui para mais informa\u00e7\u00f5es<\/a><\/strong><\/p>\n<hr class=\"wp-block-separator has-alpha-channel-opacity\"\/>\n<p>SAIBA MAIS<\/p>\n<p>Luan Santana confirma participa\u00e7\u00e3o na Festa do Pe\u00e3o de Barretos<\/p>\n<h4 class=\"wp-block-heading\"><strong><mark style=\"background-color:#fcb900\" class=\"has-inline-color\">FIQUE ON<\/mark><\/strong><\/h4>\n<p>Fique ligado em tudo que acontece em Ribeir\u00e3o Preto e regi\u00e3o. Siga os perfis do\u00a0<strong>acidade on\u00a0<\/strong>no<a href=\"https:\/\/www.instagram.com\/acidadeonribeirao\" target=\"_blank\" rel=\"noreferrer noopener\">\u00a0Instagram\u00a0<\/a>e no\u00a0<a href=\"https:\/\/www.facebook.com\/acidadeonribeirao\" target=\"_blank\" rel=\"noreferrer noopener\">Facebook<\/a>.<\/p>\n<p>Receba not\u00edcias do\u00a0<strong>acidade on\u00a0<\/strong>no WhatsApp.\u00a0<a href=\"https:\/\/chat.whatsapp.com\/GFH9HUMUTHNFJdnyEd0xxq\" target=\"_blank\" rel=\"noreferrer noopener\">Para entrar no grupo, basta clicar aqui.<\/a><\/p>\n<p>Fa\u00e7a uma den\u00fancia ou sugira uma reportagem sobre Ribeir\u00e3o Preto e regi\u00e3o pelo WhatsApp: 16 99117 7802.<\/p>\n<p>VEJA TAMB\u00c9M<\/p>\n<p>Que horas \u00e9 a entrevista da Wanessa Camargo no \u201cFant\u00e1stico\u201d?<\/p>\n<p><!-- AI CONTENT END 1 -->\n<\/div>\n<p><script async src=\"\/\/www.instagram.com\/embed.js\"><\/script><br \/>\n<br \/><br \/>\n<br \/><a href=\"https:\/\/www.acidadeon.com\/ribeiraopreto\/lazer-e-cultura\/confira-opcoes-de-clubes-com-piscina-para-se-refrescar-em-ribeirao-preto-durante-onda-de-calor\/\">Source link <\/a><\/p>\n<!-- CONTENT END 1 -->\n","protected":false},"excerpt":{"rendered":"<p>O final de semana em Ribeir\u00e3o Preto ser\u00e1 quente, de acordo com a meteorologia. Os term\u00f4metros na cidade podem atingir os 36\u00baC, contudo, a sensa\u00e7\u00e3o&#8230;<\/p>\n","protected":false},"author":1,"featured_media":42660,"comment_status":"open","ping_status":"open","sticky":false,"template":"","format":"standard","meta":{"advanced_seo_description":"","jetpack_seo_html_title":"","jetpack_seo_noindex":false,"jetpack_post_was_ever_published":false,"_jetpack_newsletter_access":"","_jetpack_dont_email_post_to_subs":false,"_jetpack_newsletter_tier_id":0,"_jetpack_memberships_contains_paywalled_content":false,"_jetpack_memberships_contains_paid_content":false,"footnotes":"","jetpack_publicize_message":"","jetpack_publicize_feature_enabled":true,"jetpack_social_post_already_shared":true,"jetpack_social_options":{"image_generator_settings":{"template":"highway","default_image_id":0,"font":"","enabled":false},"version":2}},"categories":[11],"tags":[],"class_list":["post-42659","post","type-post","status-publish","format-standard","has-post-thumbnail","hentry","category-noticias-de-ribeirao-preto-sp-e-regiao-ismael-colosi"],"jetpack_publicize_connections":[],"jetpack_featured_media_url":"https:\/\/i0.wp.com\/noticiasribeiraopreto.com.br\/wp-content\/uploads\/2024\/03\/magic-gardens-ribeirao-preto.jpg?fit=873%2C630&ssl=1","jetpack-related-posts":[{"id":16554,"url":"https:\/\/noticiasribeiraopreto.com.br\/index.php\/2023\/12\/15\/veja-opcoes-de-clube-em-ribeirao-para-se-refrescar-durante-a-nova-onda-de-calor\/","url_meta":{"origin":42659,"position":0},"title":"Veja op\u00e7\u00f5es de clube em Ribeir\u00e3o para se refrescar durante a nova onda de calor","author":"noticiasribeiraopreto.com.br","date":"15 de December de 2023","format":false,"excerpt":"A nova onda de calor que atinge Ribeir\u00e3o Preto e regi\u00e3o deve permanecer at\u00e9 o dia 20 de dezembro, de acordo com a Climatempo. Durante esse per\u00edodo, os term\u00f4metros devem se aproximar dos 40\u00baC na cidade. Neste s\u00e1bado (16) e domingo (17), a meteorologia prev\u00ea m\u00e1ximas de 38\u00baC e 37\u00baC,\u2026","rel":"","context":"In &quot;Not\u00edcias de Ribeir\u00e3o Preto-SP e Regi\u00e3o&quot;","block_context":{"text":"Not\u00edcias de Ribeir\u00e3o Preto-SP e Regi\u00e3o","link":"https:\/\/noticiasribeiraopreto.com.br\/index.php\/category\/noticias-de-ribeirao-preto-sp-e-regiao-ismael-colosi\/"},"img":{"alt_text":"","src":"https:\/\/i0.wp.com\/noticiasribeiraopreto.com.br\/wp-content\/uploads\/2023\/12\/guarda-chuva-e-cadeira-1-scaled.jpg?fit=1200%2C800&ssl=1&resize=350%2C200","width":350,"height":200,"srcset":"https:\/\/i0.wp.com\/noticiasribeiraopreto.com.br\/wp-content\/uploads\/2023\/12\/guarda-chuva-e-cadeira-1-scaled.jpg?fit=1200%2C800&ssl=1&resize=350%2C200 1x, https:\/\/i0.wp.com\/noticiasribeiraopreto.com.br\/wp-content\/uploads\/2023\/12\/guarda-chuva-e-cadeira-1-scaled.jpg?fit=1200%2C800&ssl=1&resize=525%2C300 1.5x, https:\/\/i0.wp.com\/noticiasribeiraopreto.com.br\/wp-content\/uploads\/2023\/12\/guarda-chuva-e-cadeira-1-scaled.jpg?fit=1200%2C800&ssl=1&resize=700%2C400 2x, https:\/\/i0.wp.com\/noticiasribeiraopreto.com.br\/wp-content\/uploads\/2023\/12\/guarda-chuva-e-cadeira-1-scaled.jpg?fit=1200%2C800&ssl=1&resize=1050%2C600 3x"},"classes":[]},{"id":2003,"url":"https:\/\/noticiasribeiraopreto.com.br\/index.php\/2023\/11\/14\/quatro-clubes-em-ribeirao-preto-com-piscina-para-espantar-a-onda-de-calor\/","url_meta":{"origin":42659,"position":1},"title":"Quatro clubes em Ribeir\u00e3o Preto com piscina para espantar a onda de calor\u00a0","author":"noticiasribeiraopreto.com.br","date":"14 de November de 2023","format":false,"excerpt":"Com as temperaturas em Ribeir\u00e3o Preto passando dos 40\u00b0C, o acidade on preparou uma lista com clubes da cidade que voc\u00ea pode ir para aproveitar a piscina espantar a onda de calor. MAGIC GARDENS O\u00a0Magic Gardens, no bairro Jardim Orestes Lopes, na zona Norte de Ribeir\u00e3o Preto, \u00e9 uma op\u00e7\u00e3o\u2026","rel":"","context":"In &quot;Not\u00edcias de Ribeir\u00e3o Preto-SP e Regi\u00e3o&quot;","block_context":{"text":"Not\u00edcias de Ribeir\u00e3o Preto-SP e Regi\u00e3o","link":"https:\/\/noticiasribeiraopreto.com.br\/index.php\/category\/noticias-de-ribeirao-preto-sp-e-regiao-ismael-colosi\/"},"img":{"alt_text":"","src":"https:\/\/i0.wp.com\/noticiasribeiraopreto.com.br\/wp-content\/uploads\/2023\/11\/magic-gardens-ribeirao-preto.jpg?fit=873%2C630&ssl=1&resize=350%2C200","width":350,"height":200,"srcset":"https:\/\/i0.wp.com\/noticiasribeiraopreto.com.br\/wp-content\/uploads\/2023\/11\/magic-gardens-ribeirao-preto.jpg?fit=873%2C630&ssl=1&resize=350%2C200 1x, https:\/\/i0.wp.com\/noticiasribeiraopreto.com.br\/wp-content\/uploads\/2023\/11\/magic-gardens-ribeirao-preto.jpg?fit=873%2C630&ssl=1&resize=525%2C300 1.5x, https:\/\/i0.wp.com\/noticiasribeiraopreto.com.br\/wp-content\/uploads\/2023\/11\/magic-gardens-ribeirao-preto.jpg?fit=873%2C630&ssl=1&resize=700%2C400 2x"},"classes":[]},{"id":1187,"url":"https:\/\/noticiasribeiraopreto.com.br\/index.php\/2023\/11\/10\/onda-de-calor-veja-5-opcoes-de-lazer-para-se-refrescar-em-ribeirao-e-regiao\/","url_meta":{"origin":42659,"position":2},"title":"Onda de calor: Veja 5 op\u00e7\u00f5es de lazer para se refrescar em Ribeir\u00e3o e regi\u00e3o","author":"noticiasribeiraopreto.com.br","date":"10 de November de 2023","format":false,"excerpt":"A temperatura deve ultrapassar os 40\u00baC em Ribeir\u00e3o Preto e regi\u00e3o nos pr\u00f3ximos dias, devido \u00e0 chegada de uma nova onda de calor no Brasil. De acordo com a meteorologia, existe a possibilidade do calor extremo quebrar recordes hist\u00f3ricos. Para te ajudar a combater o calor, o portal acidade on\u2026","rel":"","context":"In &quot;Not\u00edcias de Ribeir\u00e3o Preto-SP e Regi\u00e3o&quot;","block_context":{"text":"Not\u00edcias de Ribeir\u00e3o Preto-SP e Regi\u00e3o","link":"https:\/\/noticiasribeiraopreto.com.br\/index.php\/category\/noticias-de-ribeirao-preto-sp-e-regiao-ismael-colosi\/"},"img":{"alt_text":"","src":"https:\/\/i0.wp.com\/noticiasribeiraopreto.com.br\/wp-content\/uploads\/2023\/11\/22b9a51bd0f356745a9f54f5f910851a.jpg?fit=800%2C533&ssl=1&resize=350%2C200","width":350,"height":200,"srcset":"https:\/\/i0.wp.com\/noticiasribeiraopreto.com.br\/wp-content\/uploads\/2023\/11\/22b9a51bd0f356745a9f54f5f910851a.jpg?fit=800%2C533&ssl=1&resize=350%2C200 1x, https:\/\/i0.wp.com\/noticiasribeiraopreto.com.br\/wp-content\/uploads\/2023\/11\/22b9a51bd0f356745a9f54f5f910851a.jpg?fit=800%2C533&ssl=1&resize=525%2C300 1.5x, https:\/\/i0.wp.com\/noticiasribeiraopreto.com.br\/wp-content\/uploads\/2023\/11\/22b9a51bd0f356745a9f54f5f910851a.jpg?fit=800%2C533&ssl=1&resize=700%2C400 2x"},"classes":[]},{"id":77384,"url":"https:\/\/noticiasribeiraopreto.com.br\/index.php\/2025\/09\/17\/veja-onde-se-refrescar-de-graca-durante-a-onda-de-calor-em-ribeirao-preto-e-regiao\/","url_meta":{"origin":42659,"position":3},"title":"Veja onde se refrescar de gra\u00e7a durante a onda de calor em Ribeir\u00e3o Preto e regi\u00e3o","author":"noticiasribeiraopreto.com.br","date":"17 de September de 2025","format":false,"excerpt":"Uma nova onda de calor deve atingir o interior de S\u00e3o Paulo entre os dias 18 e 22 de setembro. Segundo a Climatempo, as temperaturas podem ficar at\u00e9 5\u00b0C acima da m\u00e9dia do m\u00eas, o que deve intensificar a sensa\u00e7\u00e3o de calor em Ribeir\u00e3o Preto e regi\u00e3o. Para ajudar quem\u2026","rel":"","context":"In &quot;Not\u00edcias de Ribeir\u00e3o Preto-SP e Regi\u00e3o&quot;","block_context":{"text":"Not\u00edcias de Ribeir\u00e3o Preto-SP e Regi\u00e3o","link":"https:\/\/noticiasribeiraopreto.com.br\/index.php\/category\/noticias-de-ribeirao-preto-sp-e-regiao-ismael-colosi\/"},"img":{"alt_text":"","src":"https:\/\/i0.wp.com\/noticiasribeiraopreto.com.br\/wp-content\/uploads\/2025\/09\/Copia-de-Copia-de-Copia-de-TAMANHO-EXATO-PARA-FOTOS-NO-SISTEMA-NOVO-2025-09-17T145610.018_2025-09-17_17-56-32.webp.webp?fit=1200%2C675&ssl=1&resize=350%2C200","width":350,"height":200,"srcset":"https:\/\/i0.wp.com\/noticiasribeiraopreto.com.br\/wp-content\/uploads\/2025\/09\/Copia-de-Copia-de-Copia-de-TAMANHO-EXATO-PARA-FOTOS-NO-SISTEMA-NOVO-2025-09-17T145610.018_2025-09-17_17-56-32.webp.webp?fit=1200%2C675&ssl=1&resize=350%2C200 1x, https:\/\/i0.wp.com\/noticiasribeiraopreto.com.br\/wp-content\/uploads\/2025\/09\/Copia-de-Copia-de-Copia-de-TAMANHO-EXATO-PARA-FOTOS-NO-SISTEMA-NOVO-2025-09-17T145610.018_2025-09-17_17-56-32.webp.webp?fit=1200%2C675&ssl=1&resize=525%2C300 1.5x, https:\/\/i0.wp.com\/noticiasribeiraopreto.com.br\/wp-content\/uploads\/2025\/09\/Copia-de-Copia-de-Copia-de-TAMANHO-EXATO-PARA-FOTOS-NO-SISTEMA-NOVO-2025-09-17T145610.018_2025-09-17_17-56-32.webp.webp?fit=1200%2C675&ssl=1&resize=700%2C400 2x, https:\/\/i0.wp.com\/noticiasribeiraopreto.com.br\/wp-content\/uploads\/2025\/09\/Copia-de-Copia-de-Copia-de-TAMANHO-EXATO-PARA-FOTOS-NO-SISTEMA-NOVO-2025-09-17T145610.018_2025-09-17_17-56-32.webp.webp?fit=1200%2C675&ssl=1&resize=1050%2C600 3x"},"classes":[]},{"id":48097,"url":"https:\/\/noticiasribeiraopreto.com.br\/index.php\/2024\/04\/30\/veja-piscinas-gratuitas-para-aproveitar-em-ribeirao-preto-durante-onda-de-calor\/","url_meta":{"origin":42659,"position":4},"title":"Veja piscinas gratuitas para aproveitar em Ribeir\u00e3o Preto durante onda de calor","author":"noticiasribeiraopreto.com.br","date":"30 de April de 2024","format":false,"excerpt":"Uma onda de calor afeta Ribeir\u00e3o Preto desde o dia 22 de abril. De acordo com a meteorologia, um sistema de alta press\u00e3o est\u00e1 bloqueando o avan\u00e7o das chuvas, al\u00e9m de intensificar a circula\u00e7\u00e3o do ar na regi\u00e3o, o que impede a forma\u00e7\u00e3o de nuvens de chuva intensas e eleva\u2026","rel":"","context":"In &quot;Not\u00edcias de Ribeir\u00e3o Preto-SP e Regi\u00e3o&quot;","block_context":{"text":"Not\u00edcias de Ribeir\u00e3o Preto-SP e Regi\u00e3o","link":"https:\/\/noticiasribeiraopreto.com.br\/index.php\/category\/noticias-de-ribeirao-preto-sp-e-regiao-ismael-colosi\/"},"img":{"alt_text":"","src":"https:\/\/i0.wp.com\/noticiasribeiraopreto.com.br\/wp-content\/uploads\/2024\/04\/piscina_da_1200x675_19042022181010.jpg?fit=1200%2C675&ssl=1&resize=350%2C200","width":350,"height":200,"srcset":"https:\/\/i0.wp.com\/noticiasribeiraopreto.com.br\/wp-content\/uploads\/2024\/04\/piscina_da_1200x675_19042022181010.jpg?fit=1200%2C675&ssl=1&resize=350%2C200 1x, https:\/\/i0.wp.com\/noticiasribeiraopreto.com.br\/wp-content\/uploads\/2024\/04\/piscina_da_1200x675_19042022181010.jpg?fit=1200%2C675&ssl=1&resize=525%2C300 1.5x, https:\/\/i0.wp.com\/noticiasribeiraopreto.com.br\/wp-content\/uploads\/2024\/04\/piscina_da_1200x675_19042022181010.jpg?fit=1200%2C675&ssl=1&resize=700%2C400 2x, https:\/\/i0.wp.com\/noticiasribeiraopreto.com.br\/wp-content\/uploads\/2024\/04\/piscina_da_1200x675_19042022181010.jpg?fit=1200%2C675&ssl=1&resize=1050%2C600 3x"},"classes":[]},{"id":77340,"url":"https:\/\/noticiasribeiraopreto.com.br\/index.php\/2025\/09\/16\/ribeirao-preto-tera-entrada-gratuita-em-clube-com-piscinas-durante-onda-de-calor\/","url_meta":{"origin":42659,"position":5},"title":"Ribeir\u00e3o Preto ter\u00e1 entrada gratuita em clube com piscinas durante onda de calor","author":"noticiasribeiraopreto.com.br","date":"16 de September de 2025","format":false,"excerpt":"Ribeir\u00e3o Preto recebe a partir desta quarta-feira (17) o projeto Refresca Ribeir\u00e3o, que conta com entrada gratuita para as piscinas do clube Recra Campo at\u00e9 s\u00e1bado (20), a partir das 9h. O espa\u00e7o fica na rua Doutor Manoel P. M. de Azevedo J\u00fanior, 316, no Balne\u00e1rio Recreativa. A iniciativa acontece\u2026","rel":"","context":"In &quot;Not\u00edcias de Ribeir\u00e3o Preto-SP e Regi\u00e3o&quot;","block_context":{"text":"Not\u00edcias de Ribeir\u00e3o Preto-SP e Regi\u00e3o","link":"https:\/\/noticiasribeiraopreto.com.br\/index.php\/category\/noticias-de-ribeirao-preto-sp-e-regiao-ismael-colosi\/"},"img":{"alt_text":"","src":"https:\/\/i0.wp.com\/noticiasribeiraopreto.com.br\/wp-content\/uploads\/2025\/09\/461251791_8308387879251733_6927103099581737206_n_2025-02-28_21-41-00_jpg_2025-02-28_21-41-00-1024x768.webp.webp?fit=1024%2C768&ssl=1&resize=350%2C200","width":350,"height":200,"srcset":"https:\/\/i0.wp.com\/noticiasribeiraopreto.com.br\/wp-content\/uploads\/2025\/09\/461251791_8308387879251733_6927103099581737206_n_2025-02-28_21-41-00_jpg_2025-02-28_21-41-00-1024x768.webp.webp?fit=1024%2C768&ssl=1&resize=350%2C200 1x, https:\/\/i0.wp.com\/noticiasribeiraopreto.com.br\/wp-content\/uploads\/2025\/09\/461251791_8308387879251733_6927103099581737206_n_2025-02-28_21-41-00_jpg_2025-02-28_21-41-00-1024x768.webp.webp?fit=1024%2C768&ssl=1&resize=525%2C300 1.5x, https:\/\/i0.wp.com\/noticiasribeiraopreto.com.br\/wp-content\/uploads\/2025\/09\/461251791_8308387879251733_6927103099581737206_n_2025-02-28_21-41-00_jpg_2025-02-28_21-41-00-1024x768.webp.webp?fit=1024%2C768&ssl=1&resize=700%2C400 2x"},"classes":[]}],"jetpack_sharing_enabled":true,"jetpack_shortlink":"https:\/\/wp.me\/peQAOb-b63","_links":{"self":[{"href":"https:\/\/noticiasribeiraopreto.com.br\/index.php\/wp-json\/wp\/v2\/posts\/42659","targetHints":{"allow":["GET"]}}],"collection":[{"href":"https:\/\/noticiasribeiraopreto.com.br\/index.php\/wp-json\/wp\/v2\/posts"}],"about":[{"href":"https:\/\/noticiasribeiraopreto.com.br\/index.php\/wp-json\/wp\/v2\/types\/post"}],"author":[{"embeddable":true,"href":"https:\/\/noticiasribeiraopreto.com.br\/index.php\/wp-json\/wp\/v2\/users\/1"}],"replies":[{"embeddable":true,"href":"https:\/\/noticiasribeiraopreto.com.br\/index.php\/wp-json\/wp\/v2\/comments?post=42659"}],"version-history":[{"count":0,"href":"https:\/\/noticiasribeiraopreto.com.br\/index.php\/wp-json\/wp\/v2\/posts\/42659\/revisions"}],"wp:featuredmedia":[{"embeddable":true,"href":"https:\/\/noticiasribeiraopreto.com.br\/index.php\/wp-json\/wp\/v2\/media\/42660"}],"wp:attachment":[{"href":"https:\/\/noticiasribeiraopreto.com.br\/index.php\/wp-json\/wp\/v2\/media?parent=42659"}],"wp:term":[{"taxonomy":"category","embeddable":true,"href":"https:\/\/noticiasribeiraopreto.com.br\/index.php\/wp-json\/wp\/v2\/categories?post=42659"},{"taxonomy":"post_tag","embeddable":true,"href":"https:\/\/noticiasribeiraopreto.com.br\/index.php\/wp-json\/wp\/v2\/tags?post=42659"}],"curies":[{"name":"wp","href":"https:\/\/api.w.org\/{rel}","templated":true}]}}