{"id":42670,"date":"2024-03-15T19:51:51","date_gmt":"2024-03-15T22:51:51","guid":{"rendered":"https:\/\/noticiasribeiraopreto.com.br\/index.php\/2024\/03\/15\/homem-fica-em-estado-grave-apos-explosao-de-forno-industrial-na-regiao-de-ribeirao\/"},"modified":"2024-03-15T19:51:51","modified_gmt":"2024-03-15T22:51:51","slug":"homem-fica-em-estado-grave-apos-explosao-de-forno-industrial-na-regiao-de-ribeirao","status":"publish","type":"post","link":"https:\/\/noticiasribeiraopreto.com.br\/index.php\/2024\/03\/15\/homem-fica-em-estado-grave-apos-explosao-de-forno-industrial-na-regiao-de-ribeirao\/","title":{"rendered":"Homem fica em estado grave ap\u00f3s explos\u00e3o de forno industrial na regi\u00e3o de Ribeir\u00e3o"},"content":{"rendered":"<div class='code-block code-block-1' style='margin: 8px 0 8px auto; text-align: right; display: block; clear: both;'>\n<p><a href=\"https:\/\/wa.link\/vpicfd\"><img data-recalc-dims=\"1\" class=\"wp-image-4922\" style=\"aspect-ratio: 2.0253164556962027; width: 561px; height: auto;\" src=\"https:\/\/i0.wp.com\/ismaelcolosi.com.br\/wp-content\/uploads\/2023\/11\/grupo-de-empregos-whatsapp-e-facebook-ismael-colosi-vagas.jpg?ssl=1\" alt=\"\" \/><\/a><\/p>\n<!-- \/wp:image -->\n<\/div>\n<p> <br \/>\n<\/p>\n<div data-td-block-uid=\"tdi_101\">\n<div class=\"tdb-block-inner td-fix-index\">\n<p>Um jovem de 26 anos ficou em estado grave ap\u00f3s um <strong>forno industrial <\/strong>explodir em uma f\u00e1brica de frios no Parque das \u00c1rvores, em <strong>Franca<\/strong>, na regi\u00e3o de <strong>Ribeir\u00e3o Preto<\/strong>. O acidente aconteceu na manh\u00e3 da \u00faltima quarta (13). A v\u00edtima sofreu ferimentos no rosto.<\/p>\n<p>De acordo com os familiares, Cl\u00e1udio Ademir Cultri J\u00fanior, de 26 anos, estava indo acender o forno do defumar bacon quando, quando o equipamento explodiu. As causas da explos\u00e3o ser\u00e3o investigadas.<\/p>\n<p>A v\u00edtima foi socorrida pelos funcion\u00e1rios da empresa at\u00e9 a<strong> UPA (Unidade de Pronto Atendimento) <\/strong>do Jardim Aeroporto e, por conta da gravidade, foi transferido para a <strong>Santa Casa de Franca<\/strong>.<\/p>\n<p>Ainda segundo os familiares, o jovem est\u00e1 em estado grave e precisa ser transferido para um hospital especializado em queimados (com informa\u00e7\u00f5es EPTV).<\/p>\n<p>SAIBA MAIS<br \/>HC Ribeir\u00e3o Preto abre concurso p\u00fablico com sal\u00e1rios de at\u00e9 R$ 6,3 mil<\/p>\n<h4 class=\"wp-block-heading\"><strong>FIQUE ON<\/strong><\/h4>\n<p>Fique ligado em tudo que acontece em Ribeir\u00e3o Preto e regi\u00e3o. Siga os perfis do<strong> acidade on<\/strong> no<a href=\"https:\/\/www.instagram.com\/acidadeonribeirao\" target=\"_blank\" rel=\"noreferrer noopener nofollow\"> Instagram <\/a>e no <a href=\"https:\/\/www.facebook.com\/acidadeonribeirao\" target=\"_blank\" rel=\"noreferrer noopener nofollow\">Facebook<\/a>.<\/p>\n<p>Receba not\u00edcias do <strong>acidade on<\/strong> no WhatsApp. <a href=\"https:\/\/chat.whatsapp.com\/GFH9HUMUTHNFJdnyEd0xxq\" target=\"_blank\" rel=\"noreferrer noopener nofollow\">Para entrar no grupo, basta clicar aqui.<\/a><\/p>\n<p>Fa\u00e7a uma den\u00fancia ou sugira uma reportagem sobre Ribeir\u00e3o Preto e regi\u00e3o pelo WhatsApp: 16 99117 7802.<\/p>\n<p>VEJA TAMB\u00c9M<br \/>De onde veio o mon\u00f3lito encontrado no Pa\u00eds de Gales?<\/p>\n<p><!-- AI CONTENT END 1 -->\n<\/div>\n<\/div>\n<p><script async src=\"\/\/www.instagram.com\/embed.js\"><\/script><br \/>\n<br \/><br \/>\n<br \/><a href=\"https:\/\/www.acidadeon.com\/ribeiraopreto\/cotidiano\/homem-fica-estado-grave-apos-explosao-de-forno-industrial-na-regiao-de-ribeirao\/\">Source link <\/a><\/p>\n<!-- CONTENT END 1 -->\n","protected":false},"excerpt":{"rendered":"<p>Um jovem de 26 anos ficou em estado grave ap\u00f3s um forno industrial explodir em uma f\u00e1brica de frios no Parque das \u00c1rvores, em Franca,&#8230;<\/p>\n","protected":false},"author":1,"featured_media":42671,"comment_status":"open","ping_status":"open","sticky":false,"template":"","format":"standard","meta":{"advanced_seo_description":"","jetpack_seo_html_title":"","jetpack_seo_noindex":false,"jetpack_post_was_ever_published":false,"_jetpack_newsletter_access":"","_jetpack_dont_email_post_to_subs":false,"_jetpack_newsletter_tier_id":0,"_jetpack_memberships_contains_paywalled_content":false,"_jetpack_memberships_contains_paid_content":false,"footnotes":"","jetpack_publicize_message":"","jetpack_publicize_feature_enabled":true,"jetpack_social_post_already_shared":true,"jetpack_social_options":{"image_generator_settings":{"template":"highway","default_image_id":0,"font":"","enabled":false},"version":2}},"categories":[11],"tags":[],"class_list":["post-42670","post","type-post","status-publish","format-standard","has-post-thumbnail","hentry","category-noticias-de-ribeirao-preto-sp-e-regiao-ismael-colosi"],"jetpack_publicize_connections":[],"jetpack_featured_media_url":"https:\/\/i0.wp.com\/noticiasribeiraopreto.com.br\/wp-content\/uploads\/2024\/03\/AnyConv.com__claudio-ademir.webp.webp?fit=1599%2C899&ssl=1","jetpack-related-posts":[{"id":56012,"url":"https:\/\/noticiasribeiraopreto.com.br\/index.php\/2024\/08\/08\/morre-segunda-vitima-de-acidente-em-rodovia-na-regiao-de-ribeirao-preto\/","url_meta":{"origin":42670,"position":0},"title":"Morre segunda v\u00edtima de acidente em rodovia na regi\u00e3o de Ribeir\u00e3o Preto","author":"noticiasribeiraopreto.com.br","date":"8 de August de 2024","format":false,"excerpt":"Morreu nesta quinta-feira (8), o jovem de 23 anos que estava internado em estado grave ap\u00f3s um acidente de tr\u00e2nsito na rodovia C\u00e2ndido Portinari (SP-334), entre Batatais e Franca, na regi\u00e3o de Ribeir\u00e3o Preto. Lucas Goulart Mascaranha era dentista e foi socorrido logo ap\u00f3s a colis\u00e3o. O rapaz \u00e9 a\u2026","rel":"","context":"In &quot;Not\u00edcias de Ribeir\u00e3o Preto-SP e Regi\u00e3o&quot;","block_context":{"text":"Not\u00edcias de Ribeir\u00e3o Preto-SP e Regi\u00e3o","link":"https:\/\/noticiasribeiraopreto.com.br\/index.php\/category\/noticias-de-ribeirao-preto-sp-e-regiao-ismael-colosi\/"},"img":{"alt_text":"","src":"https:\/\/i0.wp.com\/noticiasribeiraopreto.com.br\/wp-content\/uploads\/2024\/08\/Copia-de-Copia-de-TAMANHO-EXATO-PARA-FOTOS-NO-SISTEMA-NOVO-2024-08-08T142400.055_2024-08-08_17-24-18_png_2024-08-08_17-24-19.webp.webp?fit=1200%2C675&ssl=1&resize=350%2C200","width":350,"height":200,"srcset":"https:\/\/i0.wp.com\/noticiasribeiraopreto.com.br\/wp-content\/uploads\/2024\/08\/Copia-de-Copia-de-TAMANHO-EXATO-PARA-FOTOS-NO-SISTEMA-NOVO-2024-08-08T142400.055_2024-08-08_17-24-18_png_2024-08-08_17-24-19.webp.webp?fit=1200%2C675&ssl=1&resize=350%2C200 1x, https:\/\/i0.wp.com\/noticiasribeiraopreto.com.br\/wp-content\/uploads\/2024\/08\/Copia-de-Copia-de-TAMANHO-EXATO-PARA-FOTOS-NO-SISTEMA-NOVO-2024-08-08T142400.055_2024-08-08_17-24-18_png_2024-08-08_17-24-19.webp.webp?fit=1200%2C675&ssl=1&resize=525%2C300 1.5x, https:\/\/i0.wp.com\/noticiasribeiraopreto.com.br\/wp-content\/uploads\/2024\/08\/Copia-de-Copia-de-TAMANHO-EXATO-PARA-FOTOS-NO-SISTEMA-NOVO-2024-08-08T142400.055_2024-08-08_17-24-18_png_2024-08-08_17-24-19.webp.webp?fit=1200%2C675&ssl=1&resize=700%2C400 2x, https:\/\/i0.wp.com\/noticiasribeiraopreto.com.br\/wp-content\/uploads\/2024\/08\/Copia-de-Copia-de-TAMANHO-EXATO-PARA-FOTOS-NO-SISTEMA-NOVO-2024-08-08T142400.055_2024-08-08_17-24-18_png_2024-08-08_17-24-19.webp.webp?fit=1200%2C675&ssl=1&resize=1050%2C600 3x"},"classes":[]},{"id":20173,"url":"https:\/\/noticiasribeiraopreto.com.br\/index.php\/2023\/12\/24\/explosao-em-forno-de-fundicao-deixa-pelo-menos-13-vitimas-fatais-e-dezenas-de-feridos\/","url_meta":{"origin":42670,"position":1},"title":"Explos\u00e3o em forno de fundi\u00e7\u00e3o deixa pelo menos 13 v\u00edtimas fatais e dezenas de feridos","author":"noticiasribeiraopreto.com.br","date":"24 de December de 2023","format":false,"excerpt":"Um grave acidente em um parque industrial provocou uma verdadeira trag\u00e9dia, deixando pelo menos 13 v\u00edtimas fatais e cerca de 38 pessoas feridas. No \u00faltimo s\u00e1bado (23), ocorreu uma explos\u00e3o em um forno de fundi\u00e7\u00e3o localizado no parque industrial de n\u00edquel de Morowali, na Indon\u00e9sia.De acordo com as autoridades locais,\u2026","rel":"","context":"In &quot;Blog&quot;","block_context":{"text":"Blog","link":"https:\/\/noticiasribeiraopreto.com.br\/index.php\/category\/blog\/"},"img":{"alt_text":"","src":"https:\/\/i0.wp.com\/noticiasribeiraopreto.com.br\/wp-content\/uploads\/2023\/12\/postimg-6588516a496778303.jpg?fit=1200%2C628&ssl=1&resize=350%2C200","width":350,"height":200,"srcset":"https:\/\/i0.wp.com\/noticiasribeiraopreto.com.br\/wp-content\/uploads\/2023\/12\/postimg-6588516a496778303.jpg?fit=1200%2C628&ssl=1&resize=350%2C200 1x, https:\/\/i0.wp.com\/noticiasribeiraopreto.com.br\/wp-content\/uploads\/2023\/12\/postimg-6588516a496778303.jpg?fit=1200%2C628&ssl=1&resize=525%2C300 1.5x, https:\/\/i0.wp.com\/noticiasribeiraopreto.com.br\/wp-content\/uploads\/2023\/12\/postimg-6588516a496778303.jpg?fit=1200%2C628&ssl=1&resize=700%2C400 2x, https:\/\/i0.wp.com\/noticiasribeiraopreto.com.br\/wp-content\/uploads\/2023\/12\/postimg-6588516a496778303.jpg?fit=1200%2C628&ssl=1&resize=1050%2C600 3x"},"classes":[]},{"id":57942,"url":"https:\/\/noticiasribeiraopreto.com.br\/index.php\/2024\/09\/14\/homem-morre-e-adolescente-fica-em-estado-grave-apos-acidente-em-ribeirao-preto\/","url_meta":{"origin":42670,"position":2},"title":"Homem morre e adolescente fica em estado grave ap\u00f3s acidente em Ribeir\u00e3o Preto","author":"noticiasribeiraopreto.com.br","date":"14 de September de 2024","format":false,"excerpt":"Um homem de 23 anos morreu ap\u00f3s a moto que ele pilotava ter colidido contra um poste na avenida Eduardo Andrea Matarazzo, a Via Norte, em Ribeir\u00e3o Preto, na noite da \u00faltima sexta-feira (23). Uma adolescente de 16 anos que estava com a v\u00edtima foi socorrida em estado grave para\u2026","rel":"","context":"In &quot;Not\u00edcias de Ribeir\u00e3o Preto-SP e Regi\u00e3o&quot;","block_context":{"text":"Not\u00edcias de Ribeir\u00e3o Preto-SP e Regi\u00e3o","link":"https:\/\/noticiasribeiraopreto.com.br\/index.php\/category\/noticias-de-ribeirao-preto-sp-e-regiao-ismael-colosi\/"},"img":{"alt_text":"","src":"https:\/\/i0.wp.com\/noticiasribeiraopreto.com.br\/wp-content\/uploads\/2024\/09\/1726326592_cpj_1024x576_04082020121137.jpg?fit=1024%2C575&ssl=1&resize=350%2C200","width":350,"height":200,"srcset":"https:\/\/i0.wp.com\/noticiasribeiraopreto.com.br\/wp-content\/uploads\/2024\/09\/1726326592_cpj_1024x576_04082020121137.jpg?fit=1024%2C575&ssl=1&resize=350%2C200 1x, https:\/\/i0.wp.com\/noticiasribeiraopreto.com.br\/wp-content\/uploads\/2024\/09\/1726326592_cpj_1024x576_04082020121137.jpg?fit=1024%2C575&ssl=1&resize=525%2C300 1.5x, https:\/\/i0.wp.com\/noticiasribeiraopreto.com.br\/wp-content\/uploads\/2024\/09\/1726326592_cpj_1024x576_04082020121137.jpg?fit=1024%2C575&ssl=1&resize=700%2C400 2x"},"classes":[]},{"id":65409,"url":"https:\/\/noticiasribeiraopreto.com.br\/index.php\/2025\/03\/19\/identificado-o-motociclista-socorrido-em-estado-grave-apos-acidente-em-ribeirao-preto\/","url_meta":{"origin":42670,"position":3},"title":"Identificado o motociclista socorrido em estado grave ap\u00f3s acidente em Ribeir\u00e3o Preto","author":"noticiasribeiraopreto.com.br","date":"19 de March de 2025","format":false,"excerpt":"Foi identificado o motociclista que ficou gravemente ferido ap\u00f3s um acidente no cruzamento das ruas S\u00e3o Paulo e Cear\u00e1, em Ribeir\u00e3o Preto, na tarde desta quarta-feira (19). Trata-se de Adauto Marcelo Regiani, de 53 anos. A v\u00edtima foi levada em estado grav\u00edssimo ap\u00f3s ser arremessada contra uma parede, ap\u00f3s a\u2026","rel":"","context":"In &quot;Not\u00edcias de Ribeir\u00e3o Preto-SP e Regi\u00e3o&quot;","block_context":{"text":"Not\u00edcias de Ribeir\u00e3o Preto-SP e Regi\u00e3o","link":"https:\/\/noticiasribeiraopreto.com.br\/index.php\/category\/noticias-de-ribeirao-preto-sp-e-regiao-ismael-colosi\/"},"img":{"alt_text":"","src":"https:\/\/i0.wp.com\/noticiasribeiraopreto.com.br\/wp-content\/uploads\/2025\/03\/Copia-de-Copia-de-Copia-de-TAMANHO-EXATO-PARA-FOTOS-NO-SISTEMA-NOVO-2025-03-19T194447.646_2025-03-19_22-45-04_png_2025-03-19_22-45-05.webp.webp?fit=1200%2C675&ssl=1&resize=350%2C200","width":350,"height":200,"srcset":"https:\/\/i0.wp.com\/noticiasribeiraopreto.com.br\/wp-content\/uploads\/2025\/03\/Copia-de-Copia-de-Copia-de-TAMANHO-EXATO-PARA-FOTOS-NO-SISTEMA-NOVO-2025-03-19T194447.646_2025-03-19_22-45-04_png_2025-03-19_22-45-05.webp.webp?fit=1200%2C675&ssl=1&resize=350%2C200 1x, https:\/\/i0.wp.com\/noticiasribeiraopreto.com.br\/wp-content\/uploads\/2025\/03\/Copia-de-Copia-de-Copia-de-TAMANHO-EXATO-PARA-FOTOS-NO-SISTEMA-NOVO-2025-03-19T194447.646_2025-03-19_22-45-04_png_2025-03-19_22-45-05.webp.webp?fit=1200%2C675&ssl=1&resize=525%2C300 1.5x, https:\/\/i0.wp.com\/noticiasribeiraopreto.com.br\/wp-content\/uploads\/2025\/03\/Copia-de-Copia-de-Copia-de-TAMANHO-EXATO-PARA-FOTOS-NO-SISTEMA-NOVO-2025-03-19T194447.646_2025-03-19_22-45-04_png_2025-03-19_22-45-05.webp.webp?fit=1200%2C675&ssl=1&resize=700%2C400 2x, https:\/\/i0.wp.com\/noticiasribeiraopreto.com.br\/wp-content\/uploads\/2025\/03\/Copia-de-Copia-de-Copia-de-TAMANHO-EXATO-PARA-FOTOS-NO-SISTEMA-NOVO-2025-03-19T194447.646_2025-03-19_22-45-04_png_2025-03-19_22-45-05.webp.webp?fit=1200%2C675&ssl=1&resize=1050%2C600 3x"},"classes":[]},{"id":64241,"url":"https:\/\/noticiasribeiraopreto.com.br\/index.php\/2025\/03\/06\/jogador-pedro-severino-e-transferido-para-hospital-em-ribeirao-preto\/","url_meta":{"origin":42670,"position":4},"title":"Jogador Pedro Severino \u00e9 transferido para hospital em Ribeir\u00e3o Preto","author":"noticiasribeiraopreto.com.br","date":"6 de March de 2025","format":false,"excerpt":"O jogador Pedro Severino, v\u00edtima de um acidente na madrugada de ter\u00e7a-feira (4), foi transferido para um hospital particular de Ribeir\u00e3o Preto, na manh\u00e3 desta quinta-feira (6). O Hospital Municipal Dr. Waldemar Tebaldi, onde o atleta estava internado, em Americana (SP), informou que o jovem foi transferido para a Unimed\u2026","rel":"","context":"In &quot;Not\u00edcias de Ribeir\u00e3o Preto-SP e Regi\u00e3o&quot;","block_context":{"text":"Not\u00edcias de Ribeir\u00e3o Preto-SP e Regi\u00e3o","link":"https:\/\/noticiasribeiraopreto.com.br\/index.php\/category\/noticias-de-ribeirao-preto-sp-e-regiao-ismael-colosi\/"},"img":{"alt_text":"","src":"https:\/\/i0.wp.com\/noticiasribeiraopreto.com.br\/wp-content\/uploads\/2025\/03\/IMG-20250305-WA0006_2025-03-05_13-27-33_jpg_2025-03-05_13-27-33.webp.webp?fit=1200%2C799&ssl=1&resize=350%2C200","width":350,"height":200,"srcset":"https:\/\/i0.wp.com\/noticiasribeiraopreto.com.br\/wp-content\/uploads\/2025\/03\/IMG-20250305-WA0006_2025-03-05_13-27-33_jpg_2025-03-05_13-27-33.webp.webp?fit=1200%2C799&ssl=1&resize=350%2C200 1x, https:\/\/i0.wp.com\/noticiasribeiraopreto.com.br\/wp-content\/uploads\/2025\/03\/IMG-20250305-WA0006_2025-03-05_13-27-33_jpg_2025-03-05_13-27-33.webp.webp?fit=1200%2C799&ssl=1&resize=525%2C300 1.5x, https:\/\/i0.wp.com\/noticiasribeiraopreto.com.br\/wp-content\/uploads\/2025\/03\/IMG-20250305-WA0006_2025-03-05_13-27-33_jpg_2025-03-05_13-27-33.webp.webp?fit=1200%2C799&ssl=1&resize=700%2C400 2x, https:\/\/i0.wp.com\/noticiasribeiraopreto.com.br\/wp-content\/uploads\/2025\/03\/IMG-20250305-WA0006_2025-03-05_13-27-33_jpg_2025-03-05_13-27-33.webp.webp?fit=1200%2C799&ssl=1&resize=1050%2C600 3x"},"classes":[]},{"id":59471,"url":"https:\/\/noticiasribeiraopreto.com.br\/index.php\/2024\/10\/24\/adolescente-fica-em-estado-grave-apos-briga-em-unidade-de-ensino-em-pitangueiras\/","url_meta":{"origin":42670,"position":5},"title":"Adolescente fica em estado grave ap\u00f3s briga em unidade de ensino em Pitangueiras","author":"noticiasribeiraopreto.com.br","date":"24 de October de 2024","format":false,"excerpt":"Um estudante, de 16 anos, ficou ferido e em estado grave ap\u00f3s briga em uma unidade de ensino em Pitangueiras, na regi\u00e3o de Ribeir\u00e3o Preto, na manh\u00e3 desta quinta-feira (24). A v\u00edtima foi socorrida para Santa Casa de Pitangueiras, contudo, foi transferido para o HC-UE (Hospital das Cl\u00ednicas \u2013 Unidade\u2026","rel":"","context":"In &quot;Not\u00edcias de Ribeir\u00e3o Preto-SP e Regi\u00e3o&quot;","block_context":{"text":"Not\u00edcias de Ribeir\u00e3o Preto-SP e Regi\u00e3o","link":"https:\/\/noticiasribeiraopreto.com.br\/index.php\/category\/noticias-de-ribeirao-preto-sp-e-regiao-ismael-colosi\/"},"img":{"alt_text":"","src":"https:\/\/i0.wp.com\/noticiasribeiraopreto.com.br\/wp-content\/uploads\/2024\/10\/Copia-de-Copia-de-Copia-de-TAMANHO-EXATO-PARA-FOTOS-NO-SISTEMA-NOVO-2024-10-24T122856.043_2024-10-24_15-29-22_png_2024-10-24_15-29-22.webp.webp?fit=1200%2C675&ssl=1&resize=350%2C200","width":350,"height":200,"srcset":"https:\/\/i0.wp.com\/noticiasribeiraopreto.com.br\/wp-content\/uploads\/2024\/10\/Copia-de-Copia-de-Copia-de-TAMANHO-EXATO-PARA-FOTOS-NO-SISTEMA-NOVO-2024-10-24T122856.043_2024-10-24_15-29-22_png_2024-10-24_15-29-22.webp.webp?fit=1200%2C675&ssl=1&resize=350%2C200 1x, https:\/\/i0.wp.com\/noticiasribeiraopreto.com.br\/wp-content\/uploads\/2024\/10\/Copia-de-Copia-de-Copia-de-TAMANHO-EXATO-PARA-FOTOS-NO-SISTEMA-NOVO-2024-10-24T122856.043_2024-10-24_15-29-22_png_2024-10-24_15-29-22.webp.webp?fit=1200%2C675&ssl=1&resize=525%2C300 1.5x, https:\/\/i0.wp.com\/noticiasribeiraopreto.com.br\/wp-content\/uploads\/2024\/10\/Copia-de-Copia-de-Copia-de-TAMANHO-EXATO-PARA-FOTOS-NO-SISTEMA-NOVO-2024-10-24T122856.043_2024-10-24_15-29-22_png_2024-10-24_15-29-22.webp.webp?fit=1200%2C675&ssl=1&resize=700%2C400 2x, https:\/\/i0.wp.com\/noticiasribeiraopreto.com.br\/wp-content\/uploads\/2024\/10\/Copia-de-Copia-de-Copia-de-TAMANHO-EXATO-PARA-FOTOS-NO-SISTEMA-NOVO-2024-10-24T122856.043_2024-10-24_15-29-22_png_2024-10-24_15-29-22.webp.webp?fit=1200%2C675&ssl=1&resize=1050%2C600 3x"},"classes":[]}],"jetpack_sharing_enabled":true,"jetpack_shortlink":"https:\/\/wp.me\/peQAOb-b6e","_links":{"self":[{"href":"https:\/\/noticiasribeiraopreto.com.br\/index.php\/wp-json\/wp\/v2\/posts\/42670","targetHints":{"allow":["GET"]}}],"collection":[{"href":"https:\/\/noticiasribeiraopreto.com.br\/index.php\/wp-json\/wp\/v2\/posts"}],"about":[{"href":"https:\/\/noticiasribeiraopreto.com.br\/index.php\/wp-json\/wp\/v2\/types\/post"}],"author":[{"embeddable":true,"href":"https:\/\/noticiasribeiraopreto.com.br\/index.php\/wp-json\/wp\/v2\/users\/1"}],"replies":[{"embeddable":true,"href":"https:\/\/noticiasribeiraopreto.com.br\/index.php\/wp-json\/wp\/v2\/comments?post=42670"}],"version-history":[{"count":0,"href":"https:\/\/noticiasribeiraopreto.com.br\/index.php\/wp-json\/wp\/v2\/posts\/42670\/revisions"}],"wp:featuredmedia":[{"embeddable":true,"href":"https:\/\/noticiasribeiraopreto.com.br\/index.php\/wp-json\/wp\/v2\/media\/42671"}],"wp:attachment":[{"href":"https:\/\/noticiasribeiraopreto.com.br\/index.php\/wp-json\/wp\/v2\/media?parent=42670"}],"wp:term":[{"taxonomy":"category","embeddable":true,"href":"https:\/\/noticiasribeiraopreto.com.br\/index.php\/wp-json\/wp\/v2\/categories?post=42670"},{"taxonomy":"post_tag","embeddable":true,"href":"https:\/\/noticiasribeiraopreto.com.br\/index.php\/wp-json\/wp\/v2\/tags?post=42670"}],"curies":[{"name":"wp","href":"https:\/\/api.w.org\/{rel}","templated":true}]}}