{"id":42672,"date":"2024-03-15T20:08:44","date_gmt":"2024-03-15T23:08:44","guid":{"rendered":"https:\/\/noticiasribeiraopreto.com.br\/index.php\/2024\/03\/15\/grupo-porao-reapresenta-peca-inspirada-em-obra-de-simone-de-beauvoir-em-ribeirao-preto\/"},"modified":"2024-03-15T20:08:44","modified_gmt":"2024-03-15T23:08:44","slug":"grupo-porao-reapresenta-peca-inspirada-em-obra-de-simone-de-beauvoir-em-ribeirao-preto","status":"publish","type":"post","link":"https:\/\/noticiasribeiraopreto.com.br\/index.php\/2024\/03\/15\/grupo-porao-reapresenta-peca-inspirada-em-obra-de-simone-de-beauvoir-em-ribeirao-preto\/","title":{"rendered":"Grupo Por\u00e3o reapresenta pe\u00e7a inspirada em obra de Simone de Beauvoir em Ribeir\u00e3o Preto"},"content":{"rendered":"<div class='code-block code-block-1' style='margin: 8px 0 8px auto; text-align: right; display: block; clear: both;'>\n<p><a href=\"https:\/\/wa.link\/vpicfd\"><img data-recalc-dims=\"1\" class=\"wp-image-4922\" style=\"aspect-ratio: 2.0253164556962027; width: 561px; height: auto;\" src=\"https:\/\/i0.wp.com\/ismaelcolosi.com.br\/wp-content\/uploads\/2023\/11\/grupo-de-empregos-whatsapp-e-facebook-ismael-colosi-vagas.jpg?ssl=1\" alt=\"\" \/><\/a><\/p>\n<!-- \/wp:image -->\n<\/div>\n<p> <br \/>\n<\/p>\n<div data-td-block-uid=\"tdi_101\">\n<div class=\"tdb-block-inner td-fix-index\">\n<p>O<strong> Grupo Teatral Por\u00e3o <\/strong>prepara mais um fim de semana com a pe\u00e7a \u201c<strong>Acep\u00e7\u00e3o \u2013 Mulheres como um Todo<\/strong>\u201c, inspirado em obra de<strong> Simone de Beauvoir<\/strong>. A apresenta\u00e7\u00e3o <strong>acontece<\/strong> nos dias <strong>16 e 17<\/strong> de <strong>mar\u00e7o<\/strong>, na<strong> Arena Por\u00e3o<\/strong>, na<strong> zona Oeste de Ribeir\u00e3o Preto<\/strong>.<\/p>\n<p>A <strong>obra<\/strong> inspirada em \u201c<strong>O segundo sexo \u2013 Volume 1<\/strong>\u201d de <strong>Simone de Beauvoir<\/strong> busca explicar que \u00e9 no \u00edntimo dos desejos dos homens que se criam os mitos, estere\u00f3tipos e instru\u00e7\u00f5es do agir feminino.<\/p>\n<p>O intuito \u00e9 mostrar ao p\u00fablico como \u00e9 ser uma mulher e os atravessamentos do campo sexual que influenciam a sociedade. No palco s\u00e3o expostos temas como maternidade, <strong>aborto,<\/strong> \u2018<strong>estupro culposo<\/strong>\u2019, <strong>feminic\u00eddio<\/strong>, dentre outros.<\/p>\n<p>O grupo teatral<strong> Por\u00e3o<\/strong> apresentou o espet\u00e1culo em homenagem ao<strong> Dia da Mulher<\/strong>, com <strong>sess\u00f5es lotadas<\/strong>, o que levou o grupo a deixar a obra em cartaz por mais um final de semana.<\/p>\n<p>As apresenta\u00e7\u00f5es acontecem \u00e0s<strong> 20h <\/strong>e os<strong> ingressos <\/strong>custam <strong>R$ 20 <\/strong>e podem ser <strong>adquiridos <\/strong>pela<strong> internet <\/strong>(<a href=\"https:\/\/loja.infinitepay.io\/poraoproducoes\" target=\"_blank\" rel=\"noreferrer noopener\">clique aqui<\/a>).<\/p>\n<p>A<strong> Arena Por\u00e3o<\/strong> est\u00e1 localizada na <strong>rua 21 de Abril, 375, na Vila Tib\u00e9rio<\/strong>. A pe\u00e7a tem <strong>classifica\u00e7\u00e3o indicativa<\/strong> de <strong>16 anos<\/strong>.<\/p>\n<h4 class=\"wp-block-heading\"><strong>SERVI\u00c7O<\/strong><\/h4>\n<p><em>Acep\u00e7\u00e3o \u2013 Mulheres como um Todo por Grupo Teatral Por\u00e3o<\/em><\/p>\n<p><strong>Quando:<\/strong> 16 e 17 (s\u00e1bado e domingo)<br \/><strong>Onde:<\/strong> Arena Por\u00e3o<br \/><strong>Endere\u00e7o:<\/strong> Rua 21 de Abril, 375 \u2013 Vila Tib\u00e9rio <br \/><strong>Hor\u00e1rio: <\/strong>20h<br \/><strong>Ingressos: <\/strong>A partir de R$ 20 \u2013 podem ser adquiridos pela<strong> <\/strong>internet<strong> <\/strong>(<a href=\"https:\/\/loja.infinitepay.io\/poraoproducoes\" target=\"_blank\" rel=\"noreferrer noopener\">clique aqui<\/a>)<\/p>\n<p><!-- AI CONTENT END 1 -->\n<\/div>\n<\/div>\n<p><br \/>\n<br \/><a href=\"https:\/\/www.acidadeon.com\/ribeiraopreto\/lazer-e-cultura\/grupo-porao-reapresenta-peca-inspirada-em-obra-de-simone-de-beauvoir-em-ribeirao-preto\/\">Source link <\/a><\/p>\n<!-- CONTENT END 1 -->\n","protected":false},"excerpt":{"rendered":"<p>O Grupo Teatral Por\u00e3o prepara mais um fim de semana com a pe\u00e7a \u201cAcep\u00e7\u00e3o \u2013 Mulheres como um Todo\u201c, inspirado em obra de Simone de&#8230;<\/p>\n","protected":false},"author":1,"featured_media":42673,"comment_status":"open","ping_status":"open","sticky":false,"template":"","format":"standard","meta":{"advanced_seo_description":"","jetpack_seo_html_title":"","jetpack_seo_noindex":false,"jetpack_post_was_ever_published":false,"_jetpack_newsletter_access":"","_jetpack_dont_email_post_to_subs":false,"_jetpack_newsletter_tier_id":0,"_jetpack_memberships_contains_paywalled_content":false,"_jetpack_memberships_contains_paid_content":false,"footnotes":"","jetpack_publicize_message":"","jetpack_publicize_feature_enabled":true,"jetpack_social_post_already_shared":true,"jetpack_social_options":{"image_generator_settings":{"template":"highway","default_image_id":0,"font":"","enabled":false},"version":2}},"categories":[11],"tags":[],"class_list":["post-42672","post","type-post","status-publish","format-standard","has-post-thumbnail","hentry","category-noticias-de-ribeirao-preto-sp-e-regiao-ismael-colosi"],"jetpack_publicize_connections":[],"jetpack_featured_media_url":"https:\/\/i0.wp.com\/noticiasribeiraopreto.com.br\/wp-content\/uploads\/2024\/03\/Capturar-10.jpg?fit=516%2C318&ssl=1","jetpack-related-posts":[{"id":53871,"url":"https:\/\/noticiasribeiraopreto.com.br\/index.php\/2024\/06\/25\/ribeirao-preto-tem-pecas-de-teatro-gratuitas-de-nelson-rodrigues-saiba-mais\/","url_meta":{"origin":42672,"position":0},"title":"Ribeir\u00e3o Preto tem pe\u00e7as de teatro gratuitas de Nelson Rodrigues; Saiba mais","author":"noticiasribeiraopreto.com.br","date":"25 de June de 2024","format":false,"excerpt":"A pe\u00e7a teatral \u201cVestido de Noiva\u201d, de Nelson Rodrigues, abre a temporada do segundo festival que leva o nome do dramaturgo em Ribeir\u00e3o Preto. O espet\u00e1culo ser\u00e1 nesta quarta-feira (26), \u00e0s 20h, no Teatro Municipal. Com mais de 20 atividades gratuitas, que incluem espet\u00e1culos, oficinas e palestras (veja abaixo), o\u2026","rel":"","context":"In &quot;Not\u00edcias de Ribeir\u00e3o Preto-SP e Regi\u00e3o&quot;","block_context":{"text":"Not\u00edcias de Ribeir\u00e3o Preto-SP e Regi\u00e3o","link":"https:\/\/noticiasribeiraopreto.com.br\/index.php\/category\/noticias-de-ribeirao-preto-sp-e-regiao-ismael-colosi\/"},"img":{"alt_text":"","src":"https:\/\/i0.wp.com\/noticiasribeiraopreto.com.br\/wp-content\/uploads\/2024\/06\/Copia-de-Copia-de-TAMANHO-EXATO-PARA-FOTOS-NO-SISTEMA-NOVO-17_2024-06-25_20-05-03_jpg_2024-06-25_20-05-03.webp.webp?fit=1200%2C675&ssl=1&resize=350%2C200","width":350,"height":200,"srcset":"https:\/\/i0.wp.com\/noticiasribeiraopreto.com.br\/wp-content\/uploads\/2024\/06\/Copia-de-Copia-de-TAMANHO-EXATO-PARA-FOTOS-NO-SISTEMA-NOVO-17_2024-06-25_20-05-03_jpg_2024-06-25_20-05-03.webp.webp?fit=1200%2C675&ssl=1&resize=350%2C200 1x, https:\/\/i0.wp.com\/noticiasribeiraopreto.com.br\/wp-content\/uploads\/2024\/06\/Copia-de-Copia-de-TAMANHO-EXATO-PARA-FOTOS-NO-SISTEMA-NOVO-17_2024-06-25_20-05-03_jpg_2024-06-25_20-05-03.webp.webp?fit=1200%2C675&ssl=1&resize=525%2C300 1.5x, https:\/\/i0.wp.com\/noticiasribeiraopreto.com.br\/wp-content\/uploads\/2024\/06\/Copia-de-Copia-de-TAMANHO-EXATO-PARA-FOTOS-NO-SISTEMA-NOVO-17_2024-06-25_20-05-03_jpg_2024-06-25_20-05-03.webp.webp?fit=1200%2C675&ssl=1&resize=700%2C400 2x, https:\/\/i0.wp.com\/noticiasribeiraopreto.com.br\/wp-content\/uploads\/2024\/06\/Copia-de-Copia-de-TAMANHO-EXATO-PARA-FOTOS-NO-SISTEMA-NOVO-17_2024-06-25_20-05-03_jpg_2024-06-25_20-05-03.webp.webp?fit=1200%2C675&ssl=1&resize=1050%2C600 3x"},"classes":[]},{"id":68573,"url":"https:\/\/noticiasribeiraopreto.com.br\/index.php\/2025\/04\/26\/espetaculo-o-despertar-ganha-nova-temporada-em-ribeirao-preto\/","url_meta":{"origin":42672,"position":1},"title":"Espet\u00e1culo \u2018O Despertar\u2019 ganha nova temporada em Ribeir\u00e3o Preto","author":"noticiasribeiraopreto.com.br","date":"26 de April de 2025","format":false,"excerpt":"A Por\u00e3o Produ\u00e7\u00f5es Culturais traz para Ribeir\u00e3o Preto uma nova temporada do espet\u00e1culo \u201cO Despertar\u201d, entre os dias 26 de abril a 3 de maio, na Arena Por\u00e3o. Os ingressos podem ser adquiridos on-line \u2013 veja como abaixo. O enredo conta a hist\u00f3ria de um grupo de adolescentes que se\u2026","rel":"","context":"In &quot;Not\u00edcias de Ribeir\u00e3o Preto-SP e Regi\u00e3o&quot;","block_context":{"text":"Not\u00edcias de Ribeir\u00e3o Preto-SP e Regi\u00e3o","link":"https:\/\/noticiasribeiraopreto.com.br\/index.php\/category\/noticias-de-ribeirao-preto-sp-e-regiao-ismael-colosi\/"},"img":{"alt_text":"","src":"https:\/\/i0.wp.com\/noticiasribeiraopreto.com.br\/wp-content\/uploads\/2025\/04\/O-Despertar-da-Primavera-Porao-por-Alexandre-Ocdy-191_2025-04-26_16-03-38.webp.webp?fit=1200%2C800&ssl=1&resize=350%2C200","width":350,"height":200,"srcset":"https:\/\/i0.wp.com\/noticiasribeiraopreto.com.br\/wp-content\/uploads\/2025\/04\/O-Despertar-da-Primavera-Porao-por-Alexandre-Ocdy-191_2025-04-26_16-03-38.webp.webp?fit=1200%2C800&ssl=1&resize=350%2C200 1x, https:\/\/i0.wp.com\/noticiasribeiraopreto.com.br\/wp-content\/uploads\/2025\/04\/O-Despertar-da-Primavera-Porao-por-Alexandre-Ocdy-191_2025-04-26_16-03-38.webp.webp?fit=1200%2C800&ssl=1&resize=525%2C300 1.5x, https:\/\/i0.wp.com\/noticiasribeiraopreto.com.br\/wp-content\/uploads\/2025\/04\/O-Despertar-da-Primavera-Porao-por-Alexandre-Ocdy-191_2025-04-26_16-03-38.webp.webp?fit=1200%2C800&ssl=1&resize=700%2C400 2x, https:\/\/i0.wp.com\/noticiasribeiraopreto.com.br\/wp-content\/uploads\/2025\/04\/O-Despertar-da-Primavera-Porao-por-Alexandre-Ocdy-191_2025-04-26_16-03-38.webp.webp?fit=1200%2C800&ssl=1&resize=1050%2C600 3x"},"classes":[]},{"id":78793,"url":"https:\/\/noticiasribeiraopreto.com.br\/index.php\/2025\/10\/18\/peca-as-aves-da-noite-encerra-turne-com-apresentacoes-gratuitas-em-ribeirao-preto\/","url_meta":{"origin":42672,"position":2},"title":"Pe\u00e7a &#8216;As Aves da Noite&#8217; encerra turn\u00ea com apresenta\u00e7\u00f5es gratuitas em Ribeir\u00e3o Preto","author":"noticiasribeiraopreto.com.br","date":"18 de October de 2025","format":false,"excerpt":"O Teatro Municipal de Ribeir\u00e3o Preto recebe, nos dias 1\u00ba e 2 de novembro, o drama teatral escrito por Hilda Hist h\u00e1 57 anos, \u201cAs Aves da Noite\u201d. As sess\u00f5es acontecem \u00e0s 20h e \u00e0s 18h, com entrada gratuita. As apresenta\u00e7\u00f5es em Ribeir\u00e3o Preto encerram a turn\u00ea que contemplou cinco\u2026","rel":"","context":"In &quot;Not\u00edcias de Ribeir\u00e3o Preto-SP e Regi\u00e3o&quot;","block_context":{"text":"Not\u00edcias de Ribeir\u00e3o Preto-SP e Regi\u00e3o","link":"https:\/\/noticiasribeiraopreto.com.br\/index.php\/category\/noticias-de-ribeirao-preto-sp-e-regiao-ismael-colosi\/"},"img":{"alt_text":"","src":"https:\/\/i0.wp.com\/noticiasribeiraopreto.com.br\/wp-content\/uploads\/2025\/10\/aves-da-noite_2025-10-18_14-18-03.webp.webp?fit=1200%2C800&ssl=1&resize=350%2C200","width":350,"height":200,"srcset":"https:\/\/i0.wp.com\/noticiasribeiraopreto.com.br\/wp-content\/uploads\/2025\/10\/aves-da-noite_2025-10-18_14-18-03.webp.webp?fit=1200%2C800&ssl=1&resize=350%2C200 1x, https:\/\/i0.wp.com\/noticiasribeiraopreto.com.br\/wp-content\/uploads\/2025\/10\/aves-da-noite_2025-10-18_14-18-03.webp.webp?fit=1200%2C800&ssl=1&resize=525%2C300 1.5x, https:\/\/i0.wp.com\/noticiasribeiraopreto.com.br\/wp-content\/uploads\/2025\/10\/aves-da-noite_2025-10-18_14-18-03.webp.webp?fit=1200%2C800&ssl=1&resize=700%2C400 2x, https:\/\/i0.wp.com\/noticiasribeiraopreto.com.br\/wp-content\/uploads\/2025\/10\/aves-da-noite_2025-10-18_14-18-03.webp.webp?fit=1200%2C800&ssl=1&resize=1050%2C600 3x"},"classes":[]},{"id":58354,"url":"https:\/\/noticiasribeiraopreto.com.br\/index.php\/2024\/09\/25\/caso-meinhof-ribeirao-preto-recebe-peca-inspirada-em-obra-de-ganhadora-do-nobel\/","url_meta":{"origin":42672,"position":3},"title":"Caso Meinhof: Ribeir\u00e3o Preto recebe pe\u00e7a inspirada em obra de ganhadora do Nobel","author":"noticiasribeiraopreto.com.br","date":"25 de September de 2024","format":false,"excerpt":"A pe\u00e7a \u201cO Caso Meinhof\u201d chega ao Centro Cultural Cer\u00e2mica S\u00e3o Luiz, em Ribeir\u00e3o Preto, neste domingo (29), \u00e0s 18h. Apresentado pelo Teatro Fim do Mundo, o espet\u00e1culo \u00e9 inspirado em texto da ganhadora do Nobel de Literatura, Elfriede Jelinek. Ap\u00f3s a apresenta\u00e7\u00e3o, acontecer\u00e1 uma roda de conversa com os\u2026","rel":"","context":"In &quot;Not\u00edcias de Ribeir\u00e3o Preto-SP e Regi\u00e3o&quot;","block_context":{"text":"Not\u00edcias de Ribeir\u00e3o Preto-SP e Regi\u00e3o","link":"https:\/\/noticiasribeiraopreto.com.br\/index.php\/category\/noticias-de-ribeirao-preto-sp-e-regiao-ismael-colosi\/"},"img":{"alt_text":"","src":"https:\/\/i0.wp.com\/noticiasribeiraopreto.com.br\/wp-content\/uploads\/2024\/09\/Espetaculo-O-caso-meinhof-Foto-de-Caca-Bernardes-2_2024-09-25_13-27-32_jpg_2024-09-25_13-27-33-scaled.webp.webp?fit=1200%2C800&ssl=1&resize=350%2C200","width":350,"height":200,"srcset":"https:\/\/i0.wp.com\/noticiasribeiraopreto.com.br\/wp-content\/uploads\/2024\/09\/Espetaculo-O-caso-meinhof-Foto-de-Caca-Bernardes-2_2024-09-25_13-27-32_jpg_2024-09-25_13-27-33-scaled.webp.webp?fit=1200%2C800&ssl=1&resize=350%2C200 1x, https:\/\/i0.wp.com\/noticiasribeiraopreto.com.br\/wp-content\/uploads\/2024\/09\/Espetaculo-O-caso-meinhof-Foto-de-Caca-Bernardes-2_2024-09-25_13-27-32_jpg_2024-09-25_13-27-33-scaled.webp.webp?fit=1200%2C800&ssl=1&resize=525%2C300 1.5x, https:\/\/i0.wp.com\/noticiasribeiraopreto.com.br\/wp-content\/uploads\/2024\/09\/Espetaculo-O-caso-meinhof-Foto-de-Caca-Bernardes-2_2024-09-25_13-27-32_jpg_2024-09-25_13-27-33-scaled.webp.webp?fit=1200%2C800&ssl=1&resize=700%2C400 2x, https:\/\/i0.wp.com\/noticiasribeiraopreto.com.br\/wp-content\/uploads\/2024\/09\/Espetaculo-O-caso-meinhof-Foto-de-Caca-Bernardes-2_2024-09-25_13-27-32_jpg_2024-09-25_13-27-33-scaled.webp.webp?fit=1200%2C800&ssl=1&resize=1050%2C600 3x"},"classes":[]},{"id":43625,"url":"https:\/\/noticiasribeiraopreto.com.br\/index.php\/2024\/03\/22\/prefeitura-municipal-de-ribeirao-preto\/","url_meta":{"origin":42672,"position":4},"title":"Inscri\u00e7\u00f5es abertas para a oficina de teatro gratuita \u201cOutros Contos: Contando Teatro\u201d","author":"noticiasribeiraopreto.com.br","date":"22 de March de 2024","format":false,"excerpt":"30\/04\/2024 15:31 - Cultura Inscri\u00e7\u00f5es abertas para a oficina de teatro gratuita \u201cOutros Contos: Contando Teatro\u201d Ser\u00e3o disponibilizadas 20 vagas para quatro op\u00e7\u00f5es de dias e hor\u00e1rios na Arena Por\u00e3o\r \r \u00a0\r \r Est\u00e3o\u00a0abertas as inscri\u00e7\u00f5es\u00a0para a oficina de teatro gratuita \u201cOutros Contos: Contando Teatro\u201d que acontece nos dias 3,\u2026","rel":"","context":"In &quot;Vagas de Emprego em Ribeir\u00e3o Preto-SP&quot;","block_context":{"text":"Vagas de Emprego em Ribeir\u00e3o Preto-SP","link":"https:\/\/noticiasribeiraopreto.com.br\/index.php\/category\/empregos-classificados-vagas-trabalho\/vagas-de-empregos-em-ribeirao-preto-regiao-brasil\/"},"img":{"alt_text":"","src":"https:\/\/i0.wp.com\/noticiasribeiraopreto.com.br\/wp-content\/uploads\/2024\/05\/outros_contos.jpeg?fit=969%2C1080&ssl=1&resize=350%2C200","width":350,"height":200,"srcset":"https:\/\/i0.wp.com\/noticiasribeiraopreto.com.br\/wp-content\/uploads\/2024\/05\/outros_contos.jpeg?fit=969%2C1080&ssl=1&resize=350%2C200 1x, https:\/\/i0.wp.com\/noticiasribeiraopreto.com.br\/wp-content\/uploads\/2024\/05\/outros_contos.jpeg?fit=969%2C1080&ssl=1&resize=525%2C300 1.5x, https:\/\/i0.wp.com\/noticiasribeiraopreto.com.br\/wp-content\/uploads\/2024\/05\/outros_contos.jpeg?fit=969%2C1080&ssl=1&resize=700%2C400 2x"},"classes":[]},{"id":64882,"url":"https:\/\/noticiasribeiraopreto.com.br\/index.php\/2025\/03\/13\/ribeirao-preto-recebe-espetaculo-premiado-entrada-e-gratuita\/","url_meta":{"origin":42672,"position":5},"title":"Ribeir\u00e3o Preto recebe espet\u00e1culo premiado; Entrada \u00e9 gratuita","author":"noticiasribeiraopreto.com.br","date":"13 de March de 2025","format":false,"excerpt":"Ribeir\u00e3o Preto recebe o espet\u00e1culo premiado \u201cCORPOM\u00c1QUINA\u201d, que mescla dan\u00e7a, artes visuais, performance e tecnologia. As apresenta\u00e7\u00f5es acontecem no s\u00e1bado (15), \u00e0s 14h, e no domingo (16), \u00e0s 17h, no Galp\u00e3o Cultural Arena Por\u00e3o. A entrada \u00e9 gratuita. \u201cCORPOM\u00c1QUINA\u201d foi vencedor do Pr\u00eamio Denilto Gomes de Dan\u00e7a 2022 na categoria\u2026","rel":"","context":"In &quot;Not\u00edcias de Ribeir\u00e3o Preto-SP e Regi\u00e3o&quot;","block_context":{"text":"Not\u00edcias de Ribeir\u00e3o Preto-SP e Regi\u00e3o","link":"https:\/\/noticiasribeiraopreto.com.br\/index.php\/category\/noticias-de-ribeirao-preto-sp-e-regiao-ismael-colosi\/"},"img":{"alt_text":"","src":"https:\/\/i0.wp.com\/noticiasribeiraopreto.com.br\/wp-content\/uploads\/2025\/03\/8_FotoCORPOMAQUINA_FotografiaGuilhermeDiCurzio-scaled-1_2025-03-13_14-30-01_jpg_2025-03-13_14-30-01.webp.webp?fit=1200%2C800&ssl=1&resize=350%2C200","width":350,"height":200,"srcset":"https:\/\/i0.wp.com\/noticiasribeiraopreto.com.br\/wp-content\/uploads\/2025\/03\/8_FotoCORPOMAQUINA_FotografiaGuilhermeDiCurzio-scaled-1_2025-03-13_14-30-01_jpg_2025-03-13_14-30-01.webp.webp?fit=1200%2C800&ssl=1&resize=350%2C200 1x, https:\/\/i0.wp.com\/noticiasribeiraopreto.com.br\/wp-content\/uploads\/2025\/03\/8_FotoCORPOMAQUINA_FotografiaGuilhermeDiCurzio-scaled-1_2025-03-13_14-30-01_jpg_2025-03-13_14-30-01.webp.webp?fit=1200%2C800&ssl=1&resize=525%2C300 1.5x, https:\/\/i0.wp.com\/noticiasribeiraopreto.com.br\/wp-content\/uploads\/2025\/03\/8_FotoCORPOMAQUINA_FotografiaGuilhermeDiCurzio-scaled-1_2025-03-13_14-30-01_jpg_2025-03-13_14-30-01.webp.webp?fit=1200%2C800&ssl=1&resize=700%2C400 2x, https:\/\/i0.wp.com\/noticiasribeiraopreto.com.br\/wp-content\/uploads\/2025\/03\/8_FotoCORPOMAQUINA_FotografiaGuilhermeDiCurzio-scaled-1_2025-03-13_14-30-01_jpg_2025-03-13_14-30-01.webp.webp?fit=1200%2C800&ssl=1&resize=1050%2C600 3x"},"classes":[]}],"jetpack_sharing_enabled":true,"jetpack_shortlink":"https:\/\/wp.me\/peQAOb-b6g","_links":{"self":[{"href":"https:\/\/noticiasribeiraopreto.com.br\/index.php\/wp-json\/wp\/v2\/posts\/42672","targetHints":{"allow":["GET"]}}],"collection":[{"href":"https:\/\/noticiasribeiraopreto.com.br\/index.php\/wp-json\/wp\/v2\/posts"}],"about":[{"href":"https:\/\/noticiasribeiraopreto.com.br\/index.php\/wp-json\/wp\/v2\/types\/post"}],"author":[{"embeddable":true,"href":"https:\/\/noticiasribeiraopreto.com.br\/index.php\/wp-json\/wp\/v2\/users\/1"}],"replies":[{"embeddable":true,"href":"https:\/\/noticiasribeiraopreto.com.br\/index.php\/wp-json\/wp\/v2\/comments?post=42672"}],"version-history":[{"count":0,"href":"https:\/\/noticiasribeiraopreto.com.br\/index.php\/wp-json\/wp\/v2\/posts\/42672\/revisions"}],"wp:featuredmedia":[{"embeddable":true,"href":"https:\/\/noticiasribeiraopreto.com.br\/index.php\/wp-json\/wp\/v2\/media\/42673"}],"wp:attachment":[{"href":"https:\/\/noticiasribeiraopreto.com.br\/index.php\/wp-json\/wp\/v2\/media?parent=42672"}],"wp:term":[{"taxonomy":"category","embeddable":true,"href":"https:\/\/noticiasribeiraopreto.com.br\/index.php\/wp-json\/wp\/v2\/categories?post=42672"},{"taxonomy":"post_tag","embeddable":true,"href":"https:\/\/noticiasribeiraopreto.com.br\/index.php\/wp-json\/wp\/v2\/tags?post=42672"}],"curies":[{"name":"wp","href":"https:\/\/api.w.org\/{rel}","templated":true}]}}