{"id":42703,"date":"2024-03-16T10:16:37","date_gmt":"2024-03-16T13:16:37","guid":{"rendered":"https:\/\/noticiasribeiraopreto.com.br\/index.php\/2024\/03\/16\/educacao-supera-10-de-absenteismo\/"},"modified":"2024-03-16T10:16:37","modified_gmt":"2024-03-16T13:16:37","slug":"educacao-supera-10-de-absenteismo","status":"publish","type":"post","link":"https:\/\/noticiasribeiraopreto.com.br\/index.php\/2024\/03\/16\/educacao-supera-10-de-absenteismo\/","title":{"rendered":"Educa\u00e7\u00e3o supera 10% de absente\u00edsmo \u00a0"},"content":{"rendered":"<div class='code-block code-block-1' style='margin: 8px 0 8px auto; text-align: right; display: block; clear: both;'>\n<p><a href=\"https:\/\/wa.link\/vpicfd\"><img data-recalc-dims=\"1\" class=\"wp-image-4922\" style=\"aspect-ratio: 2.0253164556962027; width: 561px; height: auto;\" src=\"https:\/\/i0.wp.com\/ismaelcolosi.com.br\/wp-content\/uploads\/2023\/11\/grupo-de-empregos-whatsapp-e-facebook-ismael-colosi-vagas.jpg?ssl=1\" alt=\"\" \/><\/a><\/p>\n<!-- \/wp:image -->\n<\/div>\n<p> <br \/>\n<\/p>\n<div id=\"\">\n<p> <span class=\"entry-meta-item penci-posted-on\"><i class=\"fa fa-clock-o\"\/><time class=\"entry-date published\" datetime=\"2024-03-16T10:00:44-03:00\">16 de mar\u00e7o de 2024 | 10:00<\/time><time class=\"updated\" datetime=\"2024-03-15T22:13:07-03:00\">15 de mar\u00e7o de 2024 | 22:13<\/time><\/span><\/p>\n<p> <span class=\"penci-social-buttons penci-social-share-footer\"><a href=\"#\" class=\"penci-post-like penci_post-meta_item  single-like-button penci-social-item like\" data-post_id=\"377549\" title=\"Like\" data-like=\"Like\" data-unlike=\"Unlike\"><i class=\"fa fa-thumbs-o-up\"\/><span class=\"penci-share-number\">0<\/span><\/a><i class=\"fa fa-facebook\"\/><a class=\"penci-social-item twitter\" target=\"_blank\" rel=\"noopener\" title=\"\" href=\"https:\/\/twitter.com\/intent\/tweet?text=Educa\u00e7\u00e3o%20supera%2010%20de%20absente\u00edsmo%20\u00a0%20-%20https:\/\/www.tribunaribeirao.com.br\/site\/educacao-supera-10-de-absenteismo\/\"><i class=\"fa fa-twitter\"\/><\/a><i class=\"fa fa-whatsapp\"\/><\/span><\/div>\n<div>\n<p><span class=\"TextRun SCXW228122536 BCX0\" lang=\"PT-BR\" xml:lang=\"PT-BR\" data-contrast=\"auto\"><span class=\"NormalTextRun SCXW228122536 BCX0\">Dados da Divis\u00e3o de Medicina e Seguran\u00e7a do Trabalho da prefeitura de Ribeir\u00e3o Preto revelam que<\/span><span class=\"NormalTextRun SCXW228122536 BCX0\">,<\/span><span class=\"NormalTextRun SCXW228122536 BCX0\"> no ano passado<\/span><span class=\"NormalTextRun SCXW228122536 BCX0\">,<\/span><span class=\"NormalTextRun SCXW228122536 BCX0\"> a <\/span><span class=\"NormalTextRun SCXW228122536 BCX0\">Secretaria Municipal <\/span><span class=\"NormalTextRun SCXW228122536 BCX0\">da Educa\u00e7\u00e3o registrou m\u00e9dia de 10,26% de absente\u00edsmo <\/span><span class=\"NormalTextRun SCXW228122536 BCX0\">\u2013<\/span><span class=\"NormalTextRun SCXW228122536 BCX0\"> aus\u00eancia de servidores ao trabalho. O absente\u00edsmo \u00e9 a soma dos per\u00edodos em que os colaboradores se ausentam d<\/span><span class=\"NormalTextRun SCXW228122536 BCX0\">as fun\u00e7\u00f5es<\/span><span class=\"NormalTextRun SCXW228122536 BCX0\">, independentemente do motivo.<\/span><\/span><span class=\"LineBreakBlob BlobObject DragDrop SCXW228122536 BCX0\"><span class=\"SCXW228122536 BCX0\">\u00a0<\/span><br class=\"SCXW228122536 BCX0\"\/><\/span><span class=\"LineBreakBlob BlobObject DragDrop SCXW228122536 BCX0\"><span class=\"SCXW228122536 BCX0\">\u00a0<\/span><br class=\"SCXW228122536 BCX0\"\/><\/span><span class=\"TextRun SCXW228122536 BCX0\" lang=\"PT-BR\" xml:lang=\"PT-BR\" data-contrast=\"auto\"><span class=\"NormalTextRun SCXW228122536 BCX0\">Em n\u00fameros absolutos<\/span><span class=\"NormalTextRun SCXW228122536 BCX0\">,<\/span><span class=\"NormalTextRun SCXW228122536 BCX0\"> a secretaria<\/span> <span class=\"NormalTextRun SCXW228122536 BCX0\">\u2013<\/span> <span class=\"NormalTextRun SCXW228122536 BCX0\">que tem 4.450 <\/span><span class=\"NormalTextRun SCXW228122536 BCX0\">funcion\u00e1rios e comandada por Felipe Elias Miguel <\/span><span class=\"NormalTextRun SCXW228122536 BCX0\">\u2013<\/span> <span class=\"NormalTextRun SCXW228122536 BCX0\">registrou 127.254 aus\u00eancias<\/span><span class=\"NormalTextRun SCXW228122536 BCX0\">. Os <\/span><span class=\"NormalTextRun SCXW228122536 BCX0\">principais motivos<\/span><span class=\"NormalTextRun SCXW228122536 BCX0\"> s\u00e3o <\/span><span class=\"NormalTextRun SCXW228122536 BCX0\">f\u00e9rias, licen\u00e7a sa\u00fade<\/span><span class=\"NormalTextRun SCXW228122536 BCX0\">, licen\u00e7a sem vencimentos e faltas abonadas. O levantamento revel<\/span><span class=\"NormalTextRun SCXW228122536 BCX0\">a,<\/span><span class=\"NormalTextRun SCXW228122536 BCX0\"> ainda, que as <\/span><span class=\"NormalTextRun SCXW228122536 BCX0\">pastas <\/span><span class=\"NormalTextRun SCXW228122536 BCX0\">de Sa\u00fade e Assist\u00eancia Social tamb\u00e9m est\u00e3o no topo do ranking.<\/span><\/span><span class=\"LineBreakBlob BlobObject DragDrop SCXW228122536 BCX0\"><span class=\"SCXW228122536 BCX0\">\u00a0<\/span><br class=\"SCXW228122536 BCX0\"\/><\/span><span class=\"LineBreakBlob BlobObject DragDrop SCXW228122536 BCX0\"><span class=\"SCXW228122536 BCX0\">\u00a0<\/span><br class=\"SCXW228122536 BCX0\"\/><\/span><span class=\"TextRun SCXW228122536 BCX0\" lang=\"PT-BR\" xml:lang=\"PT-BR\" data-contrast=\"auto\"><span class=\"NormalTextRun SCXW228122536 BCX0\">A <\/span><span class=\"NormalTextRun SCXW228122536 BCX0\">S<\/span><span class=\"NormalTextRun SCXW228122536 BCX0\">ecretaria <\/span><span class=\"NormalTextRun SCXW228122536 BCX0\">Municipal <\/span><span class=\"NormalTextRun SCXW228122536 BCX0\">da Sa\u00fade<\/span> <span class=\"NormalTextRun SCXW228122536 BCX0\">\u2013<\/span><span class=\"NormalTextRun SCXW228122536 BCX0\"> com <\/span><span class=\"NormalTextRun SCXW228122536 BCX0\">3.003 servidores<\/span><span class=\"NormalTextRun SCXW228122536 BCX0\"> e chefiada por Jane Aparecida Cristina <\/span><span class=\"NormalTextRun SCXW228122536 BCX0\">\u2013<\/span> <span class=\"NormalTextRun SCXW228122536 BCX0\">contabilizou 103.217 aus\u00eancias, uma m\u00e9dia de 9,38%. J\u00e1 <\/span><span class=\"NormalTextRun SCXW228122536 BCX0\">a<\/span><span class=\"NormalTextRun SCXW228122536 BCX0\"> de Assist\u00eancia Social <\/span><span class=\"NormalTextRun SCXW228122536 BCX0\">\u2013<\/span><span class=\"NormalTextRun SCXW228122536 BCX0\"> Gl\u00e1ucia Berenice \u00e9 a secret\u00e1ria <\/span><span class=\"NormalTextRun SCXW228122536 BCX0\">\u2013<\/span> <span class=\"NormalTextRun SCXW228122536 BCX0\">teve 13.358 aus\u00eancias, um percentual de 9,76%. O total <\/span><span class=\"NormalTextRun SCXW228122536 BCX0\">de<\/span><span class=\"NormalTextRun SCXW228122536 BCX0\"> outras <\/span><span class=\"NormalTextRun SCXW228122536 BCX0\">pastas <\/span><span class=\"NormalTextRun SCXW228122536 BCX0\">e o n\u00famero de faltas injustificadas n\u00e3o <\/span><span class=\"NormalTextRun SCXW228122536 BCX0\">foram divulgados<\/span><span class=\"NormalTextRun SCXW228122536 BCX0\">. <\/span><\/span><span class=\"LineBreakBlob BlobObject DragDrop SCXW228122536 BCX0\"><span class=\"SCXW228122536 BCX0\">\u00a0<\/span><br class=\"SCXW228122536 BCX0\"\/><\/span><span class=\"LineBreakBlob BlobObject DragDrop SCXW228122536 BCX0\"><span class=\"SCXW228122536 BCX0\">\u00a0<\/span><br class=\"SCXW228122536 BCX0\"\/><\/span><span class=\"TextRun SCXW228122536 BCX0\" lang=\"PT-BR\" xml:lang=\"PT-BR\" data-contrast=\"auto\"><span class=\"NormalTextRun SCXW228122536 BCX0\">Atualmente<\/span><span class=\"NormalTextRun SCXW228122536 BCX0\">,<\/span><span class=\"NormalTextRun SCXW228122536 BCX0\"> a prefeitura tem 9.825 servidores. Por ano<\/span><span class=\"NormalTextRun SCXW228122536 BCX0\">,<\/span><span class=\"NormalTextRun SCXW228122536 BCX0\"> cada <\/span><span class=\"NormalTextRun SCXW228122536 BCX0\">funcion\u00e1rio p\u00fablico <\/span><span class=\"NormalTextRun SCXW228122536 BCX0\">municipal tem direito a seis faltas abonadas. <\/span><span class=\"NormalTextRun SCXW228122536 BCX0\">\u00c9<\/span><span class=\"NormalTextRun SCXW228122536 BCX0\"> um <\/span><span class=\"NormalTextRun SCXW228122536 BCX0\">privil\u00e9gio que abrange todo o funcionalismo p\u00fablico <\/span><span class=\"NormalTextRun SCXW228122536 BCX0\">de Ribeir\u00e3o Preto <\/span><span class=\"NormalTextRun SCXW228122536 BCX0\">\u2013<\/span> <span class=\"NormalTextRun SCXW228122536 BCX0\">n\u00e3o trabalha em regime de plant\u00e3o. Entre1976 e 2016<\/span><span class=\"NormalTextRun SCXW228122536 BCX0\">,<\/span><span class=\"NormalTextRun SCXW228122536 BCX0\"> o total por ano era de <\/span><span class=\"NormalTextRun SCXW228122536 BCX0\">onze<\/span><span class=\"NormalTextRun SCXW228122536 BCX0\">, mas foi reduzido em <\/span><span class=\"NormalTextRun SCXW228122536 BCX0\">2017 pela <\/span><span class=\"NormalTextRun SCXW228122536 BCX0\">l<\/span><span class=\"NormalTextRun SCXW228122536 BCX0\">ei <\/span><span class=\"NormalTextRun SCXW228122536 BCX0\">c<\/span><span class=\"NormalTextRun SCXW228122536 BCX0\">omplementar n\u00ba<\/span><span class=\"NormalTextRun SCXW228122536 BCX0\"> 2<\/span><span class=\"NormalTextRun SCXW228122536 BCX0\">.<\/span><span class=\"NormalTextRun SCXW228122536 BCX0\">843. <\/span><\/span><span class=\"LineBreakBlob BlobObject DragDrop SCXW228122536 BCX0\"><span class=\"SCXW228122536 BCX0\">\u00a0<\/span><br class=\"SCXW228122536 BCX0\"\/><\/span><span class=\"LineBreakBlob BlobObject DragDrop SCXW228122536 BCX0\"><span class=\"SCXW228122536 BCX0\">\u00a0<\/span><br class=\"SCXW228122536 BCX0\"\/><\/span><span class=\"TextRun SCXW228122536 BCX0\" lang=\"PT-BR\" xml:lang=\"PT-BR\" data-contrast=\"auto\"><span class=\"NormalTextRun SCXW228122536 BCX0\">Se no ano passado todos os 9.825 servidores utiliza<\/span><span class=\"NormalTextRun SCXW228122536 BCX0\">ssem o privil\u00e9gio<\/span><span class=\"NormalTextRun SCXW228122536 BCX0\">, <\/span><span class=\"NormalTextRun SCXW228122536 BCX0\">seriam <\/span><span class=\"NormalTextRun SCXW228122536 BCX0\">58.950 dias a menos trabalhados. Em 2023<\/span><span class=\"NormalTextRun SCXW228122536 BCX0\">,<\/span><span class=\"NormalTextRun SCXW228122536 BCX0\"> a prefeitura <\/span><span class=\"NormalTextRun SCXW228122536 BCX0\">de Ribeir\u00e3o Preto atendeu em <\/span><span class=\"NormalTextRun SCXW228122536 BCX0\">235 dias \u00fateis \u2013 foram 52 s\u00e1bados, 53 domingos, <\/span><span class=\"NormalTextRun SCXW228122536 BCX0\">doze<\/span><span class=\"NormalTextRun SCXW228122536 BCX0\"> feriados nacionais, tr\u00eas municipais<\/span><span class=\"NormalTextRun SCXW228122536 BCX0\"> e <\/span><span class=\"NormalTextRun SCXW228122536 BCX0\">dez pontos facultativos.<\/span><\/span><span class=\"LineBreakBlob BlobObject DragDrop SCXW228122536 BCX0\"><span class=\"SCXW228122536 BCX0\">\u00a0<\/span><br class=\"SCXW228122536 BCX0\"\/><\/span><span class=\"LineBreakBlob BlobObject DragDrop SCXW228122536 BCX0\"><span class=\"SCXW228122536 BCX0\">\u00a0<\/span><br class=\"SCXW228122536 BCX0\"\/><\/span><span class=\"TextRun SCXW228122536 BCX0\" lang=\"PT-BR\" xml:lang=\"PT-BR\" data-contrast=\"auto\"><span class=\"NormalTextRun SCXW228122536 BCX0\">Procurada pela reportagem para analisar os n\u00fameros, a Secretaria Municipal da Educa\u00e7\u00e3o inform<\/span><span class=\"NormalTextRun SCXW228122536 BCX0\">a<\/span><span class=\"NormalTextRun SCXW228122536 BCX0\">, por meio de nota<\/span><span class=\"NormalTextRun SCXW228122536 BCX0\">,<\/span><span class=\"NormalTextRun SCXW228122536 BCX0\"> que tem adotado medidas para garantir a continuidade do ensino, como a substitui\u00e7\u00e3o de professores ausentes por profissionais dos respectivos segmentos. Essa substitui\u00e7\u00e3o \u00e9 realizada por meio do Programa de Agendamento de Professores Substitutos, que conta <\/span><span class=\"NormalTextRun SCXW228122536 BCX0\">com um cadastro de docentes ativos da rede dispon\u00edveis para assumir essas substitui\u00e7\u00f5es.<\/span><\/span><span class=\"LineBreakBlob BlobObject DragDrop SCXW228122536 BCX0\"><span class=\"SCXW228122536 BCX0\">\u00a0<\/span><br class=\"SCXW228122536 BCX0\"\/><\/span><span class=\"LineBreakBlob BlobObject DragDrop SCXW228122536 BCX0\"><span class=\"SCXW228122536 BCX0\">\u00a0<\/span><br class=\"SCXW228122536 BCX0\"\/><\/span><span class=\"TextRun SCXW228122536 BCX0\" lang=\"PT-BR\" xml:lang=\"PT-BR\" data-contrast=\"auto\"><span class=\"NormalTextRun SCXW228122536 BCX0\">\u201c<\/span><span class=\"NormalTextRun SCXW228122536 BCX0\">\u00c9 importante ressaltar que, de acordo com os Estatutos do Servidor e do Magist\u00e9rio P\u00fablico Municipal e demais normas que regem a Administra\u00e7\u00e3o P\u00fablica Municipal, os atestados m\u00e9dicos s\u00e3o direitos dos servidores e n\u00e3o h\u00e1 imposi\u00e7\u00e3o de limites para sua utiliza\u00e7\u00e3o\u201d, afirma.<\/span><\/span><span class=\"LineBreakBlob BlobObject DragDrop SCXW228122536 BCX0\"><span class=\"SCXW228122536 BCX0\">\u00a0<\/span><br class=\"SCXW228122536 BCX0\"\/><\/span><span class=\"LineBreakBlob BlobObject DragDrop SCXW228122536 BCX0\"><span class=\"SCXW228122536 BCX0\">\u00a0<\/span><br class=\"SCXW228122536 BCX0\"\/><\/span><span class=\"TextRun SCXW228122536 BCX0\" lang=\"PT-BR\" xml:lang=\"PT-BR\" data-contrast=\"auto\"><span class=\"NormalTextRun SCXW228122536 BCX0\">Quanto ao impacto dessas licen\u00e7as na qualidade do ensino e no desempenho dos alunos, destacou que a assiduidade do professor \u00e9 fundamental para conhecer a din\u00e2mica de aprendizado de cada aluno e aplicar as metodologias adequadas, apesar das substitui\u00e7\u00f5es realizadas para garantir a continuidade curricular.<\/span><\/span><span class=\"LineBreakBlob BlobObject DragDrop SCXW228122536 BCX0\"><span class=\"SCXW228122536 BCX0\">\u00a0<\/span><br class=\"SCXW228122536 BCX0\"\/><\/span><span class=\"LineBreakBlob BlobObject DragDrop SCXW228122536 BCX0\"><span class=\"SCXW228122536 BCX0\">\u00a0<\/span><br class=\"SCXW228122536 BCX0\"\/><\/span><span class=\"TextRun SCXW228122536 BCX0\" lang=\"PT-BR\" xml:lang=\"PT-BR\" data-contrast=\"auto\"><span class=\"NormalTextRun SCXW228122536 BCX0\">Sindicato<\/span><span class=\"NormalTextRun SCXW228122536 BCX0\"> \u2013 <\/span><\/span><span class=\"TextRun SCXW228122536 BCX0\" lang=\"PT-BR\" xml:lang=\"PT-BR\" data-contrast=\"auto\"><span class=\"NormalTextRun SCXW228122536 BCX0\">Por meio de nota<\/span><span class=\"NormalTextRun SCXW228122536 BCX0\">,<\/span><span class=\"NormalTextRun SCXW228122536 BCX0\"> o Sindicato dos Servidores Municipais de Ribeir\u00e3o Preto, Prad\u00f3polis e Guatapar\u00e1 (SSMRPG) inform<\/span><span class=\"NormalTextRun SCXW228122536 BCX0\">a<\/span><span class=\"NormalTextRun SCXW228122536 BCX0\"> que <\/span><span class=\"NormalTextRun SCXW228122536 BCX0\">\u201c<\/span><span class=\"NormalTextRun SCXW228122536 BCX0\">os n\u00fameros mostram, com clareza, a falta de comprometimento do <\/span><span class=\"NormalTextRun SCXW228122536 BCX0\">g<\/span><span class=\"NormalTextRun SCXW228122536 BCX0\">overno com uma educa\u00e7\u00e3o de qualidade e de valoriza\u00e7\u00e3o dos profissionais em nosso munic\u00edpio, pois todos os dados apresentados dizem respeito <\/span><span class=\"NormalTextRun SCXW228122536 BCX0\">a<\/span><span class=\"NormalTextRun SCXW228122536 BCX0\"> direitos previstos em leis vigentes, como f\u00e9rias, licen\u00e7a<\/span><span class=\"NormalTextRun SCXW228122536 BCX0\">\u2013<\/span><span class=\"NormalTextRun SCXW228122536 BCX0\">pr\u00eamio em descanso, licen\u00e7a sem vencimentos, faltas abonadas e licen\u00e7a sa\u00fade<\/span><span class=\"NormalTextRun SCXW228122536 BCX0\">.<\/span><span class=\"NormalTextRun SCXW228122536 BCX0\">\u201d<\/span><\/span><span class=\"LineBreakBlob BlobObject DragDrop SCXW228122536 BCX0\"><span class=\"SCXW228122536 BCX0\">\u00a0<\/span><br class=\"SCXW228122536 BCX0\"\/><\/span><span class=\"LineBreakBlob BlobObject DragDrop SCXW228122536 BCX0\"><span class=\"SCXW228122536 BCX0\">\u00a0<\/span><br class=\"SCXW228122536 BCX0\"\/><\/span><span class=\"TextRun SCXW228122536 BCX0\" lang=\"PT-BR\" xml:lang=\"PT-BR\" data-contrast=\"auto\"><span class=\"NormalTextRun SCXW228122536 BCX0\">A entidade <\/span><span class=\"NormalTextRun SpellingErrorV2Themed SCXW228122536 BCX0\">afirma<\/span><span class=\"NormalTextRun SCXW228122536 BCX0\"> que a desorganiza\u00e7\u00e3o instaurada na Secretaria da Educa\u00e7\u00e3o em cada in\u00edcio de ano letivo, como a falta de professores, de mediadores para alunos com necessidades especiais, de condi\u00e7\u00f5es de trabalho adequadas e a sobrecarga de trabalho tem feito os <\/span><span class=\"NormalTextRun SCXW228122536 BCX0\">funcion\u00e1rios <\/span><span class=\"NormalTextRun SCXW228122536 BCX0\">ficarem doentes, tanto fisicamente como emocionalmente. Nunca se exigiu tanto dos profissionais quanto <\/span><span class=\"NormalTextRun SCXW228122536 BCX0\">exige-se<\/span><span class=\"NormalTextRun SCXW228122536 BCX0\"> nesta gest\u00e3o, sem preven\u00e7\u00e3o e gest\u00e3o efetiva.<\/span><\/span><span class=\"LineBreakBlob BlobObject DragDrop SCXW228122536 BCX0\"><span class=\"SCXW228122536 BCX0\">\u00a0<\/span><br class=\"SCXW228122536 BCX0\"\/><\/span><span class=\"LineBreakBlob BlobObject DragDrop SCXW228122536 BCX0\"><span class=\"SCXW228122536 BCX0\">\u00a0<\/span><br class=\"SCXW228122536 BCX0\"\/><\/span><span class=\"TextRun SCXW228122536 BCX0\" lang=\"PT-BR\" xml:lang=\"PT-BR\" data-contrast=\"auto\"><span class=\"NormalTextRun SCXW228122536 BCX0\">\u201cA omiss\u00e3o de faltas injustificadas nos n\u00fameros apresentados, que s\u00e3o \u00ednfimas ou simplesmente n\u00e3o existem, bem como a omiss\u00e3o de informa\u00e7\u00e3o sobre os afastamentos decorrentes de acidentes de trabalho, revelam um jogo de narrativa que evidencia ainda mais a falha do governo na gest\u00e3o das pastas da educa\u00e7\u00e3o e da sa\u00fade\u201d.<\/span><\/span><span class=\"LineBreakBlob BlobObject DragDrop SCXW228122536 BCX0\"><span class=\"SCXW228122536 BCX0\">\u00a0<\/span><br class=\"SCXW228122536 BCX0\"\/><\/span><span class=\"LineBreakBlob BlobObject DragDrop SCXW228122536 BCX0\"><span class=\"SCXW228122536 BCX0\">\u00a0<\/span><br class=\"SCXW228122536 BCX0\"\/><\/span><span class=\"TextRun SCXW228122536 BCX0\" lang=\"PT-BR\" xml:lang=\"PT-BR\" data-contrast=\"auto\"><span class=\"NormalTextRun SCXW228122536 BCX0\">Diz ainda que a solu\u00e7\u00e3o para as situa\u00e7\u00f5es levantadas passa pela contrata\u00e7\u00e3o de mais servidores concursados em ambas as Secretarias, pela valoriza\u00e7\u00e3o do trabalhador com investimentos em condi\u00e7\u00f5es adequadas de trabalho, o que n\u00e3o tem sido feito em Ribeir\u00e3o Preto para a garantia de um servi\u00e7o p\u00fablico com mais qualidade.<\/span><\/span><span class=\"LineBreakBlob BlobObject DragDrop SCXW228122536 BCX0\"><span class=\"SCXW228122536 BCX0\">\u00a0<\/span><br class=\"SCXW228122536 BCX0\"\/><\/span><span class=\"LineBreakBlob BlobObject DragDrop SCXW228122536 BCX0\"><span class=\"SCXW228122536 BCX0\">\u00a0<\/span><br class=\"SCXW228122536 BCX0\"\/><\/span><span class=\"LineBreakBlob BlobObject DragDrop SCXW228122536 BCX0\"><br class=\"SCXW228122536 BCX0\"\/><\/span><span class=\"LineBreakBlob BlobObject DragDrop SCXW228122536 BCX0\"><span class=\"SCXW228122536 BCX0\">\u00a0<\/span><br class=\"SCXW228122536 BCX0\"\/><\/span><\/p>\n<\/div>\n<p><script async src=\"\/\/platform.twitter.com\/widgets.js\" charset=\"utf-8\"><\/script><br \/>\n<br \/><br \/>\n<br \/><a href=\"https:\/\/www.tribunaribeirao.com.br\/site\/educacao-supera-10-de-absenteismo\/\">Source link <\/a><\/p>\n<!-- CONTENT END 1 -->\n","protected":false},"excerpt":{"rendered":"<p>16 de mar\u00e7o de 2024 | 10:0015 de mar\u00e7o de 2024 | 22:13 0 Dados da Divis\u00e3o de Medicina e Seguran\u00e7a do Trabalho da prefeitura&#8230;<\/p>\n","protected":false},"author":1,"featured_media":42704,"comment_status":"open","ping_status":"open","sticky":false,"template":"","format":"standard","meta":{"advanced_seo_description":"","jetpack_seo_html_title":"","jetpack_seo_noindex":false,"jetpack_post_was_ever_published":false,"_jetpack_newsletter_access":"","_jetpack_dont_email_post_to_subs":false,"_jetpack_newsletter_tier_id":0,"_jetpack_memberships_contains_paywalled_content":false,"_jetpack_memberships_contains_paid_content":false,"footnotes":"","jetpack_publicize_message":"","jetpack_publicize_feature_enabled":true,"jetpack_social_post_already_shared":true,"jetpack_social_options":{"image_generator_settings":{"template":"highway","default_image_id":0,"font":"","enabled":false},"version":2}},"categories":[11],"tags":[5065,1033,1265],"class_list":["post-42703","post","type-post","status-publish","format-standard","has-post-thumbnail","hentry","category-noticias-de-ribeirao-preto-sp-e-regiao-ismael-colosi","tag-absenteismo","tag-educacao","tag-supera"],"jetpack_publicize_connections":[],"jetpack_featured_media_url":"https:\/\/i0.wp.com\/noticiasribeiraopreto.com.br\/wp-content\/uploads\/2024\/03\/Servidor-Alexandre-de-Azevedo-Arquivo-foto-ilustrativa-scaled.jpg?fit=967%2C645&ssl=1","jetpack-related-posts":[{"id":49743,"url":"https:\/\/noticiasribeiraopreto.com.br\/index.php\/2024\/05\/13\/o-que-e-causas-e-como-lidar\/","url_meta":{"origin":42703,"position":0},"title":"o que \u00e9, causas e como lidar","author":"noticiasribeiraopreto.com.br","date":"13 de May de 2024","format":false,"excerpt":"Imprevistos acontecem na vida de todas as pessoas, assim como as consultas m\u00e9dicas de rotina s\u00e3o essenciais para manter uma boa qualidade de vida. Mas o que fazer quando os atrasos e a aus\u00eancia no expediente se tornam frequentes, aumentando o absente\u00edsmo no trabalho? O comportamento \u00e9 conhecido como absente\u00edsmo\u2026","rel":"","context":"In &quot;Blog&quot;","block_context":{"text":"Blog","link":"https:\/\/noticiasribeiraopreto.com.br\/index.php\/category\/blog\/"},"img":{"alt_text":"","src":"https:\/\/i0.wp.com\/noticiasribeiraopreto.com.br\/wp-content\/uploads\/2024\/05\/Absenteismo-no-trabalho.png?fit=1200%2C627&ssl=1&resize=350%2C200","width":350,"height":200,"srcset":"https:\/\/i0.wp.com\/noticiasribeiraopreto.com.br\/wp-content\/uploads\/2024\/05\/Absenteismo-no-trabalho.png?fit=1200%2C627&ssl=1&resize=350%2C200 1x, https:\/\/i0.wp.com\/noticiasribeiraopreto.com.br\/wp-content\/uploads\/2024\/05\/Absenteismo-no-trabalho.png?fit=1200%2C627&ssl=1&resize=525%2C300 1.5x, https:\/\/i0.wp.com\/noticiasribeiraopreto.com.br\/wp-content\/uploads\/2024\/05\/Absenteismo-no-trabalho.png?fit=1200%2C627&ssl=1&resize=700%2C400 2x, https:\/\/i0.wp.com\/noticiasribeiraopreto.com.br\/wp-content\/uploads\/2024\/05\/Absenteismo-no-trabalho.png?fit=1200%2C627&ssl=1&resize=1050%2C600 3x"},"classes":[]},{"id":44338,"url":"https:\/\/noticiasribeiraopreto.com.br\/index.php\/2024\/03\/27\/dengue-supera-23-milhoes-de-casos\/","url_meta":{"origin":42703,"position":1},"title":"Dengue supera 2,3 milh\u00f5es de casos\u00a0","author":"noticiasribeiraopreto.com.br","date":"27 de March de 2024","format":false,"excerpt":"27 de mar\u00e7o de 2024 | 12:0027 de mar\u00e7o de 2024 | 9:34 0 O Brasil superou a barreira de 2,3 milh\u00f5es de casos de dengue. Desde o in\u00edcio do ano, j\u00e1 s\u00e3o 2.321.050 e 831 mortes confirmadas pela doen\u00e7a. Outros 1.267 \u00f3bitos est\u00e3o em investiga\u00e7\u00e3o. O coeficiente de incid\u00eancia\u2026","rel":"","context":"In &quot;Not\u00edcias de Ribeir\u00e3o Preto-SP e Regi\u00e3o&quot;","block_context":{"text":"Not\u00edcias de Ribeir\u00e3o Preto-SP e Regi\u00e3o","link":"https:\/\/noticiasribeiraopreto.com.br\/index.php\/category\/noticias-de-ribeirao-preto-sp-e-regiao-ismael-colosi\/"},"img":{"alt_text":"","src":"https:\/\/i0.wp.com\/noticiasribeiraopreto.com.br\/wp-content\/uploads\/2024\/03\/DengueRP-Aedes-Arquivo-Ag.Br_.jpg?fit=1140%2C760&ssl=1&resize=350%2C200","width":350,"height":200,"srcset":"https:\/\/i0.wp.com\/noticiasribeiraopreto.com.br\/wp-content\/uploads\/2024\/03\/DengueRP-Aedes-Arquivo-Ag.Br_.jpg?fit=1140%2C760&ssl=1&resize=350%2C200 1x, https:\/\/i0.wp.com\/noticiasribeiraopreto.com.br\/wp-content\/uploads\/2024\/03\/DengueRP-Aedes-Arquivo-Ag.Br_.jpg?fit=1140%2C760&ssl=1&resize=525%2C300 1.5x, https:\/\/i0.wp.com\/noticiasribeiraopreto.com.br\/wp-content\/uploads\/2024\/03\/DengueRP-Aedes-Arquivo-Ag.Br_.jpg?fit=1140%2C760&ssl=1&resize=700%2C400 2x, https:\/\/i0.wp.com\/noticiasribeiraopreto.com.br\/wp-content\/uploads\/2024\/03\/DengueRP-Aedes-Arquivo-Ag.Br_.jpg?fit=1140%2C760&ssl=1&resize=1050%2C600 3x"},"classes":[]},{"id":41540,"url":"https:\/\/noticiasribeiraopreto.com.br\/index.php\/2024\/03\/08\/brasil-supera-13-mi-de-casos-de-dengue\/","url_meta":{"origin":42703,"position":2},"title":"Brasil supera 1,3 mi de casos de dengue","author":"noticiasribeiraopreto.com.br","date":"8 de March de 2024","format":false,"excerpt":"8 de mar\u00e7o de 2024 | 18:007 de mar\u00e7o de 2024 | 21:01 0Desde o in\u00edcio do ano, o Brasil registrou 1.318.336 casos prov\u00e1veis de dengue e 343 mortes confirmadas pela doen\u00e7a. Outros 775 \u00f3bitos est\u00e3o em investiga\u00e7\u00e3o. O coeficiente de incid\u00eancia da dengue no pa\u00eds, neste momento, \u00e9 de\u2026","rel":"","context":"In &quot;Not\u00edcias de Ribeir\u00e3o Preto-SP e Regi\u00e3o&quot;","block_context":{"text":"Not\u00edcias de Ribeir\u00e3o Preto-SP e Regi\u00e3o","link":"https:\/\/noticiasribeiraopreto.com.br\/index.php\/category\/noticias-de-ribeirao-preto-sp-e-regiao-ismael-colosi\/"},"img":{"alt_text":"","src":"https:\/\/i0.wp.com\/noticiasribeiraopreto.com.br\/wp-content\/uploads\/2024\/03\/DengueRP-Divulgacao-03-scaled.jpg?fit=1000%2C563&ssl=1&resize=350%2C200","width":350,"height":200,"srcset":"https:\/\/i0.wp.com\/noticiasribeiraopreto.com.br\/wp-content\/uploads\/2024\/03\/DengueRP-Divulgacao-03-scaled.jpg?fit=1000%2C563&ssl=1&resize=350%2C200 1x, https:\/\/i0.wp.com\/noticiasribeiraopreto.com.br\/wp-content\/uploads\/2024\/03\/DengueRP-Divulgacao-03-scaled.jpg?fit=1000%2C563&ssl=1&resize=525%2C300 1.5x, https:\/\/i0.wp.com\/noticiasribeiraopreto.com.br\/wp-content\/uploads\/2024\/03\/DengueRP-Divulgacao-03-scaled.jpg?fit=1000%2C563&ssl=1&resize=700%2C400 2x"},"classes":[]},{"id":75984,"url":"https:\/\/noticiasribeiraopreto.com.br\/index.php\/2025\/08\/20\/supera-seleciona-novas-startups-tribuna-ribeirao\/","url_meta":{"origin":42703,"position":3},"title":"Supera seleciona novas startups &#8211; Tribuna Ribeir\u00e3o","author":"noticiasribeiraopreto.com.br","date":"20 de August de 2025","format":false,"excerpt":"20 de agosto de 2025 07:3320 de agosto de 2025 07:341 Compartilhar0 O Supera Parque de Inova\u00e7\u00e3o e Tecnologia de Ribeir\u00e3o Preto abriu inscri\u00e7\u00f5es para o novo ciclo de sele\u00e7\u00e3o de startups da Supera Incubadora de Empresas de Base Tecnol\u00f3gica. O processo \u00e9 gratuito e est\u00e1 voltado a empreendedores com\u2026","rel":"","context":"In &quot;Not\u00edcias de Ribeir\u00e3o Preto-SP e Regi\u00e3o&quot;","block_context":{"text":"Not\u00edcias de Ribeir\u00e3o Preto-SP e Regi\u00e3o","link":"https:\/\/noticiasribeiraopreto.com.br\/index.php\/category\/noticias-de-ribeirao-preto-sp-e-regiao-ismael-colosi\/"},"img":{"alt_text":"","src":"https:\/\/i0.wp.com\/noticiasribeiraopreto.com.br\/wp-content\/uploads\/2025\/08\/imagem.jpg?fit=805%2C420&ssl=1&resize=350%2C200","width":350,"height":200,"srcset":"https:\/\/i0.wp.com\/noticiasribeiraopreto.com.br\/wp-content\/uploads\/2025\/08\/imagem.jpg?fit=805%2C420&ssl=1&resize=350%2C200 1x, https:\/\/i0.wp.com\/noticiasribeiraopreto.com.br\/wp-content\/uploads\/2025\/08\/imagem.jpg?fit=805%2C420&ssl=1&resize=525%2C300 1.5x, https:\/\/i0.wp.com\/noticiasribeiraopreto.com.br\/wp-content\/uploads\/2025\/08\/imagem.jpg?fit=805%2C420&ssl=1&resize=700%2C400 2x"},"classes":[]},{"id":82777,"url":"https:\/\/noticiasribeiraopreto.com.br\/index.php\/2026\/02\/26\/supera-parque-em-ribeirao-preto-anuncia-projeto-de-expansao-e-urbanizacao\/","url_meta":{"origin":42703,"position":4},"title":"Supera Parque, em Ribeir\u00e3o Preto, anuncia projeto de expans\u00e3o e urbaniza\u00e7\u00e3o","author":"noticiasribeiraopreto.com.br","date":"26 de February de 2026","format":false,"excerpt":"O Supera Parque, em Ribeir\u00e3o Preto, anunciou nesta semana o projeto de expans\u00e3o do empreendimento, que permitir\u00e1 a abertura de mais 67 lotes para novas empresas. A obra de urbaniza\u00e7\u00e3o do parque deve ser realizada ainda em 2026 e contar\u00e1 com recursos da USP (Universidade de S\u00e3o Paulo). O projeto\u2026","rel":"","context":"In &quot;Not\u00edcias de Ribeir\u00e3o Preto-SP e Regi\u00e3o&quot;","block_context":{"text":"Not\u00edcias de Ribeir\u00e3o Preto-SP e Regi\u00e3o","link":"https:\/\/noticiasribeiraopreto.com.br\/index.php\/category\/noticias-de-ribeirao-preto-sp-e-regiao-ismael-colosi\/"},"img":{"alt_text":"","src":"https:\/\/i0.wp.com\/noticiasribeiraopreto.com.br\/wp-content\/uploads\/2026\/02\/supera-parque_2026-02-25_20-30-15.webp.webp?fit=1200%2C630&ssl=1&resize=350%2C200","width":350,"height":200,"srcset":"https:\/\/i0.wp.com\/noticiasribeiraopreto.com.br\/wp-content\/uploads\/2026\/02\/supera-parque_2026-02-25_20-30-15.webp.webp?fit=1200%2C630&ssl=1&resize=350%2C200 1x, https:\/\/i0.wp.com\/noticiasribeiraopreto.com.br\/wp-content\/uploads\/2026\/02\/supera-parque_2026-02-25_20-30-15.webp.webp?fit=1200%2C630&ssl=1&resize=525%2C300 1.5x, https:\/\/i0.wp.com\/noticiasribeiraopreto.com.br\/wp-content\/uploads\/2026\/02\/supera-parque_2026-02-25_20-30-15.webp.webp?fit=1200%2C630&ssl=1&resize=700%2C400 2x, https:\/\/i0.wp.com\/noticiasribeiraopreto.com.br\/wp-content\/uploads\/2026\/02\/supera-parque_2026-02-25_20-30-15.webp.webp?fit=1200%2C630&ssl=1&resize=1050%2C600 3x"},"classes":[]},{"id":40331,"url":"https:\/\/noticiasribeiraopreto.com.br\/index.php\/2024\/03\/02\/prefeitura-chama-89-novos-professores\/","url_meta":{"origin":42703,"position":5},"title":"Prefeitura chama 89 novos professores\u00a0","author":"noticiasribeiraopreto.com.br","date":"2 de March de 2024","format":false,"excerpt":"2 de mar\u00e7o de 2024 | 14:002 de mar\u00e7o de 2024 | 10:09 0A prefeitura de Ribeir\u00e3o Preto autorizou, nesta sexta-feira, 1\u00ba de mar\u00e7o, para in\u00edcio imediato, o chamamento de 89 professores para compor a rede municipal de ensino. Os docentes foram aprovados em concursos p\u00fablicos e processos seletivos. A\u2026","rel":"","context":"In &quot;Not\u00edcias de Ribeir\u00e3o Preto-SP e Regi\u00e3o&quot;","block_context":{"text":"Not\u00edcias de Ribeir\u00e3o Preto-SP e Regi\u00e3o","link":"https:\/\/noticiasribeiraopreto.com.br\/index.php\/category\/noticias-de-ribeirao-preto-sp-e-regiao-ismael-colosi\/"},"img":{"alt_text":"","src":"https:\/\/i0.wp.com\/noticiasribeiraopreto.com.br\/wp-content\/uploads\/2024\/03\/foto_crianca_escola_xx-scaled.jpeg?fit=970%2C645&ssl=1&resize=350%2C200","width":350,"height":200,"srcset":"https:\/\/i0.wp.com\/noticiasribeiraopreto.com.br\/wp-content\/uploads\/2024\/03\/foto_crianca_escola_xx-scaled.jpeg?fit=970%2C645&ssl=1&resize=350%2C200 1x, https:\/\/i0.wp.com\/noticiasribeiraopreto.com.br\/wp-content\/uploads\/2024\/03\/foto_crianca_escola_xx-scaled.jpeg?fit=970%2C645&ssl=1&resize=525%2C300 1.5x, https:\/\/i0.wp.com\/noticiasribeiraopreto.com.br\/wp-content\/uploads\/2024\/03\/foto_crianca_escola_xx-scaled.jpeg?fit=970%2C645&ssl=1&resize=700%2C400 2x"},"classes":[]}],"jetpack_sharing_enabled":true,"jetpack_shortlink":"https:\/\/wp.me\/peQAOb-b6L","_links":{"self":[{"href":"https:\/\/noticiasribeiraopreto.com.br\/index.php\/wp-json\/wp\/v2\/posts\/42703","targetHints":{"allow":["GET"]}}],"collection":[{"href":"https:\/\/noticiasribeiraopreto.com.br\/index.php\/wp-json\/wp\/v2\/posts"}],"about":[{"href":"https:\/\/noticiasribeiraopreto.com.br\/index.php\/wp-json\/wp\/v2\/types\/post"}],"author":[{"embeddable":true,"href":"https:\/\/noticiasribeiraopreto.com.br\/index.php\/wp-json\/wp\/v2\/users\/1"}],"replies":[{"embeddable":true,"href":"https:\/\/noticiasribeiraopreto.com.br\/index.php\/wp-json\/wp\/v2\/comments?post=42703"}],"version-history":[{"count":0,"href":"https:\/\/noticiasribeiraopreto.com.br\/index.php\/wp-json\/wp\/v2\/posts\/42703\/revisions"}],"wp:featuredmedia":[{"embeddable":true,"href":"https:\/\/noticiasribeiraopreto.com.br\/index.php\/wp-json\/wp\/v2\/media\/42704"}],"wp:attachment":[{"href":"https:\/\/noticiasribeiraopreto.com.br\/index.php\/wp-json\/wp\/v2\/media?parent=42703"}],"wp:term":[{"taxonomy":"category","embeddable":true,"href":"https:\/\/noticiasribeiraopreto.com.br\/index.php\/wp-json\/wp\/v2\/categories?post=42703"},{"taxonomy":"post_tag","embeddable":true,"href":"https:\/\/noticiasribeiraopreto.com.br\/index.php\/wp-json\/wp\/v2\/tags?post=42703"}],"curies":[{"name":"wp","href":"https:\/\/api.w.org\/{rel}","templated":true}]}}