{"id":42746,"date":"2024-03-16T16:15:41","date_gmt":"2024-03-16T19:15:41","guid":{"rendered":"https:\/\/noticiasribeiraopreto.com.br\/index.php\/2024\/03\/16\/entenda-como-fica-o-acesso-ao-bairro-guapore-em-ribeirao-preto-apos-mudancas\/"},"modified":"2024-03-16T16:15:41","modified_gmt":"2024-03-16T19:15:41","slug":"entenda-como-fica-o-acesso-ao-bairro-guapore-em-ribeirao-preto-apos-mudancas","status":"publish","type":"post","link":"https:\/\/noticiasribeiraopreto.com.br\/index.php\/2024\/03\/16\/entenda-como-fica-o-acesso-ao-bairro-guapore-em-ribeirao-preto-apos-mudancas\/","title":{"rendered":"Entenda como fica o acesso ao bairro Guapor\u00e9 em Ribeir\u00e3o Preto ap\u00f3s mudan\u00e7as"},"content":{"rendered":"<div class='code-block code-block-1' style='margin: 8px 0 8px auto; text-align: right; display: block; clear: both;'>\n<p><a href=\"https:\/\/wa.link\/vpicfd\"><img data-recalc-dims=\"1\" class=\"wp-image-4922\" style=\"aspect-ratio: 2.0253164556962027; width: 561px; height: auto;\" src=\"https:\/\/i0.wp.com\/ismaelcolosi.com.br\/wp-content\/uploads\/2023\/11\/grupo-de-empregos-whatsapp-e-facebook-ismael-colosi-vagas.jpg?ssl=1\" alt=\"\" \/><\/a><\/p>\n<!-- \/wp:image -->\n<\/div>\n<p> <br \/>\n<\/p>\n<div data-td-block-uid=\"tdi_101\">\n<div class=\"tdb-block-inner td-fix-index\">\n<p>As<strong> <\/strong><span style=\"background-color:#f7cc62\" class=\"td_text_highlight_marker\"><mark style=\"background-color:rgba(0, 0, 0, 0)\" class=\"has-inline-color has-black-color\"><strong>altera\u00e7\u00f5es implantadas<\/strong> no <strong>acesso ao bairro Guapor\u00e9<\/strong><\/mark><\/span>, na <strong>zona Sul<\/strong> de <strong>Ribeir\u00e3o Preto<\/strong>, foram conclu\u00eddas no <strong>fim<\/strong> da tarde de <strong>sexta-feira<\/strong> (16).<\/p>\n<p>A <strong>partir de agora<\/strong>, os <strong>motoristas <\/strong>devem ficar atentos ao <strong>fechamento parcial<\/strong> da <strong>rotat\u00f3ria<\/strong> e as <strong>sinaliza\u00e7\u00f5es<\/strong> verticais e horizontais que foram readequadas.<\/p>\n<p>De acordo com a <strong>RP Mobi<\/strong>, empresa que gerencia o tr\u00e2nsito e transporte coletivo de Ribeir\u00e3o Preto, cerca de <span style=\"background-color:#f7cc62\" class=\"td_text_highlight_marker\"><mark style=\"background-color:rgba(0, 0, 0, 0)\" class=\"has-inline-color has-black-color\"><strong>5.400 ve\u00edculos<\/strong> <strong>trafegam por dia na pista bairro\/Centro da avenida Her\u00e1clito Fontoura Sobral Pinto.<\/strong><\/mark><\/span><\/p>\n<h4 class=\"wp-block-heading\"><strong>Como acessar o bairro agora?<\/strong><\/h4>\n<p>Com as <strong>mudan\u00e7as<\/strong>,<span style=\"background-color:#f7cc62\" class=\"td_text_highlight_marker\"><mark style=\"background-color:rgba(0, 0, 0, 0)\" class=\"has-inline-color has-black-color\"> <strong>o motorista que estiver na SP 322 Anel Vi\u00e1rio Sul, sentido Araraquara, ao acessar a al\u00e7a do dispositivo do quil\u00f4metro 311, ter\u00e1 que entrar pela avenida Her\u00e1clito Fontoura Sobral Pinto e seguir pela avenida para fazer o retorno e voltar sentido Jardim Bot\u00e2nico<\/strong>.<\/mark><\/span><\/p>\n<p>Com o fechamento da rotat\u00f3ria, o motorista que estiver na SP 322 Anel Vi\u00e1rio, sentido Araraquara, <span style=\"background-color:#f7cc62\" class=\"td_text_highlight_marker\"><mark style=\"background-color:rgba(0, 0, 0, 0)\" class=\"has-inline-color has-black-color\"><strong>n\u00e3o conseguir\u00e1 fazer o retorno por baixo do viaduto.<\/strong><\/mark><\/span><\/p>\n<h4 class=\"wp-block-heading\"><strong>Redu\u00e7\u00e3o do tempo de trajeto<\/strong><\/h4>\n<p>De acordo com a concession\u00e1ria, ap\u00f3s <strong>estudos<\/strong> realizados desde o fim do ano passado, foi constatado que <strong>para percorrer 900 metros<\/strong>, o <strong>motorista<\/strong> levava em torno de <strong>15 minutos<\/strong>. Com essas <strong>altera\u00e7\u00f5es<\/strong>, o per\u00edodo do <strong>percurso<\/strong> diminuir\u00e1 para <strong>seis minutos<\/strong>.<\/p>\n<p>SAIBA MAIS <\/p>\n<p>Peppa Pig \u00e9 a atra\u00e7\u00e3o no Teatro Municipal de Ribeir\u00e3o Preto neste domingo<\/p>\n<p><strong>FIQUE ON<\/strong><\/p>\n<p>Fique ligado em tudo que acontece em Ribeir\u00e3o Preto e regi\u00e3o. Siga os perfis do\u00a0<strong>acidade on\u00a0<\/strong>no\u00a0<a href=\"https:\/\/www.instagram.com\/acidadeonribeirao\" target=\"_blank\" rel=\"noreferrer noopener\">Instagram<\/a>\u00a0e no\u00a0<a href=\"https:\/\/www.facebook.com\/acidadeonribeirao\" target=\"_blank\" rel=\"noreferrer noopener\">Facebook<\/a>.<\/p>\n<p>Receba not\u00edcias do acidade on no WhatsApp. Para entrar no grupo, basta\u00a0<a href=\"https:\/\/chat.whatsapp.com\/GFH9HUMUTHNFJdnyEd0xxq\" target=\"_blank\" rel=\"noreferrer noopener\">clicar aqui<\/a>.<\/p>\n<p>Fa\u00e7a uma den\u00fancia ou sugira uma reportagem sobre Ribeir\u00e3o Preto e regi\u00e3o pelo WhatsApp: 16 99117 7802.<\/p>\n<p>VEJA TAMB\u00c9M<\/p>\n<p>Fernanda foi homof\u00f3bica no BBB 24? Web critica fala da sister<\/p>\n<p><!-- AI CONTENT END 1 -->\n<\/div>\n<\/div>\n<p><script async src=\"\/\/www.instagram.com\/embed.js\"><\/script><br \/>\n<br \/><br \/>\n<br \/><a href=\"https:\/\/www.acidadeon.com\/ribeiraopreto\/cotidiano\/entenda-como-fica-o-acesso-ao-bairro-guapore-em-ribeirao-preto-apos-mudancas\/\">Source link <\/a><\/p>\n<!-- CONTENT END 1 -->\n","protected":false},"excerpt":{"rendered":"<p>As altera\u00e7\u00f5es implantadas no acesso ao bairro Guapor\u00e9, na zona Sul de Ribeir\u00e3o Preto, foram conclu\u00eddas no fim da tarde de sexta-feira (16). A partir&#8230;<\/p>\n","protected":false},"author":1,"featured_media":42747,"comment_status":"open","ping_status":"open","sticky":false,"template":"","format":"standard","meta":{"advanced_seo_description":"","jetpack_seo_html_title":"","jetpack_seo_noindex":false,"jetpack_seo_schema_type":"","_jetpack_newsletter_access":"","_jetpack_dont_email_post_to_subs":false,"_jetpack_newsletter_tier_id":0,"_jetpack_memberships_contains_paywalled_content":false,"_jetpack_feature_clip_id":0,"_jetpack_memberships_contains_paid_content":false,"footnotes":"","jetpack_publicize_message":"","jetpack_publicize_feature_enabled":true,"jetpack_social_post_already_shared":true,"jetpack_social_options":{"image_generator_settings":{"template":"highway","default_image_id":0,"font":"","enabled":false},"version":2},"jetpack_post_was_ever_published":false},"categories":[11],"tags":[],"class_list":["post-42746","post","type-post","status-publish","format-standard","has-post-thumbnail","hentry","category-noticias-de-ribeirao-preto-sp-e-regiao-ismael-colosi"],"jetpack_publicize_connections":[],"jetpack-related-posts":[{"id":82248,"url":"https:\/\/noticiasribeiraopreto.com.br\/index.php\/2026\/02\/08\/via-que-liga-guapore-ao-jardim-olhos-dagua-e-liberada-veja-fotos\/","url_meta":{"origin":42746,"position":0},"title":"Via que liga Guapor\u00e9 ao Jardim Olhos D\u2019\u00c1gua \u00e9 liberada; Veja fotos","author":"noticiasribeiraopreto.com.br","date":"8 de February de 2026","format":false,"excerpt":"O tr\u00e1fego no prolongamento da Via Silvio Francisco Spadaro Cropanise, que interliga a avenida Her\u00e1clito Fontoura Sobral Pinto, no bairro Guapor\u00e9, \u00e0 avenida Professor Jo\u00e3o Fi\u00fasa, no bairro Jardim Olhos D\u2019\u00c1gua, em Ribeir\u00e3o Preto, foi liberado neste s\u00e1bado (7). A nova liga\u00e7\u00e3o vi\u00e1ria beneficia diretamente mais de 41 mil moradores\u2026","rel":"","context":"In &quot;Not\u00edcias de Ribeir\u00e3o Preto-SP e Regi\u00e3o&quot;","block_context":{"text":"Not\u00edcias de Ribeir\u00e3o Preto-SP e Regi\u00e3o","link":"https:\/\/noticiasribeiraopreto.com.br\/index.php\/category\/noticias-de-ribeirao-preto-sp-e-regiao-ismael-colosi\/"},"img":{"alt_text":"","src":"https:\/\/i0.wp.com\/noticiasribeiraopreto.com.br\/wp-content\/uploads\/2026\/02\/guapore-olhos-d-agua-3_2026-02-07_14-51-19.webp.webp?fit=1200%2C800&ssl=1&resize=350%2C200","width":350,"height":200,"srcset":"https:\/\/i0.wp.com\/noticiasribeiraopreto.com.br\/wp-content\/uploads\/2026\/02\/guapore-olhos-d-agua-3_2026-02-07_14-51-19.webp.webp?fit=1200%2C800&ssl=1&resize=350%2C200 1x, https:\/\/i0.wp.com\/noticiasribeiraopreto.com.br\/wp-content\/uploads\/2026\/02\/guapore-olhos-d-agua-3_2026-02-07_14-51-19.webp.webp?fit=1200%2C800&ssl=1&resize=525%2C300 1.5x, https:\/\/i0.wp.com\/noticiasribeiraopreto.com.br\/wp-content\/uploads\/2026\/02\/guapore-olhos-d-agua-3_2026-02-07_14-51-19.webp.webp?fit=1200%2C800&ssl=1&resize=700%2C400 2x, https:\/\/i0.wp.com\/noticiasribeiraopreto.com.br\/wp-content\/uploads\/2026\/02\/guapore-olhos-d-agua-3_2026-02-07_14-51-19.webp.webp?fit=1200%2C800&ssl=1&resize=1050%2C600 3x"},"classes":[]},{"id":42394,"url":"https:\/\/noticiasribeiraopreto.com.br\/index.php\/2024\/03\/14\/acesso-ao-bairro-guapore-em-ribeirao-tem-mudancas-veja-quais-sao\/","url_meta":{"origin":42746,"position":1},"title":"Acesso ao bairro Guapor\u00e9 em Ribeir\u00e3o tem mudan\u00e7as; Veja quais s\u00e3o","author":"noticiasribeiraopreto.com.br","date":"14 de March de 2024","format":false,"excerpt":"Os motoristas que acessam o bairro Guapor\u00e9, na zona Sul de Ribeir\u00e3o Preto, devem diminuir o tempo de trajeto em at\u00e9 nove minutos com as novas adequa\u00e7\u00f5es que est\u00e3o sendo implantadas para melhor fluidez do tr\u00e2nsito na regi\u00e3o (veja abaixo). A previs\u00e3o \u00e9 de que as mudan\u00e7as, que incluem fechamento\u2026","rel":"","context":"In &quot;Not\u00edcias de Ribeir\u00e3o Preto-SP e Regi\u00e3o&quot;","block_context":{"text":"Not\u00edcias de Ribeir\u00e3o Preto-SP e Regi\u00e3o","link":"https:\/\/noticiasribeiraopreto.com.br\/index.php\/category\/noticias-de-ribeirao-preto-sp-e-regiao-ismael-colosi\/"},"img":{"alt_text":"","src":"https:\/\/i0.wp.com\/noticiasribeiraopreto.com.br\/wp-content\/uploads\/2024\/03\/Copia-de-Copia-de-TAMANHO-EXATO-PARA-FOTOS-NO-SISTEMA-NOVO-49.jpg?fit=1200%2C675&ssl=1&resize=350%2C200","width":350,"height":200,"srcset":"https:\/\/i0.wp.com\/noticiasribeiraopreto.com.br\/wp-content\/uploads\/2024\/03\/Copia-de-Copia-de-TAMANHO-EXATO-PARA-FOTOS-NO-SISTEMA-NOVO-49.jpg?fit=1200%2C675&ssl=1&resize=350%2C200 1x, https:\/\/i0.wp.com\/noticiasribeiraopreto.com.br\/wp-content\/uploads\/2024\/03\/Copia-de-Copia-de-TAMANHO-EXATO-PARA-FOTOS-NO-SISTEMA-NOVO-49.jpg?fit=1200%2C675&ssl=1&resize=525%2C300 1.5x, https:\/\/i0.wp.com\/noticiasribeiraopreto.com.br\/wp-content\/uploads\/2024\/03\/Copia-de-Copia-de-TAMANHO-EXATO-PARA-FOTOS-NO-SISTEMA-NOVO-49.jpg?fit=1200%2C675&ssl=1&resize=700%2C400 2x, https:\/\/i0.wp.com\/noticiasribeiraopreto.com.br\/wp-content\/uploads\/2024\/03\/Copia-de-Copia-de-TAMANHO-EXATO-PARA-FOTOS-NO-SISTEMA-NOVO-49.jpg?fit=1200%2C675&ssl=1&resize=1050%2C600 3x"},"classes":[]},{"id":68413,"url":"https:\/\/noticiasribeiraopreto.com.br\/index.php\/2025\/04\/25\/nova-obra-vai-interligar-guapore-ao-olhos-dagua\/","url_meta":{"origin":42746,"position":2},"title":"Nova obra vai interligar Guapor\u00e9 ao Olhos D\u2019\u00c1gua\u00a0","author":"noticiasribeiraopreto.com.br","date":"25 de April de 2025","format":false,"excerpt":"25 de abril de 2025 09:3024 de abril de 2025 20:479 Compartilhar0 O prefeito de Ribeir\u00e3o Preto, Ricardo Silva (PSD), participa nesta sexta-feira, 25 de abril, \u00e0s 14h30, do lan\u00e7amento da pedra fundamental que marca o in\u00edcio das obras de interliga\u00e7\u00e3o da avenida Her\u00e1clito Fontoura Sobral Pinto, no bairro Guapor\u00e9,\u2026","rel":"","context":"In &quot;Not\u00edcias de Ribeir\u00e3o Preto-SP e Regi\u00e3o&quot;","block_context":{"text":"Not\u00edcias de Ribeir\u00e3o Preto-SP e Regi\u00e3o","link":"https:\/\/noticiasribeiraopreto.com.br\/index.php\/category\/noticias-de-ribeirao-preto-sp-e-regiao-ismael-colosi\/"},"img":{"alt_text":"","src":"https:\/\/i0.wp.com\/noticiasribeiraopreto.com.br\/wp-content\/uploads\/2025\/04\/interligacaoavenidasmrv.capa_-scaled.jpg?fit=750%2C500&ssl=1&resize=350%2C200","width":350,"height":200,"srcset":"https:\/\/i0.wp.com\/noticiasribeiraopreto.com.br\/wp-content\/uploads\/2025\/04\/interligacaoavenidasmrv.capa_-scaled.jpg?fit=750%2C500&ssl=1&resize=350%2C200 1x, https:\/\/i0.wp.com\/noticiasribeiraopreto.com.br\/wp-content\/uploads\/2025\/04\/interligacaoavenidasmrv.capa_-scaled.jpg?fit=750%2C500&ssl=1&resize=525%2C300 1.5x, https:\/\/i0.wp.com\/noticiasribeiraopreto.com.br\/wp-content\/uploads\/2025\/04\/interligacaoavenidasmrv.capa_-scaled.jpg?fit=750%2C500&ssl=1&resize=700%2C400 2x"},"classes":[]},{"id":67790,"url":"https:\/\/noticiasribeiraopreto.com.br\/index.php\/2025\/04\/18\/prefeitura-de-ribeirao-preto-estuda-mudancas-viarias-na-zona-sul-entenda\/","url_meta":{"origin":42746,"position":3},"title":"Prefeitura de Ribeir\u00e3o Preto estuda mudan\u00e7as vi\u00e1rias na zona Sul; Entenda","author":"noticiasribeiraopreto.com.br","date":"18 de April de 2025","format":false,"excerpt":"A Prefeitura de Ribeir\u00e3o Preto estuda um projeto vi\u00e1rio que prev\u00ea tr\u00eas principais altera\u00e7\u00f5es no sistema de tr\u00e1fego da zona Sul de Ribeir\u00e3o Preto. O objetivo \u00e9 interligar as principais avenidas da regi\u00e3o, facilitar o acesso a Bonfim Paulista e aliviar o tr\u00e2nsito na avenida Braz Olaia Acosta e no\u2026","rel":"","context":"In &quot;Not\u00edcias de Ribeir\u00e3o Preto-SP e Regi\u00e3o&quot;","block_context":{"text":"Not\u00edcias de Ribeir\u00e3o Preto-SP e Regi\u00e3o","link":"https:\/\/noticiasribeiraopreto.com.br\/index.php\/category\/noticias-de-ribeirao-preto-sp-e-regiao-ismael-colosi\/"},"img":{"alt_text":"","src":"https:\/\/i0.wp.com\/noticiasribeiraopreto.com.br\/wp-content\/uploads\/2025\/04\/anel_viario_1200x675_22042022092948.jpg?fit=1200%2C675&ssl=1&resize=350%2C200","width":350,"height":200,"srcset":"https:\/\/i0.wp.com\/noticiasribeiraopreto.com.br\/wp-content\/uploads\/2025\/04\/anel_viario_1200x675_22042022092948.jpg?fit=1200%2C675&ssl=1&resize=350%2C200 1x, https:\/\/i0.wp.com\/noticiasribeiraopreto.com.br\/wp-content\/uploads\/2025\/04\/anel_viario_1200x675_22042022092948.jpg?fit=1200%2C675&ssl=1&resize=525%2C300 1.5x, https:\/\/i0.wp.com\/noticiasribeiraopreto.com.br\/wp-content\/uploads\/2025\/04\/anel_viario_1200x675_22042022092948.jpg?fit=1200%2C675&ssl=1&resize=700%2C400 2x, https:\/\/i0.wp.com\/noticiasribeiraopreto.com.br\/wp-content\/uploads\/2025\/04\/anel_viario_1200x675_22042022092948.jpg?fit=1200%2C675&ssl=1&resize=1050%2C600 3x"},"classes":[]},{"id":68363,"url":"https:\/\/noticiasribeiraopreto.com.br\/index.php\/2025\/04\/24\/fiusa-ganha-ligacao-com-guapore-em-ribeirao-preto\/","url_meta":{"origin":42746,"position":4},"title":"Fi\u00fasa ganha liga\u00e7\u00e3o com Guapor\u00e9 em Ribeir\u00e3o Preto","author":"noticiasribeiraopreto.com.br","date":"24 de April de 2025","format":false,"excerpt":"Acontece nesta sexta-feira (25), \u00e0s 14h30, o lan\u00e7amento da pedra fundamental que marca o in\u00edcio das obras de interliga\u00e7\u00e3o entre as avenidas Her\u00e1clito Fontoura Sobral Pinto, no Guapor\u00e9, e Professor Jo\u00e3o Fi\u00fasa, no Jardim Olhos D\u2019\u00c1gua. >>>FIQUE POR DENTRO: Cidades na regi\u00e3o de Ribeir\u00e3o Preto ter\u00e3o cons\u00f3rcio por servi\u00e7os de\u2026","rel":"","context":"In &quot;Not\u00edcias de Ribeir\u00e3o Preto-SP e Regi\u00e3o&quot;","block_context":{"text":"Not\u00edcias de Ribeir\u00e3o Preto-SP e Regi\u00e3o","link":"https:\/\/noticiasribeiraopreto.com.br\/index.php\/category\/noticias-de-ribeirao-preto-sp-e-regiao-ismael-colosi\/"},"img":{"alt_text":"","src":"https:\/\/i0.wp.com\/noticiasribeiraopreto.com.br\/wp-content\/uploads\/2025\/04\/panoramicas_av_joao_fiusa_-_foto_guilherme_sircili_79.jpg?fit=1200%2C800&ssl=1&resize=350%2C200","width":350,"height":200,"srcset":"https:\/\/i0.wp.com\/noticiasribeiraopreto.com.br\/wp-content\/uploads\/2025\/04\/panoramicas_av_joao_fiusa_-_foto_guilherme_sircili_79.jpg?fit=1200%2C800&ssl=1&resize=350%2C200 1x, https:\/\/i0.wp.com\/noticiasribeiraopreto.com.br\/wp-content\/uploads\/2025\/04\/panoramicas_av_joao_fiusa_-_foto_guilherme_sircili_79.jpg?fit=1200%2C800&ssl=1&resize=525%2C300 1.5x, https:\/\/i0.wp.com\/noticiasribeiraopreto.com.br\/wp-content\/uploads\/2025\/04\/panoramicas_av_joao_fiusa_-_foto_guilherme_sircili_79.jpg?fit=1200%2C800&ssl=1&resize=700%2C400 2x, https:\/\/i0.wp.com\/noticiasribeiraopreto.com.br\/wp-content\/uploads\/2025\/04\/panoramicas_av_joao_fiusa_-_foto_guilherme_sircili_79.jpg?fit=1200%2C800&ssl=1&resize=1050%2C600 3x"},"classes":[]},{"id":7236,"url":"https:\/\/noticiasribeiraopreto.com.br\/index.php\/2023\/11\/27\/acesso-a-regiao-da-zona-sul-de-ribeirao-tera-teste-de-trafego-nesta-semana-veja-o-trecho-e-desvios\/","url_meta":{"origin":42746,"position":5},"title":"Acesso \u00e0 regi\u00e3o da zona Sul de Ribeir\u00e3o ter\u00e1 teste de tr\u00e1fego nesta semana; Veja trecho e desvios","author":"noticiasribeiraopreto.com.br","date":"27 de November de 2023","format":false,"excerpt":"Os motoristas que acessam e saem do Condom\u00ednio Guapor\u00e9, na avenida Her\u00e1clito Fontoura Sobral Pinto, pr\u00f3ximo ao Anel Vi\u00e1rio Sul de Ribeir\u00e3o Preto, devem ficar atentos entre ter\u00e7a (28) e quinta-feira (30), devido a um projeto piloto para dar mais fluidez ao tr\u00e1fego local. A opera\u00e7\u00e3o vi\u00e1ria que recebeu o\u2026","rel":"","context":"In &quot;Not\u00edcias de Ribeir\u00e3o Preto-SP e Regi\u00e3o&quot;","block_context":{"text":"Not\u00edcias de Ribeir\u00e3o Preto-SP e Regi\u00e3o","link":"https:\/\/noticiasribeiraopreto.com.br\/index.php\/category\/noticias-de-ribeirao-preto-sp-e-regiao-ismael-colosi\/"},"img":{"alt_text":"","src":"https:\/\/i0.wp.com\/noticiasribeiraopreto.com.br\/wp-content\/uploads\/2023\/11\/opercacao_entrebairros_.jpg?fit=1117%2C625&ssl=1&resize=350%2C200","width":350,"height":200,"srcset":"https:\/\/i0.wp.com\/noticiasribeiraopreto.com.br\/wp-content\/uploads\/2023\/11\/opercacao_entrebairros_.jpg?fit=1117%2C625&ssl=1&resize=350%2C200 1x, https:\/\/i0.wp.com\/noticiasribeiraopreto.com.br\/wp-content\/uploads\/2023\/11\/opercacao_entrebairros_.jpg?fit=1117%2C625&ssl=1&resize=525%2C300 1.5x, https:\/\/i0.wp.com\/noticiasribeiraopreto.com.br\/wp-content\/uploads\/2023\/11\/opercacao_entrebairros_.jpg?fit=1117%2C625&ssl=1&resize=700%2C400 2x, https:\/\/i0.wp.com\/noticiasribeiraopreto.com.br\/wp-content\/uploads\/2023\/11\/opercacao_entrebairros_.jpg?fit=1117%2C625&ssl=1&resize=1050%2C600 3x"},"classes":[]}],"jetpack_sharing_enabled":true,"jetpack_shortlink":"https:\/\/wp.me\/peQAOb-b7s","jetpack_featured_media_url":"https:\/\/i0.wp.com\/noticiasribeiraopreto.com.br\/wp-content\/uploads\/2024\/03\/3-5.jpg?fit=1200%2C675&ssl=1","_links":{"self":[{"href":"https:\/\/noticiasribeiraopreto.com.br\/index.php\/wp-json\/wp\/v2\/posts\/42746","targetHints":{"allow":["GET"]}}],"collection":[{"href":"https:\/\/noticiasribeiraopreto.com.br\/index.php\/wp-json\/wp\/v2\/posts"}],"about":[{"href":"https:\/\/noticiasribeiraopreto.com.br\/index.php\/wp-json\/wp\/v2\/types\/post"}],"author":[{"embeddable":true,"href":"https:\/\/noticiasribeiraopreto.com.br\/index.php\/wp-json\/wp\/v2\/users\/1"}],"replies":[{"embeddable":true,"href":"https:\/\/noticiasribeiraopreto.com.br\/index.php\/wp-json\/wp\/v2\/comments?post=42746"}],"version-history":[{"count":0,"href":"https:\/\/noticiasribeiraopreto.com.br\/index.php\/wp-json\/wp\/v2\/posts\/42746\/revisions"}],"wp:featuredmedia":[{"embeddable":true,"href":"https:\/\/noticiasribeiraopreto.com.br\/index.php\/wp-json\/wp\/v2\/media\/42747"}],"wp:attachment":[{"href":"https:\/\/noticiasribeiraopreto.com.br\/index.php\/wp-json\/wp\/v2\/media?parent=42746"}],"wp:term":[{"taxonomy":"category","embeddable":true,"href":"https:\/\/noticiasribeiraopreto.com.br\/index.php\/wp-json\/wp\/v2\/categories?post=42746"},{"taxonomy":"post_tag","embeddable":true,"href":"https:\/\/noticiasribeiraopreto.com.br\/index.php\/wp-json\/wp\/v2\/tags?post=42746"}],"curies":[{"name":"wp","href":"https:\/\/api.w.org\/{rel}","templated":true}]}}