{"id":42749,"date":"2024-03-16T16:32:29","date_gmt":"2024-03-16T19:32:29","guid":{"rendered":"https:\/\/noticiasribeiraopreto.com.br\/index.php\/2024\/03\/16\/emprego-formal-avanca-em-janeiro\/"},"modified":"2024-03-16T16:32:29","modified_gmt":"2024-03-16T19:32:29","slug":"emprego-formal-avanca-em-janeiro","status":"publish","type":"post","link":"https:\/\/noticiasribeiraopreto.com.br\/index.php\/2024\/03\/16\/emprego-formal-avanca-em-janeiro\/","title":{"rendered":"Emprego formal\u00a0avan\u00e7a em janeiro\u00a0 &#8211; Jornal Tribuna Ribeir\u00e3o"},"content":{"rendered":"<div class='code-block code-block-1' style='margin: 8px 0 8px auto; text-align: right; display: block; clear: both;'>\n<p><a href=\"https:\/\/wa.link\/vpicfd\"><img data-recalc-dims=\"1\" class=\"wp-image-4922\" style=\"aspect-ratio: 2.0253164556962027; width: 561px; height: auto;\" src=\"https:\/\/i0.wp.com\/ismaelcolosi.com.br\/wp-content\/uploads\/2023\/11\/grupo-de-empregos-whatsapp-e-facebook-ismael-colosi-vagas.jpg?ssl=1\" alt=\"\" \/><\/a><\/p>\n<!-- \/wp:image -->\n<\/div>\n<p> <br \/>\n<\/p>\n<div>\n<p><span data-contrast=\"none\">O Minist\u00e9rio do <\/span><span data-contrast=\"auto\">Trabalho e Emprego <\/span><span data-contrast=\"none\">divulgou, nesta sexta-feira, 15 de mar\u00e7o, os n\u00fameros do Novo Cadastro Geral <\/span><span data-contrast=\"none\">de Empregados e Desempregados (Novo Caged) de janeiro. A economia de Ribeir\u00e3o Preto fechou o primeiro m\u00eas do ano com super\u00e1vit de 904 empregos com carteira assinada, fruto de 12.547 admiss\u00f5es e 11.643 demiss\u00f5es.<\/span><\/p>\n<p><span data-contrast=\"none\">Disparou 135,42% na compara\u00e7\u00e3o com o saldo negativo de 2.552 vagas fechadas em dezembro <\/span><span data-contrast=\"auto\">\u2013 m\u00eas tradicionalmente de demiss\u00f5es \u2013<\/span><span data-contrast=\"none\">, resultado de 9.022 contrata\u00e7\u00f5es e 11.574 rescis\u00f5es. S\u00e3o 3.456 postos de trabalho a mais, segundo o Caged. <\/span><\/p>\n<p><span data-contrast=\"none\">Em compara\u00e7\u00e3o com janeiro do ano passado, quando o rombo foi de 347 trabalhadores demitidos (10.705 admiss\u00f5es e 11.052 demiss\u00f5es), o crescimento \u00e9 de 306,52%. S\u00e3o 1.251 vagas com carteira assinada a mais, indica o Minist\u00e9rio do Trabalho. <\/span><\/p>\n<p><b><span data-contrast=\"none\">No ano <\/span><\/b><b><span data-contrast=\"auto\">\u2013 <\/span><\/b><span data-contrast=\"auto\">Em doze meses<\/span><span data-contrast=\"none\">, o super\u00e1vit \u00e9 de 7.334 novos postos de trabalho, fruto de 137.665 contrata\u00e7\u00f5es e 130.331 rescis\u00f5es. Nos doze meses anteriores, o saldo foi de 10.642 trabalhadores contratados, resultado de 133.955 admiss\u00f5es e 123.313 demiss\u00f5es. O resultado de 2023 \u00e9 31,08% inferior. S\u00e3o 3.308 carteiras assinadas a menos. <\/span><\/p>\n<p><span data-contrast=\"none\">No ano passado o super\u00e1vit foi de 6.083 novos postos (135.823 admiss\u00f5es e 129.740 demiss\u00f5es). Em 2022, o saldo foi de 11.764 trabalhadores contratados, resultado de 133.828 admiss\u00f5es e 122.064 demiss\u00f5es. O resultado de 2023 \u00e9 48,29% inferior. S\u00e3o 5.681 carteiras assinadas a menos. <\/span><\/p>\n<p><b><span data-contrast=\"none\">Ranking <\/span><\/b><b><span data-contrast=\"auto\">\u2013 <\/span><\/b><span data-contrast=\"auto\">Ribeir\u00e3o Preto encerrou o ano passado com o 35\u00ba melhor saldo de emprego formal em todo o pa\u00eds. Ficou em sexto lugar no Estado de S\u00e3o Paulo, atr\u00e1s da capital (<\/span><span data-contrast=\"none\">131.124, melhor resultado do Brasil), Campinas (13.197), Guarulhos (12.496), S\u00e3o Jos\u00e9 dos Campos (6.944) e Sorocaba (6.161). <\/span><\/p>\n<p><span data-contrast=\"auto\">Ribeir\u00e3o Preto<\/span> <span data-contrast=\"auto\">fechou 2022 <\/span><span data-contrast=\"none\">em sexto lugar no ranking dos munic\u00edpios que mais geraram emprego em S\u00e3o Paulo entre janeiro e dezembro. Era a 19\u00aa do pa\u00eds. Por\u00e9m, em dezembro do ano passado, ficou apenas na 5.553\u00aa posi\u00e7\u00e3o entre 5.570 munic\u00edpios. <\/span><\/p>\n<p><b><span data-contrast=\"none\">Ano passado <\/span><\/b><b><span data-contrast=\"auto\">\u2013 <\/span><\/b><span data-contrast=\"auto\">Em 2023<\/span><span data-contrast=\"none\">, Ribeir\u00e3o Preto registrou d\u00e9ficit de 347 vagas em janeiro, 62 em maio e de 2.552 em dezembro. Os super\u00e1vits foram de 1.510 em fevereiro, de 1.162 em mar\u00e7o, de 1.264 em abril, 39 em junho, 1.203 em julho, 647 em agosto, 716 em setembro e 1.403 em outubro e 743 em novembro. <\/span><\/p>\n<p><span data-contrast=\"none\">O super\u00e1vit de 11.764 novos empregos com carteira assinada registrado na economia de Ribeir\u00e3o Preto em 2022 \u00e9 18,28% inferior na compara\u00e7\u00e3o com o saldo de 14.398 vagas abertas em 2021, resultado de 119.728 contrata\u00e7\u00f5es e 105.330 rescis\u00f5es. S\u00e3o 2.632 postos de trabalho a menos. <\/span><\/p>\n<p><span data-contrast=\"none\">O d\u00e9ficit de 2.448 vagas de dezembro do ano passado foi o pior desde 2015, quando o rombo foi de 2.520 postos. <\/span><span data-contrast=\"auto\">O saldo de 14.398 empregos formais de 2021(119.728 admiss\u00f5es<\/span> <span data-contrast=\"auto\">e 105.330 demiss\u00f5es)<\/span> <span data-contrast=\"none\">\u00e9 o melhor resultado anual desde 2010, quando foi de 14.352 novos postos de trabalho <\/span><span data-contrast=\"auto\">\u2013 fruto de <\/span><span data-contrast=\"none\">109.136 contrata\u00e7\u00f5es e 94.784 rescis\u00f5es. <\/span><\/p>\n<p><span data-contrast=\"none\">Na compara\u00e7\u00e3o com o acumulado de 2020, quando o d\u00e9ficit foi de 2.367 dispensas (90.479 contrata\u00e7\u00f5es e 92.846 rescis\u00f5es), a alta em 2021 chega a 708,3%, com 16.765 novas vagas criadas em doze meses, segundo os dados do Minist\u00e9rio do Trabalho e Emprego. <\/span><\/p>\n<p><b><span data-contrast=\"none\">Com\u00e9rcio volta <\/span><\/b>\u00a0<b><span data-contrast=\"none\">a registrar d\u00e9ficit<\/span><\/b><br \/><span data-contrast=\"none\">Segundo o Novo <\/span><span data-contrast=\"auto\">Cadastro Geral de Empregados e Desempregados (Caged) do Minist\u00e9rio do Trabalho e Emprego<\/span><span data-contrast=\"none\">, em Ribeir\u00e3o Preto, quatro das cinco principais atividades econ\u00f4micas da cidade fecharam janeiro com super\u00e1vit de vagas de emprego formal: servi\u00e7os, constru\u00e7\u00e3o civil, ind\u00fastria e agropecu\u00e1ria. Apenas o com\u00e9rcio registrou d\u00e9ficit. <\/span><\/p>\n<p><span data-contrast=\"none\">O com\u00e9rcio fechou janeiro com saldo negativo de 166 postos de trabalho, fruto de 3.237 admiss\u00f5es e 3.403 demiss\u00f5es. No ano passado, contratou 36.530 e dispensou 35.447, super\u00e1vit de 1.083. Em 2022, contratou 35.868 e demitiu 32.911, super\u00e1vit de 2.957. <\/span><\/p>\n<p><span data-contrast=\"none\">O setor de servi\u00e7os registrou 6.848 contrata\u00e7\u00f5es e 6.719 rescis\u00f5es em janeiro, super\u00e1vit de 129 empregos formais. Em 2023, admitiu 77.496 e demitiu 73.316, super\u00e1vit de 4.180. De 1\u00ba de janeiro a 31 de dezembro de 2022, contratou 76.472 e demitiu 68.999, saldo positivo de 7.473. <\/span><\/p>\n<p><span data-contrast=\"none\">A constru\u00e7\u00e3o civil fechou janeiro com super\u00e1vit de 644 carteiras assinadas, fruto de 1.341 admiss\u00f5es e 697 demiss\u00f5es, melhor resultado entre os setores. No ano passado, contratou 10.489 e dispensou 10.423, super\u00e1vit de 66. Entre janeiro e dezembro de 2022, contratou 10.467 e demitiu 10.527, d\u00e9ficit de 60 vagas. <\/span><\/p>\n<p><span data-contrast=\"none\">A ind\u00fastria admitiu 1.074 trabalhadores e demitiu 785 em janeiro, com saldo positivo de 289 empregos formais criados. De janeiro a dezembro do ano passado, admitiu 10.706 e demitiu 9.978, super\u00e1vit de 728. Em 2022, contratou 10.607 e demitiu 9.209, super\u00e1vit de 1.398. <\/span><\/p>\n<p><span data-contrast=\"none\">A agropecu\u00e1ria admitiu 47 funcion\u00e1rios e dispensou 39, saldo positivo de oito vagas a mais em janeiro. De janeiro a dezembro do ano passado, contratou 602 e dispensou 576, super\u00e1vit de 26. Em 2022, contratou 414 e demitiu 418, d\u00e9ficit de quatro empregos com carteira assinada. <\/span><\/p>\n<p><span data-ccp-props=\"{&quot;201341983&quot;:0,&quot;335559739&quot;:200,&quot;335559740&quot;:276}\">\u00a0<\/span><\/p>\n<\/div>\n<p><br \/>\n<br \/><a href=\"https:\/\/www.tribunaribeirao.com.br\/site\/emprego-formal-avanca-em-janeiro\/\">Source link <\/a><\/p>\n<!-- CONTENT END 1 -->\n","protected":false},"excerpt":{"rendered":"<p>O Minist\u00e9rio do Trabalho e Emprego divulgou, nesta sexta-feira, 15 de mar\u00e7o, os n\u00fameros do Novo Cadastro Geral de Empregados e Desempregados (Novo Caged) de&#8230;<\/p>\n","protected":false},"author":1,"featured_media":42750,"comment_status":"open","ping_status":"open","sticky":false,"template":"","format":"standard","meta":{"advanced_seo_description":"","jetpack_seo_html_title":"","jetpack_seo_noindex":false,"jetpack_post_was_ever_published":false,"_jetpack_newsletter_access":"","_jetpack_dont_email_post_to_subs":false,"_jetpack_newsletter_tier_id":0,"_jetpack_memberships_contains_paywalled_content":false,"_jetpack_memberships_contains_paid_content":false,"footnotes":"","jetpack_publicize_message":"","jetpack_publicize_feature_enabled":true,"jetpack_social_post_already_shared":true,"jetpack_social_options":{"image_generator_settings":{"template":"highway","default_image_id":0,"font":"","enabled":false},"version":2}},"categories":[11],"tags":[144,5080,174,785,26,786],"class_list":["post-42749","post","type-post","status-publish","format-standard","has-post-thumbnail","hentry","category-noticias-de-ribeirao-preto-sp-e-regiao-ismael-colosi","tag-emprego","tag-formalavanca","tag-janeiro","tag-jornal","tag-ribeirao","tag-tribuna"],"jetpack_publicize_connections":[],"jetpack_featured_media_url":"https:\/\/i0.wp.com\/noticiasribeiraopreto.com.br\/wp-content\/uploads\/2024\/03\/CagedRP-Car-Marcelo-Camargo-Ag.Br_-scaled.jpg?fit=1000%2C598&ssl=1","jetpack-related-posts":[{"id":33900,"url":"https:\/\/noticiasribeiraopreto.com.br\/index.php\/2024\/01\/31\/emprego-formal-recua-em-2023-em-rp\/","url_meta":{"origin":42749,"position":0},"title":"Emprego formal\u00a0recua em 2023 em RP","author":"noticiasribeiraopreto.com.br","date":"31 de January de 2024","format":false,"excerpt":"O Minist\u00e9rio do Trabalho e Emprego divulgou nesta ter\u00e7a-feira, 30 de janeiro, os n\u00fameros do Novo Cadastro Geral de Empregados e Desempregados (Novo Caged) de dezembro. A economia de Ribeir\u00e3o Preto fechou o \u00faltimo m\u00eas de 2023 com d\u00e9ficit de 2.448 empregos com carteira assinada, fruto de 9.003 admiss\u00f5es e\u2026","rel":"","context":"In &quot;Not\u00edcias de Ribeir\u00e3o Preto-SP e Regi\u00e3o&quot;","block_context":{"text":"Not\u00edcias de Ribeir\u00e3o Preto-SP e Regi\u00e3o","link":"https:\/\/noticiasribeiraopreto.com.br\/index.php\/category\/noticias-de-ribeirao-preto-sp-e-regiao-ismael-colosi\/"},"img":{"alt_text":"","src":"https:\/\/i0.wp.com\/noticiasribeiraopreto.com.br\/wp-content\/uploads\/2024\/01\/CagedRP-Marcelo-Camargo-Ag.Br_-scaled.jpg?fit=1000%2C598&ssl=1&resize=350%2C200","width":350,"height":200,"srcset":"https:\/\/i0.wp.com\/noticiasribeiraopreto.com.br\/wp-content\/uploads\/2024\/01\/CagedRP-Marcelo-Camargo-Ag.Br_-scaled.jpg?fit=1000%2C598&ssl=1&resize=350%2C200 1x, https:\/\/i0.wp.com\/noticiasribeiraopreto.com.br\/wp-content\/uploads\/2024\/01\/CagedRP-Marcelo-Camargo-Ag.Br_-scaled.jpg?fit=1000%2C598&ssl=1&resize=525%2C300 1.5x, https:\/\/i0.wp.com\/noticiasribeiraopreto.com.br\/wp-content\/uploads\/2024\/01\/CagedRP-Marcelo-Camargo-Ag.Br_-scaled.jpg?fit=1000%2C598&ssl=1&resize=700%2C400 2x"},"classes":[]},{"id":44518,"url":"https:\/\/noticiasribeiraopreto.com.br\/index.php\/2024\/03\/28\/emprego-formal-sobe-em-fevereiro\/","url_meta":{"origin":42749,"position":1},"title":"Emprego formal\u00a0sobe em fevereiro\u00a0 &#8211; Jornal Tribuna Ribeir\u00e3o","author":"noticiasribeiraopreto.com.br","date":"28 de March de 2024","format":false,"excerpt":"O Minist\u00e9rio do Trabalho e Emprego divulgou nesta quinta-feira, 27 de mar\u00e7o, os n\u00fameros do Novo Cadastro Geral de Empregados e Desempregados (Novo Caged) de fevereiro. A economia de Ribeir\u00e3o Preto fechou o segundo m\u00eas do ano com super\u00e1vit de 2.047 empregos com carteira assinada, fruto de 13.321 admiss\u00f5es e\u2026","rel":"","context":"In &quot;Not\u00edcias de Ribeir\u00e3o Preto-SP e Regi\u00e3o&quot;","block_context":{"text":"Not\u00edcias de Ribeir\u00e3o Preto-SP e Regi\u00e3o","link":"https:\/\/noticiasribeiraopreto.com.br\/index.php\/category\/noticias-de-ribeirao-preto-sp-e-regiao-ismael-colosi\/"},"img":{"alt_text":"","src":"https:\/\/i0.wp.com\/noticiasribeiraopreto.com.br\/wp-content\/uploads\/2024\/03\/CagedRP-Marcelo-Camargo-Ag.Br_.-1.jpg?fit=800%2C479&ssl=1&resize=350%2C200","width":350,"height":200,"srcset":"https:\/\/i0.wp.com\/noticiasribeiraopreto.com.br\/wp-content\/uploads\/2024\/03\/CagedRP-Marcelo-Camargo-Ag.Br_.-1.jpg?fit=800%2C479&ssl=1&resize=350%2C200 1x, https:\/\/i0.wp.com\/noticiasribeiraopreto.com.br\/wp-content\/uploads\/2024\/03\/CagedRP-Marcelo-Camargo-Ag.Br_.-1.jpg?fit=800%2C479&ssl=1&resize=525%2C300 1.5x, https:\/\/i0.wp.com\/noticiasribeiraopreto.com.br\/wp-content\/uploads\/2024\/03\/CagedRP-Marcelo-Camargo-Ag.Br_.-1.jpg?fit=800%2C479&ssl=1&resize=700%2C400 2x"},"classes":[]},{"id":75174,"url":"https:\/\/noticiasribeiraopreto.com.br\/index.php\/2025\/08\/05\/emprego-formal-cai-no-semestre-tribuna-ribeirao\/","url_meta":{"origin":42749,"position":2},"title":"Emprego formal cai no semestre \u2013 Tribuna Ribeir\u00e3o","author":"noticiasribeiraopreto.com.br","date":"5 de August de 2025","format":false,"excerpt":"O Minist\u00e9rio do Trabalho e Emprego divulgou os n\u00fameros do Novo Cadastro Geral de Empregados e Desempregados (Novo Caged) de junho nesta segunda-feira, 4 de agosto. A economia de Ribeir\u00e3o Preto voltou a ter super\u00e1vit no sexto m\u00eas do ano, de 216 empregos com carteira assinada, fruto de 12.065 admiss\u00f5es\u2026","rel":"","context":"In &quot;Not\u00edcias de Ribeir\u00e3o Preto-SP e Regi\u00e3o&quot;","block_context":{"text":"Not\u00edcias de Ribeir\u00e3o Preto-SP e Regi\u00e3o","link":"https:\/\/noticiasribeiraopreto.com.br\/index.php\/category\/noticias-de-ribeirao-preto-sp-e-regiao-ismael-colosi\/"},"img":{"alt_text":"","src":"","width":0,"height":0},"classes":[]},{"id":69029,"url":"https:\/\/noticiasribeiraopreto.com.br\/index.php\/2025\/05\/01\/emprego-formal-desacelera-em-rp\/","url_meta":{"origin":42749,"position":3},"title":"Emprego formal desacelera em RP\u00a0","author":"noticiasribeiraopreto.com.br","date":"1 de May de 2025","format":false,"excerpt":"O Minist\u00e9rio do Trabalho e Emprego divulgou os n\u00fameros do Novo Cadastro Geral de Empregados e Desempregados (Novo Caged) de mar\u00e7o nesta quarta-feira, 30 de abril. A economia de Ribeir\u00e3o Preto fechou o terceiro m\u00eas do ano com saldo de 296 empregos com carteira assinada, fruto de 13.133 admiss\u00f5es e\u2026","rel":"","context":"In &quot;Not\u00edcias de Ribeir\u00e3o Preto-SP e Regi\u00e3o&quot;","block_context":{"text":"Not\u00edcias de Ribeir\u00e3o Preto-SP e Regi\u00e3o","link":"https:\/\/noticiasribeiraopreto.com.br\/index.php\/category\/noticias-de-ribeirao-preto-sp-e-regiao-ismael-colosi\/"},"img":{"alt_text":"","src":"https:\/\/i0.wp.com\/noticiasribeiraopreto.com.br\/wp-content\/uploads\/2025\/05\/CagedRP-JF-Pimenta-Arquivo-scaled.jpg?fit=778%2C500&ssl=1&resize=350%2C200","width":350,"height":200,"srcset":"https:\/\/i0.wp.com\/noticiasribeiraopreto.com.br\/wp-content\/uploads\/2025\/05\/CagedRP-JF-Pimenta-Arquivo-scaled.jpg?fit=778%2C500&ssl=1&resize=350%2C200 1x, https:\/\/i0.wp.com\/noticiasribeiraopreto.com.br\/wp-content\/uploads\/2025\/05\/CagedRP-JF-Pimenta-Arquivo-scaled.jpg?fit=778%2C500&ssl=1&resize=525%2C300 1.5x, https:\/\/i0.wp.com\/noticiasribeiraopreto.com.br\/wp-content\/uploads\/2025\/05\/CagedRP-JF-Pimenta-Arquivo-scaled.jpg?fit=778%2C500&ssl=1&resize=700%2C400 2x"},"classes":[]},{"id":8012,"url":"https:\/\/noticiasribeiraopreto.com.br\/index.php\/2023\/11\/29\/emprego-formal-sobe-em-outubro-em-rp\/","url_meta":{"origin":42749,"position":4},"title":"Emprego formal\u00a0sobe em outubro\u00a0em RP","author":"noticiasribeiraopreto.com.br","date":"29 de November de 2023","format":false,"excerpt":"29 de novembro de 2023 | 10:0029 de novembro de 2023 | 8:55 0O Minist\u00e9rio do Trabalho e Emprego divulgou nesta ter\u00e7a-feira, 28 de novembro, os n\u00fameros do Novo Cadastro Geral de Empregados e Desempregados (Novo Caged) de outubro. A economia de Ribeir\u00e3o Preto fechou o d\u00e9cimo m\u00eas de 2023\u2026","rel":"","context":"In &quot;Not\u00edcias de Ribeir\u00e3o Preto-SP e Regi\u00e3o&quot;","block_context":{"text":"Not\u00edcias de Ribeir\u00e3o Preto-SP e Regi\u00e3o","link":"https:\/\/noticiasribeiraopreto.com.br\/index.php\/category\/noticias-de-ribeirao-preto-sp-e-regiao-ismael-colosi\/"},"img":{"alt_text":"","src":"https:\/\/i0.wp.com\/noticiasribeiraopreto.com.br\/wp-content\/uploads\/2023\/11\/CagedRP-Marcelo-Camargo-Ag.Br_-scaled.jpg?fit=1000%2C598&ssl=1&resize=350%2C200","width":350,"height":200,"srcset":"https:\/\/i0.wp.com\/noticiasribeiraopreto.com.br\/wp-content\/uploads\/2023\/11\/CagedRP-Marcelo-Camargo-Ag.Br_-scaled.jpg?fit=1000%2C598&ssl=1&resize=350%2C200 1x, https:\/\/i0.wp.com\/noticiasribeiraopreto.com.br\/wp-content\/uploads\/2023\/11\/CagedRP-Marcelo-Camargo-Ag.Br_-scaled.jpg?fit=1000%2C598&ssl=1&resize=525%2C300 1.5x, https:\/\/i0.wp.com\/noticiasribeiraopreto.com.br\/wp-content\/uploads\/2023\/11\/CagedRP-Marcelo-Camargo-Ag.Br_-scaled.jpg?fit=1000%2C598&ssl=1&resize=700%2C400 2x"},"classes":[]},{"id":70760,"url":"https:\/\/noticiasribeiraopreto.com.br\/index.php\/2025\/05\/29\/emprego-formal-acelera-em-rp\/","url_meta":{"origin":42749,"position":5},"title":"Emprego formal acelera em RP\u00a0","author":"noticiasribeiraopreto.com.br","date":"29 de May de 2025","format":false,"excerpt":"29 de maio de 2025 16:3029 de maio de 2025 10:046 Compartilhar0 O Minist\u00e9rio do Trabalho e Emprego divulgou os n\u00fameros do Novo Cadastro Geral de Empregados e Desempregados (Novo Caged) de abril nesta quarta-feira, 28 de maio. A economia de Ribeir\u00e3o Preto fechou o quarto m\u00eas do ano com\u2026","rel":"","context":"In &quot;Not\u00edcias de Ribeir\u00e3o Preto-SP e Regi\u00e3o&quot;","block_context":{"text":"Not\u00edcias de Ribeir\u00e3o Preto-SP e Regi\u00e3o","link":"https:\/\/noticiasribeiraopreto.com.br\/index.php\/category\/noticias-de-ribeirao-preto-sp-e-regiao-ismael-colosi\/"},"img":{"alt_text":"","src":"https:\/\/i0.wp.com\/noticiasribeiraopreto.com.br\/wp-content\/uploads\/2025\/05\/CagedRP-Marcelo-Camargo-Ag.Br_.-1.jpg?fit=1170%2C700&ssl=1&resize=350%2C200","width":350,"height":200,"srcset":"https:\/\/i0.wp.com\/noticiasribeiraopreto.com.br\/wp-content\/uploads\/2025\/05\/CagedRP-Marcelo-Camargo-Ag.Br_.-1.jpg?fit=1170%2C700&ssl=1&resize=350%2C200 1x, https:\/\/i0.wp.com\/noticiasribeiraopreto.com.br\/wp-content\/uploads\/2025\/05\/CagedRP-Marcelo-Camargo-Ag.Br_.-1.jpg?fit=1170%2C700&ssl=1&resize=525%2C300 1.5x, https:\/\/i0.wp.com\/noticiasribeiraopreto.com.br\/wp-content\/uploads\/2025\/05\/CagedRP-Marcelo-Camargo-Ag.Br_.-1.jpg?fit=1170%2C700&ssl=1&resize=700%2C400 2x, https:\/\/i0.wp.com\/noticiasribeiraopreto.com.br\/wp-content\/uploads\/2025\/05\/CagedRP-Marcelo-Camargo-Ag.Br_.-1.jpg?fit=1170%2C700&ssl=1&resize=1050%2C600 3x"},"classes":[]}],"jetpack_sharing_enabled":true,"jetpack_shortlink":"https:\/\/wp.me\/peQAOb-b7v","_links":{"self":[{"href":"https:\/\/noticiasribeiraopreto.com.br\/index.php\/wp-json\/wp\/v2\/posts\/42749","targetHints":{"allow":["GET"]}}],"collection":[{"href":"https:\/\/noticiasribeiraopreto.com.br\/index.php\/wp-json\/wp\/v2\/posts"}],"about":[{"href":"https:\/\/noticiasribeiraopreto.com.br\/index.php\/wp-json\/wp\/v2\/types\/post"}],"author":[{"embeddable":true,"href":"https:\/\/noticiasribeiraopreto.com.br\/index.php\/wp-json\/wp\/v2\/users\/1"}],"replies":[{"embeddable":true,"href":"https:\/\/noticiasribeiraopreto.com.br\/index.php\/wp-json\/wp\/v2\/comments?post=42749"}],"version-history":[{"count":0,"href":"https:\/\/noticiasribeiraopreto.com.br\/index.php\/wp-json\/wp\/v2\/posts\/42749\/revisions"}],"wp:featuredmedia":[{"embeddable":true,"href":"https:\/\/noticiasribeiraopreto.com.br\/index.php\/wp-json\/wp\/v2\/media\/42750"}],"wp:attachment":[{"href":"https:\/\/noticiasribeiraopreto.com.br\/index.php\/wp-json\/wp\/v2\/media?parent=42749"}],"wp:term":[{"taxonomy":"category","embeddable":true,"href":"https:\/\/noticiasribeiraopreto.com.br\/index.php\/wp-json\/wp\/v2\/categories?post=42749"},{"taxonomy":"post_tag","embeddable":true,"href":"https:\/\/noticiasribeiraopreto.com.br\/index.php\/wp-json\/wp\/v2\/tags?post=42749"}],"curies":[{"name":"wp","href":"https:\/\/api.w.org\/{rel}","templated":true}]}}