{"id":42986,"date":"2024-03-18T15:25:00","date_gmt":"2024-03-18T18:25:00","guid":{"rendered":"https:\/\/noticiasribeiraopreto.com.br\/index.php\/2024\/03\/18\/atletas-de-rp-conquistam-vaga-na-selecao-brasileira-de-karate\/"},"modified":"2024-03-18T15:25:00","modified_gmt":"2024-03-18T18:25:00","slug":"atletas-de-rp-conquistam-vaga-na-selecao-brasileira-de-karate","status":"publish","type":"post","link":"https:\/\/noticiasribeiraopreto.com.br\/index.php\/2024\/03\/18\/atletas-de-rp-conquistam-vaga-na-selecao-brasileira-de-karate\/","title":{"rendered":"Atletas de RP conquistam vaga na sele\u00e7\u00e3o brasileira de karate"},"content":{"rendered":"<div class='code-block code-block-1' style='margin: 8px 0 8px auto; text-align: right; display: block; clear: both;'>\n<p><a href=\"https:\/\/wa.link\/vpicfd\"><img data-recalc-dims=\"1\" class=\"wp-image-4922\" style=\"aspect-ratio: 2.0253164556962027; width: 561px; height: auto;\" src=\"https:\/\/i0.wp.com\/ismaelcolosi.com.br\/wp-content\/uploads\/2023\/11\/grupo-de-empregos-whatsapp-e-facebook-ismael-colosi-vagas.jpg?ssl=1\" alt=\"\" \/><\/a><\/p>\n<!-- \/wp:image -->\n<\/div>\n<p> <br \/>\n<\/p>\n<div id=\"\">\n<p> <span class=\"entry-meta-item penci-posted-on\"><i class=\"fa fa-clock-o\"\/><time class=\"entry-date published\" datetime=\"2024-03-18T15:00:41-03:00\">18 de mar\u00e7o de 2024 | 15:00<\/time><time class=\"updated\" datetime=\"2024-03-18T12:40:29-03:00\">18 de mar\u00e7o de 2024 | 12:40<\/time><\/span><\/p>\n<p> <span class=\"penci-social-buttons penci-social-share-footer\"><a href=\"#\" class=\"penci-post-like penci_post-meta_item  single-like-button penci-social-item like\" data-post_id=\"377741\" title=\"Like\" data-like=\"Like\" data-unlike=\"Unlike\"><i class=\"fa fa-thumbs-o-up\"\/><span class=\"penci-share-number\">0<\/span><\/a><i class=\"fa fa-facebook\"\/><a class=\"penci-social-item twitter\" target=\"_blank\" rel=\"noopener\" title=\"\" href=\"https:\/\/twitter.com\/intent\/tweet?text=Atletas%20de%20RP%20conquistam%20vaga%20na%20sele\u00e7\u00e3o%20brasileira%20de%20karate%20-%20https:\/\/www.tribunaribeirao.com.br\/site\/atletas-de-rp-conquistam-vaga-na-selecao-brasileira-de-karate\/\"><i class=\"fa fa-twitter\"\/><\/a><i class=\"fa fa-whatsapp\"\/><\/span><\/div>\n<div>\n<p>Tr\u00eas atletas da Secretaria de Esportes de Ribeir\u00e3o Preto conquistaram uma vaga na sele\u00e7\u00e3o brasileira de karate, depois de tornarem campe\u00f5es da seletiva nacional, realizada no \u00faltimo final de semana, em Caucaia, no Cear\u00e1. A medalha de ouro tamb\u00e9m garantiu a participa\u00e7\u00e3o dos atletas em junho do Campeonato Sulamericano de 2024, na Bol\u00edvia.<\/p>\n<p>\u201cEstou muito feliz com a conquista da minha vaga na sele\u00e7\u00e3o nacional, foram anos me dedicando a esse momento. Quero trazer uma medalha para nosso pa\u00eds e nossa cidade,\u201d destacou o atleta Higor Kamimura, campe\u00e3o da categoria kumite sub14.<\/p>\n<p>O atleta Rafael Souza garantiu o ouro na seletiva nacional e o bronze na etapa classificat\u00f3ria do campeonato brasileiro. J\u00e1 a atleta Catharina Biagiotti confirmou novamente a sua excelente fase e conquistou a vaga para sele\u00e7\u00e3o pelo terceiro ano consecutivo.<\/p>\n<p>\u201cA Secretaria de Esportes de Ribeir\u00e3o Preto participou desta seletiva nacional com cinco atletas e conseguimos garantir tr\u00eas vagas na sele\u00e7\u00e3o brasileira. Dos 12 atletas classificados do nosso estado, 25% s\u00e3o de Ribeir\u00e3o. Isso mostra a evolu\u00e7\u00e3o da equipe e prova a import\u00e2ncia de se investir cada vez mais na base do esporte, e atrav\u00e9s dele, nas pessoas\u201d, afirmou o Secret\u00e1rio de Esportes e t\u00e9cnico da sele\u00e7\u00e3o brasileira e paulista de karate, Ricardo Aguiar.<\/p>\n<p>O pr\u00f3ximo desafio da equipe ser\u00e1 a fase classificat\u00f3ria do Campeonato Paulista, neste s\u00e1bado, 23, em Avar\u00e9.<\/p>\n<p>Confira o resultado dos atletas da Secretaria de Esportes:<\/p>\n<p>\u2013 Higor Kenzo Souza Kamimura: campe\u00e3o seletiva nacional \u2013 kumite Sub14 -50kg<\/p>\n<p>\u2013 Catharina Biagiotti: campe\u00e3 seletiva nacional \u2013 kumite cadete -47kg<\/p>\n<p>\u2013 Rafael Souza: campe\u00e3o seletiva nacional \u2013 kumite 145kg e bronze etapa campeonato brasileiro \u2013 kata sub14<\/p>\n<p>\u00a0<\/p>\n<p>\u00a0<\/p>\n<\/div>\n<p><script async src=\"\/\/platform.twitter.com\/widgets.js\" charset=\"utf-8\"><\/script><br \/>\n<br \/><br \/>\n<br \/><a href=\"https:\/\/www.tribunaribeirao.com.br\/site\/atletas-de-rp-conquistam-vaga-na-selecao-brasileira-de-karate\/\">Source link <\/a><\/p>\n<!-- CONTENT END 1 -->\n","protected":false},"excerpt":{"rendered":"<p>18 de mar\u00e7o de 2024 | 15:0018 de mar\u00e7o de 2024 | 12:40 0 Tr\u00eas atletas da Secretaria de Esportes de Ribeir\u00e3o Preto conquistaram uma&#8230;<\/p>\n","protected":false},"author":1,"featured_media":42987,"comment_status":"open","ping_status":"open","sticky":false,"template":"","format":"standard","meta":{"advanced_seo_description":"","jetpack_seo_html_title":"","jetpack_seo_noindex":false,"jetpack_post_was_ever_published":false,"_jetpack_newsletter_access":"","_jetpack_dont_email_post_to_subs":false,"_jetpack_newsletter_tier_id":0,"_jetpack_memberships_contains_paywalled_content":false,"_jetpack_memberships_contains_paid_content":false,"footnotes":"","jetpack_publicize_message":"","jetpack_publicize_feature_enabled":true,"jetpack_social_post_already_shared":true,"jetpack_social_options":{"image_generator_settings":{"template":"highway","default_image_id":0,"font":"","enabled":false},"version":2}},"categories":[11],"tags":[479,743,480,485,460,888],"class_list":["post-42986","post","type-post","status-publish","format-standard","has-post-thumbnail","hentry","category-noticias-de-ribeirao-preto-sp-e-regiao-ismael-colosi","tag-atletas","tag-brasileira","tag-conquistam","tag-karate","tag-selecao","tag-vaga"],"jetpack_publicize_connections":[],"jetpack_featured_media_url":"https:\/\/i0.wp.com\/noticiasribeiraopreto.com.br\/wp-content\/uploads\/2024\/03\/resultado_karate22-scaled.jpeg?fit=866%2C645&ssl=1","jetpack-related-posts":[{"id":4556,"url":"https:\/\/noticiasribeiraopreto.com.br\/index.php\/2023\/11\/21\/atletas-de-ribeirao-preto-conquistam-cinco-medalhas-no-campeonato-brasileiro-de-karate\/","url_meta":{"origin":42986,"position":0},"title":"Atletas de Ribeir\u00e3o Preto conquistam cinco medalhas no Campeonato Brasileiro de Karate","author":"noticiasribeiraopreto.com.br","date":"21 de November de 2023","format":false,"excerpt":"Os atletas da delega\u00e7\u00e3o ribeir\u00e3o-pretana de karate encerraram sua participa\u00e7\u00e3o no Campeonato Brasileiro deste ano com cinco medalhas. O evento que \u00e9 organizado pela Confedera\u00e7\u00e3o Brasileira aconteceu entre os dias 15 e 19 de novembro, em S\u00e3o Bernardo do Campo (SP) e tr\u00eas atletas da cidade foram destaque nos resultados.\u2026","rel":"","context":"In &quot;Not\u00edcias de Ribeir\u00e3o Preto-SP e Regi\u00e3o&quot;","block_context":{"text":"Not\u00edcias de Ribeir\u00e3o Preto-SP e Regi\u00e3o","link":"https:\/\/noticiasribeiraopreto.com.br\/index.php\/category\/noticias-de-ribeirao-preto-sp-e-regiao-ismael-colosi\/"},"img":{"alt_text":"","src":"https:\/\/i0.wp.com\/noticiasribeiraopreto.com.br\/wp-content\/uploads\/2023\/11\/Design-sem-nome-10.png?fit=652%2C340&ssl=1&resize=350%2C200","width":350,"height":200,"srcset":"https:\/\/i0.wp.com\/noticiasribeiraopreto.com.br\/wp-content\/uploads\/2023\/11\/Design-sem-nome-10.png?fit=652%2C340&ssl=1&resize=350%2C200 1x, https:\/\/i0.wp.com\/noticiasribeiraopreto.com.br\/wp-content\/uploads\/2023\/11\/Design-sem-nome-10.png?fit=652%2C340&ssl=1&resize=525%2C300 1.5x"},"classes":[]},{"id":65966,"url":"https:\/\/noticiasribeiraopreto.com.br\/index.php\/2025\/03\/26\/jornal-da-franca-atletas-de-franca-brilham-e-conquistam-20-medalhas-na-1a-etapa-do-paulista-de-karate\/","url_meta":{"origin":42986,"position":1},"title":"Jornal da Franca &#8211; Atletas de Franca brilham e conquistam 20 medalhas na 1\u00aa etapa do Paulista de Karat\u00ea","author":"noticiasribeiraopreto.com.br","date":"26 de March de 2025","format":false,"excerpt":"compartilhar no whatsapp compartilhar no telegram compartilhar no facebook compartilhar no linkedin Franca se destaca em competi\u00e7\u00e3o estadual com atletas classificados para a final Franca marcou presen\u00e7a na 1\u00aa Etapa do Campeonato Paulista de Karat\u00ea \u00a0 No \u00faltimo s\u00e1bado, Franca marcou presen\u00e7a na 1\u00aa Etapa do Campeonato Paulista de Karat\u00ea,\u2026","rel":"","context":"In &quot;Not\u00edcias de Franca-SP&quot;","block_context":{"text":"Not\u00edcias de Franca-SP","link":"https:\/\/noticiasribeiraopreto.com.br\/index.php\/category\/noticias-de-ribeirao-preto-sp-e-regiao-ismael-colosi\/noticias-franca-sp\/"},"img":{"alt_text":"","src":"https:\/\/i0.wp.com\/noticiasribeiraopreto.com.br\/wp-content\/uploads\/2025\/03\/campeonato-Karate-scaled.jpeg?fit=900%2C1200&ssl=1&resize=350%2C200","width":350,"height":200,"srcset":"https:\/\/i0.wp.com\/noticiasribeiraopreto.com.br\/wp-content\/uploads\/2025\/03\/campeonato-Karate-scaled.jpeg?fit=900%2C1200&ssl=1&resize=350%2C200 1x, https:\/\/i0.wp.com\/noticiasribeiraopreto.com.br\/wp-content\/uploads\/2025\/03\/campeonato-Karate-scaled.jpeg?fit=900%2C1200&ssl=1&resize=525%2C300 1.5x, https:\/\/i0.wp.com\/noticiasribeiraopreto.com.br\/wp-content\/uploads\/2025\/03\/campeonato-Karate-scaled.jpeg?fit=900%2C1200&ssl=1&resize=700%2C400 2x"},"classes":[]},{"id":41851,"url":"https:\/\/noticiasribeiraopreto.com.br\/index.php\/2024\/03\/11\/karatecas-de-rp-vao-disputar-seletiva-nacional\/","url_meta":{"origin":42986,"position":2},"title":"Karatecas de RP v\u00e3o disputar seletiva nacional","author":"noticiasribeiraopreto.com.br","date":"11 de March de 2024","format":false,"excerpt":"11 de mar\u00e7o de 2024 | 17:0011 de mar\u00e7o de 2024 | 14:31 0Cinco atletas da Secretaria de Esportes de Ribeir\u00e3o Preto viajam nos pr\u00f3ximos dias para Caucaia, no Cear\u00e1, onde v\u00e3o participar da Seletiva Nacional de Karate. O evento, realizado pela Confedera\u00e7\u00e3o Brasileira de Karate, \u00e9 a primeira seletiva\u2026","rel":"","context":"In &quot;Not\u00edcias de Ribeir\u00e3o Preto-SP e Regi\u00e3o&quot;","block_context":{"text":"Not\u00edcias de Ribeir\u00e3o Preto-SP e Regi\u00e3o","link":"https:\/\/noticiasribeiraopreto.com.br\/index.php\/category\/noticias-de-ribeirao-preto-sp-e-regiao-ismael-colosi\/"},"img":{"alt_text":"","src":"https:\/\/i0.wp.com\/noticiasribeiraopreto.com.br\/wp-content\/uploads\/2024\/03\/karate-scaled.jpeg?fit=865%2C645&ssl=1&resize=350%2C200","width":350,"height":200,"srcset":"https:\/\/i0.wp.com\/noticiasribeiraopreto.com.br\/wp-content\/uploads\/2024\/03\/karate-scaled.jpeg?fit=865%2C645&ssl=1&resize=350%2C200 1x, https:\/\/i0.wp.com\/noticiasribeiraopreto.com.br\/wp-content\/uploads\/2024\/03\/karate-scaled.jpeg?fit=865%2C645&ssl=1&resize=525%2C300 1.5x, https:\/\/i0.wp.com\/noticiasribeiraopreto.com.br\/wp-content\/uploads\/2024\/03\/karate-scaled.jpeg?fit=865%2C645&ssl=1&resize=700%2C400 2x"},"classes":[]},{"id":48958,"url":"https:\/\/noticiasribeiraopreto.com.br\/index.php\/2024\/05\/07\/atleta-da-regiao-de-ribeirao-preto-busca-por-vaga-nos-jogos-de-paris-2024\/","url_meta":{"origin":42986,"position":3},"title":"Atleta da regi\u00e3o de Ribeir\u00e3o Preto busca por vaga nos Jogos de Paris 2024","author":"noticiasribeiraopreto.com.br","date":"7 de May de 2024","format":false,"excerpt":"O atleta Walace Evangelista Caldas, de S\u00e3o Joaquim da Barra, na regi\u00e3o de Ribeir\u00e3o Preto representar\u00e1 o Brasil no \u201cCampeonato Ibero-Americano de Atletismo\u201d, que acontece em Cuiab\u00e1, no Mato Grosso de 10 a 12 de maio. A competi\u00e7\u00e3o pode levar o atleta a classifica\u00e7\u00e3o para os Jogos de Paris 2024,\u2026","rel":"","context":"In &quot;Not\u00edcias de Ribeir\u00e3o Preto-SP e Regi\u00e3o&quot;","block_context":{"text":"Not\u00edcias de Ribeir\u00e3o Preto-SP e Regi\u00e3o","link":"https:\/\/noticiasribeiraopreto.com.br\/index.php\/category\/noticias-de-ribeirao-preto-sp-e-regiao-ismael-colosi\/"},"img":{"alt_text":"","src":"https:\/\/i0.wp.com\/noticiasribeiraopreto.com.br\/wp-content\/uploads\/2024\/05\/Copia-de-Copia-de-TAMANHO-EXATO-PARA-FOTOS-NO-SISTEMA-NOVO-40_2024-05-07_20-32-53_jpg_2024-05-07_20-32-53.webp.webp?fit=1200%2C675&ssl=1&resize=350%2C200","width":350,"height":200,"srcset":"https:\/\/i0.wp.com\/noticiasribeiraopreto.com.br\/wp-content\/uploads\/2024\/05\/Copia-de-Copia-de-TAMANHO-EXATO-PARA-FOTOS-NO-SISTEMA-NOVO-40_2024-05-07_20-32-53_jpg_2024-05-07_20-32-53.webp.webp?fit=1200%2C675&ssl=1&resize=350%2C200 1x, https:\/\/i0.wp.com\/noticiasribeiraopreto.com.br\/wp-content\/uploads\/2024\/05\/Copia-de-Copia-de-TAMANHO-EXATO-PARA-FOTOS-NO-SISTEMA-NOVO-40_2024-05-07_20-32-53_jpg_2024-05-07_20-32-53.webp.webp?fit=1200%2C675&ssl=1&resize=525%2C300 1.5x, https:\/\/i0.wp.com\/noticiasribeiraopreto.com.br\/wp-content\/uploads\/2024\/05\/Copia-de-Copia-de-TAMANHO-EXATO-PARA-FOTOS-NO-SISTEMA-NOVO-40_2024-05-07_20-32-53_jpg_2024-05-07_20-32-53.webp.webp?fit=1200%2C675&ssl=1&resize=700%2C400 2x, https:\/\/i0.wp.com\/noticiasribeiraopreto.com.br\/wp-content\/uploads\/2024\/05\/Copia-de-Copia-de-TAMANHO-EXATO-PARA-FOTOS-NO-SISTEMA-NOVO-40_2024-05-07_20-32-53_jpg_2024-05-07_20-32-53.webp.webp?fit=1200%2C675&ssl=1&resize=1050%2C600 3x"},"classes":[]},{"id":84770,"url":"https:\/\/noticiasribeiraopreto.com.br\/index.php\/2026\/04\/15\/ribeirao-preto-conquista-medalhas-no-paulista-de-karate-e-garante-vagas-no-brasileiro\/","url_meta":{"origin":42986,"position":4},"title":"Ribeir\u00e3o Preto conquista medalhas no Paulista de Karat\u00ea e garante vagas no Brasileiro","author":"noticiasribeiraopreto.com.br","date":"15 de April de 2026","format":false,"excerpt":"00:00 A+ A- Ler o resumo da not\u00edcia Ribeir\u00e3o Preto encerrou participa\u00e7\u00e3o no Campeonato Paulista de Karat\u00ea com 5 medalhas (3 ouros e 2 bronzes) em S\u00e3o Bernardo do Campo. A delega\u00e7\u00e3o garantiu vagas para a fase zonal do Campeonato Brasileiro. Pietro Finotti Rosa, 9 anos, venceu sua categoria e\u2026","rel":"","context":"In &quot;Not\u00edcias de Ribeir\u00e3o Preto-SP e Regi\u00e3o&quot;","block_context":{"text":"Not\u00edcias de Ribeir\u00e3o Preto-SP e Regi\u00e3o","link":"https:\/\/noticiasribeiraopreto.com.br\/index.php\/category\/noticias-de-ribeirao-preto-sp-e-regiao-ismael-colosi\/"},"img":{"alt_text":"","src":"https:\/\/i0.wp.com\/noticiasribeiraopreto.com.br\/wp-content\/uploads\/2026\/04\/domingo-35_2026-04-15_18-51-51.webp.webp?fit=1200%2C675&ssl=1&resize=350%2C200","width":350,"height":200,"srcset":"https:\/\/i0.wp.com\/noticiasribeiraopreto.com.br\/wp-content\/uploads\/2026\/04\/domingo-35_2026-04-15_18-51-51.webp.webp?fit=1200%2C675&ssl=1&resize=350%2C200 1x, https:\/\/i0.wp.com\/noticiasribeiraopreto.com.br\/wp-content\/uploads\/2026\/04\/domingo-35_2026-04-15_18-51-51.webp.webp?fit=1200%2C675&ssl=1&resize=525%2C300 1.5x, https:\/\/i0.wp.com\/noticiasribeiraopreto.com.br\/wp-content\/uploads\/2026\/04\/domingo-35_2026-04-15_18-51-51.webp.webp?fit=1200%2C675&ssl=1&resize=700%2C400 2x, https:\/\/i0.wp.com\/noticiasribeiraopreto.com.br\/wp-content\/uploads\/2026\/04\/domingo-35_2026-04-15_18-51-51.webp.webp?fit=1200%2C675&ssl=1&resize=1050%2C600 3x"},"classes":[]},{"id":69328,"url":"https:\/\/noticiasribeiraopreto.com.br\/index.php\/2025\/05\/05\/jornal-da-franca-sem-atletas-de-franca-selecao-brasileira-de-basquete-inicia-preparacao-nos-eua\/","url_meta":{"origin":42986,"position":5},"title":"Jornal da Franca &#8211; Sem atletas de Franca, Sele\u00e7\u00e3o Brasileira de Basquete inicia prepara\u00e7\u00e3o nos EUA","author":"noticiasribeiraopreto.com.br","date":"5 de May de 2025","format":false,"excerpt":"compartilhar no whatsapp compartilhar no telegram compartilhar no facebook compartilhar no linkedin Equipe disputar\u00e1 amistosos contra franquias da WNBA como parte do \u201cTour Brasil na W\u201d A Sele\u00e7\u00e3o Brasileira feminina de basquete iniciou sua prepara\u00e7\u00e3o nos Estados Unidos para a disputa do \u201cTour Brasil na W\u201d. Ao contr\u00e1rio da equipe\u2026","rel":"","context":"In &quot;Not\u00edcias de Franca-SP&quot;","block_context":{"text":"Not\u00edcias de Franca-SP","link":"https:\/\/noticiasribeiraopreto.com.br\/index.php\/category\/noticias-de-ribeirao-preto-sp-e-regiao-ismael-colosi\/noticias-franca-sp\/"},"img":{"alt_text":"","src":"https:\/\/i0.wp.com\/noticiasribeiraopreto.com.br\/wp-content\/uploads\/2025\/05\/pedrocao-dez-22-scaled.jpg?fit=1200%2C795&ssl=1&resize=350%2C200","width":350,"height":200,"srcset":"https:\/\/i0.wp.com\/noticiasribeiraopreto.com.br\/wp-content\/uploads\/2025\/05\/pedrocao-dez-22-scaled.jpg?fit=1200%2C795&ssl=1&resize=350%2C200 1x, https:\/\/i0.wp.com\/noticiasribeiraopreto.com.br\/wp-content\/uploads\/2025\/05\/pedrocao-dez-22-scaled.jpg?fit=1200%2C795&ssl=1&resize=525%2C300 1.5x, https:\/\/i0.wp.com\/noticiasribeiraopreto.com.br\/wp-content\/uploads\/2025\/05\/pedrocao-dez-22-scaled.jpg?fit=1200%2C795&ssl=1&resize=700%2C400 2x, https:\/\/i0.wp.com\/noticiasribeiraopreto.com.br\/wp-content\/uploads\/2025\/05\/pedrocao-dez-22-scaled.jpg?fit=1200%2C795&ssl=1&resize=1050%2C600 3x"},"classes":[]}],"jetpack_sharing_enabled":true,"jetpack_shortlink":"https:\/\/wp.me\/peQAOb-bbk","_links":{"self":[{"href":"https:\/\/noticiasribeiraopreto.com.br\/index.php\/wp-json\/wp\/v2\/posts\/42986","targetHints":{"allow":["GET"]}}],"collection":[{"href":"https:\/\/noticiasribeiraopreto.com.br\/index.php\/wp-json\/wp\/v2\/posts"}],"about":[{"href":"https:\/\/noticiasribeiraopreto.com.br\/index.php\/wp-json\/wp\/v2\/types\/post"}],"author":[{"embeddable":true,"href":"https:\/\/noticiasribeiraopreto.com.br\/index.php\/wp-json\/wp\/v2\/users\/1"}],"replies":[{"embeddable":true,"href":"https:\/\/noticiasribeiraopreto.com.br\/index.php\/wp-json\/wp\/v2\/comments?post=42986"}],"version-history":[{"count":0,"href":"https:\/\/noticiasribeiraopreto.com.br\/index.php\/wp-json\/wp\/v2\/posts\/42986\/revisions"}],"wp:featuredmedia":[{"embeddable":true,"href":"https:\/\/noticiasribeiraopreto.com.br\/index.php\/wp-json\/wp\/v2\/media\/42987"}],"wp:attachment":[{"href":"https:\/\/noticiasribeiraopreto.com.br\/index.php\/wp-json\/wp\/v2\/media?parent=42986"}],"wp:term":[{"taxonomy":"category","embeddable":true,"href":"https:\/\/noticiasribeiraopreto.com.br\/index.php\/wp-json\/wp\/v2\/categories?post=42986"},{"taxonomy":"post_tag","embeddable":true,"href":"https:\/\/noticiasribeiraopreto.com.br\/index.php\/wp-json\/wp\/v2\/tags?post=42986"}],"curies":[{"name":"wp","href":"https:\/\/api.w.org\/{rel}","templated":true}]}}