{"id":42990,"date":"2024-03-18T15:31:51","date_gmt":"2024-03-18T18:31:51","guid":{"rendered":"https:\/\/noticiasribeiraopreto.com.br\/index.php\/2024\/03\/18\/burguer-king-oferece-vagas-para-jovem-aprendiz-no-interior-de-sp-confira\/"},"modified":"2024-03-18T15:31:51","modified_gmt":"2024-03-18T18:31:51","slug":"burguer-king-oferece-vagas-para-jovem-aprendiz-no-interior-de-sp-confira","status":"publish","type":"post","link":"https:\/\/noticiasribeiraopreto.com.br\/index.php\/2024\/03\/18\/burguer-king-oferece-vagas-para-jovem-aprendiz-no-interior-de-sp-confira\/","title":{"rendered":"Burguer King oferece vagas para jovem aprendiz no interior de SP; Confira"},"content":{"rendered":"<div class='code-block code-block-1' style='margin: 8px 0 8px auto; text-align: right; display: block; clear: both;'>\n<p><a href=\"https:\/\/wa.link\/vpicfd\"><img data-recalc-dims=\"1\" class=\"wp-image-4922\" style=\"aspect-ratio: 2.0253164556962027; width: 561px; height: auto;\" src=\"https:\/\/i0.wp.com\/ismaelcolosi.com.br\/wp-content\/uploads\/2023\/11\/grupo-de-empregos-whatsapp-e-facebook-ismael-colosi-vagas.jpg?ssl=1\" alt=\"\" \/><\/a><\/p>\n<!-- \/wp:image -->\n<\/div>\n<p> <br \/>\n<\/p>\n<div data-td-block-uid=\"tdi_101\">\n<div class=\"tdb-block-inner td-fix-index\">\n<p>O <strong>restaurante<\/strong> especializado em <strong>fast-food<\/strong>, <strong>Burguer King<\/strong>, est\u00e1 com <strong>vagas abertas<\/strong> para<strong> jovem aprendiz<\/strong> de <strong>18 a 22 anos de idade<\/strong> em <strong>diversas lojas<\/strong> espalhadas pelo pa\u00eds. No <strong>interior<\/strong> de S\u00e3o Paulo, as <strong>oportunidades<\/strong> s\u00e3o para <strong>Ribeir\u00e3o Preto<\/strong>, <strong>Rio Claro<\/strong>, <strong>Limeira<\/strong>, Guaruj\u00e1, S\u00e3o Jos\u00e9 dos Campos, Mogi-Gua\u00e7u e Mogi-Mirim.<\/p>\n<p>A <strong>faixa salarial \u00e9 de R$ 995<\/strong> com <strong>vale-transporte<\/strong>, seguro sa\u00fade e assist\u00eancia odontol\u00f3gica. O <strong>hor\u00e1rio<\/strong> de <strong>trabalho<\/strong> \u00e9 das 15h \u00e0s 21h, de segunda a sexta-feira e o <strong>hor\u00e1rio<\/strong> de <strong>curso te\u00f3rico<\/strong>, das 8h \u00e0s 14h.<\/p>\n<h4 class=\"wp-block-heading\"><strong>Saiba como participar da sele\u00e7\u00e3o <\/strong><\/h4>\n<p>Para <strong>participar<\/strong> da <strong>sele\u00e7\u00e3o<\/strong> \u00e9 <strong>necess\u00e1rio<\/strong> ter ensino m\u00e9dio completo ou estar cursando, ter disponibilidade para trabalhar presencialmente, ser maior de 18 anos e, no caso de ser do sexo masculino, apresentar o certificado de dispensa do servi\u00e7o militar.<\/p>\n<p>As <strong>vagas<\/strong> para os <strong>setores<\/strong> de <strong>produ\u00e7\u00e3o<\/strong> e <strong>atendimento<\/strong> da empresa <strong>s\u00e3o<\/strong> para o <strong>in\u00edcio<\/strong> em <strong>abril<\/strong>.<\/p>\n<p>Os interessados devem se cadastrar pelo<a href=\"https:\/\/vagas.taqe.com.br\/espro\/jovem-aprendiz-zamp-s-a-burger-king\" target=\"_blank\" rel=\"noreferrer noopener nofollow\"> link.<\/a><\/p>\n<p>SAIBA MAIS <\/p>\n<p>Fam\u00edlia procura por p\u00e1ssaro desaparecido na Vila Virg\u00ednia em Ribeir\u00e3o Preto<\/p>\n<h4 class=\"wp-block-heading\"><strong>FIQUE ON<\/strong><\/h4>\n<p>Fique ligado em tudo que acontece em Ribeir\u00e3o Preto e regi\u00e3o. Siga os perfis do\u00a0<strong>acidade on\u00a0<\/strong>no\u00a0<a href=\"https:\/\/www.instagram.com\/acidadeonribeirao\" target=\"_blank\" rel=\"noreferrer noopener\">Instagram<\/a>\u00a0e no\u00a0<a href=\"https:\/\/www.facebook.com\/acidadeonribeirao\" target=\"_blank\" rel=\"noreferrer noopener\">Facebook<\/a>.<\/p>\n<p>Receba not\u00edcias do acidade on no WhatsApp. Para entrar no grupo, basta\u00a0<a href=\"https:\/\/chat.whatsapp.com\/GFH9HUMUTHNFJdnyEd0xxq\" target=\"_blank\" rel=\"noreferrer noopener\">clicar aqui<\/a>.<\/p>\n<p>Fa\u00e7a uma den\u00fancia ou sugira uma reportagem sobre Ribeir\u00e3o Preto e regi\u00e3o pelo WhatsApp: 16 99117 7802.<\/p>\n<p>VEJA TAMB\u00c9M<\/p>\n<p>Como ficou a rinoplastia de Rafa Justus?<\/p>\n<p><!-- AI CONTENT END 1 -->\n<\/div>\n<\/div>\n<p><script async src=\"\/\/www.instagram.com\/embed.js\"><\/script><br \/>\n<br \/><br \/>\n<br \/><a href=\"https:\/\/www.acidadeon.com\/ribeiraopreto\/economia\/burguer-king-oferece-vagas-para-jovem-aprendiz-no-interior-de-sp-confira\/\">Source link <\/a><\/p>\n<!-- CONTENT END 1 -->\n","protected":false},"excerpt":{"rendered":"<p>O restaurante especializado em fast-food, Burguer King, est\u00e1 com vagas abertas para jovem aprendiz de 18 a 22 anos de idade em diversas lojas espalhadas&#8230;<\/p>\n","protected":false},"author":1,"featured_media":42991,"comment_status":"open","ping_status":"open","sticky":false,"template":"","format":"standard","meta":{"advanced_seo_description":"","jetpack_seo_html_title":"","jetpack_seo_noindex":false,"jetpack_post_was_ever_published":false,"_jetpack_newsletter_access":"","_jetpack_dont_email_post_to_subs":false,"_jetpack_newsletter_tier_id":0,"_jetpack_memberships_contains_paywalled_content":false,"_jetpack_memberships_contains_paid_content":false,"footnotes":"","jetpack_publicize_message":"","jetpack_publicize_feature_enabled":true,"jetpack_social_post_already_shared":true,"jetpack_social_options":{"image_generator_settings":{"template":"highway","default_image_id":0,"font":"","enabled":false},"version":2}},"categories":[11],"tags":[],"class_list":["post-42990","post","type-post","status-publish","format-standard","has-post-thumbnail","hentry","category-noticias-de-ribeirao-preto-sp-e-regiao-ismael-colosi"],"jetpack_publicize_connections":[],"jetpack_featured_media_url":"https:\/\/i0.wp.com\/noticiasribeiraopreto.com.br\/wp-content\/uploads\/2024\/03\/Copia-de-Copia-de-TAMANHO-EXATO-PARA-FOTOS-NO-SISTEMA-NOVO-62.jpg?fit=1200%2C675&ssl=1","jetpack-related-posts":[{"id":79427,"url":"https:\/\/noticiasribeiraopreto.com.br\/index.php\/2025\/10\/31\/burguer-king-oferece-lanche-gratis-no-halloween-em-troca-de-boleto-veja-como-participar-em-ribeirao\/","url_meta":{"origin":42990,"position":0},"title":"Burguer King oferece lanche gr\u00e1tis no Halloween em troca de boleto; Veja como participar em Ribeir\u00e3o","author":"noticiasribeiraopreto.com.br","date":"31 de October de 2025","format":false,"excerpt":"O Burguer King est\u00e1 distribuindo lanches de gra\u00e7a nesta sexta-feira (31), Halloween, para aqueles que apresentarem um boleto em pedidos realizados no drive-thru da rede de fast food. A a\u00e7\u00e3o, realizada em parceria com a Serasa, faz parte de uma nova campanha de marketing das empresas e \u00e9 v\u00e1lida para\u2026","rel":"","context":"In &quot;Not\u00edcias de Ribeir\u00e3o Preto-SP e Regi\u00e3o&quot;","block_context":{"text":"Not\u00edcias de Ribeir\u00e3o Preto-SP e Regi\u00e3o","link":"https:\/\/noticiasribeiraopreto.com.br\/index.php\/category\/noticias-de-ribeirao-preto-sp-e-regiao-ismael-colosi\/"},"img":{"alt_text":"","src":"https:\/\/i0.wp.com\/noticiasribeiraopreto.com.br\/wp-content\/uploads\/2025\/10\/terror-13_2025-10-31_14-32-07.webp.webp?fit=1200%2C675&ssl=1&resize=350%2C200","width":350,"height":200,"srcset":"https:\/\/i0.wp.com\/noticiasribeiraopreto.com.br\/wp-content\/uploads\/2025\/10\/terror-13_2025-10-31_14-32-07.webp.webp?fit=1200%2C675&ssl=1&resize=350%2C200 1x, https:\/\/i0.wp.com\/noticiasribeiraopreto.com.br\/wp-content\/uploads\/2025\/10\/terror-13_2025-10-31_14-32-07.webp.webp?fit=1200%2C675&ssl=1&resize=525%2C300 1.5x, https:\/\/i0.wp.com\/noticiasribeiraopreto.com.br\/wp-content\/uploads\/2025\/10\/terror-13_2025-10-31_14-32-07.webp.webp?fit=1200%2C675&ssl=1&resize=700%2C400 2x, https:\/\/i0.wp.com\/noticiasribeiraopreto.com.br\/wp-content\/uploads\/2025\/10\/terror-13_2025-10-31_14-32-07.webp.webp?fit=1200%2C675&ssl=1&resize=1050%2C600 3x"},"classes":[]},{"id":83478,"url":"https:\/\/noticiasribeiraopreto.com.br\/index.php\/2026\/03\/19\/veja-como-participar-da-selecao-para-jovem-aprendiz-dos-correios-ribeirao-preto-tem-cadastro-reserva\/","url_meta":{"origin":42990,"position":1},"title":"Veja como participar da sele\u00e7\u00e3o para Jovem Aprendiz dos\u00a0Correios; Ribeir\u00e3o Preto tem cadastro reserva","author":"noticiasribeiraopreto.com.br","date":"19 de March de 2026","format":false,"excerpt":"As inscri\u00e7\u00f5es para o Programa Jovem Aprendiz dos\u00a0Correios\u00a0come\u00e7am na pr\u00f3xima segunda-feira (23). H\u00e1 cadastro reserva em Ribeir\u00e3o Preto. Segundo os Correios, ao todo s\u00e3o 548 vagas dispon\u00edveis para estudantes com idades entre 14 anos e 21 anos, que estejam cursando, no m\u00ednimo, o 9\u00ba ano do Ensino Fundamental. Os jovens\u2026","rel":"","context":"In &quot;Not\u00edcias de Ribeir\u00e3o Preto-SP e Regi\u00e3o&quot;","block_context":{"text":"Not\u00edcias de Ribeir\u00e3o Preto-SP e Regi\u00e3o","link":"https:\/\/noticiasribeiraopreto.com.br\/index.php\/category\/noticias-de-ribeirao-preto-sp-e-regiao-ismael-colosi\/"},"img":{"alt_text":"","src":"","width":0,"height":0},"classes":[]},{"id":83492,"url":"https:\/\/noticiasribeiraopreto.com.br\/index.php\/2026\/03\/19\/veja-como-participar-da-selecao-para-jovem-aprendiz-dos-correios-ribeirao-preto-tem-cadastro-reserva-2\/","url_meta":{"origin":42990,"position":2},"title":"Veja como participar da sele\u00e7\u00e3o para Jovem Aprendiz dos\u00a0Correios; Ribeir\u00e3o Preto tem cadastro reserva","author":"noticiasribeiraopreto.com.br","date":"19 de March de 2026","format":false,"excerpt":"As inscri\u00e7\u00f5es para o Programa Jovem Aprendiz dos\u00a0Correios\u00a0come\u00e7am na pr\u00f3xima segunda-feira (23). H\u00e1 cadastro reserva em Ribeir\u00e3o Preto. Segundo os Correios, ao todo s\u00e3o 548 vagas dispon\u00edveis para estudantes com idades entre 14 anos e 21 anos, que estejam cursando, no m\u00ednimo, o 9\u00ba ano do Ensino Fundamental. Os jovens\u2026","rel":"","context":"In &quot;Not\u00edcias de Ribeir\u00e3o Preto-SP e Regi\u00e3o&quot;","block_context":{"text":"Not\u00edcias de Ribeir\u00e3o Preto-SP e Regi\u00e3o","link":"https:\/\/noticiasribeiraopreto.com.br\/index.php\/category\/noticias-de-ribeirao-preto-sp-e-regiao-ismael-colosi\/"},"img":{"alt_text":"","src":"https:\/\/i0.wp.com\/noticiasribeiraopreto.com.br\/wp-content\/uploads\/2026\/03\/correios_2026-03-19_13-03-48.webp.webp?fit=1200%2C879&ssl=1&resize=350%2C200","width":350,"height":200,"srcset":"https:\/\/i0.wp.com\/noticiasribeiraopreto.com.br\/wp-content\/uploads\/2026\/03\/correios_2026-03-19_13-03-48.webp.webp?fit=1200%2C879&ssl=1&resize=350%2C200 1x, https:\/\/i0.wp.com\/noticiasribeiraopreto.com.br\/wp-content\/uploads\/2026\/03\/correios_2026-03-19_13-03-48.webp.webp?fit=1200%2C879&ssl=1&resize=525%2C300 1.5x, https:\/\/i0.wp.com\/noticiasribeiraopreto.com.br\/wp-content\/uploads\/2026\/03\/correios_2026-03-19_13-03-48.webp.webp?fit=1200%2C879&ssl=1&resize=700%2C400 2x, https:\/\/i0.wp.com\/noticiasribeiraopreto.com.br\/wp-content\/uploads\/2026\/03\/correios_2026-03-19_13-03-48.webp.webp?fit=1200%2C879&ssl=1&resize=1050%2C600 3x"},"classes":[]},{"id":63602,"url":"https:\/\/noticiasribeiraopreto.com.br\/index.php\/2025\/02\/17\/maratona-de-vagas-tera-568-oportunidades-de-estagio-e-jovem-aprendiz-em-ribeirao-preto\/","url_meta":{"origin":42990,"position":3},"title":"&#8216;Maratona de vagas&#8217; ter\u00e1 568 oportunidades de est\u00e1gio e jovem aprendiz em Ribeir\u00e3o Preto","author":"noticiasribeiraopreto.com.br","date":"17 de February de 2025","format":false,"excerpt":"Jovens e estudantes que buscam uma oportunidade de est\u00e1gio ou jovem aprendiz poder\u00e3o participar do projeto \u2018Maratona de Vaga\u2019 do CIEE (Centro de Integra\u00e7\u00e3o Empresa-Escola) nesta quinta-feira (20), das 9h \u00e0s 15h, em Ribeir\u00e3o Preto. A a\u00e7\u00e3o acontece em celebra\u00e7\u00e3o aos 61 anos de exist\u00eancia da institui\u00e7\u00e3o e pretende reunir\u2026","rel":"","context":"In &quot;Not\u00edcias de Ribeir\u00e3o Preto-SP e Regi\u00e3o&quot;","block_context":{"text":"Not\u00edcias de Ribeir\u00e3o Preto-SP e Regi\u00e3o","link":"https:\/\/noticiasribeiraopreto.com.br\/index.php\/category\/noticias-de-ribeirao-preto-sp-e-regiao-ismael-colosi\/"},"img":{"alt_text":"","src":"https:\/\/i0.wp.com\/noticiasribeiraopreto.com.br\/wp-content\/uploads\/2025\/02\/jovem-estudando-na-biblioteca-da-universidade-scaled.jpg?fit=1200%2C800&ssl=1&resize=350%2C200","width":350,"height":200,"srcset":"https:\/\/i0.wp.com\/noticiasribeiraopreto.com.br\/wp-content\/uploads\/2025\/02\/jovem-estudando-na-biblioteca-da-universidade-scaled.jpg?fit=1200%2C800&ssl=1&resize=350%2C200 1x, https:\/\/i0.wp.com\/noticiasribeiraopreto.com.br\/wp-content\/uploads\/2025\/02\/jovem-estudando-na-biblioteca-da-universidade-scaled.jpg?fit=1200%2C800&ssl=1&resize=525%2C300 1.5x, https:\/\/i0.wp.com\/noticiasribeiraopreto.com.br\/wp-content\/uploads\/2025\/02\/jovem-estudando-na-biblioteca-da-universidade-scaled.jpg?fit=1200%2C800&ssl=1&resize=700%2C400 2x, https:\/\/i0.wp.com\/noticiasribeiraopreto.com.br\/wp-content\/uploads\/2025\/02\/jovem-estudando-na-biblioteca-da-universidade-scaled.jpg?fit=1200%2C800&ssl=1&resize=1050%2C600 3x"},"classes":[]},{"id":71717,"url":"https:\/\/noticiasribeiraopreto.com.br\/index.php\/2025\/06\/09\/ribeirao-recebe-feira-de-empregabilidade-com-mais-de-mil-vagas-saiba-como-participar\/","url_meta":{"origin":42990,"position":4},"title":"Ribeir\u00e3o recebe &#8216;Feira de Empregabilidade&#8217; com mais de mil vagas; Saiba como participar","author":"noticiasribeiraopreto.com.br","date":"9 de June de 2025","format":false,"excerpt":"Ribeir\u00e3o Preto recebe nesta ter\u00e7a-feira (10), uma \u201cFeira de Empregabilidade\u201d com mais de mil oportunidades de trabalho. O evento acontece das 9h \u00e0s 12h, na Faculdade Anhanguera, localizada na avenida Eduardo Andrea Matarazzo, 891, no Ipiranga, zona Norte do munic\u00edpio. A feira gratuita e aberta ao p\u00fablico, \u00e9 promovida em\u2026","rel":"","context":"In &quot;Not\u00edcias de Ribeir\u00e3o Preto-SP e Regi\u00e3o&quot;","block_context":{"text":"Not\u00edcias de Ribeir\u00e3o Preto-SP e Regi\u00e3o","link":"https:\/\/noticiasribeiraopreto.com.br\/index.php\/category\/noticias-de-ribeirao-preto-sp-e-regiao-ismael-colosi\/"},"img":{"alt_text":"","src":"https:\/\/i0.wp.com\/noticiasribeiraopreto.com.br\/wp-content\/uploads\/2025\/06\/1vagas_pat_-_foto_guilherme_sircili_4.jpg?fit=1200%2C799&ssl=1&resize=350%2C200","width":350,"height":200,"srcset":"https:\/\/i0.wp.com\/noticiasribeiraopreto.com.br\/wp-content\/uploads\/2025\/06\/1vagas_pat_-_foto_guilherme_sircili_4.jpg?fit=1200%2C799&ssl=1&resize=350%2C200 1x, https:\/\/i0.wp.com\/noticiasribeiraopreto.com.br\/wp-content\/uploads\/2025\/06\/1vagas_pat_-_foto_guilherme_sircili_4.jpg?fit=1200%2C799&ssl=1&resize=525%2C300 1.5x, https:\/\/i0.wp.com\/noticiasribeiraopreto.com.br\/wp-content\/uploads\/2025\/06\/1vagas_pat_-_foto_guilherme_sircili_4.jpg?fit=1200%2C799&ssl=1&resize=700%2C400 2x, https:\/\/i0.wp.com\/noticiasribeiraopreto.com.br\/wp-content\/uploads\/2025\/06\/1vagas_pat_-_foto_guilherme_sircili_4.jpg?fit=1200%2C799&ssl=1&resize=1050%2C600 3x"},"classes":[]},{"id":21651,"url":"https:\/\/noticiasribeiraopreto.com.br\/index.php\/2023\/12\/28\/ultimas-semanas-para-participar-do-processo-seletivo-natura-sao-quase-100-vagas\/","url_meta":{"origin":42990,"position":5},"title":"\u00daltimas semanas para participar do processo seletivo Natura; s\u00e3o quase 100 vagas","author":"noticiasribeiraopreto.com.br","date":"28 de December de 2023","format":false,"excerpt":"\u00daltimas semanas para participar do processo seletivo da Natura, que oferece um total de 93 vagas para atua\u00e7\u00e3o nas regi\u00f5es de S\u00e3o Paulo. Interessados em se candidatar a essa oportunidade podem efetuar suas inscri\u00e7\u00f5es at\u00e9 o dia 7 de janeiro. O Programa Aprendiz Florescer 2024 da Natura &Co, destinado a\u2026","rel":"","context":"In &quot;Vagas de Emprego em Ribeir\u00e3o Preto-SP&quot;","block_context":{"text":"Vagas de Emprego em Ribeir\u00e3o Preto-SP","link":"https:\/\/noticiasribeiraopreto.com.br\/index.php\/category\/empregos-classificados-vagas-trabalho\/vagas-de-empregos-em-ribeirao-preto-regiao-brasil\/"},"img":{"alt_text":"","src":"https:\/\/i0.wp.com\/noticiasribeiraopreto.com.br\/wp-content\/uploads\/2023\/12\/natura-novo-canva.jpg?fit=1200%2C675&ssl=1&resize=350%2C200","width":350,"height":200,"srcset":"https:\/\/i0.wp.com\/noticiasribeiraopreto.com.br\/wp-content\/uploads\/2023\/12\/natura-novo-canva.jpg?fit=1200%2C675&ssl=1&resize=350%2C200 1x, https:\/\/i0.wp.com\/noticiasribeiraopreto.com.br\/wp-content\/uploads\/2023\/12\/natura-novo-canva.jpg?fit=1200%2C675&ssl=1&resize=525%2C300 1.5x, https:\/\/i0.wp.com\/noticiasribeiraopreto.com.br\/wp-content\/uploads\/2023\/12\/natura-novo-canva.jpg?fit=1200%2C675&ssl=1&resize=700%2C400 2x, https:\/\/i0.wp.com\/noticiasribeiraopreto.com.br\/wp-content\/uploads\/2023\/12\/natura-novo-canva.jpg?fit=1200%2C675&ssl=1&resize=1050%2C600 3x"},"classes":[]}],"jetpack_sharing_enabled":true,"jetpack_shortlink":"https:\/\/wp.me\/peQAOb-bbo","_links":{"self":[{"href":"https:\/\/noticiasribeiraopreto.com.br\/index.php\/wp-json\/wp\/v2\/posts\/42990","targetHints":{"allow":["GET"]}}],"collection":[{"href":"https:\/\/noticiasribeiraopreto.com.br\/index.php\/wp-json\/wp\/v2\/posts"}],"about":[{"href":"https:\/\/noticiasribeiraopreto.com.br\/index.php\/wp-json\/wp\/v2\/types\/post"}],"author":[{"embeddable":true,"href":"https:\/\/noticiasribeiraopreto.com.br\/index.php\/wp-json\/wp\/v2\/users\/1"}],"replies":[{"embeddable":true,"href":"https:\/\/noticiasribeiraopreto.com.br\/index.php\/wp-json\/wp\/v2\/comments?post=42990"}],"version-history":[{"count":0,"href":"https:\/\/noticiasribeiraopreto.com.br\/index.php\/wp-json\/wp\/v2\/posts\/42990\/revisions"}],"wp:featuredmedia":[{"embeddable":true,"href":"https:\/\/noticiasribeiraopreto.com.br\/index.php\/wp-json\/wp\/v2\/media\/42991"}],"wp:attachment":[{"href":"https:\/\/noticiasribeiraopreto.com.br\/index.php\/wp-json\/wp\/v2\/media?parent=42990"}],"wp:term":[{"taxonomy":"category","embeddable":true,"href":"https:\/\/noticiasribeiraopreto.com.br\/index.php\/wp-json\/wp\/v2\/categories?post=42990"},{"taxonomy":"post_tag","embeddable":true,"href":"https:\/\/noticiasribeiraopreto.com.br\/index.php\/wp-json\/wp\/v2\/tags?post=42990"}],"curies":[{"name":"wp","href":"https:\/\/api.w.org\/{rel}","templated":true}]}}