{"id":43010,"date":"2024-03-18T17:30:06","date_gmt":"2024-03-18T20:30:06","guid":{"rendered":"https:\/\/noticiasribeiraopreto.com.br\/index.php\/2024\/03\/18\/alunos-da-rede-municipal-participam-do-projeto-escola-vai-ao-cinema\/"},"modified":"2024-03-18T17:30:06","modified_gmt":"2024-03-18T20:30:06","slug":"alunos-da-rede-municipal-participam-do-projeto-escola-vai-ao-cinema","status":"publish","type":"post","link":"https:\/\/noticiasribeiraopreto.com.br\/index.php\/2024\/03\/18\/alunos-da-rede-municipal-participam-do-projeto-escola-vai-ao-cinema\/","title":{"rendered":"Alunos da rede municipal participam do Projeto &#8220;Escola Vai ao Cinema&#8221;"},"content":{"rendered":"<div class='code-block code-block-1' style='margin: 8px 0 8px auto; text-align: right; display: block; clear: both;'>\n<p><a href=\"https:\/\/wa.link\/vpicfd\"><img data-recalc-dims=\"1\" class=\"wp-image-4922\" style=\"aspect-ratio: 2.0253164556962027; width: 561px; height: auto;\" src=\"https:\/\/i0.wp.com\/ismaelcolosi.com.br\/wp-content\/uploads\/2023\/11\/grupo-de-empregos-whatsapp-e-facebook-ismael-colosi-vagas.jpg?ssl=1\" alt=\"\" \/><\/a><\/p>\n<!-- \/wp:image -->\n<\/div>\n<p> <br \/>\n<\/p>\n<div id=\"post-377759\">\n<header class=\"entry-header penci-entry-header penci-title-center\">\n<p> <span class=\"entry-meta-item penci-posted-on\"><i class=\"fa fa-clock-o\"\/><time class=\"entry-date published\" datetime=\"2024-03-18T17:00:35-03:00\">18 de mar\u00e7o de 2024 | 17:00<\/time><time class=\"updated\" datetime=\"2024-03-18T15:27:04-03:00\">18 de mar\u00e7o de 2024 | 15:27<\/time><\/span><\/p>\n<p> <span class=\"penci-social-buttons penci-social-share-footer\"><a href=\"#\" class=\"penci-post-like penci_post-meta_item  single-like-button penci-social-item like\" data-post_id=\"377759\" title=\"Like\" data-like=\"Like\" data-unlike=\"Unlike\"><i class=\"fa fa-thumbs-o-up\"\/><span class=\"penci-share-number\">0<\/span><\/a><i class=\"fa fa-facebook\"\/><a class=\"penci-social-item twitter\" target=\"_blank\" rel=\"noopener\" title=\"\" href=\"https:\/\/twitter.com\/intent\/tweet?text=Alunos%20da%20rede%20municipal%20participam%20do%20Projeto%20-Escola%20Vai%20ao%20Cinema-%20-%20https:\/\/www.tribunaribeirao.com.br\/site\/alunos-da-rede-municipal-participam-do-projeto-escola-vai-ao-cinema\/\"><i class=\"fa fa-twitter\"\/><\/a><i class=\"fa fa-whatsapp\"\/><\/span><\/header>\n<div class=\"penci-entry-content entry-content\">\n<p>A Secretaria da Educa\u00e7\u00e3o, em parceria com o CineClube Cauim, retomou o projeto anual \u201cEscola Vai ao Cinema\u201d, oferecendo aos estudantes da rede municipal uma oportunidade \u00fanica de desfrutar de produ\u00e7\u00f5es cinematogr\u00e1ficas gratuitamente.<\/p>\n<p>O projeto visa enriquecer a experi\u00eancia educacional dos alunos, proporcionando-lhes acesso a filmes cuidadosamente selecionados, alinhados com os conte\u00fados curriculares e a faixa et\u00e1ria dos estudantes.<\/p>\n<p>Em parceria com o CineClube Cauim, as sess\u00f5es s\u00e3o realizadas de forma a complementar os temas abordados em sala de aula, ampliando assim o aprendizado para al\u00e9m dos limites tradicionais. A cada sess\u00e3o, os alunos recebem pipoca e um suco para tornar a experi\u00eancia ainda mais memor\u00e1vel.<\/p>\n<p>As Escolas Municipais de Educa\u00e7\u00e3o Fundamental (EMEFs) Professora Eneida Pereira dos Santos de Aguiar, Faustino Jarruche, Prof\u00ba Jos\u00e9 Delibo, Eluisa Duboc, Prof\u00ba Luiz Jos\u00e9 Rodini, Ant\u00f4nio Palocci e V\u00edgilio Salata est\u00e3o participando do projeto, nestes primeiros meses.<\/p>\n<\/div>\n<footer class=\"penci-entry-footer\"\/><\/div>\n<p><script async src=\"\/\/platform.twitter.com\/widgets.js\" charset=\"utf-8\"><\/script><br \/>\n<br \/><br \/>\n<br \/><a href=\"https:\/\/www.tribunaribeirao.com.br\/site\/alunos-da-rede-municipal-participam-do-projeto-escola-vai-ao-cinema\/\">Source link <\/a><\/p>\n<!-- CONTENT END 1 -->\n","protected":false},"excerpt":{"rendered":"<p>18 de mar\u00e7o de 2024 | 17:0018 de mar\u00e7o de 2024 | 15:27 0 A Secretaria da Educa\u00e7\u00e3o, em parceria com o CineClube Cauim, retomou&#8230;<\/p>\n","protected":false},"author":1,"featured_media":43011,"comment_status":"open","ping_status":"open","sticky":false,"template":"","format":"standard","meta":{"advanced_seo_description":"","jetpack_seo_html_title":"","jetpack_seo_noindex":false,"jetpack_post_was_ever_published":false,"_jetpack_newsletter_access":"","_jetpack_dont_email_post_to_subs":false,"_jetpack_newsletter_tier_id":0,"_jetpack_memberships_contains_paywalled_content":false,"_jetpack_memberships_contains_paid_content":false,"footnotes":"","jetpack_publicize_message":"","jetpack_publicize_feature_enabled":true,"jetpack_social_post_already_shared":true,"jetpack_social_options":{"image_generator_settings":{"template":"highway","default_image_id":0,"font":"","enabled":false},"version":2}},"categories":[11],"tags":[1594,1290,1898,592,5110,685,591,529],"class_list":["post-43010","post","type-post","status-publish","format-standard","has-post-thumbnail","hentry","category-noticias-de-ribeirao-preto-sp-e-regiao-ismael-colosi","tag-alunos","tag-cinema","tag-escola","tag-municipal","tag-participam","tag-projeto","tag-rede","tag-vai"],"jetpack_publicize_connections":[],"jetpack_featured_media_url":"https:\/\/i0.wp.com\/noticiasribeiraopreto.com.br\/wp-content\/uploads\/2024\/03\/cinema-scaled.jpeg?fit=958%2C645&ssl=1","jetpack-related-posts":[{"id":50388,"url":"https:\/\/noticiasribeiraopreto.com.br\/index.php\/2024\/05\/16\/campeonato-entre-escolas-deve-reunir-600-alunos-da-rede-municipal-de-ribeirao-preto\/","url_meta":{"origin":43010,"position":0},"title":"Campeonato entre escolas deve reunir 600 alunos da rede municipal de Ribeir\u00e3o Preto","author":"noticiasribeiraopreto.com.br","date":"16 de May de 2024","format":false,"excerpt":"Alunos de Ribeir\u00e3o Preto participam do Cirem 2024 (Campeonato Interescolar da Rede Municipal de Ensino) a partir da pr\u00f3xima segunda-feira (20). O tradicional evento, realizado h\u00e1 38 anos pela Secretaria Municipal da Educa\u00e7\u00e3o, deve reunir aproximadamente 600 alunos do ensino fundamental, com idades entre 6 e 15 anos, nas modalidades\u2026","rel":"","context":"In &quot;Not\u00edcias de Ribeir\u00e3o Preto-SP e Regi\u00e3o&quot;","block_context":{"text":"Not\u00edcias de Ribeir\u00e3o Preto-SP e Regi\u00e3o","link":"https:\/\/noticiasribeiraopreto.com.br\/index.php\/category\/noticias-de-ribeirao-preto-sp-e-regiao-ismael-colosi\/"},"img":{"alt_text":"","src":"https:\/\/i0.wp.com\/noticiasribeiraopreto.com.br\/wp-content\/uploads\/2024\/05\/abertura_cirem_4_2024-05-16_10-07-08_jpeg_2024-05-16_10-07-08.webp.webp?fit=1000%2C666&ssl=1&resize=350%2C200","width":350,"height":200,"srcset":"https:\/\/i0.wp.com\/noticiasribeiraopreto.com.br\/wp-content\/uploads\/2024\/05\/abertura_cirem_4_2024-05-16_10-07-08_jpeg_2024-05-16_10-07-08.webp.webp?fit=1000%2C666&ssl=1&resize=350%2C200 1x, https:\/\/i0.wp.com\/noticiasribeiraopreto.com.br\/wp-content\/uploads\/2024\/05\/abertura_cirem_4_2024-05-16_10-07-08_jpeg_2024-05-16_10-07-08.webp.webp?fit=1000%2C666&ssl=1&resize=525%2C300 1.5x, https:\/\/i0.wp.com\/noticiasribeiraopreto.com.br\/wp-content\/uploads\/2024\/05\/abertura_cirem_4_2024-05-16_10-07-08_jpeg_2024-05-16_10-07-08.webp.webp?fit=1000%2C666&ssl=1&resize=700%2C400 2x"},"classes":[]},{"id":65197,"url":"https:\/\/noticiasribeiraopreto.com.br\/index.php\/2025\/03\/17\/jornal-da-franca-alunos-da-rede-municipal-de-franca-se-tornam-fiscais-ambientais-mirins\/","url_meta":{"origin":43010,"position":1},"title":"Jornal da Franca &#8211; Alunos da rede municipal de Franca se tornam &#8220;Fiscais Ambientais Mirins&#8221;","author":"noticiasribeiraopreto.com.br","date":"17 de March de 2025","format":false,"excerpt":"compartilhar no whatsapp compartilhar no telegram compartilhar no facebook compartilhar no linkedin Projeto incentiva alunos a cuidarem do meio ambiente e compartilharem boas pr\u00e1ticas Alunos da Escola \u2018Professor C\u00e9sar Augusto de Oliveira\u2019 participaram do projeto na \u00faltima sexta-feira, 14 \u00a0 Mais de 520 alunos da Escola Municipal \u2018Professor C\u00e9sar Augusto\u2026","rel":"","context":"In &quot;Not\u00edcias de Franca-SP&quot;","block_context":{"text":"Not\u00edcias de Franca-SP","link":"https:\/\/noticiasribeiraopreto.com.br\/index.php\/category\/noticias-de-ribeirao-preto-sp-e-regiao-ismael-colosi\/noticias-franca-sp\/"},"img":{"alt_text":"","src":"https:\/\/i0.wp.com\/noticiasribeiraopreto.com.br\/wp-content\/uploads\/2025\/03\/Fiscais-mirins.jpeg?fit=1200%2C794&ssl=1&resize=350%2C200","width":350,"height":200,"srcset":"https:\/\/i0.wp.com\/noticiasribeiraopreto.com.br\/wp-content\/uploads\/2025\/03\/Fiscais-mirins.jpeg?fit=1200%2C794&ssl=1&resize=350%2C200 1x, https:\/\/i0.wp.com\/noticiasribeiraopreto.com.br\/wp-content\/uploads\/2025\/03\/Fiscais-mirins.jpeg?fit=1200%2C794&ssl=1&resize=525%2C300 1.5x, https:\/\/i0.wp.com\/noticiasribeiraopreto.com.br\/wp-content\/uploads\/2025\/03\/Fiscais-mirins.jpeg?fit=1200%2C794&ssl=1&resize=700%2C400 2x, https:\/\/i0.wp.com\/noticiasribeiraopreto.com.br\/wp-content\/uploads\/2025\/03\/Fiscais-mirins.jpeg?fit=1200%2C794&ssl=1&resize=1050%2C600 3x"},"classes":[]},{"id":63761,"url":"https:\/\/noticiasribeiraopreto.com.br\/index.php\/2025\/02\/20\/ribeirao-preto-tem-mais-de-60-alunos-premiados-na-olimpiada-de-matematica\/","url_meta":{"origin":43010,"position":2},"title":"Ribeir\u00e3o Preto tem mais de 60 alunos premiados na Olimp\u00edada de Matem\u00e1tica","author":"noticiasribeiraopreto.com.br","date":"20 de February de 2025","format":false,"excerpt":"Mais de 60 alunos da rede municipal de Ribeir\u00e3o Preto foram premiados na 19\u00aa edi\u00e7\u00e3o da OBMEP (Olimp\u00edada Brasileira de Matem\u00e1tica das Escolas P\u00fablicas). Al\u00e9m disso, duas professoras receberam reconhecimento pelo desempenho de seus alunos. A cerim\u00f4nia de premia\u00e7\u00e3o ser\u00e1 realizada ao longo de 2025. Entre os premiados est\u00e1 o\u2026","rel":"","context":"In &quot;Not\u00edcias de Ribeir\u00e3o Preto-SP e Regi\u00e3o&quot;","block_context":{"text":"Not\u00edcias de Ribeir\u00e3o Preto-SP e Regi\u00e3o","link":"https:\/\/noticiasribeiraopreto.com.br\/index.php\/category\/noticias-de-ribeirao-preto-sp-e-regiao-ismael-colosi\/"},"img":{"alt_text":"","src":"https:\/\/i0.wp.com\/noticiasribeiraopreto.com.br\/wp-content\/uploads\/2025\/02\/olimpiada-matematica_2025-02-20_20-44-25_jpg_2025-02-20_20-44-25.webp.webp?fit=1200%2C628&ssl=1&resize=350%2C200","width":350,"height":200,"srcset":"https:\/\/i0.wp.com\/noticiasribeiraopreto.com.br\/wp-content\/uploads\/2025\/02\/olimpiada-matematica_2025-02-20_20-44-25_jpg_2025-02-20_20-44-25.webp.webp?fit=1200%2C628&ssl=1&resize=350%2C200 1x, https:\/\/i0.wp.com\/noticiasribeiraopreto.com.br\/wp-content\/uploads\/2025\/02\/olimpiada-matematica_2025-02-20_20-44-25_jpg_2025-02-20_20-44-25.webp.webp?fit=1200%2C628&ssl=1&resize=525%2C300 1.5x, https:\/\/i0.wp.com\/noticiasribeiraopreto.com.br\/wp-content\/uploads\/2025\/02\/olimpiada-matematica_2025-02-20_20-44-25_jpg_2025-02-20_20-44-25.webp.webp?fit=1200%2C628&ssl=1&resize=700%2C400 2x, https:\/\/i0.wp.com\/noticiasribeiraopreto.com.br\/wp-content\/uploads\/2025\/02\/olimpiada-matematica_2025-02-20_20-44-25_jpg_2025-02-20_20-44-25.webp.webp?fit=1200%2C628&ssl=1&resize=1050%2C600 3x"},"classes":[]},{"id":75159,"url":"https:\/\/noticiasribeiraopreto.com.br\/index.php\/2025\/08\/04\/branco-zanol-e-diego-hypolito-lancam-projeto-com-alunos-da-rede-municipal-em-ribeirao-preto\/","url_meta":{"origin":43010,"position":3},"title":"Branco Zanol e Diego Hyp\u00f3lito lan\u00e7am projeto com alunos da rede municipal em Ribeir\u00e3o Preto","author":"noticiasribeiraopreto.com.br","date":"4 de August de 2025","format":false,"excerpt":"Os ex-atletas ol\u00edmpicos Branco Zanol e Diego Hyp\u00f3lito participam, nesta ter\u00e7a-feira (5), do lan\u00e7amento do Projeto Supera\u00e7\u00e3o na EMEF Sebasti\u00e3o de Aguiar Azevedo I, no Ipiranga, em Ribeir\u00e3o Preto. O evento vai reunir cerca de 500 pessoas, entre alunos, professores, familiares e integrantes da comunidade escolar. A iniciativa oferece aulas\u2026","rel":"","context":"In &quot;Not\u00edcias de Ribeir\u00e3o Preto-SP e Regi\u00e3o&quot;","block_context":{"text":"Not\u00edcias de Ribeir\u00e3o Preto-SP e Regi\u00e3o","link":"https:\/\/noticiasribeiraopreto.com.br\/index.php\/category\/noticias-de-ribeirao-preto-sp-e-regiao-ismael-colosi\/"},"img":{"alt_text":"","src":"https:\/\/i0.wp.com\/noticiasribeiraopreto.com.br\/wp-content\/uploads\/2025\/08\/Copia-de-Copia-de-Copia-de-TAMANHO-EXATO-PARA-FOTOS-NO-SISTEMA-NOVO-2025-08-04T175209.067_2025-08-04_20-53-12.webp.webp?fit=1200%2C675&ssl=1&resize=350%2C200","width":350,"height":200,"srcset":"https:\/\/i0.wp.com\/noticiasribeiraopreto.com.br\/wp-content\/uploads\/2025\/08\/Copia-de-Copia-de-Copia-de-TAMANHO-EXATO-PARA-FOTOS-NO-SISTEMA-NOVO-2025-08-04T175209.067_2025-08-04_20-53-12.webp.webp?fit=1200%2C675&ssl=1&resize=350%2C200 1x, https:\/\/i0.wp.com\/noticiasribeiraopreto.com.br\/wp-content\/uploads\/2025\/08\/Copia-de-Copia-de-Copia-de-TAMANHO-EXATO-PARA-FOTOS-NO-SISTEMA-NOVO-2025-08-04T175209.067_2025-08-04_20-53-12.webp.webp?fit=1200%2C675&ssl=1&resize=525%2C300 1.5x, https:\/\/i0.wp.com\/noticiasribeiraopreto.com.br\/wp-content\/uploads\/2025\/08\/Copia-de-Copia-de-Copia-de-TAMANHO-EXATO-PARA-FOTOS-NO-SISTEMA-NOVO-2025-08-04T175209.067_2025-08-04_20-53-12.webp.webp?fit=1200%2C675&ssl=1&resize=700%2C400 2x, https:\/\/i0.wp.com\/noticiasribeiraopreto.com.br\/wp-content\/uploads\/2025\/08\/Copia-de-Copia-de-Copia-de-TAMANHO-EXATO-PARA-FOTOS-NO-SISTEMA-NOVO-2025-08-04T175209.067_2025-08-04_20-53-12.webp.webp?fit=1200%2C675&ssl=1&resize=1050%2C600 3x"},"classes":[]},{"id":63483,"url":"https:\/\/noticiasribeiraopreto.com.br\/index.php\/2025\/02\/14\/projeto-municipal-busca-restringir-uso-de-celulares-nas-escolas-para-aumentar-a-interacao-entre-alunos\/","url_meta":{"origin":43010,"position":4},"title":"Projeto Municipal Busca Restringir Uso de Celulares nas Escolas para Aumentar a Intera\u00e7\u00e3o Entre Alunos","author":"noticiasribeiraopreto.com.br","date":"14 de February de 2025","format":false,"excerpt":"Na sess\u00e3o da C\u00e2mara Municipal de Ribeir\u00e3o Preto, ocorrida nesta quinta-feira (13), foi aprovado um projeto de lei que prop\u00f5e restringir o uso de celulares nas escolas. O objetivo \u00e9 combater as distra\u00e7\u00f5es provocadas pelos dispositivos m\u00f3veis e incentivar a intera\u00e7\u00e3o entre os alunos. A medida visa criar um ambiente\u2026","rel":"","context":"In &quot;Not\u00edcias de Ribeir\u00e3o Preto-SP e Regi\u00e3o&quot;","block_context":{"text":"Not\u00edcias de Ribeir\u00e3o Preto-SP e Regi\u00e3o","link":"https:\/\/noticiasribeiraopreto.com.br\/index.php\/category\/noticias-de-ribeirao-preto-sp-e-regiao-ismael-colosi\/"},"img":{"alt_text":"","src":"https:\/\/i0.wp.com\/noticiasribeiraopreto.com.br\/wp-content\/uploads\/2025\/02\/DSC0422-scaled.jpg?fit=1200%2C800&ssl=1&resize=350%2C200","width":350,"height":200,"srcset":"https:\/\/i0.wp.com\/noticiasribeiraopreto.com.br\/wp-content\/uploads\/2025\/02\/DSC0422-scaled.jpg?fit=1200%2C800&ssl=1&resize=350%2C200 1x, https:\/\/i0.wp.com\/noticiasribeiraopreto.com.br\/wp-content\/uploads\/2025\/02\/DSC0422-scaled.jpg?fit=1200%2C800&ssl=1&resize=525%2C300 1.5x, https:\/\/i0.wp.com\/noticiasribeiraopreto.com.br\/wp-content\/uploads\/2025\/02\/DSC0422-scaled.jpg?fit=1200%2C800&ssl=1&resize=700%2C400 2x, https:\/\/i0.wp.com\/noticiasribeiraopreto.com.br\/wp-content\/uploads\/2025\/02\/DSC0422-scaled.jpg?fit=1200%2C800&ssl=1&resize=1050%2C600 3x"},"classes":[]},{"id":65380,"url":"https:\/\/noticiasribeiraopreto.com.br\/index.php\/2025\/03\/19\/jornal-da-franca-mais-de-75-mil-alunos-passam-a-ganhar-para-estagiar-nas-escolas-estaduais-paulistas\/","url_meta":{"origin":43010,"position":5},"title":"Jornal da Franca &#8211; Mais de 7,5 mil alunos passam a ganhar para estagiar nas escolas estaduais paulistas","author":"noticiasribeiraopreto.com.br","date":"19 de March de 2025","format":false,"excerpt":"compartilhar no whatsapp compartilhar no telegram compartilhar no facebook compartilhar no linkedin Selecionados v\u00e3o auxiliar colegas em aulas de l\u00edngua portuguesa e matem\u00e1tica e receber bolsas de R$ 296 e R$ 555, de acordo com carga hor\u00e1ria As monitorias ser\u00e3o remuneradas de acordo com a carga hor\u00e1ria semanal. (Foto: Divulga\u00e7\u00e3o\/Governo\u2026","rel":"","context":"In &quot;Not\u00edcias de Franca-SP&quot;","block_context":{"text":"Not\u00edcias de Franca-SP","link":"https:\/\/noticiasribeiraopreto.com.br\/index.php\/category\/noticias-de-ribeirao-preto-sp-e-regiao-ismael-colosi\/noticias-franca-sp\/"},"img":{"alt_text":"","src":"https:\/\/i0.wp.com\/noticiasribeiraopreto.com.br\/wp-content\/uploads\/2025\/03\/54369565524_bd2a24dec3_k-1024x683-1.jpg?fit=1024%2C683&ssl=1&resize=350%2C200","width":350,"height":200,"srcset":"https:\/\/i0.wp.com\/noticiasribeiraopreto.com.br\/wp-content\/uploads\/2025\/03\/54369565524_bd2a24dec3_k-1024x683-1.jpg?fit=1024%2C683&ssl=1&resize=350%2C200 1x, https:\/\/i0.wp.com\/noticiasribeiraopreto.com.br\/wp-content\/uploads\/2025\/03\/54369565524_bd2a24dec3_k-1024x683-1.jpg?fit=1024%2C683&ssl=1&resize=525%2C300 1.5x, https:\/\/i0.wp.com\/noticiasribeiraopreto.com.br\/wp-content\/uploads\/2025\/03\/54369565524_bd2a24dec3_k-1024x683-1.jpg?fit=1024%2C683&ssl=1&resize=700%2C400 2x"},"classes":[]}],"jetpack_sharing_enabled":true,"jetpack_shortlink":"https:\/\/wp.me\/peQAOb-bbI","_links":{"self":[{"href":"https:\/\/noticiasribeiraopreto.com.br\/index.php\/wp-json\/wp\/v2\/posts\/43010","targetHints":{"allow":["GET"]}}],"collection":[{"href":"https:\/\/noticiasribeiraopreto.com.br\/index.php\/wp-json\/wp\/v2\/posts"}],"about":[{"href":"https:\/\/noticiasribeiraopreto.com.br\/index.php\/wp-json\/wp\/v2\/types\/post"}],"author":[{"embeddable":true,"href":"https:\/\/noticiasribeiraopreto.com.br\/index.php\/wp-json\/wp\/v2\/users\/1"}],"replies":[{"embeddable":true,"href":"https:\/\/noticiasribeiraopreto.com.br\/index.php\/wp-json\/wp\/v2\/comments?post=43010"}],"version-history":[{"count":0,"href":"https:\/\/noticiasribeiraopreto.com.br\/index.php\/wp-json\/wp\/v2\/posts\/43010\/revisions"}],"wp:featuredmedia":[{"embeddable":true,"href":"https:\/\/noticiasribeiraopreto.com.br\/index.php\/wp-json\/wp\/v2\/media\/43011"}],"wp:attachment":[{"href":"https:\/\/noticiasribeiraopreto.com.br\/index.php\/wp-json\/wp\/v2\/media?parent=43010"}],"wp:term":[{"taxonomy":"category","embeddable":true,"href":"https:\/\/noticiasribeiraopreto.com.br\/index.php\/wp-json\/wp\/v2\/categories?post=43010"},{"taxonomy":"post_tag","embeddable":true,"href":"https:\/\/noticiasribeiraopreto.com.br\/index.php\/wp-json\/wp\/v2\/tags?post=43010"}],"curies":[{"name":"wp","href":"https:\/\/api.w.org\/{rel}","templated":true}]}}