{"id":43078,"date":"2024-03-19T10:30:01","date_gmt":"2024-03-19T13:30:01","guid":{"rendered":"https:\/\/noticiasribeiraopreto.com.br\/index.php\/2024\/03\/19\/bolsonaro-e-indiciado-por-fraude-em-cartao-de-vacinacao-de-covid\/"},"modified":"2024-03-19T10:30:01","modified_gmt":"2024-03-19T13:30:01","slug":"bolsonaro-e-indiciado-por-fraude-em-cartao-de-vacinacao-de-covid","status":"publish","type":"post","link":"https:\/\/noticiasribeiraopreto.com.br\/index.php\/2024\/03\/19\/bolsonaro-e-indiciado-por-fraude-em-cartao-de-vacinacao-de-covid\/","title":{"rendered":"Bolsonaro \u00e9 indiciado por fraude em cart\u00e3o de vacina\u00e7\u00e3o de covid"},"content":{"rendered":"<div class='code-block code-block-1' style='margin: 8px 0 8px auto; text-align: right; display: block; clear: both;'>\n<p><a href=\"https:\/\/wa.link\/vpicfd\"><img data-recalc-dims=\"1\" class=\"wp-image-4922\" style=\"aspect-ratio: 2.0253164556962027; width: 561px; height: auto;\" src=\"https:\/\/i0.wp.com\/ismaelcolosi.com.br\/wp-content\/uploads\/2023\/11\/grupo-de-empregos-whatsapp-e-facebook-ismael-colosi-vagas.jpg?ssl=1\" alt=\"\" \/><\/a><\/p>\n<!-- \/wp:image -->\n<\/div>\n<p> <br \/>\n<\/p>\n<div id=\"post-377819\">\n<header class=\"entry-header penci-entry-header penci-title-center\">\n<p> <span class=\"entry-meta-item penci-posted-on\"><i class=\"fa fa-clock-o\"\/><time class=\"entry-date published updated\" datetime=\"2024-03-19T09:48:25-03:00\">19 de mar\u00e7o de 2024 | 9:48<\/time><\/span><\/p>\n<p> <span class=\"penci-social-buttons penci-social-share-footer\"><a href=\"#\" class=\"penci-post-like penci_post-meta_item  single-like-button penci-social-item like\" data-post_id=\"377819\" title=\"Like\" data-like=\"Like\" data-unlike=\"Unlike\"><i class=\"fa fa-thumbs-o-up\"\/><span class=\"penci-share-number\">0<\/span><\/a><i class=\"fa fa-facebook\"\/><a class=\"penci-social-item twitter\" target=\"_blank\" rel=\"noopener\" title=\"\" href=\"https:\/\/twitter.com\/intent\/tweet?text=Bolsonaro%20\u00e9%20indiciado%20por%20fraude%20em%20cart\u00e3o%20de%20vacina\u00e7\u00e3o%20de%20covid%20-%20https:\/\/www.tribunaribeirao.com.br\/site\/bolsonaro-e-indiciado-por-fraude-em-cartao-de-vacinacao-de-covid\/\"><i class=\"fa fa-twitter\"\/><\/a><i class=\"fa fa-whatsapp\"\/><\/span><\/header>\n<div class=\"penci-entry-content entry-content\">\n<p>A Pol\u00edcia Federal (PF) indiciou nesta ter\u00e7a-feira (19) o ex-presidente Jair Bolsonaro por fraude em cart\u00e3o de vacina\u00e7\u00e3o para covid-19. Em janeiro, a Controladoria-Geral da Uni\u00e3o (CGU) concluiu que \u00e9 falso o registro de imuniza\u00e7\u00e3o contra a doen\u00e7a que consta do cart\u00e3o de vacina\u00e7\u00e3o de Bolsonaro. A investiga\u00e7\u00e3o originou-se de um pedido \u00e0 Lei de Acesso \u00e0 Informa\u00e7\u00e3o (LAI) formulado no fim de 2022.<noscript><img data-recalc-dims=\"1\" decoding=\"async\" src=\"https:\/\/i0.wp.com\/agenciabrasil.ebc.com.br\/ebc.png?ssl=1\"\/><\/noscript><img data-recalc-dims=\"1\" decoding=\"async\" src=\"https:\/\/i0.wp.com\/agenciabrasil.ebc.com.br\/ebc.gif?ssl=1\" class=\"lazyload\"\/><noscript><img data-recalc-dims=\"1\" decoding=\"async\" src=\"https:\/\/i0.wp.com\/agenciabrasil.ebc.com.br\/ebc.gif?ssl=1\"\/><\/noscript><\/p>\n<p>Os dados atuais do Minist\u00e9rio da Sa\u00fade, que aparecem no cart\u00e3o de vacina\u00e7\u00e3o, apontam que o ex-presidente se vacinou em 19 de julho de 2021 na Unidade B\u00e1sica de Sa\u00fade (UBS) Parque Peruche, na zona norte de S\u00e3o Paulo. A CGU, no entanto, constatou que Bolsonaro n\u00e3o estava na capital paulista nessa data e que o lote de vacina\u00e7\u00e3o que consta no sistema da pasta n\u00e3o estava dispon\u00edvel naquela data na UBS onde teria ocorrido a imuniza\u00e7\u00e3o.<\/p>\n<p>Em seu perfil na rede social X, antigo Twitter, o advogado de Bolsonaro Fabio Wajngarten criticou a divulga\u00e7\u00e3o do indiciamento. \u201cVazamentos continuam aos montes, ou melhor aos litros. \u00c9 lament\u00e1vel quando a autoridade usa a imprensa para comunicar ato formal que logicamente deveria ter revestimento t\u00e9cnico e procedimental ao inv\u00e9s de midi\u00e1tico e parcial\u201d, escreveu.<\/p>\n<h2><span style=\"font-size: 12pt\">Ex-ajudante indiciado<\/span><\/h2>\n<p>O coronel Mauro Cid, ex-ajudante de ordens de Bolsonaro, tamb\u00e9m foi indiciado pela PF. Ele \u00e9 apontado como articulador da emiss\u00e3o de cart\u00f5es falsos de vacina\u00e7\u00e3o contra a covid-19 para o ex-presidente e familiares dele. Em novo depoimento \u00e0 PF na semana passada, Mauro Cid chegou a responder a perguntas sobre a investiga\u00e7\u00e3o.<\/p>\n<p>Esta foi a s\u00e9tima vez que Mauro Cid esteve na Pol\u00edcia Federal. Em tr\u00eas delas, ficou em sil\u00eancio. Ap\u00f3s firmar acordo de dela\u00e7\u00e3o premiada, o coronel passou a responder a todas as perguntas feitas nos \u00faltimos quatro interrogat\u00f3rios.<\/p>\n<\/div>\n<footer class=\"penci-entry-footer\"\/><\/div>\n<p><script async src=\"\/\/platform.twitter.com\/widgets.js\" charset=\"utf-8\"><\/script><br \/>\n<br \/><br \/>\n<br \/><a href=\"https:\/\/www.tribunaribeirao.com.br\/site\/bolsonaro-e-indiciado-por-fraude-em-cartao-de-vacinacao-de-covid\/\">Source link <\/a><\/p>\n<!-- CONTENT END 1 -->\n","protected":false},"excerpt":{"rendered":"<p>19 de mar\u00e7o de 2024 | 9:48 0 A Pol\u00edcia Federal (PF) indiciou nesta ter\u00e7a-feira (19) o ex-presidente Jair Bolsonaro por fraude em cart\u00e3o de&#8230;<\/p>\n","protected":false},"author":1,"featured_media":43079,"comment_status":"open","ping_status":"open","sticky":false,"template":"","format":"standard","meta":{"advanced_seo_description":"","jetpack_seo_html_title":"","jetpack_seo_noindex":false,"jetpack_post_was_ever_published":false,"_jetpack_newsletter_access":"","_jetpack_dont_email_post_to_subs":false,"_jetpack_newsletter_tier_id":0,"_jetpack_memberships_contains_paywalled_content":false,"_jetpack_memberships_contains_paid_content":false,"footnotes":"","jetpack_publicize_message":"","jetpack_publicize_feature_enabled":true,"jetpack_social_post_already_shared":true,"jetpack_social_options":{"image_generator_settings":{"template":"highway","default_image_id":0,"font":"","enabled":false},"version":2}},"categories":[11],"tags":[3964,1389,1770,1522,5117,134,1072],"class_list":["post-43078","post","type-post","status-publish","format-standard","has-post-thumbnail","hentry","category-noticias-de-ribeirao-preto-sp-e-regiao-ismael-colosi","tag-bolsonaro","tag-cartao","tag-covid","tag-fraude","tag-indiciado","tag-por","tag-vacinacao"],"jetpack_publicize_connections":[],"jetpack_featured_media_url":"https:\/\/i0.wp.com\/noticiasribeiraopreto.com.br\/wp-content\/uploads\/2024\/03\/1710855003_ebc.png?fit=1%2C1&ssl=1","jetpack-related-posts":[{"id":29766,"url":"https:\/\/noticiasribeiraopreto.com.br\/index.php\/2024\/01\/19\/o-que-sabemos-sobre-o-cartao-de-vacinacao-fraudado-de-bolsonaro\/","url_meta":{"origin":43078,"position":0},"title":"O que sabemos sobre o cart\u00e3o de vacina\u00e7\u00e3o fraudado de Bolsonaro","author":"noticiasribeiraopreto.com.br","date":"19 de January de 2024","format":false,"excerpt":"A Controladoria-Geral da Uni\u00e3o (CGU) concluiu que s\u00e3o falsos os registros de imuniza\u00e7\u00e3o contra a covid-19 no cart\u00e3o de vacina do ex-presidente Jair Bolsonaro (PL). No total, foram registradas falsamente tr\u00eas doses do imunizante. A primeira delas foi inserida em julho de 2021 por meio da UBS Parque Peruche, em\u2026","rel":"","context":"In &quot;Dinheiro e Investimento&quot;","block_context":{"text":"Dinheiro e Investimento","link":"https:\/\/noticiasribeiraopreto.com.br\/index.php\/category\/dinheiro-e-investimento-como-fazer-como-ganhar\/"},"img":{"alt_text":"","src":"https:\/\/i0.wp.com\/noticiasribeiraopreto.com.br\/wp-content\/uploads\/2024\/01\/Jair-Bolsonaro-628x353.jpg?fit=628%2C353&ssl=1&resize=350%2C200","width":350,"height":200,"srcset":"https:\/\/i0.wp.com\/noticiasribeiraopreto.com.br\/wp-content\/uploads\/2024\/01\/Jair-Bolsonaro-628x353.jpg?fit=628%2C353&ssl=1&resize=350%2C200 1x, https:\/\/i0.wp.com\/noticiasribeiraopreto.com.br\/wp-content\/uploads\/2024\/01\/Jair-Bolsonaro-628x353.jpg?fit=628%2C353&ssl=1&resize=525%2C300 1.5x"},"classes":[]},{"id":37654,"url":"https:\/\/noticiasribeiraopreto.com.br\/index.php\/2024\/02\/17\/vacinacao-contra-covid-tem-nova-estrategia\/","url_meta":{"origin":43078,"position":1},"title":"Vacina\u00e7\u00e3o contra Covid tem nova estrat\u00e9gia\u00a0","author":"noticiasribeiraopreto.com.br","date":"17 de February de 2024","format":false,"excerpt":"17 de fevereiro de 2024 | 15:0017 de fevereiro de 2024 | 9:30 0Por determina\u00e7\u00e3o do Minist\u00e9rio da Sa\u00fade, a Secretaria Municipal da Sa\u00fade passa a adotar, a partir deste ano, uma nova estrat\u00e9gia para a vacina\u00e7\u00e3o contra a covid-19. O objetivo \u00e9 priorizar a imuniza\u00e7\u00e3o das pessoas mais suscet\u00edveis\u2026","rel":"","context":"In &quot;Not\u00edcias de Ribeir\u00e3o Preto-SP e Regi\u00e3o&quot;","block_context":{"text":"Not\u00edcias de Ribeir\u00e3o Preto-SP e Regi\u00e3o","link":"https:\/\/noticiasribeiraopreto.com.br\/index.php\/category\/noticias-de-ribeirao-preto-sp-e-regiao-ismael-colosi\/"},"img":{"alt_text":"","src":"https:\/\/i0.wp.com\/noticiasribeiraopreto.com.br\/wp-content\/uploads\/2024\/02\/CovidVAC-Prefeitura-de-Ribeirao-Preto-04-scaled.jpg?fit=970%2C645&ssl=1&resize=350%2C200","width":350,"height":200,"srcset":"https:\/\/i0.wp.com\/noticiasribeiraopreto.com.br\/wp-content\/uploads\/2024\/02\/CovidVAC-Prefeitura-de-Ribeirao-Preto-04-scaled.jpg?fit=970%2C645&ssl=1&resize=350%2C200 1x, https:\/\/i0.wp.com\/noticiasribeiraopreto.com.br\/wp-content\/uploads\/2024\/02\/CovidVAC-Prefeitura-de-Ribeirao-Preto-04-scaled.jpg?fit=970%2C645&ssl=1&resize=525%2C300 1.5x, https:\/\/i0.wp.com\/noticiasribeiraopreto.com.br\/wp-content\/uploads\/2024\/02\/CovidVAC-Prefeitura-de-Ribeirao-Preto-04-scaled.jpg?fit=970%2C645&ssl=1&resize=700%2C400 2x"},"classes":[]},{"id":8258,"url":"https:\/\/noticiasribeiraopreto.com.br\/index.php\/2023\/11\/29\/programa-de-vacinacao-em-escolas-e-aprovado-no-senado\/","url_meta":{"origin":43078,"position":2},"title":"Programa de vacina\u00e7\u00e3o em escolas \u00e9 aprovado no Senado","author":"noticiasribeiraopreto.com.br","date":"29 de November de 2023","format":false,"excerpt":"29 de novembro de 2023 | 18:2029 de novembro de 2023 | 18:49 0O Projeto de Lei (PL) 826\/2019, que institui um Programa Nacional de Vacina\u00e7\u00e3o em Escolas, foi aprovado nesta quarta-feira (29) pela Comiss\u00e3o de Assuntos Sociais (CAS) e segue agora para an\u00e1lise da Comiss\u00e3o de Educa\u00e7\u00e3o, \u00e0 qual\u2026","rel":"","context":"In &quot;Not\u00edcias de Ribeir\u00e3o Preto-SP e Regi\u00e3o&quot;","block_context":{"text":"Not\u00edcias de Ribeir\u00e3o Preto-SP e Regi\u00e3o","link":"https:\/\/noticiasribeiraopreto.com.br\/index.php\/category\/noticias-de-ribeirao-preto-sp-e-regiao-ismael-colosi\/"},"img":{"alt_text":"","src":"https:\/\/i0.wp.com\/noticiasribeiraopreto.com.br\/wp-content\/uploads\/2023\/11\/vacina-1-scaled.jpg?fit=1000%2C598&ssl=1&resize=350%2C200","width":350,"height":200,"srcset":"https:\/\/i0.wp.com\/noticiasribeiraopreto.com.br\/wp-content\/uploads\/2023\/11\/vacina-1-scaled.jpg?fit=1000%2C598&ssl=1&resize=350%2C200 1x, https:\/\/i0.wp.com\/noticiasribeiraopreto.com.br\/wp-content\/uploads\/2023\/11\/vacina-1-scaled.jpg?fit=1000%2C598&ssl=1&resize=525%2C300 1.5x, https:\/\/i0.wp.com\/noticiasribeiraopreto.com.br\/wp-content\/uploads\/2023\/11\/vacina-1-scaled.jpg?fit=1000%2C598&ssl=1&resize=700%2C400 2x"},"classes":[]},{"id":43839,"url":"https:\/\/noticiasribeiraopreto.com.br\/index.php\/2024\/03\/23\/mauro-cid-sai-preso-do-stf\/","url_meta":{"origin":43078,"position":3},"title":"Mauro Cid sai preso do STF\u00a0","author":"noticiasribeiraopreto.com.br","date":"23 de March de 2024","format":false,"excerpt":"23 de mar\u00e7o de 2024 | 13:0023 de mar\u00e7o de 2024 | 10:23 0 O ministro Alexandre de Moraes, Supremo Tribunal Federal(STF), determinou a pris\u00e3o do tenente-coronel Mauro Cid. A pris\u00e3o ocorreu ap\u00f3s ele prestar depoimento por uma hora nesta sexta-feira, 22 de mar\u00e7o, na sala de audi\u00eancias do STF.\u2026","rel":"","context":"In &quot;Not\u00edcias de Ribeir\u00e3o Preto-SP e Regi\u00e3o&quot;","block_context":{"text":"Not\u00edcias de Ribeir\u00e3o Preto-SP e Regi\u00e3o","link":"https:\/\/noticiasribeiraopreto.com.br\/index.php\/category\/noticias-de-ribeirao-preto-sp-e-regiao-ismael-colosi\/"},"img":{"alt_text":"","src":"https:\/\/i0.wp.com\/noticiasribeiraopreto.com.br\/wp-content\/uploads\/2024\/03\/Bozo-Lula-Marques-Ag.Br_.jpg?fit=1167%2C696&ssl=1&resize=350%2C200","width":350,"height":200,"srcset":"https:\/\/i0.wp.com\/noticiasribeiraopreto.com.br\/wp-content\/uploads\/2024\/03\/Bozo-Lula-Marques-Ag.Br_.jpg?fit=1167%2C696&ssl=1&resize=350%2C200 1x, https:\/\/i0.wp.com\/noticiasribeiraopreto.com.br\/wp-content\/uploads\/2024\/03\/Bozo-Lula-Marques-Ag.Br_.jpg?fit=1167%2C696&ssl=1&resize=525%2C300 1.5x, https:\/\/i0.wp.com\/noticiasribeiraopreto.com.br\/wp-content\/uploads\/2024\/03\/Bozo-Lula-Marques-Ag.Br_.jpg?fit=1167%2C696&ssl=1&resize=700%2C400 2x, https:\/\/i0.wp.com\/noticiasribeiraopreto.com.br\/wp-content\/uploads\/2024\/03\/Bozo-Lula-Marques-Ag.Br_.jpg?fit=1167%2C696&ssl=1&resize=1050%2C600 3x"},"classes":[]},{"id":41038,"url":"https:\/\/noticiasribeiraopreto.com.br\/index.php\/2024\/03\/06\/covid-19-anvisa-aprova-registro-de-vacina-spikevax-monovalente\/","url_meta":{"origin":43078,"position":4},"title":"Covid-19: Anvisa aprova registro de vacina Spikevax monovalente","author":"noticiasribeiraopreto.com.br","date":"6 de March de 2024","format":false,"excerpt":"6 de mar\u00e7o de 2024 | 13:306 de mar\u00e7o de 2024 | 12:51 0A Ag\u00eancia Nacional de Vigil\u00e2ncia Sanit\u00e1ria (Anvisa) anunciou, nesta quarta-feira (6), em Bras\u00edlia, o registro da vacina Spikevax, dose monovalente contra a covid-19. Segundo a ag\u00eancia, o imunizante est\u00e1 atualizado para proteger contra a variante XBB 1.5\u2026","rel":"","context":"In &quot;Not\u00edcias de Ribeir\u00e3o Preto-SP e Regi\u00e3o&quot;","block_context":{"text":"Not\u00edcias de Ribeir\u00e3o Preto-SP e Regi\u00e3o","link":"https:\/\/noticiasribeiraopreto.com.br\/index.php\/category\/noticias-de-ribeirao-preto-sp-e-regiao-ismael-colosi\/"},"img":{"alt_text":"","src":"https:\/\/i0.wp.com\/noticiasribeiraopreto.com.br\/wp-content\/uploads\/2024\/03\/vacinacao_contra_covid-19_sao_paulo_rovsa_abr_19012101079-scaled.jpg?fit=1000%2C598&ssl=1&resize=350%2C200","width":350,"height":200,"srcset":"https:\/\/i0.wp.com\/noticiasribeiraopreto.com.br\/wp-content\/uploads\/2024\/03\/vacinacao_contra_covid-19_sao_paulo_rovsa_abr_19012101079-scaled.jpg?fit=1000%2C598&ssl=1&resize=350%2C200 1x, https:\/\/i0.wp.com\/noticiasribeiraopreto.com.br\/wp-content\/uploads\/2024\/03\/vacinacao_contra_covid-19_sao_paulo_rovsa_abr_19012101079-scaled.jpg?fit=1000%2C598&ssl=1&resize=525%2C300 1.5x, https:\/\/i0.wp.com\/noticiasribeiraopreto.com.br\/wp-content\/uploads\/2024\/03\/vacinacao_contra_covid-19_sao_paulo_rovsa_abr_19012101079-scaled.jpg?fit=1000%2C598&ssl=1&resize=700%2C400 2x"},"classes":[]},{"id":12762,"url":"https:\/\/noticiasribeiraopreto.com.br\/index.php\/2023\/12\/08\/covid-sp-antecipa-nova-dose-da-bivalente\/","url_meta":{"origin":43078,"position":5},"title":"Covid: SP antecipa nova dose da bivalente \u00a0","author":"noticiasribeiraopreto.com.br","date":"8 de December de 2023","format":false,"excerpt":"8 de dezembro de 2023 | 14:008 de dezembro de 2023 | 9:01 0Diante da identifica\u00e7\u00e3o de duas novas sublinhagens do coronav\u00edrus no pa\u00eds, o Minist\u00e9rio da Sa\u00fade passou a recomendar uma nova dose da vacina bivalente contra a covid-19 para pessoas com 60 anos ou mais e imunocomprometidos acima\u2026","rel":"","context":"In &quot;Not\u00edcias de Ribeir\u00e3o Preto-SP e Regi\u00e3o&quot;","block_context":{"text":"Not\u00edcias de Ribeir\u00e3o Preto-SP e Regi\u00e3o","link":"https:\/\/noticiasribeiraopreto.com.br\/index.php\/category\/noticias-de-ribeirao-preto-sp-e-regiao-ismael-colosi\/"},"img":{"alt_text":"","src":"https:\/\/i0.wp.com\/noticiasribeiraopreto.com.br\/wp-content\/uploads\/2023\/12\/covid-scaled.jpg?fit=967%2C645&ssl=1&resize=350%2C200","width":350,"height":200,"srcset":"https:\/\/i0.wp.com\/noticiasribeiraopreto.com.br\/wp-content\/uploads\/2023\/12\/covid-scaled.jpg?fit=967%2C645&ssl=1&resize=350%2C200 1x, https:\/\/i0.wp.com\/noticiasribeiraopreto.com.br\/wp-content\/uploads\/2023\/12\/covid-scaled.jpg?fit=967%2C645&ssl=1&resize=525%2C300 1.5x, https:\/\/i0.wp.com\/noticiasribeiraopreto.com.br\/wp-content\/uploads\/2023\/12\/covid-scaled.jpg?fit=967%2C645&ssl=1&resize=700%2C400 2x"},"classes":[]}],"jetpack_sharing_enabled":true,"jetpack_shortlink":"https:\/\/wp.me\/peQAOb-bcO","_links":{"self":[{"href":"https:\/\/noticiasribeiraopreto.com.br\/index.php\/wp-json\/wp\/v2\/posts\/43078","targetHints":{"allow":["GET"]}}],"collection":[{"href":"https:\/\/noticiasribeiraopreto.com.br\/index.php\/wp-json\/wp\/v2\/posts"}],"about":[{"href":"https:\/\/noticiasribeiraopreto.com.br\/index.php\/wp-json\/wp\/v2\/types\/post"}],"author":[{"embeddable":true,"href":"https:\/\/noticiasribeiraopreto.com.br\/index.php\/wp-json\/wp\/v2\/users\/1"}],"replies":[{"embeddable":true,"href":"https:\/\/noticiasribeiraopreto.com.br\/index.php\/wp-json\/wp\/v2\/comments?post=43078"}],"version-history":[{"count":0,"href":"https:\/\/noticiasribeiraopreto.com.br\/index.php\/wp-json\/wp\/v2\/posts\/43078\/revisions"}],"wp:featuredmedia":[{"embeddable":true,"href":"https:\/\/noticiasribeiraopreto.com.br\/index.php\/wp-json\/wp\/v2\/media\/43079"}],"wp:attachment":[{"href":"https:\/\/noticiasribeiraopreto.com.br\/index.php\/wp-json\/wp\/v2\/media?parent=43078"}],"wp:term":[{"taxonomy":"category","embeddable":true,"href":"https:\/\/noticiasribeiraopreto.com.br\/index.php\/wp-json\/wp\/v2\/categories?post=43078"},{"taxonomy":"post_tag","embeddable":true,"href":"https:\/\/noticiasribeiraopreto.com.br\/index.php\/wp-json\/wp\/v2\/tags?post=43078"}],"curies":[{"name":"wp","href":"https:\/\/api.w.org\/{rel}","templated":true}]}}