{"id":43084,"date":"2024-03-19T11:12:08","date_gmt":"2024-03-19T14:12:08","guid":{"rendered":"https:\/\/noticiasribeiraopreto.com.br\/index.php\/2024\/03\/19\/duas-empresas-de-sp-disputam-obra-na-nove-de-julho\/"},"modified":"2024-03-19T11:12:08","modified_gmt":"2024-03-19T14:12:08","slug":"duas-empresas-de-sp-disputam-obra-na-nove-de-julho","status":"publish","type":"post","link":"https:\/\/noticiasribeiraopreto.com.br\/index.php\/2024\/03\/19\/duas-empresas-de-sp-disputam-obra-na-nove-de-julho\/","title":{"rendered":"Duas empresas de SP disputam obra na Nove de Julho"},"content":{"rendered":"<div class='code-block code-block-1' style='margin: 8px 0 8px auto; text-align: right; display: block; clear: both;'>\n<p><a href=\"https:\/\/wa.link\/vpicfd\"><img data-recalc-dims=\"1\" class=\"wp-image-4922\" style=\"aspect-ratio: 2.0253164556962027; width: 561px; height: auto;\" src=\"https:\/\/i0.wp.com\/ismaelcolosi.com.br\/wp-content\/uploads\/2023\/11\/grupo-de-empregos-whatsapp-e-facebook-ismael-colosi-vagas.jpg?ssl=1\" alt=\"\" \/><\/a><\/p>\n<!-- \/wp:image -->\n<\/div>\n<p> <br \/>\n<\/p>\n<div>\n<p><span data-contrast=\"auto\">Duas empresas foram habilitadas pela prefeitura de Ribeir\u00e3o Preto e seguem na licita\u00e7\u00e3o \u2013 concorr\u00eancia p\u00fablica \u2013 que definir\u00e1 qual delas ser\u00e1 a respons\u00e1vel pela retomada das obras de restaura\u00e7\u00e3o, revitaliza\u00e7\u00e3o e de constru\u00e7\u00e3o de corredor de \u00f4nibus na avenida Nove de Julho, via centen\u00e1ria e cart\u00e3o postal da cidade<\/span><\/p>\n<p><span data-contrast=\"auto\">Seguem na disputa duas construtoras de S\u00e3o Paulo, Era T\u00e9cnica Engenharia Constru\u00e7\u00f5es e Servi\u00e7os Ltda. e a HT Constru\u00e7\u00f5es Ltda. O valor estimado pela prefeitura de Ribeir\u00e3o Preto para a conclus\u00e3o dos trabalhos na avenida Nove de Julho \u00e9 de R$ 34.344.037,88.<\/span><\/p>\n<p><span data-contrast=\"auto\">O acr\u00e9scimo chega a R$ 3.211.936,11, aumento de 10,32% em rela\u00e7\u00e3o aos R$ 31.132.101,77 propostos pela Construtora Metropolitana, do Rio de Janeiro, que venceu o certame anterior, mas teve o contrato rescindido pelo governo Duarte Nogueira (PSDB).<\/span><\/p>\n<p><span data-contrast=\"auto\">A vencedora ser\u00e1 conhecida dentro de oito dias, ap\u00f3s a an\u00e1lise das propostas e da documenta\u00e7\u00e3o apresentada por cada concorrente. Por\u00e9m, a conclus\u00e3o dos trabalhos pode n\u00e3o ocorrer este ano. O primeiro trecho consumir dois meses. Esta era a previs\u00e3o da Construtora Metropolitana. <\/span><\/p>\n<p><span data-contrast=\"auto\">Em janeiro, o Tribunal de Justi\u00e7a de S\u00e3o Paulo (TJSP), por meio do desembargador Borelli Thomaz, manteve a liminar concedida em mandado de seguran\u00e7a a favor da Construtora Metropolitana, do Rio de Janeiro, pelo juiz Gustavo M\u00fcller Lorenzato, da 1\u00aa Vara da Fazenda P\u00fablica de Ribeir\u00e3o Preto. <\/span><\/p>\n<p><span data-contrast=\"auto\">A empresa questiona as penalidades impostas pela prefeitura na rescis\u00e3o unilateral do contrato. O projeto original n\u00e3o foi alterado, ou seja, a galeria pluvial de aproximadamente um quil\u00f4metro citada pela Construtora Metropolitana n\u00e3o mudou os planos da prefeitura.\u00a0 <\/span><\/p>\n<p><span data-contrast=\"auto\">As obras na avenida Nove de Julho come\u00e7aram no dia 20 de junho do ano passado. O primeiro trecho j\u00e1 deveria ter sido entregue, em 22 de setembro, e hoje 40% dos trabalhos deveriam estar conclu\u00eddos. Por\u00e9m, apenas 8% foi realizado pela Construtora Metropolitana, que venceu o certame por R$ 31.132.101,77. <\/span><\/p>\n<p><span data-contrast=\"auto\">Por conta do atraso, a prefeitura rescindiu unilateralmente o contrato, em 12 de dezembro do ano passado, ap\u00f3s notificar a empresa cinco vezes. A decis\u00e3o do TJSP saiu em 22 de janeiro em julgamento de recurso \u2013 agravo de instrumento \u2013 impetrado pela prefeitura de Ribeir\u00e3o Preto.\u00a0 <\/span><\/p>\n<p><span data-contrast=\"auto\">Na decis\u00e3o, o desembargador manteve a rescis\u00e3o do contrato, mas suspendeu as penalidades que o rompimento produziu. Ou seja, manteve a suspens\u00e3o da multa de 10% sobre o valor remanescente do contrato e autorizou a Metropolitana a contratar com o munic\u00edpio de Ribeir\u00e3o Preto. O valor da multa \u00e9 de R$ 2.861.442,58 \u2013 equivale a10% do valor remanescente de R$ 28.614.425,83.<\/span><\/p>\n<p><span data-contrast=\"auto\">Tamb\u00e9m est\u00e3o suspensas a reten\u00e7\u00e3o, por parte da prefeitura de Ribeir\u00e3o Preto, do seguro-garantia no valor de R$ 1.556.000, e a abertura de procedimento de inidoneidade contra a empresa, conforme determina a Lei de Licita\u00e7\u00f5es (n\u00famero 8.666\/1993) em rescis\u00f5es em que existe dolo por parte da contratada.\u00a0 <\/span><\/p>\n<p><span data-contrast=\"auto\">O desembargador decidiu que a prefeitura errou em n\u00e3o abrir espa\u00e7o para a empresa apresentar o contradit\u00f3rio quando da notifica\u00e7\u00e3o da rescis\u00e3o do contrato. A prefeitura tamb\u00e9m teve rejeitado um pedido feito ao \u00d3rg\u00e3o Especial do TJSP requerendo a suspens\u00e3o da liminar. O m\u00e9rito do Mandado de Seguran\u00e7a ainda n\u00e3o foi julgado.<\/span><\/p>\n<p><span data-contrast=\"auto\">A Guarda Civil Metropolitana (GCM) aumentou o patrulhamento preventivo ao longo da avenida Nove de Julho. O refor\u00e7o nas a\u00e7\u00f5es teve in\u00edcio em 30 de janeiro com o objetivo dar mais seguran\u00e7a aos lojistas, pedestres e moradores ap\u00f3s a paralisa\u00e7\u00e3o das obras de restaura\u00e7\u00e3o, revitaliza\u00e7\u00e3o e constru\u00e7\u00e3o de \u00f4nibus na via.<\/span><\/p>\n<p><span data-contrast=\"auto\">No mesmo dia, a Secretaria Municipal de Infraestrutura lan\u00e7ou uma for\u00e7a-tarefa de manuten\u00e7\u00e3o e zeladoria na avenida Nove de Julho. Desde o dia 7 de fevereiro, a RP Mobi opera 54 vagas de \u00c1rea Azul Digital na via (32) e nas ruas S\u00e3o Jos\u00e9 (onze) e Comandante Marcondes Salgado (mais onze).<\/span><\/p>\n<p><b><span data-contrast=\"auto\">A obra na <\/span><\/b>\u00a0<b><span data-contrast=\"auto\">9 de Julho<\/span><\/b><br \/><span data-contrast=\"auto\">A obra contemplar\u00e1 o restauro do pavimento da Nove de Julho entre a avenida Independ\u00eancia e a rua Tibiri\u00e7\u00e1, o restauro do canteiro central do mesmo trecho, implanta\u00e7\u00e3o de travessias com acessibilidade para pessoas com defici\u00eancia nos cruzamentos e implanta\u00e7\u00e3o de galerias de \u00e1guas pluviais nas ruas Comandante Marcondes Salgado e S\u00e3o Jos\u00e9, ligando a Nove de Julho \u00e0 avenida Doutor Francisco Junqueira.<\/span><\/p>\n<p><span data-contrast=\"auto\">Quanto aos paralelep\u00edpedos, um problema hist\u00f3rico da avenida, as obras incluem a escava\u00e7\u00e3o no solo de aproximadamente 50 cent\u00edmetros para a coloca\u00e7\u00e3o de uma base de concreto. Os paralelep\u00edpedos ser\u00e3o recolocados sobre essa base para que eles n\u00e3o afundem mais. Esse trabalho permitir\u00e1 manter a qualidade do pavimento por mais tempo de uso.<\/span><\/p>\n<p><span data-contrast=\"auto\">Todo o canteiro central ser\u00e1 restaurado, preservando os mosaicos de pedras portuguesas e as \u00e1rvores, que n\u00e3o ser\u00e3o retiradas. Com a obra, ser\u00e1 poss\u00edvel implantar acessibilidade nos cruzamentos e retornos da avenida, com rampas de acesso para cadeirantes, piso t\u00e1til direcional e de alerta indicando os pontos de espera e de travessia.<\/span><span data-ccp-props=\"{&quot;201341983&quot;:0,&quot;335559739&quot;:200,&quot;335559740&quot;:276}\">\u00a0<\/span><\/p>\n<p><span data-ccp-props=\"{&quot;201341983&quot;:0,&quot;335559739&quot;:200,&quot;335559740&quot;:276}\">\u00a0<\/span><\/p>\n<p><span data-ccp-props=\"{&quot;201341983&quot;:0,&quot;335559739&quot;:200,&quot;335559740&quot;:276}\">\u00a0<\/span><\/p>\n<p><span data-ccp-props=\"{&quot;201341983&quot;:0,&quot;335559739&quot;:200,&quot;335559740&quot;:276}\">\u00a0<\/span><\/p>\n<p>\u00a0<\/p>\n<\/div>\n<p><br \/>\n<br \/><a href=\"https:\/\/www.tribunaribeirao.com.br\/site\/duas-empresas-de-sp-disputam-obra-na-nove-de-julho\/\">Source link <\/a><\/p>\n<!-- CONTENT END 1 -->\n","protected":false},"excerpt":{"rendered":"<p>Duas empresas foram habilitadas pela prefeitura de Ribeir\u00e3o Preto e seguem na licita\u00e7\u00e3o \u2013 concorr\u00eancia p\u00fablica \u2013 que definir\u00e1 qual delas ser\u00e1 a respons\u00e1vel pela&#8230;<\/p>\n","protected":false},"author":1,"featured_media":43085,"comment_status":"open","ping_status":"open","sticky":false,"template":"","format":"standard","meta":{"advanced_seo_description":"","jetpack_seo_html_title":"","jetpack_seo_noindex":false,"jetpack_post_was_ever_published":false,"_jetpack_newsletter_access":"","_jetpack_dont_email_post_to_subs":false,"_jetpack_newsletter_tier_id":0,"_jetpack_memberships_contains_paywalled_content":false,"_jetpack_memberships_contains_paid_content":false,"footnotes":"","jetpack_publicize_message":"","jetpack_publicize_feature_enabled":true,"jetpack_social_post_already_shared":true,"jetpack_social_options":{"image_generator_settings":{"template":"highway","default_image_id":0,"font":"","enabled":false},"version":2}},"categories":[11],"tags":[2188,1662,1717,1229,1228,169],"class_list":["post-43084","post","type-post","status-publish","format-standard","has-post-thumbnail","hentry","category-noticias-de-ribeirao-preto-sp-e-regiao-ismael-colosi","tag-disputam","tag-duas","tag-empresas","tag-julho","tag-nove","tag-obra"],"jetpack_publicize_connections":[],"jetpack_featured_media_url":"https:\/\/i0.wp.com\/noticiasribeiraopreto.com.br\/wp-content\/uploads\/2024\/03\/NoveRP-Alfredo-Risk-Arquivo-1-scaled.jpg?fit=967%2C645&ssl=1","jetpack-related-posts":[{"id":42948,"url":"https:\/\/noticiasribeiraopreto.com.br\/index.php\/2024\/03\/18\/duas-empresas-se-interessam-por-obras-da-avenida-nove-de-julho-em-ribeirao-preto\/","url_meta":{"origin":43084,"position":0},"title":"Duas empresas se interessam por obras da avenida Nove de Julho em Ribeir\u00e3o Preto","author":"noticiasribeiraopreto.com.br","date":"18 de March de 2024","format":false,"excerpt":"A Prefeitura de Ribeir\u00e3o Preto iniciou nesta segunda-feira (18) o processo de licita\u00e7\u00e3o para a contrata\u00e7\u00e3o da nova empresa que concluir\u00e1 as obras de revitaliza\u00e7\u00e3o e restaura\u00e7\u00e3o da avenida Nove de Julho, em Ribeir\u00e3o Preto. As obras est\u00e3o paradas desde dezembro do ano passado. Segundo a administra\u00e7\u00e3o, as empresas participantes\u2026","rel":"","context":"In &quot;Not\u00edcias de Ribeir\u00e3o Preto-SP e Regi\u00e3o&quot;","block_context":{"text":"Not\u00edcias de Ribeir\u00e3o Preto-SP e Regi\u00e3o","link":"https:\/\/noticiasribeiraopreto.com.br\/index.php\/category\/noticias-de-ribeirao-preto-sp-e-regiao-ismael-colosi\/"},"img":{"alt_text":"","src":"https:\/\/i0.wp.com\/noticiasribeiraopreto.com.br\/wp-content\/uploads\/2024\/03\/WhatsApp-Image-2023-12-20-at-10.47.41-1024x576-1.jpeg?fit=1024%2C576&ssl=1&resize=350%2C200","width":350,"height":200,"srcset":"https:\/\/i0.wp.com\/noticiasribeiraopreto.com.br\/wp-content\/uploads\/2024\/03\/WhatsApp-Image-2023-12-20-at-10.47.41-1024x576-1.jpeg?fit=1024%2C576&ssl=1&resize=350%2C200 1x, https:\/\/i0.wp.com\/noticiasribeiraopreto.com.br\/wp-content\/uploads\/2024\/03\/WhatsApp-Image-2023-12-20-at-10.47.41-1024x576-1.jpeg?fit=1024%2C576&ssl=1&resize=525%2C300 1.5x, https:\/\/i0.wp.com\/noticiasribeiraopreto.com.br\/wp-content\/uploads\/2024\/03\/WhatsApp-Image-2023-12-20-at-10.47.41-1024x576-1.jpeg?fit=1024%2C576&ssl=1&resize=700%2C400 2x"},"classes":[]},{"id":80889,"url":"https:\/\/noticiasribeiraopreto.com.br\/index.php\/2025\/12\/17\/cratera-surge-na-avenida-nove-de-julho\/","url_meta":{"origin":43084,"position":1},"title":"Cratera surge na \u2028Avenida Nove de Julho","author":"noticiasribeiraopreto.com.br","date":"17 de December de 2025","format":false,"excerpt":"\r \r \r 17 de dezembro de 2025 07:04 \r Compartilhar0 O motorista que passa pelo cruzamento da avenida Nove de Julho com a rua Marechal Deodoro, no Centro de Ribeir\u00e3o Preto, precisa ter paci\u00eancia. Por causa das fortes chuvas, o piso de paralelep\u00edpedo cedeu ao lado de um bueiro,\u2026","rel":"","context":"In &quot;Not\u00edcias de Ribeir\u00e3o Preto-SP e Regi\u00e3o&quot;","block_context":{"text":"Not\u00edcias de Ribeir\u00e3o Preto-SP e Regi\u00e3o","link":"https:\/\/noticiasribeiraopreto.com.br\/index.php\/category\/noticias-de-ribeirao-preto-sp-e-regiao-ismael-colosi\/"},"img":{"alt_text":"","src":"https:\/\/i0.wp.com\/noticiasribeiraopreto.com.br\/wp-content\/uploads\/2025\/12\/NoveRP-Max-Gallao-Mesquita-scaled.jpg?fit=1200%2C675&ssl=1&resize=350%2C200","width":350,"height":200,"srcset":"https:\/\/i0.wp.com\/noticiasribeiraopreto.com.br\/wp-content\/uploads\/2025\/12\/NoveRP-Max-Gallao-Mesquita-scaled.jpg?fit=1200%2C675&ssl=1&resize=350%2C200 1x, https:\/\/i0.wp.com\/noticiasribeiraopreto.com.br\/wp-content\/uploads\/2025\/12\/NoveRP-Max-Gallao-Mesquita-scaled.jpg?fit=1200%2C675&ssl=1&resize=525%2C300 1.5x, https:\/\/i0.wp.com\/noticiasribeiraopreto.com.br\/wp-content\/uploads\/2025\/12\/NoveRP-Max-Gallao-Mesquita-scaled.jpg?fit=1200%2C675&ssl=1&resize=700%2C400 2x, https:\/\/i0.wp.com\/noticiasribeiraopreto.com.br\/wp-content\/uploads\/2025\/12\/NoveRP-Max-Gallao-Mesquita-scaled.jpg?fit=1200%2C675&ssl=1&resize=1050%2C600 3x"},"classes":[]},{"id":81422,"url":"https:\/\/noticiasribeiraopreto.com.br\/index.php\/2026\/01\/05\/prefeitura-pode-acionar-construtora-por-problemas-na-nove-de-julho\/","url_meta":{"origin":43084,"position":2},"title":"Prefeitura pode acionar construtora por problemas na Nove de Julho","author":"noticiasribeiraopreto.com.br","date":"5 de January de 2026","format":false,"excerpt":"\r \r \r 5 de janeiro de 2026 16:23 \r Compartilhar0 A Prefeitura de Ribeir\u00e3o Preto, por meio da Secretaria Municipal de Obras P\u00fablicas, poder\u00e1 acionar judicialmente a Construtora Era-T\u00e9cnica Engenharia Constru\u00e7\u00f5es e Servi\u00e7os Ltda., que concluiu a reforma e a revitaliza\u00e7\u00e3o da Avenida Nove de Julho. A informa\u00e7\u00e3o foi\u2026","rel":"","context":"In &quot;Not\u00edcias de Ribeir\u00e3o Preto-SP e Regi\u00e3o&quot;","block_context":{"text":"Not\u00edcias de Ribeir\u00e3o Preto-SP e Regi\u00e3o","link":"https:\/\/noticiasribeiraopreto.com.br\/index.php\/category\/noticias-de-ribeirao-preto-sp-e-regiao-ismael-colosi\/"},"img":{"alt_text":"","src":"https:\/\/i0.wp.com\/noticiasribeiraopreto.com.br\/wp-content\/uploads\/2026\/01\/Nove-de-Julho-1.jpg?fit=800%2C500&ssl=1&resize=350%2C200","width":350,"height":200,"srcset":"https:\/\/i0.wp.com\/noticiasribeiraopreto.com.br\/wp-content\/uploads\/2026\/01\/Nove-de-Julho-1.jpg?fit=800%2C500&ssl=1&resize=350%2C200 1x, https:\/\/i0.wp.com\/noticiasribeiraopreto.com.br\/wp-content\/uploads\/2026\/01\/Nove-de-Julho-1.jpg?fit=800%2C500&ssl=1&resize=525%2C300 1.5x, https:\/\/i0.wp.com\/noticiasribeiraopreto.com.br\/wp-content\/uploads\/2026\/01\/Nove-de-Julho-1.jpg?fit=800%2C500&ssl=1&resize=700%2C400 2x"},"classes":[]},{"id":44249,"url":"https:\/\/noticiasribeiraopreto.com.br\/index.php\/2024\/03\/26\/homologada-licitacao-para-obras-na-avenida-nove-de-julho\/","url_meta":{"origin":43084,"position":3},"title":"Homologada licita\u00e7\u00e3o para obras na Avenida Nove de Julho","author":"noticiasribeiraopreto.com.br","date":"26 de March de 2024","format":false,"excerpt":"26 de mar\u00e7o de 2024 | 18:07 0 A prefeitura de Ribeir\u00e3o Preto homologou nesta ter\u00e7a-feira, 26 de mar\u00e7o, a licita\u00e7\u00e3o para executar o remanescente da obra de revitaliza\u00e7\u00e3o e implanta\u00e7\u00e3o do corredor de \u00f4nibus na Avenida Nove de Julho. A disputa ocorreu na modalidade de Concorr\u00eancia P\u00fablica e a\u2026","rel":"","context":"In &quot;Not\u00edcias de Ribeir\u00e3o Preto-SP e Regi\u00e3o&quot;","block_context":{"text":"Not\u00edcias de Ribeir\u00e3o Preto-SP e Regi\u00e3o","link":"https:\/\/noticiasribeiraopreto.com.br\/index.php\/category\/noticias-de-ribeirao-preto-sp-e-regiao-ismael-colosi\/"},"img":{"alt_text":"","src":"https:\/\/i0.wp.com\/noticiasribeiraopreto.com.br\/wp-content\/uploads\/2024\/03\/nove_de_julho_-_foto_guilherme_sircili1-scaled.jpg?fit=967%2C645&ssl=1&resize=350%2C200","width":350,"height":200,"srcset":"https:\/\/i0.wp.com\/noticiasribeiraopreto.com.br\/wp-content\/uploads\/2024\/03\/nove_de_julho_-_foto_guilherme_sircili1-scaled.jpg?fit=967%2C645&ssl=1&resize=350%2C200 1x, https:\/\/i0.wp.com\/noticiasribeiraopreto.com.br\/wp-content\/uploads\/2024\/03\/nove_de_julho_-_foto_guilherme_sircili1-scaled.jpg?fit=967%2C645&ssl=1&resize=525%2C300 1.5x, https:\/\/i0.wp.com\/noticiasribeiraopreto.com.br\/wp-content\/uploads\/2024\/03\/nove_de_julho_-_foto_guilherme_sircili1-scaled.jpg?fit=967%2C645&ssl=1&resize=700%2C400 2x"},"classes":[]},{"id":44247,"url":"https:\/\/noticiasribeiraopreto.com.br\/index.php\/2024\/03\/26\/definida-empresa-que-continuara-as-obras-da-avenida-nove-de-julho-em-ribeirao-preto\/","url_meta":{"origin":43084,"position":4},"title":"Definida empresa que continuar\u00e1 as obras da avenida Nove de Julho em Ribeir\u00e3o Preto","author":"noticiasribeiraopreto.com.br","date":"26 de March de 2024","format":false,"excerpt":"Foi publicado no Di\u00e1rio Oficial do Munic\u00edpio desta ter\u00e7a-feira (26), a homologa\u00e7\u00e3o da licita\u00e7\u00e3o para as obras de revitaliza\u00e7\u00e3o e implanta\u00e7\u00e3o do corredor de \u00f4nibus da avenida Nove de Julho, paradas desde dezembro do ano passado. A empresa vencedora que retomar\u00e1 os servi\u00e7os no local \u00e9 a Era-T\u00e9cnica Engenharia Constru\u00e7\u00f5es\u2026","rel":"","context":"In &quot;Not\u00edcias de Ribeir\u00e3o Preto-SP e Regi\u00e3o&quot;","block_context":{"text":"Not\u00edcias de Ribeir\u00e3o Preto-SP e Regi\u00e3o","link":"https:\/\/noticiasribeiraopreto.com.br\/index.php\/category\/noticias-de-ribeirao-preto-sp-e-regiao-ismael-colosi\/"},"img":{"alt_text":"","src":"https:\/\/i0.wp.com\/noticiasribeiraopreto.com.br\/wp-content\/uploads\/2024\/03\/Copia-de-Copia-de-TAMANHO-EXATO-PARA-FOTOS-NO-SISTEMA-NOVO-87.jpg?fit=1200%2C675&ssl=1&resize=350%2C200","width":350,"height":200,"srcset":"https:\/\/i0.wp.com\/noticiasribeiraopreto.com.br\/wp-content\/uploads\/2024\/03\/Copia-de-Copia-de-TAMANHO-EXATO-PARA-FOTOS-NO-SISTEMA-NOVO-87.jpg?fit=1200%2C675&ssl=1&resize=350%2C200 1x, https:\/\/i0.wp.com\/noticiasribeiraopreto.com.br\/wp-content\/uploads\/2024\/03\/Copia-de-Copia-de-TAMANHO-EXATO-PARA-FOTOS-NO-SISTEMA-NOVO-87.jpg?fit=1200%2C675&ssl=1&resize=525%2C300 1.5x, https:\/\/i0.wp.com\/noticiasribeiraopreto.com.br\/wp-content\/uploads\/2024\/03\/Copia-de-Copia-de-TAMANHO-EXATO-PARA-FOTOS-NO-SISTEMA-NOVO-87.jpg?fit=1200%2C675&ssl=1&resize=700%2C400 2x, https:\/\/i0.wp.com\/noticiasribeiraopreto.com.br\/wp-content\/uploads\/2024\/03\/Copia-de-Copia-de-TAMANHO-EXATO-PARA-FOTOS-NO-SISTEMA-NOVO-87.jpg?fit=1200%2C675&ssl=1&resize=1050%2C600 3x"},"classes":[]},{"id":46122,"url":"https:\/\/noticiasribeiraopreto.com.br\/index.php\/2024\/04\/09\/veja-quando-as-obras-da-nove-de-julho-em-ribeirao-preto-serao-retomadas\/","url_meta":{"origin":43084,"position":5},"title":"Veja quando as obras da Nove de Julho em Ribeir\u00e3o Preto ser\u00e3o retomadas\u00a0","author":"noticiasribeiraopreto.com.br","date":"9 de April de 2024","format":false,"excerpt":"A Prefeitura de Ribeir\u00e3o Preto anunciou na tarde desta ter\u00e7a-feira (9), que as obras de revitaliza\u00e7\u00e3o e implanta\u00e7\u00e3o do corredor de \u00f4nibus da avenida Nove de Julho j\u00e1 tem data confirmada: 22 de abril. O prazo previsto para conclus\u00e3o \u00e9 de um ano, a contar da emiss\u00e3o da Ordem de\u2026","rel":"","context":"In &quot;Not\u00edcias de Ribeir\u00e3o Preto-SP e Regi\u00e3o&quot;","block_context":{"text":"Not\u00edcias de Ribeir\u00e3o Preto-SP e Regi\u00e3o","link":"https:\/\/noticiasribeiraopreto.com.br\/index.php\/category\/noticias-de-ribeirao-preto-sp-e-regiao-ismael-colosi\/"},"img":{"alt_text":"","src":"https:\/\/i0.wp.com\/noticiasribeiraopreto.com.br\/wp-content\/uploads\/2024\/04\/Copia-de-Copia-de-TAMANHO-EXATO-PARA-FOTOS-NO-SISTEMA-NOVO-10.jpg?fit=1200%2C675&ssl=1&resize=350%2C200","width":350,"height":200,"srcset":"https:\/\/i0.wp.com\/noticiasribeiraopreto.com.br\/wp-content\/uploads\/2024\/04\/Copia-de-Copia-de-TAMANHO-EXATO-PARA-FOTOS-NO-SISTEMA-NOVO-10.jpg?fit=1200%2C675&ssl=1&resize=350%2C200 1x, https:\/\/i0.wp.com\/noticiasribeiraopreto.com.br\/wp-content\/uploads\/2024\/04\/Copia-de-Copia-de-TAMANHO-EXATO-PARA-FOTOS-NO-SISTEMA-NOVO-10.jpg?fit=1200%2C675&ssl=1&resize=525%2C300 1.5x, https:\/\/i0.wp.com\/noticiasribeiraopreto.com.br\/wp-content\/uploads\/2024\/04\/Copia-de-Copia-de-TAMANHO-EXATO-PARA-FOTOS-NO-SISTEMA-NOVO-10.jpg?fit=1200%2C675&ssl=1&resize=700%2C400 2x, https:\/\/i0.wp.com\/noticiasribeiraopreto.com.br\/wp-content\/uploads\/2024\/04\/Copia-de-Copia-de-TAMANHO-EXATO-PARA-FOTOS-NO-SISTEMA-NOVO-10.jpg?fit=1200%2C675&ssl=1&resize=1050%2C600 3x"},"classes":[]}],"jetpack_sharing_enabled":true,"jetpack_shortlink":"https:\/\/wp.me\/peQAOb-bcU","_links":{"self":[{"href":"https:\/\/noticiasribeiraopreto.com.br\/index.php\/wp-json\/wp\/v2\/posts\/43084","targetHints":{"allow":["GET"]}}],"collection":[{"href":"https:\/\/noticiasribeiraopreto.com.br\/index.php\/wp-json\/wp\/v2\/posts"}],"about":[{"href":"https:\/\/noticiasribeiraopreto.com.br\/index.php\/wp-json\/wp\/v2\/types\/post"}],"author":[{"embeddable":true,"href":"https:\/\/noticiasribeiraopreto.com.br\/index.php\/wp-json\/wp\/v2\/users\/1"}],"replies":[{"embeddable":true,"href":"https:\/\/noticiasribeiraopreto.com.br\/index.php\/wp-json\/wp\/v2\/comments?post=43084"}],"version-history":[{"count":0,"href":"https:\/\/noticiasribeiraopreto.com.br\/index.php\/wp-json\/wp\/v2\/posts\/43084\/revisions"}],"wp:featuredmedia":[{"embeddable":true,"href":"https:\/\/noticiasribeiraopreto.com.br\/index.php\/wp-json\/wp\/v2\/media\/43085"}],"wp:attachment":[{"href":"https:\/\/noticiasribeiraopreto.com.br\/index.php\/wp-json\/wp\/v2\/media?parent=43084"}],"wp:term":[{"taxonomy":"category","embeddable":true,"href":"https:\/\/noticiasribeiraopreto.com.br\/index.php\/wp-json\/wp\/v2\/categories?post=43084"},{"taxonomy":"post_tag","embeddable":true,"href":"https:\/\/noticiasribeiraopreto.com.br\/index.php\/wp-json\/wp\/v2\/tags?post=43084"}],"curies":[{"name":"wp","href":"https:\/\/api.w.org\/{rel}","templated":true}]}}