{"id":43120,"date":"2024-03-19T13:17:42","date_gmt":"2024-03-19T16:17:42","guid":{"rendered":"https:\/\/noticiasribeiraopreto.com.br\/index.php\/2024\/03\/19\/acirp-vai-subsidiar-estacionamento-no-centro-de-rp\/"},"modified":"2024-03-19T13:17:42","modified_gmt":"2024-03-19T16:17:42","slug":"acirp-vai-subsidiar-estacionamento-no-centro-de-rp","status":"publish","type":"post","link":"https:\/\/noticiasribeiraopreto.com.br\/index.php\/2024\/03\/19\/acirp-vai-subsidiar-estacionamento-no-centro-de-rp\/","title":{"rendered":"Acirp vai subsidiar estacionamento no centro de RP"},"content":{"rendered":"<div class='code-block code-block-1' style='margin: 8px 0 8px auto; text-align: right; display: block; clear: both;'>\n<p><a href=\"https:\/\/wa.link\/vpicfd\"><img data-recalc-dims=\"1\" class=\"wp-image-4922\" style=\"aspect-ratio: 2.0253164556962027; width: 561px; height: auto;\" src=\"https:\/\/i0.wp.com\/ismaelcolosi.com.br\/wp-content\/uploads\/2023\/11\/grupo-de-empregos-whatsapp-e-facebook-ismael-colosi-vagas.jpg?ssl=1\" alt=\"\" \/><\/a><\/p>\n<!-- \/wp:image -->\n<\/div>\n<p> <br \/>\n<\/p>\n<div id=\"\">\n<p> <span class=\"entry-meta-item penci-posted-on\"><i class=\"fa fa-clock-o\"\/><time class=\"entry-date published\" datetime=\"2024-03-19T13:00:19-03:00\">19 de mar\u00e7o de 2024 | 13:00<\/time><time class=\"updated\" datetime=\"2024-03-19T09:17:43-03:00\">19 de mar\u00e7o de 2024 | 9:17<\/time><\/span><\/p>\n<p> <span class=\"penci-social-buttons penci-social-share-footer\"><a href=\"#\" class=\"penci-post-like penci_post-meta_item  single-like-button penci-social-item like\" data-post_id=\"377805\" title=\"Like\" data-like=\"Like\" data-unlike=\"Unlike\"><i class=\"fa fa-thumbs-o-up\"\/><span class=\"penci-share-number\">0<\/span><\/a><i class=\"fa fa-facebook\"\/><a class=\"penci-social-item twitter\" target=\"_blank\" rel=\"noopener\" title=\"\" href=\"https:\/\/twitter.com\/intent\/tweet?text=Acirp%20vai%20subsidiar%20estacionamento%20no%20centro%20de%20RP%20-%20https:\/\/www.tribunaribeirao.com.br\/site\/acirp-vai-subsidiar-estacionamento-no-centro-de-rp\/\"><i class=\"fa fa-twitter\"\/><\/a><i class=\"fa fa-whatsapp\"\/><\/span><\/div>\n<div>\n<p><span data-contrast=\"none\">A Associa\u00e7\u00e3o Comercial e Industrial de Ribeir\u00e3o Preto (Acirp) vai bancar o estacionamento para os clientes que forem \u00e0s compras na rua Bar\u00e3o do Amazonas durante o per\u00edodo que durarem as obras de mobilidade urbana na via. <\/span><\/p>\n<p><span data-contrast=\"none\">A medida tem como objetivo minimizar os transtornos causados pelas interven\u00e7\u00f5es e come\u00e7ou a valer nesta segunda-feira, 18 de mar\u00e7o, vigorando at\u00e9 o t\u00e9rmino das obras. O benef\u00edcio est\u00e1 dispon\u00edvel em lojas da Bar\u00e3o localizadas entre as ruas General Os\u00f3rio e Flor\u00eancio de Abreu e \u00e9 v\u00e1lido por at\u00e9 duas horas.\u00a0 <\/span><\/p>\n<p><span data-contrast=\"none\">\u201cVamos manter a promo\u00e7\u00e3o para os clientes dos lojistas dessa \u00e1rea at\u00e9 o fim das interven\u00e7\u00f5es. A ideia \u00e9 facilitar o acesso e mostrar que o com\u00e9rcio central se mant\u00e9m ativo e atrativo\u201d, afirma Sandra Brandani, presidente da Associa\u00e7\u00e3o.\u00a0 S\u00e3o dois estacionamentos parceiros da campanha: o Itamarati (rua Visconde de Inha\u00fama n\u00ba 462) e o PH Estacionamento (S\u00e3o Sebasti\u00e3o n\u00ba 735). <\/span><\/p>\n<p><span data-contrast=\"none\">Para mais informa\u00e7\u00f5es e regulamento, consulte as redes sociais da Associa\u00e7\u00e3o Comercial e Industrial. Al\u00e9m de gratuidade do estacionamento, Acirp disponibilizou espa\u00e7o em suas redes sociais para que os lojistas da Bar\u00e3o do Amazonas, mesmo os n\u00e3o-associados, fa\u00e7am a divulga\u00e7\u00e3o de seus produtos e servi\u00e7os. <\/span><\/p>\n<p><span data-contrast=\"none\">\u201cEsses comerciantes, associados ou n\u00e3o, podem enviar um v\u00eddeo de at\u00e9 um minuto apresentando suas empresas que iremos publicar em nosso Instagram, Facebook e Linkedin, dentro do Vitrine Acirp\u201d, destaca Sandra Brandani.\u00a0 A capta\u00e7\u00e3o e edi\u00e7\u00e3o do material devem ser feitas em formato vertical \u00e9 necess\u00e1rio informar nome da empresa, endere\u00e7o, telefone e rede social pr\u00f3pria (quando houver).\u00a0<\/span><span data-ccp-props=\"{&quot;201341983&quot;:0,&quot;335559739&quot;:200,&quot;335559740&quot;:276}\">\u00a0<\/span><\/p>\n<p><span data-contrast=\"none\">Cada v\u00eddeo ser\u00e1 publicado uma \u00fanica vez, por ordem de recebimento. O e-mail para envio \u00e9 [email\u00a0protected]. O estacionamento gratuito para compras na Bar\u00e3o do Amazonas \u00e9 v\u00e1lido por at\u00e9 duas horas para acesso a estabelecimentos situados entre as ruas General Os\u00f3rio e Flor\u00eancio de Abreu.\u00a0 <\/span><\/p>\n<p><span data-contrast=\"none\">A DGB Engenharia e Constru\u00e7\u00f5es Ltda. venceu a licita\u00e7\u00e3o do quadril\u00e1tero central com a proposta de R$ 20.774.887,51.\u00a0 Segundo o edital de licita\u00e7\u00e3o, o prazo para conclus\u00e3o \u00e9 de 15 meses a partir do in\u00edcio das obras, que come\u00e7ou em maio do ano passado, entre outubro e novembro de 2024.<\/span><\/p>\n<\/div>\n<p><script async src=\"\/\/platform.twitter.com\/widgets.js\" charset=\"utf-8\"><\/script><br \/>\n<br \/><br \/>\n<br \/><a href=\"https:\/\/www.tribunaribeirao.com.br\/site\/acirp-vai-subsidiar-estacionamento-no-centro-de-rp\/\">Source link <\/a><\/p>\n<!-- CONTENT END 1 -->\n","protected":false},"excerpt":{"rendered":"<p>19 de mar\u00e7o de 2024 | 13:0019 de mar\u00e7o de 2024 | 9:17 0 A Associa\u00e7\u00e3o Comercial e Industrial de Ribeir\u00e3o Preto (Acirp) vai bancar&#8230;<\/p>\n","protected":false},"author":1,"featured_media":43121,"comment_status":"open","ping_status":"open","sticky":false,"template":"","format":"standard","meta":{"advanced_seo_description":"","jetpack_seo_html_title":"","jetpack_seo_noindex":false,"jetpack_post_was_ever_published":false,"_jetpack_newsletter_access":"","_jetpack_dont_email_post_to_subs":false,"_jetpack_newsletter_tier_id":0,"_jetpack_memberships_contains_paywalled_content":false,"_jetpack_memberships_contains_paid_content":false,"footnotes":"","jetpack_publicize_message":"","jetpack_publicize_feature_enabled":true,"jetpack_social_post_already_shared":true,"jetpack_social_options":{"image_generator_settings":{"template":"highway","default_image_id":0,"font":"","enabled":false},"version":2}},"categories":[11],"tags":[1276,418,4178,5119,529],"class_list":["post-43120","post","type-post","status-publish","format-standard","has-post-thumbnail","hentry","category-noticias-de-ribeirao-preto-sp-e-regiao-ismael-colosi","tag-acirp","tag-centro","tag-estacionamento","tag-subsidiar","tag-vai"],"jetpack_publicize_connections":[],"jetpack_featured_media_url":"https:\/\/i0.wp.com\/noticiasribeiraopreto.com.br\/wp-content\/uploads\/2024\/03\/AcirpOBRAS-Max-Gallao-Mesquita-scaled.jpg?fit=967%2C645&ssl=1","jetpack-related-posts":[{"id":43028,"url":"https:\/\/noticiasribeiraopreto.com.br\/index.php\/2024\/03\/18\/acirp-vai-subsidiar-estacionamento-para-clientes-no-centro-de-ribeirao-entenda\/","url_meta":{"origin":43120,"position":0},"title":"Acirp vai subsidiar estacionamento para clientes no Centro de Ribeir\u00e3o; Entenda","author":"noticiasribeiraopreto.com.br","date":"18 de March de 2024","format":false,"excerpt":"A Acirp (Associa\u00e7\u00e3o Comercial e Industrial de Ribeir\u00e3o Preto) anunciou que vai subsidiar o estacionamento de clientes que forem \u00e0s compras na rua Bar\u00e3o do Amazonas, no Centro da cidade, durante o per\u00edodo em que durarem as obras de Mobilidade Urbana da via. A medida come\u00e7ou a valer nesta segunda-feira\u2026","rel":"","context":"In &quot;Not\u00edcias de Ribeir\u00e3o Preto-SP e Regi\u00e3o&quot;","block_context":{"text":"Not\u00edcias de Ribeir\u00e3o Preto-SP e Regi\u00e3o","link":"https:\/\/noticiasribeiraopreto.com.br\/index.php\/category\/noticias-de-ribeirao-preto-sp-e-regiao-ismael-colosi\/"},"img":{"alt_text":"","src":"https:\/\/i0.wp.com\/noticiasribeiraopreto.com.br\/wp-content\/uploads\/2024\/03\/WhatsApp-Image-2024-02-07-at-12.37.42-e1710800584415.jpeg?fit=979%2C639&ssl=1&resize=350%2C200","width":350,"height":200,"srcset":"https:\/\/i0.wp.com\/noticiasribeiraopreto.com.br\/wp-content\/uploads\/2024\/03\/WhatsApp-Image-2024-02-07-at-12.37.42-e1710800584415.jpeg?fit=979%2C639&ssl=1&resize=350%2C200 1x, https:\/\/i0.wp.com\/noticiasribeiraopreto.com.br\/wp-content\/uploads\/2024\/03\/WhatsApp-Image-2024-02-07-at-12.37.42-e1710800584415.jpeg?fit=979%2C639&ssl=1&resize=525%2C300 1.5x, https:\/\/i0.wp.com\/noticiasribeiraopreto.com.br\/wp-content\/uploads\/2024\/03\/WhatsApp-Image-2024-02-07-at-12.37.42-e1710800584415.jpeg?fit=979%2C639&ssl=1&resize=700%2C400 2x"},"classes":[]},{"id":60083,"url":"https:\/\/noticiasribeiraopreto.com.br\/index.php\/2024\/11\/05\/prefeitura-de-ribeirao-estuda-flexibilizar-estacionamento-no-centro-entenda\/","url_meta":{"origin":43120,"position":1},"title":"Prefeitura de Ribeir\u00e3o estuda flexibilizar estacionamento no Centro; Entenda","author":"noticiasribeiraopreto.com.br","date":"5 de November de 2024","format":false,"excerpt":"A Prefeitura de Ribeir\u00e3o Preto informou, nesta ter\u00e7a-feira (5), que estuda flexibilizar o estacionamento de ve\u00edculos na regi\u00e3o central do munic\u00edpio durante o per\u00edodo de festas. Na \u00faltima sexta-feira (1\u00ba), a RP Mobi come\u00e7ou a fiscaliza\u00e7\u00e3o dos novos corredores de \u00f4nibus. O atual prefeito de Ribeir\u00e3o Preto, Duarte Nogueira, e\u2026","rel":"","context":"In &quot;Not\u00edcias de Ribeir\u00e3o Preto-SP e Regi\u00e3o&quot;","block_context":{"text":"Not\u00edcias de Ribeir\u00e3o Preto-SP e Regi\u00e3o","link":"https:\/\/noticiasribeiraopreto.com.br\/index.php\/category\/noticias-de-ribeirao-preto-sp-e-regiao-ismael-colosi\/"},"img":{"alt_text":"","src":"https:\/\/i0.wp.com\/noticiasribeiraopreto.com.br\/wp-content\/uploads\/2024\/10\/WhatsApp-Image-2024-10-17-at-15.21.39-1_2024-10-17_21-53-49_jpeg_2024-10-17_21-53-50.webp.webp?fit=1200%2C800&ssl=1&resize=350%2C200","width":350,"height":200,"srcset":"https:\/\/i0.wp.com\/noticiasribeiraopreto.com.br\/wp-content\/uploads\/2024\/10\/WhatsApp-Image-2024-10-17-at-15.21.39-1_2024-10-17_21-53-49_jpeg_2024-10-17_21-53-50.webp.webp?fit=1200%2C800&ssl=1&resize=350%2C200 1x, https:\/\/i0.wp.com\/noticiasribeiraopreto.com.br\/wp-content\/uploads\/2024\/10\/WhatsApp-Image-2024-10-17-at-15.21.39-1_2024-10-17_21-53-49_jpeg_2024-10-17_21-53-50.webp.webp?fit=1200%2C800&ssl=1&resize=525%2C300 1.5x, https:\/\/i0.wp.com\/noticiasribeiraopreto.com.br\/wp-content\/uploads\/2024\/10\/WhatsApp-Image-2024-10-17-at-15.21.39-1_2024-10-17_21-53-49_jpeg_2024-10-17_21-53-50.webp.webp?fit=1200%2C800&ssl=1&resize=700%2C400 2x, https:\/\/i0.wp.com\/noticiasribeiraopreto.com.br\/wp-content\/uploads\/2024\/10\/WhatsApp-Image-2024-10-17-at-15.21.39-1_2024-10-17_21-53-49_jpeg_2024-10-17_21-53-50.webp.webp?fit=1200%2C800&ssl=1&resize=1050%2C600 3x"},"classes":[]},{"id":61625,"url":"https:\/\/noticiasribeiraopreto.com.br\/index.php\/2024\/12\/17\/area-azul-digital-pode-ser-ampliada-no-centro-de-ribeirao-veja-onde\/","url_meta":{"origin":43120,"position":2},"title":"\u00c1rea Azul Digital pode ser ampliada no Centro de Ribeir\u00e3o; veja onde","author":"noticiasribeiraopreto.com.br","date":"17 de December de 2024","format":false,"excerpt":"A Associa\u00e7\u00e3o Comercial e Industrial de Ribeir\u00e3o Preto (Acirp) enviou um of\u00edcio \u00e0 RP Mobi nesta ter\u00e7a-feira (17) solicitando a amplia\u00e7\u00e3o tempor\u00e1ria da \u00c1rea Azul Digital em trechos espec\u00edficos das ruas Visconde de Inha\u00fama e Bar\u00e3o do Amazonas. De acordo com o documento, a Acirp solicita incluir os seguintes trechos\u2026","rel":"","context":"In &quot;Not\u00edcias de Ribeir\u00e3o Preto-SP e Regi\u00e3o&quot;","block_context":{"text":"Not\u00edcias de Ribeir\u00e3o Preto-SP e Regi\u00e3o","link":"https:\/\/noticiasribeiraopreto.com.br\/index.php\/category\/noticias-de-ribeirao-preto-sp-e-regiao-ismael-colosi\/"},"img":{"alt_text":"","src":"https:\/\/i0.wp.com\/noticiasribeiraopreto.com.br\/wp-content\/uploads\/2024\/11\/area_azul_parquimetros_-_foto_guilherme_sircili_4_2024-11-14_23-03-22_jpg_2024-11-14_23-03-22.webp.webp?fit=1200%2C800&ssl=1&resize=350%2C200","width":350,"height":200,"srcset":"https:\/\/i0.wp.com\/noticiasribeiraopreto.com.br\/wp-content\/uploads\/2024\/11\/area_azul_parquimetros_-_foto_guilherme_sircili_4_2024-11-14_23-03-22_jpg_2024-11-14_23-03-22.webp.webp?fit=1200%2C800&ssl=1&resize=350%2C200 1x, https:\/\/i0.wp.com\/noticiasribeiraopreto.com.br\/wp-content\/uploads\/2024\/11\/area_azul_parquimetros_-_foto_guilherme_sircili_4_2024-11-14_23-03-22_jpg_2024-11-14_23-03-22.webp.webp?fit=1200%2C800&ssl=1&resize=525%2C300 1.5x, https:\/\/i0.wp.com\/noticiasribeiraopreto.com.br\/wp-content\/uploads\/2024\/11\/area_azul_parquimetros_-_foto_guilherme_sircili_4_2024-11-14_23-03-22_jpg_2024-11-14_23-03-22.webp.webp?fit=1200%2C800&ssl=1&resize=700%2C400 2x, https:\/\/i0.wp.com\/noticiasribeiraopreto.com.br\/wp-content\/uploads\/2024\/11\/area_azul_parquimetros_-_foto_guilherme_sircili_4_2024-11-14_23-03-22_jpg_2024-11-14_23-03-22.webp.webp?fit=1200%2C800&ssl=1&resize=1050%2C600 3x"},"classes":[]},{"id":48894,"url":"https:\/\/noticiasribeiraopreto.com.br\/index.php\/2024\/05\/07\/fundo-social-de-ribeirao-recebe-20-toneladas-de-doacoes-para-o-rio-grande-do-sul\/","url_meta":{"origin":43120,"position":3},"title":"Fundo Social de Ribeir\u00e3o recebe 20 toneladas de doa\u00e7\u00f5es para o Rio Grande do Sul","author":"noticiasribeiraopreto.com.br","date":"7 de May de 2024","format":false,"excerpt":"O Fundo Social de Solidariedade (FSS) de Ribeir\u00e3o Preto recebeu 20 toneladas de doa\u00e7\u00f5es para as v\u00edtimas das chuvas no Rio Grande do Sul. O balan\u00e7o foi divulgado no fim da tarde desta segunda (6) e a campanha continua. A a\u00e7\u00e3o teve in\u00edcio no \u00faltimo s\u00e1bado (4) e entre as\u2026","rel":"","context":"In &quot;Not\u00edcias de Ribeir\u00e3o Preto-SP e Regi\u00e3o&quot;","block_context":{"text":"Not\u00edcias de Ribeir\u00e3o Preto-SP e Regi\u00e3o","link":"https:\/\/noticiasribeiraopreto.com.br\/index.php\/category\/noticias-de-ribeirao-preto-sp-e-regiao-ismael-colosi\/"},"img":{"alt_text":"","src":"https:\/\/i0.wp.com\/noticiasribeiraopreto.com.br\/wp-content\/uploads\/2024\/05\/campanha_enchentes_2_2024-05-07_15-33-32_jpeg_2024-05-07_15-33-33.webp.webp?fit=1200%2C900&ssl=1&resize=350%2C200","width":350,"height":200,"srcset":"https:\/\/i0.wp.com\/noticiasribeiraopreto.com.br\/wp-content\/uploads\/2024\/05\/campanha_enchentes_2_2024-05-07_15-33-32_jpeg_2024-05-07_15-33-33.webp.webp?fit=1200%2C900&ssl=1&resize=350%2C200 1x, https:\/\/i0.wp.com\/noticiasribeiraopreto.com.br\/wp-content\/uploads\/2024\/05\/campanha_enchentes_2_2024-05-07_15-33-32_jpeg_2024-05-07_15-33-33.webp.webp?fit=1200%2C900&ssl=1&resize=525%2C300 1.5x, https:\/\/i0.wp.com\/noticiasribeiraopreto.com.br\/wp-content\/uploads\/2024\/05\/campanha_enchentes_2_2024-05-07_15-33-32_jpeg_2024-05-07_15-33-33.webp.webp?fit=1200%2C900&ssl=1&resize=700%2C400 2x, https:\/\/i0.wp.com\/noticiasribeiraopreto.com.br\/wp-content\/uploads\/2024\/05\/campanha_enchentes_2_2024-05-07_15-33-32_jpeg_2024-05-07_15-33-33.webp.webp?fit=1200%2C900&ssl=1&resize=1050%2C600 3x"},"classes":[]},{"id":74824,"url":"https:\/\/noticiasribeiraopreto.com.br\/index.php\/2025\/07\/29\/acirp-centraliza-atendimentos-presenciais-no-centro-de-ribeirao-preto\/","url_meta":{"origin":43120,"position":4},"title":"Acirp centraliza atendimentos presenciais no Centro de Ribeir\u00e3o Preto","author":"noticiasribeiraopreto.com.br","date":"29 de July de 2025","format":false,"excerpt":"A Acirp (Associa\u00e7\u00e3o Comercial e Industrial de Ribeir\u00e3o Preto) anunciou que vai centralizar o atendimento presencial das seis distritais na sede da entidade, na sede da associa\u00e7\u00e3o, que fica no Centro de Ribeir\u00e3o Preto. Os canais digitais de cada regional seguem ativos e com atendimento direcionado ao perfil geogr\u00e1fico dos\u2026","rel":"","context":"In &quot;Not\u00edcias de Ribeir\u00e3o Preto-SP e Regi\u00e3o&quot;","block_context":{"text":"Not\u00edcias de Ribeir\u00e3o Preto-SP e Regi\u00e3o","link":"https:\/\/noticiasribeiraopreto.com.br\/index.php\/category\/noticias-de-ribeirao-preto-sp-e-regiao-ismael-colosi\/"},"img":{"alt_text":"","src":"https:\/\/i0.wp.com\/noticiasribeiraopreto.com.br\/wp-content\/uploads\/2025\/07\/AnyConv.com__acirp.webp.webp?fit=696%2C409&ssl=1&resize=350%2C200","width":350,"height":200,"srcset":"https:\/\/i0.wp.com\/noticiasribeiraopreto.com.br\/wp-content\/uploads\/2025\/07\/AnyConv.com__acirp.webp.webp?fit=696%2C409&ssl=1&resize=350%2C200 1x, https:\/\/i0.wp.com\/noticiasribeiraopreto.com.br\/wp-content\/uploads\/2025\/07\/AnyConv.com__acirp.webp.webp?fit=696%2C409&ssl=1&resize=525%2C300 1.5x"},"classes":[]},{"id":60484,"url":"https:\/\/noticiasribeiraopreto.com.br\/index.php\/2024\/11\/14\/ruas-do-centro-de-ribeirao-terao-retorno-da-area-azul-durante-o-periodo-de-festas\/","url_meta":{"origin":43120,"position":5},"title":"Ruas do Centro de Ribeir\u00e3o ter\u00e3o retorno da \u00e1rea azul durante o per\u00edodo de festas","author":"noticiasribeiraopreto.com.br","date":"14 de November de 2024","format":false,"excerpt":"A partir desta sexta-feira (15) a Prefeitura de Ribeir\u00e3o Preto, por meio da RP Mobi, retoma com a \u00e1rea azul digital em trechos das ruas Bar\u00e3o do Amazonas e Visconde de Inha\u00fama, no Centro da cidade. O estacionamento rotativo ser\u00e1 no lado esquerdo, nas duas ruas. Essa implanta\u00e7\u00e3o acontece ap\u00f3s\u2026","rel":"","context":"In &quot;Not\u00edcias de Ribeir\u00e3o Preto-SP e Regi\u00e3o&quot;","block_context":{"text":"Not\u00edcias de Ribeir\u00e3o Preto-SP e Regi\u00e3o","link":"https:\/\/noticiasribeiraopreto.com.br\/index.php\/category\/noticias-de-ribeirao-preto-sp-e-regiao-ismael-colosi\/"},"img":{"alt_text":"","src":"https:\/\/i0.wp.com\/noticiasribeiraopreto.com.br\/wp-content\/uploads\/2024\/11\/area_azul_parquimetros_-_foto_guilherme_sircili_4_2024-11-14_23-03-22_jpg_2024-11-14_23-03-22.webp.webp?fit=1200%2C800&ssl=1&resize=350%2C200","width":350,"height":200,"srcset":"https:\/\/i0.wp.com\/noticiasribeiraopreto.com.br\/wp-content\/uploads\/2024\/11\/area_azul_parquimetros_-_foto_guilherme_sircili_4_2024-11-14_23-03-22_jpg_2024-11-14_23-03-22.webp.webp?fit=1200%2C800&ssl=1&resize=350%2C200 1x, https:\/\/i0.wp.com\/noticiasribeiraopreto.com.br\/wp-content\/uploads\/2024\/11\/area_azul_parquimetros_-_foto_guilherme_sircili_4_2024-11-14_23-03-22_jpg_2024-11-14_23-03-22.webp.webp?fit=1200%2C800&ssl=1&resize=525%2C300 1.5x, https:\/\/i0.wp.com\/noticiasribeiraopreto.com.br\/wp-content\/uploads\/2024\/11\/area_azul_parquimetros_-_foto_guilherme_sircili_4_2024-11-14_23-03-22_jpg_2024-11-14_23-03-22.webp.webp?fit=1200%2C800&ssl=1&resize=700%2C400 2x, https:\/\/i0.wp.com\/noticiasribeiraopreto.com.br\/wp-content\/uploads\/2024\/11\/area_azul_parquimetros_-_foto_guilherme_sircili_4_2024-11-14_23-03-22_jpg_2024-11-14_23-03-22.webp.webp?fit=1200%2C800&ssl=1&resize=1050%2C600 3x"},"classes":[]}],"jetpack_sharing_enabled":true,"jetpack_shortlink":"https:\/\/wp.me\/peQAOb-bdu","_links":{"self":[{"href":"https:\/\/noticiasribeiraopreto.com.br\/index.php\/wp-json\/wp\/v2\/posts\/43120","targetHints":{"allow":["GET"]}}],"collection":[{"href":"https:\/\/noticiasribeiraopreto.com.br\/index.php\/wp-json\/wp\/v2\/posts"}],"about":[{"href":"https:\/\/noticiasribeiraopreto.com.br\/index.php\/wp-json\/wp\/v2\/types\/post"}],"author":[{"embeddable":true,"href":"https:\/\/noticiasribeiraopreto.com.br\/index.php\/wp-json\/wp\/v2\/users\/1"}],"replies":[{"embeddable":true,"href":"https:\/\/noticiasribeiraopreto.com.br\/index.php\/wp-json\/wp\/v2\/comments?post=43120"}],"version-history":[{"count":0,"href":"https:\/\/noticiasribeiraopreto.com.br\/index.php\/wp-json\/wp\/v2\/posts\/43120\/revisions"}],"wp:featuredmedia":[{"embeddable":true,"href":"https:\/\/noticiasribeiraopreto.com.br\/index.php\/wp-json\/wp\/v2\/media\/43121"}],"wp:attachment":[{"href":"https:\/\/noticiasribeiraopreto.com.br\/index.php\/wp-json\/wp\/v2\/media?parent=43120"}],"wp:term":[{"taxonomy":"category","embeddable":true,"href":"https:\/\/noticiasribeiraopreto.com.br\/index.php\/wp-json\/wp\/v2\/categories?post=43120"},{"taxonomy":"post_tag","embeddable":true,"href":"https:\/\/noticiasribeiraopreto.com.br\/index.php\/wp-json\/wp\/v2\/tags?post=43120"}],"curies":[{"name":"wp","href":"https:\/\/api.w.org\/{rel}","templated":true}]}}