{"id":43175,"date":"2024-03-19T17:24:40","date_gmt":"2024-03-19T20:24:40","guid":{"rendered":"https:\/\/noticiasribeiraopreto.com.br\/index.php\/2024\/03\/19\/tempestade-atinge-ribeirao-preto-nesta-tarde-interior-de-sp-esta-sob-alerta\/"},"modified":"2024-03-19T17:24:40","modified_gmt":"2024-03-19T20:24:40","slug":"tempestade-atinge-ribeirao-preto-nesta-tarde-interior-de-sp-esta-sob-alerta","status":"publish","type":"post","link":"https:\/\/noticiasribeiraopreto.com.br\/index.php\/2024\/03\/19\/tempestade-atinge-ribeirao-preto-nesta-tarde-interior-de-sp-esta-sob-alerta\/","title":{"rendered":"Tempestade atinge Ribeir\u00e3o Preto nesta tarde; Interior de SP est\u00e1 sob alerta"},"content":{"rendered":"<div class='code-block code-block-1' style='margin: 8px 0 8px auto; text-align: right; display: block; clear: both;'>\n<p><a href=\"https:\/\/wa.link\/vpicfd\"><img data-recalc-dims=\"1\" class=\"wp-image-4922\" style=\"aspect-ratio: 2.0253164556962027; width: 561px; height: auto;\" src=\"https:\/\/i0.wp.com\/ismaelcolosi.com.br\/wp-content\/uploads\/2023\/11\/grupo-de-empregos-whatsapp-e-facebook-ismael-colosi-vagas.jpg?ssl=1\" alt=\"\" \/><\/a><\/p>\n<!-- \/wp:image -->\n<\/div>\n<p> <br \/>\n<\/p>\n<div>\n<p><strong>Ribeir\u00e3o Preto <\/strong>foi atingida por um temporal, na tarde desta ter\u00e7a-feira (19). <strong>A chegada de nuvens carregadas fez com que o c\u00e9u da cidade ficasse escuro em diversas regi\u00f5es, por volta das 16h.<\/strong><\/p>\n<p>A chuva que atinge a cidade j\u00e1 causa transtornos em alguns lugares, como no <strong>Alto do Ipiranga, zona Norte Ribeir\u00e3o Preto<\/strong> \u2013 veja o v\u00eddeo abaixo. Tamb\u00e9m existem registros de alagamento nos bairros <strong>Portal do Alto<\/strong>, <strong>na Lagoinha<\/strong> e na <strong>avenida Dom Pedro I<\/strong>. <\/p>\n<p><mark style=\"background-color:#fcb900\" class=\"has-inline-color\">De acordo com a plataforma <strong>Climatempo<\/strong>, pancadas de chuva eram esperadas durante \u00e0 tarde e \u00e0 noite.<\/mark><\/p>\n<p>A <strong>Defesa Civil de Ribeir\u00e3o Preto<\/strong> informou que est\u00e1 realizando o<strong> monitoramento do munic\u00edpio em virtude das chuvas que est\u00e3o ocorrendo na cidade.<\/strong> \u201cEm alguns pontos foi registrado o ac\u00famulo de \u00e1gua devido a intensidade da chuva, por\u00e9m, at\u00e9 o momento, n\u00e3o h\u00e1 registro de pessoas desalojadas ou desabrigadas\u201d.<\/p>\n<h4 class=\"wp-block-heading\"><strong>Ocorr\u00eancia de alagamentos de acordo com a Defesa Civil<\/strong><\/h4>\n<h3 class=\"wp-block-heading\"><strong>Alerta de tempestade<\/strong><\/h3>\n<p>Vale ressaltar que o<strong> Instituto Nacional de Meteorologia<\/strong> <strong>(Inmet)<\/strong> alertou para o perigo potencial de tempestades em diversas cidades do interior de S\u00e3o Paulo, inclusive <strong>Ribeir\u00e3o Preto<\/strong>.<\/p>\n<p>De acordo com o \u00f3rg\u00e3o, pode chover entre<strong> 20 e 30 mil\u00edmetros por hora<\/strong>, com <strong>ventos intensos entre 40 km\/h e 60 km\/h<\/strong>.<\/p>\n<p><em>O<strong> portal acidade on <\/strong>monitora os casos de alagamentos na cidade, portanto, est\u00e1 mat\u00e9ria poder\u00e1 ser atualizada. <\/em><\/p>\n<blockquote class=\"twitter-tweet\" data-media-max-width=\"560\">\n<p lang=\"pt\" dir=\"ltr\">Ribeir\u00e3o Preto foi atingida por um temporal, na tarde desta ter\u00e7a-feira (19). A chegada de nuvens carregadas fez com que o c\u00e9u da cidade ficasse escuro em diversas regi\u00f5es, por volta das 16h.<\/p>\n<p>Saiba mais no site: <a href=\"https:\/\/t.co\/iGynbiHnSr\">https:\/\/t.co\/iGynbiHnSr<\/a> <a href=\"https:\/\/t.co\/cRRzdPob6U\">pic.twitter.com\/cRRzdPob6U<\/a><\/p>\n<p>\u2014 acidade on Ribeir\u00e3o e Regi\u00e3o (@acidadeonrp) <a href=\"https:\/\/twitter.com\/acidadeonrp\/status\/1770173405758664883?ref_src=twsrc%5Etfw\">March 19, 2024<\/a><\/p><\/blockquote>\n<hr class=\"wp-block-separator has-alpha-channel-opacity\"\/>\n<p>SAIBA MAIS<\/p>\n<p>Ribeir\u00e3o Preto tem mutir\u00e3o de emprego com vagas para empresa de transporte e log\u00edstica<\/p>\n<h4 class=\"wp-block-heading\"><strong><mark style=\"background-color:#fcb900\" class=\"has-inline-color\">FIQUE ON<\/mark><\/strong><\/h4>\n<p>Fique ligado em tudo que acontece em Ribeir\u00e3o Preto e regi\u00e3o. Siga os perfis do\u00a0<strong>acidade on\u00a0<\/strong>no<a href=\"https:\/\/www.instagram.com\/acidadeonribeirao\" target=\"_blank\" rel=\"noreferrer noopener\">\u00a0Instagram\u00a0<\/a>e no\u00a0<a href=\"https:\/\/www.facebook.com\/acidadeonribeirao\" target=\"_blank\" rel=\"noreferrer noopener\">Facebook<\/a>.<\/p>\n<p>Receba not\u00edcias do\u00a0<strong>acidade on<\/strong>\u00a0no WhatsApp.\u00a0<a href=\"https:\/\/chat.whatsapp.com\/GFH9HUMUTHNFJdnyEd0xxq\" target=\"_blank\" rel=\"noreferrer noopener\">Para entrar no grupo, basta clicar aqui.<\/a><\/p>\n<p>Fa\u00e7a uma den\u00fancia ou sugira uma reportagem sobre Ribeir\u00e3o Preto e regi\u00e3o pelo WhatsApp: 16 99117 7802.<\/p>\n<p>VEJA TAMB\u00c9M<\/p>\n<p>Davi conta sonho de ser presidente: \u201cLula saindo e eu entrando\u201d<\/p>\n<p><!-- AI CONTENT END 1 -->\n<\/div>\n<p><script async src=\"\/\/platform.twitter.com\/widgets.js\" charset=\"utf-8\"><\/script><script async src=\"\/\/www.instagram.com\/embed.js\"><\/script><br \/>\n<br \/><br \/>\n<br \/><a href=\"https:\/\/www.acidadeon.com\/ribeiraopreto\/cotidiano\/tempestade-atinge-ribeirao-preto-nesta-tarde-interior-de-sp-esta-sob-alerta\/\">Source link <\/a><\/p>\n<!-- CONTENT END 1 -->\n","protected":false},"excerpt":{"rendered":"<p>Ribeir\u00e3o Preto foi atingida por um temporal, na tarde desta ter\u00e7a-feira (19). A chegada de nuvens carregadas fez com que o c\u00e9u da cidade ficasse&#8230;<\/p>\n","protected":false},"author":1,"featured_media":43176,"comment_status":"open","ping_status":"open","sticky":false,"template":"","format":"standard","meta":{"advanced_seo_description":"","jetpack_seo_html_title":"","jetpack_seo_noindex":false,"jetpack_post_was_ever_published":false,"_jetpack_newsletter_access":"","_jetpack_dont_email_post_to_subs":false,"_jetpack_newsletter_tier_id":0,"_jetpack_memberships_contains_paywalled_content":false,"_jetpack_memberships_contains_paid_content":false,"footnotes":"","jetpack_publicize_message":"","jetpack_publicize_feature_enabled":true,"jetpack_social_post_already_shared":true,"jetpack_social_options":{"image_generator_settings":{"template":"highway","default_image_id":0,"font":"","enabled":false},"version":2}},"categories":[11],"tags":[],"class_list":["post-43175","post","type-post","status-publish","format-standard","has-post-thumbnail","hentry","category-noticias-de-ribeirao-preto-sp-e-regiao-ismael-colosi"],"jetpack_publicize_connections":[],"jetpack_featured_media_url":"https:\/\/i0.wp.com\/noticiasribeiraopreto.com.br\/wp-content\/uploads\/2024\/03\/Copia-de-Copia-de-TAMANHO-EXATO-PARA-FOTOS-NO-SISTEMA-NOVO-81.png?fit=1200%2C675&ssl=1","jetpack-related-posts":[{"id":61039,"url":"https:\/\/noticiasribeiraopreto.com.br\/index.php\/2024\/12\/02\/chuva-atinge-ribeirao-e-provoca-transtornos-na-cidade-video\/","url_meta":{"origin":43175,"position":0},"title":"Chuva atinge Ribeir\u00e3o e provoca transtornos na cidade; V\u00eddeo","author":"noticiasribeiraopreto.com.br","date":"2 de December de 2024","format":false,"excerpt":"Uma forte chuva atingiu Ribeir\u00e3o Preto na tarde desta segunda-feira (2) e provocou transtornos no munic\u00edpio. H\u00e1 relatos de alagamento no cruzamento das ruas Cerqueira C\u00e9sar e Am\u00e9rico brasiliense, e S\u00e3o Jos\u00e9 com Rui Barbosa. Al\u00e9m destes, tamb\u00e9m h\u00e1 registros de enchente no cruzamento da avenida Saudade com a rua\u2026","rel":"","context":"In &quot;Not\u00edcias de Ribeir\u00e3o Preto-SP e Regi\u00e3o&quot;","block_context":{"text":"Not\u00edcias de Ribeir\u00e3o Preto-SP e Regi\u00e3o","link":"https:\/\/noticiasribeiraopreto.com.br\/index.php\/category\/noticias-de-ribeirao-preto-sp-e-regiao-ismael-colosi\/"},"img":{"alt_text":"","src":"https:\/\/i0.wp.com\/noticiasribeiraopreto.com.br\/wp-content\/uploads\/2024\/12\/Copia-de-Copia-de-Copia-de-TAMANHO-EXATO-PARA-FOTOS-NO-SISTEMA-NOVO-2024-12-02T163757.098_2024-12-02_19-38-24_png_2024-12-02_19-38-24.webp.webp?fit=1200%2C675&ssl=1&resize=350%2C200","width":350,"height":200,"srcset":"https:\/\/i0.wp.com\/noticiasribeiraopreto.com.br\/wp-content\/uploads\/2024\/12\/Copia-de-Copia-de-Copia-de-TAMANHO-EXATO-PARA-FOTOS-NO-SISTEMA-NOVO-2024-12-02T163757.098_2024-12-02_19-38-24_png_2024-12-02_19-38-24.webp.webp?fit=1200%2C675&ssl=1&resize=350%2C200 1x, https:\/\/i0.wp.com\/noticiasribeiraopreto.com.br\/wp-content\/uploads\/2024\/12\/Copia-de-Copia-de-Copia-de-TAMANHO-EXATO-PARA-FOTOS-NO-SISTEMA-NOVO-2024-12-02T163757.098_2024-12-02_19-38-24_png_2024-12-02_19-38-24.webp.webp?fit=1200%2C675&ssl=1&resize=525%2C300 1.5x, https:\/\/i0.wp.com\/noticiasribeiraopreto.com.br\/wp-content\/uploads\/2024\/12\/Copia-de-Copia-de-Copia-de-TAMANHO-EXATO-PARA-FOTOS-NO-SISTEMA-NOVO-2024-12-02T163757.098_2024-12-02_19-38-24_png_2024-12-02_19-38-24.webp.webp?fit=1200%2C675&ssl=1&resize=700%2C400 2x, https:\/\/i0.wp.com\/noticiasribeiraopreto.com.br\/wp-content\/uploads\/2024\/12\/Copia-de-Copia-de-Copia-de-TAMANHO-EXATO-PARA-FOTOS-NO-SISTEMA-NOVO-2024-12-02T163757.098_2024-12-02_19-38-24_png_2024-12-02_19-38-24.webp.webp?fit=1200%2C675&ssl=1&resize=1050%2C600 3x"},"classes":[]},{"id":80797,"url":"https:\/\/noticiasribeiraopreto.com.br\/index.php\/2025\/12\/14\/ribeirao-preto-registra-pontos-de-alagamento-na-tarde-deste-sabado\/","url_meta":{"origin":43175,"position":1},"title":"Ribeir\u00e3o Preto registra pontos de alagamento na tarde deste s\u00e1bado","author":"noticiasribeiraopreto.com.br","date":"14 de December de 2025","format":false,"excerpt":"A chuva que atinge Ribeir\u00e3o Preto na tarde deste s\u00e1bado (13) deixou a comunidade da Locomotiva, na zona Norte, debaixo d\u2019\u00e1gua \u2013 veja o v\u00eddeo abaixo. Ver essa foto no Instagram Um post compartilhado por acidade on Ribeir\u00e3o (@acidadeonribeirao) O alagamento afeta trechos como a rua Peru e a avenida\u2026","rel":"","context":"In &quot;Not\u00edcias de Ribeir\u00e3o Preto-SP e Regi\u00e3o&quot;","block_context":{"text":"Not\u00edcias de Ribeir\u00e3o Preto-SP e Regi\u00e3o","link":"https:\/\/noticiasribeiraopreto.com.br\/index.php\/category\/noticias-de-ribeirao-preto-sp-e-regiao-ismael-colosi\/"},"img":{"alt_text":"","src":"https:\/\/i0.wp.com\/noticiasribeiraopreto.com.br\/wp-content\/uploads\/2025\/12\/comunidade-locomotiva_2025-12-13_20-28-08.webp.webp?fit=1200%2C675&ssl=1&resize=350%2C200","width":350,"height":200,"srcset":"https:\/\/i0.wp.com\/noticiasribeiraopreto.com.br\/wp-content\/uploads\/2025\/12\/comunidade-locomotiva_2025-12-13_20-28-08.webp.webp?fit=1200%2C675&ssl=1&resize=350%2C200 1x, https:\/\/i0.wp.com\/noticiasribeiraopreto.com.br\/wp-content\/uploads\/2025\/12\/comunidade-locomotiva_2025-12-13_20-28-08.webp.webp?fit=1200%2C675&ssl=1&resize=525%2C300 1.5x, https:\/\/i0.wp.com\/noticiasribeiraopreto.com.br\/wp-content\/uploads\/2025\/12\/comunidade-locomotiva_2025-12-13_20-28-08.webp.webp?fit=1200%2C675&ssl=1&resize=700%2C400 2x, https:\/\/i0.wp.com\/noticiasribeiraopreto.com.br\/wp-content\/uploads\/2025\/12\/comunidade-locomotiva_2025-12-13_20-28-08.webp.webp?fit=1200%2C675&ssl=1&resize=1050%2C600 3x"},"classes":[]},{"id":61044,"url":"https:\/\/noticiasribeiraopreto.com.br\/index.php\/2024\/12\/02\/chuva-atinge-ribeirao-preto-e-provoca-transtornos-na-cidade-video\/","url_meta":{"origin":43175,"position":2},"title":"Chuva atinge Ribeir\u00e3o Preto e provoca transtornos na cidade; V\u00eddeo","author":"noticiasribeiraopreto.com.br","date":"2 de December de 2024","format":false,"excerpt":"Uma forte chuva atingiu Ribeir\u00e3o Preto na tarde desta segunda-feira (2) e provocou transtornos no munic\u00edpio \u2013 veja o v\u00eddeo abaixo. H\u00e1 relatos de alagamento no cruzamento das ruas Cerqueira C\u00e9sar e Am\u00e9rico brasiliense, e S\u00e3o Jos\u00e9 com Rui Barbosa. Al\u00e9m destes, tamb\u00e9m h\u00e1 registros de enchente no cruzamento da\u2026","rel":"","context":"In &quot;Not\u00edcias de Ribeir\u00e3o Preto-SP e Regi\u00e3o&quot;","block_context":{"text":"Not\u00edcias de Ribeir\u00e3o Preto-SP e Regi\u00e3o","link":"https:\/\/noticiasribeiraopreto.com.br\/index.php\/category\/noticias-de-ribeirao-preto-sp-e-regiao-ismael-colosi\/"},"img":{"alt_text":"","src":"https:\/\/i0.wp.com\/noticiasribeiraopreto.com.br\/wp-content\/uploads\/2024\/12\/Copia-de-Copia-de-Copia-de-TAMANHO-EXATO-PARA-FOTOS-NO-SISTEMA-NOVO-2024-12-02T163757.098_2024-12-02_19-38-24_png_2024-12-02_19-38-24.webp.webp?fit=1200%2C675&ssl=1&resize=350%2C200","width":350,"height":200,"srcset":"https:\/\/i0.wp.com\/noticiasribeiraopreto.com.br\/wp-content\/uploads\/2024\/12\/Copia-de-Copia-de-Copia-de-TAMANHO-EXATO-PARA-FOTOS-NO-SISTEMA-NOVO-2024-12-02T163757.098_2024-12-02_19-38-24_png_2024-12-02_19-38-24.webp.webp?fit=1200%2C675&ssl=1&resize=350%2C200 1x, https:\/\/i0.wp.com\/noticiasribeiraopreto.com.br\/wp-content\/uploads\/2024\/12\/Copia-de-Copia-de-Copia-de-TAMANHO-EXATO-PARA-FOTOS-NO-SISTEMA-NOVO-2024-12-02T163757.098_2024-12-02_19-38-24_png_2024-12-02_19-38-24.webp.webp?fit=1200%2C675&ssl=1&resize=525%2C300 1.5x, https:\/\/i0.wp.com\/noticiasribeiraopreto.com.br\/wp-content\/uploads\/2024\/12\/Copia-de-Copia-de-Copia-de-TAMANHO-EXATO-PARA-FOTOS-NO-SISTEMA-NOVO-2024-12-02T163757.098_2024-12-02_19-38-24_png_2024-12-02_19-38-24.webp.webp?fit=1200%2C675&ssl=1&resize=700%2C400 2x, https:\/\/i0.wp.com\/noticiasribeiraopreto.com.br\/wp-content\/uploads\/2024\/12\/Copia-de-Copia-de-Copia-de-TAMANHO-EXATO-PARA-FOTOS-NO-SISTEMA-NOVO-2024-12-02T163757.098_2024-12-02_19-38-24_png_2024-12-02_19-38-24.webp.webp?fit=1200%2C675&ssl=1&resize=1050%2C600 3x"},"classes":[]},{"id":82176,"url":"https:\/\/noticiasribeiraopreto.com.br\/index.php\/2026\/02\/06\/chuva-forte-atinge-ribeirao-preto-nesta-quinta-feira-veja-video\/","url_meta":{"origin":43175,"position":3},"title":"Chuva forte atinge Ribeir\u00e3o Preto nesta quinta-feira; veja v\u00eddeo","author":"noticiasribeiraopreto.com.br","date":"6 de February de 2026","format":false,"excerpt":"A forte chuva que atinge Ribeir\u00e3o Preto na tarde desta quinta-feira (5) provoca transtornos em diferentes pontos da cidade. Passageiros relataram falta de energia el\u00e9trica no Terminal Rodovi\u00e1rio, mas o fornecimento j\u00e1 foi restabelecido. Segundo a Climatempo, a aproxima\u00e7\u00e3o de uma nova frente fria deve aumentar as instabilidades no interior\u2026","rel":"","context":"In &quot;Not\u00edcias de Ribeir\u00e3o Preto-SP e Regi\u00e3o&quot;","block_context":{"text":"Not\u00edcias de Ribeir\u00e3o Preto-SP e Regi\u00e3o","link":"https:\/\/noticiasribeiraopreto.com.br\/index.php\/category\/noticias-de-ribeirao-preto-sp-e-regiao-ismael-colosi\/"},"img":{"alt_text":"","src":"https:\/\/i0.wp.com\/noticiasribeiraopreto.com.br\/wp-content\/uploads\/2026\/02\/WhatsApp-Image-2026-02-05-at-16.49.22_2026-02-05_20-42-54.webp.webp?fit=1200%2C675&ssl=1&resize=350%2C200","width":350,"height":200,"srcset":"https:\/\/i0.wp.com\/noticiasribeiraopreto.com.br\/wp-content\/uploads\/2026\/02\/WhatsApp-Image-2026-02-05-at-16.49.22_2026-02-05_20-42-54.webp.webp?fit=1200%2C675&ssl=1&resize=350%2C200 1x, https:\/\/i0.wp.com\/noticiasribeiraopreto.com.br\/wp-content\/uploads\/2026\/02\/WhatsApp-Image-2026-02-05-at-16.49.22_2026-02-05_20-42-54.webp.webp?fit=1200%2C675&ssl=1&resize=525%2C300 1.5x, https:\/\/i0.wp.com\/noticiasribeiraopreto.com.br\/wp-content\/uploads\/2026\/02\/WhatsApp-Image-2026-02-05-at-16.49.22_2026-02-05_20-42-54.webp.webp?fit=1200%2C675&ssl=1&resize=700%2C400 2x, https:\/\/i0.wp.com\/noticiasribeiraopreto.com.br\/wp-content\/uploads\/2026\/02\/WhatsApp-Image-2026-02-05-at-16.49.22_2026-02-05_20-42-54.webp.webp?fit=1200%2C675&ssl=1&resize=1050%2C600 3x"},"classes":[]},{"id":84058,"url":"https:\/\/noticiasribeiraopreto.com.br\/index.php\/2026\/03\/31\/chuva-forte-provoca-alagamento-em-avenida-de-ribeirao-preto-veja-video\/","url_meta":{"origin":43175,"position":4},"title":"Chuva forte provoca alagamento em avenida de Ribeir\u00e3o Preto; veja v\u00eddeo","author":"noticiasribeiraopreto.com.br","date":"31 de March de 2026","format":false,"excerpt":"Ler o resumo da not\u00edcia Chuva forte atingiu Ribeir\u00e3o Preto na tarde desta ter\u00e7a-feira (31), causando alagamentos em diversos pontos da cidade. A avenida Marechal Costa e Silva foi um dos locais mais afetados, com \u00e1gua acumulando-se na pista. A Defesa Civil de S\u00e3o Paulo emitiu alerta de chuva persistente\u2026","rel":"","context":"In &quot;Not\u00edcias de Ribeir\u00e3o Preto-SP e Regi\u00e3o&quot;","block_context":{"text":"Not\u00edcias de Ribeir\u00e3o Preto-SP e Regi\u00e3o","link":"https:\/\/noticiasribeiraopreto.com.br\/index.php\/category\/noticias-de-ribeirao-preto-sp-e-regiao-ismael-colosi\/"},"img":{"alt_text":"","src":"https:\/\/i0.wp.com\/noticiasribeiraopreto.com.br\/wp-content\/uploads\/2026\/03\/pjogjd_2026-03-31_21-23-21.webp.webp?fit=942%2C396&ssl=1&resize=350%2C200","width":350,"height":200,"srcset":"https:\/\/i0.wp.com\/noticiasribeiraopreto.com.br\/wp-content\/uploads\/2026\/03\/pjogjd_2026-03-31_21-23-21.webp.webp?fit=942%2C396&ssl=1&resize=350%2C200 1x, https:\/\/i0.wp.com\/noticiasribeiraopreto.com.br\/wp-content\/uploads\/2026\/03\/pjogjd_2026-03-31_21-23-21.webp.webp?fit=942%2C396&ssl=1&resize=525%2C300 1.5x, https:\/\/i0.wp.com\/noticiasribeiraopreto.com.br\/wp-content\/uploads\/2026\/03\/pjogjd_2026-03-31_21-23-21.webp.webp?fit=942%2C396&ssl=1&resize=700%2C400 2x"},"classes":[]},{"id":51273,"url":"https:\/\/noticiasribeiraopreto.com.br\/index.php\/2024\/05\/24\/apos-chuva-tempestade-de-poeira-atinge-ribeirao-preto-veja-video\/","url_meta":{"origin":43175,"position":5},"title":"Ap\u00f3s chuva, tempestade de poeira atinge Ribeir\u00e3o Preto; Veja v\u00eddeo","author":"noticiasribeiraopreto.com.br","date":"24 de May de 2024","format":false,"excerpt":"Uma nuvem de poeira se espalhou por Ribeir\u00e3o Preto na tarde desta sexta-feira (24) e atingiu diversas regi\u00f5es da cidade \u2013 veja os v\u00eddeos abaixo. O fen\u00f4meno aconteceu ap\u00f3s Ribeir\u00e3o Preto registrar chuva depois de 35 dias em meio \u00e0 seca. Havia chovido na cidade pela \u00faltima vez no \u00faltimo\u2026","rel":"","context":"In &quot;Not\u00edcias de Ribeir\u00e3o Preto-SP e Regi\u00e3o&quot;","block_context":{"text":"Not\u00edcias de Ribeir\u00e3o Preto-SP e Regi\u00e3o","link":"https:\/\/noticiasribeiraopreto.com.br\/index.php\/category\/noticias-de-ribeirao-preto-sp-e-regiao-ismael-colosi\/"},"img":{"alt_text":"","src":"https:\/\/i0.wp.com\/noticiasribeiraopreto.com.br\/wp-content\/uploads\/2024\/05\/WhatsApp-Image-2024-05-24-at-13.59.51_2024-05-24_17-59-49_jpeg_2024-05-24_17-59-50.webp.webp?fit=1200%2C675&ssl=1&resize=350%2C200","width":350,"height":200,"srcset":"https:\/\/i0.wp.com\/noticiasribeiraopreto.com.br\/wp-content\/uploads\/2024\/05\/WhatsApp-Image-2024-05-24-at-13.59.51_2024-05-24_17-59-49_jpeg_2024-05-24_17-59-50.webp.webp?fit=1200%2C675&ssl=1&resize=350%2C200 1x, https:\/\/i0.wp.com\/noticiasribeiraopreto.com.br\/wp-content\/uploads\/2024\/05\/WhatsApp-Image-2024-05-24-at-13.59.51_2024-05-24_17-59-49_jpeg_2024-05-24_17-59-50.webp.webp?fit=1200%2C675&ssl=1&resize=525%2C300 1.5x, https:\/\/i0.wp.com\/noticiasribeiraopreto.com.br\/wp-content\/uploads\/2024\/05\/WhatsApp-Image-2024-05-24-at-13.59.51_2024-05-24_17-59-49_jpeg_2024-05-24_17-59-50.webp.webp?fit=1200%2C675&ssl=1&resize=700%2C400 2x, https:\/\/i0.wp.com\/noticiasribeiraopreto.com.br\/wp-content\/uploads\/2024\/05\/WhatsApp-Image-2024-05-24-at-13.59.51_2024-05-24_17-59-49_jpeg_2024-05-24_17-59-50.webp.webp?fit=1200%2C675&ssl=1&resize=1050%2C600 3x"},"classes":[]}],"jetpack_sharing_enabled":true,"jetpack_shortlink":"https:\/\/wp.me\/peQAOb-ben","_links":{"self":[{"href":"https:\/\/noticiasribeiraopreto.com.br\/index.php\/wp-json\/wp\/v2\/posts\/43175","targetHints":{"allow":["GET"]}}],"collection":[{"href":"https:\/\/noticiasribeiraopreto.com.br\/index.php\/wp-json\/wp\/v2\/posts"}],"about":[{"href":"https:\/\/noticiasribeiraopreto.com.br\/index.php\/wp-json\/wp\/v2\/types\/post"}],"author":[{"embeddable":true,"href":"https:\/\/noticiasribeiraopreto.com.br\/index.php\/wp-json\/wp\/v2\/users\/1"}],"replies":[{"embeddable":true,"href":"https:\/\/noticiasribeiraopreto.com.br\/index.php\/wp-json\/wp\/v2\/comments?post=43175"}],"version-history":[{"count":0,"href":"https:\/\/noticiasribeiraopreto.com.br\/index.php\/wp-json\/wp\/v2\/posts\/43175\/revisions"}],"wp:featuredmedia":[{"embeddable":true,"href":"https:\/\/noticiasribeiraopreto.com.br\/index.php\/wp-json\/wp\/v2\/media\/43176"}],"wp:attachment":[{"href":"https:\/\/noticiasribeiraopreto.com.br\/index.php\/wp-json\/wp\/v2\/media?parent=43175"}],"wp:term":[{"taxonomy":"category","embeddable":true,"href":"https:\/\/noticiasribeiraopreto.com.br\/index.php\/wp-json\/wp\/v2\/categories?post=43175"},{"taxonomy":"post_tag","embeddable":true,"href":"https:\/\/noticiasribeiraopreto.com.br\/index.php\/wp-json\/wp\/v2\/tags?post=43175"}],"curies":[{"name":"wp","href":"https:\/\/api.w.org\/{rel}","templated":true}]}}