{"id":43474,"date":"2024-03-21T14:33:09","date_gmt":"2024-03-21T17:33:09","guid":{"rendered":"https:\/\/noticiasribeiraopreto.com.br\/index.php\/2024\/03\/21\/seguem-as-inscricoes-para-as-oficinas-da-escola-de-samba-dos-embaixadores\/"},"modified":"2024-03-21T14:33:09","modified_gmt":"2024-03-21T17:33:09","slug":"seguem-as-inscricoes-para-as-oficinas-da-escola-de-samba-dos-embaixadores","status":"publish","type":"post","link":"https:\/\/noticiasribeiraopreto.com.br\/index.php\/2024\/03\/21\/seguem-as-inscricoes-para-as-oficinas-da-escola-de-samba-dos-embaixadores\/","title":{"rendered":"Seguem as inscri\u00e7\u00f5es para as oficinas da Escola de Samba dos Embaixadores"},"content":{"rendered":"<div class='code-block code-block-1' style='margin: 8px 0 8px auto; text-align: right; display: block; clear: both;'>\n<p><a href=\"https:\/\/wa.link\/vpicfd\"><img data-recalc-dims=\"1\" class=\"wp-image-4922\" style=\"aspect-ratio: 2.0253164556962027; width: 561px; height: auto;\" src=\"https:\/\/i0.wp.com\/ismaelcolosi.com.br\/wp-content\/uploads\/2023\/11\/grupo-de-empregos-whatsapp-e-facebook-ismael-colosi-vagas.jpg?ssl=1\" alt=\"\" \/><\/a><\/p>\n<!-- \/wp:image -->\n<\/div>\n<p> <br \/>\n<\/p>\n<div id=\"\">\n<p>\n<span class=\"entry-meta-item penci-posted-on\"><i class=\"fa fa-clock-o\"\/><time class=\"entry-date published\" datetime=\"2024-03-21T14:28:55-03:00\">21 de mar\u00e7o de 2024 | 14:28<\/time><time class=\"updated\" datetime=\"2024-03-21T14:32:30-03:00\">21 de mar\u00e7o de 2024 | 14:32<\/time><\/span> <\/p>\n<p><span class=\"penci-social-buttons penci-social-share-footer\"><a href=\"#\" class=\"penci-post-like penci_post-meta_item  single-like-button penci-social-item like\" data-post_id=\"377986\" title=\"Like\" data-like=\"Like\" data-unlike=\"Unlike\"><i class=\"fa fa-thumbs-o-up\"\/><span class=\"penci-share-number\">0<\/span><\/a><i class=\"fa fa-facebook\"\/><a class=\"penci-social-item twitter\" target=\"_blank\" rel=\"noopener\" title=\"\" href=\"https:\/\/twitter.com\/intent\/tweet?text=Seguem%20as%20inscri\u00e7\u00f5es%20para%20as%20oficinas%20da%20Escola%20de%20Samba%20dos%20Embaixadores%20-%20https:\/\/www.tribunaribeirao.com.br\/site\/seguem-as-inscricoes-para-as-oficinas-da-escola-de-samba-dos-embaixadores\/\"><i class=\"fa fa-twitter\"\/><\/a><i class=\"fa fa-whatsapp\"\/><\/span> <\/div>\n<div>\n<p>Nos meses de abril, maio e junho, 50 crian\u00e7as e jovens de 9 a 16 anos da Vila Carvalho poder\u00e3o cursar gratuitamente uma das 12 oficinas do projeto Samba Educa \u2013 Musicalizando a Comunidade, contemplado no Edital n\u00ba 001\/2023 Cultura em A\u00e7\u00e3o, da Secretaria Municipal da Cultura e Turismo. Com dura\u00e7\u00e3o de uma hora e meia cada, as oficinas dar\u00e3o inicia\u00e7\u00e3o nos instrumentos musicais de ritmo e percuss\u00e3o que formam uma leg\u00edtima bateria de escola de samba como repinique, caixa, surdo, tamborim, pandeiro e cu\u00edca. Abertas no dia 15, as inscri\u00e7\u00f5es seguem at\u00e9 dia 26 de mar\u00e7o, das 14h \u00e0s 17h, e devem ser feitas presencialmente, na Quadra da Escola de Samba dos Embaixadores, localizada na Rua Ribeir\u00e3o Preto n\u00ba 1.111 \u2013 Vila Carvalho.<\/p>\n<p>Para Mestre Nascimento, diretor de Carnaval da escola e oficineiro, o projeto vai contribuir para a inser\u00e7\u00e3o das crian\u00e7as e adolescentes no universo da m\u00fasica e da cultura, al\u00e9m de trabalhar a quest\u00e3o do pertencimento \u00e0quela regi\u00e3o t\u00e3o carente de atividades culturais voltadas a esse p\u00fablico.<\/p>\n<p>\u201cPara nossa comunidade, essa \u00e9 uma retomada em grande estilo, considerando que h\u00e1 20 anos tivemos projeto semelhante aqui na quadra e agora estamos tendo a oportunidade de oferecer todo o nosso conhecimento para um p\u00fablico que \u00e9 mais importante que tudo, nossas crian\u00e7as e jovens. Somos uma grande fam\u00edlia e n\u00e3o deixaremos meninas e meninos desassistidos\u201d, refor\u00e7a mestre Nascimento.<\/p>\n<p>Metodologia<\/p>\n<p>O projeto ter\u00e1 como m\u00e9todo de aferi\u00e7\u00e3o para verifica\u00e7\u00e3o do cumprimento das metas \u201cPar\u00e2metros Quantitativos\u201d (listas de inscritos e de presen\u00e7a) e \u201cPar\u00e2metros Qualitativos\u201d (Relat\u00f3rio dos oficineiros \u2013 Relat\u00f3rio dos participantes \u2013 Depoimento de familiares).<\/p>\n<p>Al\u00e9m desses crit\u00e9rios, o projeto contempla todo tipo de mobilidade reduzida. O espa\u00e7o possui rampas de acesso; instrumentos de percuss\u00e3o adaptados, como tambores com al\u00e7as ou suportes para pessoas com diferentes tipos de defici\u00eancia. Prev\u00ea tamb\u00e9m a utiliza\u00e7\u00e3o de instrumentos mais simples para pessoas com diferentes tipos de coordena\u00e7\u00e3o motora, como pandeiro e tamborim.<\/p>\n<p>No final do projeto, ser\u00e1 aplicado question\u00e1rio de satisfa\u00e7\u00e3o, onde os participantes poder\u00e3o avaliar o projeto e se a proposta atingiu seu objetivo.<\/p>\n<p>\u201cO papel da Secretaria da Cultura e Turismo \u00e9 o de fomentar as linguagens art\u00edsticas e as express\u00f5es culturais, por meio de mecanismos de fomento e financiamento p\u00fablico, como \u00e9 o caso do Edital Cultura em A\u00e7\u00e3o, que agora ter\u00e1 o escoamento de seus projetos em 2024, alcan\u00e7ando novos p\u00fablicos e ocupando espa\u00e7os p\u00fablicos\u201d, explicou Pedro Le\u00e3o, secret\u00e1rio de Cultura e Turismo de Ribeir\u00e3o Preto.<\/p>\n<p>\u201c\u00c9 o caso do projeto Samba Educa, contemplado no edital municipal, que ir\u00e1 cumprir a fun\u00e7\u00e3o de difundir a m\u00fasica num ambiente t\u00e3o precioso, que \u00e9 a quadra da Embaixadores, uma das for\u00e7as da nossa cultura, que resguarda a tradi\u00e7\u00e3o popular do carnaval\u201d, completou Pedro Le\u00e3o.<\/p>\n<\/div>\n<p><script async src=\"\/\/platform.twitter.com\/widgets.js\" charset=\"utf-8\"><\/script><br \/>\n<br \/><br \/>\n<br \/><a href=\"https:\/\/www.tribunaribeirao.com.br\/site\/seguem-as-inscricoes-para-as-oficinas-da-escola-de-samba-dos-embaixadores\/\">Source link <\/a><\/p>\n<!-- CONTENT END 1 -->\n","protected":false},"excerpt":{"rendered":"<p>21 de mar\u00e7o de 2024 | 14:2821 de mar\u00e7o de 2024 | 14:32 0 Nos meses de abril, maio e junho, 50 crian\u00e7as e jovens&#8230;<\/p>\n","protected":false},"author":1,"featured_media":43475,"comment_status":"open","ping_status":"open","sticky":false,"template":"","format":"standard","meta":{"advanced_seo_description":"","jetpack_seo_html_title":"","jetpack_seo_noindex":false,"jetpack_post_was_ever_published":false,"_jetpack_newsletter_access":"","_jetpack_dont_email_post_to_subs":false,"_jetpack_newsletter_tier_id":0,"_jetpack_memberships_contains_paywalled_content":false,"_jetpack_memberships_contains_paid_content":false,"footnotes":"","jetpack_publicize_message":"","jetpack_publicize_feature_enabled":true,"jetpack_social_post_already_shared":true,"jetpack_social_options":{"image_generator_settings":{"template":"highway","default_image_id":0,"font":"","enabled":false},"version":2}},"categories":[11],"tags":[470,5149,1898,566,5148,71,3050,5147],"class_list":["post-43474","post","type-post","status-publish","format-standard","has-post-thumbnail","hentry","category-noticias-de-ribeirao-preto-sp-e-regiao-ismael-colosi","tag-dos","tag-embaixadores","tag-escola","tag-inscricoes","tag-oficinas","tag-para","tag-samba","tag-seguem"],"jetpack_publicize_connections":[],"jetpack_featured_media_url":"https:\/\/i0.wp.com\/noticiasribeiraopreto.com.br\/wp-content\/uploads\/2024\/03\/esamba.jpeg?fit=945%2C620&ssl=1","jetpack-related-posts":[{"id":42410,"url":"https:\/\/noticiasribeiraopreto.com.br\/index.php\/2024\/03\/14\/projeto-samba-educa-em-ribeirao-preto-abre-inscricoes-para-oficinas-de-ritmo-e-percussao\/","url_meta":{"origin":43474,"position":0},"title":"Projeto Samba Educa em Ribeir\u00e3o Preto abre inscri\u00e7\u00f5es para oficinas de ritmo e percuss\u00e3o","author":"noticiasribeiraopreto.com.br","date":"14 de March de 2024","format":false,"excerpt":"O Projeto Samba Educa \u2013 Musicalizando a Comunidade \u2013 realizado pela escola de samba dos Embaixadores ir\u00e1 oferecer oficinas gratuitas de ritmo e percuss\u00e3o para crian\u00e7as e adolescentes de 9 a 17 anos de idade. As inscri\u00e7\u00f5es come\u00e7am nesta sexta-feira (15) e v\u00e3o at\u00e9 o pr\u00f3ximo dia 22, das 14h\u2026","rel":"","context":"In &quot;Not\u00edcias de Ribeir\u00e3o Preto-SP e Regi\u00e3o&quot;","block_context":{"text":"Not\u00edcias de Ribeir\u00e3o Preto-SP e Regi\u00e3o","link":"https:\/\/noticiasribeiraopreto.com.br\/index.php\/category\/noticias-de-ribeirao-preto-sp-e-regiao-ismael-colosi\/"},"img":{"alt_text":"","src":"https:\/\/i0.wp.com\/noticiasribeiraopreto.com.br\/wp-content\/uploads\/2024\/03\/Copia-de-Copia-de-TAMANHO-EXATO-PARA-FOTOS-NO-SISTEMA-NOVO-50.jpg?fit=1200%2C675&ssl=1&resize=350%2C200","width":350,"height":200,"srcset":"https:\/\/i0.wp.com\/noticiasribeiraopreto.com.br\/wp-content\/uploads\/2024\/03\/Copia-de-Copia-de-TAMANHO-EXATO-PARA-FOTOS-NO-SISTEMA-NOVO-50.jpg?fit=1200%2C675&ssl=1&resize=350%2C200 1x, https:\/\/i0.wp.com\/noticiasribeiraopreto.com.br\/wp-content\/uploads\/2024\/03\/Copia-de-Copia-de-TAMANHO-EXATO-PARA-FOTOS-NO-SISTEMA-NOVO-50.jpg?fit=1200%2C675&ssl=1&resize=525%2C300 1.5x, https:\/\/i0.wp.com\/noticiasribeiraopreto.com.br\/wp-content\/uploads\/2024\/03\/Copia-de-Copia-de-TAMANHO-EXATO-PARA-FOTOS-NO-SISTEMA-NOVO-50.jpg?fit=1200%2C675&ssl=1&resize=700%2C400 2x, https:\/\/i0.wp.com\/noticiasribeiraopreto.com.br\/wp-content\/uploads\/2024\/03\/Copia-de-Copia-de-TAMANHO-EXATO-PARA-FOTOS-NO-SISTEMA-NOVO-50.jpg?fit=1200%2C675&ssl=1&resize=1050%2C600 3x"},"classes":[]},{"id":60521,"url":"https:\/\/noticiasribeiraopreto.com.br\/index.php\/2024\/11\/16\/veja-a-programacao-do-festival-da-cultura-afro-brasileira-em-ribeirao-preto\/","url_meta":{"origin":43474,"position":1},"title":"Veja a programa\u00e7\u00e3o do Festival da Cultura Afro-Brasileira em Ribeir\u00e3o Preto","author":"noticiasribeiraopreto.com.br","date":"16 de November de 2024","format":false,"excerpt":"Ribeir\u00e3o Preto recebe na pr\u00f3xima semana o Festival da Cultura Afro-Brasileira, que acontece entre os dias 19 e 22 de novembro. O evento ser\u00e1 realizado no Gr\u00eamio Social, Desportivo e Cultural da Comunidade dos Embaixadores, na Vila Carvalho. A programa\u00e7\u00e3o conta com atra\u00e7\u00f5es de m\u00fasica, dan\u00e7a e gastronomia para todos\u2026","rel":"","context":"In &quot;Not\u00edcias de Ribeir\u00e3o Preto-SP e Regi\u00e3o&quot;","block_context":{"text":"Not\u00edcias de Ribeir\u00e3o Preto-SP e Regi\u00e3o","link":"https:\/\/noticiasribeiraopreto.com.br\/index.php\/category\/noticias-de-ribeirao-preto-sp-e-regiao-ismael-colosi\/"},"img":{"alt_text":"","src":"https:\/\/i0.wp.com\/noticiasribeiraopreto.com.br\/wp-content\/uploads\/2024\/11\/WhatsApp-Image-2024-11-16-at-12.00.28_2024-11-16_15-29-16_jpeg_2024-11-16_15-29-16.webp.webp?fit=1200%2C800&ssl=1&resize=350%2C200","width":350,"height":200,"srcset":"https:\/\/i0.wp.com\/noticiasribeiraopreto.com.br\/wp-content\/uploads\/2024\/11\/WhatsApp-Image-2024-11-16-at-12.00.28_2024-11-16_15-29-16_jpeg_2024-11-16_15-29-16.webp.webp?fit=1200%2C800&ssl=1&resize=350%2C200 1x, https:\/\/i0.wp.com\/noticiasribeiraopreto.com.br\/wp-content\/uploads\/2024\/11\/WhatsApp-Image-2024-11-16-at-12.00.28_2024-11-16_15-29-16_jpeg_2024-11-16_15-29-16.webp.webp?fit=1200%2C800&ssl=1&resize=525%2C300 1.5x, https:\/\/i0.wp.com\/noticiasribeiraopreto.com.br\/wp-content\/uploads\/2024\/11\/WhatsApp-Image-2024-11-16-at-12.00.28_2024-11-16_15-29-16_jpeg_2024-11-16_15-29-16.webp.webp?fit=1200%2C800&ssl=1&resize=700%2C400 2x, https:\/\/i0.wp.com\/noticiasribeiraopreto.com.br\/wp-content\/uploads\/2024\/11\/WhatsApp-Image-2024-11-16-at-12.00.28_2024-11-16_15-29-16_jpeg_2024-11-16_15-29-16.webp.webp?fit=1200%2C800&ssl=1&resize=1050%2C600 3x"},"classes":[]},{"id":36585,"url":"https:\/\/noticiasribeiraopreto.com.br\/index.php\/2024\/02\/10\/quadra-de-escola-de-samba-tera-carnaval-gratuito-na-zona-norte-de-ribeirao\/","url_meta":{"origin":43474,"position":2},"title":"Quadra de escola de samba ter\u00e1 Carnaval gratuito na zona Norte de Ribeir\u00e3o","author":"noticiasribeiraopreto.com.br","date":"10 de February de 2024","format":false,"excerpt":"Neste domingo (11) e na pr\u00f3xima na ter\u00e7a-feira (13), a quadra da escola de samba Embaixadores, na Vila Carvalho, zona Norte de Ribeir\u00e3o Preto, receber\u00e1 os foli\u00f5es para o seu evento de Carnaval 2024. A festa ser\u00e1 realizada das 14h \u00e0s 20h. A entrada \u00e9 gratuita. A quadra se tornou\u2026","rel":"","context":"In &quot;Not\u00edcias de Ribeir\u00e3o Preto-SP e Regi\u00e3o&quot;","block_context":{"text":"Not\u00edcias de Ribeir\u00e3o Preto-SP e Regi\u00e3o","link":"https:\/\/noticiasribeiraopreto.com.br\/index.php\/category\/noticias-de-ribeirao-preto-sp-e-regiao-ismael-colosi\/"},"img":{"alt_text":"","src":"https:\/\/i0.wp.com\/noticiasribeiraopreto.com.br\/wp-content\/uploads\/2024\/02\/EMBAIXADORES.jpg?fit=1200%2C826&ssl=1&resize=350%2C200","width":350,"height":200,"srcset":"https:\/\/i0.wp.com\/noticiasribeiraopreto.com.br\/wp-content\/uploads\/2024\/02\/EMBAIXADORES.jpg?fit=1200%2C826&ssl=1&resize=350%2C200 1x, https:\/\/i0.wp.com\/noticiasribeiraopreto.com.br\/wp-content\/uploads\/2024\/02\/EMBAIXADORES.jpg?fit=1200%2C826&ssl=1&resize=525%2C300 1.5x, https:\/\/i0.wp.com\/noticiasribeiraopreto.com.br\/wp-content\/uploads\/2024\/02\/EMBAIXADORES.jpg?fit=1200%2C826&ssl=1&resize=700%2C400 2x, https:\/\/i0.wp.com\/noticiasribeiraopreto.com.br\/wp-content\/uploads\/2024\/02\/EMBAIXADORES.jpg?fit=1200%2C826&ssl=1&resize=1050%2C600 3x"},"classes":[]},{"id":60338,"url":"https:\/\/noticiasribeiraopreto.com.br\/index.php\/2024\/11\/11\/ribeirao-preto-sediara-1o-festival-da-cultura-afro-brasileira-veja-programacao\/","url_meta":{"origin":43474,"position":3},"title":"Ribeir\u00e3o Preto sediar\u00e1 1\u00ba Festival da Cultura Afro-Brasileira; veja programa\u00e7\u00e3o","author":"noticiasribeiraopreto.com.br","date":"11 de November de 2024","format":false,"excerpt":"Entre os dias 19 e 22 de novembro, Ribeir\u00e3o Preto receber\u00e1 o 1\u00ba Festival da Cultura Afro-Brasileira em celebra\u00e7\u00e3o ao m\u00eas da Consci\u00eancia Negra. Com entrada gratuita, o evento contar\u00e1 com oficinas e apresenta\u00e7\u00f5es de maracatu, samba de coco, bal\u00e9 dos orix\u00e1s, rodas de samba e de capoeira, palestras, rodas\u2026","rel":"","context":"In &quot;Not\u00edcias de Ribeir\u00e3o Preto-SP e Regi\u00e3o&quot;","block_context":{"text":"Not\u00edcias de Ribeir\u00e3o Preto-SP e Regi\u00e3o","link":"https:\/\/noticiasribeiraopreto.com.br\/index.php\/category\/noticias-de-ribeirao-preto-sp-e-regiao-ismael-colosi\/"},"img":{"alt_text":"","src":"https:\/\/i0.wp.com\/noticiasribeiraopreto.com.br\/wp-content\/uploads\/2024\/11\/hand-holding-wooden-stick-close-up_2024-11-11_20-47-22_jpg_2024-11-11_20-47-24-scaled.webp.webp?fit=1200%2C800&ssl=1&resize=350%2C200","width":350,"height":200,"srcset":"https:\/\/i0.wp.com\/noticiasribeiraopreto.com.br\/wp-content\/uploads\/2024\/11\/hand-holding-wooden-stick-close-up_2024-11-11_20-47-22_jpg_2024-11-11_20-47-24-scaled.webp.webp?fit=1200%2C800&ssl=1&resize=350%2C200 1x, https:\/\/i0.wp.com\/noticiasribeiraopreto.com.br\/wp-content\/uploads\/2024\/11\/hand-holding-wooden-stick-close-up_2024-11-11_20-47-22_jpg_2024-11-11_20-47-24-scaled.webp.webp?fit=1200%2C800&ssl=1&resize=525%2C300 1.5x, https:\/\/i0.wp.com\/noticiasribeiraopreto.com.br\/wp-content\/uploads\/2024\/11\/hand-holding-wooden-stick-close-up_2024-11-11_20-47-22_jpg_2024-11-11_20-47-24-scaled.webp.webp?fit=1200%2C800&ssl=1&resize=700%2C400 2x, https:\/\/i0.wp.com\/noticiasribeiraopreto.com.br\/wp-content\/uploads\/2024\/11\/hand-holding-wooden-stick-close-up_2024-11-11_20-47-22_jpg_2024-11-11_20-47-24-scaled.webp.webp?fit=1200%2C800&ssl=1&resize=1050%2C600 3x"},"classes":[]},{"id":41487,"url":"https:\/\/noticiasribeiraopreto.com.br\/index.php\/2024\/03\/08\/projeto-prorroga-prazo-de-cessao-de-quadra\/","url_meta":{"origin":43474,"position":4},"title":"Projeto prorroga prazo\u00a0de cess\u00e3o de quadra\u00a0","author":"noticiasribeiraopreto.com.br","date":"8 de March de 2024","format":false,"excerpt":"8 de mar\u00e7o de 2024 | 14:007 de mar\u00e7o de 2024 | 20:36 0Na manh\u00e3 desta quinta-feira, 7 de mar\u00e7o, o prefeito Duarte Nogueira (PSDB) assinou o projeto que prorroga o prazo previsto no artigo 2\u00ba da lei complementar n[\u00famero 720, de 30 de dezembro de 1997, autorizando a concess\u00e3o\u2026","rel":"","context":"In &quot;Not\u00edcias de Ribeir\u00e3o Preto-SP e Regi\u00e3o&quot;","block_context":{"text":"Not\u00edcias de Ribeir\u00e3o Preto-SP e Regi\u00e3o","link":"https:\/\/noticiasribeiraopreto.com.br\/index.php\/category\/noticias-de-ribeirao-preto-sp-e-regiao-ismael-colosi\/"},"img":{"alt_text":"","src":"https:\/\/i0.wp.com\/noticiasribeiraopreto.com.br\/wp-content\/uploads\/2024\/03\/Embaixadores-Guilherme-Sircili-02-scaled.jpg?fit=967%2C645&ssl=1&resize=350%2C200","width":350,"height":200,"srcset":"https:\/\/i0.wp.com\/noticiasribeiraopreto.com.br\/wp-content\/uploads\/2024\/03\/Embaixadores-Guilherme-Sircili-02-scaled.jpg?fit=967%2C645&ssl=1&resize=350%2C200 1x, https:\/\/i0.wp.com\/noticiasribeiraopreto.com.br\/wp-content\/uploads\/2024\/03\/Embaixadores-Guilherme-Sircili-02-scaled.jpg?fit=967%2C645&ssl=1&resize=525%2C300 1.5x, https:\/\/i0.wp.com\/noticiasribeiraopreto.com.br\/wp-content\/uploads\/2024\/03\/Embaixadores-Guilherme-Sircili-02-scaled.jpg?fit=967%2C645&ssl=1&resize=700%2C400 2x"},"classes":[]},{"id":82415,"url":"https:\/\/noticiasribeiraopreto.com.br\/index.php\/2026\/02\/13\/escola-de-samba-realiza-ultimo-ensaio-aberto-antes-do-carnaval-em-ribeirao-preto\/","url_meta":{"origin":43474,"position":5},"title":"Escola de Samba realiza \u00faltimo ensaio aberto antes do Carnaval em Ribeir\u00e3o Preto","author":"noticiasribeiraopreto.com.br","date":"13 de February de 2026","format":false,"excerpt":"A Escola de Samba Embaixadores dos Campos El\u00edseos, de Ribeir\u00e3o Preto, promove nesta quinta-feira (12) o \u00faltimo ensaio aberto antes do Carnaval. A atividade \u00e9 gratuita e aberta \u00e0 comunidade, refor\u00e7ando o compromisso da agremia\u00e7\u00e3o com a valoriza\u00e7\u00e3o da cultura carnavalesca na cidade. Os ensaios de percuss\u00e3o come\u00e7am a partir\u2026","rel":"","context":"In &quot;Not\u00edcias de Ribeir\u00e3o Preto-SP e Regi\u00e3o&quot;","block_context":{"text":"Not\u00edcias de Ribeir\u00e3o Preto-SP e Regi\u00e3o","link":"https:\/\/noticiasribeiraopreto.com.br\/index.php\/category\/noticias-de-ribeirao-preto-sp-e-regiao-ismael-colosi\/"},"img":{"alt_text":"WhatsApp Image 2026 01 19 at 15.11.31 2 2026 01 19 18 12 58","src":"https:\/\/i0.wp.com\/cdn.media-acidadeon.com.br\/ribeiraopreto\/wp-content\/uploads\/sites\/3\/2026\/01\/WhatsApp-Image-2026-01-19-at-15.11.31-2_2026-01-19_18-12-58-602x1024.webp?resize=350%2C200&ssl=1","width":350,"height":200,"srcset":"https:\/\/i0.wp.com\/cdn.media-acidadeon.com.br\/ribeiraopreto\/wp-content\/uploads\/sites\/3\/2026\/01\/WhatsApp-Image-2026-01-19-at-15.11.31-2_2026-01-19_18-12-58-602x1024.webp?resize=350%2C200&ssl=1 1x, https:\/\/i0.wp.com\/cdn.media-acidadeon.com.br\/ribeiraopreto\/wp-content\/uploads\/sites\/3\/2026\/01\/WhatsApp-Image-2026-01-19-at-15.11.31-2_2026-01-19_18-12-58-602x1024.webp?resize=525%2C300&ssl=1 1.5x"},"classes":[]}],"jetpack_sharing_enabled":true,"jetpack_shortlink":"https:\/\/wp.me\/peQAOb-bjc","_links":{"self":[{"href":"https:\/\/noticiasribeiraopreto.com.br\/index.php\/wp-json\/wp\/v2\/posts\/43474","targetHints":{"allow":["GET"]}}],"collection":[{"href":"https:\/\/noticiasribeiraopreto.com.br\/index.php\/wp-json\/wp\/v2\/posts"}],"about":[{"href":"https:\/\/noticiasribeiraopreto.com.br\/index.php\/wp-json\/wp\/v2\/types\/post"}],"author":[{"embeddable":true,"href":"https:\/\/noticiasribeiraopreto.com.br\/index.php\/wp-json\/wp\/v2\/users\/1"}],"replies":[{"embeddable":true,"href":"https:\/\/noticiasribeiraopreto.com.br\/index.php\/wp-json\/wp\/v2\/comments?post=43474"}],"version-history":[{"count":0,"href":"https:\/\/noticiasribeiraopreto.com.br\/index.php\/wp-json\/wp\/v2\/posts\/43474\/revisions"}],"wp:featuredmedia":[{"embeddable":true,"href":"https:\/\/noticiasribeiraopreto.com.br\/index.php\/wp-json\/wp\/v2\/media\/43475"}],"wp:attachment":[{"href":"https:\/\/noticiasribeiraopreto.com.br\/index.php\/wp-json\/wp\/v2\/media?parent=43474"}],"wp:term":[{"taxonomy":"category","embeddable":true,"href":"https:\/\/noticiasribeiraopreto.com.br\/index.php\/wp-json\/wp\/v2\/categories?post=43474"},{"taxonomy":"post_tag","embeddable":true,"href":"https:\/\/noticiasribeiraopreto.com.br\/index.php\/wp-json\/wp\/v2\/tags?post=43474"}],"curies":[{"name":"wp","href":"https:\/\/api.w.org\/{rel}","templated":true}]}}