{"id":43580,"date":"2024-03-22T09:44:12","date_gmt":"2024-03-22T12:44:12","guid":{"rendered":"https:\/\/noticiasribeiraopreto.com.br\/index.php\/2024\/03\/22\/taca-eptv-de-futsal-ribeirao-tem-31-gols-em-tres-jogos-veja-os-resultados\/"},"modified":"2024-03-22T09:44:12","modified_gmt":"2024-03-22T12:44:12","slug":"taca-eptv-de-futsal-ribeirao-tem-31-gols-em-tres-jogos-veja-os-resultados","status":"publish","type":"post","link":"https:\/\/noticiasribeiraopreto.com.br\/index.php\/2024\/03\/22\/taca-eptv-de-futsal-ribeirao-tem-31-gols-em-tres-jogos-veja-os-resultados\/","title":{"rendered":"Ta\u00e7a EPTV de Futsal Ribeir\u00e3o tem 31 gols em tr\u00eas jogos; Veja os resultados"},"content":{"rendered":"<div class='code-block code-block-1' style='margin: 8px 0 8px auto; text-align: right; display: block; clear: both;'>\n<p><a href=\"https:\/\/wa.link\/vpicfd\"><img data-recalc-dims=\"1\" class=\"wp-image-4922\" style=\"aspect-ratio: 2.0253164556962027; width: 561px; height: auto;\" src=\"https:\/\/i0.wp.com\/ismaelcolosi.com.br\/wp-content\/uploads\/2023\/11\/grupo-de-empregos-whatsapp-e-facebook-ismael-colosi-vagas.jpg?ssl=1\" alt=\"\" \/><\/a><\/p>\n<!-- \/wp:image -->\n<\/div>\n<p> <br \/>\n<\/p>\n<div data-td-block-uid=\"tdi_101\">\n<div class=\"tdb-block-inner td-fix-index\">\n<p><strong>A 38\u00aa Ta\u00e7a EPTV de futsal da regi\u00e3o de Ribeir\u00e3o Preto prosseguiu com tr\u00eas partidas nesta quinta-feira (21). Os jogos aconteceram em Tai\u00fava, C\u00e2ndido Rodrigues e Cravinhos.<\/strong><\/p>\n<p>No total, foram marcados 31 gols, com m\u00e9dia superior a dez por jogo. Os destaques ficaram por conta da vit\u00f3ria de Tai\u00fava por 9 a 6 sobre Serra Azul, no gin\u00e1sio Eurides Giannini, e da goleada de Bonfim Paulista sobre C\u00e2ndido Rodrigues, por 9 a 2.<\/p>\n<h4 class=\"wp-block-heading\"><strong>Confira os resultados de 21 de mar\u00e7o:<\/strong><\/h4>\n<p><strong>C\u00e2ndido Rodrigues \u2013 Gin\u00e1sio Municipal<\/strong><\/p>\n<ul>\n<li>C\u00e2ndido Rodrigues 2 x 9 Bonfim Paulista<\/li>\n<\/ul>\n<p><strong>Cravinhos \u2013 Centro Esportivo Jos\u00e9 Vessi<\/strong><\/p>\n<ul>\n<li>Cravinhos 2 x 3 Vista Alegre do Alto<\/li>\n<\/ul>\n<p><strong>Tai\u00fava \u2013 Gin\u00e1sio Eurides Giannini<\/strong><\/p>\n<p><strong>Desclassificado<\/strong><\/p>\n<p>O Conselho Executivo da 38\u00aa Ta\u00e7a EPTV de Futsal Ribeir\u00e3o decidiu, na quinta-feira (21), retirar Guatapar\u00e1 da competi\u00e7\u00e3o deste ano.<\/p>\n<p>Em nota, a organiza\u00e7\u00e3o explicou o motivo: \u201cEstando a equipe de Guatapar\u00e1 com irregularidades em sua inscri\u00e7\u00e3o, e para n\u00e3o prejudicar o andamento das demais equipes do grupo, os jogos em que a equipe estava envolvida ser\u00e3o considerados W.O. e as equipes advers\u00e1rias n\u00e3o precisam comparecer ao local\u201d.<\/p>\n<p>O regulamento completo e a tabela do torneio podem ser consultados no aplicativo \u201cFutsal EPTV\u201d, dispon\u00edvel para Android e iOS, e no <a href=\"https:\/\/projetos.empresaspioneiras.com.br\/futsal\/\" target=\"_blank\" rel=\"noreferrer noopener\">site futsaleptv.com.br.<\/a><\/p>\n<p><!-- AI CONTENT END 1 -->\n<\/div>\n<\/div>\n<p><br \/>\n<br \/><a href=\"https:\/\/www.acidadeon.com\/ribeiraopreto\/esportes\/taca-eptv-de-futsal-ribeirao-tem-31-gols-em-tres-jogos-veja-os-resultados\/\">Source link <\/a><\/p>\n<!-- CONTENT END 1 -->\n","protected":false},"excerpt":{"rendered":"<p>A 38\u00aa Ta\u00e7a EPTV de futsal da regi\u00e3o de Ribeir\u00e3o Preto prosseguiu com tr\u00eas partidas nesta quinta-feira (21). Os jogos aconteceram em Tai\u00fava, C\u00e2ndido Rodrigues&#8230;<\/p>\n","protected":false},"author":1,"featured_media":43581,"comment_status":"open","ping_status":"open","sticky":false,"template":"","format":"standard","meta":{"advanced_seo_description":"","jetpack_seo_html_title":"","jetpack_seo_noindex":false,"jetpack_post_was_ever_published":false,"_jetpack_newsletter_access":"","_jetpack_dont_email_post_to_subs":false,"_jetpack_newsletter_tier_id":0,"_jetpack_memberships_contains_paywalled_content":false,"_jetpack_memberships_contains_paid_content":false,"footnotes":"","jetpack_publicize_message":"","jetpack_publicize_feature_enabled":true,"jetpack_social_post_already_shared":true,"jetpack_social_options":{"image_generator_settings":{"template":"highway","default_image_id":0,"font":"","enabled":false},"version":2}},"categories":[11],"tags":[],"class_list":["post-43580","post","type-post","status-publish","format-standard","has-post-thumbnail","hentry","category-noticias-de-ribeirao-preto-sp-e-regiao-ismael-colosi"],"jetpack_publicize_connections":[],"jetpack_featured_media_url":"https:\/\/i0.wp.com\/noticiasribeiraopreto.com.br\/wp-content\/uploads\/2024\/03\/taca-eptv-1-1.jpg?fit=984%2C656&ssl=1","jetpack-related-posts":[{"id":47606,"url":"https:\/\/noticiasribeiraopreto.com.br\/index.php\/2024\/04\/26\/confira-os-resultados-desta-quinta-feira-na-taca-eptv-de-futsal-ribeirao\/","url_meta":{"origin":43580,"position":0},"title":"Confira os resultados desta quinta-feira na Ta\u00e7a EPTV de Futsal Ribeir\u00e3o","author":"noticiasribeiraopreto.com.br","date":"26 de April de 2024","format":false,"excerpt":"Seis partidas movimentaram a 38\u00aa edi\u00e7\u00e3o da Ta\u00e7a EPTV de Futsal de Ribeir\u00e3o Preto nessa quinta-feira (25). Os jogos foram realizados em Cajuru, Cristais Paulista e Sert\u00e3ozinho. Os jogos no Doc\u00e3o registraram recorde na temporada, com 22 gols em dois jogos, com as goleadas de Sert\u00e3ozinho sobre Tai\u00fava, por 9\u2026","rel":"","context":"In &quot;Not\u00edcias de Ribeir\u00e3o Preto-SP e Regi\u00e3o&quot;","block_context":{"text":"Not\u00edcias de Ribeir\u00e3o Preto-SP e Regi\u00e3o","link":"https:\/\/noticiasribeiraopreto.com.br\/index.php\/category\/noticias-de-ribeirao-preto-sp-e-regiao-ismael-colosi\/"},"img":{"alt_text":"","src":"https:\/\/i0.wp.com\/noticiasribeiraopreto.com.br\/wp-content\/uploads\/2024\/04\/AnyConv.com__taca-eptv-de-futsal.webp.webp?fit=978%2C649&ssl=1&resize=350%2C200","width":350,"height":200,"srcset":"https:\/\/i0.wp.com\/noticiasribeiraopreto.com.br\/wp-content\/uploads\/2024\/04\/AnyConv.com__taca-eptv-de-futsal.webp.webp?fit=978%2C649&ssl=1&resize=350%2C200 1x, https:\/\/i0.wp.com\/noticiasribeiraopreto.com.br\/wp-content\/uploads\/2024\/04\/AnyConv.com__taca-eptv-de-futsal.webp.webp?fit=978%2C649&ssl=1&resize=525%2C300 1.5x, https:\/\/i0.wp.com\/noticiasribeiraopreto.com.br\/wp-content\/uploads\/2024\/04\/AnyConv.com__taca-eptv-de-futsal.webp.webp?fit=978%2C649&ssl=1&resize=700%2C400 2x"},"classes":[]},{"id":45631,"url":"https:\/\/noticiasribeiraopreto.com.br\/index.php\/2024\/04\/05\/confira-os-resultados-da-taca-eptv-de-futsal-no-dia-4-de-abril\/","url_meta":{"origin":43580,"position":1},"title":"Confira os resultados da Ta\u00e7a EPTV de Futsal no dia 4 de abril","author":"noticiasribeiraopreto.com.br","date":"5 de April de 2024","format":false,"excerpt":"Mais cinco jogos deram sequ\u00eancia \u00e0 primeira fase da 38\u00aa Ta\u00e7a EPTV de Futsal Ribeir\u00e3o Preto na noite de quinta-feira (4). As partidas foram realizadas em tr\u00eas cidades. O destaque ficou para a goleada de Ipu\u00e3 diante de Sales Oliveira por 7 a 1. Outros tr\u00eas times venceram na rodada\u2026","rel":"","context":"In &quot;Not\u00edcias de Ribeir\u00e3o Preto-SP e Regi\u00e3o&quot;","block_context":{"text":"Not\u00edcias de Ribeir\u00e3o Preto-SP e Regi\u00e3o","link":"https:\/\/noticiasribeiraopreto.com.br\/index.php\/category\/noticias-de-ribeirao-preto-sp-e-regiao-ismael-colosi\/"},"img":{"alt_text":"","src":"https:\/\/i0.wp.com\/noticiasribeiraopreto.com.br\/wp-content\/uploads\/2024\/04\/AnyConv.com__futsal.webp.webp?fit=979%2C509&ssl=1&resize=350%2C200","width":350,"height":200,"srcset":"https:\/\/i0.wp.com\/noticiasribeiraopreto.com.br\/wp-content\/uploads\/2024\/04\/AnyConv.com__futsal.webp.webp?fit=979%2C509&ssl=1&resize=350%2C200 1x, https:\/\/i0.wp.com\/noticiasribeiraopreto.com.br\/wp-content\/uploads\/2024\/04\/AnyConv.com__futsal.webp.webp?fit=979%2C509&ssl=1&resize=525%2C300 1.5x, https:\/\/i0.wp.com\/noticiasribeiraopreto.com.br\/wp-content\/uploads\/2024\/04\/AnyConv.com__futsal.webp.webp?fit=979%2C509&ssl=1&resize=700%2C400 2x"},"classes":[]},{"id":45643,"url":"https:\/\/noticiasribeiraopreto.com.br\/index.php\/2024\/04\/05\/confira-os-resultados-da-taca-eptv-de-futsal-no-dia-4-de-abril-2\/","url_meta":{"origin":43580,"position":2},"title":"Confira os resultados da Ta\u00e7a EPTV de Futsal no dia 4 de abril","author":"noticiasribeiraopreto.com.br","date":"5 de April de 2024","format":false,"excerpt":"Mais cinco jogos deram sequ\u00eancia \u00e0 primeira fase da 38\u00aa Ta\u00e7a EPTV de Futsal Ribeir\u00e3o Preto na noite de quinta-feira (4). As partidas foram realizadas em tr\u00eas cidades. O destaque ficou para a goleada de Ipu\u00e3 diante de Sales Oliveira por 7 a 1. Outros tr\u00eas times venceram na rodada\u2026","rel":"","context":"In &quot;Not\u00edcias de Ribeir\u00e3o Preto-SP e Regi\u00e3o&quot;","block_context":{"text":"Not\u00edcias de Ribeir\u00e3o Preto-SP e Regi\u00e3o","link":"https:\/\/noticiasribeiraopreto.com.br\/index.php\/category\/noticias-de-ribeirao-preto-sp-e-regiao-ismael-colosi\/"},"img":{"alt_text":"","src":"https:\/\/i0.wp.com\/noticiasribeiraopreto.com.br\/wp-content\/uploads\/2024\/04\/AnyConv.com__futsal.webp.webp?fit=979%2C509&ssl=1&resize=350%2C200","width":350,"height":200,"srcset":"https:\/\/i0.wp.com\/noticiasribeiraopreto.com.br\/wp-content\/uploads\/2024\/04\/AnyConv.com__futsal.webp.webp?fit=979%2C509&ssl=1&resize=350%2C200 1x, https:\/\/i0.wp.com\/noticiasribeiraopreto.com.br\/wp-content\/uploads\/2024\/04\/AnyConv.com__futsal.webp.webp?fit=979%2C509&ssl=1&resize=525%2C300 1.5x, https:\/\/i0.wp.com\/noticiasribeiraopreto.com.br\/wp-content\/uploads\/2024\/04\/AnyConv.com__futsal.webp.webp?fit=979%2C509&ssl=1&resize=700%2C400 2x"},"classes":[]},{"id":44180,"url":"https:\/\/noticiasribeiraopreto.com.br\/index.php\/2024\/03\/26\/taca-eptv-de-futsal-ribeirao-veja-resultados-do-dia-25-de-marco\/","url_meta":{"origin":43580,"position":3},"title":"Ta\u00e7a EPTV de Futsal Ribeir\u00e3o: Veja resultados do dia 25 de mar\u00e7o","author":"noticiasribeiraopreto.com.br","date":"26 de March de 2024","format":false,"excerpt":"A 38\u00aa Ta\u00e7a EPTV de futsal da regi\u00e3o de Ribeir\u00e3o Preto prosseguiu com seis partidas nessa segunda-feira (25). Os jogos aconteceram em Jeriquara, Monte Azul Paulista, Patroc\u00ednio Paulista e S\u00e3o Jos\u00e9 da Bela Vista. No total, foram marcados 35 gols, m\u00e9dia de quase seis por jogo. Confira os resultados da\u2026","rel":"","context":"In &quot;Not\u00edcias de Ribeir\u00e3o Preto-SP e Regi\u00e3o&quot;","block_context":{"text":"Not\u00edcias de Ribeir\u00e3o Preto-SP e Regi\u00e3o","link":"https:\/\/noticiasribeiraopreto.com.br\/index.php\/category\/noticias-de-ribeirao-preto-sp-e-regiao-ismael-colosi\/"},"img":{"alt_text":"","src":"https:\/\/i0.wp.com\/noticiasribeiraopreto.com.br\/wp-content\/uploads\/2024\/03\/taca-eptv.webp.webp?fit=984%2C554&ssl=1&resize=350%2C200","width":350,"height":200,"srcset":"https:\/\/i0.wp.com\/noticiasribeiraopreto.com.br\/wp-content\/uploads\/2024\/03\/taca-eptv.webp.webp?fit=984%2C554&ssl=1&resize=350%2C200 1x, https:\/\/i0.wp.com\/noticiasribeiraopreto.com.br\/wp-content\/uploads\/2024\/03\/taca-eptv.webp.webp?fit=984%2C554&ssl=1&resize=525%2C300 1.5x, https:\/\/i0.wp.com\/noticiasribeiraopreto.com.br\/wp-content\/uploads\/2024\/03\/taca-eptv.webp.webp?fit=984%2C554&ssl=1&resize=700%2C400 2x"},"classes":[]},{"id":48069,"url":"https:\/\/noticiasribeiraopreto.com.br\/index.php\/2024\/04\/30\/veja-os-resultados-da-rodada-do-dia-29-de-abril-da-taca-eptv-de-futsal-ribeirao\/","url_meta":{"origin":43580,"position":4},"title":"Veja os resultados da rodada do dia 29 de abril da Ta\u00e7a EPTV de Futsal Ribeir\u00e3o","author":"noticiasribeiraopreto.com.br","date":"30 de April de 2024","format":false,"excerpt":"Quatro partidas movimentaram a 38\u00aa edi\u00e7\u00e3o da Ta\u00e7a EPTV de Futsal de Ribeir\u00e3o Preto nesta segunda-feira (29). Os jogos foram realizados em Altin\u00f3polis, Jaboticabal e Orl\u00e2ndia, que teve a maior goleada da noite, no gin\u00e1sio Maur\u00edcio Leite de Moraes. O time da casa fez 9 a 0 a Jeriquara. Veja\u2026","rel":"","context":"In &quot;Not\u00edcias de Ribeir\u00e3o Preto-SP e Regi\u00e3o&quot;","block_context":{"text":"Not\u00edcias de Ribeir\u00e3o Preto-SP e Regi\u00e3o","link":"https:\/\/noticiasribeiraopreto.com.br\/index.php\/category\/noticias-de-ribeirao-preto-sp-e-regiao-ismael-colosi\/"},"img":{"alt_text":"","src":"https:\/\/i0.wp.com\/noticiasribeiraopreto.com.br\/wp-content\/uploads\/2024\/04\/AnyConv.com__futsal.webp.webp?fit=979%2C509&ssl=1&resize=350%2C200","width":350,"height":200,"srcset":"https:\/\/i0.wp.com\/noticiasribeiraopreto.com.br\/wp-content\/uploads\/2024\/04\/AnyConv.com__futsal.webp.webp?fit=979%2C509&ssl=1&resize=350%2C200 1x, https:\/\/i0.wp.com\/noticiasribeiraopreto.com.br\/wp-content\/uploads\/2024\/04\/AnyConv.com__futsal.webp.webp?fit=979%2C509&ssl=1&resize=525%2C300 1.5x, https:\/\/i0.wp.com\/noticiasribeiraopreto.com.br\/wp-content\/uploads\/2024\/04\/AnyConv.com__futsal.webp.webp?fit=979%2C509&ssl=1&resize=700%2C400 2x"},"classes":[]},{"id":42901,"url":"https:\/\/noticiasribeiraopreto.com.br\/index.php\/2024\/03\/18\/ipua-goleia-morro-agudo-na-abertura-da-taca-eptv-de-futsal-ribeirao\/","url_meta":{"origin":43580,"position":5},"title":"Ipu\u00e3 goleia Morro Agudo na abertura da Ta\u00e7a EPTV de Futsal Ribeir\u00e3o","author":"noticiasribeiraopreto.com.br","date":"18 de March de 2024","format":false,"excerpt":"Diante de sua torcida, no gin\u00e1sio Eug\u00eanio Sacardo Filho, o time de Ipu\u00e3 goleou Morro Agudo por 6 a 0 na noite do s\u00e1bado (16), no jogo que abriu a 38\u00aa edi\u00e7\u00e3o da Ta\u00e7a EPTV de Futsal Ribeir\u00e3o Preto. As duas equipes est\u00e3o no Grupo K da competi\u00e7\u00e3o, que ainda\u2026","rel":"","context":"In &quot;Not\u00edcias de Ribeir\u00e3o Preto-SP e Regi\u00e3o&quot;","block_context":{"text":"Not\u00edcias de Ribeir\u00e3o Preto-SP e Regi\u00e3o","link":"https:\/\/noticiasribeiraopreto.com.br\/index.php\/category\/noticias-de-ribeirao-preto-sp-e-regiao-ismael-colosi\/"},"img":{"alt_text":"","src":"https:\/\/i0.wp.com\/noticiasribeiraopreto.com.br\/wp-content\/uploads\/2024\/03\/taca-eptv.jpg?fit=984%2C738&ssl=1&resize=350%2C200","width":350,"height":200,"srcset":"https:\/\/i0.wp.com\/noticiasribeiraopreto.com.br\/wp-content\/uploads\/2024\/03\/taca-eptv.jpg?fit=984%2C738&ssl=1&resize=350%2C200 1x, https:\/\/i0.wp.com\/noticiasribeiraopreto.com.br\/wp-content\/uploads\/2024\/03\/taca-eptv.jpg?fit=984%2C738&ssl=1&resize=525%2C300 1.5x, https:\/\/i0.wp.com\/noticiasribeiraopreto.com.br\/wp-content\/uploads\/2024\/03\/taca-eptv.jpg?fit=984%2C738&ssl=1&resize=700%2C400 2x"},"classes":[]}],"jetpack_sharing_enabled":true,"jetpack_shortlink":"https:\/\/wp.me\/peQAOb-bkU","_links":{"self":[{"href":"https:\/\/noticiasribeiraopreto.com.br\/index.php\/wp-json\/wp\/v2\/posts\/43580","targetHints":{"allow":["GET"]}}],"collection":[{"href":"https:\/\/noticiasribeiraopreto.com.br\/index.php\/wp-json\/wp\/v2\/posts"}],"about":[{"href":"https:\/\/noticiasribeiraopreto.com.br\/index.php\/wp-json\/wp\/v2\/types\/post"}],"author":[{"embeddable":true,"href":"https:\/\/noticiasribeiraopreto.com.br\/index.php\/wp-json\/wp\/v2\/users\/1"}],"replies":[{"embeddable":true,"href":"https:\/\/noticiasribeiraopreto.com.br\/index.php\/wp-json\/wp\/v2\/comments?post=43580"}],"version-history":[{"count":0,"href":"https:\/\/noticiasribeiraopreto.com.br\/index.php\/wp-json\/wp\/v2\/posts\/43580\/revisions"}],"wp:featuredmedia":[{"embeddable":true,"href":"https:\/\/noticiasribeiraopreto.com.br\/index.php\/wp-json\/wp\/v2\/media\/43581"}],"wp:attachment":[{"href":"https:\/\/noticiasribeiraopreto.com.br\/index.php\/wp-json\/wp\/v2\/media?parent=43580"}],"wp:term":[{"taxonomy":"category","embeddable":true,"href":"https:\/\/noticiasribeiraopreto.com.br\/index.php\/wp-json\/wp\/v2\/categories?post=43580"},{"taxonomy":"post_tag","embeddable":true,"href":"https:\/\/noticiasribeiraopreto.com.br\/index.php\/wp-json\/wp\/v2\/tags?post=43580"}],"curies":[{"name":"wp","href":"https:\/\/api.w.org\/{rel}","templated":true}]}}