{"id":43590,"date":"2024-03-22T10:48:03","date_gmt":"2024-03-22T13:48:03","guid":{"rendered":"https:\/\/noticiasribeiraopreto.com.br\/index.php\/2024\/03\/22\/robinho-passa-noite-na-cadeia-e-ficara-uma-semana-em-cela-separada\/"},"modified":"2024-03-22T10:48:03","modified_gmt":"2024-03-22T13:48:03","slug":"robinho-passa-noite-na-cadeia-e-ficara-uma-semana-em-cela-separada","status":"publish","type":"post","link":"https:\/\/noticiasribeiraopreto.com.br\/index.php\/2024\/03\/22\/robinho-passa-noite-na-cadeia-e-ficara-uma-semana-em-cela-separada\/","title":{"rendered":"Robinho passa noite na cadeia e ficar\u00e1 uma semana em cela separada"},"content":{"rendered":"<div class='code-block code-block-1' style='margin: 8px 0 8px auto; text-align: right; display: block; clear: both;'>\n<p><a href=\"https:\/\/wa.link\/vpicfd\"><img data-recalc-dims=\"1\" class=\"wp-image-4922\" style=\"aspect-ratio: 2.0253164556962027; width: 561px; height: auto;\" src=\"https:\/\/i0.wp.com\/ismaelcolosi.com.br\/wp-content\/uploads\/2023\/11\/grupo-de-empregos-whatsapp-e-facebook-ismael-colosi-vagas.jpg?ssl=1\" alt=\"\" \/><\/a><\/p>\n<!-- \/wp:image -->\n<\/div>\n<p> <br \/>\n<\/p>\n<div id=\"\">\n<p>\n<span class=\"entry-meta-item penci-posted-on\"><i class=\"fa fa-clock-o\"\/><time class=\"entry-date published updated\" datetime=\"2024-03-22T10:18:01-03:00\">22 de mar\u00e7o de 2024 | 10:18<\/time><\/span> <\/p>\n<p><span class=\"penci-social-buttons penci-social-share-footer\"><a href=\"#\" class=\"penci-post-like penci_post-meta_item  single-like-button penci-social-item like\" data-post_id=\"378086\" title=\"Like\" data-like=\"Like\" data-unlike=\"Unlike\"><i class=\"fa fa-thumbs-o-up\"\/><span class=\"penci-share-number\">0<\/span><\/a><i class=\"fa fa-facebook\"\/><a class=\"penci-social-item twitter\" target=\"_blank\" rel=\"noopener\" title=\"\" href=\"https:\/\/twitter.com\/intent\/tweet?text=Robinho%20passa%20noite%20na%20cadeia%20e%20ficar\u00e1%20uma%20semana%20em%20cela%20separada%20-%20https:\/\/www.tribunaribeirao.com.br\/site\/robinho-passa-noite-na-cadeia-e-ficara-uma-semana-em-cela-separada\/\"><i class=\"fa fa-twitter\"\/><\/a><i class=\"fa fa-whatsapp\"\/><\/span> <\/div>\n<div>\n<p>O ex-jogador Robson de Souza, Robinho, passou a primeira noite na Penitenci\u00e1ria 2 Dr. Jos\u00e9 Augusto Salgado, na cidade de Trememb\u00e9, interior paulista, em uma cela especial. Dever\u00e1 permanecer em isolamento por cerca de uma semana, onde ficar\u00e1 em observa\u00e7\u00e3o. At\u00e9 mesmo os banhos de sol ser\u00e3o realizados de forma separada dos demais detentos. Ap\u00f3s o per\u00edodo de adapta\u00e7\u00e3o padr\u00e3o dever\u00e1 ficar numa cela comum.<\/p>\n<p>Ele chegou ao complexo penitenci\u00e1rio de Trememb\u00e9 por volta da 1h desta sexta-feira, onde cumprir\u00e1 pena de nove anos em regime fechado por estupro coletivo na It\u00e1lia. Robinho foi preso no in\u00edcio da noite de ontem no pr\u00e9dio de apartamentos onde mora no bairro de Aparecida, cidade de Santos, litoral de S\u00e3o Paulo.<\/p>\n<p>Depois foi encaminhado para uma audi\u00eancia de cust\u00f3dia e exames no Instituto M\u00e9dico Legal antes de ser encaminhado para a penitenci\u00e1ria. A cadeia de Trememb\u00e9 \u00e9 conhecida como a \u201cpenitenci\u00e1ria dos famosos\u201d. Entre os detentos do local est\u00e1 Alexandre Nardoni, Cristian Cravinhos, Gil Rugai, o ex-m\u00e9dico Roger Abdelmassih entre outros.<\/p>\n<p>A P2 abriga presos envolvidos em casos de grande como\u00e7\u00e3o social. Tem capacidade para mais de 390 presos em regime semiaberto e fechado. As celas podem abrigar at\u00e9 oito presos. \u00c9 integrante de um complexo penitenci\u00e1rio onde tamb\u00e9m est\u00e1 a pris\u00e3o feminina, conhecida como P1, Santa Maria Eufr\u00e1sia Pelletier. Nesse local est\u00e3o presas como Suzane Richtofen, Elize Matsunaga e Ana Carolina Jatob\u00e1.<\/p>\n<p>A pris\u00e3o de Robinho ocorreu cerca de 24 horas depois de o Superior Tribunal de Justi\u00e7a (STJ) validar a pena imposta ao ex-jogador pela justi\u00e7a da It\u00e1lia. Ele e outros cinco amigos participaram de estupro coletivo de uma mulher albanesa numa boate na cidade de Mil\u00e3o, em 2013. Ricardo Falco tamb\u00e9m foi condenado pela justi\u00e7a italiana. Os outros quatro, apesar de terem sido denunciados pelo Minist\u00e9rio P\u00fablico do pa\u00eds europeu, nem chegaram a ser julgados porque deixaram a It\u00e1lia durante as investiga\u00e7\u00f5es e n\u00e3o foram localizados pela justi\u00e7a.<\/p>\n<p>O advogado do ex-jogador, Jos\u00e9 Eduardo Alckmin, afirmou que recorrer\u00e1 da decis\u00e3o monocr\u00e1tico do ministro Luiz Fux, do Supremo Tribunal Federal (STF), dada no fim da tarde de ontem permitindo a pris\u00e3o de Robinho. Ele quer que o pedido de habeas corpus seja julgado pelo plen\u00e1rio da suprema corte.<\/p>\n<\/div>\n<p><script async src=\"\/\/platform.twitter.com\/widgets.js\" charset=\"utf-8\"><\/script><br \/>\n<br \/><br \/>\n<br \/><a href=\"https:\/\/www.tribunaribeirao.com.br\/site\/robinho-passa-noite-na-cadeia-e-ficara-uma-semana-em-cela-separada\/\">Source link <\/a><\/p>\n<!-- CONTENT END 1 -->\n","protected":false},"excerpt":{"rendered":"<p>22 de mar\u00e7o de 2024 | 10:18 0 O ex-jogador Robson de Souza, Robinho, passou a primeira noite na Penitenci\u00e1ria 2 Dr. Jos\u00e9 Augusto Salgado,&#8230;<\/p>\n","protected":false},"author":1,"featured_media":43591,"comment_status":"open","ping_status":"open","sticky":false,"template":"","format":"standard","meta":{"advanced_seo_description":"","jetpack_seo_html_title":"","jetpack_seo_noindex":false,"jetpack_post_was_ever_published":false,"_jetpack_newsletter_access":"","_jetpack_dont_email_post_to_subs":false,"_jetpack_newsletter_tier_id":0,"_jetpack_memberships_contains_paywalled_content":false,"_jetpack_memberships_contains_paid_content":false,"footnotes":"","jetpack_publicize_message":"","jetpack_publicize_feature_enabled":true,"jetpack_social_post_already_shared":true,"jetpack_social_options":{"image_generator_settings":{"template":"highway","default_image_id":0,"font":"","enabled":false},"version":2}},"categories":[11],"tags":[2384,5162,852,1275,631,4659,126,5163,85],"class_list":["post-43590","post","type-post","status-publish","format-standard","has-post-thumbnail","hentry","category-noticias-de-ribeirao-preto-sp-e-regiao-ismael-colosi","tag-cadeia","tag-cela","tag-ficara","tag-noite","tag-passa","tag-robinho","tag-semana","tag-separada","tag-uma"],"jetpack_publicize_connections":[],"jetpack_featured_media_url":"https:\/\/i0.wp.com\/noticiasribeiraopreto.com.br\/wp-content\/uploads\/2024\/03\/robinho_divulgacao_santos-noite-site-scaled.jpeg?fit=1000%2C598&ssl=1","jetpack-related-posts":[{"id":43950,"url":"https:\/\/noticiasribeiraopreto.com.br\/index.php\/2024\/03\/24\/robinho-e-mais-uma-celebridade-a-cumprir-pena-no-presidio-dos-famosos\/","url_meta":{"origin":43590,"position":0},"title":"Robinho \u00e9 mais uma celebridade a cumprir pena no pres\u00eddio dos famosos\u00a0","author":"noticiasribeiraopreto.com.br","date":"24 de March de 2024","format":false,"excerpt":"A penitenci\u00e1ria de Trememb\u00e9, que fica no Vale do Para\u00edba, interior de S\u00e3o Paulo, leva a fama de ser o \u201cpres\u00eddio dos famosos\u201d. Condenados em casos de repercuss\u00e3o nacional costumam ser encaminhados ao complexo para o cumprimento da pena por terem algum tipo de fama e por estarem em risco\u2026","rel":"","context":"In &quot;Not\u00edcias de Ribeir\u00e3o Preto-SP e Regi\u00e3o&quot;","block_context":{"text":"Not\u00edcias de Ribeir\u00e3o Preto-SP e Regi\u00e3o","link":"https:\/\/noticiasribeiraopreto.com.br\/index.php\/category\/noticias-de-ribeirao-preto-sp-e-regiao-ismael-colosi\/"},"img":{"alt_text":"","src":"https:\/\/i0.wp.com\/noticiasribeiraopreto.com.br\/wp-content\/uploads\/2024\/03\/Robinho-selecao-1.jpg?fit=1200%2C758&ssl=1&resize=350%2C200","width":350,"height":200,"srcset":"https:\/\/i0.wp.com\/noticiasribeiraopreto.com.br\/wp-content\/uploads\/2024\/03\/Robinho-selecao-1.jpg?fit=1200%2C758&ssl=1&resize=350%2C200 1x, https:\/\/i0.wp.com\/noticiasribeiraopreto.com.br\/wp-content\/uploads\/2024\/03\/Robinho-selecao-1.jpg?fit=1200%2C758&ssl=1&resize=525%2C300 1.5x, https:\/\/i0.wp.com\/noticiasribeiraopreto.com.br\/wp-content\/uploads\/2024\/03\/Robinho-selecao-1.jpg?fit=1200%2C758&ssl=1&resize=700%2C400 2x, https:\/\/i0.wp.com\/noticiasribeiraopreto.com.br\/wp-content\/uploads\/2024\/03\/Robinho-selecao-1.jpg?fit=1200%2C758&ssl=1&resize=1050%2C600 3x"},"classes":[]},{"id":76441,"url":"https:\/\/noticiasribeiraopreto.com.br\/index.php\/2025\/08\/28\/maioria-do-stf-mantem-prisao-do-ex-jogador-robinho\/","url_meta":{"origin":43590,"position":1},"title":"Maioria do STF mant\u00e9m pris\u00e3o do ex-jogador Robinho","author":"noticiasribeiraopreto.com.br","date":"28 de August de 2025","format":false,"excerpt":"28 de agosto de 2025 22:443 Compartilhar0 O Supremo Tribunal Federal (STF) formou nesta quinta-feira (28) maioria de votos contra a soltura do ex-jogador de futebol Robinho, preso no Brasil desde mar\u00e7o do ano passado. Robinho cumpre condena\u00e7\u00e3o a nove anos de pris\u00e3o na It\u00e1lia pelo envolvimento no estupro de\u2026","rel":"","context":"In &quot;Not\u00edcias de Ribeir\u00e3o Preto-SP e Regi\u00e3o&quot;","block_context":{"text":"Not\u00edcias de Ribeir\u00e3o Preto-SP e Regi\u00e3o","link":"https:\/\/noticiasribeiraopreto.com.br\/index.php\/category\/noticias-de-ribeirao-preto-sp-e-regiao-ismael-colosi\/"},"img":{"alt_text":"","src":"https:\/\/i0.wp.com\/noticiasribeiraopreto.com.br\/wp-content\/uploads\/2025\/08\/siterobinho_divulgacao_santos.jpg?fit=1170%2C700&ssl=1&resize=350%2C200","width":350,"height":200,"srcset":"https:\/\/i0.wp.com\/noticiasribeiraopreto.com.br\/wp-content\/uploads\/2025\/08\/siterobinho_divulgacao_santos.jpg?fit=1170%2C700&ssl=1&resize=350%2C200 1x, https:\/\/i0.wp.com\/noticiasribeiraopreto.com.br\/wp-content\/uploads\/2025\/08\/siterobinho_divulgacao_santos.jpg?fit=1170%2C700&ssl=1&resize=525%2C300 1.5x, https:\/\/i0.wp.com\/noticiasribeiraopreto.com.br\/wp-content\/uploads\/2025\/08\/siterobinho_divulgacao_santos.jpg?fit=1170%2C700&ssl=1&resize=700%2C400 2x, https:\/\/i0.wp.com\/noticiasribeiraopreto.com.br\/wp-content\/uploads\/2025\/08\/siterobinho_divulgacao_santos.jpg?fit=1170%2C700&ssl=1&resize=1050%2C600 3x"},"classes":[]},{"id":40146,"url":"https:\/\/noticiasribeiraopreto.com.br\/index.php\/2024\/03\/01\/decisao-sobre-robinho-sai-no-dia-20-de-marco\/","url_meta":{"origin":43590,"position":2},"title":"Decis\u00e3o sobre Robinho sai no dia 20 de mar\u00e7o\u00a0","author":"noticiasribeiraopreto.com.br","date":"1 de March de 2024","format":false,"excerpt":"1 de mar\u00e7o de 2024 | 11:301 de mar\u00e7o de 2024 | 9:11 0Rodrigo Sampaio (AE)\u00a0\u00a0O Superior Tribunal de Justi\u00e7a (STJ) marcou para 20 de mar\u00e7o o julgamento do processo de Robinho. O jogador foi sentenciado em \u00faltima inst\u00e2ncia a nove anos de pris\u00e3o na It\u00e1lia pelo crime de estupro\u2026","rel":"","context":"In &quot;Not\u00edcias de Ribeir\u00e3o Preto-SP e Regi\u00e3o&quot;","block_context":{"text":"Not\u00edcias de Ribeir\u00e3o Preto-SP e Regi\u00e3o","link":"https:\/\/noticiasribeiraopreto.com.br\/index.php\/category\/noticias-de-ribeirao-preto-sp-e-regiao-ismael-colosi\/"},"img":{"alt_text":"","src":"https:\/\/i0.wp.com\/noticiasribeiraopreto.com.br\/wp-content\/uploads\/2024\/03\/Robinho-Tony-Gentile-Reuters-scaled.jpg?fit=1000%2C598&ssl=1&resize=350%2C200","width":350,"height":200,"srcset":"https:\/\/i0.wp.com\/noticiasribeiraopreto.com.br\/wp-content\/uploads\/2024\/03\/Robinho-Tony-Gentile-Reuters-scaled.jpg?fit=1000%2C598&ssl=1&resize=350%2C200 1x, https:\/\/i0.wp.com\/noticiasribeiraopreto.com.br\/wp-content\/uploads\/2024\/03\/Robinho-Tony-Gentile-Reuters-scaled.jpg?fit=1000%2C598&ssl=1&resize=525%2C300 1.5x, https:\/\/i0.wp.com\/noticiasribeiraopreto.com.br\/wp-content\/uploads\/2024\/03\/Robinho-Tony-Gentile-Reuters-scaled.jpg?fit=1000%2C598&ssl=1&resize=700%2C400 2x"},"classes":[]},{"id":43386,"url":"https:\/\/noticiasribeiraopreto.com.br\/index.php\/2024\/03\/21\/stj-decide-que-robinho-deve-cumprir-pena-por-estupro-no-brasil\/","url_meta":{"origin":43590,"position":3},"title":"STJ decide que Robinho deve cumprir pena por estupro no Brasil","author":"noticiasribeiraopreto.com.br","date":"21 de March de 2024","format":false,"excerpt":"A Corte Especial do Superior Tribunal de Justi\u00e7a (STJ) decidiu nesta quarta-feira (20), por 9 a 2,\u00a0que Robson de Souza, nome do ex-jogador de futebol Robinho, deve cumprir no Brasil a pena de nove anos de pris\u00e3o pelo crime de estupro coletivo ao qual foi condenado na It\u00e1lia.\u00a0Pela decis\u00e3o, assim\u2026","rel":"","context":"In &quot;Not\u00edcias de Ribeir\u00e3o Preto-SP e Regi\u00e3o&quot;","block_context":{"text":"Not\u00edcias de Ribeir\u00e3o Preto-SP e Regi\u00e3o","link":"https:\/\/noticiasribeiraopreto.com.br\/index.php\/category\/noticias-de-ribeirao-preto-sp-e-regiao-ismael-colosi\/"},"img":{"alt_text":"","src":"","width":0,"height":0},"classes":[]},{"id":43779,"url":"https:\/\/noticiasribeiraopreto.com.br\/index.php\/2024\/03\/23\/os-equivocos-do-caso-robinho\/","url_meta":{"origin":43590,"position":4},"title":"Os equ\u00edvocos do caso Robinho\u00a0","author":"noticiasribeiraopreto.com.br","date":"23 de March de 2024","format":false,"excerpt":"23 de mar\u00e7o de 2024 | 8:2022 de mar\u00e7o de 2024 | 19:47 0 Marcelo Aith*\u00a0@marcelo.aith\u00a0\u00a0A Corte Especial do Superior Tribunal de Justi\u00e7a (STJ), no uso de compet\u00eancia constitucional e regimental, analisou e, por maioria de votos, homologou o pedido de execu\u00e7\u00e3o da senten\u00e7a penal condenat\u00f3ria proferida pela Justi\u00e7a Italiana\u2026","rel":"","context":"In &quot;Not\u00edcias de Ribeir\u00e3o Preto-SP e Regi\u00e3o&quot;","block_context":{"text":"Not\u00edcias de Ribeir\u00e3o Preto-SP e Regi\u00e3o","link":"https:\/\/noticiasribeiraopreto.com.br\/index.php\/category\/noticias-de-ribeirao-preto-sp-e-regiao-ismael-colosi\/"},"img":{"alt_text":"","src":"https:\/\/i0.wp.com\/noticiasribeiraopreto.com.br\/wp-content\/uploads\/2024\/03\/marceloaith.jpg?fit=700%2C450&ssl=1&resize=350%2C200","width":350,"height":200,"srcset":"https:\/\/i0.wp.com\/noticiasribeiraopreto.com.br\/wp-content\/uploads\/2024\/03\/marceloaith.jpg?fit=700%2C450&ssl=1&resize=350%2C200 1x, https:\/\/i0.wp.com\/noticiasribeiraopreto.com.br\/wp-content\/uploads\/2024\/03\/marceloaith.jpg?fit=700%2C450&ssl=1&resize=525%2C300 1.5x, https:\/\/i0.wp.com\/noticiasribeiraopreto.com.br\/wp-content\/uploads\/2024\/03\/marceloaith.jpg?fit=700%2C450&ssl=1&resize=700%2C400 2x"},"classes":[]},{"id":58093,"url":"https:\/\/noticiasribeiraopreto.com.br\/index.php\/2024\/09\/18\/agentes-acham-buraco-em-cela-e-frustram-fuga-em-cadeia-na-regiao-de-ribeirao\/","url_meta":{"origin":43590,"position":5},"title":"Agentes acham buraco em cela e frustram fuga em cadeia na regi\u00e3o de Ribeir\u00e3o","author":"noticiasribeiraopreto.com.br","date":"18 de September de 2024","format":false,"excerpt":"Na manh\u00e3 desta ter\u00e7a-feira (17), agentes penitenci\u00e1rios encontraram um buraco feito por presos, em uma cela da cadeia de\u00a0Prad\u00f3polis, na regi\u00e3o de Ribeir\u00e3o Preto. Um dos detentos\u00a0confessou aos agentes que a abertura na parede seria usada para eles fugirem do local. A suspeita come\u00e7ou quando os carcereiros perceberam que, durante\u2026","rel":"","context":"In &quot;Not\u00edcias de Ribeir\u00e3o Preto-SP e Regi\u00e3o&quot;","block_context":{"text":"Not\u00edcias de Ribeir\u00e3o Preto-SP e Regi\u00e3o","link":"https:\/\/noticiasribeiraopreto.com.br\/index.php\/category\/noticias-de-ribeirao-preto-sp-e-regiao-ismael-colosi\/"},"img":{"alt_text":"","src":"https:\/\/i0.wp.com\/noticiasribeiraopreto.com.br\/wp-content\/uploads\/2024\/09\/cadeia_2024-09-18_20-01-04_png_2024-09-18_20-01-04.webp.webp?fit=980%2C547&ssl=1&resize=350%2C200","width":350,"height":200,"srcset":"https:\/\/i0.wp.com\/noticiasribeiraopreto.com.br\/wp-content\/uploads\/2024\/09\/cadeia_2024-09-18_20-01-04_png_2024-09-18_20-01-04.webp.webp?fit=980%2C547&ssl=1&resize=350%2C200 1x, https:\/\/i0.wp.com\/noticiasribeiraopreto.com.br\/wp-content\/uploads\/2024\/09\/cadeia_2024-09-18_20-01-04_png_2024-09-18_20-01-04.webp.webp?fit=980%2C547&ssl=1&resize=525%2C300 1.5x, https:\/\/i0.wp.com\/noticiasribeiraopreto.com.br\/wp-content\/uploads\/2024\/09\/cadeia_2024-09-18_20-01-04_png_2024-09-18_20-01-04.webp.webp?fit=980%2C547&ssl=1&resize=700%2C400 2x"},"classes":[]}],"jetpack_sharing_enabled":true,"jetpack_shortlink":"https:\/\/wp.me\/peQAOb-bl4","_links":{"self":[{"href":"https:\/\/noticiasribeiraopreto.com.br\/index.php\/wp-json\/wp\/v2\/posts\/43590","targetHints":{"allow":["GET"]}}],"collection":[{"href":"https:\/\/noticiasribeiraopreto.com.br\/index.php\/wp-json\/wp\/v2\/posts"}],"about":[{"href":"https:\/\/noticiasribeiraopreto.com.br\/index.php\/wp-json\/wp\/v2\/types\/post"}],"author":[{"embeddable":true,"href":"https:\/\/noticiasribeiraopreto.com.br\/index.php\/wp-json\/wp\/v2\/users\/1"}],"replies":[{"embeddable":true,"href":"https:\/\/noticiasribeiraopreto.com.br\/index.php\/wp-json\/wp\/v2\/comments?post=43590"}],"version-history":[{"count":0,"href":"https:\/\/noticiasribeiraopreto.com.br\/index.php\/wp-json\/wp\/v2\/posts\/43590\/revisions"}],"wp:featuredmedia":[{"embeddable":true,"href":"https:\/\/noticiasribeiraopreto.com.br\/index.php\/wp-json\/wp\/v2\/media\/43591"}],"wp:attachment":[{"href":"https:\/\/noticiasribeiraopreto.com.br\/index.php\/wp-json\/wp\/v2\/media?parent=43590"}],"wp:term":[{"taxonomy":"category","embeddable":true,"href":"https:\/\/noticiasribeiraopreto.com.br\/index.php\/wp-json\/wp\/v2\/categories?post=43590"},{"taxonomy":"post_tag","embeddable":true,"href":"https:\/\/noticiasribeiraopreto.com.br\/index.php\/wp-json\/wp\/v2\/tags?post=43590"}],"curies":[{"name":"wp","href":"https:\/\/api.w.org\/{rel}","templated":true}]}}