{"id":43602,"date":"2024-03-22T11:54:01","date_gmt":"2024-03-22T14:54:01","guid":{"rendered":"https:\/\/noticiasribeiraopreto.com.br\/index.php\/2024\/03\/22\/ponte-do-royal-park-empresa-sera-definida-na-terca-feira\/"},"modified":"2024-03-22T11:54:01","modified_gmt":"2024-03-22T14:54:01","slug":"ponte-do-royal-park-empresa-sera-definida-na-terca-feira","status":"publish","type":"post","link":"https:\/\/noticiasribeiraopreto.com.br\/index.php\/2024\/03\/22\/ponte-do-royal-park-empresa-sera-definida-na-terca-feira\/","title":{"rendered":"Ponte do Royal Park: empresa ser\u00e1 definida\u00a0na ter\u00e7a-feira \u00a0"},"content":{"rendered":"<div class='code-block code-block-1' style='margin: 8px 0 8px auto; text-align: right; display: block; clear: both;'>\n<p><a href=\"https:\/\/wa.link\/vpicfd\"><img data-recalc-dims=\"1\" class=\"wp-image-4922\" style=\"aspect-ratio: 2.0253164556962027; width: 561px; height: auto;\" src=\"https:\/\/i0.wp.com\/ismaelcolosi.com.br\/wp-content\/uploads\/2023\/11\/grupo-de-empregos-whatsapp-e-facebook-ismael-colosi-vagas.jpg?ssl=1\" alt=\"\" \/><\/a><\/p>\n<!-- \/wp:image -->\n<\/div>\n<p> <br \/>\n<\/p>\n<div id=\"post-378065\">\n<header class=\"entry-header penci-entry-header penci-title-center\">\n<p>\n<span class=\"entry-meta-item penci-posted-on\"><i class=\"fa fa-clock-o\"\/><time class=\"entry-date published\" datetime=\"2024-03-22T11:00:31-03:00\">22 de mar\u00e7o de 2024 | 11:00<\/time><time class=\"updated\" datetime=\"2024-03-22T09:19:36-03:00\">22 de mar\u00e7o de 2024 | 9:19<\/time><\/span> <\/p>\n<p><span class=\"penci-social-buttons penci-social-share-footer\"><a href=\"#\" class=\"penci-post-like penci_post-meta_item  single-like-button penci-social-item like\" data-post_id=\"378065\" title=\"Like\" data-like=\"Like\" data-unlike=\"Unlike\"><i class=\"fa fa-thumbs-o-up\"\/><span class=\"penci-share-number\">0<\/span><\/a><i class=\"fa fa-facebook\"\/><a class=\"penci-social-item twitter\" target=\"_blank\" rel=\"noopener\" title=\"\" href=\"https:\/\/twitter.com\/intent\/tweet?text=Ponte%20do%20Royal%20Park:%20empresa%20ser\u00e1%20definida\u00a0na%20ter\u00e7a-feira%20\u00a0%20-%20https:\/\/www.tribunaribeirao.com.br\/site\/ponte-do-royal-park-empresa-sera-definida-na-terca-feira\/\"><i class=\"fa fa-twitter\"\/><\/a><i class=\"fa fa-whatsapp\"\/><\/span> <\/header>\n<div class=\"penci-entry-content entry-content\">\n<p><span class=\"TextRun SCXW227539737 BCX0\" lang=\"PT-BR\" xml:lang=\"PT-BR\" data-contrast=\"auto\"><span class=\"NormalTextRun SCXW227539737 BCX0\">As construtoras ASF Engenharia, <\/span><span class=\"NormalTextRun SpellingErrorV2Themed SCXW227539737 BCX0\">Laforma<\/span><span class=\"NormalTextRun SCXW227539737 BCX0\"> e <\/span><span class=\"NormalTextRun SCXW227539737 BCX0\">Alcal\u00e1<\/span><span class=\"NormalTextRun SCXW227539737 BCX0\"> Engenharia foram habilitadas<\/span><span class=\"NormalTextRun SCXW227539737 BCX0\">, <\/span><span class=\"NormalTextRun SCXW227539737 BCX0\">em <\/span><span class=\"NormalTextRun SCXW227539737 BCX0\">13 de mar\u00e7o, pela <\/span><span class=\"NormalTextRun SCXW227539737 BCX0\">C<\/span><span class=\"NormalTextRun SCXW227539737 BCX0\">omiss\u00e3o de <\/span><span class=\"NormalTextRun SCXW227539737 BCX0\">L<\/span><span class=\"NormalTextRun SCXW227539737 BCX0\">icita\u00e7\u00e3o e <\/span><span class=\"NormalTextRun SCXW227539737 BCX0\">C<\/span><span class=\"NormalTextRun SCXW227539737 BCX0\">ontrata\u00e7\u00e3o da Secretaria Municipal da Administra\u00e7\u00e3o, a participar da <\/span><span class=\"NormalTextRun SCXW227539737 BCX0\">licita\u00e7\u00e3o (<\/span><span class=\"NormalTextRun SCXW227539737 BCX0\">tomada de pre\u00e7os<\/span><span class=\"NormalTextRun SCXW227539737 BCX0\">)<\/span><span class=\"NormalTextRun SCXW227539737 BCX0\"> para execu\u00e7\u00e3o <\/span><span class=\"NormalTextRun SCXW227539737 BCX0\">das obras de constru\u00e7\u00e3o de nova ponte sobre o ribeir\u00e3o Preto, n<\/span><span class=\"NormalTextRun SCXW227539737 BCX0\">a <\/span><span class=\"NormalTextRun SCXW227539737 BCX0\">a<\/span><span class=\"NormalTextRun SCXW227539737 BCX0\">venida<\/span><span class=\"NormalTextRun SCXW227539737 BCX0\"> Ubirajara de Souza Roxo<\/span><span class=\"NormalTextRun SCXW227539737 BCX0\">.<\/span><\/span><span class=\"LineBreakBlob BlobObject DragDrop SCXW227539737 BCX0\"><span class=\"SCXW227539737 BCX0\">\u00a0<\/span><br class=\"SCXW227539737 BCX0\"\/><\/span><span class=\"LineBreakBlob BlobObject DragDrop SCXW227539737 BCX0\"><span class=\"SCXW227539737 BCX0\">\u00a0<\/span><br class=\"SCXW227539737 BCX0\"\/><\/span><span class=\"TextRun SCXW227539737 BCX0\" lang=\"PT-BR\" xml:lang=\"PT-BR\" data-contrast=\"auto\"><span class=\"NormalTextRun SCXW227539737 BCX0\">Os envelopes com as propostas financeiras foram abertos nesta quinta-feira (21). Por\u00e9m, segundo a prefeitura de Ribeir\u00e3o Preto, a segunda colocada, por ser empresa de pequeno porte (EPP) e <\/span><span class=\"NormalTextRun SCXW227539737 BCX0\">est<\/span><span class=\"NormalTextRun SCXW227539737 BCX0\">ar<\/span><span class=\"NormalTextRun SCXW227539737 BCX0\"> dentro do percentual definido pela legisla\u00e7\u00e3o<\/span><span class=\"NormalTextRun SCXW227539737 BCX0\">,<\/span> <span class=\"NormalTextRun SCXW227539737 BCX0\">pode <\/span><span class=\"NormalTextRun SCXW227539737 BCX0\">cobrir a melhor oferta, atrav\u00e9s do direito de prefer\u00eancia. <\/span><\/span><span class=\"LineBreakBlob BlobObject DragDrop SCXW227539737 BCX0\"><span class=\"SCXW227539737 BCX0\">\u00a0<\/span><br class=\"SCXW227539737 BCX0\"\/><\/span><span class=\"LineBreakBlob BlobObject DragDrop SCXW227539737 BCX0\"><span class=\"SCXW227539737 BCX0\">\u00a0<\/span><br class=\"SCXW227539737 BCX0\"\/><\/span><span class=\"TextRun SCXW227539737 BCX0\" lang=\"PT-BR\" xml:lang=\"PT-BR\" data-contrast=\"auto\"><span class=\"NormalTextRun SCXW227539737 BCX0\">Para que <\/span><span class=\"NormalTextRun SCXW227539737 BCX0\">a empresa <\/span><span class=\"NormalTextRun SCXW227539737 BCX0\">se manifeste a respeito, foi aberto prazo de dois dias \u00fateis. <\/span><span class=\"NormalTextRun SCXW227539737 BCX0\">\u201c<\/span><span class=\"NormalTextRun SCXW227539737 BCX0\">Assim, caso a proposta seja entregue em conformidade com o <\/span><span class=\"NormalTextRun SCXW227539737 BCX0\">e<\/span><span class=\"NormalTextRun SCXW227539737 BCX0\">dital<\/span><span class=\"NormalTextRun SCXW227539737 BCX0\"> de licita\u00e7\u00e3o<\/span><span class=\"NormalTextRun SCXW227539737 BCX0\">, <\/span><span class=\"NormalTextRun SCXW227539737 BCX0\">o <\/span><span class=\"NormalTextRun SCXW227539737 BCX0\">resultado final da licita\u00e7\u00e3o ser\u00e1 publicado no <\/span><span class=\"NormalTextRun SCXW227539737 BCX0\">Di\u00e1rio Oficial do Munic\u00edpio (DOM) <\/span><span class=\"NormalTextRun SCXW227539737 BCX0\">do dia 26 de mar\u00e7o<\/span><span class=\"NormalTextRun SCXW227539737 BCX0\">\u201d, diz nota da prefeitura.<\/span><\/span><span class=\"LineBreakBlob BlobObject DragDrop SCXW227539737 BCX0\"><span class=\"SCXW227539737 BCX0\">\u00a0<\/span><br class=\"SCXW227539737 BCX0\"\/><\/span><span class=\"LineBreakBlob BlobObject DragDrop SCXW227539737 BCX0\"><span class=\"SCXW227539737 BCX0\">\u00a0<\/span><br class=\"SCXW227539737 BCX0\"\/><\/span><span class=\"TextRun SCXW227539737 BCX0\" lang=\"PT-BR\" xml:lang=\"PT-BR\" data-contrast=\"auto\"><span class=\"NormalTextRun SCXW227539737 BCX0\">A <\/span><span class=\"NormalTextRun SCXW227539737 BCX0\">avenida <\/span><span class=\"NormalTextRun SCXW227539737 BCX0\">interliga a <\/span><span class=\"NormalTextRun SCXW227539737 BCX0\">R<\/span><span class=\"NormalTextRun SCXW227539737 BCX0\">odovia Jos\u00e9 <\/span><span class=\"NormalTextRun SpellingErrorV2Themed SCXW227539737 BCX0\">Fregonesi<\/span> <span class=\"NormalTextRun SCXW227539737 BCX0\">(SP-328) <\/span><span class=\"NormalTextRun SCXW227539737 BCX0\">ao Condom\u00ednio Royal Par<\/span><span class=\"NormalTextRun SCXW227539737 BCX0\">k e ao distrito de Bonfim Paulista, na Zona Sul da cidade. <\/span><span class=\"NormalTextRun SCXW227539737 BCX0\">O edital foi lan\u00e7ado publicado em 22 de fevereiro. O equipamento <\/span><span class=\"NormalTextRun SCXW227539737 BCX0\">est\u00e1 com problemas estruturais em uma das pistas. <\/span><\/span><span class=\"LineBreakBlob BlobObject DragDrop SCXW227539737 BCX0\"><span class=\"SCXW227539737 BCX0\">\u00a0<\/span><br class=\"SCXW227539737 BCX0\"\/><\/span><span class=\"LineBreakBlob BlobObject DragDrop SCXW227539737 BCX0\"><span class=\"SCXW227539737 BCX0\">\u00a0<\/span><br class=\"SCXW227539737 BCX0\"\/><\/span><span class=\"TextRun SCXW227539737 BCX0\" lang=\"PT-BR\" xml:lang=\"PT-BR\" data-contrast=\"auto\"><span class=\"NormalTextRun SCXW227539737 BCX0\">As falhas <\/span><span class=\"NormalTextRun SCXW227539737 BCX0\">foram causad<\/span><span class=\"NormalTextRun SCXW227539737 BCX0\">a<\/span><span class=\"NormalTextRun SCXW227539737 BCX0\">s pelas fortes chuvas que atingiram <\/span><span class=\"NormalTextRun SCXW227539737 BCX0\">Ribeir\u00e3o Preto entre o final de 2022 e o come\u00e7o do <\/span><span class=\"NormalTextRun SCXW227539737 BCX0\">ano<\/span><span class=\"NormalTextRun SCXW227539737 BCX0\"> passado<\/span><span class=\"NormalTextRun SCXW227539737 BCX0\">. <\/span><span class=\"NormalTextRun SCXW227539737 BCX0\">De acordo com o projeto executivo, a ponte ser\u00e1 constru\u00edda transpondo o <\/span><span class=\"NormalTextRun SCXW227539737 BCX0\">r<\/span><span class=\"NormalTextRun SCXW227539737 BCX0\">ibeir\u00e3o Preto e ter\u00e1 extens\u00e3o total de 12,60<\/span> <span class=\"NormalTextRun ContextualSpellingAndGrammarErrorV2Themed SCXW227539737 BCX0\">m<\/span><span class=\"NormalTextRun ContextualSpellingAndGrammarErrorV2Themed SCXW227539737 BCX0\">etros\u00a0<\/span><span class=\"NormalTextRun ContextualSpellingAndGrammarErrorV2Themed SCXW227539737 BCX0\"> de<\/span><span class=\"NormalTextRun SCXW227539737 BCX0\"> comprimento por 12m de largura, contendo duas faixas de rolamento de 4,775m e duas barreiras r\u00edgidas de 0,40m.<\/span><\/span><span class=\"LineBreakBlob BlobObject DragDrop SCXW227539737 BCX0\"><span class=\"SCXW227539737 BCX0\">\u00a0<\/span><br class=\"SCXW227539737 BCX0\"\/><\/span><span class=\"LineBreakBlob BlobObject DragDrop SCXW227539737 BCX0\"><span class=\"SCXW227539737 BCX0\">\u00a0<\/span><br class=\"SCXW227539737 BCX0\"\/><\/span><span class=\"TextRun SCXW227539737 BCX0\" lang=\"PT-BR\" xml:lang=\"PT-BR\" data-contrast=\"auto\"><span class=\"NormalTextRun SCXW227539737 BCX0\">M<\/span><span class=\"NormalTextRun SCXW227539737 BCX0\">oradores da regi\u00e3o e motoristas que utilizam a avenida<\/span><span class=\"NormalTextRun SCXW227539737 BCX0\"> dizem que h\u00e1 <\/span><span class=\"NormalTextRun SCXW227539737 BCX0\">risco de desabamento de parte da ponte.<\/span> <span class=\"NormalTextRun SCXW227539737 BCX0\">Uma das pistas da avenida est\u00e1 com <\/span><span class=\"NormalTextRun SCXW227539737 BCX0\">problemas estruturais e interditada desde o final de 2022<\/span><span class=\"NormalTextRun SCXW227539737 BCX0\">. <\/span><span class=\"NormalTextRun SCXW227539737 BCX0\">A prefeitura chegou a divulgar, por meio da Secretaria Municipal de Obras P\u00fablicas, que <\/span><span class=\"NormalTextRun SCXW227539737 BCX0\">a recupera\u00e7\u00e3o da ponte levaria seis meses contados <\/span><span class=\"NormalTextRun SCXW227539737 BCX0\">a partir da <\/span><span class=\"NormalTextRun SCXW227539737 BCX0\">data d<\/span><span class=\"NormalTextRun SCXW227539737 BCX0\">e<\/span><span class=\"NormalTextRun SCXW227539737 BCX0\"> interdi\u00e7\u00e3o. <\/span><\/span><span class=\"LineBreakBlob BlobObject DragDrop SCXW227539737 BCX0\"><span class=\"SCXW227539737 BCX0\">\u00a0<\/span><br class=\"SCXW227539737 BCX0\"\/><\/span><span class=\"LineBreakBlob BlobObject DragDrop SCXW227539737 BCX0\"><span class=\"SCXW227539737 BCX0\">\u00a0<\/span><br class=\"SCXW227539737 BCX0\"\/><\/span><span class=\"TextRun SCXW227539737 BCX0\" lang=\"PT-BR\" xml:lang=\"PT-BR\" data-contrast=\"auto\"><span class=\"NormalTextRun SCXW227539737 BCX0\">Entretanto, estudos t\u00e9cnicos no local demonstram que os danos causados <\/span><span class=\"NormalTextRun SCXW227539737 BCX0\">pela<\/span><span class=\"NormalTextRun SCXW227539737 BCX0\">s<\/span><span class=\"NormalTextRun SCXW227539737 BCX0\"> chuva<\/span><span class=\"NormalTextRun SCXW227539737 BCX0\">s<\/span><span class=\"NormalTextRun SCXW227539737 BCX0\"> exigir<\/span><span class=\"NormalTextRun SCXW227539737 BCX0\">\u00e3o <\/span><span class=\"NormalTextRun SCXW227539737 BCX0\">profunda<\/span><span class=\"NormalTextRun SCXW227539737 BCX0\"> reforma estrutural.<\/span><span class=\"NormalTextRun SCXW227539737 BCX0\"> H<\/span><span class=\"NormalTextRun SCXW227539737 BCX0\">ouve infiltra\u00e7\u00e3o nas laterais e, ao abrir para consertar os danos provocados pelas eros\u00f5es, os t\u00e9cnicos descobriram uma trinca. <\/span><span class=\"NormalTextRun SCXW227539737 BCX0\">A ponte foi interditada no ano passado.<\/span><\/span><span class=\"LineBreakBlob BlobObject DragDrop SCXW227539737 BCX0\"><span class=\"SCXW227539737 BCX0\">\u00a0<\/span><br class=\"SCXW227539737 BCX0\"\/><\/span><span class=\"LineBreakBlob BlobObject DragDrop SCXW227539737 BCX0\"><span class=\"SCXW227539737 BCX0\">\u00a0<\/span><br class=\"SCXW227539737 BCX0\"\/><\/span><span class=\"TextRun SCXW227539737 BCX0\" lang=\"PT-BR\" xml:lang=\"PT-BR\" data-contrast=\"auto\"><span class=\"NormalTextRun SCXW227539737 BCX0\">Em nota enviada <\/span><span class=\"NormalTextRun SCXW227539737 BCX0\">ao Tribuna<\/span> <span class=\"NormalTextRun SCXW227539737 BCX0\">em <\/span><span class=\"NormalTextRun SCXW227539737 BCX0\">23 de janeiro, a <\/span><span class=\"NormalTextRun SCXW227539737 BCX0\">s<\/span><span class=\"NormalTextRun SCXW227539737 BCX0\">ecretaria inform<\/span><span class=\"NormalTextRun SCXW227539737 BCX0\">ava<\/span><span class=\"NormalTextRun SCXW227539737 BCX0\"> que a <\/span><span class=\"NormalTextRun SCXW227539737 BCX0\">re<\/span><span class=\"NormalTextRun SCXW227539737 BCX0\">constru\u00e7\u00e3o d<\/span><span class=\"NormalTextRun SCXW227539737 BCX0\">a <\/span><span class=\"NormalTextRun SCXW227539737 BCX0\">ponte<\/span> <span class=\"NormalTextRun SCXW227539737 BCX0\">\u2013<\/span><span class=\"NormalTextRun SCXW227539737 BCX0\"> um novo equipamento ser\u00e1 erguido no mesmo local <\/span><span class=\"NormalTextRun SCXW227539737 BCX0\">\u2013<\/span><span class=\"NormalTextRun SCXW227539737 BCX0\"> tem <\/span><span class=\"NormalTextRun SCXW227539737 BCX0\">custo estimado <\/span><span class=\"NormalTextRun SCXW227539737 BCX0\">em <\/span><span class=\"NormalTextRun SCXW227539737 BCX0\">R$ 2.389.079,54. \u201cOs trabalhos no local, dever\u00e3o come\u00e7ar assim que a obra em quest\u00e3o for licitada\u201d, diz o texto<\/span><span class=\"NormalTextRun SCXW227539737 BCX0\">. Ser\u00e1 constru\u00edda no mesmo local da atual<\/span><\/span><span class=\"LineBreakBlob BlobObject DragDrop SCXW227539737 BCX0\"><span class=\"SCXW227539737 BCX0\">\u00a0<\/span><br class=\"SCXW227539737 BCX0\"\/><\/span><span class=\"LineBreakBlob BlobObject DragDrop SCXW227539737 BCX0\"><span class=\"SCXW227539737 BCX0\">\u00a0<\/span><br class=\"SCXW227539737 BCX0\"\/><\/span><span class=\"TextRun SCXW227539737 BCX0\" lang=\"PT-BR\" xml:lang=\"PT-BR\" data-contrast=\"auto\"><span class=\"NormalTextRun SCXW227539737 BCX0\">A <\/span><span class=\"NormalTextRun SCXW227539737 BCX0\">licita\u00e7\u00e3o do projeto executivo da obra foi realizada pelo governo <\/span><span class=\"NormalTextRun SCXW227539737 BCX0\">Duarte Nogueira (PSDB) <\/span><span class=\"NormalTextRun SCXW227539737 BCX0\">em agosto do ano passado, quando foi emitida a ordem de servi\u00e7o para a empresa <\/span><span class=\"NormalTextRun SpellingErrorV2Themed SCXW227539737 BCX0\">Engemost<\/span><span class=\"NormalTextRun SCXW227539737 BCX0\">, vencedora da concorr\u00eancia p\u00fablica.<\/span> <\/span><span class=\"TextRun SCXW227539737 BCX0\" lang=\"PT-BR\" xml:lang=\"PT-BR\" data-contrast=\"auto\"><span class=\"NormalTextRun SCXW227539737 BCX0\">No ano passado, dois grandes eventos foram realizados na regi\u00e3o, mesmo com a ponte interditada, e muita gente reclamou de lentid\u00e3o no tr\u00e1fego na via alternativa. <\/span><\/span><span class=\"LineBreakBlob BlobObject DragDrop SCXW227539737 BCX0\"><span class=\"SCXW227539737 BCX0\">\u00a0<\/span><br class=\"SCXW227539737 BCX0\"\/><\/span><span class=\"LineBreakBlob BlobObject DragDrop SCXW227539737 BCX0\"><span class=\"SCXW227539737 BCX0\">\u00a0<\/span><br class=\"SCXW227539737 BCX0\"\/><\/span><\/p>\n<\/div>\n<footer class=\"penci-entry-footer\">\n <\/footer>\n<\/div>\n<p><script async src=\"\/\/platform.twitter.com\/widgets.js\" charset=\"utf-8\"><\/script><br \/>\n<br \/><br \/>\n<br \/><a href=\"https:\/\/www.tribunaribeirao.com.br\/site\/ponte-do-royal-park-empresa-sera-definida-na-terca-feira\/\">Source link <\/a><\/p>\n<!-- CONTENT END 1 -->\n","protected":false},"excerpt":{"rendered":"<p>22 de mar\u00e7o de 2024 | 11:0022 de mar\u00e7o de 2024 | 9:19 0 As construtoras ASF Engenharia, Laforma e Alcal\u00e1 Engenharia foram habilitadas, em&#8230;<\/p>\n","protected":false},"author":1,"featured_media":43603,"comment_status":"open","ping_status":"open","sticky":false,"template":"","format":"standard","meta":{"advanced_seo_description":"","jetpack_seo_html_title":"","jetpack_seo_noindex":false,"jetpack_post_was_ever_published":false,"_jetpack_newsletter_access":"","_jetpack_dont_email_post_to_subs":false,"_jetpack_newsletter_tier_id":0,"_jetpack_memberships_contains_paywalled_content":false,"_jetpack_memberships_contains_paid_content":false,"footnotes":"","jetpack_publicize_message":"","jetpack_publicize_feature_enabled":true,"jetpack_social_post_already_shared":true,"jetpack_social_options":{"image_generator_settings":{"template":"highway","default_image_id":0,"font":"","enabled":false},"version":2}},"categories":[11],"tags":[5164,1536,1636,3733,4474,172,3557],"class_list":["post-43602","post","type-post","status-publish","format-standard","has-post-thumbnail","hentry","category-noticias-de-ribeirao-preto-sp-e-regiao-ismael-colosi","tag-definidana","tag-empresa","tag-park","tag-ponte","tag-royal","tag-sera","tag-tercafeira"],"jetpack_publicize_connections":[],"jetpack_featured_media_url":"https:\/\/i0.wp.com\/noticiasribeiraopreto.com.br\/wp-content\/uploads\/2024\/03\/PonteRP-Alfredo-Risk-00-scaled.jpg?fit=1000%2C563&ssl=1","jetpack-related-posts":[{"id":44277,"url":"https:\/\/noticiasribeiraopreto.com.br\/index.php\/2024\/03\/26\/obra-em-ponte-do-royal-parque-deve-durar-quatro-meses\/","url_meta":{"origin":43602,"position":0},"title":"Obra em ponte do Royal Parque deve durar quatro meses","author":"noticiasribeiraopreto.com.br","date":"26 de March de 2024","format":false,"excerpt":"26 de mar\u00e7o de 2024 | 18:0026 de mar\u00e7o de 2024 | 11:10 0 A ASF Engenharia e Neg\u00f3cios Ltda. venceu a licita\u00e7\u00e3o e ser\u00e1 respons\u00e1vel pela reconstru\u00e7\u00e3o de ponte sobre o ribeir\u00e3o Preto, na avenida Ubirajara de Souza Roxo. Tr\u00eas empresas haviam sido habilitadas para a fase final do\u2026","rel":"","context":"In &quot;Not\u00edcias de Ribeir\u00e3o Preto-SP e Regi\u00e3o&quot;","block_context":{"text":"Not\u00edcias de Ribeir\u00e3o Preto-SP e Regi\u00e3o","link":"https:\/\/noticiasribeiraopreto.com.br\/index.php\/category\/noticias-de-ribeirao-preto-sp-e-regiao-ismael-colosi\/"},"img":{"alt_text":"","src":"https:\/\/i0.wp.com\/noticiasribeiraopreto.com.br\/wp-content\/uploads\/2024\/03\/1711500841_PonteRP-Alfredo-Risk-00-scaled.jpg?fit=1000%2C563&ssl=1&resize=350%2C200","width":350,"height":200,"srcset":"https:\/\/i0.wp.com\/noticiasribeiraopreto.com.br\/wp-content\/uploads\/2024\/03\/1711500841_PonteRP-Alfredo-Risk-00-scaled.jpg?fit=1000%2C563&ssl=1&resize=350%2C200 1x, https:\/\/i0.wp.com\/noticiasribeiraopreto.com.br\/wp-content\/uploads\/2024\/03\/1711500841_PonteRP-Alfredo-Risk-00-scaled.jpg?fit=1000%2C563&ssl=1&resize=525%2C300 1.5x, https:\/\/i0.wp.com\/noticiasribeiraopreto.com.br\/wp-content\/uploads\/2024\/03\/1711500841_PonteRP-Alfredo-Risk-00-scaled.jpg?fit=1000%2C563&ssl=1&resize=700%2C400 2x"},"classes":[]},{"id":39211,"url":"https:\/\/noticiasribeiraopreto.com.br\/index.php\/2024\/02\/23\/prefeitura-atrasa-licitacao-de-ponte-do-royal-park\/","url_meta":{"origin":43602,"position":1},"title":"Prefeitura atrasa\u00a0licita\u00e7\u00e3o de ponte\u00a0do Royal Park\u00a0","author":"noticiasribeiraopreto.com.br","date":"23 de February de 2024","format":false,"excerpt":"23 de fevereiro de 2024 | 14:0023 de fevereiro de 2024 | 8:07 0A prefeitura de Ribeir\u00e3o Preto publicou nesta quinta-feira, 22 de fevereiro, no Di\u00e1rio Oficial do Munic\u00edpio, aviso de licita\u00e7\u00e3o para constru\u00e7\u00e3o de nova ponte sobre o c\u00f3rrego da avenida Ubirajara de Souza Roxo, que interliga a Rodovia\u2026","rel":"","context":"In &quot;Not\u00edcias de Ribeir\u00e3o Preto-SP e Regi\u00e3o&quot;","block_context":{"text":"Not\u00edcias de Ribeir\u00e3o Preto-SP e Regi\u00e3o","link":"https:\/\/noticiasribeiraopreto.com.br\/index.php\/category\/noticias-de-ribeirao-preto-sp-e-regiao-ismael-colosi\/"},"img":{"alt_text":"","src":"https:\/\/i0.wp.com\/noticiasribeiraopreto.com.br\/wp-content\/uploads\/2024\/02\/PonteRP-Detalhe-Fernando-Gonzaga-scaled.jpg?fit=967%2C645&ssl=1&resize=350%2C200","width":350,"height":200,"srcset":"https:\/\/i0.wp.com\/noticiasribeiraopreto.com.br\/wp-content\/uploads\/2024\/02\/PonteRP-Detalhe-Fernando-Gonzaga-scaled.jpg?fit=967%2C645&ssl=1&resize=350%2C200 1x, https:\/\/i0.wp.com\/noticiasribeiraopreto.com.br\/wp-content\/uploads\/2024\/02\/PonteRP-Detalhe-Fernando-Gonzaga-scaled.jpg?fit=967%2C645&ssl=1&resize=525%2C300 1.5x, https:\/\/i0.wp.com\/noticiasribeiraopreto.com.br\/wp-content\/uploads\/2024\/02\/PonteRP-Detalhe-Fernando-Gonzaga-scaled.jpg?fit=967%2C645&ssl=1&resize=700%2C400 2x"},"classes":[]},{"id":42366,"url":"https:\/\/noticiasribeiraopreto.com.br\/index.php\/2024\/03\/14\/duas-construtoras-disputam-licitacao-para-obras-na-ponte-do-royal-park\/","url_meta":{"origin":43602,"position":2},"title":"Tr\u00eas construtoras\u00a0disputam licita\u00e7\u00e3o para obras na ponte do Royal Park","author":"noticiasribeiraopreto.com.br","date":"14 de March de 2024","format":false,"excerpt":"As construtoras ASF Engenharia, Laforma e Alcal\u00e1 Engenharia foram habilitadas, na manh\u00e3 desta quarta-feira, 13 de mar\u00e7o, pela Comiss\u00e3o de Licita\u00e7\u00e3o e Contrata\u00e7\u00e3o da Secretaria Municipal da Administra\u00e7\u00e3o, a participar da licita\u00e7\u00e3o (tomada de pre\u00e7os) para execu\u00e7\u00e3o das obras de constru\u00e7\u00e3o de nova ponte sobre o ribeir\u00e3o Preto, na avenida\u2026","rel":"","context":"In &quot;Not\u00edcias de Ribeir\u00e3o Preto-SP e Regi\u00e3o&quot;","block_context":{"text":"Not\u00edcias de Ribeir\u00e3o Preto-SP e Regi\u00e3o","link":"https:\/\/noticiasribeiraopreto.com.br\/index.php\/category\/noticias-de-ribeirao-preto-sp-e-regiao-ismael-colosi\/"},"img":{"alt_text":"","src":"https:\/\/i0.wp.com\/noticiasribeiraopreto.com.br\/wp-content\/uploads\/2024\/03\/PonteRP-Detalhe-Alfredo-Risk-scaled.jpg?fit=967%2C645&ssl=1&resize=350%2C200","width":350,"height":200,"srcset":"https:\/\/i0.wp.com\/noticiasribeiraopreto.com.br\/wp-content\/uploads\/2024\/03\/PonteRP-Detalhe-Alfredo-Risk-scaled.jpg?fit=967%2C645&ssl=1&resize=350%2C200 1x, https:\/\/i0.wp.com\/noticiasribeiraopreto.com.br\/wp-content\/uploads\/2024\/03\/PonteRP-Detalhe-Alfredo-Risk-scaled.jpg?fit=967%2C645&ssl=1&resize=525%2C300 1.5x, https:\/\/i0.wp.com\/noticiasribeiraopreto.com.br\/wp-content\/uploads\/2024\/03\/PonteRP-Detalhe-Alfredo-Risk-scaled.jpg?fit=967%2C645&ssl=1&resize=700%2C400 2x"},"classes":[]},{"id":40239,"url":"https:\/\/noticiasribeiraopreto.com.br\/index.php\/2024\/03\/01\/camara-de-rp-quer-convocar-secretario\/","url_meta":{"origin":43602,"position":3},"title":"C\u00e2mara de RP quer convocar secret\u00e1rio \u00a0","author":"noticiasribeiraopreto.com.br","date":"1 de March de 2024","format":false,"excerpt":"1 de mar\u00e7o de 2024 | 17:301 de mar\u00e7o de 2024 | 16:07 0A C\u00e2mara de Ribeir\u00e3o Preto deve votar, nas pr\u00f3ximas sess\u00f5es, projeto de resolu\u00e7\u00e3o da Mesa Diretora que convoca o secret\u00e1rio municipal de Obras P\u00fablicas, Pedro Luiz Pegoraro, para prestar esclarecimentos aos parlamentares. Eles querem saber os motivos\u2026","rel":"","context":"In &quot;Not\u00edcias de Ribeir\u00e3o Preto-SP e Regi\u00e3o&quot;","block_context":{"text":"Not\u00edcias de Ribeir\u00e3o Preto-SP e Regi\u00e3o","link":"https:\/\/noticiasribeiraopreto.com.br\/index.php\/category\/noticias-de-ribeirao-preto-sp-e-regiao-ismael-colosi\/"},"img":{"alt_text":"","src":"https:\/\/i0.wp.com\/noticiasribeiraopreto.com.br\/wp-content\/uploads\/2024\/03\/PonteRP-Fernando-Gonzaga-scaled.jpg?fit=967%2C645&ssl=1&resize=350%2C200","width":350,"height":200,"srcset":"https:\/\/i0.wp.com\/noticiasribeiraopreto.com.br\/wp-content\/uploads\/2024\/03\/PonteRP-Fernando-Gonzaga-scaled.jpg?fit=967%2C645&ssl=1&resize=350%2C200 1x, https:\/\/i0.wp.com\/noticiasribeiraopreto.com.br\/wp-content\/uploads\/2024\/03\/PonteRP-Fernando-Gonzaga-scaled.jpg?fit=967%2C645&ssl=1&resize=525%2C300 1.5x, https:\/\/i0.wp.com\/noticiasribeiraopreto.com.br\/wp-content\/uploads\/2024\/03\/PonteRP-Fernando-Gonzaga-scaled.jpg?fit=967%2C645&ssl=1&resize=700%2C400 2x"},"classes":[]},{"id":66899,"url":"https:\/\/noticiasribeiraopreto.com.br\/index.php\/2025\/04\/07\/cinco-meses-apos-fechar-ponte-licitacao-do-der-para-rodovia-so-sera-definida-em-maio\/","url_meta":{"origin":43602,"position":4},"title":"Cinco meses ap\u00f3s fechar ponte, licita\u00e7\u00e3o do DER para rodovia s\u00f3 ser\u00e1 definida em maio","author":"noticiasribeiraopreto.com.br","date":"7 de April de 2025","format":false,"excerpt":"Cinco meses ap\u00f3s trecho da rodovia Prefeito F\u00e1bio Talarico ser fechado para reformas, o DER (Departamento de Estradas de Rodagem) abriu licita\u00e7\u00e3o para contratar empresa respons\u00e1vel por recuperar a ponte do rio Salgado. A obra custar\u00e1 R$ 3,4 milh\u00f5es. A informa\u00e7\u00e3o foi confirmada pela deputada estadual Delegada Graciela (PL), que\u2026","rel":"","context":"In &quot;Not\u00edcias de Franca-SP&quot;","block_context":{"text":"Not\u00edcias de Franca-SP","link":"https:\/\/noticiasribeiraopreto.com.br\/index.php\/category\/noticias-de-ribeirao-preto-sp-e-regiao-ismael-colosi\/noticias-franca-sp\/"},"img":{"alt_text":"","src":"https:\/\/i0.wp.com\/noticiasribeiraopreto.com.br\/wp-content\/uploads\/2025\/04\/ponte-na-Fabio-Talarico-1-3.jpeg?fit=1200%2C800&ssl=1&resize=350%2C200","width":350,"height":200,"srcset":"https:\/\/i0.wp.com\/noticiasribeiraopreto.com.br\/wp-content\/uploads\/2025\/04\/ponte-na-Fabio-Talarico-1-3.jpeg?fit=1200%2C800&ssl=1&resize=350%2C200 1x, https:\/\/i0.wp.com\/noticiasribeiraopreto.com.br\/wp-content\/uploads\/2025\/04\/ponte-na-Fabio-Talarico-1-3.jpeg?fit=1200%2C800&ssl=1&resize=525%2C300 1.5x, https:\/\/i0.wp.com\/noticiasribeiraopreto.com.br\/wp-content\/uploads\/2025\/04\/ponte-na-Fabio-Talarico-1-3.jpeg?fit=1200%2C800&ssl=1&resize=700%2C400 2x, https:\/\/i0.wp.com\/noticiasribeiraopreto.com.br\/wp-content\/uploads\/2025\/04\/ponte-na-Fabio-Talarico-1-3.jpeg?fit=1200%2C800&ssl=1&resize=1050%2C600 3x"},"classes":[]},{"id":62583,"url":"https:\/\/noticiasribeiraopreto.com.br\/index.php\/2025\/01\/18\/ponte-em-ribeirao-preto-tem-novo-prazo-para-conclusao-apos-dois-anos-de-interdicao\/","url_meta":{"origin":43602,"position":5},"title":"Ponte em Ribeir\u00e3o Preto tem novo prazo para conclus\u00e3o ap\u00f3s dois anos de interdi\u00e7\u00e3o","author":"noticiasribeiraopreto.com.br","date":"18 de January de 2025","format":false,"excerpt":"A ponte da avenida Ubirajara de Souza Roxo, que d\u00e1 acesso ao condom\u00ednio Royal Park, no distrito de Bonfim Paulista, em Ribeir\u00e3o Preto, deve ser conclu\u00edda em abril. O local foi interditado em fevereiro de 2023, por conta de duas eros\u00f5es na pista causadas pelas chuvas. Inicialmente, o prazo estipulado\u2026","rel":"","context":"In &quot;Not\u00edcias de Ribeir\u00e3o Preto-SP e Regi\u00e3o&quot;","block_context":{"text":"Not\u00edcias de Ribeir\u00e3o Preto-SP e Regi\u00e3o","link":"https:\/\/noticiasribeiraopreto.com.br\/index.php\/category\/noticias-de-ribeirao-preto-sp-e-regiao-ismael-colosi\/"},"img":{"alt_text":"","src":"https:\/\/i0.wp.com\/noticiasribeiraopreto.com.br\/wp-content\/uploads\/2025\/01\/ponte-royal-park_2025-01-18_13-38-06_jpg_2025-01-18_13-38-06.webp.webp?fit=1200%2C799&ssl=1&resize=350%2C200","width":350,"height":200,"srcset":"https:\/\/i0.wp.com\/noticiasribeiraopreto.com.br\/wp-content\/uploads\/2025\/01\/ponte-royal-park_2025-01-18_13-38-06_jpg_2025-01-18_13-38-06.webp.webp?fit=1200%2C799&ssl=1&resize=350%2C200 1x, https:\/\/i0.wp.com\/noticiasribeiraopreto.com.br\/wp-content\/uploads\/2025\/01\/ponte-royal-park_2025-01-18_13-38-06_jpg_2025-01-18_13-38-06.webp.webp?fit=1200%2C799&ssl=1&resize=525%2C300 1.5x, https:\/\/i0.wp.com\/noticiasribeiraopreto.com.br\/wp-content\/uploads\/2025\/01\/ponte-royal-park_2025-01-18_13-38-06_jpg_2025-01-18_13-38-06.webp.webp?fit=1200%2C799&ssl=1&resize=700%2C400 2x, https:\/\/i0.wp.com\/noticiasribeiraopreto.com.br\/wp-content\/uploads\/2025\/01\/ponte-royal-park_2025-01-18_13-38-06_jpg_2025-01-18_13-38-06.webp.webp?fit=1200%2C799&ssl=1&resize=1050%2C600 3x"},"classes":[]}],"jetpack_sharing_enabled":true,"jetpack_shortlink":"https:\/\/wp.me\/peQAOb-blg","_links":{"self":[{"href":"https:\/\/noticiasribeiraopreto.com.br\/index.php\/wp-json\/wp\/v2\/posts\/43602","targetHints":{"allow":["GET"]}}],"collection":[{"href":"https:\/\/noticiasribeiraopreto.com.br\/index.php\/wp-json\/wp\/v2\/posts"}],"about":[{"href":"https:\/\/noticiasribeiraopreto.com.br\/index.php\/wp-json\/wp\/v2\/types\/post"}],"author":[{"embeddable":true,"href":"https:\/\/noticiasribeiraopreto.com.br\/index.php\/wp-json\/wp\/v2\/users\/1"}],"replies":[{"embeddable":true,"href":"https:\/\/noticiasribeiraopreto.com.br\/index.php\/wp-json\/wp\/v2\/comments?post=43602"}],"version-history":[{"count":0,"href":"https:\/\/noticiasribeiraopreto.com.br\/index.php\/wp-json\/wp\/v2\/posts\/43602\/revisions"}],"wp:featuredmedia":[{"embeddable":true,"href":"https:\/\/noticiasribeiraopreto.com.br\/index.php\/wp-json\/wp\/v2\/media\/43603"}],"wp:attachment":[{"href":"https:\/\/noticiasribeiraopreto.com.br\/index.php\/wp-json\/wp\/v2\/media?parent=43602"}],"wp:term":[{"taxonomy":"category","embeddable":true,"href":"https:\/\/noticiasribeiraopreto.com.br\/index.php\/wp-json\/wp\/v2\/categories?post=43602"},{"taxonomy":"post_tag","embeddable":true,"href":"https:\/\/noticiasribeiraopreto.com.br\/index.php\/wp-json\/wp\/v2\/tags?post=43602"}],"curies":[{"name":"wp","href":"https:\/\/api.w.org\/{rel}","templated":true}]}}