{"id":43708,"date":"2024-03-22T18:07:03","date_gmt":"2024-03-22T21:07:03","guid":{"rendered":"https:\/\/noticiasribeiraopreto.com.br\/index.php\/2024\/03\/22\/maioria-dos-brasileiros-vive-no-litoral-diz-ibge\/"},"modified":"2024-03-22T18:07:03","modified_gmt":"2024-03-22T21:07:03","slug":"maioria-dos-brasileiros-vive-no-litoral-diz-ibge","status":"publish","type":"post","link":"https:\/\/noticiasribeiraopreto.com.br\/index.php\/2024\/03\/22\/maioria-dos-brasileiros-vive-no-litoral-diz-ibge\/","title":{"rendered":"Maioria dos brasileiros vive no litoral, diz IBGE\u00a0"},"content":{"rendered":"<div class='code-block code-block-1' style='margin: 8px 0 8px auto; text-align: right; display: block; clear: both;'>\n<p><a href=\"https:\/\/wa.link\/vpicfd\"><img data-recalc-dims=\"1\" class=\"wp-image-4922\" style=\"aspect-ratio: 2.0253164556962027; width: 561px; height: auto;\" src=\"https:\/\/i0.wp.com\/ismaelcolosi.com.br\/wp-content\/uploads\/2023\/11\/grupo-de-empregos-whatsapp-e-facebook-ismael-colosi-vagas.jpg?ssl=1\" alt=\"\" \/><\/a><\/p>\n<!-- \/wp:image -->\n<\/div>\n<p> <br \/>\n<\/p>\n<div id=\"post-378125\">\n<header class=\"entry-header penci-entry-header penci-title-center\">\n<p>\n<span class=\"entry-meta-item penci-posted-on\"><i class=\"fa fa-clock-o\"\/><time class=\"entry-date published\" datetime=\"2024-03-22T18:00:07-03:00\">22 de mar\u00e7o de 2024 | 18:00<\/time><time class=\"updated\" datetime=\"2024-03-22T12:19:37-03:00\">22 de mar\u00e7o de 2024 | 12:19<\/time><\/span> <\/p>\n<p><span class=\"penci-social-buttons penci-social-share-footer\"><a href=\"#\" class=\"penci-post-like penci_post-meta_item  single-like-button penci-social-item like\" data-post_id=\"378125\" title=\"Like\" data-like=\"Like\" data-unlike=\"Unlike\"><i class=\"fa fa-thumbs-o-up\"\/><span class=\"penci-share-number\">0<\/span><\/a><i class=\"fa fa-facebook\"\/><a class=\"penci-social-item twitter\" target=\"_blank\" rel=\"noopener\" title=\"\" href=\"https:\/\/twitter.com\/intent\/tweet?text=Maioria%20dos%20brasileiros%20vive%20no%20litoral,%20diz%20IBGE\u00a0%20-%20https:\/\/www.tribunaribeirao.com.br\/site\/maioria-dos-brasileiros-vive-no-litoral-diz-ibge\/\"><i class=\"fa fa-twitter\"\/><\/a><i class=\"fa fa-whatsapp\"\/><\/span> <\/header>\n<div class=\"penci-entry-content entry-content\">\n<p><span class=\"TextRun SCXW184718232 BCX0\" lang=\"PT-BR\" xml:lang=\"PT-BR\" data-contrast=\"auto\"><span class=\"NormalTextRun SCXW184718232 BCX0\">Dados do Censo<\/span> <span class=\"NormalTextRun SCXW184718232 BCX0\">Demogr\u00e1fico<\/span><span class=\"NormalTextRun SCXW184718232 BCX0\"> 2022 divulgados<\/span><span class=\"NormalTextRun SCXW184718232 BCX0\"> nesta qu<\/span><span class=\"NormalTextRun SCXW184718232 BCX0\">in<\/span><span class=\"NormalTextRun SCXW184718232 BCX0\">ta-feira<\/span><span class=\"NormalTextRun SCXW184718232 BCX0\">, 2<\/span><span class=\"NormalTextRun SCXW184718232 BCX0\">1<\/span><span class=\"NormalTextRun SCXW184718232 BCX0\"> de mar\u00e7o, <\/span><span class=\"NormalTextRun SCXW184718232 BCX0\">mostram que 111,28 milh\u00f5es de pessoas vivem pr\u00f3ximo ao litoral brasileiro, em uma faixa de territ\u00f3rio que inclui domic\u00edlios localizados a uma dist\u00e2ncia m\u00e1xima de 150 quil\u00f4metros da costa. Isso representa 54,8% do total da popula\u00e7\u00e3o em 2022 (203,08 milh\u00f5es), de acordo com o levantamento do Instituto Brasileiro de Geografia e Estat\u00edstica (IBGE).<\/span><\/span><span class=\"LineBreakBlob BlobObject DragDrop SCXW184718232 BCX0\"><span class=\"SCXW184718232 BCX0\">\u00a0<\/span><br class=\"SCXW184718232 BCX0\"\/><\/span><span class=\"LineBreakBlob BlobObject DragDrop SCXW184718232 BCX0\"><span class=\"SCXW184718232 BCX0\">\u00a0<\/span><br class=\"SCXW184718232 BCX0\"\/><\/span><span class=\"TextRun SCXW184718232 BCX0\" lang=\"PT-BR\" xml:lang=\"PT-BR\" data-contrast=\"auto\"><span class=\"NormalTextRun SCXW184718232 BCX0\">Em rela\u00e7\u00e3o a 2010, houve um aumen<\/span><span class=\"NormalTextRun SCXW184718232 BCX0\">to de quase cinco <\/span><span class=\"NormalTextRun SCXW184718232 BCX0\">milh\u00f5es de pessoas, em n\u00fameros absolutos (eram 106,37 milh\u00f5es em 2010). No entanto, a parcela da popula\u00e7\u00e3o vivendo no litoral em rela\u00e7\u00e3o ao total da popula\u00e7\u00e3o recuou, j\u00e1 que eram 55,8% na ocasi\u00e3o.<\/span><\/span><span class=\"LineBreakBlob BlobObject DragDrop SCXW184718232 BCX0\"><span class=\"SCXW184718232 BCX0\">\u00a0<\/span><br class=\"SCXW184718232 BCX0\"\/><\/span><span class=\"LineBreakBlob BlobObject DragDrop SCXW184718232 BCX0\"><span class=\"SCXW184718232 BCX0\">\u00a0<\/span><br class=\"SCXW184718232 BCX0\"\/><\/span><span class=\"TextRun SCXW184718232 BCX0\" lang=\"PT-BR\" xml:lang=\"PT-BR\" data-contrast=\"auto\"><span class=\"NormalTextRun SCXW184718232 BCX0\">A mesma pesquisa mostra que 9,42 milh\u00f5es de pessoas moram na faixa de fronteira, ou seja, a uma dist\u00e2ncia m\u00e1xima de 150 quil\u00f4metros dos limites do territ\u00f3rio brasileiro. S\u00e3o 4,6% da popula\u00e7\u00e3o brasileira vivendo nessa faixa. <\/span><span class=\"NormalTextRun SCXW184718232 BCX0\">Parte do litoral sul do Rio Grande do Sul e do noroeste do Amap\u00e1 est\u00e3o<\/span><span class=\"NormalTextRun SCXW184718232 BCX0\"> tanto na faixa litor\u00e2nea quanto na faixa de fronteira.<\/span><\/span><span class=\"LineBreakBlob BlobObject DragDrop SCXW184718232 BCX0\"><span class=\"SCXW184718232 BCX0\">\u00a0<\/span><br class=\"SCXW184718232 BCX0\"\/><\/span><span class=\"LineBreakBlob BlobObject DragDrop SCXW184718232 BCX0\"><span class=\"SCXW184718232 BCX0\">\u00a0<\/span><br class=\"SCXW184718232 BCX0\"\/><\/span><span class=\"TextRun SCXW184718232 BCX0\" lang=\"PT-BR\" xml:lang=\"PT-BR\" data-contrast=\"auto\"><span class=\"NormalTextRun SCXW184718232 BCX0\">Em termos absolutos, houve um aumento de 603 mil pessoas vivendo na faixa de fronteira. Em termos relativos, no entanto, a propor\u00e7\u00e3o em rela\u00e7\u00e3o \u00e0 popula\u00e7\u00e3o total se manteve em 4,6%.<\/span> <span class=\"NormalTextRun SCXW184718232 BCX0\">As informa\u00e7\u00f5es s\u00e3o poss\u00edveis a partir da an\u00e1lise dos dados de popula\u00e7\u00e3o e de domic\u00edlios de cada um dos 452.388 setores censit\u00e1rios do Censo 2022.<\/span><\/span><span class=\"LineBreakBlob BlobObject DragDrop SCXW184718232 BCX0\"><span class=\"SCXW184718232 BCX0\">\u00a0<\/span><br class=\"SCXW184718232 BCX0\"\/><\/span><span class=\"LineBreakBlob BlobObject DragDrop SCXW184718232 BCX0\"><span class=\"SCXW184718232 BCX0\">\u00a0<\/span><br class=\"SCXW184718232 BCX0\"\/><\/span><span class=\"TextRun SCXW184718232 BCX0\" lang=\"PT-BR\" xml:lang=\"PT-BR\" data-contrast=\"auto\"><span class=\"NormalTextRun SCXW184718232 BCX0\">S\u00e3o informa\u00e7\u00f5es sobre totais da popula\u00e7\u00e3o e domic\u00edlios, al\u00e9m do tipo de domic\u00edlio (se \u00e9 particular, coletivo, permanente, improvisado, ocupado ou vago).<\/span> <span class=\"NormalTextRun SCXW184718232 BCX0\">Os setores censit\u00e1rios s\u00e3o territ\u00f3rios delimitados pelo IBGE que podem pequenas \u00e1reas de um bairro ou grandes \u00e1reas rurais. <\/span><\/span><span class=\"LineBreakBlob BlobObject DragDrop SCXW184718232 BCX0\"><span class=\"SCXW184718232 BCX0\">\u00a0<\/span><br class=\"SCXW184718232 BCX0\"\/><\/span><span class=\"LineBreakBlob BlobObject DragDrop SCXW184718232 BCX0\"><span class=\"SCXW184718232 BCX0\">\u00a0<\/span><br class=\"SCXW184718232 BCX0\"\/><\/span><span class=\"TextRun SCXW184718232 BCX0\" lang=\"PT-BR\" xml:lang=\"PT-BR\" data-contrast=\"auto\"><span class=\"NormalTextRun SCXW184718232 BCX0\">\u00c9 a menor divis\u00e3o geogr\u00e1fica do Censo 2022, que \u00e9 importante n\u00e3o apenas para o planejamento do pr\u00f3prio instituto quanto para pesquisadores e gestores p\u00fablicos.<\/span> <span class=\"NormalTextRun SCXW184718232 BCX0\">Nesta <\/span><span class=\"NormalTextRun SpellingErrorV2Themed SCXW184718232 BCX0\">quinta<\/span><span class=\"NormalTextRun SpellingErrorV2Themed SCXW184718232 BCX0\">\u2013<\/span><span class=\"NormalTextRun SpellingErrorV2Themed SCXW184718232 BCX0\">feira<\/span><span class=\"NormalTextRun SCXW184718232 BCX0\">, foram<\/span><span class=\"NormalTextRun SCXW184718232 BCX0\"> divulgados apenas alguns dados preliminares dos setores censit\u00e1rios. <\/span><\/span><span class=\"LineBreakBlob BlobObject DragDrop SCXW184718232 BCX0\"><span class=\"SCXW184718232 BCX0\">\u00a0<\/span><br class=\"SCXW184718232 BCX0\"\/><\/span><span class=\"LineBreakBlob BlobObject DragDrop SCXW184718232 BCX0\"><span class=\"SCXW184718232 BCX0\">\u00a0<\/span><br class=\"SCXW184718232 BCX0\"\/><\/span><span class=\"TextRun SCXW184718232 BCX0\" lang=\"PT-BR\" xml:lang=\"PT-BR\" data-contrast=\"auto\"><span class=\"NormalTextRun SCXW184718232 BCX0\">Isso porque alguns setores ainda est\u00e3o sofrendo adequa\u00e7\u00f5es que podem resultar em mudan\u00e7as em seus limites. Os dados consolidados s\u00f3 ser\u00e3o divulgados no segundo semestre.<\/span><span class=\"NormalTextRun SCXW184718232 BCX0\">\u00a0<\/span> <span class=\"NormalTextRun SCXW184718232 BCX0\">Os mais de 452 mil setores censit\u00e1rios permitem um olhar mais detalhado sobre a popula\u00e7\u00e3o e os indicadores sociais dos 10.670 distritos e 643 <\/span><span class=\"NormalTextRun SCXW184718232 BCX0\">subdistritos<\/span><span class=\"NormalTextRun SCXW184718232 BCX0\"> dos 5.568 munic\u00edpios brasileiros, al\u00e9m <\/span><span class=\"NormalTextRun SCXW184718232 BCX0\">do Distrito Federal e Fernando de Noronha.<\/span><\/span><span class=\"LineBreakBlob BlobObject DragDrop SCXW184718232 BCX0\"><span class=\"SCXW184718232 BCX0\">\u00a0<\/span><br class=\"SCXW184718232 BCX0\"\/><\/span><span class=\"LineBreakBlob BlobObject DragDrop SCXW184718232 BCX0\"><span class=\"SCXW184718232 BCX0\">\u00a0<\/span><br class=\"SCXW184718232 BCX0\"\/><\/span><\/p>\n<\/div>\n<footer class=\"penci-entry-footer\">\n <\/footer>\n<\/div>\n<p><script async src=\"\/\/platform.twitter.com\/widgets.js\" charset=\"utf-8\"><\/script><br \/>\n<br \/><br \/>\n<br \/><a href=\"https:\/\/www.tribunaribeirao.com.br\/site\/maioria-dos-brasileiros-vive-no-litoral-diz-ibge\/\">Source link <\/a><\/p>\n<!-- CONTENT END 1 -->\n","protected":false},"excerpt":{"rendered":"<p>22 de mar\u00e7o de 2024 | 18:0022 de mar\u00e7o de 2024 | 12:19 0 Dados do Censo Demogr\u00e1fico 2022 divulgados nesta quinta-feira, 21 de mar\u00e7o,&#8230;<\/p>\n","protected":false},"author":1,"featured_media":43709,"comment_status":"open","ping_status":"open","sticky":false,"template":"","format":"standard","meta":{"advanced_seo_description":"","jetpack_seo_html_title":"","jetpack_seo_noindex":false,"jetpack_post_was_ever_published":false,"_jetpack_newsletter_access":"","_jetpack_dont_email_post_to_subs":false,"_jetpack_newsletter_tier_id":0,"_jetpack_memberships_contains_paywalled_content":false,"_jetpack_memberships_contains_paid_content":false,"footnotes":"","jetpack_publicize_message":"","jetpack_publicize_feature_enabled":true,"jetpack_social_post_already_shared":true,"jetpack_social_options":{"image_generator_settings":{"template":"highway","default_image_id":0,"font":"","enabled":false},"version":2}},"categories":[11],"tags":[200,1498,470,2096,2783,1530,2022],"class_list":["post-43708","post","type-post","status-publish","format-standard","has-post-thumbnail","hentry","category-noticias-de-ribeirao-preto-sp-e-regiao-ismael-colosi","tag-brasileiros","tag-diz","tag-dos","tag-ibge","tag-litoral","tag-maioria","tag-vive"],"jetpack_publicize_connections":[],"jetpack_featured_media_url":"https:\/\/i0.wp.com\/noticiasribeiraopreto.com.br\/wp-content\/uploads\/2024\/03\/Censo2022-Tomaz-Silva-Ag.Br_-scaled.jpg?fit=1000%2C598&ssl=1","jetpack-related-posts":[{"id":48039,"url":"https:\/\/noticiasribeiraopreto.com.br\/index.php\/2024\/04\/30\/brasil-tem-desemprego-de-79-no-tri-ate-marco-diz-ibge\/","url_meta":{"origin":43708,"position":0},"title":"Brasil tem desemprego de 7,9% no tri at\u00e9 mar\u00e7o, diz IBGE","author":"noticiasribeiraopreto.com.br","date":"30 de April de 2024","format":false,"excerpt":"A taxa de desemprego no Brasil subiu e encerrou o primeiro trimestre a 7,9% diante do aumento no n\u00famero de pessoas em busca de trabalho e da redu\u00e7\u00e3o do contingente de empregados, mas ainda ficou abaixo do esperado, enquanto a renda aumentou. O resultado divulgado pelo Instituto Brasileiro de Geografia\u2026","rel":"","context":"In &quot;Blog&quot;","block_context":{"text":"Blog","link":"https:\/\/noticiasribeiraopreto.com.br\/index.php\/category\/blog\/"},"img":{"alt_text":"","src":"https:\/\/i0.wp.com\/noticiasribeiraopreto.com.br\/wp-content\/uploads\/2024\/04\/desemprego-brasil-carteira-de-trabalho-1024x683.jpg?fit=1024%2C683&ssl=1&resize=350%2C200","width":350,"height":200,"srcset":"https:\/\/i0.wp.com\/noticiasribeiraopreto.com.br\/wp-content\/uploads\/2024\/04\/desemprego-brasil-carteira-de-trabalho-1024x683.jpg?fit=1024%2C683&ssl=1&resize=350%2C200 1x, https:\/\/i0.wp.com\/noticiasribeiraopreto.com.br\/wp-content\/uploads\/2024\/04\/desemprego-brasil-carteira-de-trabalho-1024x683.jpg?fit=1024%2C683&ssl=1&resize=525%2C300 1.5x, https:\/\/i0.wp.com\/noticiasribeiraopreto.com.br\/wp-content\/uploads\/2024\/04\/desemprego-brasil-carteira-de-trabalho-1024x683.jpg?fit=1024%2C683&ssl=1&resize=700%2C400 2x"},"classes":[]},{"id":32765,"url":"https:\/\/noticiasribeiraopreto.com.br\/index.php\/2024\/01\/26\/o-ipca-15-vazou-agora-o-ibge-quer-saber-como-e-por-que-isso-aconteceu\/","url_meta":{"origin":43708,"position":1},"title":"O IPCA-15 vazou! Agora o IBGE quer saber como \u2014 e por que \u2014 isso aconteceu","author":"noticiasribeiraopreto.com.br","date":"26 de January de 2024","format":false,"excerpt":"O IPCA-15 trouxe uma desacelera\u00e7\u00e3o da alta dos pre\u00e7os bem mais intensa do que a esperada em janeiro. No entanto, o que roubou a cena foi um incidente incomum envolvendo a divulga\u00e7\u00e3o da pr\u00e9via da infla\u00e7\u00e3o oficial. O Instituto Brasileiro de Geografia e Estat\u00edstica (IBGE) planejava divulgar o \u00edndice de\u2026","rel":"","context":"In &quot;Dinheiro e Investimento&quot;","block_context":{"text":"Dinheiro e Investimento","link":"https:\/\/noticiasribeiraopreto.com.br\/index.php\/category\/dinheiro-e-investimento-como-fazer-como-ganhar\/"},"img":{"alt_text":"","src":"https:\/\/i0.wp.com\/noticiasribeiraopreto.com.br\/wp-content\/uploads\/2024\/01\/ibge_tania_agenciabrasil-715x402.jpg?fit=715%2C402&ssl=1&resize=350%2C200","width":350,"height":200,"srcset":"https:\/\/i0.wp.com\/noticiasribeiraopreto.com.br\/wp-content\/uploads\/2024\/01\/ibge_tania_agenciabrasil-715x402.jpg?fit=715%2C402&ssl=1&resize=350%2C200 1x, https:\/\/i0.wp.com\/noticiasribeiraopreto.com.br\/wp-content\/uploads\/2024\/01\/ibge_tania_agenciabrasil-715x402.jpg?fit=715%2C402&ssl=1&resize=525%2C300 1.5x, https:\/\/i0.wp.com\/noticiasribeiraopreto.com.br\/wp-content\/uploads\/2024\/01\/ibge_tania_agenciabrasil-715x402.jpg?fit=715%2C402&ssl=1&resize=700%2C400 2x"},"classes":[]},{"id":8052,"url":"https:\/\/noticiasribeiraopreto.com.br\/index.php\/2023\/11\/29\/expectativa-de-vida-do-brasileiro-e-de-755-anos\/","url_meta":{"origin":43708,"position":2},"title":"Expectativa de vida do brasileiro \u00e9 de 75,5 anos","author":"noticiasribeiraopreto.com.br","date":"29 de November de 2023","format":false,"excerpt":"A expectativa de vida ao nascer no Brasil, em 2022, ficou em 75,5 anos, segundo dados das T\u00e1buas da Mortalidade, divulgados nesta quarta-feira (29), no Rio de Janeiro, pelo Instituto Brasileiro de Geografia e Estat\u00edstica (IBGE). \u00a0O estudo foi constru\u00eddo com base no Censo Demogr\u00e1fico de 2022, diferentemente dos anos\u2026","rel":"","context":"In &quot;Not\u00edcias de Ribeir\u00e3o Preto-SP e Regi\u00e3o&quot;","block_context":{"text":"Not\u00edcias de Ribeir\u00e3o Preto-SP e Regi\u00e3o","link":"https:\/\/noticiasribeiraopreto.com.br\/index.php\/category\/noticias-de-ribeirao-preto-sp-e-regiao-ismael-colosi\/"},"img":{"alt_text":"","src":"https:\/\/i0.wp.com\/noticiasribeiraopreto.com.br\/wp-content\/uploads\/2023\/11\/expectativa-de-vida-scaled.jpg?fit=1000%2C598&ssl=1&resize=350%2C200","width":350,"height":200,"srcset":"https:\/\/i0.wp.com\/noticiasribeiraopreto.com.br\/wp-content\/uploads\/2023\/11\/expectativa-de-vida-scaled.jpg?fit=1000%2C598&ssl=1&resize=350%2C200 1x, https:\/\/i0.wp.com\/noticiasribeiraopreto.com.br\/wp-content\/uploads\/2023\/11\/expectativa-de-vida-scaled.jpg?fit=1000%2C598&ssl=1&resize=525%2C300 1.5x, https:\/\/i0.wp.com\/noticiasribeiraopreto.com.br\/wp-content\/uploads\/2023\/11\/expectativa-de-vida-scaled.jpg?fit=1000%2C598&ssl=1&resize=700%2C400 2x"},"classes":[]},{"id":17630,"url":"https:\/\/noticiasribeiraopreto.com.br\/index.php\/2023\/12\/18\/brasileiros-buscam-na-informalidade-uma-alternativa-ao-desemprego-2\/","url_meta":{"origin":43708,"position":3},"title":"brasileiros buscam na informalidade uma alternativa ao desemprego","author":"noticiasribeiraopreto.com.br","date":"18 de December de 2023","format":false,"excerpt":"O Brasil enfrenta uma crise no mercado de trabalho h\u00e1 d\u00e9cadas, com um n\u00famero crescente de pessoas fora da for\u00e7a de trabalho ou trabalhando em condi\u00e7\u00f5es prec\u00e1rias. Segundo dados do IBGE, apenas 44 milh\u00f5es de brasileiros t\u00eam trabalho formal, com carteira assinada ou contrato de trabalho. Outros 40 milh\u00f5es estariam\u2026","rel":"","context":"In &quot;Vagas de Emprego em Ribeir\u00e3o Preto-SP&quot;","block_context":{"text":"Vagas de Emprego em Ribeir\u00e3o Preto-SP","link":"https:\/\/noticiasribeiraopreto.com.br\/index.php\/category\/empregos-classificados-vagas-trabalho\/vagas-de-empregos-em-ribeirao-preto-regiao-brasil\/"},"img":{"alt_text":"","src":"https:\/\/i0.wp.com\/noticiasribeiraopreto.com.br\/wp-content\/uploads\/2023\/12\/trabalho_informal_informalidade_-_foto_divulgacaoconceitos.jpg?fit=1200%2C675&ssl=1&resize=350%2C200","width":350,"height":200,"srcset":"https:\/\/i0.wp.com\/noticiasribeiraopreto.com.br\/wp-content\/uploads\/2023\/12\/trabalho_informal_informalidade_-_foto_divulgacaoconceitos.jpg?fit=1200%2C675&ssl=1&resize=350%2C200 1x, https:\/\/i0.wp.com\/noticiasribeiraopreto.com.br\/wp-content\/uploads\/2023\/12\/trabalho_informal_informalidade_-_foto_divulgacaoconceitos.jpg?fit=1200%2C675&ssl=1&resize=525%2C300 1.5x, https:\/\/i0.wp.com\/noticiasribeiraopreto.com.br\/wp-content\/uploads\/2023\/12\/trabalho_informal_informalidade_-_foto_divulgacaoconceitos.jpg?fit=1200%2C675&ssl=1&resize=700%2C400 2x, https:\/\/i0.wp.com\/noticiasribeiraopreto.com.br\/wp-content\/uploads\/2023\/12\/trabalho_informal_informalidade_-_foto_divulgacaoconceitos.jpg?fit=1200%2C675&ssl=1&resize=1050%2C600 3x"},"classes":[]},{"id":43694,"url":"https:\/\/noticiasribeiraopreto.com.br\/index.php\/2024\/03\/22\/um-em-cinco-jovens-brasileiros-de-15-a-29-anos-nao-estuda-nem-trabalha\/","url_meta":{"origin":43708,"position":4},"title":"Um em cinco jovens brasileiros de 15 a 29 anos n\u00e3o estuda nem trabalha","author":"noticiasribeiraopreto.com.br","date":"22 de March de 2024","format":false,"excerpt":"22 de mar\u00e7o de 2024 | 17:0022 de mar\u00e7o de 2024 | 12:04 0 Uma parcela de 19,8% dos jovens de 15 a 29 anos no Brasil, ou seja, um entre cinco, n\u00e3o estudava\u00a0nem trabalhava em 2023, segundo a Pesquisa Nacional por Amostra de Domic\u00edlios (Pnad) Cont\u00ednua, divulgada nesta sexta-feira\u2026","rel":"","context":"In &quot;Not\u00edcias de Ribeir\u00e3o Preto-SP e Regi\u00e3o&quot;","block_context":{"text":"Not\u00edcias de Ribeir\u00e3o Preto-SP e Regi\u00e3o","link":"https:\/\/noticiasribeiraopreto.com.br\/index.php\/category\/noticias-de-ribeirao-preto-sp-e-regiao-ismael-colosi\/"},"img":{"alt_text":"","src":"https:\/\/i0.wp.com\/noticiasribeiraopreto.com.br\/wp-content\/uploads\/2024\/03\/440761cc-aa2b-4683-bc94-ac8dce0cbc1f-scaled.jpg?fit=1000%2C598&ssl=1&resize=350%2C200","width":350,"height":200,"srcset":"https:\/\/i0.wp.com\/noticiasribeiraopreto.com.br\/wp-content\/uploads\/2024\/03\/440761cc-aa2b-4683-bc94-ac8dce0cbc1f-scaled.jpg?fit=1000%2C598&ssl=1&resize=350%2C200 1x, https:\/\/i0.wp.com\/noticiasribeiraopreto.com.br\/wp-content\/uploads\/2024\/03\/440761cc-aa2b-4683-bc94-ac8dce0cbc1f-scaled.jpg?fit=1000%2C598&ssl=1&resize=525%2C300 1.5x, https:\/\/i0.wp.com\/noticiasribeiraopreto.com.br\/wp-content\/uploads\/2024\/03\/440761cc-aa2b-4683-bc94-ac8dce0cbc1f-scaled.jpg?fit=1000%2C598&ssl=1&resize=700%2C400 2x"},"classes":[]},{"id":57651,"url":"https:\/\/noticiasribeiraopreto.com.br\/index.php\/2024\/09\/06\/censo-2022-revela-realidade-de-idosos-e-criancas-em-instituicoes-no-brasil\/","url_meta":{"origin":43708,"position":5},"title":"Censo 2022 Revela Realidade de Idosos e Crian\u00e7as em Institui\u00e7\u00f5es no Brasil","author":"noticiasribeiraopreto.com.br","date":"6 de September de 2024","format":false,"excerpt":"O Censo 2022, divulgado pelo Instituto Brasileiro de Geografia e Estat\u00edstica (IBGE), revelou dados preocupantes sobre a popula\u00e7\u00e3o brasileira vivendo em institui\u00e7\u00f5es. Segundo o levantamento, 160.784 pessoas residem em asilos ou institui\u00e7\u00f5es de longa perman\u00eancia para idosos, representando 0,5% da popula\u00e7\u00e3o com mais de 60 anos no pa\u00eds. A maior\u2026","rel":"","context":"In &quot;Not\u00edcias de Ribeir\u00e3o Preto-SP e Regi\u00e3o&quot;","block_context":{"text":"Not\u00edcias de Ribeir\u00e3o Preto-SP e Regi\u00e3o","link":"https:\/\/noticiasribeiraopreto.com.br\/index.php\/category\/noticias-de-ribeirao-preto-sp-e-regiao-ismael-colosi\/"},"img":{"alt_text":"","src":"","width":0,"height":0},"classes":[]}],"jetpack_sharing_enabled":true,"jetpack_shortlink":"https:\/\/wp.me\/peQAOb-bmY","_links":{"self":[{"href":"https:\/\/noticiasribeiraopreto.com.br\/index.php\/wp-json\/wp\/v2\/posts\/43708","targetHints":{"allow":["GET"]}}],"collection":[{"href":"https:\/\/noticiasribeiraopreto.com.br\/index.php\/wp-json\/wp\/v2\/posts"}],"about":[{"href":"https:\/\/noticiasribeiraopreto.com.br\/index.php\/wp-json\/wp\/v2\/types\/post"}],"author":[{"embeddable":true,"href":"https:\/\/noticiasribeiraopreto.com.br\/index.php\/wp-json\/wp\/v2\/users\/1"}],"replies":[{"embeddable":true,"href":"https:\/\/noticiasribeiraopreto.com.br\/index.php\/wp-json\/wp\/v2\/comments?post=43708"}],"version-history":[{"count":0,"href":"https:\/\/noticiasribeiraopreto.com.br\/index.php\/wp-json\/wp\/v2\/posts\/43708\/revisions"}],"wp:featuredmedia":[{"embeddable":true,"href":"https:\/\/noticiasribeiraopreto.com.br\/index.php\/wp-json\/wp\/v2\/media\/43709"}],"wp:attachment":[{"href":"https:\/\/noticiasribeiraopreto.com.br\/index.php\/wp-json\/wp\/v2\/media?parent=43708"}],"wp:term":[{"taxonomy":"category","embeddable":true,"href":"https:\/\/noticiasribeiraopreto.com.br\/index.php\/wp-json\/wp\/v2\/categories?post=43708"},{"taxonomy":"post_tag","embeddable":true,"href":"https:\/\/noticiasribeiraopreto.com.br\/index.php\/wp-json\/wp\/v2\/tags?post=43708"}],"curies":[{"name":"wp","href":"https:\/\/api.w.org\/{rel}","templated":true}]}}