{"id":43718,"date":"2024-03-22T18:42:55","date_gmt":"2024-03-22T21:42:55","guid":{"rendered":"https:\/\/noticiasribeiraopreto.com.br\/index.php\/2024\/03\/22\/sertaozinho-recebeu-1a-etapa-do-circuito-regional-de-atletismo\/"},"modified":"2024-03-22T18:42:55","modified_gmt":"2024-03-22T21:42:55","slug":"sertaozinho-recebeu-1a-etapa-do-circuito-regional-de-atletismo","status":"publish","type":"post","link":"https:\/\/noticiasribeiraopreto.com.br\/index.php\/2024\/03\/22\/sertaozinho-recebeu-1a-etapa-do-circuito-regional-de-atletismo\/","title":{"rendered":"Sert\u00e3ozinho recebeu 1a Etapa do Circuito Regional de Atletismo"},"content":{"rendered":"<div class='code-block code-block-1' style='margin: 8px 0 8px auto; text-align: right; display: block; clear: both;'>\n<p><a href=\"https:\/\/wa.link\/vpicfd\"><img data-recalc-dims=\"1\" class=\"wp-image-4922\" style=\"aspect-ratio: 2.0253164556962027; width: 561px; height: auto;\" src=\"https:\/\/i0.wp.com\/ismaelcolosi.com.br\/wp-content\/uploads\/2023\/11\/grupo-de-empregos-whatsapp-e-facebook-ismael-colosi-vagas.jpg?ssl=1\" alt=\"\" \/><\/a><\/p>\n<!-- \/wp:image -->\n<\/div>\n<p> <br \/>\n<\/p>\n<div id=\"post-378112\">\n<header class=\"entry-header penci-entry-header penci-title-center\">\n<p>\n<span class=\"entry-meta-item penci-posted-on\"><i class=\"fa fa-clock-o\"\/><time class=\"entry-date published updated\" datetime=\"2024-03-22T12:09:25-03:00\">22 de mar\u00e7o de 2024 | 12:09<\/time><\/span> <\/p>\n<p><span class=\"penci-social-buttons penci-social-share-footer\"><a href=\"#\" class=\"penci-post-like penci_post-meta_item  single-like-button penci-social-item like\" data-post_id=\"378112\" title=\"Like\" data-like=\"Like\" data-unlike=\"Unlike\"><i class=\"fa fa-thumbs-o-up\"\/><span class=\"penci-share-number\">0<\/span><\/a><i class=\"fa fa-facebook\"\/><a class=\"penci-social-item twitter\" target=\"_blank\" rel=\"noopener\" title=\"\" href=\"https:\/\/twitter.com\/intent\/tweet?text=Sert\u00e3ozinho%20recebeu%201a%20Etapa%20do%20Circuito%20Regional%20de%20Atletismo%20-%20https:\/\/www.tribunaribeirao.com.br\/site\/sertaozinho-recebeu-1a-etapa-do-circuito-regional-de-atletismo\/\"><i class=\"fa fa-twitter\"\/><\/a><i class=\"fa fa-whatsapp\"\/><\/span> <\/header>\n<div class=\"penci-entry-content entry-content\">\n<p>A cidade de Sert\u00e3ozinho recebeu, no dia 16 de mar\u00e7o de 2024, a 1a Etapa do Circuito Regional de Atletismo \u2013 Edi\u00e7\u00e3o 2024, organizada pela Associa\u00e7\u00e3o Regional de Atletismo-Centro\/Norte.<\/p>\n<p>Atletas representantes da Associa\u00e7\u00e3o dos Amigos do Atletismo de Ribeir\u00e3o Preto\/Projeto Atletismo e Cidadania\/Secretaria Municipal de Esportes de Ribeir\u00e3o Preto estiveram presentes.<\/p>\n<p>O Circuito foi destinado \u00e0s categorias Sub 10 a Sub 18.<\/p>\n<p>Os principais destaques da Equipe de Ribeir\u00e3o Preto foram:<br \/>.categoria Sub 18<br \/>-Gabriel Tib\u00farcio, vencedor dos 100m e 400m rasos;<br \/>-Giovanni Esteves Aguiar, que faturou as provas do lan\u00e7amento do dardo e salto em altura;<br \/>-Vin\u00edcius de Souza Campos, 3o colocado nos 100m rasos.<\/p>\n<p>.categoria Sub 16<br \/>-Luesca Marques Ponciano da Silva, campe\u00e3 na prova dos 1.000m rasos e 6a nos 75m rasos.<\/p>\n<p>Outras participa\u00e7\u00f5es, categoria Sub 18:<br \/>-F\u00e1bio Lima Tib\u00farcio, 4o colocado nos 400m rasos e 7o nos 100m rasos;<br \/>-Jo\u00e3o Eduardo Coelho, 5o lugar no lan\u00e7amento do dardo.<\/p>\n<\/div>\n<footer class=\"penci-entry-footer\">\n <\/footer>\n<\/div>\n<p><script async src=\"\/\/platform.twitter.com\/widgets.js\" charset=\"utf-8\"><\/script><br \/>\n<br \/><br \/>\n<br \/><a href=\"https:\/\/www.tribunaribeirao.com.br\/site\/sertaozinho-recebeu-1a-etapa-do-circuito-regional-de-atletismo\/\">Source link <\/a><\/p>\n<!-- CONTENT END 1 -->\n","protected":false},"excerpt":{"rendered":"<p>22 de mar\u00e7o de 2024 | 12:09 0 A cidade de Sert\u00e3ozinho recebeu, no dia 16 de mar\u00e7o de 2024, a 1a Etapa do Circuito&#8230;<\/p>\n","protected":false},"author":1,"featured_media":43719,"comment_status":"open","ping_status":"open","sticky":false,"template":"","format":"standard","meta":{"advanced_seo_description":"","jetpack_seo_html_title":"","jetpack_seo_noindex":false,"jetpack_post_was_ever_published":false,"_jetpack_newsletter_access":"","_jetpack_dont_email_post_to_subs":false,"_jetpack_newsletter_tier_id":0,"_jetpack_memberships_contains_paywalled_content":false,"_jetpack_memberships_contains_paid_content":false,"footnotes":"","jetpack_publicize_message":"","jetpack_publicize_feature_enabled":true,"jetpack_social_post_already_shared":true,"jetpack_social_options":{"image_generator_settings":{"template":"highway","default_image_id":0,"font":"","enabled":false},"version":2}},"categories":[11],"tags":[5169,2568,4367,2796,1894,865],"class_list":["post-43718","post","type-post","status-publish","format-standard","has-post-thumbnail","hentry","category-noticias-de-ribeirao-preto-sp-e-regiao-ismael-colosi","tag-atletismo","tag-circuito","tag-etapa","tag-recebeu","tag-regional","tag-sertaozinho"],"jetpack_publicize_connections":[],"jetpack_featured_media_url":"https:\/\/i0.wp.com\/noticiasribeiraopreto.com.br\/wp-content\/uploads\/2024\/03\/4e877ff9-218a-4666-b949-aa30c225b75d-scaled.jpg?fit=696%2C645&ssl=1","jetpack-related-posts":[{"id":51811,"url":"https:\/\/noticiasribeiraopreto.com.br\/index.php\/2024\/05\/30\/atleta-da-regiao-de-ribeirao-preto-faz-melhor-tempo-do-ano-em-prova-de-atletismo\/","url_meta":{"origin":43718,"position":0},"title":"Atleta da regi\u00e3o de Ribeir\u00e3o Preto faz melhor tempo do ano em prova de atletismo","author":"noticiasribeiraopreto.com.br","date":"30 de May de 2024","format":false,"excerpt":"O atleta Alison dos Santos, conhecido como Piu, que \u00e9 de S\u00e3o Joaquim da Barra, na regi\u00e3o de Ribeir\u00e3o Preto, venceu os 400 metros com barreiras da etapa Oslo da Diamond League de atletismo, que aconteceu na Noruega. A disputa contra o noruegu\u00eas Karsten Warholm, que era favorito, aconteceu nesta\u2026","rel":"","context":"In &quot;Not\u00edcias de Ribeir\u00e3o Preto-SP e Regi\u00e3o&quot;","block_context":{"text":"Not\u00edcias de Ribeir\u00e3o Preto-SP e Regi\u00e3o","link":"https:\/\/noticiasribeiraopreto.com.br\/index.php\/category\/noticias-de-ribeirao-preto-sp-e-regiao-ismael-colosi\/"},"img":{"alt_text":"","src":"https:\/\/i0.wp.com\/noticiasribeiraopreto.com.br\/wp-content\/uploads\/2024\/05\/Copia-de-Copia-de-TAMANHO-EXATO-PARA-FOTOS-NO-SISTEMA-NOVO-70_2024-05-30_21-28-54_jpg_2024-05-30_21-28-54.webp.webp?fit=1200%2C675&ssl=1&resize=350%2C200","width":350,"height":200,"srcset":"https:\/\/i0.wp.com\/noticiasribeiraopreto.com.br\/wp-content\/uploads\/2024\/05\/Copia-de-Copia-de-TAMANHO-EXATO-PARA-FOTOS-NO-SISTEMA-NOVO-70_2024-05-30_21-28-54_jpg_2024-05-30_21-28-54.webp.webp?fit=1200%2C675&ssl=1&resize=350%2C200 1x, https:\/\/i0.wp.com\/noticiasribeiraopreto.com.br\/wp-content\/uploads\/2024\/05\/Copia-de-Copia-de-TAMANHO-EXATO-PARA-FOTOS-NO-SISTEMA-NOVO-70_2024-05-30_21-28-54_jpg_2024-05-30_21-28-54.webp.webp?fit=1200%2C675&ssl=1&resize=525%2C300 1.5x, https:\/\/i0.wp.com\/noticiasribeiraopreto.com.br\/wp-content\/uploads\/2024\/05\/Copia-de-Copia-de-TAMANHO-EXATO-PARA-FOTOS-NO-SISTEMA-NOVO-70_2024-05-30_21-28-54_jpg_2024-05-30_21-28-54.webp.webp?fit=1200%2C675&ssl=1&resize=700%2C400 2x, https:\/\/i0.wp.com\/noticiasribeiraopreto.com.br\/wp-content\/uploads\/2024\/05\/Copia-de-Copia-de-TAMANHO-EXATO-PARA-FOTOS-NO-SISTEMA-NOVO-70_2024-05-30_21-28-54_jpg_2024-05-30_21-28-54.webp.webp?fit=1200%2C675&ssl=1&resize=1050%2C600 3x"},"classes":[]},{"id":46569,"url":"https:\/\/noticiasribeiraopreto.com.br\/index.php\/2024\/04\/12\/globo-transmite-primeira-etapa-do-circuito-sertanejo-2024\/","url_meta":{"origin":43718,"position":1},"title":"Globo transmite primeira etapa do &#8220;Circuito Sertanejo 2024&#8221;","author":"noticiasribeiraopreto.com.br","date":"12 de April de 2024","format":false,"excerpt":"Globo transmite primeira etapa do \u201cCircuito Sertanejo 2024\u201dMultishow, Globoplay e TV Globo exibem shows de Fernando & Sorocaba, Luan Pereira e Malifoo, que acontecem no dia 13 de abril O\u00a0Circuito Sertanejo, o maior circuito de shows do pa\u00eds,\u00a0est\u00e1 de volta \u00e0\u00a0Globo! A primeira edi\u00e7\u00e3o de 2024 aterrissa na ExpoLondrina, no\u2026","rel":"","context":"In &quot;Not\u00edcias de Ribeir\u00e3o Preto-SP e Regi\u00e3o&quot;","block_context":{"text":"Not\u00edcias de Ribeir\u00e3o Preto-SP e Regi\u00e3o","link":"https:\/\/noticiasribeiraopreto.com.br\/index.php\/category\/noticias-de-ribeirao-preto-sp-e-regiao-ismael-colosi\/"},"img":{"alt_text":"","src":"https:\/\/i0.wp.com\/noticiasribeiraopreto.com.br\/wp-content\/uploads\/2024\/04\/Untitled-2.jpg?fit=1200%2C800&ssl=1&resize=350%2C200","width":350,"height":200,"srcset":"https:\/\/i0.wp.com\/noticiasribeiraopreto.com.br\/wp-content\/uploads\/2024\/04\/Untitled-2.jpg?fit=1200%2C800&ssl=1&resize=350%2C200 1x, https:\/\/i0.wp.com\/noticiasribeiraopreto.com.br\/wp-content\/uploads\/2024\/04\/Untitled-2.jpg?fit=1200%2C800&ssl=1&resize=525%2C300 1.5x, https:\/\/i0.wp.com\/noticiasribeiraopreto.com.br\/wp-content\/uploads\/2024\/04\/Untitled-2.jpg?fit=1200%2C800&ssl=1&resize=700%2C400 2x, https:\/\/i0.wp.com\/noticiasribeiraopreto.com.br\/wp-content\/uploads\/2024\/04\/Untitled-2.jpg?fit=1200%2C800&ssl=1&resize=1050%2C600 3x"},"classes":[]},{"id":84462,"url":"https:\/\/noticiasribeiraopreto.com.br\/index.php\/2026\/04\/09\/sertaozinho-recebe-festival-que-une-gastronomia-shows-e-artesanato\/","url_meta":{"origin":43718,"position":2},"title":"Sert\u00e3ozinho recebe festival que une gastronomia, shows e artesanato","author":"noticiasribeiraopreto.com.br","date":"9 de April de 2026","format":false,"excerpt":"Ler o resumo da not\u00edcia Festival em Sert\u00e3ozinho come\u00e7a nesta sexta-feira (10), \u00e0s 16h, com gastronomia, shows e artesanato. Pra\u00e7a de alimenta\u00e7\u00e3o oferecer\u00e1 past\u00e9is, espetinhos, cachorro-quente, pizzas e doces artesanais. Sexta-feira (10) tem a banda Seu Panela; s\u00e1bado (11), o grupo N2 se apresenta. Domingo (12), das 15h \u00e0s 19h,\u2026","rel":"","context":"In &quot;Not\u00edcias de Ribeir\u00e3o Preto-SP e Regi\u00e3o&quot;","block_context":{"text":"Not\u00edcias de Ribeir\u00e3o Preto-SP e Regi\u00e3o","link":"https:\/\/noticiasribeiraopreto.com.br\/index.php\/category\/noticias-de-ribeirao-preto-sp-e-regiao-ismael-colosi\/"},"img":{"alt_text":"","src":"https:\/\/i0.wp.com\/noticiasribeiraopreto.com.br\/wp-content\/uploads\/2026\/04\/WhatsApp-Image-2026-04-09-at-17.42.32_2026-04-09_21-25-56.webp.webp?fit=1200%2C675&ssl=1&resize=350%2C200","width":350,"height":200,"srcset":"https:\/\/i0.wp.com\/noticiasribeiraopreto.com.br\/wp-content\/uploads\/2026\/04\/WhatsApp-Image-2026-04-09-at-17.42.32_2026-04-09_21-25-56.webp.webp?fit=1200%2C675&ssl=1&resize=350%2C200 1x, https:\/\/i0.wp.com\/noticiasribeiraopreto.com.br\/wp-content\/uploads\/2026\/04\/WhatsApp-Image-2026-04-09-at-17.42.32_2026-04-09_21-25-56.webp.webp?fit=1200%2C675&ssl=1&resize=525%2C300 1.5x, https:\/\/i0.wp.com\/noticiasribeiraopreto.com.br\/wp-content\/uploads\/2026\/04\/WhatsApp-Image-2026-04-09-at-17.42.32_2026-04-09_21-25-56.webp.webp?fit=1200%2C675&ssl=1&resize=700%2C400 2x, https:\/\/i0.wp.com\/noticiasribeiraopreto.com.br\/wp-content\/uploads\/2026\/04\/WhatsApp-Image-2026-04-09-at-17.42.32_2026-04-09_21-25-56.webp.webp?fit=1200%2C675&ssl=1&resize=1050%2C600 3x"},"classes":[]},{"id":64654,"url":"https:\/\/noticiasribeiraopreto.com.br\/index.php\/2025\/03\/11\/jornal-da-franca-skatista-mirim-de-franca-fica-em-3o-lugar-na-etapa-do-circuito-paulista-de-skate\/","url_meta":{"origin":43718,"position":3},"title":"Jornal da Franca &#8211; Skatista mirim de Franca fica em 3\u00ba lugar na Etapa do Circuito Paulista de Skate","author":"noticiasribeiraopreto.com.br","date":"11 de March de 2025","format":false,"excerpt":"compartilhar no whatsapp compartilhar no telegram compartilhar no facebook compartilhar no linkedin A competi\u00e7\u00e3o contou com 160 skatistas distribu\u00eddos nas categorias iniciante e amador, tanto no masculino quanto no feminino. Mariah Reis, 12 anos, participou na categoria mirim, conquistando a terceira coloca\u00e7\u00e3o \u00a0 Mariah Reis, 12 anos, revela\u00e7\u00e3o do skate\u2026","rel":"","context":"In &quot;Not\u00edcias de Franca-SP&quot;","block_context":{"text":"Not\u00edcias de Franca-SP","link":"https:\/\/noticiasribeiraopreto.com.br\/index.php\/category\/noticias-de-ribeirao-preto-sp-e-regiao-ismael-colosi\/noticias-franca-sp\/"},"img":{"alt_text":"","src":"https:\/\/i0.wp.com\/noticiasribeiraopreto.com.br\/wp-content\/uploads\/2025\/03\/63955cb3-c22f-408b-a05c-37086859119f.jpg?fit=1170%2C785&ssl=1&resize=350%2C200","width":350,"height":200,"srcset":"https:\/\/i0.wp.com\/noticiasribeiraopreto.com.br\/wp-content\/uploads\/2025\/03\/63955cb3-c22f-408b-a05c-37086859119f.jpg?fit=1170%2C785&ssl=1&resize=350%2C200 1x, https:\/\/i0.wp.com\/noticiasribeiraopreto.com.br\/wp-content\/uploads\/2025\/03\/63955cb3-c22f-408b-a05c-37086859119f.jpg?fit=1170%2C785&ssl=1&resize=525%2C300 1.5x, https:\/\/i0.wp.com\/noticiasribeiraopreto.com.br\/wp-content\/uploads\/2025\/03\/63955cb3-c22f-408b-a05c-37086859119f.jpg?fit=1170%2C785&ssl=1&resize=700%2C400 2x, https:\/\/i0.wp.com\/noticiasribeiraopreto.com.br\/wp-content\/uploads\/2025\/03\/63955cb3-c22f-408b-a05c-37086859119f.jpg?fit=1170%2C785&ssl=1&resize=1050%2C600 3x"},"classes":[]},{"id":74649,"url":"https:\/\/noticiasribeiraopreto.com.br\/index.php\/2025\/07\/26\/circuito-mais-mulher-ribeirao-preto-recebe-corrida-com-3-mil-atletas\/","url_meta":{"origin":43718,"position":4},"title":"Circuito Mais Mulher: Ribeir\u00e3o Preto recebe corrida com 3 mil atletas","author":"noticiasribeiraopreto.com.br","date":"26 de July de 2025","format":false,"excerpt":"Ribeir\u00e3o Preto recebe neste domingo (27) a terceira etapa de 2025 do Circuito Mais Mulher, promovido pela Secretaria de Esportes do Estado de S\u00e3o Paulo. Com todas as inscri\u00e7\u00f5es esgotadas em menos de cinco minutos, o evento reunir\u00e1 cerca de 3 mil mulheres, inscritas gratuitamente. A largada acontece \u00e0s 7h,\u2026","rel":"","context":"In &quot;Not\u00edcias de Ribeir\u00e3o Preto-SP e Regi\u00e3o&quot;","block_context":{"text":"Not\u00edcias de Ribeir\u00e3o Preto-SP e Regi\u00e3o","link":"https:\/\/noticiasribeiraopreto.com.br\/index.php\/category\/noticias-de-ribeirao-preto-sp-e-regiao-ismael-colosi\/"},"img":{"alt_text":"","src":"https:\/\/i0.wp.com\/noticiasribeiraopreto.com.br\/wp-content\/uploads\/2025\/07\/circuito-mais-mulher_2025-07-26_13-50-11.webp.webp?fit=1080%2C720&ssl=1&resize=350%2C200","width":350,"height":200,"srcset":"https:\/\/i0.wp.com\/noticiasribeiraopreto.com.br\/wp-content\/uploads\/2025\/07\/circuito-mais-mulher_2025-07-26_13-50-11.webp.webp?fit=1080%2C720&ssl=1&resize=350%2C200 1x, https:\/\/i0.wp.com\/noticiasribeiraopreto.com.br\/wp-content\/uploads\/2025\/07\/circuito-mais-mulher_2025-07-26_13-50-11.webp.webp?fit=1080%2C720&ssl=1&resize=525%2C300 1.5x, https:\/\/i0.wp.com\/noticiasribeiraopreto.com.br\/wp-content\/uploads\/2025\/07\/circuito-mais-mulher_2025-07-26_13-50-11.webp.webp?fit=1080%2C720&ssl=1&resize=700%2C400 2x, https:\/\/i0.wp.com\/noticiasribeiraopreto.com.br\/wp-content\/uploads\/2025\/07\/circuito-mais-mulher_2025-07-26_13-50-11.webp.webp?fit=1080%2C720&ssl=1&resize=1050%2C600 3x"},"classes":[]},{"id":1638,"url":"https:\/\/noticiasribeiraopreto.com.br\/index.php\/2023\/11\/13\/festival-de-atletismo-reuniu-criancas-e-adolescentes-da-usp\/","url_meta":{"origin":43718,"position":5},"title":"Festival de Atletismo reuniu crian\u00e7as e adolescentes da USP","author":"noticiasribeiraopreto.com.br","date":"13 de November de 2023","format":false,"excerpt":"13 de novembro de 2023 | 14:38 0O Festival de Atletismo \u201cAlberto Ant\u00f4nio Giuveline\u201d realizado em 11 de novembro de 2023, Campus da USP de Ribeir\u00e3o, reuniu crian\u00e7as e adolescentes em fase de inicia\u00e7\u00e3o e forma\u00e7\u00e3o esportiva em Atletismo.Al\u00e9m dos N\u00facleos do Projeto Atletismo e Cidadania (Branca Sales\/Maria Nilde, Cava\u2026","rel":"","context":"In &quot;Not\u00edcias de Ribeir\u00e3o Preto-SP e Regi\u00e3o&quot;","block_context":{"text":"Not\u00edcias de Ribeir\u00e3o Preto-SP e Regi\u00e3o","link":"https:\/\/noticiasribeiraopreto.com.br\/index.php\/category\/noticias-de-ribeirao-preto-sp-e-regiao-ismael-colosi\/"},"img":{"alt_text":"","src":"https:\/\/i0.wp.com\/noticiasribeiraopreto.com.br\/wp-content\/uploads\/2023\/11\/61bc0a55-7994-4f3a-92e0-f46c194eba19-scaled.jpg?fit=363%2C645&ssl=1&resize=350%2C200","width":350,"height":200},"classes":[]}],"jetpack_sharing_enabled":true,"jetpack_shortlink":"https:\/\/wp.me\/peQAOb-bn8","_links":{"self":[{"href":"https:\/\/noticiasribeiraopreto.com.br\/index.php\/wp-json\/wp\/v2\/posts\/43718","targetHints":{"allow":["GET"]}}],"collection":[{"href":"https:\/\/noticiasribeiraopreto.com.br\/index.php\/wp-json\/wp\/v2\/posts"}],"about":[{"href":"https:\/\/noticiasribeiraopreto.com.br\/index.php\/wp-json\/wp\/v2\/types\/post"}],"author":[{"embeddable":true,"href":"https:\/\/noticiasribeiraopreto.com.br\/index.php\/wp-json\/wp\/v2\/users\/1"}],"replies":[{"embeddable":true,"href":"https:\/\/noticiasribeiraopreto.com.br\/index.php\/wp-json\/wp\/v2\/comments?post=43718"}],"version-history":[{"count":0,"href":"https:\/\/noticiasribeiraopreto.com.br\/index.php\/wp-json\/wp\/v2\/posts\/43718\/revisions"}],"wp:featuredmedia":[{"embeddable":true,"href":"https:\/\/noticiasribeiraopreto.com.br\/index.php\/wp-json\/wp\/v2\/media\/43719"}],"wp:attachment":[{"href":"https:\/\/noticiasribeiraopreto.com.br\/index.php\/wp-json\/wp\/v2\/media?parent=43718"}],"wp:term":[{"taxonomy":"category","embeddable":true,"href":"https:\/\/noticiasribeiraopreto.com.br\/index.php\/wp-json\/wp\/v2\/categories?post=43718"},{"taxonomy":"post_tag","embeddable":true,"href":"https:\/\/noticiasribeiraopreto.com.br\/index.php\/wp-json\/wp\/v2\/tags?post=43718"}],"curies":[{"name":"wp","href":"https:\/\/api.w.org\/{rel}","templated":true}]}}