{"id":43760,"date":"2024-03-23T08:18:45","date_gmt":"2024-03-23T11:18:45","guid":{"rendered":"https:\/\/noticiasribeiraopreto.com.br\/index.php\/2024\/03\/23\/as-trevas-da-idade-media-estao-entre-nos\/"},"modified":"2024-03-23T08:18:45","modified_gmt":"2024-03-23T11:18:45","slug":"as-trevas-da-idade-media-estao-entre-nos","status":"publish","type":"post","link":"https:\/\/noticiasribeiraopreto.com.br\/index.php\/2024\/03\/23\/as-trevas-da-idade-media-estao-entre-nos\/","title":{"rendered":"As trevas da Idade M\u00e9dia est\u00e3o entre n\u00f3s!\u00a0"},"content":{"rendered":"<div class='code-block code-block-1' style='margin: 8px 0 8px auto; text-align: right; display: block; clear: both;'>\n<p><a href=\"https:\/\/wa.link\/vpicfd\"><img data-recalc-dims=\"1\" class=\"wp-image-4922\" style=\"aspect-ratio: 2.0253164556962027; width: 561px; height: auto;\" src=\"https:\/\/i0.wp.com\/ismaelcolosi.com.br\/wp-content\/uploads\/2023\/11\/grupo-de-empregos-whatsapp-e-facebook-ismael-colosi-vagas.jpg?ssl=1\" alt=\"\" \/><\/a><\/p>\n<!-- \/wp:image -->\n<\/div>\n<p> <br \/>\n<\/p>\n<div id=\"\">\n<p>\n<span class=\"entry-meta-item penci-posted-on\"><i class=\"fa fa-clock-o\"\/><time class=\"entry-date published\" datetime=\"2024-03-23T08:15:30-03:00\">23 de mar\u00e7o de 2024 | 8:15<\/time><time class=\"updated\" datetime=\"2024-03-22T19:30:44-03:00\">22 de mar\u00e7o de 2024 | 19:30<\/time><\/span> <\/p>\n<p><span class=\"penci-social-buttons penci-social-share-footer\"><a href=\"#\" class=\"penci-post-like penci_post-meta_item  single-like-button penci-social-item like\" data-post_id=\"378204\" title=\"Like\" data-like=\"Like\" data-unlike=\"Unlike\"><i class=\"fa fa-thumbs-o-up\"\/><span class=\"penci-share-number\">0<\/span><\/a><i class=\"fa fa-facebook\"\/><a class=\"penci-social-item twitter\" target=\"_blank\" rel=\"noopener\" title=\"\" href=\"https:\/\/twitter.com\/intent\/tweet?text=As%20trevas%20da%20Idade%20M\u00e9dia%20est\u00e3o%20entre%20n\u00f3s!\u00a0%20-%20https:\/\/www.tribunaribeirao.com.br\/site\/as-trevas-da-idade-media-estao-entre-nos\/\"><i class=\"fa fa-twitter\"\/><\/a><i class=\"fa fa-whatsapp\"\/><\/span> <\/div>\n<div>\n<p><span class=\"TextRun SCXW58244217 BCX0\" lang=\"PT-BR\" xml:lang=\"PT-BR\" data-contrast=\"none\"><span class=\"NormalTextRun SCXW58244217 BCX0\">Jos\u00e9 Eugenio <\/span><span class=\"NormalTextRun SpellingErrorV2Themed SCXW58244217 BCX0\">Ka\u00e7a<\/span><span class=\"NormalTextRun SCXW58244217 BCX0\"> * <\/span><\/span><span class=\"LineBreakBlob BlobObject DragDrop SCXW58244217 BCX0\"><span class=\"SCXW58244217 BCX0\">\u00a0<\/span><br class=\"SCXW58244217 BCX0\"\/><\/span><span class=\"TextRun Underlined SCXW58244217 BCX0\" lang=\"PT-BR\" xml:lang=\"PT-BR\" data-contrast=\"none\"><span class=\"NormalTextRun SCXW58244217 BCX0\" data-ccp-charstyle=\"Hyperlink\"><span class=\"__cf_email__\" data-cfemail=\"99f3f6eafcb7fcecfefcf7f0f6fefafad9fef4f8f0f5b7faf6f4\">[email\u00a0protected]<\/span><\/span><\/span><span class=\"LineBreakBlob BlobObject DragDrop SCXW58244217 BCX0\"><span class=\"SCXW58244217 BCX0\">\u00a0<\/span><br class=\"SCXW58244217 BCX0\"\/><\/span><span class=\"LineBreakBlob BlobObject DragDrop SCXW58244217 BCX0\"><span class=\"SCXW58244217 BCX0\">\u00a0<\/span><br class=\"SCXW58244217 BCX0\"\/><\/span><span class=\"TextRun SCXW58244217 BCX0\" lang=\"PT-BR\" xml:lang=\"PT-BR\" data-contrast=\"none\"><span class=\"NormalTextRun SCXW58244217 BCX0\">O<\/span><span class=\"NormalTextRun SCXW58244217 BCX0\">s usos e costumes de uma sociedade v\u00e3o <\/span><span class=\"NormalTextRun SpellingErrorV2Themed SCXW58244217 BCX0\">evoluindo<\/span><span class=\"NormalTextRun SCXW58244217 BCX0\"> ao longo do <\/span><span class=\"NormalTextRun SCXW58244217 BCX0\">tempo<\/span><span class=\"NormalTextRun SCXW58244217 BCX0\">; apesar do saudosismo medieval <\/span><span class=\"NormalTextRun SCXW58244217 BCX0\">capitaneado pela <\/span><span class=\"NormalTextRun SCXW58244217 BCX0\">extrema direita est\u00e1 em alta ultimamente.<\/span><span class=\"NormalTextRun SCXW58244217 BCX0\"> As condena\u00e7\u00f5es por <\/span><span class=\"NormalTextRun SCXW58244217 BCX0\">estupro<\/span><span class=\"NormalTextRun SCXW58244217 BCX0\"> de dois astros do futebol brasileiro<\/span><span class=\"NormalTextRun SCXW58244217 BCX0\">, mostra<\/span><span class=\"NormalTextRun SCXW58244217 BCX0\">m<\/span><span class=\"NormalTextRun SCXW58244217 BCX0\"> que os tempos s\u00e3o outros. <\/span><span class=\"NormalTextRun SCXW58244217 BCX0\">At\u00e9 o in\u00edcio do s\u00e9culo 21, n\u00e3o havia lei<\/span><span class=\"NormalTextRun SCXW58244217 BCX0\">s no Brasil <\/span><span class=\"NormalTextRun SCXW58244217 BCX0\">que <\/span><span class=\"NormalTextRun SCXW58244217 BCX0\">protegesse as mulheres da viol\u00eancia <\/span><span class=\"NormalTextRun SCXW58244217 BCX0\">f\u00edsica e psicol\u00f3gicas, <\/span><span class=\"NormalTextRun SCXW58244217 BCX0\">que <\/span><span class=\"NormalTextRun SCXW58244217 BCX0\">ocorri<\/span><span class=\"NormalTextRun SCXW58244217 BCX0\">am, e ainda ocorrem <\/span><span class=\"NormalTextRun SCXW58244217 BCX0\">no pr\u00f3prio lar<\/span><span class=\"NormalTextRun SCXW58244217 BCX0\">, <\/span><span class=\"NormalTextRun SCXW58244217 BCX0\">o estup<\/span><span class=\"NormalTextRun SCXW58244217 BCX0\">r<\/span><span class=\"NormalTextRun SCXW58244217 BCX0\">o <\/span><span class=\"NormalTextRun SCXW58244217 BCX0\">era naturalizado<\/span><span class=\"NormalTextRun SCXW58244217 BCX0\">, e as mulheres eram culpadas por ter provocado seu agressor com suas vestimentas \u2013 as mulheres sofriam as viol\u00eancias e no fundo eram culpadas por ter \u201cinstigado\u201d <\/span><span class=\"NormalTextRun SCXW58244217 BCX0\">a<\/span><span class=\"NormalTextRun SCXW58244217 BCX0\"> libido masculin<\/span><span class=\"NormalTextRun SCXW58244217 BCX0\">a<\/span><span class=\"NormalTextRun SCXW58244217 BCX0\">. <\/span><\/span><span class=\"LineBreakBlob BlobObject DragDrop SCXW58244217 BCX0\"><span class=\"SCXW58244217 BCX0\">\u00a0<\/span><br class=\"SCXW58244217 BCX0\"\/><\/span><span class=\"LineBreakBlob BlobObject DragDrop SCXW58244217 BCX0\"><span class=\"SCXW58244217 BCX0\">\u00a0<\/span><br class=\"SCXW58244217 BCX0\"\/><\/span><span class=\"TextRun SCXW58244217 BCX0\" lang=\"PT-BR\" xml:lang=\"PT-BR\" data-contrast=\"none\"><span class=\"NormalTextRun SCXW58244217 BCX0\">Havia uma tese jur<\/span><span class=\"NormalTextRun SCXW58244217 BCX0\">\u00ed<\/span><span class=\"NormalTextRun SCXW58244217 BCX0\">dica que in<\/span><span class=\"NormalTextRun SCXW58244217 BCX0\">o<\/span><span class=\"NormalTextRun SCXW58244217 BCX0\">centava os autores de <\/span><span class=\"NormalTextRun SCXW58244217 BCX0\">homic\u00eddios <\/span><span class=\"NormalTextRun SCXW58244217 BCX0\">contra mulheres<\/span> <span class=\"NormalTextRun SCXW58244217 BCX0\">(<\/span><span class=\"NormalTextRun SCXW58244217 BCX0\">f<\/span><span class=\"NormalTextRun SCXW58244217 BCX0\">eminic\u00eddio<\/span><span class=\"NormalTextRun SCXW58244217 BCX0\">),<\/span> <span class=\"NormalTextRun SpellingErrorV2Themed SCXW58244217 BCX0\">culpando-as<\/span><span class=\"NormalTextRun SCXW58244217 BCX0\"> pela sua morte. Essa tese, mesmo sendo <\/span><span class=\"NormalTextRun SCXW58244217 BCX0\">uma aberra\u00e7\u00e3o <\/span><span class=\"NormalTextRun SpellingErrorV2Themed SCXW58244217 BCX0\">jur\u00eddica<\/span><span class=\"NormalTextRun SCXW58244217 BCX0\"> e inconstitucional<\/span><span class=\"NormalTextRun SCXW58244217 BCX0\">, permaneceu em vigor at\u00e9 2023<\/span><span class=\"NormalTextRun SCXW58244217 BCX0\">, quando o STF (Supremo Tribunal Federal)<\/span><span class=\"NormalTextRun SCXW58244217 BCX0\"> declarou a sua <\/span><span class=\"NormalTextRun SpellingErrorV2Themed SCXW58244217 BCX0\">inconstitucionalidade<\/span><span class=\"NormalTextRun SCXW58244217 BCX0\">. Essa tese machista<\/span><span class=\"NormalTextRun SCXW58244217 BCX0\">, que protegia os homens quando assassinavam mulheres <\/span><span class=\"NormalTextRun SCXW58244217 BCX0\">era carinhosamente chamada <\/span><span class=\"NormalTextRun SCXW58244217 BCX0\">de \u201c<\/span><span class=\"NormalTextRun SpellingErrorV2Themed SCXW58244217 BCX0\">legitima<\/span><span class=\"NormalTextRun SCXW58244217 BCX0\"> defesa da honra\u201d.<\/span><\/span><span class=\"LineBreakBlob BlobObject DragDrop SCXW58244217 BCX0\"><span class=\"SCXW58244217 BCX0\">\u00a0<\/span><br class=\"SCXW58244217 BCX0\"\/><\/span><span class=\"LineBreakBlob BlobObject DragDrop SCXW58244217 BCX0\"><span class=\"SCXW58244217 BCX0\">\u00a0<\/span><br class=\"SCXW58244217 BCX0\"\/><\/span><span class=\"TextRun SCXW58244217 BCX0\" lang=\"PT-BR\" xml:lang=\"PT-BR\" data-contrast=\"none\"><span class=\"NormalTextRun SCXW58244217 BCX0\">As condena\u00e7\u00f5es dos ex-jogadores \u201cRobinho e Daniel Alves,<\/span><span class=\"NormalTextRun SCXW58244217 BCX0\"> por <\/span><span class=\"NormalTextRun SCXW58244217 BCX0\">estupro<\/span> <span class=\"NormalTextRun SCXW58244217 BCX0\">repercutiram em todas as m\u00eddias<\/span><span class=\"NormalTextRun SCXW58244217 BCX0\">, e geraram todo tipo de coment\u00e1rios. <\/span><span class=\"NormalTextRun SCXW58244217 BCX0\">Em um programa televisivo, a apresentadora comentou que no passado havia jogadores que <\/span><span class=\"NormalTextRun SCXW58244217 BCX0\">e<\/span><span class=\"NormalTextRun SCXW58244217 BCX0\">ram assediados por mulheres<\/span><span class=\"NormalTextRun SCXW58244217 BCX0\">, mas n\u00e3o havia este tipo de atitude por parte dos atletas<\/span><span class=\"NormalTextRun SCXW58244217 BCX0\">. Essa fala da <\/span><span class=\"NormalTextRun SCXW58244217 BCX0\">\u00e2ncora do programa foi contestada por outro <\/span><span class=\"NormalTextRun SpellingErrorV2Themed SCXW58244217 BCX0\">jornalista<\/span><span class=\"NormalTextRun SCXW58244217 BCX0\">, argumentando que no passado acontecia a mesma<\/span><span class=\"NormalTextRun SCXW58244217 BCX0\"> coisa<\/span><span class=\"NormalTextRun SCXW58244217 BCX0\">, <\/span><span class=\"NormalTextRun SCXW58244217 BCX0\">a diferen\u00e7a \u00e9 <\/span><span class=\"NormalTextRun SCXW58244217 BCX0\">que as mulheres n\u00e3o denunciavam, por medo e por vergonha de <\/span><span class=\"NormalTextRun SCXW58244217 BCX0\">ter suas vidas <\/span><span class=\"NormalTextRun SCXW58244217 BCX0\">e<\/span><span class=\"NormalTextRun SCXW58244217 BCX0\">x<\/span><span class=\"NormalTextRun SCXW58244217 BCX0\">posta<\/span><span class=\"NormalTextRun SCXW58244217 BCX0\">s<\/span><span class=\"NormalTextRun SCXW58244217 BCX0\">. <\/span><\/span><span class=\"LineBreakBlob BlobObject DragDrop SCXW58244217 BCX0\"><span class=\"SCXW58244217 BCX0\">\u00a0<\/span><br class=\"SCXW58244217 BCX0\"\/><\/span><span class=\"LineBreakBlob BlobObject DragDrop SCXW58244217 BCX0\"><span class=\"SCXW58244217 BCX0\">\u00a0<\/span><br class=\"SCXW58244217 BCX0\"\/><\/span><span class=\"TextRun SCXW58244217 BCX0\" lang=\"PT-BR\" xml:lang=\"PT-BR\" data-contrast=\"none\"><span class=\"NormalTextRun SCXW58244217 BCX0\">A concep\u00e7\u00e3o machista da sociedade brasileira \u00e9 secular, e mesmo com as leis protegendo as mulheres, o n\u00famero de feminic\u00eddios s\u00f3 crescem \u2013 o cumprimento <\/span><span class=\"NormalTextRun ContextualSpellingAndGrammarErrorV2Themed SCXW58244217 BCX0\">da leis<\/span><span class=\"NormalTextRun SCXW58244217 BCX0\"> \u00e9 levado na flauta. A Lei Maria da Penha s\u00f3 foi promulgada em 2006, ap\u00f3s dezoito anos de luta<\/span><span class=\"NormalTextRun SCXW58244217 BCX0\">, depois de uma decis\u00e3o da Comiss\u00e3o Interamericana <\/span><span class=\"NormalTextRun SCXW58244217 BCX0\">de Direitos Humanos da OEA, obrigar o Estado brasileiro a criar leis que protegessem as mulheres. <\/span><\/span><span class=\"LineBreakBlob BlobObject DragDrop SCXW58244217 BCX0\"><span class=\"SCXW58244217 BCX0\">\u00a0<\/span><br class=\"SCXW58244217 BCX0\"\/><\/span><span class=\"LineBreakBlob BlobObject DragDrop SCXW58244217 BCX0\"><span class=\"SCXW58244217 BCX0\">\u00a0<\/span><br class=\"SCXW58244217 BCX0\"\/><\/span><span class=\"TextRun SCXW58244217 BCX0\" lang=\"PT-BR\" xml:lang=\"PT-BR\" data-contrast=\"none\"><span class=\"NormalTextRun SCXW58244217 BCX0\">Os usos e costumes colocavam as mulheres em posi\u00e7\u00e3o de inferioridade em rela\u00e7\u00e3o ao homem<\/span><span class=\"NormalTextRun SCXW58244217 BCX0\">, e a palavra do sexo masculino <\/span><span class=\"NormalTextRun SCXW58244217 BCX0\">\u00e9 <\/span><span class=\"NormalTextRun SCXW58244217 BCX0\">a que vigorava. As <\/span><span class=\"NormalTextRun ContextualSpellingAndGrammarErrorV2Themed SCXW58244217 BCX0\">mulheres adolescente<\/span><span class=\"NormalTextRun SCXW58244217 BCX0\"> quando perdiam a virgindade, e n\u00e3o <\/span><span class=\"NormalTextRun ContextualSpellingAndGrammarErrorV2Themed SCXW58244217 BCX0\">casavam<\/span><span class=\"NormalTextRun SCXW58244217 BCX0\"> com o autor, eram expulsas de casa em nome da honra da fam\u00edlia, e essas meninas <\/span><span class=\"NormalTextRun SCXW58244217 BCX0\">na maioria das vezes iam para a prostitui\u00e7\u00e3o, pois o seu valor <\/span><span class=\"NormalTextRun SCXW58244217 BCX0\">como <\/span><span class=\"NormalTextRun SCXW58244217 BCX0\">mulher <\/span><span class=\"NormalTextRun SCXW58244217 BCX0\">e ser <\/span><span class=\"NormalTextRun SCXW58244217 BCX0\">humano estava diretamente ligado <\/span><span class=\"NormalTextRun ContextualSpellingAndGrammarErrorV2Themed SCXW58244217 BCX0\">a<\/span><span class=\"NormalTextRun SCXW58244217 BCX0\"> sua castidade.<\/span><span class=\"NormalTextRun SCXW58244217 BCX0\"> A luta de mulheres abnegadas por direitos iguais \u00e9 secular, e aos poucos foram desbravando e abrindo a f<\/span><span class=\"NormalTextRun SCXW58244217 BCX0\">\u00f3<\/span><span class=\"NormalTextRun SCXW58244217 BCX0\">rceps<\/span><span class=\"NormalTextRun SCXW58244217 BCX0\"> seus pr\u00f3prios caminhos, no entanto, o conservadorismo machista sempre tentou <\/span><span class=\"NormalTextRun SpellingErrorV2Themed SCXW58244217 BCX0\">impedir<\/span><span class=\"NormalTextRun SCXW58244217 BCX0\"> que a mulher fosse dona do seu corpo.<\/span><\/span><span class=\"LineBreakBlob BlobObject DragDrop SCXW58244217 BCX0\"><span class=\"SCXW58244217 BCX0\">\u00a0<\/span><br class=\"SCXW58244217 BCX0\"\/><\/span><span class=\"LineBreakBlob BlobObject DragDrop SCXW58244217 BCX0\"><span class=\"SCXW58244217 BCX0\">\u00a0<\/span><br class=\"SCXW58244217 BCX0\"\/><\/span><span class=\"TextRun SCXW58244217 BCX0\" lang=\"PT-BR\" xml:lang=\"PT-BR\" data-contrast=\"none\"><span class=\"NormalTextRun SCXW58244217 BCX0\">As leis que protegem as mulheres s\u00e3o <\/span><span class=\"NormalTextRun SCXW58244217 BCX0\">d<\/span><span class=\"NormalTextRun SCXW58244217 BCX0\">o s\u00e9culo 21, <\/span><span class=\"NormalTextRun SCXW58244217 BCX0\">Lei Maria da Penha,<\/span><span class=\"NormalTextRun SCXW58244217 BCX0\"> em 2006<\/span><span class=\"NormalTextRun SCXW58244217 BCX0\"> e lei<\/span><span class=\"NormalTextRun SCXW58244217 BCX0\"> que criminaliza o <\/span><span class=\"NormalTextRun SCXW58244217 BCX0\">estupro<\/span><span class=\"NormalTextRun SCXW58244217 BCX0\"> \u00e9 de 2009, portanto, s\u00e3o leis recentes. <\/span><span class=\"NormalTextRun SCXW58244217 BCX0\">Ver homens ricos e famosos serem punidos por <\/span><span class=\"NormalTextRun SCXW58244217 BCX0\">estupro<\/span><span class=\"NormalTextRun SCXW58244217 BCX0\"> no Brasil \u00e9 raridade, o caso Robinho \u00e9 uma exce\u00e7\u00e3o. Mesmo havendo essas <\/span><span class=\"NormalTextRun SCXW58244217 BCX0\">leis<\/span><span class=\"NormalTextRun SCXW58244217 BCX0\"> que teoricamente deveriam proteger as mulheres, na pr\u00e1tica<\/span><span class=\"NormalTextRun SCXW58244217 BCX0\">,<\/span><span class=\"NormalTextRun SCXW58244217 BCX0\"> acabam favorecen<\/span><span class=\"NormalTextRun SCXW58244217 BCX0\">d<\/span><span class=\"NormalTextRun SCXW58244217 BCX0\">o o criminoso. A medida protetiva que deveria proteger a mulher de seu algoz<\/span><span class=\"NormalTextRun SCXW58244217 BCX0\">, n\u00e3o funciona, <\/span><span class=\"NormalTextRun ContextualSpellingAndGrammarErrorV2Themed SCXW58244217 BCX0\">pois<\/span><span class=\"NormalTextRun SCXW58244217 BCX0\"> a lei permite que o infrator fique a uma <\/span><span class=\"NormalTextRun ContextualSpellingAndGrammarErrorV2Themed SCXW58244217 BCX0\">distancia<\/span><span class=\"NormalTextRun SCXW58244217 BCX0\"> de cem metros da <\/span><span class=\"NormalTextRun ContextualSpellingAndGrammarErrorV2Themed SCXW58244217 BCX0\">vitima<\/span><span class=\"NormalTextRun SCXW58244217 BCX0\"> \u2013 \u00e9 uma piada. <\/span><span class=\"NormalTextRun SCXW58244217 BCX0\">No entanto estes pequenos avan\u00e7os e conquista das mulheres est\u00e3o sendo minados pelo avan\u00e7o do extremismo de direita, que quer a volta da Idade Medieval, e a campanha j\u00e1 come\u00e7ou.<\/span><\/span><span class=\"LineBreakBlob BlobObject DragDrop SCXW58244217 BCX0\"><span class=\"SCXW58244217 BCX0\">\u00a0<\/span><br class=\"SCXW58244217 BCX0\"\/><\/span><span class=\"LineBreakBlob BlobObject DragDrop SCXW58244217 BCX0\"><span class=\"SCXW58244217 BCX0\">\u00a0<\/span><br class=\"SCXW58244217 BCX0\"\/><\/span><span class=\"TextRun SCXW58244217 BCX0\" lang=\"PT-BR\" xml:lang=\"PT-BR\" data-contrast=\"none\"><span class=\"NormalTextRun SCXW58244217 BCX0\">H\u00e1 uma plataforma de extrema direita que est\u00e1 tentando <\/span><span class=\"NormalTextRun SpellingErrorV2Themed SCXW58244217 BCX0\">reescrever<\/span> <span class=\"NormalTextRun SCXW58244217 BCX0\">a<\/span><span class=\"NormalTextRun SCXW58244217 BCX0\"> hist\u00f3ria brasileira<\/span><span class=\"NormalTextRun SCXW58244217 BCX0\">. Come\u00e7aram contestando a escravid\u00e3o negra no Brasil, dizendo que foi algo positivo para os <\/span><span class=\"NormalTextRun SpellingErrorV2Themed SCXW58244217 BCX0\">escravizados<\/span><span class=\"NormalTextRun SCXW58244217 BCX0\">. Agora est\u00e3o contestando a Lei Maria da Penha, afirmando que o criminoso \u00e9 a <\/span><span class=\"NormalTextRun ContextualSpellingAndGrammarErrorV2Themed SCXW58244217 BCX0\">vitima<\/span><span class=\"NormalTextRun SCXW58244217 BCX0\">. Tamb\u00e9m est\u00e3o defendendo homens <\/span><span class=\"NormalTextRun SCXW58244217 BCX0\">famosos acusados de viol\u00eancia dom\u00e9stica, colocando-os como <\/span><span class=\"NormalTextRun ContextualSpellingAndGrammarErrorV2Themed SCXW58244217 BCX0\">vitimas<\/span><span class=\"NormalTextRun SCXW58244217 BCX0\"> da crueldade feminina. <\/span><span class=\"NormalTextRun SCXW58244217 BCX0\">A luta n\u00e3o \u00e9 s\u00f3 das mulheres \u00e9 tamb\u00e9m de homens<\/span><span class=\"NormalTextRun SCXW58244217 BCX0\"> com <\/span><span class=\"NormalTextRun SpellingErrorV2Themed SCXW58244217 BCX0\">esp\u00edritos <\/span><span class=\"NormalTextRun SpellingErrorV2Themed SCXW58244217 BCX0\">humanistas<\/span><span class=\"NormalTextRun SCXW58244217 BCX0\">. <\/span><span class=\"NormalTextRun SCXW58244217 BCX0\">N\u00e3o podemos ficar deitados em ber\u00e7os <\/span><span class=\"NormalTextRun SpellingErrorV2Themed SCXW58244217 BCX0\">esplendidos<\/span><span class=\"NormalTextRun SCXW58244217 BCX0\">, achando que as leis v\u00e3o proteger<\/span><span class=\"NormalTextRun SCXW58244217 BCX0\"> as mulheres \u2013 a hora <\/span><span class=\"NormalTextRun SCXW58244217 BCX0\">\u00e9 <\/span><span class=\"NormalTextRun SCXW58244217 BCX0\">de muita luta!<\/span><\/span><span class=\"LineBreakBlob BlobObject DragDrop SCXW58244217 BCX0\"><span class=\"SCXW58244217 BCX0\">\u00a0<\/span><br class=\"SCXW58244217 BCX0\"\/><\/span><span class=\"LineBreakBlob BlobObject DragDrop SCXW58244217 BCX0\"><span class=\"SCXW58244217 BCX0\">\u00a0<\/span><br class=\"SCXW58244217 BCX0\"\/><\/span><span class=\"TextRun SCXW58244217 BCX0\" lang=\"PT-BR\" xml:lang=\"PT-BR\" data-contrast=\"none\"><span class=\"NormalTextRun SCXW58244217 BCX0\">* Pe<\/span><span class=\"NormalTextRun SCXW58244217 BCX0\">dagogo, l\u00edder comunit\u00e1rio e <\/span><span class=\"NormalTextRun SpellingErrorV2Themed SCXW58244217 BCX0\">ex-<\/span><span class=\"NormalTextRun SpellingErrorV2Themed SCXW58244217 BCX0\">conselheiro<\/span><span class=\"NormalTextRun SCXW58244217 BCX0\"> da Educa\u00e7\u00e3o<\/span><\/span><span class=\"EOP SCXW58244217 BCX0\" data-ccp-props=\"{&quot;201341983&quot;:0,&quot;335559739&quot;:160,&quot;335559740&quot;:259}\">\u00a0<\/span><\/p>\n<\/div>\n<p><script async src=\"\/\/platform.twitter.com\/widgets.js\" charset=\"utf-8\"><\/script><br \/>\n<br \/><br \/>\n<br \/><a href=\"https:\/\/www.tribunaribeirao.com.br\/site\/as-trevas-da-idade-media-estao-entre-nos\/\">Source link <\/a><\/p>\n<!-- CONTENT END 1 -->\n","protected":false},"excerpt":{"rendered":"<p>23 de mar\u00e7o de 2024 | 8:1522 de mar\u00e7o de 2024 | 19:30 0 Jos\u00e9 Eugenio Ka\u00e7a * \u00a0[email\u00a0protected]\u00a0\u00a0Os usos e costumes de uma sociedade&#8230;<\/p>\n","protected":false},"author":1,"featured_media":43761,"comment_status":"open","ping_status":"open","sticky":false,"template":"","format":"standard","meta":{"advanced_seo_description":"","jetpack_seo_html_title":"","jetpack_seo_noindex":false,"jetpack_post_was_ever_published":false,"_jetpack_newsletter_access":"","_jetpack_dont_email_post_to_subs":false,"_jetpack_newsletter_tier_id":0,"_jetpack_memberships_contains_paywalled_content":false,"_jetpack_memberships_contains_paid_content":false,"footnotes":"","jetpack_publicize_message":"","jetpack_publicize_feature_enabled":true,"jetpack_social_post_already_shared":true,"jetpack_social_options":{"image_generator_settings":{"template":"highway","default_image_id":0,"font":"","enabled":false},"version":2}},"categories":[11],"tags":[389,1450,5175,3156,896,5174],"class_list":["post-43760","post","type-post","status-publish","format-standard","has-post-thumbnail","hentry","category-noticias-de-ribeirao-preto-sp-e-regiao-ismael-colosi","tag-entre","tag-estao","tag-idade","tag-media","tag-nos","tag-trevas"],"jetpack_publicize_connections":[],"jetpack_featured_media_url":"https:\/\/i0.wp.com\/noticiasribeiraopreto.com.br\/wp-content\/uploads\/2024\/03\/1711192730_joseeugeniokaca_jose-eugenio-kaca2.jpg?fit=700%2C450&ssl=1","jetpack-related-posts":[{"id":74446,"url":"https:\/\/noticiasribeiraopreto.com.br\/index.php\/2025\/07\/22\/morre-ozzy-osbourne-aos-76-anos\/","url_meta":{"origin":43760,"position":0},"title":"Morre Ozzy Osbourne, aos 76 anos","author":"noticiasribeiraopreto.com.br","date":"22 de July de 2025","format":false,"excerpt":"O vocalista da banda Black Sabbath, Ozzy Osbourne, morreu nesta ter\u00e7a-feira (22), aos 76 anos. O \u201cPr\u00edncipe das Trevas\u201d nasceu em Birmingham, na Inglaterra. A morte de Ozzy Osbourne foi confirmada pela BBC. O an\u00fancio foi realizado pela fam\u00edlia do artista. \u201c\u00c9 com muita tristeza [\u2026] que temos que informar\u2026","rel":"","context":"In &quot;Not\u00edcias de Ribeir\u00e3o Preto-SP e Regi\u00e3o&quot;","block_context":{"text":"Not\u00edcias de Ribeir\u00e3o Preto-SP e Regi\u00e3o","link":"https:\/\/noticiasribeiraopreto.com.br\/index.php\/category\/noticias-de-ribeirao-preto-sp-e-regiao-ismael-colosi\/"},"img":{"alt_text":"","src":"https:\/\/i0.wp.com\/noticiasribeiraopreto.com.br\/wp-content\/uploads\/2025\/07\/ozzy-osbourne_2025-07-22_18-24-08.webp.webp?fit=879%2C548&ssl=1&resize=350%2C200","width":350,"height":200,"srcset":"https:\/\/i0.wp.com\/noticiasribeiraopreto.com.br\/wp-content\/uploads\/2025\/07\/ozzy-osbourne_2025-07-22_18-24-08.webp.webp?fit=879%2C548&ssl=1&resize=350%2C200 1x, https:\/\/i0.wp.com\/noticiasribeiraopreto.com.br\/wp-content\/uploads\/2025\/07\/ozzy-osbourne_2025-07-22_18-24-08.webp.webp?fit=879%2C548&ssl=1&resize=525%2C300 1.5x, https:\/\/i0.wp.com\/noticiasribeiraopreto.com.br\/wp-content\/uploads\/2025\/07\/ozzy-osbourne_2025-07-22_18-24-08.webp.webp?fit=879%2C548&ssl=1&resize=700%2C400 2x"},"classes":[]},{"id":45293,"url":"https:\/\/noticiasribeiraopreto.com.br\/index.php\/2024\/04\/03\/casos-de-dengue-avancam-a-11-095\/","url_meta":{"origin":43760,"position":1},"title":"Casos de dengue avan\u00e7am a 11.095","author":"noticiasribeiraopreto.com.br","date":"3 de April de 2024","format":false,"excerpt":"Ribeir\u00e3o Preto enfrenta mais uma epidemia de dengue, desta vez de n\u00edvel 2. Nesta quarta-feira, 3 de abril, a Secretara Municipal da Sa\u00fade atualizou os dados de casos confirmados este ano. J\u00e1 s\u00e3o 11.095 ocorr\u00eancias, al\u00e9m de 22.274 sob investiga\u00e7\u00e3o. Uma semana atr\u00e1s eram 9.541. Em sete dias, o Aedes\u2026","rel":"","context":"In &quot;Not\u00edcias de Ribeir\u00e3o Preto-SP e Regi\u00e3o&quot;","block_context":{"text":"Not\u00edcias de Ribeir\u00e3o Preto-SP e Regi\u00e3o","link":"https:\/\/noticiasribeiraopreto.com.br\/index.php\/category\/noticias-de-ribeirao-preto-sp-e-regiao-ismael-colosi\/"},"img":{"alt_text":"","src":"https:\/\/i0.wp.com\/noticiasribeiraopreto.com.br\/wp-content\/uploads\/2024\/04\/dengue-neurologia.jpg?fit=800%2C419&ssl=1&resize=350%2C200","width":350,"height":200,"srcset":"https:\/\/i0.wp.com\/noticiasribeiraopreto.com.br\/wp-content\/uploads\/2024\/04\/dengue-neurologia.jpg?fit=800%2C419&ssl=1&resize=350%2C200 1x, https:\/\/i0.wp.com\/noticiasribeiraopreto.com.br\/wp-content\/uploads\/2024\/04\/dengue-neurologia.jpg?fit=800%2C419&ssl=1&resize=525%2C300 1.5x, https:\/\/i0.wp.com\/noticiasribeiraopreto.com.br\/wp-content\/uploads\/2024\/04\/dengue-neurologia.jpg?fit=800%2C419&ssl=1&resize=700%2C400 2x"},"classes":[]},{"id":42217,"url":"https:\/\/noticiasribeiraopreto.com.br\/index.php\/2024\/03\/13\/casos-da-doenca-avancam-a-6-400-em-rp\/","url_meta":{"origin":43760,"position":2},"title":"Casos da doen\u00e7a avan\u00e7am a 6.400 em RP","author":"noticiasribeiraopreto.com.br","date":"13 de March de 2024","format":false,"excerpt":"Ribeir\u00e3o Preto enfrenta mais uma epidemia de dengue, desta vez de n\u00edvel 2. Nesta quarta-feira, 13 de mar\u00e7o, a Secretara Municipal da Sa\u00fade atualizou os dados de casos confirmados este ano. J\u00e1 s\u00e3o 6.400 ocorr\u00eancias, al\u00e9m de 15.303 sob investiga\u00e7\u00e3o. Uma semana atr\u00e1s eram 4.805. Em sete dias, o Aedes\u2026","rel":"","context":"In &quot;Not\u00edcias de Ribeir\u00e3o Preto-SP e Regi\u00e3o&quot;","block_context":{"text":"Not\u00edcias de Ribeir\u00e3o Preto-SP e Regi\u00e3o","link":"https:\/\/noticiasribeiraopreto.com.br\/index.php\/category\/noticias-de-ribeirao-preto-sp-e-regiao-ismael-colosi\/"},"img":{"alt_text":"","src":"https:\/\/i0.wp.com\/noticiasribeiraopreto.com.br\/wp-content\/uploads\/2024\/03\/1710343905_DengueSP-Marcelo-Camargo-Ag.Br_-scaled.jpg?fit=967%2C645&ssl=1&resize=350%2C200","width":350,"height":200,"srcset":"https:\/\/i0.wp.com\/noticiasribeiraopreto.com.br\/wp-content\/uploads\/2024\/03\/1710343905_DengueSP-Marcelo-Camargo-Ag.Br_-scaled.jpg?fit=967%2C645&ssl=1&resize=350%2C200 1x, https:\/\/i0.wp.com\/noticiasribeiraopreto.com.br\/wp-content\/uploads\/2024\/03\/1710343905_DengueSP-Marcelo-Camargo-Ag.Br_-scaled.jpg?fit=967%2C645&ssl=1&resize=525%2C300 1.5x, https:\/\/i0.wp.com\/noticiasribeiraopreto.com.br\/wp-content\/uploads\/2024\/03\/1710343905_DengueSP-Marcelo-Camargo-Ag.Br_-scaled.jpg?fit=967%2C645&ssl=1&resize=700%2C400 2x"},"classes":[]},{"id":41303,"url":"https:\/\/noticiasribeiraopreto.com.br\/index.php\/2024\/03\/07\/casos-de-dengue-avancam-a-4-805\/","url_meta":{"origin":43760,"position":3},"title":"Casos de dengue\u00a0avan\u00e7am a 4.805\u00a0em RP","author":"noticiasribeiraopreto.com.br","date":"7 de March de 2024","format":false,"excerpt":"Ribeir\u00e3o Preto enfrenta mais uma epidemia de dengue, desta vez de n\u00edvel 2. Nesta quarta-feira, 6 de mar\u00e7o, a Secretara Municipal da Sa\u00fade atualizou os dados de casos confirmados este ano. J\u00e1 s\u00e3o 4.805 ocorr\u00eancias, al\u00e9m de 12.638 sob investiga\u00e7\u00e3o. Uma semana atr\u00e1s eram 3.863. Em sete dias, o Aedes\u2026","rel":"","context":"In &quot;Not\u00edcias de Ribeir\u00e3o Preto-SP e Regi\u00e3o&quot;","block_context":{"text":"Not\u00edcias de Ribeir\u00e3o Preto-SP e Regi\u00e3o","link":"https:\/\/noticiasribeiraopreto.com.br\/index.php\/category\/noticias-de-ribeirao-preto-sp-e-regiao-ismael-colosi\/"},"img":{"alt_text":"","src":"https:\/\/i0.wp.com\/noticiasribeiraopreto.com.br\/wp-content\/uploads\/2024\/03\/DengueBRA-Pixabay-scaled.jpg?fit=1000%2C531&ssl=1&resize=350%2C200","width":350,"height":200,"srcset":"https:\/\/i0.wp.com\/noticiasribeiraopreto.com.br\/wp-content\/uploads\/2024\/03\/DengueBRA-Pixabay-scaled.jpg?fit=1000%2C531&ssl=1&resize=350%2C200 1x, https:\/\/i0.wp.com\/noticiasribeiraopreto.com.br\/wp-content\/uploads\/2024\/03\/DengueBRA-Pixabay-scaled.jpg?fit=1000%2C531&ssl=1&resize=525%2C300 1.5x, https:\/\/i0.wp.com\/noticiasribeiraopreto.com.br\/wp-content\/uploads\/2024\/03\/DengueBRA-Pixabay-scaled.jpg?fit=1000%2C531&ssl=1&resize=700%2C400 2x"},"classes":[]},{"id":40347,"url":"https:\/\/noticiasribeiraopreto.com.br\/index.php\/2024\/03\/02\/vacinacao-contra-a-gripe-comeca-dia-25\/","url_meta":{"origin":43760,"position":4},"title":"Vacina\u00e7\u00e3o contra a gripe come\u00e7a dia 25 \u00a0","author":"noticiasribeiraopreto.com.br","date":"2 de March de 2024","format":false,"excerpt":"2 de mar\u00e7o de 2024 | 18:002 de mar\u00e7o de 2024 | 10:25 0A Campanha Nacional de Vacina\u00e7\u00e3o contra a Gripe vai come\u00e7ar no dia 25 de mar\u00e7o. Em nota, o Minist\u00e9rio da Sa\u00fade informou que a imuniza\u00e7\u00e3o, tradicionalmente realizada entre os meses de abril e maio, foi antecipada este\u2026","rel":"","context":"In &quot;Not\u00edcias de Ribeir\u00e3o Preto-SP e Regi\u00e3o&quot;","block_context":{"text":"Not\u00edcias de Ribeir\u00e3o Preto-SP e Regi\u00e3o","link":"https:\/\/noticiasribeiraopreto.com.br\/index.php\/category\/noticias-de-ribeirao-preto-sp-e-regiao-ismael-colosi\/"},"img":{"alt_text":"","src":"https:\/\/i0.wp.com\/noticiasribeiraopreto.com.br\/wp-content\/uploads\/2024\/03\/GripeRP-Marcelo-Camargo-Ag.Br_-scaled.jpg?fit=1000%2C598&ssl=1&resize=350%2C200","width":350,"height":200,"srcset":"https:\/\/i0.wp.com\/noticiasribeiraopreto.com.br\/wp-content\/uploads\/2024\/03\/GripeRP-Marcelo-Camargo-Ag.Br_-scaled.jpg?fit=1000%2C598&ssl=1&resize=350%2C200 1x, https:\/\/i0.wp.com\/noticiasribeiraopreto.com.br\/wp-content\/uploads\/2024\/03\/GripeRP-Marcelo-Camargo-Ag.Br_-scaled.jpg?fit=1000%2C598&ssl=1&resize=525%2C300 1.5x, https:\/\/i0.wp.com\/noticiasribeiraopreto.com.br\/wp-content\/uploads\/2024\/03\/GripeRP-Marcelo-Camargo-Ag.Br_-scaled.jpg?fit=1000%2C598&ssl=1&resize=700%2C400 2x"},"classes":[]},{"id":26437,"url":"https:\/\/noticiasribeiraopreto.com.br\/index.php\/2024\/01\/10\/banco-de-sangue-de-rp-pede-doacoes\/","url_meta":{"origin":43760,"position":5},"title":"Banco de Sangue de RP precisa de doa\u00e7\u00f5es","author":"noticiasribeiraopreto.com.br","date":"10 de January de 2024","format":false,"excerpt":"9 de janeiro de 2024 | 14:309 de janeiro de 2024 | 13:16 0O Banco de Sangue de Ribeir\u00e3o Preto pede \u00e0 popula\u00e7\u00e3o doa\u00e7\u00f5es de sangue e de plaquetas. Com as festas de fim de ano e as f\u00e9rias, houve queda nas doa\u00e7\u00f5es, que j\u00e1 estavam com d\u00e9ficit de 60%\u2026","rel":"","context":"In &quot;Not\u00edcias de Ribeir\u00e3o Preto-SP e Regi\u00e3o&quot;","block_context":{"text":"Not\u00edcias de Ribeir\u00e3o Preto-SP e Regi\u00e3o","link":"https:\/\/noticiasribeiraopreto.com.br\/index.php\/category\/noticias-de-ribeirao-preto-sp-e-regiao-ismael-colosi\/"},"img":{"alt_text":"","src":"https:\/\/i0.wp.com\/noticiasribeiraopreto.com.br\/wp-content\/uploads\/2024\/01\/sangue-scaled.jpg?fit=1000%2C598&ssl=1&resize=350%2C200","width":350,"height":200,"srcset":"https:\/\/i0.wp.com\/noticiasribeiraopreto.com.br\/wp-content\/uploads\/2024\/01\/sangue-scaled.jpg?fit=1000%2C598&ssl=1&resize=350%2C200 1x, https:\/\/i0.wp.com\/noticiasribeiraopreto.com.br\/wp-content\/uploads\/2024\/01\/sangue-scaled.jpg?fit=1000%2C598&ssl=1&resize=525%2C300 1.5x, https:\/\/i0.wp.com\/noticiasribeiraopreto.com.br\/wp-content\/uploads\/2024\/01\/sangue-scaled.jpg?fit=1000%2C598&ssl=1&resize=700%2C400 2x"},"classes":[]}],"jetpack_sharing_enabled":true,"jetpack_shortlink":"https:\/\/wp.me\/peQAOb-bnO","_links":{"self":[{"href":"https:\/\/noticiasribeiraopreto.com.br\/index.php\/wp-json\/wp\/v2\/posts\/43760","targetHints":{"allow":["GET"]}}],"collection":[{"href":"https:\/\/noticiasribeiraopreto.com.br\/index.php\/wp-json\/wp\/v2\/posts"}],"about":[{"href":"https:\/\/noticiasribeiraopreto.com.br\/index.php\/wp-json\/wp\/v2\/types\/post"}],"author":[{"embeddable":true,"href":"https:\/\/noticiasribeiraopreto.com.br\/index.php\/wp-json\/wp\/v2\/users\/1"}],"replies":[{"embeddable":true,"href":"https:\/\/noticiasribeiraopreto.com.br\/index.php\/wp-json\/wp\/v2\/comments?post=43760"}],"version-history":[{"count":0,"href":"https:\/\/noticiasribeiraopreto.com.br\/index.php\/wp-json\/wp\/v2\/posts\/43760\/revisions"}],"wp:featuredmedia":[{"embeddable":true,"href":"https:\/\/noticiasribeiraopreto.com.br\/index.php\/wp-json\/wp\/v2\/media\/43761"}],"wp:attachment":[{"href":"https:\/\/noticiasribeiraopreto.com.br\/index.php\/wp-json\/wp\/v2\/media?parent=43760"}],"wp:term":[{"taxonomy":"category","embeddable":true,"href":"https:\/\/noticiasribeiraopreto.com.br\/index.php\/wp-json\/wp\/v2\/categories?post=43760"},{"taxonomy":"post_tag","embeddable":true,"href":"https:\/\/noticiasribeiraopreto.com.br\/index.php\/wp-json\/wp\/v2\/tags?post=43760"}],"curies":[{"name":"wp","href":"https:\/\/api.w.org\/{rel}","templated":true}]}}