{"id":43833,"date":"2024-03-23T12:35:38","date_gmt":"2024-03-23T15:35:38","guid":{"rendered":"https:\/\/noticiasribeiraopreto.com.br\/index.php\/2024\/03\/23\/wsa-realiza-peneira-para-meninas-neste-domingo\/"},"modified":"2024-03-23T12:35:38","modified_gmt":"2024-03-23T15:35:38","slug":"wsa-realiza-peneira-para-meninas-neste-domingo","status":"publish","type":"post","link":"https:\/\/noticiasribeiraopreto.com.br\/index.php\/2024\/03\/23\/wsa-realiza-peneira-para-meninas-neste-domingo\/","title":{"rendered":"WSA realiza peneira para meninas neste domingo\u00a0\u00a0"},"content":{"rendered":"<div class='code-block code-block-1' style='margin: 8px 0 8px auto; text-align: right; display: block; clear: both;'>\n<p><a href=\"https:\/\/wa.link\/vpicfd\"><img data-recalc-dims=\"1\" class=\"wp-image-4922\" style=\"aspect-ratio: 2.0253164556962027; width: 561px; height: auto;\" src=\"https:\/\/i0.wp.com\/ismaelcolosi.com.br\/wp-content\/uploads\/2023\/11\/grupo-de-empregos-whatsapp-e-facebook-ismael-colosi-vagas.jpg?ssl=1\" alt=\"\" \/><\/a><\/p>\n<!-- \/wp:image -->\n<\/div>\n<p> <br \/>\n<\/p>\n<div id=\"post-378269\">\n<header class=\"entry-header penci-entry-header penci-title-center\">\n<p>\n<span class=\"entry-meta-item penci-posted-on\"><i class=\"fa fa-clock-o\"\/><time class=\"entry-date published updated\" datetime=\"2024-03-23T12:06:03-03:00\">23 de mar\u00e7o de 2024 | 12:06<\/time><\/span> <\/p>\n<p><span class=\"penci-social-buttons penci-social-share-footer\"><a href=\"#\" class=\"penci-post-like penci_post-meta_item  single-like-button penci-social-item like\" data-post_id=\"378269\" title=\"Like\" data-like=\"Like\" data-unlike=\"Unlike\"><i class=\"fa fa-thumbs-o-up\"\/><span class=\"penci-share-number\">0<\/span><\/a><i class=\"fa fa-facebook\"\/><a class=\"penci-social-item twitter\" target=\"_blank\" rel=\"noopener\" title=\"\" href=\"https:\/\/twitter.com\/intent\/tweet?text=WSA%20realiza%20peneira%20para%20meninas%20neste%20domingo\u00a0\u00a0%20-%20https:\/\/www.tribunaribeirao.com.br\/site\/wsa-realiza-peneira-para-meninas-neste-domingo\/\"><i class=\"fa fa-twitter\"\/><\/a><i class=\"fa fa-whatsapp\"\/><\/span> <\/header>\n<div class=\"penci-entry-content entry-content\">\n<p><span data-contrast=\"auto\">A WSA, Women\u00b4s Soccer Academy, primeira escola dedicada somente para mulheres de Ribeir\u00e3o Preto, vai realizar um processo seletivo em busca de novos talentos para a categoria sub-15.\u00a0<\/span><span data-ccp-props=\"{&quot;201341983&quot;:0,&quot;335551550&quot;:6,&quot;335551620&quot;:6,&quot;335559739&quot;:200,&quot;335559740&quot;:276}\">\u00a0<\/span><\/p>\n<p><span data-contrast=\"auto\">A peneira acontece neste domingo (24), a partir das 8h, na I9 Academy, que fica localizada Rodovia Abra\u00e3o Assed, km 53,5, em Ribeir\u00e3o Preto.\u00a0<\/span><span data-ccp-props=\"{&quot;201341983&quot;:0,&quot;335551550&quot;:6,&quot;335551620&quot;:6,&quot;335559739&quot;:200,&quot;335559740&quot;:276}\">\u00a0<\/span><\/p>\n<p><span data-contrast=\"auto\">Ser\u00e3o aceitas inscri\u00e7\u00f5es para atletas nascidas nos anos de 2009, 2010 e 2011. Para confirmar presen\u00e7a \u00e9 necess\u00e1rio preencher o formul\u00e1rio dispon\u00edvel neste link: <\/span><a href=\"https:\/\/forms.gle\/Pqmz5XEVSFGLCnpG9\"><span data-contrast=\"none\">https:\/\/forms.gle\/Pqmz5XEVSFGLCnpG9<\/span><\/a><span data-contrast=\"auto\">.\u00a0<\/span><span data-ccp-props=\"{&quot;201341983&quot;:0,&quot;335551550&quot;:6,&quot;335551620&quot;:6,&quot;335559739&quot;:200,&quot;335559740&quot;:276}\">\u00a0<\/span><\/p>\n<p><span data-contrast=\"auto\">Com quase dois anos de exist\u00eancia, a WSA \u00e9 capitaneada por Mariana Balb\u00e3o e \u00e9 a \u00fanica escola de futebol voltada somente para o p\u00fablico feminino. Com foco na metodologia, as meninas s\u00e3o orientadas dentro e fora do campo de jogo. Todas as professoras da WSA possuem cerifica\u00e7\u00e3o na CBF.<\/span><span data-ccp-props=\"{&quot;201341983&quot;:0,&quot;335551550&quot;:6,&quot;335551620&quot;:6,&quot;335559739&quot;:200,&quot;335559740&quot;:276}\">\u00a0<\/span><\/p>\n<p><span data-contrast=\"auto\">Recentemente a WSA conseguiu licenciamento provis\u00f3rio junto a FPF (Federa\u00e7\u00e3o Paulista de Futebol) e num futuro pr\u00f3ximo a escola pretende participar de competi\u00e7\u00f5es oficiais da entidade.\u00a0<\/span><span data-ccp-props=\"{&quot;201341983&quot;:0,&quot;335551550&quot;:6,&quot;335551620&quot;:6,&quot;335559739&quot;:200,&quot;335559740&quot;:276}\">\u00a0<\/span><\/p>\n<p>\u00a0<\/p>\n<\/div>\n<footer class=\"penci-entry-footer\">\n <\/footer>\n<\/div>\n<p><script async src=\"\/\/platform.twitter.com\/widgets.js\" charset=\"utf-8\"><\/script><br \/>\n<br \/><br \/>\n<br \/><a href=\"https:\/\/www.tribunaribeirao.com.br\/site\/wsa-realiza-peneira-para-meninas-neste-domingo\/\">Source link <\/a><\/p>\n<!-- CONTENT END 1 -->\n","protected":false},"excerpt":{"rendered":"<p>23 de mar\u00e7o de 2024 | 12:06 0 A WSA, Women\u00b4s Soccer Academy, primeira escola dedicada somente para mulheres de Ribeir\u00e3o Preto, vai realizar um&#8230;<\/p>\n","protected":false},"author":1,"featured_media":43834,"comment_status":"open","ping_status":"open","sticky":false,"template":"","format":"standard","meta":{"advanced_seo_description":"","jetpack_seo_html_title":"","jetpack_seo_noindex":false,"jetpack_seo_schema_type":"","_jetpack_newsletter_access":"","_jetpack_dont_email_post_to_subs":false,"_jetpack_newsletter_tier_id":0,"_jetpack_memberships_contains_paywalled_content":false,"_jetpack_feature_clip_id":0,"_jetpack_memberships_contains_paid_content":false,"footnotes":"","jetpack_publicize_message":"","jetpack_publicize_feature_enabled":true,"jetpack_social_post_already_shared":true,"jetpack_social_options":{"image_generator_settings":{"template":"highway","default_image_id":0,"font":"","enabled":false},"version":2},"jetpack_post_was_ever_published":false},"categories":[11],"tags":[338,1975,263,71,5182,415,5181],"class_list":["post-43833","post","type-post","status-publish","format-standard","has-post-thumbnail","hentry","category-noticias-de-ribeirao-preto-sp-e-regiao-ismael-colosi","tag-domingo","tag-meninas","tag-neste","tag-para","tag-peneira","tag-realiza","tag-wsa"],"jetpack_publicize_connections":[],"jetpack-related-posts":[{"id":66383,"url":"https:\/\/noticiasribeiraopreto.com.br\/index.php\/2025\/03\/31\/botafogo-anuncia-parceria-para-time-de-futebol-feminino-em-ribeirao-preto\/","url_meta":{"origin":43833,"position":0},"title":"Botafogo anuncia parceria para time de futebol feminino em Ribeir\u00e3o Preto","author":"noticiasribeiraopreto.com.br","date":"31 de March de 2025","format":false,"excerpt":"O Botafogo S.A. anunciou nesta segunda-feira (31) uma parceria com a WSA (Women\u2019s Soccer Academy), para forma\u00e7\u00e3o de um time de futebol feminino. A WSA tem a ex-jogadora e empres\u00e1ria Mariana Balb\u00e3o como propriet\u00e1ria. Com o acordo, Mariana exercer\u00e1 o cargo de coordenadora do time feminino da equipe de Ribeir\u00e3o\u2026","rel":"","context":"In &quot;Not\u00edcias de Ribeir\u00e3o Preto-SP e Regi\u00e3o&quot;","block_context":{"text":"Not\u00edcias de Ribeir\u00e3o Preto-SP e Regi\u00e3o","link":"https:\/\/noticiasribeiraopreto.com.br\/index.php\/category\/noticias-de-ribeirao-preto-sp-e-regiao-ismael-colosi\/"},"img":{"alt_text":"","src":"https:\/\/i0.wp.com\/noticiasribeiraopreto.com.br\/wp-content\/uploads\/2025\/03\/botafogo-futebol-feminino_2025-03-31_19-03-24_jpg_2025-03-31_19-03-24.webp.webp?fit=960%2C539&ssl=1&resize=350%2C200","width":350,"height":200,"srcset":"https:\/\/i0.wp.com\/noticiasribeiraopreto.com.br\/wp-content\/uploads\/2025\/03\/botafogo-futebol-feminino_2025-03-31_19-03-24_jpg_2025-03-31_19-03-24.webp.webp?fit=960%2C539&ssl=1&resize=350%2C200 1x, https:\/\/i0.wp.com\/noticiasribeiraopreto.com.br\/wp-content\/uploads\/2025\/03\/botafogo-futebol-feminino_2025-03-31_19-03-24_jpg_2025-03-31_19-03-24.webp.webp?fit=960%2C539&ssl=1&resize=525%2C300 1.5x, https:\/\/i0.wp.com\/noticiasribeiraopreto.com.br\/wp-content\/uploads\/2025\/03\/botafogo-futebol-feminino_2025-03-31_19-03-24_jpg_2025-03-31_19-03-24.webp.webp?fit=960%2C539&ssl=1&resize=700%2C400 2x"},"classes":[]},{"id":13681,"url":"https:\/\/noticiasribeiraopreto.com.br\/index.php\/2023\/12\/10\/corpo-da-menina-e-encontrado-e-policia-pega-o-suspeito-um-primo-da-vitima\/","url_meta":{"origin":43833,"position":1},"title":"corpo da menina \u00e9 encontrado e pol\u00edcia pega o suspeito, um primo da v\u00edtima","author":"noticiasribeiraopreto.com.br","date":"10 de December de 2023","format":false,"excerpt":"Neste domingo (10\/12), um homem foi detido pelas autoridades sob acusa\u00e7\u00e3o de ter cometido crime contra a menina Kemilly Hadassa Silva. A menina havia sido dada como desaparecida pela fam\u00edlia recentemente, mas seu corpo foi encontrado sem vida ap\u00f3s a pol\u00edcia receber informa\u00e7\u00f5es sobre a localiza\u00e7\u00e3o.O suspeito foi preso em\u2026","rel":"","context":"In &quot;Blog&quot;","block_context":{"text":"Blog","link":"https:\/\/noticiasribeiraopreto.com.br\/index.php\/category\/blog\/"},"img":{"alt_text":"","src":"https:\/\/i0.wp.com\/noticiasribeiraopreto.com.br\/wp-content\/uploads\/2023\/12\/postimg-6576740dd56ce2114.jpg?fit=1200%2C638&ssl=1&resize=350%2C200","width":350,"height":200,"srcset":"https:\/\/i0.wp.com\/noticiasribeiraopreto.com.br\/wp-content\/uploads\/2023\/12\/postimg-6576740dd56ce2114.jpg?fit=1200%2C638&ssl=1&resize=350%2C200 1x, https:\/\/i0.wp.com\/noticiasribeiraopreto.com.br\/wp-content\/uploads\/2023\/12\/postimg-6576740dd56ce2114.jpg?fit=1200%2C638&ssl=1&resize=525%2C300 1.5x, https:\/\/i0.wp.com\/noticiasribeiraopreto.com.br\/wp-content\/uploads\/2023\/12\/postimg-6576740dd56ce2114.jpg?fit=1200%2C638&ssl=1&resize=700%2C400 2x, https:\/\/i0.wp.com\/noticiasribeiraopreto.com.br\/wp-content\/uploads\/2023\/12\/postimg-6576740dd56ce2114.jpg?fit=1200%2C638&ssl=1&resize=1050%2C600 3x"},"classes":[]},{"id":76951,"url":"https:\/\/noticiasribeiraopreto.com.br\/index.php\/2025\/09\/09\/ribeirao-preto-recebe-9a-edicao-de-festival-nacional-de-teatro-sao-mais-de-20-pecas\/","url_meta":{"origin":43833,"position":2},"title":"Ribeir\u00e3o Preto recebe 9\u00aa edi\u00e7\u00e3o de Festival Nacional de Teatro; s\u00e3o mais de 20 pe\u00e7as","author":"noticiasribeiraopreto.com.br","date":"9 de September de 2025","format":false,"excerpt":"Ribeir\u00e3o Preto recebe entre os dias 12 a 21 de setembro a 9\u00aa edi\u00e7\u00e3o de Festival Nacional de Teatro, que traz 23 apresenta\u00e7\u00f5es gratuitas distribu\u00eddas por diversos espa\u00e7os da cidade. A curadoria deste ano \u00e9 assinada por Diego Ferreira (Porto Alegre), Viccy Ferrari (Araraquara) e Maira Cibele Lima (Rio de\u2026","rel":"","context":"In &quot;Not\u00edcias de Ribeir\u00e3o Preto-SP e Regi\u00e3o&quot;","block_context":{"text":"Not\u00edcias de Ribeir\u00e3o Preto-SP e Regi\u00e3o","link":"https:\/\/noticiasribeiraopreto.com.br\/index.php\/category\/noticias-de-ribeirao-preto-sp-e-regiao-ismael-colosi\/"},"img":{"alt_text":"","src":"https:\/\/i0.wp.com\/noticiasribeiraopreto.com.br\/wp-content\/uploads\/2025\/09\/festivalteatro_2_2025-09-09_13-39-54.webp.webp?fit=1200%2C800&ssl=1&resize=350%2C200","width":350,"height":200,"srcset":"https:\/\/i0.wp.com\/noticiasribeiraopreto.com.br\/wp-content\/uploads\/2025\/09\/festivalteatro_2_2025-09-09_13-39-54.webp.webp?fit=1200%2C800&ssl=1&resize=350%2C200 1x, https:\/\/i0.wp.com\/noticiasribeiraopreto.com.br\/wp-content\/uploads\/2025\/09\/festivalteatro_2_2025-09-09_13-39-54.webp.webp?fit=1200%2C800&ssl=1&resize=525%2C300 1.5x, https:\/\/i0.wp.com\/noticiasribeiraopreto.com.br\/wp-content\/uploads\/2025\/09\/festivalteatro_2_2025-09-09_13-39-54.webp.webp?fit=1200%2C800&ssl=1&resize=700%2C400 2x, https:\/\/i0.wp.com\/noticiasribeiraopreto.com.br\/wp-content\/uploads\/2025\/09\/festivalteatro_2_2025-09-09_13-39-54.webp.webp?fit=1200%2C800&ssl=1&resize=1050%2C600 3x"},"classes":[]},{"id":72705,"url":"https:\/\/noticiasribeiraopreto.com.br\/index.php\/2025\/06\/20\/jornal-da-franca-francana-karina-gera-apresenta-contacao-de-historia-do-livro-patricia-na-tv\/","url_meta":{"origin":43833,"position":3},"title":"Jornal da Franca &#8211; Francana Karina Gera apresenta conta\u00e7\u00e3o de hist\u00f3ria do livro &#8220;Patr\u00edcia na TV&#8221;","author":"noticiasribeiraopreto.com.br","date":"20 de June de 2025","format":false,"excerpt":"compartilhar no whatsapp compartilhar no telegram compartilhar no facebook compartilhar no linkedin A conta\u00e7\u00e3o faz parte do projeto autoral de Karina Gera, que une literatura, arte educa\u00e7\u00e3o e temas sociais em suas apresenta\u00e7\u00f5es. Neste dia 22 de junho, \u00e0s 15h, a escritora, ilustradora e arte-educadora Karina Gera realiza uma conta\u00e7\u00e3o\u2026","rel":"","context":"In &quot;Not\u00edcias de Franca-SP&quot;","block_context":{"text":"Not\u00edcias de Franca-SP","link":"https:\/\/noticiasribeiraopreto.com.br\/index.php\/category\/noticias-de-ribeirao-preto-sp-e-regiao-ismael-colosi\/noticias-franca-sp\/"},"img":{"alt_text":"","src":"https:\/\/i0.wp.com\/noticiasribeiraopreto.com.br\/wp-content\/uploads\/2025\/06\/Novo-livro-contacao-de-historia.jpg?fit=1200%2C767&ssl=1&resize=350%2C200","width":350,"height":200,"srcset":"https:\/\/i0.wp.com\/noticiasribeiraopreto.com.br\/wp-content\/uploads\/2025\/06\/Novo-livro-contacao-de-historia.jpg?fit=1200%2C767&ssl=1&resize=350%2C200 1x, https:\/\/i0.wp.com\/noticiasribeiraopreto.com.br\/wp-content\/uploads\/2025\/06\/Novo-livro-contacao-de-historia.jpg?fit=1200%2C767&ssl=1&resize=525%2C300 1.5x, https:\/\/i0.wp.com\/noticiasribeiraopreto.com.br\/wp-content\/uploads\/2025\/06\/Novo-livro-contacao-de-historia.jpg?fit=1200%2C767&ssl=1&resize=700%2C400 2x, https:\/\/i0.wp.com\/noticiasribeiraopreto.com.br\/wp-content\/uploads\/2025\/06\/Novo-livro-contacao-de-historia.jpg?fit=1200%2C767&ssl=1&resize=1050%2C600 3x"},"classes":[]},{"id":62593,"url":"https:\/\/noticiasribeiraopreto.com.br\/index.php\/2025\/01\/18\/menina-sobrevivente-de-acidente-de-helicoptero-deve-ter-alta-neste-sabado\/","url_meta":{"origin":43833,"position":4},"title":"Menina sobrevivente de acidente de helic\u00f3ptero deve ter alta neste s\u00e1bado","author":"noticiasribeiraopreto.com.br","date":"18 de January de 2025","format":false,"excerpt":"Sobrevivente da queda de um helic\u00f3ptero, Bethina Feldman, de 12 anos, tem confirma\u00e7\u00e3o da alta aguardada para este s\u00e1bado (18). O piloto da aeronave, Edenilson de Oliveira Costa, segue em avalia\u00e7\u00e3o m\u00e9dica, ainda sem previs\u00e3o de alta. Segundo comunicado emitido pela empresa dos pais da menina, a Brazil International Gaming,\u2026","rel":"","context":"In &quot;Not\u00edcias de Ribeir\u00e3o Preto-SP e Regi\u00e3o&quot;","block_context":{"text":"Not\u00edcias de Ribeir\u00e3o Preto-SP e Regi\u00e3o","link":"https:\/\/noticiasribeiraopreto.com.br\/index.php\/category\/noticias-de-ribeirao-preto-sp-e-regiao-ismael-colosi\/"},"img":{"alt_text":"","src":"https:\/\/i0.wp.com\/noticiasribeiraopreto.com.br\/wp-content\/uploads\/2025\/01\/acidente-helicoptero_2025-01-18_17-35-44_jpeg_2025-01-18_17-35-44.webp.webp?fit=1200%2C674&ssl=1&resize=350%2C200","width":350,"height":200,"srcset":"https:\/\/i0.wp.com\/noticiasribeiraopreto.com.br\/wp-content\/uploads\/2025\/01\/acidente-helicoptero_2025-01-18_17-35-44_jpeg_2025-01-18_17-35-44.webp.webp?fit=1200%2C674&ssl=1&resize=350%2C200 1x, https:\/\/i0.wp.com\/noticiasribeiraopreto.com.br\/wp-content\/uploads\/2025\/01\/acidente-helicoptero_2025-01-18_17-35-44_jpeg_2025-01-18_17-35-44.webp.webp?fit=1200%2C674&ssl=1&resize=525%2C300 1.5x, https:\/\/i0.wp.com\/noticiasribeiraopreto.com.br\/wp-content\/uploads\/2025\/01\/acidente-helicoptero_2025-01-18_17-35-44_jpeg_2025-01-18_17-35-44.webp.webp?fit=1200%2C674&ssl=1&resize=700%2C400 2x, https:\/\/i0.wp.com\/noticiasribeiraopreto.com.br\/wp-content\/uploads\/2025\/01\/acidente-helicoptero_2025-01-18_17-35-44_jpeg_2025-01-18_17-35-44.webp.webp?fit=1200%2C674&ssl=1&resize=1050%2C600 3x"},"classes":[]},{"id":68601,"url":"https:\/\/noticiasribeiraopreto.com.br\/index.php\/2025\/04\/26\/jornal-da-franca-mais-uma-edicao-do-cafe-com-arte-acontece-neste-domingo-27-no-jardim-redentor\/","url_meta":{"origin":43833,"position":5},"title":"Jornal da Franca &#8211; Mais uma edi\u00e7\u00e3o do Caf\u00e9 com Arte acontece neste domingo, 27, no Jardim Redentor","author":"noticiasribeiraopreto.com.br","date":"26 de April de 2025","format":false,"excerpt":"compartilhar no whatsapp compartilhar no telegram compartilhar no facebook compartilhar no linkedin Evento acontece sempre no \u00faltimo domingo de cada m\u00eas, no Centro de Integra\u00e7\u00e3o da Terceira idade e \u00e9 voltado para pessoas acima de 40 anos Evento acontece sempre no \u00faltimo domingo de cada m\u00eas e \u00e9 voltado para\u2026","rel":"","context":"In &quot;Not\u00edcias de Franca-SP&quot;","block_context":{"text":"Not\u00edcias de Franca-SP","link":"https:\/\/noticiasribeiraopreto.com.br\/index.php\/category\/noticias-de-ribeirao-preto-sp-e-regiao-ismael-colosi\/noticias-franca-sp\/"},"img":{"alt_text":"","src":"https:\/\/i0.wp.com\/noticiasribeiraopreto.com.br\/wp-content\/uploads\/2025\/04\/Cafe-com-Arte.jpeg?fit=1200%2C554&ssl=1&resize=350%2C200","width":350,"height":200,"srcset":"https:\/\/i0.wp.com\/noticiasribeiraopreto.com.br\/wp-content\/uploads\/2025\/04\/Cafe-com-Arte.jpeg?fit=1200%2C554&ssl=1&resize=350%2C200 1x, https:\/\/i0.wp.com\/noticiasribeiraopreto.com.br\/wp-content\/uploads\/2025\/04\/Cafe-com-Arte.jpeg?fit=1200%2C554&ssl=1&resize=525%2C300 1.5x, https:\/\/i0.wp.com\/noticiasribeiraopreto.com.br\/wp-content\/uploads\/2025\/04\/Cafe-com-Arte.jpeg?fit=1200%2C554&ssl=1&resize=700%2C400 2x, https:\/\/i0.wp.com\/noticiasribeiraopreto.com.br\/wp-content\/uploads\/2025\/04\/Cafe-com-Arte.jpeg?fit=1200%2C554&ssl=1&resize=1050%2C600 3x"},"classes":[]}],"jetpack_sharing_enabled":true,"jetpack_shortlink":"https:\/\/wp.me\/peQAOb-boZ","jetpack_featured_media_url":"https:\/\/i0.wp.com\/noticiasribeiraopreto.com.br\/wp-content\/uploads\/2024\/03\/Peneira-WSA.jpeg?fit=681%2C851&ssl=1","_links":{"self":[{"href":"https:\/\/noticiasribeiraopreto.com.br\/index.php\/wp-json\/wp\/v2\/posts\/43833","targetHints":{"allow":["GET"]}}],"collection":[{"href":"https:\/\/noticiasribeiraopreto.com.br\/index.php\/wp-json\/wp\/v2\/posts"}],"about":[{"href":"https:\/\/noticiasribeiraopreto.com.br\/index.php\/wp-json\/wp\/v2\/types\/post"}],"author":[{"embeddable":true,"href":"https:\/\/noticiasribeiraopreto.com.br\/index.php\/wp-json\/wp\/v2\/users\/1"}],"replies":[{"embeddable":true,"href":"https:\/\/noticiasribeiraopreto.com.br\/index.php\/wp-json\/wp\/v2\/comments?post=43833"}],"version-history":[{"count":0,"href":"https:\/\/noticiasribeiraopreto.com.br\/index.php\/wp-json\/wp\/v2\/posts\/43833\/revisions"}],"wp:featuredmedia":[{"embeddable":true,"href":"https:\/\/noticiasribeiraopreto.com.br\/index.php\/wp-json\/wp\/v2\/media\/43834"}],"wp:attachment":[{"href":"https:\/\/noticiasribeiraopreto.com.br\/index.php\/wp-json\/wp\/v2\/media?parent=43833"}],"wp:term":[{"taxonomy":"category","embeddable":true,"href":"https:\/\/noticiasribeiraopreto.com.br\/index.php\/wp-json\/wp\/v2\/categories?post=43833"},{"taxonomy":"post_tag","embeddable":true,"href":"https:\/\/noticiasribeiraopreto.com.br\/index.php\/wp-json\/wp\/v2\/tags?post=43833"}],"curies":[{"name":"wp","href":"https:\/\/api.w.org\/{rel}","templated":true}]}}