{"id":43837,"date":"2024-03-23T12:57:55","date_gmt":"2024-03-23T15:57:55","guid":{"rendered":"https:\/\/noticiasribeiraopreto.com.br\/index.php\/2024\/03\/23\/moradora-reclama-de-vazamento-em-lagoa-de-parque-de-ribeirao-preto\/"},"modified":"2024-03-23T12:57:55","modified_gmt":"2024-03-23T15:57:55","slug":"moradora-reclama-de-vazamento-em-lagoa-de-parque-de-ribeirao-preto","status":"publish","type":"post","link":"https:\/\/noticiasribeiraopreto.com.br\/index.php\/2024\/03\/23\/moradora-reclama-de-vazamento-em-lagoa-de-parque-de-ribeirao-preto\/","title":{"rendered":"Moradora reclama de vazamento em lagoa de parque de Ribeir\u00e3o Preto"},"content":{"rendered":"<div class='code-block code-block-1' style='margin: 8px 0 8px auto; text-align: right; display: block; clear: both;'>\n<p><a href=\"https:\/\/wa.link\/vpicfd\"><img data-recalc-dims=\"1\" class=\"wp-image-4922\" style=\"aspect-ratio: 2.0253164556962027; width: 561px; height: auto;\" src=\"https:\/\/i0.wp.com\/ismaelcolosi.com.br\/wp-content\/uploads\/2023\/11\/grupo-de-empregos-whatsapp-e-facebook-ismael-colosi-vagas.jpg?ssl=1\" alt=\"\" \/><\/a><\/p>\n<!-- \/wp:image -->\n<\/div>\n<p> <br \/>\n<\/p>\n<p>Uma moradora flagrou um<strong> vazamento de esgoto<\/strong> no <strong>Parque Tom Jobim<\/strong>, na zona Norte de <strong>Ribeir\u00e3o Preto<\/strong>, na manh\u00e3 deste s\u00e1bado (23).<\/p>\n<p>De acordo com Amanda Gon\u00e7alves, o <strong>vazamento de esgoto<\/strong> est\u00e1 <strong>causando<\/strong> <strong>mau cheiro<\/strong> e dando uma colora\u00e7\u00e3o diferente para a<strong> \u00e1gua<\/strong> do local.<\/p>\n<p>Segundo a <strong><a href=\"https:\/\/www.ribeiraopreto.sp.gov.br\/portal\/\" target=\"_blank\" rel=\"noreferrer noopener\">Prefeitura Municipal de Ribeir\u00e3o Preto<\/a><\/strong>, uma equipe foi acionada e ir\u00e1 at\u00e9 o local para verificar o ocorrido e apurar as causas do vazamento.<\/p>\n<p>SAIBA MAIS<br \/>Conhe\u00e7a os artistas do Palco Fortalecendo a Cena no Jo\u00e3o Rock<\/p>\n<h4 class=\"wp-block-heading\"><strong>FIQUE ON<\/strong><\/h4>\n<p>Fique ligado em tudo que acontece em Ribeir\u00e3o Preto e regi\u00e3o. Siga os perfis do <strong>acidade on <\/strong>no <a href=\"https:\/\/www.instagram.com\/acidadeonribeirao\" target=\"_blank\" rel=\"noreferrer noopener\">Instagram<\/a> e no <a href=\"https:\/\/www.facebook.com\/acidadeonribeirao\" target=\"_blank\" rel=\"noreferrer noopener\">Facebook<\/a>.<\/p>\n<p>Receba not\u00edcias do acidade on no WhatsApp. Para entrar no grupo, basta <a href=\"https:\/\/chat.whatsapp.com\/GFH9HUMUTHNFJdnyEd0xxq\" target=\"_blank\" rel=\"noreferrer noopener\">clicar aqui<\/a>.<\/p>\n<p>Fa\u00e7a uma den\u00fancia ou sugira uma reportagem sobre Ribeir\u00e3o Preto e regi\u00e3o pelo WhatsApp: 16 99117 7802.<\/p>\n<p>VEJA TAMB\u00c9M<br \/>Bin Laden e Giovanna se beijam a pedido de Ivete Sangalo<\/p>\n<p>O post Moradora reclama de vazamento em lagoa de parque de Ribeir\u00e3o Preto apareceu primeiro em ACidade ON Ribeir\u00e3o Preto.<\/p>\n<p><script async src=\"\/\/www.instagram.com\/embed.js\"><\/script><br \/>\n<br \/><br \/>\n<br \/><a href=\"https:\/\/www.acidadeon.com\/ribeiraopreto\/cotidiano\/moradora-reclama-de-vazamento-em-lagoa-de-parque-de-ribeirao-preto\/\">Source link <\/a><\/p>\n<!-- CONTENT END 1 -->\n","protected":false},"excerpt":{"rendered":"<p>Uma moradora flagrou um vazamento de esgoto no Parque Tom Jobim, na zona Norte de Ribeir\u00e3o Preto, na manh\u00e3 deste s\u00e1bado (23). De acordo com&#8230;<\/p>\n","protected":false},"author":1,"featured_media":43838,"comment_status":"open","ping_status":"open","sticky":false,"template":"","format":"standard","meta":{"advanced_seo_description":"","jetpack_seo_html_title":"","jetpack_seo_noindex":false,"jetpack_seo_schema_type":"","_jetpack_newsletter_access":"","_jetpack_dont_email_post_to_subs":false,"_jetpack_newsletter_tier_id":0,"_jetpack_memberships_contains_paywalled_content":false,"_jetpack_feature_clip_id":0,"_jetpack_memberships_contains_paid_content":false,"footnotes":"","jetpack_publicize_message":"","jetpack_publicize_feature_enabled":true,"jetpack_social_post_already_shared":true,"jetpack_social_options":{"image_generator_settings":{"template":"highway","default_image_id":0,"font":"","enabled":false},"version":2},"jetpack_post_was_ever_published":false},"categories":[11],"tags":[],"class_list":["post-43837","post","type-post","status-publish","format-standard","has-post-thumbnail","hentry","category-noticias-de-ribeirao-preto-sp-e-regiao-ismael-colosi"],"jetpack_publicize_connections":[],"jetpack-related-posts":[{"id":65446,"url":"https:\/\/noticiasribeiraopreto.com.br\/index.php\/2025\/03\/20\/vazamento-de-agua-limpa-forma-enxurrada-em-rua-na-zona-sul-de-ribeirao-preto-video\/","url_meta":{"origin":43837,"position":0},"title":"Vazamento de \u00e1gua limpa forma enxurrada em rua na zona Sul de Ribeir\u00e3o Preto; V\u00eddeo","author":"noticiasribeiraopreto.com.br","date":"20 de March de 2025","format":false,"excerpt":"Uma moradora registrou um grande vazamento de \u00e1gua limpa na manh\u00e3 desta quinta-feira (20), na equina das ruas\u00a0Sir\u00f3\u00a0K\u00e1ku\u00a0e Newton\u00a0Stilac\u00a0Leal, no Jardim Bot\u00e2nico, zona Sul de Ribeir\u00e3o Preto.Rosilene Almeida disse que o vazamento\u00a0come\u00e7ou h\u00e1\u00a0dois dias e aumentou at\u00e9 formar uma enxurrada pela rua\u00a0Sir\u00f3\u00a0K\u00e1ku. Outro lado A\u00a0Saerp\u00a0(Secretaria de \u00c1gua e Esgoto de\u2026","rel":"","context":"In &quot;Not\u00edcias de Ribeir\u00e3o Preto-SP e Regi\u00e3o&quot;","block_context":{"text":"Not\u00edcias de Ribeir\u00e3o Preto-SP e Regi\u00e3o","link":"https:\/\/noticiasribeiraopreto.com.br\/index.php\/category\/noticias-de-ribeirao-preto-sp-e-regiao-ismael-colosi\/"},"img":{"alt_text":"","src":"https:\/\/i0.wp.com\/noticiasribeiraopreto.com.br\/wp-content\/uploads\/2025\/03\/WhatsApp-Image-2025-03-20-at-09.23.27_2025-03-20_12-23-48_jpeg_2025-03-20_12-23-48.webp.webp?fit=1200%2C675&ssl=1&resize=350%2C200","width":350,"height":200,"srcset":"https:\/\/i0.wp.com\/noticiasribeiraopreto.com.br\/wp-content\/uploads\/2025\/03\/WhatsApp-Image-2025-03-20-at-09.23.27_2025-03-20_12-23-48_jpeg_2025-03-20_12-23-48.webp.webp?fit=1200%2C675&ssl=1&resize=350%2C200 1x, https:\/\/i0.wp.com\/noticiasribeiraopreto.com.br\/wp-content\/uploads\/2025\/03\/WhatsApp-Image-2025-03-20-at-09.23.27_2025-03-20_12-23-48_jpeg_2025-03-20_12-23-48.webp.webp?fit=1200%2C675&ssl=1&resize=525%2C300 1.5x, https:\/\/i0.wp.com\/noticiasribeiraopreto.com.br\/wp-content\/uploads\/2025\/03\/WhatsApp-Image-2025-03-20-at-09.23.27_2025-03-20_12-23-48_jpeg_2025-03-20_12-23-48.webp.webp?fit=1200%2C675&ssl=1&resize=700%2C400 2x, https:\/\/i0.wp.com\/noticiasribeiraopreto.com.br\/wp-content\/uploads\/2025\/03\/WhatsApp-Image-2025-03-20-at-09.23.27_2025-03-20_12-23-48_jpeg_2025-03-20_12-23-48.webp.webp?fit=1200%2C675&ssl=1&resize=1050%2C600 3x"},"classes":[]},{"id":78687,"url":"https:\/\/noticiasribeiraopreto.com.br\/index.php\/2025\/10\/16\/vazamento-de-esgoto-causa-transtornos-na-zona-sul-de-ribeirao-preto-video\/","url_meta":{"origin":43837,"position":1},"title":"Vazamento de esgoto causa transtornos na zona Sul de Ribeir\u00e3o Preto; V\u00eddeo","author":"noticiasribeiraopreto.com.br","date":"16 de October de 2025","format":false,"excerpt":"Um vazamento de esgoto causa transtornos aos moradores do Jardim Nova Alian\u00e7a, na zona Sul de Ribeir\u00e3o Preto. O problema ocorre na rua Marcos Markarian, perto da rotat\u00f3ria com a avenida Braz Olaia Acosta. \u201cO odor \u00e9 fort\u00edssimo e os pedestres n\u00e3o conseguem passar, porque os carros jogam a \u00e1gua\u2026","rel":"","context":"In &quot;Not\u00edcias de Ribeir\u00e3o Preto-SP e Regi\u00e3o&quot;","block_context":{"text":"Not\u00edcias de Ribeir\u00e3o Preto-SP e Regi\u00e3o","link":"https:\/\/noticiasribeiraopreto.com.br\/index.php\/category\/noticias-de-ribeirao-preto-sp-e-regiao-ismael-colosi\/"},"img":{"alt_text":"","src":"https:\/\/i0.wp.com\/noticiasribeiraopreto.com.br\/wp-content\/uploads\/2025\/10\/WhatsApp-Image-2025-10-16-at-11.34.27_2025-10-16_14-39-14.webp.webp?fit=1200%2C675&ssl=1&resize=350%2C200","width":350,"height":200,"srcset":"https:\/\/i0.wp.com\/noticiasribeiraopreto.com.br\/wp-content\/uploads\/2025\/10\/WhatsApp-Image-2025-10-16-at-11.34.27_2025-10-16_14-39-14.webp.webp?fit=1200%2C675&ssl=1&resize=350%2C200 1x, https:\/\/i0.wp.com\/noticiasribeiraopreto.com.br\/wp-content\/uploads\/2025\/10\/WhatsApp-Image-2025-10-16-at-11.34.27_2025-10-16_14-39-14.webp.webp?fit=1200%2C675&ssl=1&resize=525%2C300 1.5x, https:\/\/i0.wp.com\/noticiasribeiraopreto.com.br\/wp-content\/uploads\/2025\/10\/WhatsApp-Image-2025-10-16-at-11.34.27_2025-10-16_14-39-14.webp.webp?fit=1200%2C675&ssl=1&resize=700%2C400 2x, https:\/\/i0.wp.com\/noticiasribeiraopreto.com.br\/wp-content\/uploads\/2025\/10\/WhatsApp-Image-2025-10-16-at-11.34.27_2025-10-16_14-39-14.webp.webp?fit=1200%2C675&ssl=1&resize=1050%2C600 3x"},"classes":[]},{"id":68591,"url":"https:\/\/noticiasribeiraopreto.com.br\/index.php\/2025\/04\/26\/morador-reclama-de-vazamento-de-esgoto-no-centro-de-ribeirao-preto\/","url_meta":{"origin":43837,"position":2},"title":"Morador reclama de vazamento de esgoto no Centro de Ribeir\u00e3o Preto","author":"noticiasribeiraopreto.com.br","date":"26 de April de 2025","format":false,"excerpt":"Um morador do Centro de Ribeir\u00e3o Preto reclama de um vazamento de esgoto no cruzamento das ruas S\u00e3o Sebasti\u00e3o com a Floriano Peixoto. Segundo Rafael Colombini, o problema acontece h\u00e1, pelo menos, tr\u00eas anos. Ao acidade on Ribeir\u00e3o, Rafael disse que o problema acontece todas as vezes quando chove, como\u2026","rel":"","context":"In &quot;Not\u00edcias de Ribeir\u00e3o Preto-SP e Regi\u00e3o&quot;","block_context":{"text":"Not\u00edcias de Ribeir\u00e3o Preto-SP e Regi\u00e3o","link":"https:\/\/noticiasribeiraopreto.com.br\/index.php\/category\/noticias-de-ribeirao-preto-sp-e-regiao-ismael-colosi\/"},"img":{"alt_text":"","src":"https:\/\/i0.wp.com\/noticiasribeiraopreto.com.br\/wp-content\/uploads\/2025\/04\/VAZAMENTO-CENTRO_2025-04-26_19-06-13.webp.webp?fit=1200%2C844&ssl=1&resize=350%2C200","width":350,"height":200,"srcset":"https:\/\/i0.wp.com\/noticiasribeiraopreto.com.br\/wp-content\/uploads\/2025\/04\/VAZAMENTO-CENTRO_2025-04-26_19-06-13.webp.webp?fit=1200%2C844&ssl=1&resize=350%2C200 1x, https:\/\/i0.wp.com\/noticiasribeiraopreto.com.br\/wp-content\/uploads\/2025\/04\/VAZAMENTO-CENTRO_2025-04-26_19-06-13.webp.webp?fit=1200%2C844&ssl=1&resize=525%2C300 1.5x, https:\/\/i0.wp.com\/noticiasribeiraopreto.com.br\/wp-content\/uploads\/2025\/04\/VAZAMENTO-CENTRO_2025-04-26_19-06-13.webp.webp?fit=1200%2C844&ssl=1&resize=700%2C400 2x, https:\/\/i0.wp.com\/noticiasribeiraopreto.com.br\/wp-content\/uploads\/2025\/04\/VAZAMENTO-CENTRO_2025-04-26_19-06-13.webp.webp?fit=1200%2C844&ssl=1&resize=1050%2C600 3x"},"classes":[]},{"id":81934,"url":"https:\/\/noticiasribeiraopreto.com.br\/index.php\/2026\/01\/30\/video-vazamento-de-esgoto-forma-corrego-em-avenida-da-zona-oeste\/","url_meta":{"origin":43837,"position":3},"title":"V\u00cdDEO &#8211; Vazamento de esgoto forma c\u00f3rrego em avenida da zona Oeste","author":"noticiasribeiraopreto.com.br","date":"30 de January de 2026","format":false,"excerpt":"\r \r \r Motoristas e pedestres reclamam do mal cheiro e do transtorno causado pelo vazamento\r \r 30 de janeiro de 2026 10:0830 de janeiro de 2026 10:08 \r Compartilhar2 \r Por: Alfredo Risk e Adalberto Luque Um grande vazamento de esgoto est\u00e1 causando transtornos a quem trabalha ou passa\u2026","rel":"","context":"In &quot;Not\u00edcias de Ribeir\u00e3o Preto-SP e Regi\u00e3o&quot;","block_context":{"text":"Not\u00edcias de Ribeir\u00e3o Preto-SP e Regi\u00e3o","link":"https:\/\/noticiasribeiraopreto.com.br\/index.php\/category\/noticias-de-ribeirao-preto-sp-e-regiao-ismael-colosi\/"},"img":{"alt_text":"","src":"https:\/\/i0.wp.com\/noticiasribeiraopreto.com.br\/wp-content\/uploads\/2026\/01\/30-jan-2026-esgotovazando0-scaled.jpg?fit=1200%2C675&ssl=1&resize=350%2C200","width":350,"height":200,"srcset":"https:\/\/i0.wp.com\/noticiasribeiraopreto.com.br\/wp-content\/uploads\/2026\/01\/30-jan-2026-esgotovazando0-scaled.jpg?fit=1200%2C675&ssl=1&resize=350%2C200 1x, https:\/\/i0.wp.com\/noticiasribeiraopreto.com.br\/wp-content\/uploads\/2026\/01\/30-jan-2026-esgotovazando0-scaled.jpg?fit=1200%2C675&ssl=1&resize=525%2C300 1.5x, https:\/\/i0.wp.com\/noticiasribeiraopreto.com.br\/wp-content\/uploads\/2026\/01\/30-jan-2026-esgotovazando0-scaled.jpg?fit=1200%2C675&ssl=1&resize=700%2C400 2x, https:\/\/i0.wp.com\/noticiasribeiraopreto.com.br\/wp-content\/uploads\/2026\/01\/30-jan-2026-esgotovazando0-scaled.jpg?fit=1200%2C675&ssl=1&resize=1050%2C600 3x"},"classes":[]},{"id":50603,"url":"https:\/\/noticiasribeiraopreto.com.br\/index.php\/2024\/05\/17\/obra-no-centro-de-ribeirao-preto-enfrenta-vazamento-de-agua\/","url_meta":{"origin":43837,"position":4},"title":"Obra no Centro de Ribeir\u00e3o Preto enfrenta vazamento de \u00e1gua","author":"noticiasribeiraopreto.com.br","date":"17 de May de 2024","format":false,"excerpt":"Um morador flagrou um vazamento de \u00e1gua na obra de constru\u00e7\u00e3o do corredor de \u00f4nibus na rua Lafaiete, no Centro de Ribeir\u00e3o Preto. O problema acontece, pelo menos, desde a \u00faltima quarta-feira (15). De acordo com a Saerp (Secretaria de \u00c1gua e Esgoto de Ribeir\u00e3o Preto), equipes foram enviadas at\u00e9\u2026","rel":"","context":"In &quot;Not\u00edcias de Ribeir\u00e3o Preto-SP e Regi\u00e3o&quot;","block_context":{"text":"Not\u00edcias de Ribeir\u00e3o Preto-SP e Regi\u00e3o","link":"https:\/\/noticiasribeiraopreto.com.br\/index.php\/category\/noticias-de-ribeirao-preto-sp-e-regiao-ismael-colosi\/"},"img":{"alt_text":"","src":"https:\/\/i0.wp.com\/noticiasribeiraopreto.com.br\/wp-content\/uploads\/2024\/05\/Copia-de-Copia-de-TAMANHO-EXATO-PARA-FOTOS-NO-SISTEMA-NOVO-4_2024-05-17_14-48-09_jpg_2024-05-17_14-48-09.webp.webp?fit=1200%2C675&ssl=1&resize=350%2C200","width":350,"height":200,"srcset":"https:\/\/i0.wp.com\/noticiasribeiraopreto.com.br\/wp-content\/uploads\/2024\/05\/Copia-de-Copia-de-TAMANHO-EXATO-PARA-FOTOS-NO-SISTEMA-NOVO-4_2024-05-17_14-48-09_jpg_2024-05-17_14-48-09.webp.webp?fit=1200%2C675&ssl=1&resize=350%2C200 1x, https:\/\/i0.wp.com\/noticiasribeiraopreto.com.br\/wp-content\/uploads\/2024\/05\/Copia-de-Copia-de-TAMANHO-EXATO-PARA-FOTOS-NO-SISTEMA-NOVO-4_2024-05-17_14-48-09_jpg_2024-05-17_14-48-09.webp.webp?fit=1200%2C675&ssl=1&resize=525%2C300 1.5x, https:\/\/i0.wp.com\/noticiasribeiraopreto.com.br\/wp-content\/uploads\/2024\/05\/Copia-de-Copia-de-TAMANHO-EXATO-PARA-FOTOS-NO-SISTEMA-NOVO-4_2024-05-17_14-48-09_jpg_2024-05-17_14-48-09.webp.webp?fit=1200%2C675&ssl=1&resize=700%2C400 2x, https:\/\/i0.wp.com\/noticiasribeiraopreto.com.br\/wp-content\/uploads\/2024\/05\/Copia-de-Copia-de-TAMANHO-EXATO-PARA-FOTOS-NO-SISTEMA-NOVO-4_2024-05-17_14-48-09_jpg_2024-05-17_14-48-09.webp.webp?fit=1200%2C675&ssl=1&resize=1050%2C600 3x"},"classes":[]},{"id":53074,"url":"https:\/\/noticiasribeiraopreto.com.br\/index.php\/2024\/06\/15\/obra-tem-vazamento-de-agua-limpa-no-centro-de-ribeirao-preto-veja-video\/","url_meta":{"origin":43837,"position":5},"title":"Obra tem vazamento de \u00e1gua limpa no Centro de Ribeir\u00e3o Preto; Veja v\u00eddeo","author":"noticiasribeiraopreto.com.br","date":"15 de June de 2024","format":false,"excerpt":"Um vazamento de \u00e1gua da rede da Saerp (Secretaria de \u00c1gua e Esgoto de Ribeir\u00e3o Preto) foi registrado na manh\u00e3 deste s\u00e1bado (15), em uma obra do corredor de \u00f4nibus no cruzamento das\u00a0ruas Flor\u00eancio de Abreu e Sete de Setembro, no\u00a0Centro da cidade. Assista ao v\u00eddeo abaixo. Moradores relataram que\u2026","rel":"","context":"In &quot;Not\u00edcias de Ribeir\u00e3o Preto-SP e Regi\u00e3o&quot;","block_context":{"text":"Not\u00edcias de Ribeir\u00e3o Preto-SP e Regi\u00e3o","link":"https:\/\/noticiasribeiraopreto.com.br\/index.php\/category\/noticias-de-ribeirao-preto-sp-e-regiao-ismael-colosi\/"},"img":{"alt_text":"","src":"https:\/\/i0.wp.com\/noticiasribeiraopreto.com.br\/wp-content\/uploads\/2024\/06\/WhatsApp-Image-2024-06-15-at-08.56.27_2024-06-15_14-53-00_jpeg_2024-06-15_14-53-00.webp.webp?fit=1200%2C675&ssl=1&resize=350%2C200","width":350,"height":200,"srcset":"https:\/\/i0.wp.com\/noticiasribeiraopreto.com.br\/wp-content\/uploads\/2024\/06\/WhatsApp-Image-2024-06-15-at-08.56.27_2024-06-15_14-53-00_jpeg_2024-06-15_14-53-00.webp.webp?fit=1200%2C675&ssl=1&resize=350%2C200 1x, https:\/\/i0.wp.com\/noticiasribeiraopreto.com.br\/wp-content\/uploads\/2024\/06\/WhatsApp-Image-2024-06-15-at-08.56.27_2024-06-15_14-53-00_jpeg_2024-06-15_14-53-00.webp.webp?fit=1200%2C675&ssl=1&resize=525%2C300 1.5x, https:\/\/i0.wp.com\/noticiasribeiraopreto.com.br\/wp-content\/uploads\/2024\/06\/WhatsApp-Image-2024-06-15-at-08.56.27_2024-06-15_14-53-00_jpeg_2024-06-15_14-53-00.webp.webp?fit=1200%2C675&ssl=1&resize=700%2C400 2x, https:\/\/i0.wp.com\/noticiasribeiraopreto.com.br\/wp-content\/uploads\/2024\/06\/WhatsApp-Image-2024-06-15-at-08.56.27_2024-06-15_14-53-00_jpeg_2024-06-15_14-53-00.webp.webp?fit=1200%2C675&ssl=1&resize=1050%2C600 3x"},"classes":[]}],"jetpack_sharing_enabled":true,"jetpack_shortlink":"https:\/\/wp.me\/peQAOb-bp3","jetpack_featured_media_url":"https:\/\/i0.wp.com\/noticiasribeiraopreto.com.br\/wp-content\/uploads\/2024\/03\/Copia-de-Copia-de-TAMANHO-EXATO-PARA-FOTOS-NO-SISTEMA-NOVO-4-2.jpg?fit=1200%2C675&ssl=1","_links":{"self":[{"href":"https:\/\/noticiasribeiraopreto.com.br\/index.php\/wp-json\/wp\/v2\/posts\/43837","targetHints":{"allow":["GET"]}}],"collection":[{"href":"https:\/\/noticiasribeiraopreto.com.br\/index.php\/wp-json\/wp\/v2\/posts"}],"about":[{"href":"https:\/\/noticiasribeiraopreto.com.br\/index.php\/wp-json\/wp\/v2\/types\/post"}],"author":[{"embeddable":true,"href":"https:\/\/noticiasribeiraopreto.com.br\/index.php\/wp-json\/wp\/v2\/users\/1"}],"replies":[{"embeddable":true,"href":"https:\/\/noticiasribeiraopreto.com.br\/index.php\/wp-json\/wp\/v2\/comments?post=43837"}],"version-history":[{"count":0,"href":"https:\/\/noticiasribeiraopreto.com.br\/index.php\/wp-json\/wp\/v2\/posts\/43837\/revisions"}],"wp:featuredmedia":[{"embeddable":true,"href":"https:\/\/noticiasribeiraopreto.com.br\/index.php\/wp-json\/wp\/v2\/media\/43838"}],"wp:attachment":[{"href":"https:\/\/noticiasribeiraopreto.com.br\/index.php\/wp-json\/wp\/v2\/media?parent=43837"}],"wp:term":[{"taxonomy":"category","embeddable":true,"href":"https:\/\/noticiasribeiraopreto.com.br\/index.php\/wp-json\/wp\/v2\/categories?post=43837"},{"taxonomy":"post_tag","embeddable":true,"href":"https:\/\/noticiasribeiraopreto.com.br\/index.php\/wp-json\/wp\/v2\/tags?post=43837"}],"curies":[{"name":"wp","href":"https:\/\/api.w.org\/{rel}","templated":true}]}}