{"id":43853,"date":"2024-03-23T14:46:20","date_gmt":"2024-03-23T17:46:20","guid":{"rendered":"https:\/\/noticiasribeiraopreto.com.br\/index.php\/2024\/03\/23\/voce-sabia-que-ribeirao-preto-ja-foi-cenario-de-filme-de-faroeste\/"},"modified":"2024-03-23T14:46:20","modified_gmt":"2024-03-23T17:46:20","slug":"voce-sabia-que-ribeirao-preto-ja-foi-cenario-de-filme-de-faroeste","status":"publish","type":"post","link":"https:\/\/noticiasribeiraopreto.com.br\/index.php\/2024\/03\/23\/voce-sabia-que-ribeirao-preto-ja-foi-cenario-de-filme-de-faroeste\/","title":{"rendered":"Voc\u00ea sabia que Ribeir\u00e3o Preto j\u00e1 foi cen\u00e1rio de filme de faroeste?"},"content":{"rendered":"<div class='code-block code-block-1' style='margin: 8px 0 8px auto; text-align: right; display: block; clear: both;'>\n<p><a href=\"https:\/\/wa.link\/vpicfd\"><img data-recalc-dims=\"1\" class=\"wp-image-4922\" style=\"aspect-ratio: 2.0253164556962027; width: 561px; height: auto;\" src=\"https:\/\/i0.wp.com\/ismaelcolosi.com.br\/wp-content\/uploads\/2023\/11\/grupo-de-empregos-whatsapp-e-facebook-ismael-colosi-vagas.jpg?ssl=1\" alt=\"\" \/><\/a><\/p>\n<!-- \/wp:image -->\n<\/div>\n<p> <br \/>\n<\/p>\n<div data-td-block-uid=\"tdi_101\">\n<div class=\"tdb-block-inner td-fix-index\">\n<p><strong>Ribeir\u00e3o Preto <\/strong>j\u00e1 serviu de cen\u00e1rio para um<strong> filme de faroeste<\/strong> que contou com a participa\u00e7\u00e3o de integrantes de uma banda de rock que fez sucesso no<strong> Brasil <\/strong>entre os anos 1960 e 1970.<mark style=\"background-color:#fcb900\" class=\"has-inline-color has-black-color\"> \u201cConflito em San Diego\u201d, foi dirigido por Maur\u00edcio Miguel em 1972, mas lan\u00e7ado apenas em 1981.<\/mark><\/p>\n<p>O filme foi rodado nas imedia\u00e7\u00f5es do campus da Unaerp, na regi\u00e3o da Ribeir\u00e2nia, na zona Leste. E o cen\u00e1rio foi constru\u00eddo pelo artista pl\u00e1stico<strong> Bassano Vaccarini<\/strong>.<\/p>\n<p>O filme conta a hist\u00f3ria de um xerife, interpretado pelo ator e ex-vereador<strong> Jos\u00e9 Velloni<\/strong>, que no longa metragem seria simpatizante da Klu-Klux-Klan.<\/p>\n<p>O elenco ainda contava com os integrantes da banda<strong> Os Incr\u00edveis<\/strong>, que ficou conhecida por m\u00fasicas como \u201cEra um garoto que, como eu, amava os Beatles e os Rolling Stones\u201d, que tamb\u00e9m foi gravada pelos <strong>Engenheiros do Havaii<\/strong>.<\/p>\n<p>Na biografia \u201cO Caminho de um Educador\u201d, que conta a hist\u00f3ria de Electro Bonini, e que tamb\u00e9m atuou no filme, aponta que as grava\u00e7\u00f5es duraram tr\u00eas meses. Algumas cenas do filme podem ser encontradas no YouTube.<\/p>\n<figure class=\"wp-block-embed is-type-video is-provider-youtube wp-block-embed-youtube wp-embed-aspect-4-3 wp-has-aspect-ratio\">\n<div class=\"wp-block-embed__wrapper\">\n<p><iframe loading=\"lazy\" title=\"CONFLITO EM SAN DIEGO - CENA 4\" width=\"500\" height=\"375\" src=\"https:\/\/www.youtube.com\/embed\/hXN_1XC98Hc?feature=oembed\" frameborder=\"0\" allow=\"accelerometer; autoplay; clipboard-write; encrypted-media; gyroscope; picture-in-picture; web-share\" referrerpolicy=\"strict-origin-when-cross-origin\" allowfullscreen><\/iframe><\/p>\n<\/div>\n<\/figure>\n<p>SAIBA MAIS<br \/>Conhe\u00e7a os artistas do Palco Fortalecendo a Cena no Jo\u00e3o Rock<\/p>\n<h4 class=\"wp-block-heading\"><strong>FIQUE ON<\/strong><\/h4>\n<p>Fique ligado em tudo que acontece em Ribeir\u00e3o Preto e regi\u00e3o. Siga os perfis do<strong> acidade on <\/strong>no <a href=\"https:\/\/www.instagram.com\/acidadeonribeirao\" target=\"_blank\" rel=\"noreferrer noopener nofollow\">Instagram <\/a>e no <a href=\"https:\/\/www.facebook.com\/acidadeonribeirao\" target=\"_blank\" rel=\"noreferrer noopener nofollow\">Facebook<\/a>.<\/p>\n<p>Receba not\u00edcias do <strong>acidade on <\/strong>no WhatsApp.<a href=\"https:\/\/chat.whatsapp.com\/GFH9HUMUTHNFJdnyEd0xxq\" target=\"_blank\" rel=\"noreferrer noopener nofollow\"> Para entrar no grupo, basta clicar aqui.<\/a><\/p>\n<p>Fa\u00e7a uma den\u00fancia ou sugira uma reportagem sobre Ribeir\u00e3o Preto e regi\u00e3o pelo WhatsApp: 16 99117 7802.<\/p>\n<p>VEJA TAMB\u00c9M<br \/>Harry e Meghan fazem primeiro pronunciamento sobre c\u00e2ncer de Kate Middleton<\/p>\n<p><!-- AI CONTENT END 1 -->\n<\/div>\n<\/div>\n<p><script async src=\"\/\/www.instagram.com\/embed.js\"><\/script><br \/>\n<br \/><br \/>\n<br \/><a href=\"https:\/\/www.acidadeon.com\/ribeiraopreto\/lazer-e-cultura\/voce-sabia-que-ribeirao-preto-ja-foi-cenario-de-filme-de-faroeste\/\">Source link <\/a><\/p>\n<!-- CONTENT END 1 -->\n","protected":false},"excerpt":{"rendered":"<p>Ribeir\u00e3o Preto j\u00e1 serviu de cen\u00e1rio para um filme de faroeste que contou com a participa\u00e7\u00e3o de integrantes de uma banda de rock que fez&#8230;<\/p>\n","protected":false},"author":1,"featured_media":43854,"comment_status":"open","ping_status":"open","sticky":false,"template":"","format":"standard","meta":{"advanced_seo_description":"","jetpack_seo_html_title":"","jetpack_seo_noindex":false,"jetpack_post_was_ever_published":false,"_jetpack_newsletter_access":"","_jetpack_dont_email_post_to_subs":false,"_jetpack_newsletter_tier_id":0,"_jetpack_memberships_contains_paywalled_content":false,"_jetpack_memberships_contains_paid_content":false,"footnotes":"","jetpack_publicize_message":"","jetpack_publicize_feature_enabled":true,"jetpack_social_post_already_shared":true,"jetpack_social_options":{"image_generator_settings":{"template":"highway","default_image_id":0,"font":"","enabled":false},"version":2}},"categories":[11],"tags":[],"class_list":["post-43853","post","type-post","status-publish","format-standard","has-post-thumbnail","hentry","category-noticias-de-ribeirao-preto-sp-e-regiao-ismael-colosi"],"jetpack_publicize_connections":[],"jetpack_featured_media_url":"https:\/\/i0.wp.com\/noticiasribeiraopreto.com.br\/wp-content\/uploads\/2024\/03\/AnyConv.com__conflito-em-san-diego.webp.webp?fit=786%2C473&ssl=1","jetpack-related-posts":[{"id":31644,"url":"https:\/\/noticiasribeiraopreto.com.br\/index.php\/2024\/01\/22\/top-20-filmes-de-faroeste-para-reviver-o-espirito-do-velho-oeste\/","url_meta":{"origin":43853,"position":0},"title":"Top 20 Filmes de Faroeste para reviver o esp\u00edrito do Velho Oeste","author":"noticiasribeiraopreto.com.br","date":"22 de January de 2024","format":false,"excerpt":"Antes de mais nada, o g\u00eanero de filmes de faroeste tem sido um elemento fundamental no cinema desde seus prim\u00f3rdios. essas produ\u00e7\u00f5es cinematogr\u00e1ficas retratam a vida no Velho Oeste americano, transportando o espectador a um mundo de pistoleiros, caub\u00f3is e \u00edndios, onde a justi\u00e7a era muitas vezes conquistada no gatilho.\u2026","rel":"","context":"In &quot;Blog&quot;","block_context":{"text":"Blog","link":"https:\/\/noticiasribeiraopreto.com.br\/index.php\/category\/blog\/"},"img":{"alt_text":"","src":"https:\/\/i0.wp.com\/noticiasribeiraopreto.com.br\/wp-content\/uploads\/2024\/01\/Filmes-de-Faroeste.jpg?fit=1200%2C675&ssl=1&resize=350%2C200","width":350,"height":200,"srcset":"https:\/\/i0.wp.com\/noticiasribeiraopreto.com.br\/wp-content\/uploads\/2024\/01\/Filmes-de-Faroeste.jpg?fit=1200%2C675&ssl=1&resize=350%2C200 1x, https:\/\/i0.wp.com\/noticiasribeiraopreto.com.br\/wp-content\/uploads\/2024\/01\/Filmes-de-Faroeste.jpg?fit=1200%2C675&ssl=1&resize=525%2C300 1.5x, https:\/\/i0.wp.com\/noticiasribeiraopreto.com.br\/wp-content\/uploads\/2024\/01\/Filmes-de-Faroeste.jpg?fit=1200%2C675&ssl=1&resize=700%2C400 2x, https:\/\/i0.wp.com\/noticiasribeiraopreto.com.br\/wp-content\/uploads\/2024\/01\/Filmes-de-Faroeste.jpg?fit=1200%2C675&ssl=1&resize=1050%2C600 3x"},"classes":[]},{"id":18130,"url":"https:\/\/noticiasribeiraopreto.com.br\/index.php\/2023\/12\/19\/filme-da-banda-mamonas-assassinas-estreia-no-dia-28\/","url_meta":{"origin":43853,"position":1},"title":"Filme da banda Mamonas Assassinas estreia no dia 28\u00a0","author":"noticiasribeiraopreto.com.br","date":"19 de December de 2023","format":false,"excerpt":"Na d\u00e9cada de 1990, cinco jovens de Guarulhos, na Grande S\u00e3o Paulo,\u00a0 conquistaram o Brasil por meio da m\u00fasica e se tornaram eternos. Dinho, S\u00e9rgio, Samuel, J\u00falio e Bento foram os integrantes da emblem\u00e1tica banda Mamonas Assassinas e marcaram uma gera\u00e7\u00e3o.Para contar a hist\u00f3ria da banda e como alcan\u00e7ou tanto\u2026","rel":"","context":"In &quot;Not\u00edcias de Ribeir\u00e3o Preto-SP e Regi\u00e3o&quot;","block_context":{"text":"Not\u00edcias de Ribeir\u00e3o Preto-SP e Regi\u00e3o","link":"https:\/\/noticiasribeiraopreto.com.br\/index.php\/category\/noticias-de-ribeirao-preto-sp-e-regiao-ismael-colosi\/"},"img":{"alt_text":"","src":"https:\/\/i0.wp.com\/noticiasribeiraopreto.com.br\/wp-content\/uploads\/2023\/12\/Mamonas-1.jpg?fit=800%2C533&ssl=1&resize=350%2C200","width":350,"height":200,"srcset":"https:\/\/i0.wp.com\/noticiasribeiraopreto.com.br\/wp-content\/uploads\/2023\/12\/Mamonas-1.jpg?fit=800%2C533&ssl=1&resize=350%2C200 1x, https:\/\/i0.wp.com\/noticiasribeiraopreto.com.br\/wp-content\/uploads\/2023\/12\/Mamonas-1.jpg?fit=800%2C533&ssl=1&resize=525%2C300 1.5x, https:\/\/i0.wp.com\/noticiasribeiraopreto.com.br\/wp-content\/uploads\/2023\/12\/Mamonas-1.jpg?fit=800%2C533&ssl=1&resize=700%2C400 2x"},"classes":[]},{"id":43885,"url":"https:\/\/noticiasribeiraopreto.com.br\/index.php\/2024\/03\/23\/com-gol-de-endrick-brasil-vence-inglaterra-em-wembley-na-estreia-de-dorival\/","url_meta":{"origin":43853,"position":2},"title":"Com gol de Endrick, Brasil vence Inglaterra em Wembley na estreia de Dorival","author":"noticiasribeiraopreto.com.br","date":"23 de March de 2024","format":false,"excerpt":"Com gol do atacante Endrick, do Palmeiras, a sele\u00e7\u00e3o brasileira venceu a Inglaterra por 1 a 0 no est\u00e1dio de Wembley, em Londres, nesta s\u00e1bado (23). A partida marcou a estreia do t\u00e9cnico Dorival J\u00fanior no comando da amarelinha. Endrick marcou o gol do Brasil aos 34 minutos do segundo\u2026","rel":"","context":"In &quot;Not\u00edcias de Ribeir\u00e3o Preto-SP e Regi\u00e3o&quot;","block_context":{"text":"Not\u00edcias de Ribeir\u00e3o Preto-SP e Regi\u00e3o","link":"https:\/\/noticiasribeiraopreto.com.br\/index.php\/category\/noticias-de-ribeirao-preto-sp-e-regiao-ismael-colosi\/"},"img":{"alt_text":"","src":"https:\/\/i0.wp.com\/noticiasribeiraopreto.com.br\/wp-content\/uploads\/2024\/03\/endrick.jpg?fit=1200%2C788&ssl=1&resize=350%2C200","width":350,"height":200,"srcset":"https:\/\/i0.wp.com\/noticiasribeiraopreto.com.br\/wp-content\/uploads\/2024\/03\/endrick.jpg?fit=1200%2C788&ssl=1&resize=350%2C200 1x, https:\/\/i0.wp.com\/noticiasribeiraopreto.com.br\/wp-content\/uploads\/2024\/03\/endrick.jpg?fit=1200%2C788&ssl=1&resize=525%2C300 1.5x, https:\/\/i0.wp.com\/noticiasribeiraopreto.com.br\/wp-content\/uploads\/2024\/03\/endrick.jpg?fit=1200%2C788&ssl=1&resize=700%2C400 2x, https:\/\/i0.wp.com\/noticiasribeiraopreto.com.br\/wp-content\/uploads\/2024\/03\/endrick.jpg?fit=1200%2C788&ssl=1&resize=1050%2C600 3x"},"classes":[]},{"id":43859,"url":"https:\/\/noticiasribeiraopreto.com.br\/index.php\/2024\/03\/23\/veja-como-comprar-ingressos-para-o-show-do-zeca-pagodinho-em-ribeirao-preto\/","url_meta":{"origin":43853,"position":3},"title":"Veja como comprar ingressos para o show do Zeca Pagodinho em Ribeir\u00e3o Preto","author":"noticiasribeiraopreto.com.br","date":"23 de March de 2024","format":false,"excerpt":"O cantor Zeca Pagodinho, um dos grandes nomes do samba, se apresenta no dia 17 de agosto em Ribeir\u00e3o Preto, no centro de eventos Multiplan Hall, no Ribeir\u00e3o Shopping. A venda dos ingressos j\u00e1 come\u00e7ou e os bilhetes custam a partir de R$ 250. O cantor comemora seus 40 anos\u2026","rel":"","context":"In &quot;Not\u00edcias de Ribeir\u00e3o Preto-SP e Regi\u00e3o&quot;","block_context":{"text":"Not\u00edcias de Ribeir\u00e3o Preto-SP e Regi\u00e3o","link":"https:\/\/noticiasribeiraopreto.com.br\/index.php\/category\/noticias-de-ribeirao-preto-sp-e-regiao-ismael-colosi\/"},"img":{"alt_text":"","src":"https:\/\/i0.wp.com\/noticiasribeiraopreto.com.br\/wp-content\/uploads\/2024\/03\/426053734_943290973822255_3718660817952389856_n.jpg?fit=1200%2C800&ssl=1&resize=350%2C200","width":350,"height":200,"srcset":"https:\/\/i0.wp.com\/noticiasribeiraopreto.com.br\/wp-content\/uploads\/2024\/03\/426053734_943290973822255_3718660817952389856_n.jpg?fit=1200%2C800&ssl=1&resize=350%2C200 1x, https:\/\/i0.wp.com\/noticiasribeiraopreto.com.br\/wp-content\/uploads\/2024\/03\/426053734_943290973822255_3718660817952389856_n.jpg?fit=1200%2C800&ssl=1&resize=525%2C300 1.5x, https:\/\/i0.wp.com\/noticiasribeiraopreto.com.br\/wp-content\/uploads\/2024\/03\/426053734_943290973822255_3718660817952389856_n.jpg?fit=1200%2C800&ssl=1&resize=700%2C400 2x, https:\/\/i0.wp.com\/noticiasribeiraopreto.com.br\/wp-content\/uploads\/2024\/03\/426053734_943290973822255_3718660817952389856_n.jpg?fit=1200%2C800&ssl=1&resize=1050%2C600 3x"},"classes":[]},{"id":43879,"url":"https:\/\/noticiasribeiraopreto.com.br\/index.php\/2024\/03\/23\/definida-empresa-para-construcao-de-unidades-habitacionais-populares-em-ribeirao\/","url_meta":{"origin":43853,"position":4},"title":"Definida empresa para constru\u00e7\u00e3o de unidades habitacionais populares em Ribeir\u00e3o","author":"noticiasribeiraopreto.com.br","date":"23 de March de 2024","format":false,"excerpt":"A Prefeitura de Ribeir\u00e3o Preto definiu a empresa respons\u00e1vel pela constru\u00e7\u00e3o de 441 unidades habitacionais populares, por meio do programa Minha Casa, Minha Vida, do Governo Federal. O projeto dever\u00e1 ser desenvolvido pela BRNPAR Empreendimentos Imobili\u00e1rios LTDA, de Araras. As unidades habitacionais ser\u00e3o constru\u00eddas no Jardim Ant\u00f4nio Palocci, na zona\u2026","rel":"","context":"In &quot;Not\u00edcias de Ribeir\u00e3o Preto-SP e Regi\u00e3o&quot;","block_context":{"text":"Not\u00edcias de Ribeir\u00e3o Preto-SP e Regi\u00e3o","link":"https:\/\/noticiasribeiraopreto.com.br\/index.php\/category\/noticias-de-ribeirao-preto-sp-e-regiao-ismael-colosi\/"},"img":{"alt_text":"","src":"https:\/\/i0.wp.com\/noticiasribeiraopreto.com.br\/wp-content\/uploads\/2024\/03\/casas-populares.jpg?fit=754%2C503&ssl=1&resize=350%2C200","width":350,"height":200,"srcset":"https:\/\/i0.wp.com\/noticiasribeiraopreto.com.br\/wp-content\/uploads\/2024\/03\/casas-populares.jpg?fit=754%2C503&ssl=1&resize=350%2C200 1x, https:\/\/i0.wp.com\/noticiasribeiraopreto.com.br\/wp-content\/uploads\/2024\/03\/casas-populares.jpg?fit=754%2C503&ssl=1&resize=525%2C300 1.5x, https:\/\/i0.wp.com\/noticiasribeiraopreto.com.br\/wp-content\/uploads\/2024\/03\/casas-populares.jpg?fit=754%2C503&ssl=1&resize=700%2C400 2x"},"classes":[]},{"id":63810,"url":"https:\/\/noticiasribeiraopreto.com.br\/index.php\/2025\/02\/22\/banda-balaco-conheca-a-tradicional-banda-de-ribeirao-preto\/","url_meta":{"origin":43853,"position":5},"title":"Banda Balaco: Conhe\u00e7a a tradicional banda de Ribeir\u00e3o Preto","author":"noticiasribeiraopreto.com.br","date":"22 de February de 2025","format":false,"excerpt":"A Banda Balaco \u00e9 conhecida pelo p\u00fablico de Ribeir\u00e3o Preto por suas diversas participa\u00e7\u00f5es em festivais, abertura de eventos e o famoso \u201cBaile do Balaco\u201d. A banda foi fundada em 2000, com o intuito de tocar m\u00fasica latina, como salsa e samba-rock e 25 anos depois ainda se mant\u00e9m influente\u2026","rel":"","context":"In &quot;Not\u00edcias de Ribeir\u00e3o Preto-SP e Regi\u00e3o&quot;","block_context":{"text":"Not\u00edcias de Ribeir\u00e3o Preto-SP e Regi\u00e3o","link":"https:\/\/noticiasribeiraopreto.com.br\/index.php\/category\/noticias-de-ribeirao-preto-sp-e-regiao-ismael-colosi\/"},"img":{"alt_text":"","src":"https:\/\/i0.wp.com\/noticiasribeiraopreto.com.br\/wp-content\/uploads\/2025\/02\/Balaco-Foto-1-_Ellen-Faria_2025-02-22_14-56-47_jpg_2025-02-22_14-56-49-scaled.webp.webp?fit=1200%2C800&ssl=1&resize=350%2C200","width":350,"height":200,"srcset":"https:\/\/i0.wp.com\/noticiasribeiraopreto.com.br\/wp-content\/uploads\/2025\/02\/Balaco-Foto-1-_Ellen-Faria_2025-02-22_14-56-47_jpg_2025-02-22_14-56-49-scaled.webp.webp?fit=1200%2C800&ssl=1&resize=350%2C200 1x, https:\/\/i0.wp.com\/noticiasribeiraopreto.com.br\/wp-content\/uploads\/2025\/02\/Balaco-Foto-1-_Ellen-Faria_2025-02-22_14-56-47_jpg_2025-02-22_14-56-49-scaled.webp.webp?fit=1200%2C800&ssl=1&resize=525%2C300 1.5x, https:\/\/i0.wp.com\/noticiasribeiraopreto.com.br\/wp-content\/uploads\/2025\/02\/Balaco-Foto-1-_Ellen-Faria_2025-02-22_14-56-47_jpg_2025-02-22_14-56-49-scaled.webp.webp?fit=1200%2C800&ssl=1&resize=700%2C400 2x, https:\/\/i0.wp.com\/noticiasribeiraopreto.com.br\/wp-content\/uploads\/2025\/02\/Balaco-Foto-1-_Ellen-Faria_2025-02-22_14-56-47_jpg_2025-02-22_14-56-49-scaled.webp.webp?fit=1200%2C800&ssl=1&resize=1050%2C600 3x"},"classes":[]}],"jetpack_sharing_enabled":true,"jetpack_shortlink":"https:\/\/wp.me\/peQAOb-bpj","_links":{"self":[{"href":"https:\/\/noticiasribeiraopreto.com.br\/index.php\/wp-json\/wp\/v2\/posts\/43853","targetHints":{"allow":["GET"]}}],"collection":[{"href":"https:\/\/noticiasribeiraopreto.com.br\/index.php\/wp-json\/wp\/v2\/posts"}],"about":[{"href":"https:\/\/noticiasribeiraopreto.com.br\/index.php\/wp-json\/wp\/v2\/types\/post"}],"author":[{"embeddable":true,"href":"https:\/\/noticiasribeiraopreto.com.br\/index.php\/wp-json\/wp\/v2\/users\/1"}],"replies":[{"embeddable":true,"href":"https:\/\/noticiasribeiraopreto.com.br\/index.php\/wp-json\/wp\/v2\/comments?post=43853"}],"version-history":[{"count":0,"href":"https:\/\/noticiasribeiraopreto.com.br\/index.php\/wp-json\/wp\/v2\/posts\/43853\/revisions"}],"wp:featuredmedia":[{"embeddable":true,"href":"https:\/\/noticiasribeiraopreto.com.br\/index.php\/wp-json\/wp\/v2\/media\/43854"}],"wp:attachment":[{"href":"https:\/\/noticiasribeiraopreto.com.br\/index.php\/wp-json\/wp\/v2\/media?parent=43853"}],"wp:term":[{"taxonomy":"category","embeddable":true,"href":"https:\/\/noticiasribeiraopreto.com.br\/index.php\/wp-json\/wp\/v2\/categories?post=43853"},{"taxonomy":"post_tag","embeddable":true,"href":"https:\/\/noticiasribeiraopreto.com.br\/index.php\/wp-json\/wp\/v2\/tags?post=43853"}],"curies":[{"name":"wp","href":"https:\/\/api.w.org\/{rel}","templated":true}]}}