{"id":43909,"date":"2024-03-24T09:17:36","date_gmt":"2024-03-24T12:17:36","guid":{"rendered":"https:\/\/noticiasribeiraopreto.com.br\/index.php\/2024\/03\/24\/mp-investiga-esconde-esconde-de-informacoes-da-camara-de-ribeirao\/"},"modified":"2024-03-24T09:17:36","modified_gmt":"2024-03-24T12:17:36","slug":"mp-investiga-esconde-esconde-de-informacoes-da-camara-de-ribeirao","status":"publish","type":"post","link":"https:\/\/noticiasribeiraopreto.com.br\/index.php\/2024\/03\/24\/mp-investiga-esconde-esconde-de-informacoes-da-camara-de-ribeirao\/","title":{"rendered":"MP investiga \u2018esconde-esconde\u2019 de informa\u00e7\u00f5es da C\u00e2mara de Ribeir\u00e3o"},"content":{"rendered":"<div class='code-block code-block-1' style='margin: 8px 0 8px auto; text-align: right; display: block; clear: both;'>\n<p><a href=\"https:\/\/wa.link\/vpicfd\"><img data-recalc-dims=\"1\" class=\"wp-image-4922\" style=\"aspect-ratio: 2.0253164556962027; width: 561px; height: auto;\" src=\"https:\/\/i0.wp.com\/ismaelcolosi.com.br\/wp-content\/uploads\/2023\/11\/grupo-de-empregos-whatsapp-e-facebook-ismael-colosi-vagas.jpg?ssl=1\" alt=\"\" \/><\/a><\/p>\n<!-- \/wp:image -->\n<\/div>\n<p> <br \/>\n<\/p>\n<div data-td-block-uid=\"tdi_101\">\n<div class=\"tdb-block-inner td-fix-index\">\n<p>O <strong>MP-SP (Minist\u00e9rio P\u00fablico de S\u00e3o Paulo) <\/strong>abriu um <strong>Inqu\u00e9rito Civil<\/strong> para investigar o descumprimento da Lei de Acesso \u00e0 informa\u00e7\u00e3o pela <strong><a href=\"https:\/\/www.camararibeiraopreto.sp.gov.br\/\" target=\"_blank\" rel=\"noreferrer noopener nofollow\">C\u00e2mara Municipal de Ribeir\u00e3o Preto<\/a><\/strong>. A investiga\u00e7\u00e3o \u00e9 do promotor Sebasti\u00e3o S\u00e9rgio da Silveira.<\/p>\n<p>A apura\u00e7\u00e3o teve in\u00edcio ap\u00f3s reportagens do <strong>acidade on Ribeir\u00e3o<\/strong> em 2023 que apontam que o Legislativo tem \u201cesconde-esconde\u201d de informa\u00e7\u00f5es \u2013 clique aqui e confira.<\/p>\n<h3 class=\"wp-block-heading\"><strong>Em 2024 o problema persiste<\/strong><\/h3>\n<p>O problema persiste, j\u00e1 que o <strong><a href=\"https:\/\/transparencia.betha.cloud\/#\/NWABC_zThx6uYB0XNmLHJg==\" target=\"_blank\" rel=\"noreferrer noopener nofollow\">Portal da Transpar\u00eancia<\/a><\/strong> ainda <mark style=\"background-color:#fcb900\" class=\"has-inline-color has-black-color\">n\u00e3o conta com a aba 2024 na busca <\/mark>do balancete cont\u00e1bil anal\u00edtico, que \u00e9 divulgado mensalmente. J\u00e1 o quadro de execu\u00e7\u00e3o detalhada de despesas n\u00e3o \u00e9 atualizado desde agosto de 2022, por exemplo.<\/p>\n<p>O Portal da Transpar\u00eancia da C\u00e2mara de Ribeir\u00e3o Preto tamb\u00e9m n\u00e3o conta com dados de 2024 sobre o controle de deslocamento de ve\u00edculos oficiais. A pesquisa s\u00f3 \u00e9 poss\u00edvel de ser realizada at\u00e9 2023.<\/p>\n<p><mark style=\"background-color:#fcb900\" class=\"has-inline-color has-black-color\">J\u00e1 os gastos com despesas de viagens n\u00e3o s\u00e3o atualizados desde agosto de 2022. <\/mark>O mesmo ocorre com o painel com informa\u00e7\u00f5es sobre as compras diretas realizadas pelo Legislativo.<\/p>\n<h4 class=\"wp-block-heading\"><strong>Novo portal<\/strong><\/h4>\n<p>Em nota, a C\u00e2mara Municipal de Ribeir\u00e3o Preto informou que ainda n\u00e3o foi notificada pelo Minist\u00e9rio P\u00fablico a respeito do inqu\u00e9rito. Mas declarou que, assim que o for, ir\u00e1 se manifestar na investiga\u00e7\u00e3o.<\/p>\n<p><mark style=\"background-color:#fcb900\" class=\"has-inline-color has-black-color\">O Legislativo tamb\u00e9m informou que est\u00e1 investindo na repagina\u00e7\u00e3o do Portal da Transpar\u00eancia, com o objetivo de melhorar e ampliar o acesso dos cidad\u00e3os ao conte\u00fado disponibilizado<\/mark>, \u201cdando ainda mais transpar\u00eancia a todo o processo Legislativo e administrativo\u201d.<\/p>\n<p>\u201cEsse \u00e9 um compromisso assumido pela atual Mesa Diretora e ser\u00e1 entregue em breve\u201d, afirma.<\/p>\n<p>SAIBA MAIS<br \/>Ministra da Sa\u00fade visita Ribeir\u00e3o Preto; Saiba o motivo<\/p>\n<h4 class=\"wp-block-heading\"><strong>FIQUE ON<\/strong><\/h4>\n<p>Fique ligado em tudo que acontece em Ribeir\u00e3o Preto e regi\u00e3o. Siga os perfis do <strong>acidade on<\/strong> no <a href=\"https:\/\/www.instagram.com\/acidadeonribeirao\" target=\"_blank\" rel=\"noreferrer noopener nofollow\">Instagram<\/a> e no <a href=\"https:\/\/www.facebook.com\/acidadeonribeirao\" target=\"_blank\" rel=\"noreferrer noopener nofollow\">Facebook<\/a>.<\/p>\n<p>Receba not\u00edcias do <strong>acidade on <\/strong>no WhatsApp. <a href=\"https:\/\/chat.whatsapp.com\/GFH9HUMUTHNFJdnyEd0xxq\" target=\"_blank\" rel=\"noreferrer noopener nofollow\">Para entrar no grupo, basta clicar aqui.<\/a><\/p>\n<p>Fa\u00e7a uma den\u00fancia ou sugira uma reportagem sobre Ribeir\u00e3o Preto e regi\u00e3o pelo WhatsApp: 16 99117 7802.<\/p>\n<p>VEJA TAMB\u00c9M<br \/>Michelle Bolsonaro tem homenagem em teatro barrada pela Justi\u00e7a<\/p>\n<p><!-- AI CONTENT END 1 -->\n<\/div>\n<\/div>\n<p><script async src=\"\/\/www.instagram.com\/embed.js\"><\/script><br \/>\n<br \/><br \/>\n<br \/><a href=\"https:\/\/www.acidadeon.com\/ribeiraopreto\/politica\/mp-investiga-esconde-esconde-de-informacoes-da-camara-de-ribeirao\/\">Source link <\/a><\/p>\n<!-- CONTENT END 1 -->\n","protected":false},"excerpt":{"rendered":"<p>O MP-SP (Minist\u00e9rio P\u00fablico de S\u00e3o Paulo) abriu um Inqu\u00e9rito Civil para investigar o descumprimento da Lei de Acesso \u00e0 informa\u00e7\u00e3o pela C\u00e2mara Municipal de&#8230;<\/p>\n","protected":false},"author":1,"featured_media":43910,"comment_status":"open","ping_status":"open","sticky":false,"template":"","format":"standard","meta":{"advanced_seo_description":"","jetpack_seo_html_title":"","jetpack_seo_noindex":false,"jetpack_post_was_ever_published":false,"_jetpack_newsletter_access":"","_jetpack_dont_email_post_to_subs":false,"_jetpack_newsletter_tier_id":0,"_jetpack_memberships_contains_paywalled_content":false,"_jetpack_memberships_contains_paid_content":false,"footnotes":"","jetpack_publicize_message":"","jetpack_publicize_feature_enabled":true,"jetpack_social_post_already_shared":true,"jetpack_social_options":{"image_generator_settings":{"template":"highway","default_image_id":0,"font":"","enabled":false},"version":2}},"categories":[11],"tags":[],"class_list":["post-43909","post","type-post","status-publish","format-standard","has-post-thumbnail","hentry","category-noticias-de-ribeirao-preto-sp-e-regiao-ismael-colosi"],"jetpack_publicize_connections":[],"jetpack_featured_media_url":"https:\/\/i0.wp.com\/noticiasribeiraopreto.com.br\/wp-content\/uploads\/2024\/03\/camara_municipal_1024x576_11012021150646.jpg?fit=1024%2C576&ssl=1","jetpack-related-posts":[{"id":64207,"url":"https:\/\/noticiasribeiraopreto.com.br\/index.php\/2025\/03\/05\/homem-se-esconde-atras-de-porta-corre-da-policia-e-acaba-preso-por-furto-em-ribeirao\/","url_meta":{"origin":43909,"position":0},"title":"Homem se esconde atr\u00e1s de porta, corre da pol\u00edcia e acaba preso por furto em Ribeir\u00e3o","author":"noticiasribeiraopreto.com.br","date":"5 de March de 2025","format":false,"excerpt":"Um homem de 37 anos foi preso por furto a uma corretora de seguros na madrugada desta quarta-feira (5), no Jardim Paulista, zona Leste de Ribeir\u00e3o Preto. Segundo o boletim de ocorr\u00eancia (BO), ele foi encontrado escondido atr\u00e1s da porta da empresa, na rua Ces\u00e1rio Motta. A PM (Pol\u00edcia Militar)\u2026","rel":"","context":"In &quot;Not\u00edcias de Ribeir\u00e3o Preto-SP e Regi\u00e3o&quot;","block_context":{"text":"Not\u00edcias de Ribeir\u00e3o Preto-SP e Regi\u00e3o","link":"https:\/\/noticiasribeiraopreto.com.br\/index.php\/category\/noticias-de-ribeirao-preto-sp-e-regiao-ismael-colosi\/"},"img":{"alt_text":"","src":"https:\/\/noticiasribeiraopreto.com.br\/wp-content\/uploads\/2024\/02\/whatsapp_image_2022-08-14_at_12_10_03.jpe","width":350,"height":200,"srcset":"https:\/\/noticiasribeiraopreto.com.br\/wp-content\/uploads\/2024\/02\/whatsapp_image_2022-08-14_at_12_10_03.jpe 1x, https:\/\/noticiasribeiraopreto.com.br\/wp-content\/uploads\/2024\/02\/whatsapp_image_2022-08-14_at_12_10_03.jpe 1.5x, https:\/\/noticiasribeiraopreto.com.br\/wp-content\/uploads\/2024\/02\/whatsapp_image_2022-08-14_at_12_10_03.jpe 2x, https:\/\/noticiasribeiraopreto.com.br\/wp-content\/uploads\/2024\/02\/whatsapp_image_2022-08-14_at_12_10_03.jpe 3x"},"classes":[]},{"id":64213,"url":"https:\/\/noticiasribeiraopreto.com.br\/index.php\/2025\/03\/05\/motociclista-e-crianca-ficam-feridos-apos-batida-entre-carro-e-moto-em-ribeirao-preto\/","url_meta":{"origin":43909,"position":1},"title":"Motociclista e crian\u00e7a ficam feridos ap\u00f3s batida entre carro e moto em Ribeir\u00e3o Preto","author":"noticiasribeiraopreto.com.br","date":"5 de March de 2025","format":false,"excerpt":"Um motociclista e uma crian\u00e7a ficaram feridos ap\u00f3s uma batida entre moto e carro na noite desta ter\u00e7a-feira (4), no cruzamento das ruas General C\u00e2mara e Rio Bonito, no Ipiranga, zona Norte de Ribeir\u00e3o Preto. Segundo as informa\u00e7\u00f5es, o carro estaria na Rio Bonito e o motorista teria acessado a\u2026","rel":"","context":"In &quot;Not\u00edcias de Ribeir\u00e3o Preto-SP e Regi\u00e3o&quot;","block_context":{"text":"Not\u00edcias de Ribeir\u00e3o Preto-SP e Regi\u00e3o","link":"https:\/\/noticiasribeiraopreto.com.br\/index.php\/category\/noticias-de-ribeirao-preto-sp-e-regiao-ismael-colosi\/"},"img":{"alt_text":"","src":"https:\/\/i0.wp.com\/noticiasribeiraopreto.com.br\/wp-content\/uploads\/2025\/03\/WhatsApp-Image-2025-03-05-at-12.24.33_2025-03-05_16-45-42_jpeg_2025-03-05_16-45-42.webp.webp?fit=1200%2C838&ssl=1&resize=350%2C200","width":350,"height":200,"srcset":"https:\/\/i0.wp.com\/noticiasribeiraopreto.com.br\/wp-content\/uploads\/2025\/03\/WhatsApp-Image-2025-03-05-at-12.24.33_2025-03-05_16-45-42_jpeg_2025-03-05_16-45-42.webp.webp?fit=1200%2C838&ssl=1&resize=350%2C200 1x, https:\/\/i0.wp.com\/noticiasribeiraopreto.com.br\/wp-content\/uploads\/2025\/03\/WhatsApp-Image-2025-03-05-at-12.24.33_2025-03-05_16-45-42_jpeg_2025-03-05_16-45-42.webp.webp?fit=1200%2C838&ssl=1&resize=525%2C300 1.5x, https:\/\/i0.wp.com\/noticiasribeiraopreto.com.br\/wp-content\/uploads\/2025\/03\/WhatsApp-Image-2025-03-05-at-12.24.33_2025-03-05_16-45-42_jpeg_2025-03-05_16-45-42.webp.webp?fit=1200%2C838&ssl=1&resize=700%2C400 2x, https:\/\/i0.wp.com\/noticiasribeiraopreto.com.br\/wp-content\/uploads\/2025\/03\/WhatsApp-Image-2025-03-05-at-12.24.33_2025-03-05_16-45-42_jpeg_2025-03-05_16-45-42.webp.webp?fit=1200%2C838&ssl=1&resize=1050%2C600 3x"},"classes":[]},{"id":80540,"url":"https:\/\/noticiasribeiraopreto.com.br\/index.php\/2025\/12\/05\/mulher-e-detida-usando-crianca-e-bebe-em-furto-no-calcadao\/","url_meta":{"origin":43909,"position":2},"title":"Mulher \u00e9 detida usando crian\u00e7a e beb\u00ea em furto no cal\u00e7ad\u00e3o","author":"noticiasribeiraopreto.com.br","date":"5 de December de 2025","format":false,"excerpt":"\r Ela havia furtado dois vestidos, uma bermuda e uma blusa, usando a crian\u00e7a mais velha para esconder as roupas no carrinho do beb\u00ea\r \r 5 de dezembro de 2025 10:07 \r Compartilhar1 Por: Adalberto Luque Uma mulher foi presa, no in\u00edcio da noite desta quinta-feira (4), por furto. Ela\u2026","rel":"","context":"In &quot;Not\u00edcias de Ribeir\u00e3o Preto-SP e Regi\u00e3o&quot;","block_context":{"text":"Not\u00edcias de Ribeir\u00e3o Preto-SP e Regi\u00e3o","link":"https:\/\/noticiasribeiraopreto.com.br\/index.php\/category\/noticias-de-ribeirao-preto-sp-e-regiao-ismael-colosi\/"},"img":{"alt_text":"","src":"https:\/\/i0.wp.com\/noticiasribeiraopreto.com.br\/wp-content\/uploads\/2025\/12\/05-dez-2025-furtocalcadao1-scaled.jpg?fit=1200%2C503&ssl=1&resize=350%2C200","width":350,"height":200,"srcset":"https:\/\/i0.wp.com\/noticiasribeiraopreto.com.br\/wp-content\/uploads\/2025\/12\/05-dez-2025-furtocalcadao1-scaled.jpg?fit=1200%2C503&ssl=1&resize=350%2C200 1x, https:\/\/i0.wp.com\/noticiasribeiraopreto.com.br\/wp-content\/uploads\/2025\/12\/05-dez-2025-furtocalcadao1-scaled.jpg?fit=1200%2C503&ssl=1&resize=525%2C300 1.5x, https:\/\/i0.wp.com\/noticiasribeiraopreto.com.br\/wp-content\/uploads\/2025\/12\/05-dez-2025-furtocalcadao1-scaled.jpg?fit=1200%2C503&ssl=1&resize=700%2C400 2x, https:\/\/i0.wp.com\/noticiasribeiraopreto.com.br\/wp-content\/uploads\/2025\/12\/05-dez-2025-furtocalcadao1-scaled.jpg?fit=1200%2C503&ssl=1&resize=1050%2C600 3x"},"classes":[]},{"id":83929,"url":"https:\/\/noticiasribeiraopreto.com.br\/index.php\/2026\/03\/29\/mp-e-camara-de-ribeirao-se-reunem-apos-pedido-de-nova-eleicao-para-presidencia-do-legislativo\/","url_meta":{"origin":43909,"position":3},"title":"MP e C\u00e2mara de Ribeir\u00e3o se re\u00fanem ap\u00f3s pedido de nova elei\u00e7\u00e3o para presid\u00eancia do Legislativo","author":"noticiasribeiraopreto.com.br","date":"29 de March de 2026","format":false,"excerpt":"O pedido do MP-SP (Minist\u00e9rio P\u00fablico de S\u00e3o Paulo) para realiza\u00e7\u00e3o de uma nova elei\u00e7\u00e3o para presid\u00eancia da Mesa Diretora da C\u00e2mara de Ribeir\u00e3o Preto motivou uma reuni\u00e3o entre os coordenadores jur\u00eddico e legislativo da Casa com o promotor Alexandre Padilha. O encontro ocorreu na tarde de quarta-feira (25), ap\u00f3s\u2026","rel":"","context":"In &quot;Not\u00edcias de Ribeir\u00e3o Preto-SP e Regi\u00e3o&quot;","block_context":{"text":"Not\u00edcias de Ribeir\u00e3o Preto-SP e Regi\u00e3o","link":"https:\/\/noticiasribeiraopreto.com.br\/index.php\/category\/noticias-de-ribeirao-preto-sp-e-regiao-ismael-colosi\/"},"img":{"alt_text":"","src":"https:\/\/i0.wp.com\/noticiasribeiraopreto.com.br\/wp-content\/uploads\/2026\/03\/Camara-de-Ribeirao-Preto.jpg?fit=1200%2C675&ssl=1&resize=350%2C200","width":350,"height":200,"srcset":"https:\/\/i0.wp.com\/noticiasribeiraopreto.com.br\/wp-content\/uploads\/2026\/03\/Camara-de-Ribeirao-Preto.jpg?fit=1200%2C675&ssl=1&resize=350%2C200 1x, https:\/\/i0.wp.com\/noticiasribeiraopreto.com.br\/wp-content\/uploads\/2026\/03\/Camara-de-Ribeirao-Preto.jpg?fit=1200%2C675&ssl=1&resize=525%2C300 1.5x, https:\/\/i0.wp.com\/noticiasribeiraopreto.com.br\/wp-content\/uploads\/2026\/03\/Camara-de-Ribeirao-Preto.jpg?fit=1200%2C675&ssl=1&resize=700%2C400 2x, https:\/\/i0.wp.com\/noticiasribeiraopreto.com.br\/wp-content\/uploads\/2026\/03\/Camara-de-Ribeirao-Preto.jpg?fit=1200%2C675&ssl=1&resize=1050%2C600 3x"},"classes":[]},{"id":84011,"url":"https:\/\/noticiasribeiraopreto.com.br\/index.php\/2026\/03\/30\/isaac-antunes-renuncia-a-presidencia-da-camara-de-ribeirao-preto\/","url_meta":{"origin":43909,"position":4},"title":"Isaac Antunes renuncia \u00e0 Presid\u00eancia da C\u00e2mara de Ribeir\u00e3o Preto","author":"noticiasribeiraopreto.com.br","date":"30 de March de 2026","format":false,"excerpt":"Ler o resumo da not\u00edcia Isaac Antunes renunciou \u00e0 presid\u00eancia da C\u00e2mara de Ribeir\u00e3o Preto nesta segunda-feira (30). O MP-SP recomendou nova elei\u00e7\u00e3o por irregularidade em tr\u00eas mandatos consecutivos \u00e0 frente do Legislativo. O vereador Maur\u00edcio Gasparini (Uni\u00e3o) assume interinamente a presid\u00eancia at\u00e9 a defini\u00e7\u00e3o do novo comando. O promotor\u2026","rel":"","context":"In &quot;Not\u00edcias de Ribeir\u00e3o Preto-SP e Regi\u00e3o&quot;","block_context":{"text":"Not\u00edcias de Ribeir\u00e3o Preto-SP e Regi\u00e3o","link":"https:\/\/noticiasribeiraopreto.com.br\/index.php\/category\/noticias-de-ribeirao-preto-sp-e-regiao-ismael-colosi\/"},"img":{"alt_text":"","src":"https:\/\/i0.wp.com\/noticiasribeiraopreto.com.br\/wp-content\/uploads\/2026\/03\/isaac_2025-09-08_17-48-16.webp.webp?fit=1200%2C800&ssl=1&resize=350%2C200","width":350,"height":200,"srcset":"https:\/\/i0.wp.com\/noticiasribeiraopreto.com.br\/wp-content\/uploads\/2026\/03\/isaac_2025-09-08_17-48-16.webp.webp?fit=1200%2C800&ssl=1&resize=350%2C200 1x, https:\/\/i0.wp.com\/noticiasribeiraopreto.com.br\/wp-content\/uploads\/2026\/03\/isaac_2025-09-08_17-48-16.webp.webp?fit=1200%2C800&ssl=1&resize=525%2C300 1.5x, https:\/\/i0.wp.com\/noticiasribeiraopreto.com.br\/wp-content\/uploads\/2026\/03\/isaac_2025-09-08_17-48-16.webp.webp?fit=1200%2C800&ssl=1&resize=700%2C400 2x, https:\/\/i0.wp.com\/noticiasribeiraopreto.com.br\/wp-content\/uploads\/2026\/03\/isaac_2025-09-08_17-48-16.webp.webp?fit=1200%2C800&ssl=1&resize=1050%2C600 3x"},"classes":[]},{"id":72816,"url":"https:\/\/noticiasribeiraopreto.com.br\/index.php\/2025\/06\/21\/mulher-e-agredida-pelo-companheiro-e-reage-com-facada\/","url_meta":{"origin":43909,"position":5},"title":"Mulher \u00e9 agredida pelo companheiro e reage com facada","author":"noticiasribeiraopreto.com.br","date":"21 de June de 2025","format":false,"excerpt":"Na manh\u00e3 deste s\u00e1bado (22), a Guarda Civil Metropolitana (GCM) foi acionada para atender uma ocorr\u00eancia de viol\u00eancia dom\u00e9stica registrada na Unidade de Pronto Atendimento (UPA) da Cuiab\u00e1, na zona Oeste de Ribeir\u00e3o Preto. De acordo com informa\u00e7\u00f5es da corpora\u00e7\u00e3o, a v\u00edtima, uma mulher, deu entrada na unidade de sa\u00fade\u2026","rel":"","context":"In &quot;Not\u00edcias de Ribeir\u00e3o Preto-SP e Regi\u00e3o&quot;","block_context":{"text":"Not\u00edcias de Ribeir\u00e3o Preto-SP e Regi\u00e3o","link":"https:\/\/noticiasribeiraopreto.com.br\/index.php\/category\/noticias-de-ribeirao-preto-sp-e-regiao-ismael-colosi\/"},"img":{"alt_text":"","src":"https:\/\/i0.wp.com\/noticiasribeiraopreto.com.br\/wp-content\/uploads\/2025\/06\/mulher_espancada-scaled.jpeg?fit=631%2C500&ssl=1&resize=350%2C200","width":350,"height":200,"srcset":"https:\/\/i0.wp.com\/noticiasribeiraopreto.com.br\/wp-content\/uploads\/2025\/06\/mulher_espancada-scaled.jpeg?fit=631%2C500&ssl=1&resize=350%2C200 1x, https:\/\/i0.wp.com\/noticiasribeiraopreto.com.br\/wp-content\/uploads\/2025\/06\/mulher_espancada-scaled.jpeg?fit=631%2C500&ssl=1&resize=525%2C300 1.5x"},"classes":[]}],"jetpack_sharing_enabled":true,"jetpack_shortlink":"https:\/\/wp.me\/peQAOb-bqd","_links":{"self":[{"href":"https:\/\/noticiasribeiraopreto.com.br\/index.php\/wp-json\/wp\/v2\/posts\/43909","targetHints":{"allow":["GET"]}}],"collection":[{"href":"https:\/\/noticiasribeiraopreto.com.br\/index.php\/wp-json\/wp\/v2\/posts"}],"about":[{"href":"https:\/\/noticiasribeiraopreto.com.br\/index.php\/wp-json\/wp\/v2\/types\/post"}],"author":[{"embeddable":true,"href":"https:\/\/noticiasribeiraopreto.com.br\/index.php\/wp-json\/wp\/v2\/users\/1"}],"replies":[{"embeddable":true,"href":"https:\/\/noticiasribeiraopreto.com.br\/index.php\/wp-json\/wp\/v2\/comments?post=43909"}],"version-history":[{"count":0,"href":"https:\/\/noticiasribeiraopreto.com.br\/index.php\/wp-json\/wp\/v2\/posts\/43909\/revisions"}],"wp:featuredmedia":[{"embeddable":true,"href":"https:\/\/noticiasribeiraopreto.com.br\/index.php\/wp-json\/wp\/v2\/media\/43910"}],"wp:attachment":[{"href":"https:\/\/noticiasribeiraopreto.com.br\/index.php\/wp-json\/wp\/v2\/media?parent=43909"}],"wp:term":[{"taxonomy":"category","embeddable":true,"href":"https:\/\/noticiasribeiraopreto.com.br\/index.php\/wp-json\/wp\/v2\/categories?post=43909"},{"taxonomy":"post_tag","embeddable":true,"href":"https:\/\/noticiasribeiraopreto.com.br\/index.php\/wp-json\/wp\/v2\/tags?post=43909"}],"curies":[{"name":"wp","href":"https:\/\/api.w.org\/{rel}","templated":true}]}}