{"id":43931,"date":"2024-03-24T12:34:06","date_gmt":"2024-03-24T15:34:06","guid":{"rendered":"https:\/\/noticiasribeiraopreto.com.br\/index.php\/2024\/03\/24\/policia-federal-prende-tres-suspeitos-de-encomendar-morte-de-marielle\/"},"modified":"2024-03-24T12:34:06","modified_gmt":"2024-03-24T15:34:06","slug":"policia-federal-prende-tres-suspeitos-de-encomendar-morte-de-marielle","status":"publish","type":"post","link":"https:\/\/noticiasribeiraopreto.com.br\/index.php\/2024\/03\/24\/policia-federal-prende-tres-suspeitos-de-encomendar-morte-de-marielle\/","title":{"rendered":"Pol\u00edcia Federal prende tr\u00eas suspeitos de encomendar morte de Marielle"},"content":{"rendered":"<div class='code-block code-block-1' style='margin: 8px 0 8px auto; text-align: right; display: block; clear: both;'>\n<p><a href=\"https:\/\/wa.link\/vpicfd\"><img data-recalc-dims=\"1\" class=\"wp-image-4922\" style=\"aspect-ratio: 2.0253164556962027; width: 561px; height: auto;\" src=\"https:\/\/i0.wp.com\/ismaelcolosi.com.br\/wp-content\/uploads\/2023\/11\/grupo-de-empregos-whatsapp-e-facebook-ismael-colosi-vagas.jpg?ssl=1\" alt=\"\" \/><\/a><\/p>\n<!-- \/wp:image -->\n<\/div>\n<p> <br \/>\n<\/p>\n<div id=\"\">\n<p>\n<span class=\"entry-meta-item penci-posted-on\"><i class=\"fa fa-clock-o\"\/><time class=\"entry-date published\" datetime=\"2024-03-24T12:00:39-03:00\">24 de mar\u00e7o de 2024 | 12:00<\/time><time class=\"updated\" datetime=\"2024-03-24T11:58:00-03:00\">24 de mar\u00e7o de 2024 | 11:58<\/time><\/span> <\/p>\n<p><span class=\"penci-social-buttons penci-social-share-footer\"><a href=\"#\" class=\"penci-post-like penci_post-meta_item  single-like-button penci-social-item like\" data-post_id=\"378315\" title=\"Like\" data-like=\"Like\" data-unlike=\"Unlike\"><i class=\"fa fa-thumbs-o-up\"\/><span class=\"penci-share-number\">0<\/span><\/a><i class=\"fa fa-facebook\"\/><a class=\"penci-social-item twitter\" target=\"_blank\" rel=\"noopener\" title=\"\" href=\"https:\/\/twitter.com\/intent\/tweet?text=Pol\u00edcia%20Federal%20prende%20tr\u00eas%20suspeitos%20de%20encomendar%20morte%20de%20Marielle%20-%20https:\/\/www.tribunaribeirao.com.br\/site\/policia-federal-prende-tres-suspeitos-de-encomendar-morte-de-marielle\/\"><i class=\"fa fa-twitter\"\/><\/a><i class=\"fa fa-whatsapp\"\/><\/span> <\/div>\n<div>\n<p>A Pol\u00edcia Federal realiza neste domingo (24) a Opera\u00e7\u00e3o Murder Inc que apura os assassinatos da vereadora Marielle Franco e do motorista Anderson Gomes, al\u00e9m da tentativa de homic\u00eddio da assessora Fernanda Chaves. De acordo com fontes ligadas \u00e0 investiga\u00e7\u00e3o, foram presos Domingos Braz\u00e3o, atual conselheiro do Tribunal de Contas do Rio, Chiquinho Braz\u00e3o, deputado federal do Rio, e Rivaldo Barbosa, ex-chefe da Pol\u00edcia Civil do Rio.<img data-recalc-dims=\"1\" decoding=\"async\" src=\"https:\/\/i0.wp.com\/agenciabrasil.ebc.com.br\/ebc.gif?ssl=1\"\/><\/p>\n<p>Est\u00e3o sendo cumpridos ainda 12 mandados de busca e apreens\u00e3o, expedidos pelo Supremo Tribunal Federal, todos na cidade do Rio de Janeiro. A a\u00e7\u00e3o conta com a participa\u00e7\u00e3o da Procuradoria-Geral da Rep\u00fablica e do Minist\u00e9rio P\u00fablico do Rio de Janeiro.<\/p>\n<p>Tamb\u00e9m apoiam a opera\u00e7\u00e3o a Secretaria de Estado de Pol\u00edcia Civil do Rio de Janeiro e da Secretaria Nacional de Pol\u00edticas Penais, do Minist\u00e9rio da Justi\u00e7a e Seguran\u00e7a P\u00fablica. A a\u00e7\u00e3o tem como alvos os autores intelectuais das execu\u00e7\u00f5es. S\u00e3o apurados ainda os crimes de organiza\u00e7\u00e3o criminosa e obstru\u00e7\u00e3o de justi\u00e7a.<\/p>\n<p>A\u00a0<strong>Ag\u00eancia Brasil<\/strong>\u00a0tenta contato com as defesas dos acusados. Domingos Braz\u00e3o disse, em entrevista ao UOL em janeiro deste ano, que n\u00e3o conhecia e n\u00e3o lembrava da vereadora Marielle Franco.<\/p>\n<p>J\u00e1 Chiquinho Braz\u00e3o havia divulgado nota no dia 20 de mar\u00e7o, depois que a acusa\u00e7\u00e3o de ser o mandante vazou na imprensa. A nota diz que ele estava \u201csurpreendido pelas especula\u00e7\u00f5es\u201d e afirmou que o conv\u00edvio com Marielle sempre foi \u201camistoso e cordial\u201d.<\/p>\n<p>Nas redes sociais, a irm\u00e3 de Marielle e ministra da Igualdade Racial, Anielle Franco, agradeceu o empenho da PF, governo federal, Minist\u00e9rio P\u00fablico e ministro do STF Alexandre de Moraes. \u201cEstamos mais perto da Justi\u00e7a\u201d, considera Anielle. \u201cS\u00f3 Deus sabe o quanto sonhamos com esse dia! Hoje \u00e9 mais um grande passo para conseguirmos as respostas que tanto nos perguntamos nos \u00faltimos anos: quem mandou matar a Mari e por qu\u00ea?\u201d<\/p>\n<p>Tamb\u00e9m nas redes sociais, o ministro-chefe da Secretaria de Comunica\u00e7\u00e3o Social da Presid\u00eancia da Rep\u00fablica, Paulo Pimenta, destacou que medidas tomadas desde o in\u00edcio do mandato do presidente Lula foram decisivas para o esclarecimento do assassinato da vereadora Marielle Franco e do motorista Anderson Gomes. \u201cO Governo Federal seguir\u00e1 cumprindo o seu papel para combater essas quadrilhas violentas que cometem graves crimes contra as fam\u00edlias brasileiras. A continuidade das investiga\u00e7\u00f5es vai com certeza esclarecer v\u00e1rios outros crimes\u201d, afirmou Pimenta.<\/p>\n<\/div>\n<p><script async src=\"\/\/platform.twitter.com\/widgets.js\" charset=\"utf-8\"><\/script><br \/>\n<br \/><br \/>\n<br \/><a href=\"https:\/\/www.tribunaribeirao.com.br\/site\/policia-federal-prende-tres-suspeitos-de-encomendar-morte-de-marielle\/\">Source link <\/a><\/p>\n<!-- CONTENT END 1 -->\n","protected":false},"excerpt":{"rendered":"<p>24 de mar\u00e7o de 2024 | 12:0024 de mar\u00e7o de 2024 | 11:58 0 A Pol\u00edcia Federal realiza neste domingo (24) a Opera\u00e7\u00e3o Murder Inc&#8230;<\/p>\n","protected":false},"author":1,"featured_media":43932,"comment_status":"open","ping_status":"open","sticky":false,"template":"","format":"standard","meta":{"advanced_seo_description":"","jetpack_seo_html_title":"","jetpack_seo_noindex":false,"jetpack_post_was_ever_published":false,"_jetpack_newsletter_access":"","_jetpack_dont_email_post_to_subs":false,"_jetpack_newsletter_tier_id":0,"_jetpack_memberships_contains_paywalled_content":false,"_jetpack_memberships_contains_paid_content":false,"footnotes":"","jetpack_publicize_message":"","jetpack_publicize_feature_enabled":true,"jetpack_social_post_already_shared":true,"jetpack_social_options":{"image_generator_settings":{"template":"highway","default_image_id":0,"font":"","enabled":false},"version":2}},"categories":[11],"tags":[5199,674,5200,558,20,969,110,639],"class_list":["post-43931","post","type-post","status-publish","format-standard","has-post-thumbnail","hentry","category-noticias-de-ribeirao-preto-sp-e-regiao-ismael-colosi","tag-encomendar","tag-federal","tag-marielle","tag-morte","tag-policia","tag-prende","tag-suspeitos","tag-tres"],"jetpack_publicize_connections":[],"jetpack_featured_media_url":"https:\/\/i0.wp.com\/noticiasribeiraopreto.com.br\/wp-content\/uploads\/2024\/03\/8541d535-4f5c-465c-9c4a-3885bf2218d9.jpg?fit=1170%2C700&ssl=1","jetpack-related-posts":[{"id":44021,"url":"https:\/\/noticiasribeiraopreto.com.br\/index.php\/2024\/03\/25\/stf-tem-maioria-para-manter-prisao-de-suspeitos-da-morte-marielle\/","url_meta":{"origin":43931,"position":0},"title":"STF tem maioria para manter pris\u00e3o de suspeitos da morte Marielle","author":"noticiasribeiraopreto.com.br","date":"25 de March de 2024","format":false,"excerpt":"25 de mar\u00e7o de 2024 | 11:0025 de mar\u00e7o de 2024 | 9:50 0 A Primeira Turma do Supremo Tribunal Federal (STF) tem maioria de quatro votos para manter a pris\u00e3o dos tr\u00eas suspeitos de planejarem o crime e mandarem matar a vereadora Marielle Franco e o motorista Anderson Gomes.\u2026","rel":"","context":"In &quot;Not\u00edcias de Ribeir\u00e3o Preto-SP e Regi\u00e3o&quot;","block_context":{"text":"Not\u00edcias de Ribeir\u00e3o Preto-SP e Regi\u00e3o","link":"https:\/\/noticiasribeiraopreto.com.br\/index.php\/category\/noticias-de-ribeirao-preto-sp-e-regiao-ismael-colosi\/"},"img":{"alt_text":"","src":"https:\/\/i0.wp.com\/noticiasribeiraopreto.com.br\/wp-content\/uploads\/2024\/03\/0749a388-cad4-4286-a3b8-d7977af40d5c.jpg?fit=984%2C553&ssl=1&resize=350%2C200","width":350,"height":200,"srcset":"https:\/\/i0.wp.com\/noticiasribeiraopreto.com.br\/wp-content\/uploads\/2024\/03\/0749a388-cad4-4286-a3b8-d7977af40d5c.jpg?fit=984%2C553&ssl=1&resize=350%2C200 1x, https:\/\/i0.wp.com\/noticiasribeiraopreto.com.br\/wp-content\/uploads\/2024\/03\/0749a388-cad4-4286-a3b8-d7977af40d5c.jpg?fit=984%2C553&ssl=1&resize=525%2C300 1.5x, https:\/\/i0.wp.com\/noticiasribeiraopreto.com.br\/wp-content\/uploads\/2024\/03\/0749a388-cad4-4286-a3b8-d7977af40d5c.jpg?fit=984%2C553&ssl=1&resize=700%2C400 2x"},"classes":[]},{"id":7177,"url":"https:\/\/noticiasribeiraopreto.com.br\/index.php\/2023\/11\/27\/policia-prende-suspeito-pela-morte-de-mae-e-tres-filhas-militar-falou-sobre-cena-de-terror-encontrada-no-local-do-crime\/","url_meta":{"origin":43931,"position":1},"title":"Pol\u00edcia prende suspeito pela morte de m\u00e3e e tr\u00eas filhas; militar falou sobre cena de terror encontrada no local do crime","author":"noticiasribeiraopreto.com.br","date":"27 de November de 2023","format":false,"excerpt":"A pol\u00edcia do Mato Grosso investiga a morte de quatro membros de uma mesma fam\u00edlia. Segundo as informa\u00e7\u00f5es, as v\u00edtimas s\u00e3o uma m\u00e3e e tr\u00eas filhas, duas sendo menores de idade.O crime aconteceu em Sorriso (a 420 km de Cuiab\u00e1) e um homem foi preso, suspeito de envolvimento nos homic\u00eddios.A\u2026","rel":"","context":"In &quot;Blog&quot;","block_context":{"text":"Blog","link":"https:\/\/noticiasribeiraopreto.com.br\/index.php\/category\/blog\/"},"img":{"alt_text":"","src":"https:\/\/i0.wp.com\/noticiasribeiraopreto.com.br\/wp-content\/uploads\/2023\/11\/postimg-6564fc97817b22039.jpg?fit=1200%2C628&ssl=1&resize=350%2C200","width":350,"height":200,"srcset":"https:\/\/i0.wp.com\/noticiasribeiraopreto.com.br\/wp-content\/uploads\/2023\/11\/postimg-6564fc97817b22039.jpg?fit=1200%2C628&ssl=1&resize=350%2C200 1x, https:\/\/i0.wp.com\/noticiasribeiraopreto.com.br\/wp-content\/uploads\/2023\/11\/postimg-6564fc97817b22039.jpg?fit=1200%2C628&ssl=1&resize=525%2C300 1.5x, https:\/\/i0.wp.com\/noticiasribeiraopreto.com.br\/wp-content\/uploads\/2023\/11\/postimg-6564fc97817b22039.jpg?fit=1200%2C628&ssl=1&resize=700%2C400 2x, https:\/\/i0.wp.com\/noticiasribeiraopreto.com.br\/wp-content\/uploads\/2023\/11\/postimg-6564fc97817b22039.jpg?fit=1200%2C628&ssl=1&resize=1050%2C600 3x"},"classes":[]},{"id":65369,"url":"https:\/\/noticiasribeiraopreto.com.br\/index.php\/2025\/03\/19\/policia-prende-dois-suspeitos-pela-morte-de-ciclista-que-competiu-por-ribeirao-preto\/","url_meta":{"origin":43931,"position":2},"title":"Pol\u00edcia prende dois suspeitos pela morte de ciclista que competiu por Ribeir\u00e3o Preto","author":"noticiasribeiraopreto.com.br","date":"19 de March de 2025","format":false,"excerpt":"A Pol\u00edcia Civil prendeu dois suspeitos de participa\u00e7\u00e3o na morte do ciclista Vitor Medrado, de 46 anos, durante um assalto no \u00faltimo dia 13 de fevereiro, na zona Sul de S\u00e3o Paulo. Nesta quarta-feira (19), ocorreu a pris\u00e3o de um homem apontado como piloto da moto utilizada no assalto. Segundo\u2026","rel":"","context":"In &quot;Not\u00edcias de Ribeir\u00e3o Preto-SP e Regi\u00e3o&quot;","block_context":{"text":"Not\u00edcias de Ribeir\u00e3o Preto-SP e Regi\u00e3o","link":"https:\/\/noticiasribeiraopreto.com.br\/index.php\/category\/noticias-de-ribeirao-preto-sp-e-regiao-ismael-colosi\/"},"img":{"alt_text":"","src":"https:\/\/i0.wp.com\/noticiasribeiraopreto.com.br\/wp-content\/uploads\/2025\/02\/Copia-de-Copia-de-Copia-de-TAMANHO-EXATO-PARA-FOTOS-NO-SISTEMA-NOVO-2025-02-13T154136.210_2025-02-13_18-41-47_png_2025-02-13_18-41-47.webp.webp?fit=1200%2C675&ssl=1&resize=350%2C200","width":350,"height":200,"srcset":"https:\/\/i0.wp.com\/noticiasribeiraopreto.com.br\/wp-content\/uploads\/2025\/02\/Copia-de-Copia-de-Copia-de-TAMANHO-EXATO-PARA-FOTOS-NO-SISTEMA-NOVO-2025-02-13T154136.210_2025-02-13_18-41-47_png_2025-02-13_18-41-47.webp.webp?fit=1200%2C675&ssl=1&resize=350%2C200 1x, https:\/\/i0.wp.com\/noticiasribeiraopreto.com.br\/wp-content\/uploads\/2025\/02\/Copia-de-Copia-de-Copia-de-TAMANHO-EXATO-PARA-FOTOS-NO-SISTEMA-NOVO-2025-02-13T154136.210_2025-02-13_18-41-47_png_2025-02-13_18-41-47.webp.webp?fit=1200%2C675&ssl=1&resize=525%2C300 1.5x, https:\/\/i0.wp.com\/noticiasribeiraopreto.com.br\/wp-content\/uploads\/2025\/02\/Copia-de-Copia-de-Copia-de-TAMANHO-EXATO-PARA-FOTOS-NO-SISTEMA-NOVO-2025-02-13T154136.210_2025-02-13_18-41-47_png_2025-02-13_18-41-47.webp.webp?fit=1200%2C675&ssl=1&resize=700%2C400 2x, https:\/\/i0.wp.com\/noticiasribeiraopreto.com.br\/wp-content\/uploads\/2025\/02\/Copia-de-Copia-de-Copia-de-TAMANHO-EXATO-PARA-FOTOS-NO-SISTEMA-NOVO-2025-02-13T154136.210_2025-02-13_18-41-47_png_2025-02-13_18-41-47.webp.webp?fit=1200%2C675&ssl=1&resize=1050%2C600 3x"},"classes":[]},{"id":83309,"url":"https:\/\/noticiasribeiraopreto.com.br\/index.php\/2026\/03\/16\/policia-prende-dois-suspeitos-de-participacao-na-morte-de-homem-durante-assalto-em-ribeirao-preto\/","url_meta":{"origin":43931,"position":3},"title":"Pol\u00edcia prende dois suspeitos de participa\u00e7\u00e3o na morte de homem durante assalto em Ribeir\u00e3o Preto","author":"noticiasribeiraopreto.com.br","date":"16 de March de 2026","format":false,"excerpt":"A Pol\u00edcia Civil prendeu nesta segunda-feira (16) dois suspeitos de um latroc\u00ednio ocorrido no \u00faltimo dia 20 de fevereiro, perto de um bar no Jardim Presidente Dutra I, zona Norte de Ribeir\u00e3o Preto. A v\u00edtima, identificada como Reinaldo Luiz Gon\u00e7alves, reagiu ao crime usando uma cadeira para se defender e\u2026","rel":"","context":"In &quot;Not\u00edcias de Ribeir\u00e3o Preto-SP e Regi\u00e3o&quot;","block_context":{"text":"Not\u00edcias de Ribeir\u00e3o Preto-SP e Regi\u00e3o","link":"https:\/\/noticiasribeiraopreto.com.br\/index.php\/category\/noticias-de-ribeirao-preto-sp-e-regiao-ismael-colosi\/"},"img":{"alt_text":"","src":"https:\/\/i0.wp.com\/noticiasribeiraopreto.com.br\/wp-content\/uploads\/2026\/03\/POLICIA_2026-03-16_11-22-45.webp.webp?fit=1200%2C861&ssl=1&resize=350%2C200","width":350,"height":200,"srcset":"https:\/\/i0.wp.com\/noticiasribeiraopreto.com.br\/wp-content\/uploads\/2026\/03\/POLICIA_2026-03-16_11-22-45.webp.webp?fit=1200%2C861&ssl=1&resize=350%2C200 1x, https:\/\/i0.wp.com\/noticiasribeiraopreto.com.br\/wp-content\/uploads\/2026\/03\/POLICIA_2026-03-16_11-22-45.webp.webp?fit=1200%2C861&ssl=1&resize=525%2C300 1.5x, https:\/\/i0.wp.com\/noticiasribeiraopreto.com.br\/wp-content\/uploads\/2026\/03\/POLICIA_2026-03-16_11-22-45.webp.webp?fit=1200%2C861&ssl=1&resize=700%2C400 2x, https:\/\/i0.wp.com\/noticiasribeiraopreto.com.br\/wp-content\/uploads\/2026\/03\/POLICIA_2026-03-16_11-22-45.webp.webp?fit=1200%2C861&ssl=1&resize=1050%2C600 3x"},"classes":[]},{"id":76599,"url":"https:\/\/noticiasribeiraopreto.com.br\/index.php\/2025\/09\/01\/policia-prende-jovem-de-19-anos-por-morte-do-ex-prefeito-de-taquaritinga\/","url_meta":{"origin":43931,"position":4},"title":"Pol\u00edcia prende jovem de 19 anos por morte do ex-prefeito de Taquaritinga","author":"noticiasribeiraopreto.com.br","date":"1 de September de 2025","format":false,"excerpt":"A Pol\u00edcia Civil prendeu, nesta segunda-feira (1\u00ba), um jovem de 19 anos suspeito de envolvimento na morte do ex-prefeito de Taquaritinga, na regi\u00e3o de Ribeir\u00e3o Preto, Vanderlei M\u00e1rsico, encontrado morto dentro de casa no dia 10 de julho. A pris\u00e3o foi confirmada pelo delegado respons\u00e1vel pelo caso, Claudemir Pereira da\u2026","rel":"","context":"In &quot;Not\u00edcias de Ribeir\u00e3o Preto-SP e Regi\u00e3o&quot;","block_context":{"text":"Not\u00edcias de Ribeir\u00e3o Preto-SP e Regi\u00e3o","link":"https:\/\/noticiasribeiraopreto.com.br\/index.php\/category\/noticias-de-ribeirao-preto-sp-e-regiao-ismael-colosi\/"},"img":{"alt_text":"","src":"https:\/\/i0.wp.com\/noticiasribeiraopreto.com.br\/wp-content\/uploads\/2025\/07\/vanderlei_2025-07-10_13-02-22.webp.webp?fit=1200%2C731&ssl=1&resize=350%2C200","width":350,"height":200,"srcset":"https:\/\/i0.wp.com\/noticiasribeiraopreto.com.br\/wp-content\/uploads\/2025\/07\/vanderlei_2025-07-10_13-02-22.webp.webp?fit=1200%2C731&ssl=1&resize=350%2C200 1x, https:\/\/i0.wp.com\/noticiasribeiraopreto.com.br\/wp-content\/uploads\/2025\/07\/vanderlei_2025-07-10_13-02-22.webp.webp?fit=1200%2C731&ssl=1&resize=525%2C300 1.5x, https:\/\/i0.wp.com\/noticiasribeiraopreto.com.br\/wp-content\/uploads\/2025\/07\/vanderlei_2025-07-10_13-02-22.webp.webp?fit=1200%2C731&ssl=1&resize=700%2C400 2x, https:\/\/i0.wp.com\/noticiasribeiraopreto.com.br\/wp-content\/uploads\/2025\/07\/vanderlei_2025-07-10_13-02-22.webp.webp?fit=1200%2C731&ssl=1&resize=1050%2C600 3x"},"classes":[]},{"id":29893,"url":"https:\/\/noticiasribeiraopreto.com.br\/index.php\/2024\/01\/19\/policia-prende-um-dos-suspeitos-do-assassinato-e-detalhes-do-crime-sao-expostos\/","url_meta":{"origin":43931,"position":5},"title":"pol\u00edcia prende um dos suspeitos do assassinato e detalhes do crime s\u00e3o expostos","author":"noticiasribeiraopreto.com.br","date":"19 de January de 2024","format":false,"excerpt":"Um dos suspeitos de tirar as vidas de tr\u00eas membros de uma mesma fam\u00edlia foi preso nesta semana. O crime aconteceu em Votuporanga, no interior de S\u00e3o Paulo, no final de dezembro do ano passado.Anderson Marinho, de 35 anos, a mulher, Mirele Tofalete, de 33, e a filha do casal,\u2026","rel":"","context":"In &quot;Blog&quot;","block_context":{"text":"Blog","link":"https:\/\/noticiasribeiraopreto.com.br\/index.php\/category\/blog\/"},"img":{"alt_text":"","src":"https:\/\/i0.wp.com\/noticiasribeiraopreto.com.br\/wp-content\/uploads\/2024\/01\/postimg-65aabbf33452b2982.jpg?fit=1200%2C628&ssl=1&resize=350%2C200","width":350,"height":200,"srcset":"https:\/\/i0.wp.com\/noticiasribeiraopreto.com.br\/wp-content\/uploads\/2024\/01\/postimg-65aabbf33452b2982.jpg?fit=1200%2C628&ssl=1&resize=350%2C200 1x, https:\/\/i0.wp.com\/noticiasribeiraopreto.com.br\/wp-content\/uploads\/2024\/01\/postimg-65aabbf33452b2982.jpg?fit=1200%2C628&ssl=1&resize=525%2C300 1.5x, https:\/\/i0.wp.com\/noticiasribeiraopreto.com.br\/wp-content\/uploads\/2024\/01\/postimg-65aabbf33452b2982.jpg?fit=1200%2C628&ssl=1&resize=700%2C400 2x, https:\/\/i0.wp.com\/noticiasribeiraopreto.com.br\/wp-content\/uploads\/2024\/01\/postimg-65aabbf33452b2982.jpg?fit=1200%2C628&ssl=1&resize=1050%2C600 3x"},"classes":[]}],"jetpack_sharing_enabled":true,"jetpack_shortlink":"https:\/\/wp.me\/peQAOb-bqz","_links":{"self":[{"href":"https:\/\/noticiasribeiraopreto.com.br\/index.php\/wp-json\/wp\/v2\/posts\/43931","targetHints":{"allow":["GET"]}}],"collection":[{"href":"https:\/\/noticiasribeiraopreto.com.br\/index.php\/wp-json\/wp\/v2\/posts"}],"about":[{"href":"https:\/\/noticiasribeiraopreto.com.br\/index.php\/wp-json\/wp\/v2\/types\/post"}],"author":[{"embeddable":true,"href":"https:\/\/noticiasribeiraopreto.com.br\/index.php\/wp-json\/wp\/v2\/users\/1"}],"replies":[{"embeddable":true,"href":"https:\/\/noticiasribeiraopreto.com.br\/index.php\/wp-json\/wp\/v2\/comments?post=43931"}],"version-history":[{"count":0,"href":"https:\/\/noticiasribeiraopreto.com.br\/index.php\/wp-json\/wp\/v2\/posts\/43931\/revisions"}],"wp:featuredmedia":[{"embeddable":true,"href":"https:\/\/noticiasribeiraopreto.com.br\/index.php\/wp-json\/wp\/v2\/media\/43932"}],"wp:attachment":[{"href":"https:\/\/noticiasribeiraopreto.com.br\/index.php\/wp-json\/wp\/v2\/media?parent=43931"}],"wp:term":[{"taxonomy":"category","embeddable":true,"href":"https:\/\/noticiasribeiraopreto.com.br\/index.php\/wp-json\/wp\/v2\/categories?post=43931"},{"taxonomy":"post_tag","embeddable":true,"href":"https:\/\/noticiasribeiraopreto.com.br\/index.php\/wp-json\/wp\/v2\/tags?post=43931"}],"curies":[{"name":"wp","href":"https:\/\/api.w.org\/{rel}","templated":true}]}}