{"id":43933,"date":"2024-03-24T12:41:40","date_gmt":"2024-03-24T15:41:40","guid":{"rendered":"https:\/\/noticiasribeiraopreto.com.br\/index.php\/2024\/03\/24\/passar-muito-tempo-sentado-no-trabalho-traz-riscos\/"},"modified":"2024-03-24T12:41:40","modified_gmt":"2024-03-24T15:41:40","slug":"passar-muito-tempo-sentado-no-trabalho-traz-riscos","status":"publish","type":"post","link":"https:\/\/noticiasribeiraopreto.com.br\/index.php\/2024\/03\/24\/passar-muito-tempo-sentado-no-trabalho-traz-riscos\/","title":{"rendered":"Passar muito tempo sentado no trabalho traz riscos"},"content":{"rendered":"<div class='code-block code-block-1' style='margin: 8px 0 8px auto; text-align: right; display: block; clear: both;'>\n<p><a href=\"https:\/\/wa.link\/vpicfd\"><img data-recalc-dims=\"1\" class=\"wp-image-4922\" style=\"aspect-ratio: 2.0253164556962027; width: 561px; height: auto;\" src=\"https:\/\/i0.wp.com\/ismaelcolosi.com.br\/wp-content\/uploads\/2023\/11\/grupo-de-empregos-whatsapp-e-facebook-ismael-colosi-vagas.jpg?ssl=1\" alt=\"\" \/><\/a><\/p>\n<!-- \/wp:image -->\n<\/div>\n<p> <br \/>\n<\/p>\n<div>\n<div id=\"attachment_602293\" class=\"wp-caption alignnone style=\" max-width:=\"\"><img data-recalc-dims=\"1\" fetchpriority=\"high\" decoding=\"async\" class=\"alignnone wp-image-602293 size-full\" src=\"https:\/\/i0.wp.com\/forbes.com.br\/wp-content\/uploads\/2024\/03\/carreira-home-office-768x512.jpg?resize=678%2C452&#038;ssl=1\" http:=\"\" alt=\"mulher trabalho remoto\" width=\"678\" height=\"452\" data-lazy-src=\"https:\/\/forbes.com.br\/wp-content\/uploads\/2024\/03\/carreira-home-office-768x512.jpg\"\/><noscript><img data-recalc-dims=\"1\" fetchpriority=\"high\" decoding=\"async\" class=\"alignnone wp-image-602293 size-full\" src=\"https:\/\/i0.wp.com\/forbes.com.br\/wp-content\/uploads\/2024\/03\/carreira-home-office-768x512.jpg?resize=678%2C452&#038;ssl=1\" alt=\"mulher trabalho remoto\" width=\"678\" height=\"452\"\/><\/noscript><\/p>\n<p>Getty Images<\/p>\n<p class=\"wp-caption-text\">A maioria dos profissionais em modelo de trabalho remoto reduz a mobilidade e muitos quase nunca saem de casa, o que traz riscos \u00e0 sa\u00fade f\u00edsica e mental<\/p>\n<\/div>\n<p>Ficar o dia todo atr\u00e1s de um computador faz parte da rotina de muitos profissionais. Mas evid\u00eancias mostram que f<strong>icar sentado por muito tempo \u00e9 um dos maiores riscos \u00e0 sa\u00fade.<\/strong><\/p>\n<p>Um estudo dispon\u00edvel na Biblioteca Nacional de Medicina dos Estados Unidos mostra que metade dos adultos norte-americanos passa mais de 9,5 horas por dia sentada \u2013 incluindo mais de 80% do seu tempo de lazer \u2013, seja no carro, em uma mesa ou em frente a uma tela.<\/p>\n<p>Uma <a href=\"https:\/\/www.uprightpose.com\/the-health-dilemma-of-the-work-from-home-era\/\" target=\"_blank\" rel=\"noopener\">pesquisa com 2.000 trabalhadores remotos e h\u00edbridos<\/a> descobriu que 60% das pessoas afirmam que reduziram a sua mobilidade em mais de 50% trabalhando remotamente.<\/p>\n<ul>\n<li><b>Siga a<\/b><a href=\"https:\/\/whatsapp.com\/channel\/0029Va9gQKwBFLgM96cJnu0u\"> <b>Forbes<\/b><\/a><b> no WhatsApp e receba as principais not\u00edcias sobre neg\u00f3cios, carreira, tecnologia e estilo de vida<\/b><\/li>\n<\/ul>\n<p>O trabalhador remoto percorre, em m\u00e9dia, apenas 16 passos da cama at\u00e9 o seu espa\u00e7o de trabalho. Num t\u00edpico dia de trabalho remoto, um em cada tr\u00eas trabalhadores fica sentado o dia inteiro e 63% caminha apenas para ir ao banheiro ou \u00e0 cozinha. Al\u00e9m disso, 24% nunca saem de casa. Quase metade de todos os trabalhadores remotos estimam que d\u00e3o menos de 1.000 passos durante o hor\u00e1rio de trabalho, apesar dos 8.000 passos por dia recomendados por especialistas de sa\u00fade. E 50% relatam um aumento de dor na lombar, 48% de dor nos ombros e 52% na fadiga ocular.<\/p>\n<h2>Qual o problema?<\/h2>\n<p>O corpo humano n\u00e3o foi projetado para ficar sentado por longos per\u00edodos de tempo. Isso reduz o fluxo sangu\u00edneo e de oxig\u00eanio, causa ganho de peso e leva a doen\u00e7as card\u00edacas e diabetes tipo 2. Estudos tamb\u00e9m mostram que ficar preso \u00e0 mesa de trabalho pode ser t\u00e3o ruim quanto fumar e, na verdade, reduz sua expectativa de vida, com um risco 80% maior de morrer de doen\u00e7as cardiovasculares. Al\u00e9m disso, <a href=\"https:\/\/jamanetwork.com\/journals\/jama\/article-abstract\/2809418\" target=\"_blank\" rel=\"noopener\">aumenta o risco de dem\u00eancia<\/a> para adultos com mais de 60 anos que ficam sentados por mais de 10 horas por dia.<\/p>\n<p>De acordo com um estudo da Sociedade Americana contra o C\u00e2ncer, as mulheres que ficavam sentadas mais de seis horas por dia tinham 34% mais probabilidade de morrer do que aquelas que eram mais ativas. Para os homens, a chance \u00e9 18% maior.<\/p>\n<p><strong>Leia tamb\u00e9m:<\/strong><\/p>\n<h2>Movimento \u00e9 o melhor rem\u00e9dio<\/h2>\n<p>Por outro lado, o Col\u00e9gio Americano de Medicina Esportiva relata que os trabalhadores que se exercitam por um m\u00ednimo de 45 minutos por semana tiram de 25% a 50% menos dias de licen\u00e7a m\u00e9dica. E cientistas brit\u00e2nicos apontam que pessoas de meia-idade que se exercitam pelo menos duas vezes por semana t\u00eam 60% menos probabilidade de desenvolver Alzheimer do que os sedent\u00e1rios.<\/p>\n<p>A OMS (Organiza\u00e7\u00e3o Mundial da Sa\u00fade) recomenda atividades f\u00edsicas tanto durante os momentos de lazer quanto no trabalho para melhorar e manter uma boa sa\u00fade e bem-estar. <a href=\"https:\/\/www.forbes.com\/sites\/bryanrobinson\/2021\/09\/12\/lower-your-risk-of-developing-anxiety-by-almost-60-with-regular-exercise\/?sh=63bd6fb04076\" target=\"_blank\" rel=\"noopener\">O exerc\u00edcio regular reduz o risco de desenvolver ansiedade em quase 60%.<\/a> Se voc\u00ea n\u00e3o tem tempo de ir \u00e0 academia, pratique exerc\u00edcios suaves entre os compromissos em sua mesa. Especialistas dizem que apenas ficar de p\u00e9 ou dar uma volta por alguns minutos pode ajudar.<\/p>\n<h3>Aqui est\u00e3o alguns exemplos de como voc\u00ea pode se movimentar no dia de trabalho e melhorar sua sa\u00fade f\u00edsica e mental:<\/h3>\n<div class=\"pksGallery\">\n<div class=\"stage\">\n<span class=\"back\"\/><br \/>\n<span class=\"next\"\/><\/p>\n<ul>\n<li>\n<div>\n<span><br \/>\n<img data-recalc-dims=\"1\" decoding=\"async\" src=\"https:\/\/i0.wp.com\/forbes.com.br\/wp-content\/uploads\/2024\/03\/carreira-yoga.jpg?ssl=1\" http:=\"\" data-lazy-src=\"https:\/\/forbes.com.br\/wp-content\/uploads\/2024\/03\/carreira-yoga.jpg\"\/><noscript><img data-recalc-dims=\"1\" decoding=\"async\" src=\"https:\/\/i0.wp.com\/forbes.com.br\/wp-content\/uploads\/2024\/03\/carreira-yoga.jpg?ssl=1\"\/><\/noscript><\/p>\n<article>\n<span class=\"credito\"\/><\/p>\n<h3>1. Movimente-se<\/h3>\n<p>Apenas movimentar-se pode reduzir o risco de parada card\u00edaca s\u00fabita em 92%. Reserve alguns minutos para alongar o corpo. Observe onde voc\u00ea acumula mais tens\u00e3o e depois libere-a. Concentre-se em cada parte do corpo que permaneceu contra\u00edda. Curve-se e tente tocar os dedos dos p\u00e9s, sentindo o alongamento e deixando a tens\u00e3o em seu corpo evaporar. Considere fazer caminhadas curtas de pelo menos cinco minutos ao ar livre em um dia agrad\u00e1vel ou subir e descer um lance de escadas em dias de mau tempo.<\/p>\n<\/article>\n<p><\/span>\n<\/div>\n<\/li>\n<li>\n<div>\n<span><br \/>\n<img data-recalc-dims=\"1\" decoding=\"async\" src=\"https:\/\/i0.wp.com\/forbes.com.br\/wp-content\/uploads\/2024\/03\/carreira-escadas-trabalho.jpg?ssl=1\" http:=\"\" data-lazy-src=\"https:\/\/forbes.com.br\/wp-content\/uploads\/2024\/03\/carreira-escadas-trabalho.jpg\"\/><noscript><img data-recalc-dims=\"1\" decoding=\"async\" src=\"https:\/\/i0.wp.com\/forbes.com.br\/wp-content\/uploads\/2024\/03\/carreira-escadas-trabalho.jpg?ssl=1\"\/><\/noscript><\/p>\n<article>\n<span class=\"credito\"\/><\/p>\n<h3>2. V\u00e1 de escada<\/h3>\n<p>Pesquisas mostram que subir quatro lances de escada em menos de um minuto proporciona uma boa sa\u00fade card\u00edaca. Portanto, em vez de pegar o elevador para o escrit\u00f3rio, fa\u00e7a alguns minutos de exerc\u00edcio subindo e descendo um lance de escadas diariamente.<\/p>\n<\/article>\n<p><\/span>\n<\/div>\n<\/li>\n<li>\n<div>\n<span><br \/>\n<img data-recalc-dims=\"1\" height=\"533\" width=\"800\" decoding=\"async\" src=\"https:\/\/i0.wp.com\/forbes.com.br\/wp-content\/uploads\/2024\/03\/carreira-caminhada-800x533.jpg?resize=800%2C533&#038;ssl=1\" http:=\"\" data-lazy-src=\"https:\/\/forbes.com.br\/wp-content\/uploads\/2024\/03\/carreira-caminhada-800x533.jpg\"\/><noscript><img data-recalc-dims=\"1\" height=\"533\" width=\"800\" decoding=\"async\" src=\"https:\/\/i0.wp.com\/forbes.com.br\/wp-content\/uploads\/2024\/03\/carreira-caminhada-800x533.jpg?resize=800%2C533&#038;ssl=1\"\/><\/noscript><\/p>\n<article>\n<span class=\"credito\"\/><\/p>\n<h3>3. Fa\u00e7a uma caminhada na natureza<\/h3>\n<p>Estudos mostram que caminhadas curtas e r\u00e1pidas reduzem o estresse do dia de trabalho, aumentam e sustentam seu n\u00edvel de energia e recalibram um c\u00e9rebro cansado. E voc\u00ea tem um desempenho melhor depois de uma caminhada em espa\u00e7os verdes ou em um parque do que depois de andar por uma rua barulhenta da cidade. A exposi\u00e7\u00e3o a um espa\u00e7o verde reduz a ansiedade e melhora a depress\u00e3o. Em vez de almo\u00e7ar na sua mesa, encontre um parque ou um ambiente natural para comer. Se poss\u00edvel, siga os espa\u00e7os verdes.<\/p>\n<\/article>\n<p><\/span>\n<\/div>\n<\/li>\n<li>\n<div>\n<span><br \/>\n<img data-recalc-dims=\"1\" decoding=\"async\" src=\"https:\/\/i0.wp.com\/forbes.com.br\/wp-content\/uploads\/2024\/03\/carreira-home-office-2.jpg?ssl=1\" http:=\"\" data-lazy-src=\"https:\/\/forbes.com.br\/wp-content\/uploads\/2024\/03\/carreira-home-office-2.jpg\"\/><noscript><img data-recalc-dims=\"1\" decoding=\"async\" src=\"https:\/\/i0.wp.com\/forbes.com.br\/wp-content\/uploads\/2024\/03\/carreira-home-office-2.jpg?ssl=1\"\/><\/noscript><\/p>\n<article>\n<span class=\"credito\"\/><\/p>\n<h3>4. Pratique a regra 20-20-20<\/h3>\n<p>Coloque um alarme a cada 20 minutos quando estiver trabalhando na frente de uma tela como um lembrete para sair da esta\u00e7\u00e3o de trabalho. Leva 20 segundos para seus olhos relaxarem completamente. A cada 20 minutos, durante 20 segundos, caminhe pela sala, suba e des\u00e7a um lance de escadas ou olhe pela janela. Voc\u00ea tamb\u00e9m pode adaptar esse tempo conforme suas necessidades.<\/p>\n<\/article>\n<p><\/span>\n<\/div>\n<\/li>\n<li>\n<\/li>\n<li>\n<div>\n<span><br \/>\n<img data-recalc-dims=\"1\" decoding=\"async\" src=\"https:\/\/i0.wp.com\/forbes.com.br\/wp-content\/uploads\/2024\/03\/carreira-home-office-1.jpg?ssl=1\" http:=\"\" data-lazy-src=\"https:\/\/forbes.com.br\/wp-content\/uploads\/2024\/03\/carreira-home-office-1.jpg\"\/><noscript><img data-recalc-dims=\"1\" decoding=\"async\" src=\"https:\/\/i0.wp.com\/forbes.com.br\/wp-content\/uploads\/2024\/03\/carreira-home-office-1.jpg?ssl=1\"\/><\/noscript><\/p>\n<article>\n<span class=\"credito\"\/><\/p>\n<h3>5. Pratique yoga na cadeira entre as reuni\u00f5es diretamente da sua mesa<\/h3>\n<p>Sente-se na cadeira, inspire e levante os bra\u00e7os em dire\u00e7\u00e3o ao teto. Deixe as omoplatas deslizarem pelas costas enquanto voc\u00ea estende a m\u00e3o para cima com as pontas dos dedos. Ancore os \u00edsquios no assento e estenda a m\u00e3o a partir da\u00ed. Coloque a m\u00e3o esquerda sobre o joelho direito e o bra\u00e7o direito nas costas da cadeira. Alongue por 60 segundos. Coloque a m\u00e3o direita sobre o joelho esquerdo com o bra\u00e7o esquerdo apoiado no encosto da cadeira por mais 60 segundos. Depois de tr\u00eas a cinco minutos, voc\u00ea notar\u00e1 uma energia renovada, maior clareza mental e estar\u00e1 pronto para voltar ao trabalho.<\/p>\n<\/article>\n<p><\/span>\n<\/div>\n<\/li>\n<li>\n<div>\n<span><br \/>\n<img data-recalc-dims=\"1\" decoding=\"async\" src=\"https:\/\/i0.wp.com\/forbes.com.br\/wp-content\/uploads\/2024\/03\/carreira-corrida.jpg?ssl=1\" http:=\"\" data-lazy-src=\"https:\/\/forbes.com.br\/wp-content\/uploads\/2024\/03\/carreira-corrida.jpg\"\/><noscript><img data-recalc-dims=\"1\" decoding=\"async\" src=\"https:\/\/i0.wp.com\/forbes.com.br\/wp-content\/uploads\/2024\/03\/carreira-corrida.jpg?ssl=1\"\/><\/noscript><\/p>\n<article>\n<span class=\"credito\"\/><\/p>\n<h3>6. Pratique treinos intervalados de alta intensidade<\/h3>\n<p>Durante a hora do almo\u00e7o, antes ou depois do trabalho, vista suas roupas de gin\u00e1stica e v\u00e1 \u00e0 academia para levantar pesos ou correr ao redor do quarteir\u00e3o para liberar endorfina. <a href=\"https:\/\/www.jmcc-online.com\/article\/S0022-2828(20)30272-8\/fulltext\" target=\"_blank\" rel=\"noopener\">De acordo com pesquisas<\/a>, treinos intervalados de alta intensidade fortalecem o cora\u00e7\u00e3o ainda mais do que o exerc\u00edcio moderado. Voc\u00ea voltar\u00e1 para sua mesa com as baterias recarregadas, a energia renovada e a cabe\u00e7a limpa.<\/p>\n<\/article>\n<p><\/span>\n<\/div>\n<\/li>\n<\/ul>\n<\/div>\n<div class=\"description\">\n<span class=\"credito\"\/><\/p>\n<h3>1. Movimente-se<\/h3>\n<p>Apenas movimentar-se pode reduzir o risco de parada card\u00edaca s\u00fabita em 92%. Reserve alguns minutos para alongar o corpo. Observe onde voc\u00ea acumula mais tens\u00e3o e depois libere-a. Concentre-se em cada parte do corpo que permaneceu contra\u00edda. Curve-se e tente tocar os dedos dos p\u00e9s, sentindo o alongamento e deixando a tens\u00e3o em seu corpo evaporar. Considere fazer caminhadas curtas de pelo menos cinco minutos ao ar livre em um dia agrad\u00e1vel ou subir e descer um lance de escadas em dias de mau tempo.<\/p>\n<\/div>\n<\/div>\n<p>O segredo \u00e9 se mexer. Fique de p\u00e9, ande, corra, dance, alongue-se. A chave para manter a sa\u00fade e a longevidade no trabalho n\u00e3o est\u00e1 na cadeira do escrit\u00f3rio.<\/p>\n<p>\u00a0<\/p>\n<p><em>*Bryan Robinson \u00e9 colaborador da Forbes US. Ele \u00e9 autor de 40 livros de n\u00e3o-fic\u00e7\u00e3o traduzidos para 15 idiomas. Tamb\u00e9m \u00e9 professor em\u00e9rito da Universidade da Carolina do Norte, onde conduziu os primeiros estudos sobre filhos de workaholics e os efeitos do trabalho no casamento.<\/em><\/p>\n<p>(Traduzido por Fernanda Almeida).<\/p>\n<\/div>\n<p><script type=\"rocketlazyloadscript\">\n\t\t\t\t(function(d, s, id){\n\t\t\t\t\tvar js, fjs = d.getElementsByTagName(s)[0];\n\t\t\t\t\tif (d.getElementById(id)) return;\n\t\t\t\t\tjs = d.createElement(s); js.id = id;\n\t\t\t\t\tjs.src = \"\/\/connect.facebook.net\/pt_BR\/sdk.js#xfbml=1&version=v2.9\";\n\t\t\t\t\tfjs.parentNode.insertBefore(js, fjs);\n\t\t\t\t}(document, 'script', 'facebook-jssdk'));\n\t\t\t<\/script><br \/>\n<br \/><br \/>\n<br \/><a href=\"https:\/\/forbes.com.br\/carreira\/2024\/03\/passa-muito-tempo-sentado-trabalhando-isso-pode-reduzir-sua-expectativa-de-vida-mostram-estudos\/\">Source link <\/a><\/p>\n<!-- CONTENT END 1 -->\n","protected":false},"excerpt":{"rendered":"<p>Getty Images A maioria dos profissionais em modelo de trabalho remoto reduz a mobilidade e muitos quase nunca saem de casa, o que traz riscos&#8230;<\/p>\n","protected":false},"author":1,"featured_media":43934,"comment_status":"open","ping_status":"open","sticky":false,"template":"","format":"standard","meta":{"advanced_seo_description":"","jetpack_seo_html_title":"","jetpack_seo_noindex":false,"jetpack_post_was_ever_published":false,"_jetpack_newsletter_access":"","_jetpack_dont_email_post_to_subs":false,"_jetpack_newsletter_tier_id":0,"_jetpack_memberships_contains_paywalled_content":false,"_jetpack_memberships_contains_paid_content":false,"footnotes":"","jetpack_publicize_message":"","jetpack_publicize_feature_enabled":true,"jetpack_social_post_already_shared":true,"jetpack_social_options":{"image_generator_settings":{"template":"highway","default_image_id":0,"font":"","enabled":false},"version":2}},"categories":[1],"tags":[],"class_list":["post-43933","post","type-post","status-publish","format-standard","has-post-thumbnail","hentry","category-blog"],"jetpack_publicize_connections":[],"jetpack_featured_media_url":"https:\/\/i0.wp.com\/noticiasribeiraopreto.com.br\/wp-content\/uploads\/2024\/03\/carreira-home-office-1024x683.jpg?fit=1024%2C683&ssl=1","jetpack-related-posts":[{"id":66306,"url":"https:\/\/noticiasribeiraopreto.com.br\/index.php\/2025\/03\/30\/jornal-da-franca-passar-muito-tempo-sentado-prejudica-ate-jovens-ativos-entenda-o-motivo\/","url_meta":{"origin":43933,"position":0},"title":"Jornal da Franca &#8211; Passar muito tempo sentado prejudica at\u00e9 jovens ativos; entenda o motivo","author":"noticiasribeiraopreto.com.br","date":"30 de March de 2025","format":false,"excerpt":"compartilhar no whatsapp compartilhar no telegram compartilhar no facebook compartilhar no linkedin Um estudo recente mostrou que ficar sentado por longas horas pode prejudicar at\u00e9 mesmo os adultos jovens mais ativos Pode at\u00e9 parecer que o tempo sentado \u00e9 inofensivo, mas os n\u00e3o \u00e9 bem assim (Foto: Freepik) Com a\u2026","rel":"","context":"In &quot;Not\u00edcias de Franca-SP&quot;","block_context":{"text":"Not\u00edcias de Franca-SP","link":"https:\/\/noticiasribeiraopreto.com.br\/index.php\/category\/noticias-de-ribeirao-preto-sp-e-regiao-ismael-colosi\/noticias-franca-sp\/"},"img":{"alt_text":"","src":"https:\/\/i0.wp.com\/noticiasribeiraopreto.com.br\/wp-content\/uploads\/2025\/03\/jovem-mulher-sentada-dor-no-pescoco-scaled.jpg?fit=1200%2C801&ssl=1&resize=350%2C200","width":350,"height":200,"srcset":"https:\/\/i0.wp.com\/noticiasribeiraopreto.com.br\/wp-content\/uploads\/2025\/03\/jovem-mulher-sentada-dor-no-pescoco-scaled.jpg?fit=1200%2C801&ssl=1&resize=350%2C200 1x, https:\/\/i0.wp.com\/noticiasribeiraopreto.com.br\/wp-content\/uploads\/2025\/03\/jovem-mulher-sentada-dor-no-pescoco-scaled.jpg?fit=1200%2C801&ssl=1&resize=525%2C300 1.5x, https:\/\/i0.wp.com\/noticiasribeiraopreto.com.br\/wp-content\/uploads\/2025\/03\/jovem-mulher-sentada-dor-no-pescoco-scaled.jpg?fit=1200%2C801&ssl=1&resize=700%2C400 2x, https:\/\/i0.wp.com\/noticiasribeiraopreto.com.br\/wp-content\/uploads\/2025\/03\/jovem-mulher-sentada-dor-no-pescoco-scaled.jpg?fit=1200%2C801&ssl=1&resize=1050%2C600 3x"},"classes":[]},{"id":59609,"url":"https:\/\/noticiasribeiraopreto.com.br\/index.php\/2024\/10\/27\/a-cada-tres-horas-um-medico-e-vitima-de-violencia-no-brasil-revela-cfm\/","url_meta":{"origin":43933,"position":1},"title":"A Cada Tr\u00eas Horas, Um M\u00e9dico \u00e9 V\u00edtima de Viol\u00eancia no Brasil, Revela CFM","author":"noticiasribeiraopreto.com.br","date":"27 de October de 2024","format":false,"excerpt":"O Conselho Federal de Medicina (CFM) divulgou um levantamento alarmante: a cada tr\u00eas horas, um m\u00e9dico \u00e9 v\u00edtima de viol\u00eancia no Brasil. O estudo, realizado em parceria com entidades m\u00e9dicas e sindicatos, traz \u00e0 tona a dif\u00edcil realidade enfrentada pelos profissionais de sa\u00fade em todo o pa\u00eds, que n\u00e3o apenas\u2026","rel":"","context":"In &quot;Not\u00edcias de Ribeir\u00e3o Preto-SP e Regi\u00e3o&quot;","block_context":{"text":"Not\u00edcias de Ribeir\u00e3o Preto-SP e Regi\u00e3o","link":"https:\/\/noticiasribeiraopreto.com.br\/index.php\/category\/noticias-de-ribeirao-preto-sp-e-regiao-ismael-colosi\/"},"img":{"alt_text":"","src":"https:\/\/i0.wp.com\/noticiasribeiraopreto.com.br\/wp-content\/uploads\/2024\/10\/marcelo-leal-k7ll1hpdhfa-unsplash.webp.webp?fit=1170%2C700&ssl=1&resize=350%2C200","width":350,"height":200,"srcset":"https:\/\/i0.wp.com\/noticiasribeiraopreto.com.br\/wp-content\/uploads\/2024\/10\/marcelo-leal-k7ll1hpdhfa-unsplash.webp.webp?fit=1170%2C700&ssl=1&resize=350%2C200 1x, https:\/\/i0.wp.com\/noticiasribeiraopreto.com.br\/wp-content\/uploads\/2024\/10\/marcelo-leal-k7ll1hpdhfa-unsplash.webp.webp?fit=1170%2C700&ssl=1&resize=525%2C300 1.5x, https:\/\/i0.wp.com\/noticiasribeiraopreto.com.br\/wp-content\/uploads\/2024\/10\/marcelo-leal-k7ll1hpdhfa-unsplash.webp.webp?fit=1170%2C700&ssl=1&resize=700%2C400 2x, https:\/\/i0.wp.com\/noticiasribeiraopreto.com.br\/wp-content\/uploads\/2024\/10\/marcelo-leal-k7ll1hpdhfa-unsplash.webp.webp?fit=1170%2C700&ssl=1&resize=1050%2C600 3x"},"classes":[]},{"id":43570,"url":"https:\/\/noticiasribeiraopreto.com.br\/index.php\/2024\/03\/22\/seus-colegas-de-trabalho-nao-sao-seus-amigos-entenda\/","url_meta":{"origin":43933,"position":2},"title":"Seus colegas de trabalho n\u00e3o s\u00e3o seus amigos; entenda","author":"noticiasribeiraopreto.com.br","date":"22 de March de 2024","format":false,"excerpt":"Getty Images\u00c9 importante ficar atento em rela\u00e7\u00e3o a amizades no trabalho e manter uma dist\u00e2ncia saud\u00e1vel para preservar as rela\u00e7\u00f5es H\u00e1 benef\u00edcios em fazer conex\u00f5es no local de trabalho: o pertencimento sempre ser\u00e1 uma necessidade humana fundamental. Na verdade, a conex\u00e3o social \u00e9 o motor principal para o envolvimento e\u2026","rel":"","context":"In &quot;Blog&quot;","block_context":{"text":"Blog","link":"https:\/\/noticiasribeiraopreto.com.br\/index.php\/category\/blog\/"},"img":{"alt_text":"","src":"https:\/\/i0.wp.com\/noticiasribeiraopreto.com.br\/wp-content\/uploads\/2024\/03\/carreira-amigos-trabalho-1024x683.jpg?fit=1024%2C683&ssl=1&resize=350%2C200","width":350,"height":200,"srcset":"https:\/\/i0.wp.com\/noticiasribeiraopreto.com.br\/wp-content\/uploads\/2024\/03\/carreira-amigos-trabalho-1024x683.jpg?fit=1024%2C683&ssl=1&resize=350%2C200 1x, https:\/\/i0.wp.com\/noticiasribeiraopreto.com.br\/wp-content\/uploads\/2024\/03\/carreira-amigos-trabalho-1024x683.jpg?fit=1024%2C683&ssl=1&resize=525%2C300 1.5x, https:\/\/i0.wp.com\/noticiasribeiraopreto.com.br\/wp-content\/uploads\/2024\/03\/carreira-amigos-trabalho-1024x683.jpg?fit=1024%2C683&ssl=1&resize=700%2C400 2x"},"classes":[]},{"id":41923,"url":"https:\/\/noticiasribeiraopreto.com.br\/index.php\/2024\/03\/12\/o-que-a-geracao-z-quer-que-seus-chefes-saibam\/","url_meta":{"origin":43933,"position":3},"title":"O que a Gera\u00e7\u00e3o Z quer que seus chefes saibam","author":"noticiasribeiraopreto.com.br","date":"12 de March de 2024","format":false,"excerpt":"Maioria dos l\u00edderes tem dificuldade de conduzir o ambiente multigeracional e, especialmente, entender as necessidades da Gera\u00e7\u00e3o Z Como gestor, voc\u00ea trabalhou muito para chegar onde est\u00e1 hoje. Provavelmente teve chefes no in\u00edcio da carreira que n\u00e3o te ouviam ou faziam parecer que a sua contribui\u00e7\u00e3o para a empresa n\u00e3o\u2026","rel":"","context":"In &quot;Blog&quot;","block_context":{"text":"Blog","link":"https:\/\/noticiasribeiraopreto.com.br\/index.php\/category\/blog\/"},"img":{"alt_text":"","src":"https:\/\/i0.wp.com\/noticiasribeiraopreto.com.br\/wp-content\/uploads\/2024\/03\/carreira-geracao-z-trabalho-1-1024x683.jpg?fit=1024%2C683&ssl=1&resize=350%2C200","width":350,"height":200,"srcset":"https:\/\/i0.wp.com\/noticiasribeiraopreto.com.br\/wp-content\/uploads\/2024\/03\/carreira-geracao-z-trabalho-1-1024x683.jpg?fit=1024%2C683&ssl=1&resize=350%2C200 1x, https:\/\/i0.wp.com\/noticiasribeiraopreto.com.br\/wp-content\/uploads\/2024\/03\/carreira-geracao-z-trabalho-1-1024x683.jpg?fit=1024%2C683&ssl=1&resize=525%2C300 1.5x, https:\/\/i0.wp.com\/noticiasribeiraopreto.com.br\/wp-content\/uploads\/2024\/03\/carreira-geracao-z-trabalho-1-1024x683.jpg?fit=1024%2C683&ssl=1&resize=700%2C400 2x"},"classes":[]},{"id":1142,"url":"https:\/\/noticiasribeiraopreto.com.br\/index.php\/2023\/11\/10\/como-trabalhar-em-home-office-dicas-e-melhores-praticas\/","url_meta":{"origin":43933,"position":4},"title":"Como Trabalhar em Home Office \u2013 Dicas e Melhores Pr\u00e1ticas","author":"noticiasribeiraopreto.com.br","date":"10 de November de 2023","format":false,"excerpt":"O trabalho Home Office n\u00e3o \u00e9 para todos. \u00c9 preciso disciplina, independ\u00eancia e motiva\u00e7\u00e3o para conseguir cumprir as metas e se manter produtivo. Entretanto, atrav\u00e9s de algumas melhores pr\u00e1ticas, \u00e9 poss\u00edvel aumentar muito os n\u00edveis de efici\u00eancia produtividade, fazendo com que superem o de um time presencial. A seguir, est\u00e3o\u2026","rel":"","context":"In &quot;Vagas de Emprego em Ribeir\u00e3o Preto-SP&quot;","block_context":{"text":"Vagas de Emprego em Ribeir\u00e3o Preto-SP","link":"https:\/\/noticiasribeiraopreto.com.br\/index.php\/category\/empregos-classificados-vagas-trabalho\/vagas-de-empregos-em-ribeirao-preto-regiao-brasil\/"},"img":{"alt_text":"","src":"https:\/\/i0.wp.com\/noticiasribeiraopreto.com.br\/wp-content\/uploads\/2023\/11\/como-trabalhar-home-office.jpg?fit=400%2C267&ssl=1&resize=350%2C200","width":350,"height":200},"classes":[]},{"id":35813,"url":"https:\/\/noticiasribeiraopreto.com.br\/index.php\/2024\/02\/07\/a-bolsa-esta-barata-e-quem-ficar-de-fora-vai-se-arrepender-as-apostas-das-gestoras-para-acoes-em-2024\/","url_meta":{"origin":43933,"position":5},"title":"\u201cA bolsa est\u00e1 barata e quem ficar de fora vai se arrepender\u201d: As apostas das gestoras para a\u00e7\u00f5es em 2024","author":"noticiasribeiraopreto.com.br","date":"7 de February de 2024","format":false,"excerpt":"A bolsa brasileira sofreu uma \u201ctempestade perfeita\u201d nos \u00faltimos anos, com um ritmo acelerado de resgates na ind\u00fastria de fundos de a\u00e7\u00f5es e um \u201caspirador de valor\u201d, a escalada dos juros, levando a uma realoca\u00e7\u00e3o de portf\u00f3lio para a renda fixa. Para 2024, por\u00e9m, a perspectiva dos gestores \u00e9 positiva.\u00a0\u2026","rel":"","context":"In &quot;Dinheiro e Investimento&quot;","block_context":{"text":"Dinheiro e Investimento","link":"https:\/\/noticiasribeiraopreto.com.br\/index.php\/category\/dinheiro-e-investimento-como-fazer-como-ganhar\/"},"img":{"alt_text":"","src":"https:\/\/i0.wp.com\/noticiasribeiraopreto.com.br\/wp-content\/uploads\/2024\/02\/sd-acao-bolsa-aposta-para-2024-acoes-715x402.jpg?fit=715%2C402&ssl=1&resize=350%2C200","width":350,"height":200,"srcset":"https:\/\/i0.wp.com\/noticiasribeiraopreto.com.br\/wp-content\/uploads\/2024\/02\/sd-acao-bolsa-aposta-para-2024-acoes-715x402.jpg?fit=715%2C402&ssl=1&resize=350%2C200 1x, https:\/\/i0.wp.com\/noticiasribeiraopreto.com.br\/wp-content\/uploads\/2024\/02\/sd-acao-bolsa-aposta-para-2024-acoes-715x402.jpg?fit=715%2C402&ssl=1&resize=525%2C300 1.5x, https:\/\/i0.wp.com\/noticiasribeiraopreto.com.br\/wp-content\/uploads\/2024\/02\/sd-acao-bolsa-aposta-para-2024-acoes-715x402.jpg?fit=715%2C402&ssl=1&resize=700%2C400 2x"},"classes":[]}],"jetpack_sharing_enabled":true,"jetpack_shortlink":"https:\/\/wp.me\/peQAOb-bqB","_links":{"self":[{"href":"https:\/\/noticiasribeiraopreto.com.br\/index.php\/wp-json\/wp\/v2\/posts\/43933","targetHints":{"allow":["GET"]}}],"collection":[{"href":"https:\/\/noticiasribeiraopreto.com.br\/index.php\/wp-json\/wp\/v2\/posts"}],"about":[{"href":"https:\/\/noticiasribeiraopreto.com.br\/index.php\/wp-json\/wp\/v2\/types\/post"}],"author":[{"embeddable":true,"href":"https:\/\/noticiasribeiraopreto.com.br\/index.php\/wp-json\/wp\/v2\/users\/1"}],"replies":[{"embeddable":true,"href":"https:\/\/noticiasribeiraopreto.com.br\/index.php\/wp-json\/wp\/v2\/comments?post=43933"}],"version-history":[{"count":0,"href":"https:\/\/noticiasribeiraopreto.com.br\/index.php\/wp-json\/wp\/v2\/posts\/43933\/revisions"}],"wp:featuredmedia":[{"embeddable":true,"href":"https:\/\/noticiasribeiraopreto.com.br\/index.php\/wp-json\/wp\/v2\/media\/43934"}],"wp:attachment":[{"href":"https:\/\/noticiasribeiraopreto.com.br\/index.php\/wp-json\/wp\/v2\/media?parent=43933"}],"wp:term":[{"taxonomy":"category","embeddable":true,"href":"https:\/\/noticiasribeiraopreto.com.br\/index.php\/wp-json\/wp\/v2\/categories?post=43933"},{"taxonomy":"post_tag","embeddable":true,"href":"https:\/\/noticiasribeiraopreto.com.br\/index.php\/wp-json\/wp\/v2\/tags?post=43933"}],"curies":[{"name":"wp","href":"https:\/\/api.w.org\/{rel}","templated":true}]}}