{"id":43984,"date":"2024-03-25T09:06:30","date_gmt":"2024-03-25T12:06:30","guid":{"rendered":"https:\/\/noticiasribeiraopreto.com.br\/index.php\/2024\/03\/25\/hc-realiza-cirurgia-robotica-para-endometriose-saiba-mais-sobre-a-doenca\/"},"modified":"2024-03-25T09:06:30","modified_gmt":"2024-03-25T12:06:30","slug":"hc-realiza-cirurgia-robotica-para-endometriose-saiba-mais-sobre-a-doenca","status":"publish","type":"post","link":"https:\/\/noticiasribeiraopreto.com.br\/index.php\/2024\/03\/25\/hc-realiza-cirurgia-robotica-para-endometriose-saiba-mais-sobre-a-doenca\/","title":{"rendered":"HC realiza cirurgia rob\u00f3tica para endometriose, saiba mais sobre a doen\u00e7a\u00a0"},"content":{"rendered":"<div class='code-block code-block-1' style='margin: 8px 0 8px auto; text-align: right; display: block; clear: both;'>\n<p><a href=\"https:\/\/wa.link\/vpicfd\"><img data-recalc-dims=\"1\" class=\"wp-image-4922\" style=\"aspect-ratio: 2.0253164556962027; width: 561px; height: auto;\" src=\"https:\/\/i0.wp.com\/ismaelcolosi.com.br\/wp-content\/uploads\/2023\/11\/grupo-de-empregos-whatsapp-e-facebook-ismael-colosi-vagas.jpg?ssl=1\" alt=\"\" \/><\/a><\/p>\n<!-- \/wp:image -->\n<\/div>\n<p> <br \/>\n<\/p>\n<div>\n<p><span data-contrast=\"none\">Adriana Dorazi \u2013 especial para o Tribuna Ribeir\u00e3o<\/span><\/p>\n<figure id=\"attachment_378337\" aria-describedby=\"caption-attachment-378337\" style=\"width: 300px\" class=\"wp-caption alignleft\"><figcaption id=\"caption-attachment-378337\" class=\"wp-caption-text\">Equipe de cirurgia do HC (Divulga\u00e7\u00e3o)<\/figcaption><\/figure>\n<p><span data-contrast=\"none\">O Departamento de Ginecologia e Obstetr\u00edcia da Faculdade de Medicina de Ribeir\u00e3o Preto (FMRP) \u2013 Universidade de S\u00e3o Paulo (USP) iniciou neste ano, no Hospital das Cl\u00ednicas (HC-RP), o programa de cirurgia rob\u00f3tica como alternativa para o tratamento da endometriose. Essa doen\u00e7a atinge uma em cada 10 mulheres em idade reprodutiva com redu\u00e7\u00e3o significativa da qualidade de vida.<\/span><\/p>\n<p><span data-contrast=\"none\">At\u00e9 o momento foram realizadas tr\u00eas cirurgias e a previs\u00e3o \u00e9 que a equipe formada pelos doutores J\u00falio C\u00e9sar Rosa e Silva, Jos\u00e9 Vitor Zanardi e Fernando Passador Val\u00e9rio possam realizar pelo menos um procedimento a cada quinze dias.<\/span><\/p>\n<p><span data-contrast=\"none\">Segundo os especialistas a cirurgia rob\u00f3tica representa avan\u00e7o no tratamento da endometriose, oferecendo recupera\u00e7\u00e3o mais r\u00e1pida, menor cicatriz, melhor precis\u00e3o para o cirurgi\u00e3o, menor invas\u00e3o e visualiza\u00e7\u00e3o da \u00e1rea cir\u00fargica aprimorada. \u201cAs cirurgias foram muito bem-feitas, como sempre s\u00e3o, mas precisamos de dois, tr\u00eas meses para avaliar o impacto desse tipo de cirurgia nessas pacientes\u201d, explica o professor da FMRP, J\u00falio Cesar Rosa e Silva.<\/span><\/p>\n<p><span data-contrast=\"none\">\u201cEstamos propiciando as nossas pacientes uma cirurgia mais avan\u00e7ada tecnologicamente. Mas \u00e9 importante deixar bem claro que essa cirurgia pode ser realizada com a laparoscopia convencional sem que signifique comprometimento para paciente, nem em termos de resultado, nem de complica\u00e7\u00e3o. A cirurgia rob\u00f3tica \u00e9 mais c\u00f4moda e mais f\u00e1cil, mas o resultado em si \u00e9 semelhante\u201d, salienta o professor Rosa e Silva.<\/span><\/p>\n<p><b><span data-contrast=\"none\">Endometriose<\/span><\/b><br \/><span data-contrast=\"none\">A Endometriose \u00e9 uma condi\u00e7\u00e3o ginecol\u00f3gica cr\u00f4nica que afeta mulheres em idade reprodutiva e ocorre quando o tecido semelhante ao que normalmente reveste o interior do \u00fatero (endom\u00e9trio) come\u00e7a a crescer fora do \u00fatero. Esses crescimentos de tecido endometrial fora do \u00fatero s\u00e3o chamados de implantes de endometriose e podem se desenvolver nos ov\u00e1rios, nas trompas de Fal\u00f3pio, no tecido que reveste a p\u00e9lvis, e em raras ocasi\u00f5es, em \u00f3rg\u00e3os fora da regi\u00e3o p\u00e9lvica, como intestinos, pulm\u00f5es e outras \u00e1reas.<\/span><\/p>\n<p><span data-contrast=\"none\">\u201cFelizmente, 80% das mulheres acometidas t\u00eam a doen\u00e7a que a gente chama inicial. Mas os outros 20% t\u00eam doen\u00e7a avan\u00e7ada com comprometimento significativo na qualidade de vida dessas pacientes com quadro de dor e infertilidade, sendo uma das principais causas de infertilidade\u201d, comenta Rosa e Silva.<\/span><\/p>\n<p><span data-contrast=\"none\">Os sintomas geralmente s\u00e3o c\u00f3lica menstrual com dor muito exacerbada, muito fora do normal, dor para ter rela\u00e7\u00e3o sexual e dor \u00e0s vezes sem liga\u00e7\u00e3o com o ciclo menstrual ou com a rela\u00e7\u00e3o sexual, a dor ac\u00edclica. O quadro principal \u00e9 dor p\u00e9lvica cr\u00f4nica e infertilidade. O tratamento cl\u00ednico \u00e9 para 80% dos casos. Mas em 20% dos casos, quando o tratamento cl\u00ednico n\u00e3o melhora a qualidade de vida da paciente, a solu\u00e7\u00e3o \u00e9 cir\u00fargica.<\/span><\/p>\n<p><b><span data-contrast=\"none\">\u2018Mar\u00e7o Amarelo\u2019<\/span><\/b><br \/><span data-contrast=\"none\">Este m\u00eas \u00e9 marcado pela campanha de conscientiza\u00e7\u00e3o mundial sobre a endometriose. O diagn\u00f3stico \u00e9 feito pela suspeita cl\u00ednica, pelos sintomas da paciente e muitas vezes s\u00e3o necess\u00e1rios exames de imagem (resson\u00e2ncia magn\u00e9tica e ultrassom transvaginal) para o diagn\u00f3stico correto da doen\u00e7a. \u201c\u00c9 importante que a gente dissemine esse conhecimento para que consigamos fazer diagn\u00f3sticos cada vez mais precoces e melhorar a qualidade de vida das nossas pacientes\u201d, ressalta o professor Rosa e Silva.<\/span><\/p>\n<p><span data-contrast=\"none\">Segundo dados do Minist\u00e9rio da Sa\u00fade, entre 30% e 50% dessas mulheres podem enfrentar problemas de infertilidade, destacando a gravidade da endometriose. Apenas em 2021, foram registrados mais de 26 mil atendimentos da doen\u00e7a no pa\u00eds.<\/span><\/p>\n<figure id=\"attachment_378338\" aria-describedby=\"caption-attachment-378338\" style=\"width: 300px\" class=\"wp-caption alignleft\"><img data-recalc-dims=\"1\" loading=\"lazy\" decoding=\"async\" class=\"size-medium wp-image-378338\" src=\"https:\/\/i0.wp.com\/www.tribunaribeirao.com.br\/site\/wp-content\/uploads\/2024\/03\/3-Anderson-Melo-300x300.png?resize=300%2C300&#038;ssl=1\" alt=\"\" width=\"300\" height=\"300\" srcset=\"https:\/\/www.tribunaribeirao.com.br\/site\/wp-content\/uploads\/2024\/03\/3-Anderson-Melo-300x300.png 300w, https:\/\/www.tribunaribeirao.com.br\/site\/wp-content\/uploads\/2024\/03\/3-Anderson-Melo-1024x1024.png 1024w, https:\/\/www.tribunaribeirao.com.br\/site\/wp-content\/uploads\/2024\/03\/3-Anderson-Melo-150x150.png 150w, https:\/\/www.tribunaribeirao.com.br\/site\/wp-content\/uploads\/2024\/03\/3-Anderson-Melo-768x768.png 768w, https:\/\/www.tribunaribeirao.com.br\/site\/wp-content\/uploads\/2024\/03\/3-Anderson-Melo-480x480.png 480w, https:\/\/www.tribunaribeirao.com.br\/site\/wp-content\/uploads\/2024\/03\/3-Anderson-Melo-280x280.png 280w, https:\/\/www.tribunaribeirao.com.br\/site\/wp-content\/uploads\/2024\/03\/3-Anderson-Melo-960x960.png 960w, https:\/\/www.tribunaribeirao.com.br\/site\/wp-content\/uploads\/2024\/03\/3-Anderson-Melo-400x400.png 400w, https:\/\/www.tribunaribeirao.com.br\/site\/wp-content\/uploads\/2024\/03\/3-Anderson-Melo-585x585.png 585w, https:\/\/www.tribunaribeirao.com.br\/site\/wp-content\/uploads\/2024\/03\/3-Anderson-Melo.png 1080w\" sizes=\"auto, (max-width: 300px) 100vw, 300px\"\/><figcaption id=\"caption-attachment-378338\" class=\"wp-caption-text\">O ginecologista do Centro de Fertilidade de Ribeir\u00e3o Preto (CEFERP), Anderson Melo, esclarece que a endometriose exerce impactos significativos no sistema reprodutivo feminino\u00a0(Divulga\u00e7\u00e3o)<\/figcaption><\/figure>\n<p><span data-contrast=\"none\">O ginecologista do Centro de Fertilidade de Ribeir\u00e3o Preto (CEFERP), Anderson Melo, esclarece que a endometriose exerce impactos significativos no sistema reprodutivo feminino. Para al\u00e9m dos desafios f\u00edsicos, a endometriose pode desencadear uma cascata de problemas emocionais, incluindo ansiedade, depress\u00e3o e estresse.<\/span><\/p>\n<p><span data-contrast=\"none\">A intensidade das dores e o desconforto cr\u00f4nico que muitas mulheres enfrentam n\u00e3o apenas afetam drasticamente seu bem-estar f\u00edsico, mas tamb\u00e9m resultam em perdas significativas em seu c\u00edrculo social e podem impactar negativamente o desempenho no trabalho. Melo destaca a fundamental import\u00e2ncia do suporte psicol\u00f3gico, enfatizando que \u201cessas perdas, tanto a curto quanto a m\u00e9dio prazo, podem se tornar irrevers\u00edveis; portanto, o acompanhamento psicol\u00f3gico \u00e9 t\u00e3o vital quanto o acompanhamento ginecol\u00f3gico\u201d.<\/span><br \/><span data-ccp-props=\"{&quot;134233117&quot;:false,&quot;134233118&quot;:false,&quot;201341983&quot;:0,&quot;335557856&quot;:16777215,&quot;335559738&quot;:0,&quot;335559739&quot;:0,&quot;335559740&quot;:240}\">\u00a0<\/span><\/p>\n<p><b><span data-contrast=\"none\">Preven\u00e7\u00e3o da infertilidade<\/span><\/b><span data-ccp-props=\"{&quot;134233117&quot;:false,&quot;134233118&quot;:false,&quot;201341983&quot;:0,&quot;335557856&quot;:16777215,&quot;335559738&quot;:0,&quot;335559739&quot;:0,&quot;335559740&quot;:240}\">\u00a0<\/span><\/p>\n<p><span data-contrast=\"none\">Vale destacar a import\u00e2ncia do suporte multidisciplinar, reunindo ginecologistas, nutricionistas, acupunturistas, especialistas em fertilidade e profissionais de sa\u00fade mental. \u201cA colabora\u00e7\u00e3o entre essas especialidades \u00e9 fundamental para proporcionar \u00e0s pacientes n\u00e3o apenas al\u00edvio f\u00edsico e retorno da capacidade reprodutiva, mas tamb\u00e9m suporte emocional durante todo o processo, visando recupera\u00e7\u00e3o completa e bem-sucedida\u201d, enfatiza Melo.<\/span><span data-ccp-props=\"{&quot;134233117&quot;:false,&quot;134233118&quot;:false,&quot;201341983&quot;:0,&quot;335557856&quot;:16777215,&quot;335559738&quot;:0,&quot;335559739&quot;:0,&quot;335559740&quot;:240}\">\u00a0<\/span><\/p>\n<p><span data-ccp-props=\"{&quot;134233117&quot;:false,&quot;134233118&quot;:false,&quot;201341983&quot;:0,&quot;335557856&quot;:16777215,&quot;335559738&quot;:0,&quot;335559739&quot;:0,&quot;335559740&quot;:240}\">\u00a0<\/span><span data-contrast=\"none\">Outro ponto importante \u00e9 construir uma rede de apoio s\u00f3lida, composta por amigos,<\/span><span data-ccp-props=\"{&quot;134233117&quot;:false,&quot;134233118&quot;:false,&quot;201341983&quot;:0,&quot;335557856&quot;:16777215,&quot;335559738&quot;:0,&quot;335559739&quot;:0,&quot;335559740&quot;:240}\">\u00a0<\/span><\/p>\n<p><span data-contrast=\"none\">familiares e profissionais de sa\u00fade, \u00e9 fundamental para fornecer suporte emocional.<\/span><span data-ccp-props=\"{&quot;134233117&quot;:false,&quot;134233118&quot;:false,&quot;201341983&quot;:0,&quot;335557856&quot;:16777215,&quot;335559738&quot;:0,&quot;335559739&quot;:0,&quot;335559740&quot;:240}\">\u00a0<\/span><\/p>\n<p><span data-contrast=\"none\">Adotar um estilo de vida saud\u00e1vel, incluindo uma dieta equilibrada, exerc\u00edcios regulares e sono adequado, contribui para o bem-estar geral.<\/span><\/p>\n<p><span data-contrast=\"none\">Al\u00e9m disso, promover a educa\u00e7\u00e3o e conscientiza\u00e7\u00e3o sobre a endometriose \u00e9 essencial para combater o estigma associado \u00e0 doen\u00e7a. \u201cNo contexto do Mar\u00e7o Amarelo, \u00e9 urgente unir a comunidade na promo\u00e7\u00e3o da conscientiza\u00e7\u00e3o sobre a endometriose, reconhecendo n\u00e3o apenas os desafios f\u00edsicos, mas tamb\u00e9m os impactos emocionais significativos que essa condi\u00e7\u00e3o pode causar na vida das mulheres\u201d, finaliza o m\u00e9dico.<\/span><\/p>\n<p><b\/><br \/><span data-ccp-props=\"{&quot;201341983&quot;:0,&quot;335559739&quot;:160,&quot;335559740&quot;:259}\">\u00a0<\/span><\/p>\n<p><span data-ccp-props=\"{&quot;201341983&quot;:0,&quot;335559739&quot;:0,&quot;335559740&quot;:240}\">\u00a0<\/span><\/p>\n<p><span data-ccp-props=\"{&quot;201341983&quot;:0,&quot;335559739&quot;:0,&quot;335559740&quot;:240}\">\u00a0<\/span><\/p>\n<\/div>\n<p><br \/>\n<br \/><a href=\"https:\/\/www.tribunaribeirao.com.br\/site\/hc-realiza-cirurgia-robotica-para-endometriose-saiba-mais-sobre-a-doenca\/\">Source link <\/a><\/p>\n<!-- CONTENT END 1 -->\n","protected":false},"excerpt":{"rendered":"<p>Adriana Dorazi \u2013 especial para o Tribuna Ribeir\u00e3o Equipe de cirurgia do HC (Divulga\u00e7\u00e3o) O Departamento de Ginecologia e Obstetr\u00edcia da Faculdade de Medicina de&#8230;<\/p>\n","protected":false},"author":1,"featured_media":43985,"comment_status":"open","ping_status":"open","sticky":false,"template":"","format":"standard","meta":{"advanced_seo_description":"","jetpack_seo_html_title":"","jetpack_seo_noindex":false,"jetpack_post_was_ever_published":false,"_jetpack_newsletter_access":"","_jetpack_dont_email_post_to_subs":false,"_jetpack_newsletter_tier_id":0,"_jetpack_memberships_contains_paywalled_content":false,"_jetpack_memberships_contains_paid_content":false,"footnotes":"","jetpack_publicize_message":"","jetpack_publicize_feature_enabled":true,"jetpack_social_post_already_shared":true,"jetpack_social_options":{"image_generator_settings":{"template":"highway","default_image_id":0,"font":"","enabled":false},"version":2}},"categories":[11],"tags":[1559,4982,5213,276,71,415,5212,123,468],"class_list":["post-43984","post","type-post","status-publish","format-standard","has-post-thumbnail","hentry","category-noticias-de-ribeirao-preto-sp-e-regiao-ismael-colosi","tag-cirurgia","tag-doenca","tag-endometriose","tag-mais","tag-para","tag-realiza","tag-robotica","tag-saiba","tag-sobre"],"jetpack_publicize_connections":[],"jetpack_featured_media_url":"https:\/\/i0.wp.com\/noticiasribeiraopreto.com.br\/wp-content\/uploads\/2024\/03\/2-Endometriose-1.png?fit=1930%2C1080&ssl=1","jetpack-related-posts":[{"id":83716,"url":"https:\/\/noticiasribeiraopreto.com.br\/index.php\/2026\/03\/24\/marco-amarelo-diagnostico-da-endometriose-pode-demorar-ate-10-anos-alerta-medico\/","url_meta":{"origin":43984,"position":0},"title":"Mar\u00e7o Amarelo: Diagn\u00f3stico da endometriose pode demorar at\u00e9 10 anos, alerta m\u00e9dico","author":"noticiasribeiraopreto.com.br","date":"24 de March de 2026","format":false,"excerpt":"O m\u00e9dico ginecologista e especialista em cirurgia rob\u00f3tica Jos\u00e9 Vitor Zanardi, do Grupo S\u00e3o Lucas de Ribeir\u00e3o Preto, Jos\u00e9 Vitor Zanardi explica que as mulheres podem demorar at\u00e9 dez anos para descobrir que t\u00eam a endometriose. A doen\u00e7a inflamat\u00f3ria cr\u00f4nica atinge de 5% a 15% das mulheres em idade reprodutiva\u2026","rel":"","context":"In &quot;Not\u00edcias de Ribeir\u00e3o Preto-SP e Regi\u00e3o&quot;","block_context":{"text":"Not\u00edcias de Ribeir\u00e3o Preto-SP e Regi\u00e3o","link":"https:\/\/noticiasribeiraopreto.com.br\/index.php\/category\/noticias-de-ribeirao-preto-sp-e-regiao-ismael-colosi\/"},"img":{"alt_text":"","src":"https:\/\/i0.wp.com\/noticiasribeiraopreto.com.br\/wp-content\/uploads\/2026\/03\/WhatsApp-Image-2026-03-24-at-11.35.47_2026-03-24_14-36-07.webp.webp?fit=1200%2C675&ssl=1&resize=350%2C200","width":350,"height":200,"srcset":"https:\/\/i0.wp.com\/noticiasribeiraopreto.com.br\/wp-content\/uploads\/2026\/03\/WhatsApp-Image-2026-03-24-at-11.35.47_2026-03-24_14-36-07.webp.webp?fit=1200%2C675&ssl=1&resize=350%2C200 1x, https:\/\/i0.wp.com\/noticiasribeiraopreto.com.br\/wp-content\/uploads\/2026\/03\/WhatsApp-Image-2026-03-24-at-11.35.47_2026-03-24_14-36-07.webp.webp?fit=1200%2C675&ssl=1&resize=525%2C300 1.5x, https:\/\/i0.wp.com\/noticiasribeiraopreto.com.br\/wp-content\/uploads\/2026\/03\/WhatsApp-Image-2026-03-24-at-11.35.47_2026-03-24_14-36-07.webp.webp?fit=1200%2C675&ssl=1&resize=700%2C400 2x, https:\/\/i0.wp.com\/noticiasribeiraopreto.com.br\/wp-content\/uploads\/2026\/03\/WhatsApp-Image-2026-03-24-at-11.35.47_2026-03-24_14-36-07.webp.webp?fit=1200%2C675&ssl=1&resize=1050%2C600 3x"},"classes":[]},{"id":79340,"url":"https:\/\/noticiasribeiraopreto.com.br\/index.php\/2025\/10\/29\/tecnologia-e-precisao-na-nova-era-da-unimed-ribeirao-preto\/","url_meta":{"origin":43984,"position":1},"title":"Tecnologia e precis\u00e3o na nova era da Unimed Ribeir\u00e3o Preto","author":"noticiasribeiraopreto.com.br","date":"29 de October de 2025","format":false,"excerpt":"O Hospital Unimed Ribeir\u00e3o Preto vem escrevendo um novo cap\u00edtulo na hist\u00f3ria da medicina regional. Com o sistema rob\u00f3tico Da Vinci, a institui\u00e7\u00e3o ultrapassou a marca de 200 cirurgias em apenas 12 meses, confirmando sua voca\u00e7\u00e3o para unir tecnologia, seguran\u00e7a e excel\u00eancia em sa\u00fade. Desde a primeira cirurgia, em setembro\u2026","rel":"","context":"In &quot;Not\u00edcias de Ribeir\u00e3o Preto-SP e Regi\u00e3o&quot;","block_context":{"text":"Not\u00edcias de Ribeir\u00e3o Preto-SP e Regi\u00e3o","link":"https:\/\/noticiasribeiraopreto.com.br\/index.php\/category\/noticias-de-ribeirao-preto-sp-e-regiao-ismael-colosi\/"},"img":{"alt_text":"","src":"https:\/\/i0.wp.com\/noticiasribeiraopreto.com.br\/wp-content\/uploads\/2025\/10\/1-2025-10-29T170253.877_2025-10-29_20-09-43.webp.webp?fit=1200%2C800&ssl=1&resize=350%2C200","width":350,"height":200,"srcset":"https:\/\/i0.wp.com\/noticiasribeiraopreto.com.br\/wp-content\/uploads\/2025\/10\/1-2025-10-29T170253.877_2025-10-29_20-09-43.webp.webp?fit=1200%2C800&ssl=1&resize=350%2C200 1x, https:\/\/i0.wp.com\/noticiasribeiraopreto.com.br\/wp-content\/uploads\/2025\/10\/1-2025-10-29T170253.877_2025-10-29_20-09-43.webp.webp?fit=1200%2C800&ssl=1&resize=525%2C300 1.5x, https:\/\/i0.wp.com\/noticiasribeiraopreto.com.br\/wp-content\/uploads\/2025\/10\/1-2025-10-29T170253.877_2025-10-29_20-09-43.webp.webp?fit=1200%2C800&ssl=1&resize=700%2C400 2x, https:\/\/i0.wp.com\/noticiasribeiraopreto.com.br\/wp-content\/uploads\/2025\/10\/1-2025-10-29T170253.877_2025-10-29_20-09-43.webp.webp?fit=1200%2C800&ssl=1&resize=1050%2C600 3x"},"classes":[]},{"id":55313,"url":"https:\/\/noticiasribeiraopreto.com.br\/index.php\/2024\/07\/31\/hospital-das-clinicas-de-ribeirao-preto-realiza-cirurgia-inedita-com-robo-em-bebe-de-7-meses\/","url_meta":{"origin":43984,"position":2},"title":"Hospital das Cl\u00ednicas de Ribeir\u00e3o Preto realiza cirurgia in\u00e9dita com rob\u00f4 em beb\u00ea de 7 meses","author":"noticiasribeiraopreto.com.br","date":"31 de July de 2024","format":false,"excerpt":"O HCRP (Hospital das Cl\u00ednicas de Ribeir\u00e3o Preto) realizou uma cirurgia in\u00e9dita em todo o mundo utilizando um rob\u00f4 para a retirada de 98% do p\u00e2ncreas de um beb\u00ea de sete meses de idade. O procedimento foi necess\u00e1rio, por conta de uma doen\u00e7a rara,chamada hiperinsulinismo cong\u00eanito, que faz com que\u2026","rel":"","context":"In &quot;Not\u00edcias de Ribeir\u00e3o Preto-SP e Regi\u00e3o&quot;","block_context":{"text":"Not\u00edcias de Ribeir\u00e3o Preto-SP e Regi\u00e3o","link":"https:\/\/noticiasribeiraopreto.com.br\/index.php\/category\/noticias-de-ribeirao-preto-sp-e-regiao-ismael-colosi\/"},"img":{"alt_text":"","src":"https:\/\/i0.wp.com\/noticiasribeiraopreto.com.br\/wp-content\/uploads\/2024\/07\/Copia-de-Copia-de-TAMANHO-EXATO-PARA-FOTOS-NO-SISTEMA-NOVO-16_2024-07-31_19-18-01_jpg_2024-07-31_19-18-01.webp.webp?fit=1200%2C675&ssl=1&resize=350%2C200","width":350,"height":200,"srcset":"https:\/\/i0.wp.com\/noticiasribeiraopreto.com.br\/wp-content\/uploads\/2024\/07\/Copia-de-Copia-de-TAMANHO-EXATO-PARA-FOTOS-NO-SISTEMA-NOVO-16_2024-07-31_19-18-01_jpg_2024-07-31_19-18-01.webp.webp?fit=1200%2C675&ssl=1&resize=350%2C200 1x, https:\/\/i0.wp.com\/noticiasribeiraopreto.com.br\/wp-content\/uploads\/2024\/07\/Copia-de-Copia-de-TAMANHO-EXATO-PARA-FOTOS-NO-SISTEMA-NOVO-16_2024-07-31_19-18-01_jpg_2024-07-31_19-18-01.webp.webp?fit=1200%2C675&ssl=1&resize=525%2C300 1.5x, https:\/\/i0.wp.com\/noticiasribeiraopreto.com.br\/wp-content\/uploads\/2024\/07\/Copia-de-Copia-de-TAMANHO-EXATO-PARA-FOTOS-NO-SISTEMA-NOVO-16_2024-07-31_19-18-01_jpg_2024-07-31_19-18-01.webp.webp?fit=1200%2C675&ssl=1&resize=700%2C400 2x, https:\/\/i0.wp.com\/noticiasribeiraopreto.com.br\/wp-content\/uploads\/2024\/07\/Copia-de-Copia-de-TAMANHO-EXATO-PARA-FOTOS-NO-SISTEMA-NOVO-16_2024-07-31_19-18-01_jpg_2024-07-31_19-18-01.webp.webp?fit=1200%2C675&ssl=1&resize=1050%2C600 3x"},"classes":[]},{"id":73796,"url":"https:\/\/noticiasribeiraopreto.com.br\/index.php\/2025\/07\/10\/sus-tera-duas-novas-opcoes-de-tratamento-hormonal-para-endometriose\/","url_meta":{"origin":43984,"position":3},"title":"SUS ter\u00e1 duas novas op\u00e7\u00f5es de tratamento hormonal para endometriose","author":"noticiasribeiraopreto.com.br","date":"10 de July de 2025","format":false,"excerpt":"10 de julho de 2025 08:578 Compartilhar0 Mulheres que sofrem com endometriose agora t\u00eam \u00e0 disposi\u00e7\u00e3o duas novas op\u00e7\u00f5es de tratamento hormonal\u00a0no SUS, Sistema \u00danico de Sa\u00fade.\u00a0O DIU-LNG \u2013 Dispositivo Intrauterino Liberador de Levonogestrel, e o desogestrel\u00a0v\u00e3o ajudar a diminuir as dores causadas pela doen\u00e7a e a melhorar a qualidade\u2026","rel":"","context":"In &quot;Not\u00edcias de Ribeir\u00e3o Preto-SP e Regi\u00e3o&quot;","block_context":{"text":"Not\u00edcias de Ribeir\u00e3o Preto-SP e Regi\u00e3o","link":"https:\/\/noticiasribeiraopreto.com.br\/index.php\/category\/noticias-de-ribeirao-preto-sp-e-regiao-ismael-colosi\/"},"img":{"alt_text":"","src":"https:\/\/i0.wp.com\/noticiasribeiraopreto.com.br\/wp-content\/uploads\/2025\/07\/sus.jpeg?fit=1170%2C700&ssl=1&resize=350%2C200","width":350,"height":200,"srcset":"https:\/\/i0.wp.com\/noticiasribeiraopreto.com.br\/wp-content\/uploads\/2025\/07\/sus.jpeg?fit=1170%2C700&ssl=1&resize=350%2C200 1x, https:\/\/i0.wp.com\/noticiasribeiraopreto.com.br\/wp-content\/uploads\/2025\/07\/sus.jpeg?fit=1170%2C700&ssl=1&resize=525%2C300 1.5x, https:\/\/i0.wp.com\/noticiasribeiraopreto.com.br\/wp-content\/uploads\/2025\/07\/sus.jpeg?fit=1170%2C700&ssl=1&resize=700%2C400 2x, https:\/\/i0.wp.com\/noticiasribeiraopreto.com.br\/wp-content\/uploads\/2025\/07\/sus.jpeg?fit=1170%2C700&ssl=1&resize=1050%2C600 3x"},"classes":[]},{"id":52589,"url":"https:\/\/noticiasribeiraopreto.com.br\/index.php\/2024\/06\/10\/hc-rp-e-o-primeiro-hospital-publico-da-america-latina-a-usar-robo-em-cirurgia-de-coluna\/","url_meta":{"origin":43984,"position":4},"title":"HC-RP \u00e9 o primeiro hospital p\u00fablico da Am\u00e9rica Latina a usar rob\u00f4 em cirurgia de coluna","author":"noticiasribeiraopreto.com.br","date":"10 de June de 2024","format":false,"excerpt":"O HC-RP (Hospital das Cl\u00ednicas de Ribeir\u00e3o Preto) foi o primeiro hospital p\u00fablico da Am\u00e9rica Latina a realizar uma cirurgia utilizando um rob\u00f4 cir\u00fargico. O procedimento ocorreu na \u00faltima sexta-feira (7) em um paciente de 66 anos com escoliose degenerativa. Ap\u00f3s cinco dias internado, a previs\u00e3o \u00e9 de que o\u2026","rel":"","context":"In &quot;Not\u00edcias de Ribeir\u00e3o Preto-SP e Regi\u00e3o&quot;","block_context":{"text":"Not\u00edcias de Ribeir\u00e3o Preto-SP e Regi\u00e3o","link":"https:\/\/noticiasribeiraopreto.com.br\/index.php\/category\/noticias-de-ribeirao-preto-sp-e-regiao-ismael-colosi\/"},"img":{"alt_text":"","src":"https:\/\/i0.wp.com\/noticiasribeiraopreto.com.br\/wp-content\/uploads\/2024\/06\/Copia-de-Copia-de-TAMANHO-EXATO-PARA-FOTOS-NO-SISTEMA-NOVO-2_2024-06-10_14-22-29_jpg_2024-06-10_14-22-29.webp.webp?fit=1200%2C675&ssl=1&resize=350%2C200","width":350,"height":200,"srcset":"https:\/\/i0.wp.com\/noticiasribeiraopreto.com.br\/wp-content\/uploads\/2024\/06\/Copia-de-Copia-de-TAMANHO-EXATO-PARA-FOTOS-NO-SISTEMA-NOVO-2_2024-06-10_14-22-29_jpg_2024-06-10_14-22-29.webp.webp?fit=1200%2C675&ssl=1&resize=350%2C200 1x, https:\/\/i0.wp.com\/noticiasribeiraopreto.com.br\/wp-content\/uploads\/2024\/06\/Copia-de-Copia-de-TAMANHO-EXATO-PARA-FOTOS-NO-SISTEMA-NOVO-2_2024-06-10_14-22-29_jpg_2024-06-10_14-22-29.webp.webp?fit=1200%2C675&ssl=1&resize=525%2C300 1.5x, https:\/\/i0.wp.com\/noticiasribeiraopreto.com.br\/wp-content\/uploads\/2024\/06\/Copia-de-Copia-de-TAMANHO-EXATO-PARA-FOTOS-NO-SISTEMA-NOVO-2_2024-06-10_14-22-29_jpg_2024-06-10_14-22-29.webp.webp?fit=1200%2C675&ssl=1&resize=700%2C400 2x, https:\/\/i0.wp.com\/noticiasribeiraopreto.com.br\/wp-content\/uploads\/2024\/06\/Copia-de-Copia-de-TAMANHO-EXATO-PARA-FOTOS-NO-SISTEMA-NOVO-2_2024-06-10_14-22-29_jpg_2024-06-10_14-22-29.webp.webp?fit=1200%2C675&ssl=1&resize=1050%2C600 3x"},"classes":[]},{"id":79804,"url":"https:\/\/noticiasribeiraopreto.com.br\/index.php\/2025\/11\/07\/hc-ribeirao-preto-realiza-nova-etapa-de-cirurgia-em-gemeas-siamesas\/","url_meta":{"origin":43984,"position":5},"title":"HC Ribeir\u00e3o Preto realiza nova etapa de cirurgia em g\u00eameas siamesas","author":"noticiasribeiraopreto.com.br","date":"7 de November de 2025","format":false,"excerpt":"O Hospital das Cl\u00ednicas da Faculdade de Medicina de Ribeir\u00e3o Preto da USP (HCFMRP-USP) realiza neste s\u00e1bado (8) a segunda cirurgia para separa\u00e7\u00e3o das irm\u00e3s siamesas Helo\u00edsa e Helena, nascidas em S\u00e3o Jos\u00e9 dos Campos. As crian\u00e7as nasceram unidas pela cabe\u00e7a e est\u00e3o em acompanhamento m\u00e9dico desde o primeiro procedimento.\u2026","rel":"","context":"In &quot;Not\u00edcias de Ribeir\u00e3o Preto-SP e Regi\u00e3o&quot;","block_context":{"text":"Not\u00edcias de Ribeir\u00e3o Preto-SP e Regi\u00e3o","link":"https:\/\/noticiasribeiraopreto.com.br\/index.php\/category\/noticias-de-ribeirao-preto-sp-e-regiao-ismael-colosi\/"},"img":{"alt_text":"","src":"https:\/\/i0.wp.com\/noticiasribeiraopreto.com.br\/wp-content\/uploads\/2025\/08\/WhatsApp-Image-2025-08-23-at-18.36.25_2025-08-24_15-18-42.webp.webp?fit=1200%2C677&ssl=1&resize=350%2C200","width":350,"height":200,"srcset":"https:\/\/i0.wp.com\/noticiasribeiraopreto.com.br\/wp-content\/uploads\/2025\/08\/WhatsApp-Image-2025-08-23-at-18.36.25_2025-08-24_15-18-42.webp.webp?fit=1200%2C677&ssl=1&resize=350%2C200 1x, https:\/\/i0.wp.com\/noticiasribeiraopreto.com.br\/wp-content\/uploads\/2025\/08\/WhatsApp-Image-2025-08-23-at-18.36.25_2025-08-24_15-18-42.webp.webp?fit=1200%2C677&ssl=1&resize=525%2C300 1.5x, https:\/\/i0.wp.com\/noticiasribeiraopreto.com.br\/wp-content\/uploads\/2025\/08\/WhatsApp-Image-2025-08-23-at-18.36.25_2025-08-24_15-18-42.webp.webp?fit=1200%2C677&ssl=1&resize=700%2C400 2x, https:\/\/i0.wp.com\/noticiasribeiraopreto.com.br\/wp-content\/uploads\/2025\/08\/WhatsApp-Image-2025-08-23-at-18.36.25_2025-08-24_15-18-42.webp.webp?fit=1200%2C677&ssl=1&resize=1050%2C600 3x"},"classes":[]}],"jetpack_sharing_enabled":true,"jetpack_shortlink":"https:\/\/wp.me\/peQAOb-brq","_links":{"self":[{"href":"https:\/\/noticiasribeiraopreto.com.br\/index.php\/wp-json\/wp\/v2\/posts\/43984","targetHints":{"allow":["GET"]}}],"collection":[{"href":"https:\/\/noticiasribeiraopreto.com.br\/index.php\/wp-json\/wp\/v2\/posts"}],"about":[{"href":"https:\/\/noticiasribeiraopreto.com.br\/index.php\/wp-json\/wp\/v2\/types\/post"}],"author":[{"embeddable":true,"href":"https:\/\/noticiasribeiraopreto.com.br\/index.php\/wp-json\/wp\/v2\/users\/1"}],"replies":[{"embeddable":true,"href":"https:\/\/noticiasribeiraopreto.com.br\/index.php\/wp-json\/wp\/v2\/comments?post=43984"}],"version-history":[{"count":0,"href":"https:\/\/noticiasribeiraopreto.com.br\/index.php\/wp-json\/wp\/v2\/posts\/43984\/revisions"}],"wp:featuredmedia":[{"embeddable":true,"href":"https:\/\/noticiasribeiraopreto.com.br\/index.php\/wp-json\/wp\/v2\/media\/43985"}],"wp:attachment":[{"href":"https:\/\/noticiasribeiraopreto.com.br\/index.php\/wp-json\/wp\/v2\/media?parent=43984"}],"wp:term":[{"taxonomy":"category","embeddable":true,"href":"https:\/\/noticiasribeiraopreto.com.br\/index.php\/wp-json\/wp\/v2\/categories?post=43984"},{"taxonomy":"post_tag","embeddable":true,"href":"https:\/\/noticiasribeiraopreto.com.br\/index.php\/wp-json\/wp\/v2\/tags?post=43984"}],"curies":[{"name":"wp","href":"https:\/\/api.w.org\/{rel}","templated":true}]}}