{"id":44041,"date":"2024-03-25T13:03:52","date_gmt":"2024-03-25T16:03:52","guid":{"rendered":"https:\/\/noticiasribeiraopreto.com.br\/index.php\/2024\/03\/25\/tjsp-nega-liberdade-a-defesa-de-engenheira-agronoma\/"},"modified":"2024-03-25T13:03:52","modified_gmt":"2024-03-25T16:03:52","slug":"tjsp-nega-liberdade-a-defesa-de-engenheira-agronoma","status":"publish","type":"post","link":"https:\/\/noticiasribeiraopreto.com.br\/index.php\/2024\/03\/25\/tjsp-nega-liberdade-a-defesa-de-engenheira-agronoma\/","title":{"rendered":"TJSP nega liberdade \u00e0 defesa de engenheira agr\u00f4noma"},"content":{"rendered":"<div class='code-block code-block-1' style='margin: 8px 0 8px auto; text-align: right; display: block; clear: both;'>\n<p><a href=\"https:\/\/wa.link\/vpicfd\"><img data-recalc-dims=\"1\" class=\"wp-image-4922\" style=\"aspect-ratio: 2.0253164556962027; width: 561px; height: auto;\" src=\"https:\/\/i0.wp.com\/ismaelcolosi.com.br\/wp-content\/uploads\/2023\/11\/grupo-de-empregos-whatsapp-e-facebook-ismael-colosi-vagas.jpg?ssl=1\" alt=\"\" \/><\/a><\/p>\n<!-- \/wp:image -->\n<\/div>\n<p> <br \/>\n<\/p>\n<div id=\"\">\n<h2 class=\"penci-post-subtitle\">Mulher segue presa em Guariba enquanto Pol\u00edcia Civil ouve testemunhas e prepara inqu\u00e9rito<\/h2>\n<p>\n<span class=\"entry-meta-item penci-posted-on\"><i class=\"fa fa-clock-o\"\/><time class=\"entry-date published updated\" datetime=\"2024-03-25T13:03:20-03:00\">25 de mar\u00e7o de 2024 | 13:03<\/time><\/span> <\/p>\n<p><span class=\"penci-social-buttons penci-social-share-footer\"><a href=\"#\" class=\"penci-post-like penci_post-meta_item  single-like-button penci-social-item like\" data-post_id=\"378434\" title=\"Like\" data-like=\"Like\" data-unlike=\"Unlike\"><i class=\"fa fa-thumbs-o-up\"\/><span class=\"penci-share-number\">1<\/span><\/a><i class=\"fa fa-facebook\"\/><a class=\"penci-social-item twitter\" target=\"_blank\" rel=\"noopener\" title=\"\" href=\"https:\/\/twitter.com\/intent\/tweet?text=TJSP%20nega%20liberdade%20\u00e0%20defesa%20de%20engenheira%20agr\u00f4noma%20-%20https:\/\/www.tribunaribeirao.com.br\/site\/tjsp-nega-liberdade-a-defesa-de-engenheira-agronoma\/\"><i class=\"fa fa-twitter\"\/><\/a><i class=\"fa fa-whatsapp\"\/><\/span> <\/div>\n<div>\n<p>Por: Adalberto Luque<\/p>\n<p>O Tribunal de Justi\u00e7a de S\u00e3o Paulo (TJSP) indeferiu o pedido de liberdade feito pela defesa da engenheira agr\u00f4noma Ana Paula Junqueira, presa em flagrante por agress\u00e3o a um casal, tentativa de suborno a policiais militares e abandono de incapaz \u2013 ela teria deixado sua filha sozinha para ir a um posto de combust\u00edveis onde consumiu bebida alco\u00f3lica.<\/p>\n<p>O TJSP rejeitou o recurso da defesa que solicitava uma limitar para que Ana Paula pudesse responder em liberdade. O \u00f3rg\u00e3o ainda vai apreciar o m\u00e9rito do habeas corpus, que tamb\u00e9m teria sido pedido pela Justi\u00e7a.<\/p>\n<p>Antes, a defesa teve recusados a revoga\u00e7\u00e3o da pris\u00e3o preventiva e o pedido de pris\u00e3o domiciliar pela Justi\u00e7a em Ribeir\u00e3o Preto. Mesmo que haja nova recusa do Tribunal, a defesa ainda pode tentar a liberdade de Ana Paula em inst\u00e2ncias superiores.<\/p>\n<p><span style=\"color: #008000\"><em><strong>Relembre o caso<\/strong><\/em><\/span><\/p>\n<p>Na noite de s\u00e1bado (16 de mar\u00e7o) ela se envolveu em uma briga num posto de combust\u00edveis. Inicialmente, a agr\u00f4noma foi dar marcha \u00e0 r\u00e9 em seu carro e bateu em um outro carro, onde estavam um casal e um beb\u00ea de dois meses.<\/p>\n<p>Houve uma discuss\u00e3o entre as duas mulheres e Ana Paula atingiu novamente o carro, segundo testemunhas, de forma intencional. Houve nova discuss\u00e3o e c\u00e2meras de seguran\u00e7a mostram a agr\u00f4noma agredindo o casal.<\/p>\n<p>A Pol\u00edcia Militar foi chamada. Enquanto os policiais colhiam depoimentos no interior da loja de conveni\u00eancia do posto, Ana Paula foi filmada bebendo cerveja e ofendendo algumas pessoas. Tamb\u00e9m ofendeu os policiais.<\/p>\n<p>Ao entrar na viatura para seguir at\u00e9 a delegacia, ela teria oferecido suborno para os PMs de R$ 50 mil at\u00e9 R$ 500 mil, dizendo ser dona de fazenda. Na delegacia, se recusou a fazer o baf\u00f4metro e um m\u00e9dico teria feito um exame cl\u00ednico constatando embriaguez. Durante a elabora\u00e7\u00e3o do Boletim de Ocorr\u00eancia, a mulher disse que sua filha, de nove anos, estava sozinha em casa.<\/p>\n<p>A PM foi at\u00e9 o local com o pai da crian\u00e7a e resgataram a menina. Ana Paula foi autuada por seis crimes: embriaguez ao volante, dano, les\u00e3o corporal, desacato, corrup\u00e7\u00e3o ativa e abandono de incapaz. Foi presa em flagrante e, desde 17 de mar\u00e7o, est\u00e1 na Cadeia Feminina de Guariba.<\/p>\n<p>A defesa de Ana Paula entrou com pedido de habeas corpus, onde o advogado alega que ela faz tratamento psiqui\u00e1trico h\u00e1 15 anos, que n\u00e3o estaria alcoolizada e nem teria deixado a filha sozinha. Tamb\u00e9m justifica que a mulher do outro carro teria tirado a chave de seu ve\u00edculo.<\/p>\n<p>Os pedidos de revoga\u00e7\u00e3o da pris\u00e3o preventiva e de pris\u00e3o domiciliar, foram indeferidos pela Justi\u00e7a em Ribeir\u00e3o Preto. Novo recurso foi feito junto ao TJSP, que negou liminar, mas ainda iria apreciar o m\u00e9rito do pedido de habeas corpus. Pelo menos por enquanto Ana Paula segue presa.<\/p>\n<\/div>\n<p><script async src=\"\/\/platform.twitter.com\/widgets.js\" charset=\"utf-8\"><\/script><br \/>\n<br \/><br \/>\n<br \/><a href=\"https:\/\/www.tribunaribeirao.com.br\/site\/tjsp-nega-liberdade-a-defesa-de-engenheira-agronoma\/\">Source link <\/a><\/p>\n<!-- CONTENT END 1 -->\n","protected":false},"excerpt":{"rendered":"<p>Mulher segue presa em Guariba enquanto Pol\u00edcia Civil ouve testemunhas e prepara inqu\u00e9rito 25 de mar\u00e7o de 2024 | 13:03 1 Por: Adalberto Luque O&#8230;<\/p>\n","protected":false},"author":1,"featured_media":44042,"comment_status":"open","ping_status":"open","sticky":false,"template":"","format":"standard","meta":{"advanced_seo_description":"","jetpack_seo_html_title":"","jetpack_seo_noindex":false,"jetpack_post_was_ever_published":false,"_jetpack_newsletter_access":"","_jetpack_dont_email_post_to_subs":false,"_jetpack_newsletter_tier_id":0,"_jetpack_memberships_contains_paywalled_content":false,"_jetpack_memberships_contains_paid_content":false,"footnotes":"","jetpack_publicize_message":"","jetpack_publicize_feature_enabled":true,"jetpack_social_post_already_shared":true,"jetpack_social_options":{"image_generator_settings":{"template":"highway","default_image_id":0,"font":"","enabled":false},"version":2}},"categories":[11],"tags":[5151,544,5216,5150,1873,3373],"class_list":["post-44041","post","type-post","status-publish","format-standard","has-post-thumbnail","hentry","category-noticias-de-ribeirao-preto-sp-e-regiao-ismael-colosi","tag-agronoma","tag-defesa","tag-engenheira","tag-liberdade","tag-nega","tag-tjsp"],"jetpack_publicize_connections":[],"jetpack_featured_media_url":"https:\/\/i0.wp.com\/noticiasribeiraopreto.com.br\/wp-content\/uploads\/2024\/03\/00-25-mar-2024-negado-habeas-corpus-foto-redes-sociais.jpg?fit=551%2C645&ssl=1","jetpack-related-posts":[{"id":44035,"url":"https:\/\/noticiasribeiraopreto.com.br\/index.php\/2024\/03\/25\/justica-nega-liberdade-a-engenheira-presa-por-confusao-em-loja-de-conveniencia-de-ribeirao-preto\/","url_meta":{"origin":44041,"position":0},"title":"Justi\u00e7a nega liberdade \u00e0 engenheira presa por confus\u00e3o em loja de conveni\u00eancia de Ribeir\u00e3o Preto","author":"noticiasribeiraopreto.com.br","date":"25 de March de 2024","format":false,"excerpt":"O Tribunal de Justi\u00e7a de S\u00e3o Paulo negou na manh\u00e3 desta segunda-feira (25), o pedido de liberdade \u00e0 engenheira agr\u00f4noma Ana Paula Junqueira, de 43 anos, presa no \u00faltimo dia 16 por se envolver em uma confus\u00e3o dentro de uma loja de conveni\u00eancia de um posto de combust\u00edvel, no bairro\u2026","rel":"","context":"In &quot;Not\u00edcias de Ribeir\u00e3o Preto-SP e Regi\u00e3o&quot;","block_context":{"text":"Not\u00edcias de Ribeir\u00e3o Preto-SP e Regi\u00e3o","link":"https:\/\/noticiasribeiraopreto.com.br\/index.php\/category\/noticias-de-ribeirao-preto-sp-e-regiao-ismael-colosi\/"},"img":{"alt_text":"","src":"https:\/\/i0.wp.com\/noticiasribeiraopreto.com.br\/wp-content\/uploads\/2024\/03\/1711380828_ENGENHEIRA.jpg?fit=1200%2C809&ssl=1&resize=350%2C200","width":350,"height":200,"srcset":"https:\/\/i0.wp.com\/noticiasribeiraopreto.com.br\/wp-content\/uploads\/2024\/03\/1711380828_ENGENHEIRA.jpg?fit=1200%2C809&ssl=1&resize=350%2C200 1x, https:\/\/i0.wp.com\/noticiasribeiraopreto.com.br\/wp-content\/uploads\/2024\/03\/1711380828_ENGENHEIRA.jpg?fit=1200%2C809&ssl=1&resize=525%2C300 1.5x, https:\/\/i0.wp.com\/noticiasribeiraopreto.com.br\/wp-content\/uploads\/2024\/03\/1711380828_ENGENHEIRA.jpg?fit=1200%2C809&ssl=1&resize=700%2C400 2x, https:\/\/i0.wp.com\/noticiasribeiraopreto.com.br\/wp-content\/uploads\/2024\/03\/1711380828_ENGENHEIRA.jpg?fit=1200%2C809&ssl=1&resize=1050%2C600 3x"},"classes":[]},{"id":43488,"url":"https:\/\/noticiasribeiraopreto.com.br\/index.php\/2024\/03\/21\/defesa-pede-liberdade-de-agronoma-que-brigou-em-posto-de-combustiveis\/","url_meta":{"origin":44041,"position":1},"title":"Defesa pede liberdade de agr\u00f4noma que brigou em posto de combust\u00edveis","author":"noticiasribeiraopreto.com.br","date":"21 de March de 2024","format":false,"excerpt":"21 de mar\u00e7o de 2024 | 15:4221 de mar\u00e7o de 2024 | 15:42 1 A defesa da engenheira agr\u00f4noma Ana Paula Junqueira, de 43 anos, entrou com pedido de habeas corpus para que sua cliente possa acompanhar o inqu\u00e9rito em liberdade. Ana Paula est\u00e1 presa na Cadeia Feminina de Guariba\u2026","rel":"","context":"In &quot;Not\u00edcias de Ribeir\u00e3o Preto-SP e Regi\u00e3o&quot;","block_context":{"text":"Not\u00edcias de Ribeir\u00e3o Preto-SP e Regi\u00e3o","link":"https:\/\/noticiasribeiraopreto.com.br\/index.php\/category\/noticias-de-ribeirao-preto-sp-e-regiao-ismael-colosi\/"},"img":{"alt_text":"","src":"https:\/\/i0.wp.com\/noticiasribeiraopreto.com.br\/wp-content\/uploads\/2024\/03\/00-21-mar-2024-ana-paula-junqueira-foto-redes-sociais-scaled.jpg?fit=645%2C645&ssl=1&resize=350%2C200","width":350,"height":200,"srcset":"https:\/\/i0.wp.com\/noticiasribeiraopreto.com.br\/wp-content\/uploads\/2024\/03\/00-21-mar-2024-ana-paula-junqueira-foto-redes-sociais-scaled.jpg?fit=645%2C645&ssl=1&resize=350%2C200 1x, https:\/\/i0.wp.com\/noticiasribeiraopreto.com.br\/wp-content\/uploads\/2024\/03\/00-21-mar-2024-ana-paula-junqueira-foto-redes-sociais-scaled.jpg?fit=645%2C645&ssl=1&resize=525%2C300 1.5x"},"classes":[]},{"id":44478,"url":"https:\/\/noticiasribeiraopreto.com.br\/index.php\/2024\/03\/27\/justica-concede-liberdade-provisoria-para-agronoma\/","url_meta":{"origin":44041,"position":2},"title":"Justi\u00e7a concede liberdade provis\u00f3ria para agr\u00f4noma","author":"noticiasribeiraopreto.com.br","date":"27 de March de 2024","format":false,"excerpt":"Mulher teria se envolvido em confus\u00e3o num posto de combust\u00edveis e deve responder por seis crimes 27 de mar\u00e7o de 2024 | 12:17 2 A Justi\u00e7a concedeu liberdade provis\u00f3ria para Ana Paula Junqueira, engenheira agr\u00f4noma que foi presa ap\u00f3s briga em um posto de combust\u00edveis no Jardim Paulista, zona Leste\u2026","rel":"","context":"In &quot;Not\u00edcias de Ribeir\u00e3o Preto-SP e Regi\u00e3o&quot;","block_context":{"text":"Not\u00edcias de Ribeir\u00e3o Preto-SP e Regi\u00e3o","link":"https:\/\/noticiasribeiraopreto.com.br\/index.php\/category\/noticias-de-ribeirao-preto-sp-e-regiao-ismael-colosi\/"},"img":{"alt_text":"","src":"https:\/\/i0.wp.com\/noticiasribeiraopreto.com.br\/wp-content\/uploads\/2024\/03\/1711585624_00-25-mar-2024-negado-habeas-corpus-foto-redes-sociais.jpg?fit=551%2C645&ssl=1&resize=350%2C200","width":350,"height":200,"srcset":"https:\/\/i0.wp.com\/noticiasribeiraopreto.com.br\/wp-content\/uploads\/2024\/03\/1711585624_00-25-mar-2024-negado-habeas-corpus-foto-redes-sociais.jpg?fit=551%2C645&ssl=1&resize=350%2C200 1x, https:\/\/i0.wp.com\/noticiasribeiraopreto.com.br\/wp-content\/uploads\/2024\/03\/1711585624_00-25-mar-2024-negado-habeas-corpus-foto-redes-sociais.jpg?fit=551%2C645&ssl=1&resize=525%2C300 1.5x"},"classes":[]},{"id":43476,"url":"https:\/\/noticiasribeiraopreto.com.br\/index.php\/2024\/03\/21\/veja-o-que-diz-a-defesa-da-mulher-presa-apos-confusao-em-loja-de-conveniencia-de-ribeirao\/","url_meta":{"origin":44041,"position":3},"title":"Veja o que diz a defesa da mulher presa ap\u00f3s confus\u00e3o em loja de conveni\u00eancia de Ribeir\u00e3o","author":"noticiasribeiraopreto.com.br","date":"21 de March de 2024","format":false,"excerpt":"A defesa da engenheira agr\u00f4noma Ana Paula Junqueira, que foi presa na noite do \u00faltimo s\u00e1bado (16), ap\u00f3s uma confus\u00e3o em uma loja de conveni\u00eancia de um posto de combust\u00edveis no Jardim Paulista, em Ribeir\u00e3o Preto, pediu para Justi\u00e7a a liberdade da mulher. A defesa alega que Ana Paula faz\u2026","rel":"","context":"In &quot;Not\u00edcias de Ribeir\u00e3o Preto-SP e Regi\u00e3o&quot;","block_context":{"text":"Not\u00edcias de Ribeir\u00e3o Preto-SP e Regi\u00e3o","link":"https:\/\/noticiasribeiraopreto.com.br\/index.php\/category\/noticias-de-ribeirao-preto-sp-e-regiao-ismael-colosi\/"},"img":{"alt_text":"","src":"https:\/\/i0.wp.com\/noticiasribeiraopreto.com.br\/wp-content\/uploads\/2024\/03\/ENGENHEIRA.jpg?fit=1200%2C809&ssl=1&resize=350%2C200","width":350,"height":200,"srcset":"https:\/\/i0.wp.com\/noticiasribeiraopreto.com.br\/wp-content\/uploads\/2024\/03\/ENGENHEIRA.jpg?fit=1200%2C809&ssl=1&resize=350%2C200 1x, https:\/\/i0.wp.com\/noticiasribeiraopreto.com.br\/wp-content\/uploads\/2024\/03\/ENGENHEIRA.jpg?fit=1200%2C809&ssl=1&resize=525%2C300 1.5x, https:\/\/i0.wp.com\/noticiasribeiraopreto.com.br\/wp-content\/uploads\/2024\/03\/ENGENHEIRA.jpg?fit=1200%2C809&ssl=1&resize=700%2C400 2x, https:\/\/i0.wp.com\/noticiasribeiraopreto.com.br\/wp-content\/uploads\/2024\/03\/ENGENHEIRA.jpg?fit=1200%2C809&ssl=1&resize=1050%2C600 3x"},"classes":[]},{"id":62933,"url":"https:\/\/noticiasribeiraopreto.com.br\/index.php\/2025\/01\/28\/engenheira-e-condenada-a-pagar-indenizacao-por-humilhar-balconista-em-ribeirao\/","url_meta":{"origin":44041,"position":4},"title":"Engenheira \u00e9 condenada a pagar indeniza\u00e7\u00e3o por humilhar balconista em Ribeir\u00e3o","author":"noticiasribeiraopreto.com.br","date":"28 de January de 2025","format":false,"excerpt":"A Justi\u00e7a condenou a engenheira agr\u00f4noma Ana Paula Junqueira, acusada de agredir e ofender uma balconista durante uma confus\u00e3o em uma loja de conveni\u00eancia, em Ribeir\u00e3o Preto, ao pagamento de R$ 5 mil de indeniza\u00e7\u00e3o \u00e0 v\u00edtima. A cabe recurso. A ju\u00edza Mayra Callegari Gomes de Almeida, da 5\u00aa Vara\u2026","rel":"","context":"In &quot;Not\u00edcias de Ribeir\u00e3o Preto-SP e Regi\u00e3o&quot;","block_context":{"text":"Not\u00edcias de Ribeir\u00e3o Preto-SP e Regi\u00e3o","link":"https:\/\/noticiasribeiraopreto.com.br\/index.php\/category\/noticias-de-ribeirao-preto-sp-e-regiao-ismael-colosi\/"},"img":{"alt_text":"","src":"https:\/\/i0.wp.com\/noticiasribeiraopreto.com.br\/wp-content\/uploads\/2025\/01\/Copia-de-Copia-de-Copia-de-TAMANHO-EXATO-PARA-FOTOS-NO-SISTEMA-NOVO-2025-01-28T191336.743_2025-01-28_22-13-50_png_2025-01-28_22-13-51.webp.webp?fit=1200%2C675&ssl=1&resize=350%2C200","width":350,"height":200,"srcset":"https:\/\/i0.wp.com\/noticiasribeiraopreto.com.br\/wp-content\/uploads\/2025\/01\/Copia-de-Copia-de-Copia-de-TAMANHO-EXATO-PARA-FOTOS-NO-SISTEMA-NOVO-2025-01-28T191336.743_2025-01-28_22-13-50_png_2025-01-28_22-13-51.webp.webp?fit=1200%2C675&ssl=1&resize=350%2C200 1x, https:\/\/i0.wp.com\/noticiasribeiraopreto.com.br\/wp-content\/uploads\/2025\/01\/Copia-de-Copia-de-Copia-de-TAMANHO-EXATO-PARA-FOTOS-NO-SISTEMA-NOVO-2025-01-28T191336.743_2025-01-28_22-13-50_png_2025-01-28_22-13-51.webp.webp?fit=1200%2C675&ssl=1&resize=525%2C300 1.5x, https:\/\/i0.wp.com\/noticiasribeiraopreto.com.br\/wp-content\/uploads\/2025\/01\/Copia-de-Copia-de-Copia-de-TAMANHO-EXATO-PARA-FOTOS-NO-SISTEMA-NOVO-2025-01-28T191336.743_2025-01-28_22-13-50_png_2025-01-28_22-13-51.webp.webp?fit=1200%2C675&ssl=1&resize=700%2C400 2x, https:\/\/i0.wp.com\/noticiasribeiraopreto.com.br\/wp-content\/uploads\/2025\/01\/Copia-de-Copia-de-Copia-de-TAMANHO-EXATO-PARA-FOTOS-NO-SISTEMA-NOVO-2025-01-28T191336.743_2025-01-28_22-13-50_png_2025-01-28_22-13-51.webp.webp?fit=1200%2C675&ssl=1&resize=1050%2C600 3x"},"classes":[]},{"id":69891,"url":"https:\/\/noticiasribeiraopreto.com.br\/index.php\/2025\/05\/10\/caso-larissa-justica-nega-pedido-de-liberdade-para-o-medico-luiz-antonio-garnica\/","url_meta":{"origin":44041,"position":5},"title":"Caso Larissa: Justi\u00e7a nega pedido de liberdade para o m\u00e9dico Luiz Ant\u00f4nio Garnica","author":"noticiasribeiraopreto.com.br","date":"10 de May de 2025","format":false,"excerpt":"O desembargador Lu\u00eds Augusto de Sampaio Arruda negou o pedido de liminar de habeas corpus para liberdade do m\u00e9dico Luiz Ant\u00f4nio Garnica, suspeito de envolvimento na morte da professora Larissa Talle Le\u00f4ncio Rodrigues. A decis\u00e3o foi publicada na noite de sexta-feira (9). A professora foi encontrada sem vida no dia\u2026","rel":"","context":"In &quot;Not\u00edcias de Ribeir\u00e3o Preto-SP e Regi\u00e3o&quot;","block_context":{"text":"Not\u00edcias de Ribeir\u00e3o Preto-SP e Regi\u00e3o","link":"https:\/\/noticiasribeiraopreto.com.br\/index.php\/category\/noticias-de-ribeirao-preto-sp-e-regiao-ismael-colosi\/"},"img":{"alt_text":"","src":"https:\/\/i0.wp.com\/noticiasribeiraopreto.com.br\/wp-content\/uploads\/2025\/05\/luiz-antonio-garnica_2025-05-10_13-05-28.webp.webp?fit=1200%2C666&ssl=1&resize=350%2C200","width":350,"height":200,"srcset":"https:\/\/i0.wp.com\/noticiasribeiraopreto.com.br\/wp-content\/uploads\/2025\/05\/luiz-antonio-garnica_2025-05-10_13-05-28.webp.webp?fit=1200%2C666&ssl=1&resize=350%2C200 1x, https:\/\/i0.wp.com\/noticiasribeiraopreto.com.br\/wp-content\/uploads\/2025\/05\/luiz-antonio-garnica_2025-05-10_13-05-28.webp.webp?fit=1200%2C666&ssl=1&resize=525%2C300 1.5x, https:\/\/i0.wp.com\/noticiasribeiraopreto.com.br\/wp-content\/uploads\/2025\/05\/luiz-antonio-garnica_2025-05-10_13-05-28.webp.webp?fit=1200%2C666&ssl=1&resize=700%2C400 2x, https:\/\/i0.wp.com\/noticiasribeiraopreto.com.br\/wp-content\/uploads\/2025\/05\/luiz-antonio-garnica_2025-05-10_13-05-28.webp.webp?fit=1200%2C666&ssl=1&resize=1050%2C600 3x"},"classes":[]}],"jetpack_sharing_enabled":true,"jetpack_shortlink":"https:\/\/wp.me\/peQAOb-bsl","_links":{"self":[{"href":"https:\/\/noticiasribeiraopreto.com.br\/index.php\/wp-json\/wp\/v2\/posts\/44041","targetHints":{"allow":["GET"]}}],"collection":[{"href":"https:\/\/noticiasribeiraopreto.com.br\/index.php\/wp-json\/wp\/v2\/posts"}],"about":[{"href":"https:\/\/noticiasribeiraopreto.com.br\/index.php\/wp-json\/wp\/v2\/types\/post"}],"author":[{"embeddable":true,"href":"https:\/\/noticiasribeiraopreto.com.br\/index.php\/wp-json\/wp\/v2\/users\/1"}],"replies":[{"embeddable":true,"href":"https:\/\/noticiasribeiraopreto.com.br\/index.php\/wp-json\/wp\/v2\/comments?post=44041"}],"version-history":[{"count":0,"href":"https:\/\/noticiasribeiraopreto.com.br\/index.php\/wp-json\/wp\/v2\/posts\/44041\/revisions"}],"wp:featuredmedia":[{"embeddable":true,"href":"https:\/\/noticiasribeiraopreto.com.br\/index.php\/wp-json\/wp\/v2\/media\/44042"}],"wp:attachment":[{"href":"https:\/\/noticiasribeiraopreto.com.br\/index.php\/wp-json\/wp\/v2\/media?parent=44041"}],"wp:term":[{"taxonomy":"category","embeddable":true,"href":"https:\/\/noticiasribeiraopreto.com.br\/index.php\/wp-json\/wp\/v2\/categories?post=44041"},{"taxonomy":"post_tag","embeddable":true,"href":"https:\/\/noticiasribeiraopreto.com.br\/index.php\/wp-json\/wp\/v2\/tags?post=44041"}],"curies":[{"name":"wp","href":"https:\/\/api.w.org\/{rel}","templated":true}]}}