{"id":44052,"date":"2024-03-25T14:11:07","date_gmt":"2024-03-25T17:11:07","guid":{"rendered":"https:\/\/noticiasribeiraopreto.com.br\/index.php\/2024\/03\/25\/ribeirao-rodeo-music-luan-pereira-lanca-musica-em-parceria-com-mc-daniel\/"},"modified":"2024-03-25T14:11:07","modified_gmt":"2024-03-25T17:11:07","slug":"ribeirao-rodeo-music-luan-pereira-lanca-musica-em-parceria-com-mc-daniel","status":"publish","type":"post","link":"https:\/\/noticiasribeiraopreto.com.br\/index.php\/2024\/03\/25\/ribeirao-rodeo-music-luan-pereira-lanca-musica-em-parceria-com-mc-daniel\/","title":{"rendered":"Ribeir\u00e3o Rodeo Music: Luan Pereira lan\u00e7a m\u00fasica em parceria com MC Daniel"},"content":{"rendered":"<div class='code-block code-block-1' style='margin: 8px 0 8px auto; text-align: right; display: block; clear: both;'>\n<p><a href=\"https:\/\/wa.link\/vpicfd\"><img data-recalc-dims=\"1\" class=\"wp-image-4922\" style=\"aspect-ratio: 2.0253164556962027; width: 561px; height: auto;\" src=\"https:\/\/i0.wp.com\/ismaelcolosi.com.br\/wp-content\/uploads\/2023\/11\/grupo-de-empregos-whatsapp-e-facebook-ismael-colosi-vagas.jpg?ssl=1\" alt=\"\" \/><\/a><\/p>\n<!-- \/wp:image -->\n<\/div>\n<p> <br \/>\n<\/p>\n<div data-td-block-uid=\"tdi_106\">\n<div class=\"tdb-block-inner td-fix-index\">\n<p>O cantor\u00a0<strong>Luan Pereira<\/strong>\u00a0lan\u00e7ou, na \u00faltima quinta-feira (21), a <strong>m\u00fasica \u201cEntra na Defender\u201d<\/strong>, outra parceria com <strong>MC Daniel.<\/strong><\/p>\n<p><strong>Luan Pereira\u00a0<\/strong>\u00e9 uma das\u00a0<strong>atra\u00e7\u00f5es confirmadas no Ribeir\u00e3o Rodeo Music 2024<\/strong>\u00a0e vai se apresentar no dia\u00a0<strong>20 de abril<\/strong>, no\u00a0<strong>Parque Permanente de Exposi\u00e7\u00f5es<\/strong>, em Ribeir\u00e3o Preto.<\/p>\n<p>A m\u00fasica j\u00e1 est\u00e1 <strong>dispon\u00edvel <\/strong>em todas as plataformas digitais \u2013 veja o videoclipe abaixo. Atualmente, <strong>Luan<\/strong> \u00e9 um dos cantores sertanejo mais executado no momento, com <strong>11,5 milh\u00f5es<\/strong> de <strong>ouvintes mensais<\/strong>. J\u00e1 o funkeiro acumula 11,4 milh\u00f5es de ouvintes mensais no <strong>Spotify<\/strong>.<\/p>\n<p>Al\u00e9m disso, a dupla j\u00e1 atingiu o Top 1 das paradas com a faixa \u201c<strong>Dentro da Hillux<\/strong>\u201d, que tamb\u00e9m conta com a participa\u00e7\u00e3o de MC Ryan SP.<\/p>\n<h4 class=\"wp-block-heading\"><strong>Ingressos<\/strong><\/h4>\n<p><strong>Luan Pereira<\/strong>\u00a0vai se apresentar no\u00a0<strong>Ribeir\u00e3o Rodeo Music<\/strong>\u00a0no dia <strong>20 de abril<\/strong>. No mesmo dia, sobem ao palco\u00a0<strong>Ana Castela<\/strong>,\u00a0<strong>Hugo &amp; Guilherme<\/strong>\u00a0e\u00a0<strong>Alok<\/strong>.<\/p>\n<p>Os ingressos j\u00e1 est\u00e3o dispon\u00edveis pela internet (<a href=\"https:\/\/www.ribeiraorodeomusic.com.br\/ingressos\/\" target=\"_blank\" rel=\"noreferrer noopener\">clique aqui<\/a>) e em pontos f\u00edsicos \u2013\u00a0<a href=\"https:\/\/www.ribeiraorodeomusic.com.br\/\" target=\"_blank\" rel=\"noreferrer noopener\">saiba mais aqui<\/a>.<\/p>\n<figure class=\"wp-block-embed is-type-video is-provider-youtube wp-block-embed-youtube wp-embed-aspect-16-9 wp-has-aspect-ratio\">\n<div class=\"wp-block-embed__wrapper\">\n<p><iframe loading=\"lazy\" title=\"Luan Pereira, MC Daniel - Entra Na Defender (Clipe Oficial)\" width=\"500\" height=\"281\" src=\"https:\/\/www.youtube.com\/embed\/1JPoKc3ivXk?feature=oembed\" frameborder=\"0\" allow=\"accelerometer; autoplay; clipboard-write; encrypted-media; gyroscope; picture-in-picture; web-share\" referrerpolicy=\"strict-origin-when-cross-origin\" allowfullscreen><\/iframe><\/p>\n<\/div>\n<\/figure>\n<p>SAIBA MAIS<br \/>Faepa abre processo seletivo em Ribeir\u00e3o Preto com sal\u00e1rios de R$ 4 mil<\/p>\n<h4 class=\"wp-block-heading\"><strong>FIQUE ON<\/strong><\/h4>\n<p>Fique ligado em tudo que acontece em Ribeir\u00e3o Preto e regi\u00e3o. Siga os perfis do <strong>acidade on <\/strong>no <a href=\"https:\/\/www.instagram.com\/acidadeonribeirao\" target=\"_blank\" rel=\"noreferrer noopener\">Instagram<\/a> e no <a href=\"https:\/\/www.facebook.com\/acidadeonribeirao\" target=\"_blank\" rel=\"noreferrer noopener\">Facebook<\/a>.<\/p>\n<p>Receba not\u00edcias do acidade on no WhatsApp. Para entrar no grupo, basta <a href=\"https:\/\/chat.whatsapp.com\/GFH9HUMUTHNFJdnyEd0xxq\" target=\"_blank\" rel=\"noreferrer noopener\">clicar aqui<\/a>.<\/p>\n<p>Fa\u00e7a uma den\u00fancia ou sugira uma reportagem sobre Ribeir\u00e3o Preto e regi\u00e3o pelo WhatsApp: 16 99117 7802.<\/p>\n<p>VEJA TAMB\u00c9M<br \/>Como vai ser o Sincer\u00e3o de hoje no BBB 24?<\/p>\n<p><!-- AI CONTENT END 1 -->\n<\/div>\n<\/div>\n<p><script async src=\"\/\/www.instagram.com\/embed.js\"><\/script><br \/>\n<br \/><br \/>\n<br \/><a href=\"https:\/\/www.acidadeon.com\/ribeiraopreto\/ribeirao-rodeo-music\/ribeirao-rodeo-music-luan-pereira-lanca-musica-parceria-com-mc-daniel\/\">Source link <\/a><\/p>\n<!-- CONTENT END 1 -->\n","protected":false},"excerpt":{"rendered":"<p>O cantor\u00a0Luan Pereira\u00a0lan\u00e7ou, na \u00faltima quinta-feira (21), a m\u00fasica \u201cEntra na Defender\u201d, outra parceria com MC Daniel. Luan Pereira\u00a0\u00e9 uma das\u00a0atra\u00e7\u00f5es confirmadas no Ribeir\u00e3o Rodeo&#8230;<\/p>\n","protected":false},"author":1,"featured_media":44053,"comment_status":"open","ping_status":"open","sticky":false,"template":"","format":"standard","meta":{"advanced_seo_description":"","jetpack_seo_html_title":"","jetpack_seo_noindex":false,"jetpack_post_was_ever_published":false,"_jetpack_newsletter_access":"","_jetpack_dont_email_post_to_subs":false,"_jetpack_newsletter_tier_id":0,"_jetpack_memberships_contains_paywalled_content":false,"_jetpack_memberships_contains_paid_content":false,"footnotes":"","jetpack_publicize_message":"","jetpack_publicize_feature_enabled":true,"jetpack_social_post_already_shared":true,"jetpack_social_options":{"image_generator_settings":{"template":"highway","default_image_id":0,"font":"","enabled":false},"version":2}},"categories":[11],"tags":[],"class_list":["post-44052","post","type-post","status-publish","format-standard","has-post-thumbnail","hentry","category-noticias-de-ribeirao-preto-sp-e-regiao-ismael-colosi"],"jetpack_publicize_connections":[],"jetpack_featured_media_url":"https:\/\/i0.wp.com\/noticiasribeiraopreto.com.br\/wp-content\/uploads\/2024\/03\/Capturar-14.jpg?fit=703%2C365&ssl=1","jetpack-related-posts":[{"id":42596,"url":"https:\/\/noticiasribeiraopreto.com.br\/index.php\/2024\/03\/15\/ribeirao-rodeo-music-ana-castela-lanca-musica-em-parceria-com-cantor-mexicano\/","url_meta":{"origin":44052,"position":0},"title":"Ribeir\u00e3o Rodeo Music: Ana Castela lan\u00e7a m\u00fasica em parceria com cantor mexicano","author":"noticiasribeiraopreto.com.br","date":"15 de March de 2024","format":false,"excerpt":"A cantora Ana Castela lan\u00e7ou, nesta sexta-feira (15), sua primeira m\u00fasica internacional, uma parceria com o cantor mexicano Gabito Ballesteros. A boiadeira \u00e9 uma das atra\u00e7\u00f5es confirmadas no Ribeir\u00e3o Rodeo Music 2024 e vai se apresentar no dia 20 de abril, no Parque Permanente de Exposi\u00e7\u00f5es. A m\u00fasica, intitulada como\u2026","rel":"","context":"In &quot;Not\u00edcias de Ribeir\u00e3o Preto-SP e Regi\u00e3o&quot;","block_context":{"text":"Not\u00edcias de Ribeir\u00e3o Preto-SP e Regi\u00e3o","link":"https:\/\/noticiasribeiraopreto.com.br\/index.php\/category\/noticias-de-ribeirao-preto-sp-e-regiao-ismael-colosi\/"},"img":{"alt_text":"","src":"https:\/\/i0.wp.com\/noticiasribeiraopreto.com.br\/wp-content\/uploads\/2024\/03\/Copia-de-Copia-de-TAMANHO-EXATO-PARA-FOTOS-NO-SISTEMA-NOVO-76.png?fit=1200%2C675&ssl=1&resize=350%2C200","width":350,"height":200,"srcset":"https:\/\/i0.wp.com\/noticiasribeiraopreto.com.br\/wp-content\/uploads\/2024\/03\/Copia-de-Copia-de-TAMANHO-EXATO-PARA-FOTOS-NO-SISTEMA-NOVO-76.png?fit=1200%2C675&ssl=1&resize=350%2C200 1x, https:\/\/i0.wp.com\/noticiasribeiraopreto.com.br\/wp-content\/uploads\/2024\/03\/Copia-de-Copia-de-TAMANHO-EXATO-PARA-FOTOS-NO-SISTEMA-NOVO-76.png?fit=1200%2C675&ssl=1&resize=525%2C300 1.5x, https:\/\/i0.wp.com\/noticiasribeiraopreto.com.br\/wp-content\/uploads\/2024\/03\/Copia-de-Copia-de-TAMANHO-EXATO-PARA-FOTOS-NO-SISTEMA-NOVO-76.png?fit=1200%2C675&ssl=1&resize=700%2C400 2x, https:\/\/i0.wp.com\/noticiasribeiraopreto.com.br\/wp-content\/uploads\/2024\/03\/Copia-de-Copia-de-TAMANHO-EXATO-PARA-FOTOS-NO-SISTEMA-NOVO-76.png?fit=1200%2C675&ssl=1&resize=1050%2C600 3x"},"classes":[]},{"id":65387,"url":"https:\/\/noticiasribeiraopreto.com.br\/index.php\/2025\/03\/19\/nattan-forro-e-uma-das-atracoes-do-ribeirao-rodeo-music-2025\/","url_meta":{"origin":44052,"position":1},"title":"Nattan: Forr\u00f3 \u00e9 uma das atra\u00e7\u00f5es do Ribeir\u00e3o Rodeo Music 2025","author":"noticiasribeiraopreto.com.br","date":"19 de March de 2025","format":false,"excerpt":"Apesar de ser um evento predominantemente sertanejo, o Ribeir\u00e3o Rodeo Music preza pela diversidade musical com o objetivo de atrair e agradar p\u00fablicos com diferentes gostos musicais. Funk, samba e pagode j\u00e1 passaram pelo palco do RRM. Agora \u00e9 a vez do forr\u00f3 na voz e carisma do cearense Nattan,\u2026","rel":"","context":"In &quot;Not\u00edcias de Ribeir\u00e3o Preto-SP e Regi\u00e3o&quot;","block_context":{"text":"Not\u00edcias de Ribeir\u00e3o Preto-SP e Regi\u00e3o","link":"https:\/\/noticiasribeiraopreto.com.br\/index.php\/category\/noticias-de-ribeirao-preto-sp-e-regiao-ismael-colosi\/"},"img":{"alt_text":"","src":"https:\/\/i0.wp.com\/noticiasribeiraopreto.com.br\/wp-content\/uploads\/2025\/03\/nattan_2025-03-19_18-46-30_jpg_2025-03-19_18-46-30.webp.webp?fit=1007%2C752&ssl=1&resize=350%2C200","width":350,"height":200,"srcset":"https:\/\/i0.wp.com\/noticiasribeiraopreto.com.br\/wp-content\/uploads\/2025\/03\/nattan_2025-03-19_18-46-30_jpg_2025-03-19_18-46-30.webp.webp?fit=1007%2C752&ssl=1&resize=350%2C200 1x, https:\/\/i0.wp.com\/noticiasribeiraopreto.com.br\/wp-content\/uploads\/2025\/03\/nattan_2025-03-19_18-46-30_jpg_2025-03-19_18-46-30.webp.webp?fit=1007%2C752&ssl=1&resize=525%2C300 1.5x, https:\/\/i0.wp.com\/noticiasribeiraopreto.com.br\/wp-content\/uploads\/2025\/03\/nattan_2025-03-19_18-46-30_jpg_2025-03-19_18-46-30.webp.webp?fit=1007%2C752&ssl=1&resize=700%2C400 2x"},"classes":[]},{"id":44069,"url":"https:\/\/noticiasribeiraopreto.com.br\/index.php\/2024\/03\/25\/bar-do-zeca-pagodinho-em-ribeirao-preto-ja-tem-data-de-inauguracao\/","url_meta":{"origin":44052,"position":2},"title":"Bar do Zeca Pagodinho em Ribeir\u00e3o Preto j\u00e1 tem data de inaugura\u00e7\u00e3o","author":"noticiasribeiraopreto.com.br","date":"25 de March de 2024","format":false,"excerpt":"A unidade do Bar do Zeca Pagodinho em Ribeir\u00e3o Preto vai ser inaugurada no dia 5 de abril. O bar ficar\u00e1 na Arena Nicnet, est\u00e1dio do Botafogo, e ser\u00e1 a segunda unidade no Estado de S\u00e3o Paulo \u2013 as outras casas est\u00e3o na capital e no Rio de Janeiro. O\u2026","rel":"","context":"In &quot;Not\u00edcias de Ribeir\u00e3o Preto-SP e Regi\u00e3o&quot;","block_context":{"text":"Not\u00edcias de Ribeir\u00e3o Preto-SP e Regi\u00e3o","link":"https:\/\/noticiasribeiraopreto.com.br\/index.php\/category\/noticias-de-ribeirao-preto-sp-e-regiao-ismael-colosi\/"},"img":{"alt_text":"","src":"https:\/\/i0.wp.com\/noticiasribeiraopreto.com.br\/wp-content\/uploads\/2024\/03\/AnyConv.com__bar-do-zeca-pagodinho-scaled.webp.webp?fit=1200%2C801&ssl=1&resize=350%2C200","width":350,"height":200,"srcset":"https:\/\/i0.wp.com\/noticiasribeiraopreto.com.br\/wp-content\/uploads\/2024\/03\/AnyConv.com__bar-do-zeca-pagodinho-scaled.webp.webp?fit=1200%2C801&ssl=1&resize=350%2C200 1x, https:\/\/i0.wp.com\/noticiasribeiraopreto.com.br\/wp-content\/uploads\/2024\/03\/AnyConv.com__bar-do-zeca-pagodinho-scaled.webp.webp?fit=1200%2C801&ssl=1&resize=525%2C300 1.5x, https:\/\/i0.wp.com\/noticiasribeiraopreto.com.br\/wp-content\/uploads\/2024\/03\/AnyConv.com__bar-do-zeca-pagodinho-scaled.webp.webp?fit=1200%2C801&ssl=1&resize=700%2C400 2x, https:\/\/i0.wp.com\/noticiasribeiraopreto.com.br\/wp-content\/uploads\/2024\/03\/AnyConv.com__bar-do-zeca-pagodinho-scaled.webp.webp?fit=1200%2C801&ssl=1&resize=1050%2C600 3x"},"classes":[]},{"id":66066,"url":"https:\/\/noticiasribeiraopreto.com.br\/index.php\/2025\/03\/27\/matheus-e-kauan-levam-repertorio-de-hits-para-o-ribeirao-rodeo-music-2025\/","url_meta":{"origin":44052,"position":3},"title":"Matheus e Kauan levam repert\u00f3rio de hits para o Ribeir\u00e3o Rodeo Music 2025","author":"noticiasribeiraopreto.com.br","date":"27 de March de 2025","format":false,"excerpt":"Com um repert\u00f3rio repleto de sucessos gravados por grandes artistas, a dupla Matheus e Kauan sobe ao palco do Ribeir\u00e3o Rodeo Music 2025 logo no primeiro dia prometendo embalar o p\u00fablico com o leg\u00edtimo som do interior. A dupla est\u00e1 entre as 16 grandes atra\u00e7\u00f5es deste que \u00e9 um dos\u2026","rel":"","context":"In &quot;Not\u00edcias de Ribeir\u00e3o Preto-SP e Regi\u00e3o&quot;","block_context":{"text":"Not\u00edcias de Ribeir\u00e3o Preto-SP e Regi\u00e3o","link":"https:\/\/noticiasribeiraopreto.com.br\/index.php\/category\/noticias-de-ribeirao-preto-sp-e-regiao-ismael-colosi\/"},"img":{"alt_text":"","src":"https:\/\/i0.wp.com\/noticiasribeiraopreto.com.br\/wp-content\/uploads\/2025\/03\/matheus-e-kauan_2025-03-27_16-47-18_jpg_2025-03-27_16-47-19.webp.webp?fit=1200%2C863&ssl=1&resize=350%2C200","width":350,"height":200,"srcset":"https:\/\/i0.wp.com\/noticiasribeiraopreto.com.br\/wp-content\/uploads\/2025\/03\/matheus-e-kauan_2025-03-27_16-47-18_jpg_2025-03-27_16-47-19.webp.webp?fit=1200%2C863&ssl=1&resize=350%2C200 1x, https:\/\/i0.wp.com\/noticiasribeiraopreto.com.br\/wp-content\/uploads\/2025\/03\/matheus-e-kauan_2025-03-27_16-47-18_jpg_2025-03-27_16-47-19.webp.webp?fit=1200%2C863&ssl=1&resize=525%2C300 1.5x, https:\/\/i0.wp.com\/noticiasribeiraopreto.com.br\/wp-content\/uploads\/2025\/03\/matheus-e-kauan_2025-03-27_16-47-18_jpg_2025-03-27_16-47-19.webp.webp?fit=1200%2C863&ssl=1&resize=700%2C400 2x, https:\/\/i0.wp.com\/noticiasribeiraopreto.com.br\/wp-content\/uploads\/2025\/03\/matheus-e-kauan_2025-03-27_16-47-18_jpg_2025-03-27_16-47-19.webp.webp?fit=1200%2C863&ssl=1&resize=1050%2C600 3x"},"classes":[]},{"id":69184,"url":"https:\/\/noticiasribeiraopreto.com.br\/index.php\/2025\/05\/03\/ribeirao-rodeo-music-2025-ultima-noite-promete-grandes-shows-e-despedida-emocionante\/","url_meta":{"origin":44052,"position":4},"title":"Ribeir\u00e3o Rodeo Music 2025: \u00daltima noite promete grandes shows e despedida emocionante","author":"noticiasribeiraopreto.com.br","date":"3 de May de 2025","format":false,"excerpt":"O Ribeir\u00e3o Rodeo Music encerra, neste s\u00e1bado (3), a 19\u00aa edi\u00e7\u00e3o j\u00e1 deixando saudade. Mas antes da \u00faltima atra\u00e7\u00e3o da noite tocar os \u00faltimos acordes tem muita coisa boa para acontecer. A 19\u00aa edi\u00e7\u00e3o do Ribeir\u00e3o Rodeo Music acontece no Parque Permanente de Exposi\u00e7\u00f5es de Ribeir\u00e3o Preto. Os ingressos \u00e0\u2026","rel":"","context":"In &quot;Not\u00edcias de Ribeir\u00e3o Preto-SP e Regi\u00e3o&quot;","block_context":{"text":"Not\u00edcias de Ribeir\u00e3o Preto-SP e Regi\u00e3o","link":"https:\/\/noticiasribeiraopreto.com.br\/index.php\/category\/noticias-de-ribeirao-preto-sp-e-regiao-ismael-colosi\/"},"img":{"alt_text":"","src":"https:\/\/i0.wp.com\/noticiasribeiraopreto.com.br\/wp-content\/uploads\/2025\/01\/luan-santana_2025-01-30_14-28-42_jpeg_2025-01-30_14-28-42.webp.webp?fit=1200%2C675&ssl=1&resize=350%2C200","width":350,"height":200,"srcset":"https:\/\/i0.wp.com\/noticiasribeiraopreto.com.br\/wp-content\/uploads\/2025\/01\/luan-santana_2025-01-30_14-28-42_jpeg_2025-01-30_14-28-42.webp.webp?fit=1200%2C675&ssl=1&resize=350%2C200 1x, https:\/\/i0.wp.com\/noticiasribeiraopreto.com.br\/wp-content\/uploads\/2025\/01\/luan-santana_2025-01-30_14-28-42_jpeg_2025-01-30_14-28-42.webp.webp?fit=1200%2C675&ssl=1&resize=525%2C300 1.5x, https:\/\/i0.wp.com\/noticiasribeiraopreto.com.br\/wp-content\/uploads\/2025\/01\/luan-santana_2025-01-30_14-28-42_jpeg_2025-01-30_14-28-42.webp.webp?fit=1200%2C675&ssl=1&resize=700%2C400 2x, https:\/\/i0.wp.com\/noticiasribeiraopreto.com.br\/wp-content\/uploads\/2025\/01\/luan-santana_2025-01-30_14-28-42_jpeg_2025-01-30_14-28-42.webp.webp?fit=1200%2C675&ssl=1&resize=1050%2C600 3x"},"classes":[]},{"id":69084,"url":"https:\/\/noticiasribeiraopreto.com.br\/index.php\/2025\/05\/02\/penultima-noite-do-ribeirao-rodeo-music-2025-vai-do-sertanejo-ao-forro\/","url_meta":{"origin":44052,"position":5},"title":"Pen\u00faltima noite do Ribeir\u00e3o Rodeo Music 2025 vai do sertanejo ao forr\u00f3","author":"noticiasribeiraopreto.com.br","date":"2 de May de 2025","format":false,"excerpt":"Uma noite embalada pelo melhor da m\u00fasica sertaneja \u00e9 o que promete essa sexta-feira (2) dentro da programa\u00e7\u00e3o do Ribeir\u00e3o Rodeo Music. A 19\u00aa edi\u00e7\u00e3o do evento acontece at\u00e9 o dia 3 de maio e, apesar de estar na reta final, ainda tem muita coisa boa para acontecer no Parque\u2026","rel":"","context":"In &quot;Not\u00edcias de Ribeir\u00e3o Preto-SP e Regi\u00e3o&quot;","block_context":{"text":"Not\u00edcias de Ribeir\u00e3o Preto-SP e Regi\u00e3o","link":"https:\/\/noticiasribeiraopreto.com.br\/index.php\/category\/noticias-de-ribeirao-preto-sp-e-regiao-ismael-colosi\/"},"img":{"alt_text":"","src":"https:\/\/i0.wp.com\/noticiasribeiraopreto.com.br\/wp-content\/uploads\/2025\/04\/ze-neto-e-cristiano_2025-04-02_18-02-27_jpg_2025-04-02_18-02-27.webp.webp?fit=1000%2C728&ssl=1&resize=350%2C200","width":350,"height":200,"srcset":"https:\/\/i0.wp.com\/noticiasribeiraopreto.com.br\/wp-content\/uploads\/2025\/04\/ze-neto-e-cristiano_2025-04-02_18-02-27_jpg_2025-04-02_18-02-27.webp.webp?fit=1000%2C728&ssl=1&resize=350%2C200 1x, https:\/\/i0.wp.com\/noticiasribeiraopreto.com.br\/wp-content\/uploads\/2025\/04\/ze-neto-e-cristiano_2025-04-02_18-02-27_jpg_2025-04-02_18-02-27.webp.webp?fit=1000%2C728&ssl=1&resize=525%2C300 1.5x, https:\/\/i0.wp.com\/noticiasribeiraopreto.com.br\/wp-content\/uploads\/2025\/04\/ze-neto-e-cristiano_2025-04-02_18-02-27_jpg_2025-04-02_18-02-27.webp.webp?fit=1000%2C728&ssl=1&resize=700%2C400 2x"},"classes":[]}],"jetpack_sharing_enabled":true,"jetpack_shortlink":"https:\/\/wp.me\/peQAOb-bsw","_links":{"self":[{"href":"https:\/\/noticiasribeiraopreto.com.br\/index.php\/wp-json\/wp\/v2\/posts\/44052","targetHints":{"allow":["GET"]}}],"collection":[{"href":"https:\/\/noticiasribeiraopreto.com.br\/index.php\/wp-json\/wp\/v2\/posts"}],"about":[{"href":"https:\/\/noticiasribeiraopreto.com.br\/index.php\/wp-json\/wp\/v2\/types\/post"}],"author":[{"embeddable":true,"href":"https:\/\/noticiasribeiraopreto.com.br\/index.php\/wp-json\/wp\/v2\/users\/1"}],"replies":[{"embeddable":true,"href":"https:\/\/noticiasribeiraopreto.com.br\/index.php\/wp-json\/wp\/v2\/comments?post=44052"}],"version-history":[{"count":0,"href":"https:\/\/noticiasribeiraopreto.com.br\/index.php\/wp-json\/wp\/v2\/posts\/44052\/revisions"}],"wp:featuredmedia":[{"embeddable":true,"href":"https:\/\/noticiasribeiraopreto.com.br\/index.php\/wp-json\/wp\/v2\/media\/44053"}],"wp:attachment":[{"href":"https:\/\/noticiasribeiraopreto.com.br\/index.php\/wp-json\/wp\/v2\/media?parent=44052"}],"wp:term":[{"taxonomy":"category","embeddable":true,"href":"https:\/\/noticiasribeiraopreto.com.br\/index.php\/wp-json\/wp\/v2\/categories?post=44052"},{"taxonomy":"post_tag","embeddable":true,"href":"https:\/\/noticiasribeiraopreto.com.br\/index.php\/wp-json\/wp\/v2\/tags?post=44052"}],"curies":[{"name":"wp","href":"https:\/\/api.w.org\/{rel}","templated":true}]}}