{"id":44069,"date":"2024-03-25T16:34:43","date_gmt":"2024-03-25T19:34:43","guid":{"rendered":"https:\/\/noticiasribeiraopreto.com.br\/index.php\/2024\/03\/25\/bar-do-zeca-pagodinho-em-ribeirao-preto-ja-tem-data-de-inauguracao\/"},"modified":"2024-03-25T16:34:43","modified_gmt":"2024-03-25T19:34:43","slug":"bar-do-zeca-pagodinho-em-ribeirao-preto-ja-tem-data-de-inauguracao","status":"publish","type":"post","link":"https:\/\/noticiasribeiraopreto.com.br\/index.php\/2024\/03\/25\/bar-do-zeca-pagodinho-em-ribeirao-preto-ja-tem-data-de-inauguracao\/","title":{"rendered":"Bar do Zeca Pagodinho em Ribeir\u00e3o Preto j\u00e1 tem data de inaugura\u00e7\u00e3o"},"content":{"rendered":"<div class='code-block code-block-1' style='margin: 8px 0 8px auto; text-align: right; display: block; clear: both;'>\n<p><a href=\"https:\/\/wa.link\/vpicfd\"><img data-recalc-dims=\"1\" class=\"wp-image-4922\" style=\"aspect-ratio: 2.0253164556962027; width: 561px; height: auto;\" src=\"https:\/\/i0.wp.com\/ismaelcolosi.com.br\/wp-content\/uploads\/2023\/11\/grupo-de-empregos-whatsapp-e-facebook-ismael-colosi-vagas.jpg?ssl=1\" alt=\"\" \/><\/a><\/p>\n<!-- \/wp:image -->\n<\/div>\n<p> <br \/>\n<\/p>\n<div data-td-block-uid=\"tdi_101\">\n<div class=\"tdb-block-inner td-fix-index\">\n<p>A unidade do <strong>Bar do Zeca Pagodinho <\/strong>em <strong>Ribeir\u00e3o Preto <\/strong><mark style=\"background-color:#fcb900\" class=\"has-inline-color has-black-color\">vai ser inaugurada no dia 5 de abril.<\/mark> O bar ficar\u00e1 na <strong>Arena Nicnet<\/strong>, est\u00e1dio do Botafogo, e ser\u00e1 a <mark style=\"background-color:#fcb900\" class=\"has-inline-color has-black-color\">segunda unidade no Estado de S\u00e3o Paulo \u2013 as outras casas est\u00e3o na capital e no Rio de Janeiro.<\/mark><\/p>\n<p>O bar foi idealizado pelo empres\u00e1rio Paulo Pacheco e tem o objetivo de homenagear o cantor e celebrar o samba e a cultura brasileira.<\/p>\n<p>\u201cRibeir\u00e3o Preto \u00e9 uma cidade fundamental para o nosso neg\u00f3cio e estar aqui \u00e9 a realiza\u00e7\u00e3o de um sonho antigo. Quando come\u00e7amos a expans\u00e3o do Bar do Zeca Pagodinho, entendemos que Ribeir\u00e3o, pela hist\u00f3ria e relev\u00e2ncia no Estado de S\u00e3o Paulo seria uma de nossas prioridades\u201d, afirma o empres\u00e1rio.<\/p>\n<p>A gastronomia da casa \u00e9 assinatura pelo chef Toninho do Momo. J\u00e1 a coquetelaria do bar vai fazer releituras de cl\u00e1ssicos, al\u00e9m de contar com chopes e cervejas.<\/p>\n<p>SAIBA MAIS<br \/>Ribeir\u00e3o Rodeo Music: Luan Pereira lan\u00e7a m\u00fasica em parceria com MC Daniel<\/p>\n<h4 class=\"wp-block-heading\"><strong>FIQUE ON<\/strong><\/h4>\n<p>Fique ligado em tudo que acontece em Ribeir\u00e3o Preto e regi\u00e3o. Siga os perfis do<strong> acidade on <\/strong>no <a href=\"https:\/\/www.instagram.com\/acidadeonribeirao\" target=\"_blank\" rel=\"noreferrer noopener nofollow\">Instagram<\/a> e no <a href=\"https:\/\/www.facebook.com\/acidadeonribeirao\" target=\"_blank\" rel=\"noreferrer noopener nofollow\">Facebook<\/a>.<\/p>\n<p>Receba not\u00edcias do <strong>acidade on<\/strong> no WhatsApp.<a href=\"https:\/\/chat.whatsapp.com\/GFH9HUMUTHNFJdnyEd0xxq\" target=\"_blank\" rel=\"noreferrer noopener nofollow\"> Para entrar no grupo, basta clicar aqui.<\/a><\/p>\n<p>Fa\u00e7a uma den\u00fancia ou sugira uma reportagem sobre Ribeir\u00e3o Preto e regi\u00e3o pelo WhatsApp: 16 99117 7802.<\/p>\n<p>VEJA TAMB\u00c9M<br \/>BBB 24: quem \u00e9 o irm\u00e3o bombeiro de Fernanda?<\/p>\n<p><!-- AI CONTENT END 1 -->\n<\/div>\n<\/div>\n<p><script async src=\"\/\/www.instagram.com\/embed.js\"><\/script><br \/>\n<br \/><br \/>\n<br \/><a href=\"https:\/\/www.acidadeon.com\/ribeiraopreto\/cotidiano\/bar-do-zeca-pagodinho-em-ribeirao-preto-ja-tem-data-de-inauguracao\/\">Source link <\/a><\/p>\n<!-- CONTENT END 1 -->\n","protected":false},"excerpt":{"rendered":"<p>A unidade do Bar do Zeca Pagodinho em Ribeir\u00e3o Preto vai ser inaugurada no dia 5 de abril. O bar ficar\u00e1 na Arena Nicnet, est\u00e1dio&#8230;<\/p>\n","protected":false},"author":1,"featured_media":44070,"comment_status":"open","ping_status":"open","sticky":false,"template":"","format":"standard","meta":{"advanced_seo_description":"","jetpack_seo_html_title":"","jetpack_seo_noindex":false,"jetpack_post_was_ever_published":false,"_jetpack_newsletter_access":"","_jetpack_dont_email_post_to_subs":false,"_jetpack_newsletter_tier_id":0,"_jetpack_memberships_contains_paywalled_content":false,"_jetpack_memberships_contains_paid_content":false,"footnotes":"","jetpack_publicize_message":"","jetpack_publicize_feature_enabled":true,"jetpack_social_post_already_shared":true,"jetpack_social_options":{"image_generator_settings":{"template":"highway","default_image_id":0,"font":"","enabled":false},"version":2}},"categories":[11],"tags":[],"class_list":["post-44069","post","type-post","status-publish","format-standard","has-post-thumbnail","hentry","category-noticias-de-ribeirao-preto-sp-e-regiao-ismael-colosi"],"jetpack_publicize_connections":[],"jetpack_featured_media_url":"https:\/\/i0.wp.com\/noticiasribeiraopreto.com.br\/wp-content\/uploads\/2024\/03\/AnyConv.com__bar-do-zeca-pagodinho-scaled.webp.webp?fit=2560%2C1708&ssl=1","jetpack-related-posts":[{"id":28745,"url":"https:\/\/noticiasribeiraopreto.com.br\/index.php\/2024\/01\/16\/ribeirao-preto-vai-ganhar-unidade-do-bar-do-zeca-pagodinho-veja-o-local\/","url_meta":{"origin":44069,"position":0},"title":"Ribeir\u00e3o Preto vai ganhar unidade do Bar do Zeca Pagodinho; Veja o local","author":"noticiasribeiraopreto.com.br","date":"16 de January de 2024","format":false,"excerpt":"Ribeir\u00e3o Preto vai ganhar uma unidade do Bar do Zeca Pagodinho, que dever\u00e1 ser instalado na Arena Nicnet Eurobike, o est\u00e1dio do Botafogo, onde ficava o Seo Tib\u00e9rio, que encerrou as atividades no final de 2023. A informa\u00e7\u00e3o foi confirmada pela assessoria do cantor Zeca Pagodinho ao acidade on Ribeir\u00e3o,\u2026","rel":"","context":"In &quot;Not\u00edcias de Ribeir\u00e3o Preto-SP e Regi\u00e3o&quot;","block_context":{"text":"Not\u00edcias de Ribeir\u00e3o Preto-SP e Regi\u00e3o","link":"https:\/\/noticiasribeiraopreto.com.br\/index.php\/category\/noticias-de-ribeirao-preto-sp-e-regiao-ismael-colosi\/"},"img":{"alt_text":"","src":"https:\/\/i0.wp.com\/noticiasribeiraopreto.com.br\/wp-content\/uploads\/2024\/01\/bar-do-zeca-pagodinho.jpg?fit=940%2C798&ssl=1&resize=350%2C200","width":350,"height":200,"srcset":"https:\/\/i0.wp.com\/noticiasribeiraopreto.com.br\/wp-content\/uploads\/2024\/01\/bar-do-zeca-pagodinho.jpg?fit=940%2C798&ssl=1&resize=350%2C200 1x, https:\/\/i0.wp.com\/noticiasribeiraopreto.com.br\/wp-content\/uploads\/2024\/01\/bar-do-zeca-pagodinho.jpg?fit=940%2C798&ssl=1&resize=525%2C300 1.5x, https:\/\/i0.wp.com\/noticiasribeiraopreto.com.br\/wp-content\/uploads\/2024\/01\/bar-do-zeca-pagodinho.jpg?fit=940%2C798&ssl=1&resize=700%2C400 2x"},"classes":[]},{"id":56863,"url":"https:\/\/noticiasribeiraopreto.com.br\/index.php\/2024\/08\/15\/receptividade-do-ribeirao-pretano-conquista-zeca-pagodinho-e-um-lugar-de-gente-bacana\/","url_meta":{"origin":44069,"position":1},"title":"Receptividade do ribeir\u00e3o-pretano conquista Zeca Pagodinho: &#8216;\u00c9 um lugar de gente bacana&#8217;","author":"noticiasribeiraopreto.com.br","date":"15 de August de 2024","format":false,"excerpt":"O cantor Zeca Pagodinho afirmou em entrevista ao portal acidade on, que Ribeir\u00e3o Preto foi uma das cidades escolhidas para receber a turn\u00ea que celebra seus 40 anos de carreira, devido a sua receptividade. \u00c9 um lugar de gente bacana, que nos recebe muito bem e cidade que tamb\u00e9m foi\u2026","rel":"","context":"In &quot;Not\u00edcias de Ribeir\u00e3o Preto-SP e Regi\u00e3o&quot;","block_context":{"text":"Not\u00edcias de Ribeir\u00e3o Preto-SP e Regi\u00e3o","link":"https:\/\/noticiasribeiraopreto.com.br\/index.php\/category\/noticias-de-ribeirao-preto-sp-e-regiao-ismael-colosi\/"},"img":{"alt_text":"","src":"https:\/\/i0.wp.com\/noticiasribeiraopreto.com.br\/wp-content\/uploads\/2024\/08\/Copia-de-Copia-de-Copia-de-TAMANHO-EXATO-PARA-FOTOS-NO-SISTEMA-NOVO-6_2024-08-15_22-56-24_png_2024-08-15_22-56-24.webp.webp?fit=1200%2C675&ssl=1&resize=350%2C200","width":350,"height":200,"srcset":"https:\/\/i0.wp.com\/noticiasribeiraopreto.com.br\/wp-content\/uploads\/2024\/08\/Copia-de-Copia-de-Copia-de-TAMANHO-EXATO-PARA-FOTOS-NO-SISTEMA-NOVO-6_2024-08-15_22-56-24_png_2024-08-15_22-56-24.webp.webp?fit=1200%2C675&ssl=1&resize=350%2C200 1x, https:\/\/i0.wp.com\/noticiasribeiraopreto.com.br\/wp-content\/uploads\/2024\/08\/Copia-de-Copia-de-Copia-de-TAMANHO-EXATO-PARA-FOTOS-NO-SISTEMA-NOVO-6_2024-08-15_22-56-24_png_2024-08-15_22-56-24.webp.webp?fit=1200%2C675&ssl=1&resize=525%2C300 1.5x, https:\/\/i0.wp.com\/noticiasribeiraopreto.com.br\/wp-content\/uploads\/2024\/08\/Copia-de-Copia-de-Copia-de-TAMANHO-EXATO-PARA-FOTOS-NO-SISTEMA-NOVO-6_2024-08-15_22-56-24_png_2024-08-15_22-56-24.webp.webp?fit=1200%2C675&ssl=1&resize=700%2C400 2x, https:\/\/i0.wp.com\/noticiasribeiraopreto.com.br\/wp-content\/uploads\/2024\/08\/Copia-de-Copia-de-Copia-de-TAMANHO-EXATO-PARA-FOTOS-NO-SISTEMA-NOVO-6_2024-08-15_22-56-24_png_2024-08-15_22-56-24.webp.webp?fit=1200%2C675&ssl=1&resize=1050%2C600 3x"},"classes":[]},{"id":30263,"url":"https:\/\/noticiasribeiraopreto.com.br\/index.php\/2024\/01\/20\/bar-do-zeca-pagodinho-chega-a-ribeirao-preto\/","url_meta":{"origin":44069,"position":2},"title":"Bar do Zeca Pagodinho chega a Ribeir\u00e3o Preto","author":"noticiasribeiraopreto.com.br","date":"20 de January de 2024","format":false,"excerpt":"20 de janeiro de 2024 | 17:0020 de janeiro de 2024 | 10:27 0O Bar do Zeca Pagodinho, que teve a primeira unidade inaugurada na Barra da Tijuca, Rio de Janeiro, em 2018, ir\u00e1 chegar, em breve, a Ribeir\u00e3o Preto (SP).O grupo BFW (Business Food & Wine), empresa respons\u00e1vel pelo\u2026","rel":"","context":"In &quot;Not\u00edcias de Ribeir\u00e3o Preto-SP e Regi\u00e3o&quot;","block_context":{"text":"Not\u00edcias de Ribeir\u00e3o Preto-SP e Regi\u00e3o","link":"https:\/\/noticiasribeiraopreto.com.br\/index.php\/category\/noticias-de-ribeirao-preto-sp-e-regiao-ismael-colosi\/"},"img":{"alt_text":"","src":"https:\/\/i0.wp.com\/noticiasribeiraopreto.com.br\/wp-content\/uploads\/2024\/01\/Foto_Bar-do-Zeca-Pagodinho_FotoVitor-Faria-scaled.jpg?fit=967%2C645&ssl=1&resize=350%2C200","width":350,"height":200,"srcset":"https:\/\/i0.wp.com\/noticiasribeiraopreto.com.br\/wp-content\/uploads\/2024\/01\/Foto_Bar-do-Zeca-Pagodinho_FotoVitor-Faria-scaled.jpg?fit=967%2C645&ssl=1&resize=350%2C200 1x, https:\/\/i0.wp.com\/noticiasribeiraopreto.com.br\/wp-content\/uploads\/2024\/01\/Foto_Bar-do-Zeca-Pagodinho_FotoVitor-Faria-scaled.jpg?fit=967%2C645&ssl=1&resize=525%2C300 1.5x, https:\/\/i0.wp.com\/noticiasribeiraopreto.com.br\/wp-content\/uploads\/2024\/01\/Foto_Bar-do-Zeca-Pagodinho_FotoVitor-Faria-scaled.jpg?fit=967%2C645&ssl=1&resize=700%2C400 2x"},"classes":[]},{"id":29762,"url":"https:\/\/noticiasribeiraopreto.com.br\/index.php\/2024\/01\/19\/arena-preve-quando-sera-a-inauguracao-do-bar-do-zeca-pagodinho-em-ribeirao-confira\/","url_meta":{"origin":44069,"position":3},"title":"Arena prev\u00ea quando ser\u00e1 a inaugura\u00e7\u00e3o do Bar do Zeca Pagodinho em Ribeir\u00e3o; Confira","author":"noticiasribeiraopreto.com.br","date":"19 de January de 2024","format":false,"excerpt":"O presidente do conselho de administra\u00e7\u00e3o da Botafogo S.A., Adalberto Baptista, afirmou que o Bar do Zeca Pagodinho deve ser inaugurado na Arena Nicnet, em Ribeir\u00e3o Preto, at\u00e9 o final do m\u00eas de fevereiro. O novo bar ir\u00e1 ocupar o espa\u00e7o onde ficava o Seo Tib\u00e9rio. Essa ser\u00e1 a segunda\u2026","rel":"","context":"In &quot;Not\u00edcias de Ribeir\u00e3o Preto-SP e Regi\u00e3o&quot;","block_context":{"text":"Not\u00edcias de Ribeir\u00e3o Preto-SP e Regi\u00e3o","link":"https:\/\/noticiasribeiraopreto.com.br\/index.php\/category\/noticias-de-ribeirao-preto-sp-e-regiao-ismael-colosi\/"},"img":{"alt_text":"","src":"https:\/\/i0.wp.com\/noticiasribeiraopreto.com.br\/wp-content\/uploads\/2024\/01\/bar-do-zeca.jpg?fit=1200%2C800&ssl=1&resize=350%2C200","width":350,"height":200,"srcset":"https:\/\/i0.wp.com\/noticiasribeiraopreto.com.br\/wp-content\/uploads\/2024\/01\/bar-do-zeca.jpg?fit=1200%2C800&ssl=1&resize=350%2C200 1x, https:\/\/i0.wp.com\/noticiasribeiraopreto.com.br\/wp-content\/uploads\/2024\/01\/bar-do-zeca.jpg?fit=1200%2C800&ssl=1&resize=525%2C300 1.5x, https:\/\/i0.wp.com\/noticiasribeiraopreto.com.br\/wp-content\/uploads\/2024\/01\/bar-do-zeca.jpg?fit=1200%2C800&ssl=1&resize=700%2C400 2x, https:\/\/i0.wp.com\/noticiasribeiraopreto.com.br\/wp-content\/uploads\/2024\/01\/bar-do-zeca.jpg?fit=1200%2C800&ssl=1&resize=1050%2C600 3x"},"classes":[]},{"id":56218,"url":"https:\/\/noticiasribeiraopreto.com.br\/index.php\/2024\/08\/11\/zeca-pagodinho-se-apresenta-em-ribeirao-preto-no-final-de-semana-ainda-ha-ingressos\/","url_meta":{"origin":44069,"position":4},"title":"Zeca Pagodinho se apresenta em Ribeir\u00e3o Preto no final de semana; Ainda h\u00e1 ingressos","author":"noticiasribeiraopreto.com.br","date":"11 de August de 2024","format":false,"excerpt":"O cantor Zeca Pagodinho desembarca em Ribeir\u00e3o Preto, neste s\u00e1bado (17), com a sua turn\u00ea comemorativa de 40 anos, no centro de eventos Multiplan Hall, no Ribeir\u00e3o Shopping, zona Sul do munic\u00edpio. Os ingressos ainda est\u00e3o dispon\u00edveis e podem ser adquiridos de forma on-line (veja abaixo). \u00a0A apresenta\u00e7\u00e3o promete levar\u2026","rel":"","context":"In &quot;Not\u00edcias de Ribeir\u00e3o Preto-SP e Regi\u00e3o&quot;","block_context":{"text":"Not\u00edcias de Ribeir\u00e3o Preto-SP e Regi\u00e3o","link":"https:\/\/noticiasribeiraopreto.com.br\/index.php\/category\/noticias-de-ribeirao-preto-sp-e-regiao-ismael-colosi\/"},"img":{"alt_text":"","src":"https:\/\/i0.wp.com\/noticiasribeiraopreto.com.br\/wp-content\/uploads\/2024\/03\/AnyConv.com__bar-do-zeca-pagodinho-scaled.webp.webp?fit=1200%2C801&ssl=1&resize=350%2C200","width":350,"height":200,"srcset":"https:\/\/i0.wp.com\/noticiasribeiraopreto.com.br\/wp-content\/uploads\/2024\/03\/AnyConv.com__bar-do-zeca-pagodinho-scaled.webp.webp?fit=1200%2C801&ssl=1&resize=350%2C200 1x, https:\/\/i0.wp.com\/noticiasribeiraopreto.com.br\/wp-content\/uploads\/2024\/03\/AnyConv.com__bar-do-zeca-pagodinho-scaled.webp.webp?fit=1200%2C801&ssl=1&resize=525%2C300 1.5x, https:\/\/i0.wp.com\/noticiasribeiraopreto.com.br\/wp-content\/uploads\/2024\/03\/AnyConv.com__bar-do-zeca-pagodinho-scaled.webp.webp?fit=1200%2C801&ssl=1&resize=700%2C400 2x, https:\/\/i0.wp.com\/noticiasribeiraopreto.com.br\/wp-content\/uploads\/2024\/03\/AnyConv.com__bar-do-zeca-pagodinho-scaled.webp.webp?fit=1200%2C801&ssl=1&resize=1050%2C600 3x"},"classes":[]},{"id":61476,"url":"https:\/\/noticiasribeiraopreto.com.br\/index.php\/2024\/12\/13\/zeca-pagodinho-anuncia-pausa-na-carreira-veja-o-motivo\/","url_meta":{"origin":44069,"position":5},"title":"Zeca Pagodinho anuncia pausa na carreira; Veja o motivo","author":"noticiasribeiraopreto.com.br","date":"13 de December de 2024","format":false,"excerpt":"O cantor Zeca Pagodinho anunciou nesta sexta-feira (13) uma pausa nas apresenta\u00e7\u00f5es pelo per\u00edodo de cinco meses, ap\u00f3s encerrar a turn\u00ea comemorativa pelos 40 anos de carreira. As \u00faltimas apresenta\u00e7\u00f5es do artista antes da pausa acontecem em S\u00e3o Paulo, nesta sexta-feira (13) e s\u00e1bado (14), e no Rio de Janeiro,\u2026","rel":"","context":"In &quot;Not\u00edcias de Ribeir\u00e3o Preto-SP e Regi\u00e3o&quot;","block_context":{"text":"Not\u00edcias de Ribeir\u00e3o Preto-SP e Regi\u00e3o","link":"https:\/\/noticiasribeiraopreto.com.br\/index.php\/category\/noticias-de-ribeirao-preto-sp-e-regiao-ismael-colosi\/"},"img":{"alt_text":"","src":"https:\/\/i0.wp.com\/noticiasribeiraopreto.com.br\/wp-content\/uploads\/2024\/03\/AnyConv.com__bar-do-zeca-pagodinho-scaled.webp.webp?fit=1200%2C801&ssl=1&resize=350%2C200","width":350,"height":200,"srcset":"https:\/\/i0.wp.com\/noticiasribeiraopreto.com.br\/wp-content\/uploads\/2024\/03\/AnyConv.com__bar-do-zeca-pagodinho-scaled.webp.webp?fit=1200%2C801&ssl=1&resize=350%2C200 1x, https:\/\/i0.wp.com\/noticiasribeiraopreto.com.br\/wp-content\/uploads\/2024\/03\/AnyConv.com__bar-do-zeca-pagodinho-scaled.webp.webp?fit=1200%2C801&ssl=1&resize=525%2C300 1.5x, https:\/\/i0.wp.com\/noticiasribeiraopreto.com.br\/wp-content\/uploads\/2024\/03\/AnyConv.com__bar-do-zeca-pagodinho-scaled.webp.webp?fit=1200%2C801&ssl=1&resize=700%2C400 2x, https:\/\/i0.wp.com\/noticiasribeiraopreto.com.br\/wp-content\/uploads\/2024\/03\/AnyConv.com__bar-do-zeca-pagodinho-scaled.webp.webp?fit=1200%2C801&ssl=1&resize=1050%2C600 3x"},"classes":[]}],"jetpack_sharing_enabled":true,"jetpack_shortlink":"https:\/\/wp.me\/peQAOb-bsN","_links":{"self":[{"href":"https:\/\/noticiasribeiraopreto.com.br\/index.php\/wp-json\/wp\/v2\/posts\/44069","targetHints":{"allow":["GET"]}}],"collection":[{"href":"https:\/\/noticiasribeiraopreto.com.br\/index.php\/wp-json\/wp\/v2\/posts"}],"about":[{"href":"https:\/\/noticiasribeiraopreto.com.br\/index.php\/wp-json\/wp\/v2\/types\/post"}],"author":[{"embeddable":true,"href":"https:\/\/noticiasribeiraopreto.com.br\/index.php\/wp-json\/wp\/v2\/users\/1"}],"replies":[{"embeddable":true,"href":"https:\/\/noticiasribeiraopreto.com.br\/index.php\/wp-json\/wp\/v2\/comments?post=44069"}],"version-history":[{"count":0,"href":"https:\/\/noticiasribeiraopreto.com.br\/index.php\/wp-json\/wp\/v2\/posts\/44069\/revisions"}],"wp:featuredmedia":[{"embeddable":true,"href":"https:\/\/noticiasribeiraopreto.com.br\/index.php\/wp-json\/wp\/v2\/media\/44070"}],"wp:attachment":[{"href":"https:\/\/noticiasribeiraopreto.com.br\/index.php\/wp-json\/wp\/v2\/media?parent=44069"}],"wp:term":[{"taxonomy":"category","embeddable":true,"href":"https:\/\/noticiasribeiraopreto.com.br\/index.php\/wp-json\/wp\/v2\/categories?post=44069"},{"taxonomy":"post_tag","embeddable":true,"href":"https:\/\/noticiasribeiraopreto.com.br\/index.php\/wp-json\/wp\/v2\/tags?post=44069"}],"curies":[{"name":"wp","href":"https:\/\/api.w.org\/{rel}","templated":true}]}}