{"id":44092,"date":"2024-03-25T18:32:57","date_gmt":"2024-03-25T21:32:57","guid":{"rendered":"https:\/\/noticiasribeiraopreto.com.br\/index.php\/2024\/03\/25\/pais-denunciam-abandono-em-escola-municipal-de-ribeirao-preto-veja-video-2\/"},"modified":"2024-03-25T18:32:57","modified_gmt":"2024-03-25T21:32:57","slug":"pais-denunciam-abandono-em-escola-municipal-de-ribeirao-preto-veja-video-2","status":"publish","type":"post","link":"https:\/\/noticiasribeiraopreto.com.br\/index.php\/2024\/03\/25\/pais-denunciam-abandono-em-escola-municipal-de-ribeirao-preto-veja-video-2\/","title":{"rendered":"Pais denunciam abandono em escola municipal de Ribeir\u00e3o Preto; Veja v\u00eddeo"},"content":{"rendered":"<div class='code-block code-block-1' style='margin: 8px 0 8px auto; text-align: right; display: block; clear: both;'>\n<p><a href=\"https:\/\/wa.link\/vpicfd\"><img data-recalc-dims=\"1\" class=\"wp-image-4922\" style=\"aspect-ratio: 2.0253164556962027; width: 561px; height: auto;\" src=\"https:\/\/i0.wp.com\/ismaelcolosi.com.br\/wp-content\/uploads\/2023\/11\/grupo-de-empregos-whatsapp-e-facebook-ismael-colosi-vagas.jpg?ssl=1\" alt=\"\" \/><\/a><\/p>\n<!-- \/wp:image -->\n<\/div>\n<p> <br \/>\n<\/p>\n<div data-td-block-uid=\"tdi_101\">\n<div class=\"tdb-block-inner td-fix-index\">\n<p>O portal <strong>acidade on<\/strong> Ribeir\u00e3o recebeu v\u00e1rias den\u00fancias de pais de alunos que estudam na<span style=\"background-color:#f7cc62\" class=\"td_text_highlight_marker\"><mark style=\"background-color:rgba(0, 0, 0, 0)\" class=\"has-inline-color has-black-color\"> escola municipal de educa\u00e7\u00e3o infantil Ana dos Santos Gabarra por conta de mato alto e lixo, em frente e ao redor da unidade escolar<\/mark><\/span>, que fica no bairro Jardim Iraj\u00e1, na zona Sul de Ribeir\u00e3o Preto.<\/p>\n<p>Um dos denunciantes <strong>enviou um v\u00eddeo<\/strong> (<strong>veja abaixo<\/strong>) que mostra a <strong>situa\u00e7\u00e3o<\/strong>, segundo os pais de abandono do local.<\/p>\n<p>De acordo com Ana Lima, <strong>m\u00e3e de um dos alunos da escola<\/strong>, <span style=\"background-color:#f7cc62\" class=\"td_text_highlight_marker\"><mark style=\"background-color:rgba(0, 0, 0, 0)\" class=\"has-inline-color has-black-color\">o mato alto e os lixos espalhados pelas cal\u00e7adas est\u00e3o preocupando os pais desde o in\u00edcio das aulas.<\/mark><\/span><\/p>\n<p><em>\u201cAl\u00e9m do mato, est\u00e3o jogando lixo no local e fora o cheiro forte de urina perto do port\u00e3o de entrada das crian\u00e7as. N\u00e3o bastasse tudo isso, tem \u00e1rvores coladas ao muro na rua lateral que \u00e9 f\u00e1cil subir e entrar na escola. Temos medo de uma trag\u00e9dia.\u201d<\/em><\/p>\n<p>Ana Lima disse ainda que um <strong>grupo<\/strong> formado por <strong>pais de alunos<\/strong> est\u00e1<strong> buscando ajuda<\/strong> para resolver os problemas na escola, mas at\u00e9 o momento <strong>sem retorno<\/strong> por parte da dire\u00e7\u00e3o da escola e da prefeitura. <\/p>\n<h4 class=\"wp-block-heading\"><strong>O que diz a prefeitura<\/strong><\/h4>\n<p>Procurada por nossa reportagem, inclusive com envio de algumas imagens mostrando os problemas, o retorno dado pela prefeitura foi de que <em>\u201ca Secretaria da Educa\u00e7\u00e3o encaminhar\u00e1 uma equipe para programa\u00e7\u00e3o do servi\u00e7o\u201d.<\/em><\/p>\n<p><iframe loading=\"lazy\" allowfullscreen=\"yes\" frameborder=\"0\" scrolling=\"yes\" src=\"https:\/\/embed-videos.netshow.me\/s\/xiehitxw5YA\/player?v=true\" width=\"1080\" height=\"608\"><\/iframe><\/p>\n<p>SAIBA MAIS <\/p>\n<p>Bar do Zeca Pagodinho em Ribeir\u00e3o Preto j\u00e1 tem data de inaugura\u00e7\u00e3o<\/p>\n<h4 class=\"wp-block-heading\"><strong>FIQUE ON<\/strong><\/h4>\n<p>Fique ligado em tudo que acontece em Ribeir\u00e3o Preto e regi\u00e3o. Siga os perfis do<strong>\u00a0acidade on\u00a0<\/strong>no\u00a0<a href=\"https:\/\/www.instagram.com\/acidadeonribeirao\" target=\"_blank\" rel=\"noreferrer noopener\">Instagram<\/a>\u00a0e no\u00a0<a href=\"https:\/\/www.facebook.com\/acidadeonribeirao\" target=\"_blank\" rel=\"noreferrer noopener\">Facebook<\/a>.<\/p>\n<p>Receba not\u00edcias do\u00a0<strong>acidade on<\/strong>\u00a0no WhatsApp.<a href=\"https:\/\/chat.whatsapp.com\/GFH9HUMUTHNFJdnyEd0xxq\" target=\"_blank\" rel=\"noreferrer noopener\">\u00a0Para entrar no grupo, basta clicar aqui.<\/a><\/p>\n<p>Fa\u00e7a uma den\u00fancia ou sugira uma reportagem sobre Ribeir\u00e3o Preto e regi\u00e3o pelo WhatsApp: 16 99117 7802.<\/p>\n<p>VEJA TAMB\u00c9M<\/p>\n<p>Bruna Marquezine e Jo\u00e3o Guilherme curtem Lollapalooza juntos<\/p>\n<p><!-- AI CONTENT END 1 -->\n<\/div>\n<\/div>\n<p><script async src=\"\/\/www.instagram.com\/embed.js\"><\/script><br \/>\n<br \/><br \/>\n<br \/><a href=\"https:\/\/www.acidadeon.com\/ribeiraopreto\/cotidiano\/pais-denunciam-abandono-escola-municipal-de-ribeirao-preto-veja-video\/\">Source link <\/a><\/p>\n<!-- CONTENT END 1 -->\n","protected":false},"excerpt":{"rendered":"<p>O portal acidade on Ribeir\u00e3o recebeu v\u00e1rias den\u00fancias de pais de alunos que estudam na escola municipal de educa\u00e7\u00e3o infantil Ana dos Santos Gabarra por&#8230;<\/p>\n","protected":false},"author":1,"featured_media":44093,"comment_status":"open","ping_status":"open","sticky":false,"template":"","format":"standard","meta":{"advanced_seo_description":"","jetpack_seo_html_title":"","jetpack_seo_noindex":false,"jetpack_post_was_ever_published":false,"_jetpack_newsletter_access":"","_jetpack_dont_email_post_to_subs":false,"_jetpack_newsletter_tier_id":0,"_jetpack_memberships_contains_paywalled_content":false,"_jetpack_memberships_contains_paid_content":false,"footnotes":"","jetpack_publicize_message":"","jetpack_publicize_feature_enabled":true,"jetpack_social_post_already_shared":true,"jetpack_social_options":{"image_generator_settings":{"template":"highway","default_image_id":0,"font":"","enabled":false},"version":2}},"categories":[11],"tags":[],"class_list":["post-44092","post","type-post","status-publish","format-standard","has-post-thumbnail","hentry","category-noticias-de-ribeirao-preto-sp-e-regiao-ismael-colosi"],"jetpack_publicize_connections":[],"jetpack_featured_media_url":"https:\/\/i0.wp.com\/noticiasribeiraopreto.com.br\/wp-content\/uploads\/2024\/03\/1711402381_Copia-de-Copia-de-TAMANHO-EXATO-PARA-FOTOS-NO-SISTEMA-NOVO-84.jpg?fit=1200%2C675&ssl=1","jetpack-related-posts":[{"id":44082,"url":"https:\/\/noticiasribeiraopreto.com.br\/index.php\/2024\/03\/25\/pais-denunciam-abandono-em-escola-municipal-de-ribeirao-preto-veja-video\/","url_meta":{"origin":44092,"position":0},"title":"Pais denunciam abandono em escola municipal de Ribeir\u00e3o Preto; Veja v\u00eddeo","author":"noticiasribeiraopreto.com.br","date":"25 de March de 2024","format":false,"excerpt":"O portal acidade on Ribeir\u00e3o recebeu v\u00e1rias den\u00fancias de pais de alunos que estudam na escola municipal de educa\u00e7\u00e3o infantil Ana dos Santos Gabarra por conta de mato alto e lixo, em frente e ao redor da unidade escolar, que fica no bairro Jardim Iraj\u00e1, na zona Sul de Ribeir\u00e3o\u2026","rel":"","context":"In &quot;Not\u00edcias de Ribeir\u00e3o Preto-SP e Regi\u00e3o&quot;","block_context":{"text":"Not\u00edcias de Ribeir\u00e3o Preto-SP e Regi\u00e3o","link":"https:\/\/noticiasribeiraopreto.com.br\/index.php\/category\/noticias-de-ribeirao-preto-sp-e-regiao-ismael-colosi\/"},"img":{"alt_text":"","src":"https:\/\/i0.wp.com\/noticiasribeiraopreto.com.br\/wp-content\/uploads\/2024\/03\/Copia-de-Copia-de-TAMANHO-EXATO-PARA-FOTOS-NO-SISTEMA-NOVO-84.jpg?fit=1200%2C675&ssl=1&resize=350%2C200","width":350,"height":200,"srcset":"https:\/\/i0.wp.com\/noticiasribeiraopreto.com.br\/wp-content\/uploads\/2024\/03\/Copia-de-Copia-de-TAMANHO-EXATO-PARA-FOTOS-NO-SISTEMA-NOVO-84.jpg?fit=1200%2C675&ssl=1&resize=350%2C200 1x, https:\/\/i0.wp.com\/noticiasribeiraopreto.com.br\/wp-content\/uploads\/2024\/03\/Copia-de-Copia-de-TAMANHO-EXATO-PARA-FOTOS-NO-SISTEMA-NOVO-84.jpg?fit=1200%2C675&ssl=1&resize=525%2C300 1.5x, https:\/\/i0.wp.com\/noticiasribeiraopreto.com.br\/wp-content\/uploads\/2024\/03\/Copia-de-Copia-de-TAMANHO-EXATO-PARA-FOTOS-NO-SISTEMA-NOVO-84.jpg?fit=1200%2C675&ssl=1&resize=700%2C400 2x, https:\/\/i0.wp.com\/noticiasribeiraopreto.com.br\/wp-content\/uploads\/2024\/03\/Copia-de-Copia-de-TAMANHO-EXATO-PARA-FOTOS-NO-SISTEMA-NOVO-84.jpg?fit=1200%2C675&ssl=1&resize=1050%2C600 3x"},"classes":[]},{"id":82508,"url":"https:\/\/noticiasribeiraopreto.com.br\/index.php\/2026\/02\/17\/pais-de-alunos-denunciam-falta-de-manutencao-de-escola-municipal-de-ribeirao-preto\/","url_meta":{"origin":44092,"position":1},"title":"Pais de alunos denunciam falta de manuten\u00e7\u00e3o de escola municipal de Ribeir\u00e3o Preto","author":"noticiasribeiraopreto.com.br","date":"17 de February de 2026","format":false,"excerpt":"Pais de alunos matriculados na Escola Municipal Jo\u00e3o Gilberto Sampaio, na Vila Mariana, em Ribeir\u00e3o Preto, denunciam a falta de manuten\u00e7\u00e3o da unidade. De acordo com eles, a escola tem goteiras na sala de aula, portas abandonadas e a piscina est\u00e1 verde. A escola tem quase 40 anos e j\u00e1\u2026","rel":"","context":"In &quot;Not\u00edcias de Ribeir\u00e3o Preto-SP e Regi\u00e3o&quot;","block_context":{"text":"Not\u00edcias de Ribeir\u00e3o Preto-SP e Regi\u00e3o","link":"https:\/\/noticiasribeiraopreto.com.br\/index.php\/category\/noticias-de-ribeirao-preto-sp-e-regiao-ismael-colosi\/"},"img":{"alt_text":"","src":"https:\/\/i0.wp.com\/noticiasribeiraopreto.com.br\/wp-content\/uploads\/2026\/02\/escola-joao-gilberto-sampaio_2026-02-16_22-41-51.webp.webp?fit=1200%2C776&ssl=1&resize=350%2C200","width":350,"height":200,"srcset":"https:\/\/i0.wp.com\/noticiasribeiraopreto.com.br\/wp-content\/uploads\/2026\/02\/escola-joao-gilberto-sampaio_2026-02-16_22-41-51.webp.webp?fit=1200%2C776&ssl=1&resize=350%2C200 1x, https:\/\/i0.wp.com\/noticiasribeiraopreto.com.br\/wp-content\/uploads\/2026\/02\/escola-joao-gilberto-sampaio_2026-02-16_22-41-51.webp.webp?fit=1200%2C776&ssl=1&resize=525%2C300 1.5x, https:\/\/i0.wp.com\/noticiasribeiraopreto.com.br\/wp-content\/uploads\/2026\/02\/escola-joao-gilberto-sampaio_2026-02-16_22-41-51.webp.webp?fit=1200%2C776&ssl=1&resize=700%2C400 2x, https:\/\/i0.wp.com\/noticiasribeiraopreto.com.br\/wp-content\/uploads\/2026\/02\/escola-joao-gilberto-sampaio_2026-02-16_22-41-51.webp.webp?fit=1200%2C776&ssl=1&resize=1050%2C600 3x"},"classes":[]},{"id":63483,"url":"https:\/\/noticiasribeiraopreto.com.br\/index.php\/2025\/02\/14\/projeto-municipal-busca-restringir-uso-de-celulares-nas-escolas-para-aumentar-a-interacao-entre-alunos\/","url_meta":{"origin":44092,"position":2},"title":"Projeto Municipal Busca Restringir Uso de Celulares nas Escolas para Aumentar a Intera\u00e7\u00e3o Entre Alunos","author":"noticiasribeiraopreto.com.br","date":"14 de February de 2025","format":false,"excerpt":"Na sess\u00e3o da C\u00e2mara Municipal de Ribeir\u00e3o Preto, ocorrida nesta quinta-feira (13), foi aprovado um projeto de lei que prop\u00f5e restringir o uso de celulares nas escolas. O objetivo \u00e9 combater as distra\u00e7\u00f5es provocadas pelos dispositivos m\u00f3veis e incentivar a intera\u00e7\u00e3o entre os alunos. A medida visa criar um ambiente\u2026","rel":"","context":"In &quot;Not\u00edcias de Ribeir\u00e3o Preto-SP e Regi\u00e3o&quot;","block_context":{"text":"Not\u00edcias de Ribeir\u00e3o Preto-SP e Regi\u00e3o","link":"https:\/\/noticiasribeiraopreto.com.br\/index.php\/category\/noticias-de-ribeirao-preto-sp-e-regiao-ismael-colosi\/"},"img":{"alt_text":"","src":"https:\/\/i0.wp.com\/noticiasribeiraopreto.com.br\/wp-content\/uploads\/2025\/02\/DSC0422-scaled.jpg?fit=1200%2C800&ssl=1&resize=350%2C200","width":350,"height":200,"srcset":"https:\/\/i0.wp.com\/noticiasribeiraopreto.com.br\/wp-content\/uploads\/2025\/02\/DSC0422-scaled.jpg?fit=1200%2C800&ssl=1&resize=350%2C200 1x, https:\/\/i0.wp.com\/noticiasribeiraopreto.com.br\/wp-content\/uploads\/2025\/02\/DSC0422-scaled.jpg?fit=1200%2C800&ssl=1&resize=525%2C300 1.5x, https:\/\/i0.wp.com\/noticiasribeiraopreto.com.br\/wp-content\/uploads\/2025\/02\/DSC0422-scaled.jpg?fit=1200%2C800&ssl=1&resize=700%2C400 2x, https:\/\/i0.wp.com\/noticiasribeiraopreto.com.br\/wp-content\/uploads\/2025\/02\/DSC0422-scaled.jpg?fit=1200%2C800&ssl=1&resize=1050%2C600 3x"},"classes":[]},{"id":80184,"url":"https:\/\/noticiasribeiraopreto.com.br\/index.php\/2025\/11\/17\/entenda-como-funciona-a-estrutura-criada-para-reter-lixo-no-corrego-ribeirao-preto\/","url_meta":{"origin":44092,"position":3},"title":"Entenda como funciona a estrutura criada para reter lixo no c\u00f3rrego Ribeir\u00e3o Preto","author":"noticiasribeiraopreto.com.br","date":"17 de November de 2025","format":false,"excerpt":"Alunos de uma escola particular de Ribeir\u00e3o Preto desenvolveram uma ecobarreira para reter lixo no c\u00f3rrego Ribeir\u00e3o Preto, um dos principais cursos d\u2019\u00e1gua urbanos da cidade. A estrutura, feita com redes, gal\u00f5es e garrafas PET, funciona como um sistema flutuante capaz de interceptar materiais levados pela correnteza, especialmente pl\u00e1sticos e\u2026","rel":"","context":"In &quot;Not\u00edcias de Ribeir\u00e3o Preto-SP e Regi\u00e3o&quot;","block_context":{"text":"Not\u00edcias de Ribeir\u00e3o Preto-SP e Regi\u00e3o","link":"https:\/\/noticiasribeiraopreto.com.br\/index.php\/category\/noticias-de-ribeirao-preto-sp-e-regiao-ismael-colosi\/"},"img":{"alt_text":"","src":"https:\/\/i0.wp.com\/noticiasribeiraopreto.com.br\/wp-content\/uploads\/2025\/11\/image-10_2025-11-17_14-29-47.webp.webp?fit=1200%2C675&ssl=1&resize=350%2C200","width":350,"height":200,"srcset":"https:\/\/i0.wp.com\/noticiasribeiraopreto.com.br\/wp-content\/uploads\/2025\/11\/image-10_2025-11-17_14-29-47.webp.webp?fit=1200%2C675&ssl=1&resize=350%2C200 1x, https:\/\/i0.wp.com\/noticiasribeiraopreto.com.br\/wp-content\/uploads\/2025\/11\/image-10_2025-11-17_14-29-47.webp.webp?fit=1200%2C675&ssl=1&resize=525%2C300 1.5x, https:\/\/i0.wp.com\/noticiasribeiraopreto.com.br\/wp-content\/uploads\/2025\/11\/image-10_2025-11-17_14-29-47.webp.webp?fit=1200%2C675&ssl=1&resize=700%2C400 2x, https:\/\/i0.wp.com\/noticiasribeiraopreto.com.br\/wp-content\/uploads\/2025\/11\/image-10_2025-11-17_14-29-47.webp.webp?fit=1200%2C675&ssl=1&resize=1050%2C600 3x"},"classes":[]},{"id":35805,"url":"https:\/\/noticiasribeiraopreto.com.br\/index.php\/2024\/02\/07\/parque-permanente-de-exposicoes-de-ribeirao-preto-sofre-com-abandono-e-vandalismo-veja-fotos\/","url_meta":{"origin":44092,"position":4},"title":"Parque Permanente de Exposi\u00e7\u00f5es de Ribeir\u00e3o Preto sofre com abandono e vandalismo; Veja fotos","author":"noticiasribeiraopreto.com.br","date":"7 de February de 2024","format":false,"excerpt":"O Parque Permanente de Exposi\u00e7\u00f5es de Ribeir\u00e3o Preto, localizado na avenida Orestes Lopes de Camargo, sofre com abandono e falta de manuten\u00e7\u00e3o, mesmo sendo palco de grandes eventos na cidade. O local \u00e9 mantido pela Prefeitura e vem sendo alvo de v\u00e2ndalos, que destru\u00edram instala\u00e7\u00f5es e danificaram estruturas nos \u00faltimos\u2026","rel":"","context":"In &quot;Not\u00edcias de Ribeir\u00e3o Preto-SP e Regi\u00e3o&quot;","block_context":{"text":"Not\u00edcias de Ribeir\u00e3o Preto-SP e Regi\u00e3o","link":"https:\/\/noticiasribeiraopreto.com.br\/index.php\/category\/noticias-de-ribeirao-preto-sp-e-regiao-ismael-colosi\/"},"img":{"alt_text":"","src":"https:\/\/i0.wp.com\/noticiasribeiraopreto.com.br\/wp-content\/uploads\/2024\/02\/IMG_0041.jpeg?fit=613%2C334&ssl=1&resize=350%2C200","width":350,"height":200,"srcset":"https:\/\/i0.wp.com\/noticiasribeiraopreto.com.br\/wp-content\/uploads\/2024\/02\/IMG_0041.jpeg?fit=613%2C334&ssl=1&resize=350%2C200 1x, https:\/\/i0.wp.com\/noticiasribeiraopreto.com.br\/wp-content\/uploads\/2024\/02\/IMG_0041.jpeg?fit=613%2C334&ssl=1&resize=525%2C300 1.5x"},"classes":[]},{"id":65197,"url":"https:\/\/noticiasribeiraopreto.com.br\/index.php\/2025\/03\/17\/jornal-da-franca-alunos-da-rede-municipal-de-franca-se-tornam-fiscais-ambientais-mirins\/","url_meta":{"origin":44092,"position":5},"title":"Jornal da Franca &#8211; Alunos da rede municipal de Franca se tornam &#8220;Fiscais Ambientais Mirins&#8221;","author":"noticiasribeiraopreto.com.br","date":"17 de March de 2025","format":false,"excerpt":"compartilhar no whatsapp compartilhar no telegram compartilhar no facebook compartilhar no linkedin Projeto incentiva alunos a cuidarem do meio ambiente e compartilharem boas pr\u00e1ticas Alunos da Escola \u2018Professor C\u00e9sar Augusto de Oliveira\u2019 participaram do projeto na \u00faltima sexta-feira, 14 \u00a0 Mais de 520 alunos da Escola Municipal \u2018Professor C\u00e9sar Augusto\u2026","rel":"","context":"In &quot;Not\u00edcias de Franca-SP&quot;","block_context":{"text":"Not\u00edcias de Franca-SP","link":"https:\/\/noticiasribeiraopreto.com.br\/index.php\/category\/noticias-de-ribeirao-preto-sp-e-regiao-ismael-colosi\/noticias-franca-sp\/"},"img":{"alt_text":"","src":"https:\/\/i0.wp.com\/noticiasribeiraopreto.com.br\/wp-content\/uploads\/2025\/03\/Fiscais-mirins.jpeg?fit=1200%2C794&ssl=1&resize=350%2C200","width":350,"height":200,"srcset":"https:\/\/i0.wp.com\/noticiasribeiraopreto.com.br\/wp-content\/uploads\/2025\/03\/Fiscais-mirins.jpeg?fit=1200%2C794&ssl=1&resize=350%2C200 1x, https:\/\/i0.wp.com\/noticiasribeiraopreto.com.br\/wp-content\/uploads\/2025\/03\/Fiscais-mirins.jpeg?fit=1200%2C794&ssl=1&resize=525%2C300 1.5x, https:\/\/i0.wp.com\/noticiasribeiraopreto.com.br\/wp-content\/uploads\/2025\/03\/Fiscais-mirins.jpeg?fit=1200%2C794&ssl=1&resize=700%2C400 2x, https:\/\/i0.wp.com\/noticiasribeiraopreto.com.br\/wp-content\/uploads\/2025\/03\/Fiscais-mirins.jpeg?fit=1200%2C794&ssl=1&resize=1050%2C600 3x"},"classes":[]}],"jetpack_sharing_enabled":true,"jetpack_shortlink":"https:\/\/wp.me\/peQAOb-bta","_links":{"self":[{"href":"https:\/\/noticiasribeiraopreto.com.br\/index.php\/wp-json\/wp\/v2\/posts\/44092","targetHints":{"allow":["GET"]}}],"collection":[{"href":"https:\/\/noticiasribeiraopreto.com.br\/index.php\/wp-json\/wp\/v2\/posts"}],"about":[{"href":"https:\/\/noticiasribeiraopreto.com.br\/index.php\/wp-json\/wp\/v2\/types\/post"}],"author":[{"embeddable":true,"href":"https:\/\/noticiasribeiraopreto.com.br\/index.php\/wp-json\/wp\/v2\/users\/1"}],"replies":[{"embeddable":true,"href":"https:\/\/noticiasribeiraopreto.com.br\/index.php\/wp-json\/wp\/v2\/comments?post=44092"}],"version-history":[{"count":0,"href":"https:\/\/noticiasribeiraopreto.com.br\/index.php\/wp-json\/wp\/v2\/posts\/44092\/revisions"}],"wp:featuredmedia":[{"embeddable":true,"href":"https:\/\/noticiasribeiraopreto.com.br\/index.php\/wp-json\/wp\/v2\/media\/44093"}],"wp:attachment":[{"href":"https:\/\/noticiasribeiraopreto.com.br\/index.php\/wp-json\/wp\/v2\/media?parent=44092"}],"wp:term":[{"taxonomy":"category","embeddable":true,"href":"https:\/\/noticiasribeiraopreto.com.br\/index.php\/wp-json\/wp\/v2\/categories?post=44092"},{"taxonomy":"post_tag","embeddable":true,"href":"https:\/\/noticiasribeiraopreto.com.br\/index.php\/wp-json\/wp\/v2\/tags?post=44092"}],"curies":[{"name":"wp","href":"https:\/\/api.w.org\/{rel}","templated":true}]}}