{"id":44149,"date":"2024-03-26T09:29:24","date_gmt":"2024-03-26T12:29:24","guid":{"rendered":"https:\/\/noticiasribeiraopreto.com.br\/index.php\/2024\/03\/26\/governo-libera-pagamento-antecipado-do-bolsa-familia-no-mes-de-abril-confira-calendario\/"},"modified":"2024-03-26T09:29:24","modified_gmt":"2024-03-26T12:29:24","slug":"governo-libera-pagamento-antecipado-do-bolsa-familia-no-mes-de-abril-confira-calendario","status":"publish","type":"post","link":"https:\/\/noticiasribeiraopreto.com.br\/index.php\/2024\/03\/26\/governo-libera-pagamento-antecipado-do-bolsa-familia-no-mes-de-abril-confira-calendario\/","title":{"rendered":"Governo libera pagamento antecipado do Bolsa Fam\u00edlia no m\u00eas de Abril; Confira calend\u00e1rio"},"content":{"rendered":"<div class='code-block code-block-1' style='margin: 8px 0 8px auto; text-align: right; display: block; clear: both;'>\n<p><a href=\"https:\/\/wa.link\/vpicfd\"><img data-recalc-dims=\"1\" class=\"wp-image-4922\" style=\"aspect-ratio: 2.0253164556962027; width: 561px; height: auto;\" src=\"https:\/\/i0.wp.com\/ismaelcolosi.com.br\/wp-content\/uploads\/2023\/11\/grupo-de-empregos-whatsapp-e-facebook-ismael-colosi-vagas.jpg?ssl=1\" alt=\"\" \/><\/a><\/p>\n<!-- \/wp:image -->\n<\/div>\n<p> <br \/>\n<\/p>\n<div data-td-block-uid=\"tdi_88\">\n<div class=\"tdb-block-inner td-fix-index\">\n<p style=\"text-align: justify;\"><span style=\"font-family: arial, helvetica, sans-serif; font-size: 14pt;\">Embora o pagamento do Bolsa Fam\u00edlia em Mar\u00e7o ainda n\u00e3o tenha terminado, milhares de benefici\u00e1rios do programa social j\u00e1 podem receber a remessa de Abril. Pois bem, o Governo Federal aprovou que munic\u00edpios que declarem estado de emerg\u00eancia devido aos temporais que atingiram diferentes partes do Brasil possam solicitar a possibilidade de pagamento do Bolsa Fam\u00edlia.<\/span><\/p>\n<p style=\"text-align: justify;\"><span style=\"font-family: arial, helvetica, sans-serif; font-size: 14pt;\">Dessa forma, o Bolsa Fam\u00edlia proporcionar\u00e1 al\u00edvio financeiro imediato \u00e0s fam\u00edlias afetadas pelo temporal e ajudar\u00e1 a cobrir custos emergenciais, como alimenta\u00e7\u00e3o e moradia. Com esse recurso, as fam\u00edlias podem ter garantido o acesso a alimentos essenciais durante o per\u00edodo de recupera\u00e7\u00e3o p\u00f3s-tempestade. Saiba mais!<\/span><\/p>\n<h2><strong><span style=\"font-family: arial, helvetica, sans-serif;\">Expectativas para o Bolsa Fam\u00edlia<\/span><\/strong><\/h2>\n<p style=\"text-align: justify;\"><span style=\"font-family: arial, helvetica, sans-serif; font-size: 14pt;\">De acordo com o Minist\u00e9rio do Desenvolvimento, Assist\u00eancia Social, Fam\u00edlia e Gest\u00e3o da Fome (MDS), na \u00faltima sexta-feira (22), a pasta se reuniu com representantes de 90 cidades de alto risco e ofereceu a possibilidade de entrega de cestas b\u00e1sicas \u00e0s fam\u00edlias atingidas pelas fortes chuvas.<\/span><\/p>\n<p style=\"text-align: justify;\"><span style=\"font-family: arial, helvetica, sans-serif; font-size: 14pt;\">Al\u00e9m disso, o MDS liberou R$ 20 mil para cada 50 pessoas em situa\u00e7\u00e3o de rua protegidas pelas autoridades locais. Vale destacar que as cidades mais afetadas pelos temporais dos \u00faltimos dias est\u00e3o no Rio de Janeiro e no Esp\u00edrito Santo.<\/span><\/p>\n<p style=\"text-align: justify;\"><span style=\"font-family: arial, helvetica, sans-serif; font-size: 14pt;\">Al\u00e9m disso, o Minist\u00e9rio da Sa\u00fade liberou kits com 32 tipos de medicamentos e 16 tipos de insumos, como seringas e curativos, para essas cidades.<\/span><\/p>\n<h2><strong><span style=\"font-family: arial, helvetica, sans-serif;\">\u00a0Calend\u00e1rio de Abril<\/span><\/strong><\/h2>\n<p style=\"text-align: justify;\"><span style=\"font-family: arial, helvetica, sans-serif; font-size: 14pt;\">Por fim, confira o calend\u00e1rio oficial do Bolsa Fam\u00edlia para o m\u00eas de Abril, que inclui outros benefici\u00e1rios de acordo com os d\u00edgitos mais baixos do N\u00famero de Identifica\u00e7\u00e3o Social (NIS); Veja!<\/span><\/p>\n<p><picture><source data-lazy-srcset=\"https:\/\/www.financasbrasil.org\/wp-content\/webp-express\/webp-images\/uploads\/2024\/03\/Captura-de-tela-2024-03-26-081236.png.webp 669w, https:\/\/www.financasbrasil.org\/wp-content\/webp-express\/webp-images\/uploads\/2024\/03\/Captura-de-tela-2024-03-26-081236-300x224.png.webp 300w, https:\/\/www.financasbrasil.org\/wp-content\/webp-express\/webp-images\/uploads\/2024\/03\/Captura-de-tela-2024-03-26-081236-150x112.png.webp 150w\" sizes=\"(max-width: 669px) 100vw, 669px\" type=\"image\/webp\"><img data-recalc-dims=\"1\" fetchpriority=\"high\" decoding=\"async\" class=\"alignnone wp-image-9022 size-full webpexpress-processed\" alt=\"Captura de tela 2024 03 26 081236\" width=\"669\" height=\"499\" title=\"Governo libera pagamento antecipado do Bolsa Fam\u00edlia no m\u00eas de Abril; Confira calend\u00e1rio 1\" srcset=\"https:\/\/www.financasbrasil.org\/wp-content\/uploads\/2024\/03\/Captura-de-tela-2024-03-26-081236.png 669w, https:\/\/www.financasbrasil.org\/wp-content\/uploads\/2024\/03\/Captura-de-tela-2024-03-26-081236-300x224.png 300w, https:\/\/www.financasbrasil.org\/wp-content\/uploads\/2024\/03\/Captura-de-tela-2024-03-26-081236-150x112.png 150w\" data-lazy-sizes=\"(max-width: 669px) 100vw, 669px\" src=\"https:\/\/i0.wp.com\/www.financasbrasil.org\/wp-content\/uploads\/2024\/03\/Captura-de-tela-2024-03-26-081236.png?resize=669%2C499&#038;ssl=1\"\/><noscript><img data-recalc-dims=\"1\" fetchpriority=\"high\" decoding=\"async\" class=\"alignnone wp-image-9022 size-full webpexpress-processed\" src=\"https:\/\/i0.wp.com\/www.financasbrasil.org\/wp-content\/uploads\/2024\/03\/Captura-de-tela-2024-03-26-081236.png?resize=669%2C499&#038;ssl=1\" alt=\"Captura de tela 2024 03 26 081236\" width=\"669\" height=\"499\" title=\"Governo libera pagamento antecipado do Bolsa Fam\u00edlia no m\u00eas de Abril; Confira calend\u00e1rio 1\" srcset=\"https:\/\/www.financasbrasil.org\/wp-content\/uploads\/2024\/03\/Captura-de-tela-2024-03-26-081236.png 669w, https:\/\/www.financasbrasil.org\/wp-content\/uploads\/2024\/03\/Captura-de-tela-2024-03-26-081236-300x224.png 300w, https:\/\/www.financasbrasil.org\/wp-content\/uploads\/2024\/03\/Captura-de-tela-2024-03-26-081236-150x112.png 150w\" sizes=\"(max-width: 669px) 100vw, 669px\"\/><\/noscript><\/source><\/picture><\/p>\n<\/div>\n<\/div>\n<p><br \/>\n<br \/><a href=\"https:\/\/www.financasbrasil.org\/2024\/03\/governo-libera-pagamento-anteci.html\">Source link <\/a><\/p>\n<!-- CONTENT END 1 -->\n","protected":false},"excerpt":{"rendered":"<p>Embora o pagamento do Bolsa Fam\u00edlia em Mar\u00e7o ainda n\u00e3o tenha terminado, milhares de benefici\u00e1rios do programa social j\u00e1 podem receber a remessa de Abril&#8230;.<\/p>\n","protected":false},"author":1,"featured_media":44150,"comment_status":"open","ping_status":"open","sticky":false,"template":"","format":"standard","meta":{"advanced_seo_description":"","jetpack_seo_html_title":"","jetpack_seo_noindex":false,"jetpack_post_was_ever_published":false,"_jetpack_newsletter_access":"","_jetpack_dont_email_post_to_subs":false,"_jetpack_newsletter_tier_id":0,"_jetpack_memberships_contains_paywalled_content":false,"_jetpack_memberships_contains_paid_content":false,"footnotes":"","jetpack_publicize_message":"","jetpack_publicize_feature_enabled":true,"jetpack_social_post_already_shared":true,"jetpack_social_options":{"image_generator_settings":{"template":"highway","default_image_id":0,"font":"","enabled":false},"version":2}},"categories":[1235],"tags":[],"class_list":["post-44149","post","type-post","status-publish","format-standard","has-post-thumbnail","hentry","category-dinheiro-e-investimento-como-fazer-como-ganhar"],"jetpack_publicize_connections":[],"jetpack_featured_media_url":"https:\/\/i0.wp.com\/noticiasribeiraopreto.com.br\/wp-content\/uploads\/2024\/03\/Design-sem-nome-2.webp.webp?fit=1200%2C630&ssl=1","jetpack-related-posts":[{"id":67046,"url":"https:\/\/noticiasribeiraopreto.com.br\/index.php\/2025\/04\/09\/jornal-da-franca-calendario-de-pagamento-do-bolsa-familia-em-abril-preve-dinheiro-a-partir-de-terca\/","url_meta":{"origin":44149,"position":0},"title":"Jornal da Franca &#8211; Calend\u00e1rio de Pagamento do Bolsa Fam\u00edlia em abril prev\u00ea dinheiro a partir de ter\u00e7a","author":"noticiasribeiraopreto.com.br","date":"9 de April de 2025","format":false,"excerpt":"compartilhar no whatsapp compartilhar no telegram compartilhar no facebook compartilhar no linkedin O objetivo do benef\u00edcio do Governo Federal \u00e9 ajudar fam\u00edlias em vulnerabilidade social O pagamento do Bolsa Fam\u00edlia em abril seguir\u00e1 o cronograma previsto pelo Governo Federal. Os pagamentos come\u00e7ar\u00e3o na pr\u00f3xima ter\u00e7a-feira, dia 15. Os pagamentos ser\u00e3o\u2026","rel":"","context":"In &quot;Not\u00edcias de Franca-SP&quot;","block_context":{"text":"Not\u00edcias de Franca-SP","link":"https:\/\/noticiasribeiraopreto.com.br\/index.php\/category\/noticias-de-ribeirao-preto-sp-e-regiao-ismael-colosi\/noticias-franca-sp\/"},"img":{"alt_text":"","src":"https:\/\/i0.wp.com\/noticiasribeiraopreto.com.br\/wp-content\/uploads\/2025\/04\/lotericas-2.jpeg?fit=1200%2C800&ssl=1&resize=350%2C200","width":350,"height":200,"srcset":"https:\/\/i0.wp.com\/noticiasribeiraopreto.com.br\/wp-content\/uploads\/2025\/04\/lotericas-2.jpeg?fit=1200%2C800&ssl=1&resize=350%2C200 1x, https:\/\/i0.wp.com\/noticiasribeiraopreto.com.br\/wp-content\/uploads\/2025\/04\/lotericas-2.jpeg?fit=1200%2C800&ssl=1&resize=525%2C300 1.5x, https:\/\/i0.wp.com\/noticiasribeiraopreto.com.br\/wp-content\/uploads\/2025\/04\/lotericas-2.jpeg?fit=1200%2C800&ssl=1&resize=700%2C400 2x, https:\/\/i0.wp.com\/noticiasribeiraopreto.com.br\/wp-content\/uploads\/2025\/04\/lotericas-2.jpeg?fit=1200%2C800&ssl=1&resize=1050%2C600 3x"},"classes":[]},{"id":43088,"url":"https:\/\/noticiasribeiraopreto.com.br\/index.php\/2024\/03\/19\/bolsa-familia-confira-as-datas-de-pagamento-do-mes-de-abril\/","url_meta":{"origin":44149,"position":1},"title":"Bolsa Fam\u00edlia: Confira as datas de pagamento do m\u00eas de Abril","author":"noticiasribeiraopreto.com.br","date":"19 de March de 2024","format":false,"excerpt":"O programa Bolsa Fam\u00edlia, que d\u00e1 assist\u00eancia financeira a milh\u00f5es de brasileiros, se prepara para come\u00e7ar a distribuir a parcela de abril entre os dias 17 e 30. Al\u00e9m do cronograma de pagamento, h\u00e1 tamb\u00e9m um an\u00fancio animador para alguns benefici\u00e1rios: a devolu\u00e7\u00e3o dos pagamentos do vale-g\u00e1s. Atualmente, cerca de\u2026","rel":"","context":"In &quot;Dinheiro e Investimento&quot;","block_context":{"text":"Dinheiro e Investimento","link":"https:\/\/noticiasribeiraopreto.com.br\/index.php\/category\/dinheiro-e-investimento-como-fazer-como-ganhar\/"},"img":{"alt_text":"","src":"https:\/\/i0.wp.com\/noticiasribeiraopreto.com.br\/wp-content\/uploads\/2024\/03\/reuniao-semanal-equipe-borcelle.webp.webp?fit=1200%2C630&ssl=1&resize=350%2C200","width":350,"height":200,"srcset":"https:\/\/i0.wp.com\/noticiasribeiraopreto.com.br\/wp-content\/uploads\/2024\/03\/reuniao-semanal-equipe-borcelle.webp.webp?fit=1200%2C630&ssl=1&resize=350%2C200 1x, https:\/\/i0.wp.com\/noticiasribeiraopreto.com.br\/wp-content\/uploads\/2024\/03\/reuniao-semanal-equipe-borcelle.webp.webp?fit=1200%2C630&ssl=1&resize=525%2C300 1.5x, https:\/\/i0.wp.com\/noticiasribeiraopreto.com.br\/wp-content\/uploads\/2024\/03\/reuniao-semanal-equipe-borcelle.webp.webp?fit=1200%2C630&ssl=1&resize=700%2C400 2x, https:\/\/i0.wp.com\/noticiasribeiraopreto.com.br\/wp-content\/uploads\/2024\/03\/reuniao-semanal-equipe-borcelle.webp.webp?fit=1200%2C630&ssl=1&resize=1050%2C600 3x"},"classes":[]},{"id":69182,"url":"https:\/\/noticiasribeiraopreto.com.br\/index.php\/2025\/05\/03\/jornal-da-franca-pagamentos-do-bolsa-familia-de-maio-pelo-governo-federal-comecam-no-proximo-dia-19\/","url_meta":{"origin":44149,"position":2},"title":"Jornal da Franca &#8211; Pagamentos do Bolsa Fam\u00edlia de maio pelo governo federal come\u00e7am no pr\u00f3ximo dia 19","author":"noticiasribeiraopreto.com.br","date":"3 de May de 2025","format":false,"excerpt":"compartilhar no whatsapp compartilhar no telegram compartilhar no facebook compartilhar no linkedin Benefici\u00e1rios com NIS final 1 recebem o benef\u00edcio a partir de hoje, seguindo o calend\u00e1rio at\u00e9 o dia 30 de abril Os pagamentos do Bolsa Fam\u00edlia de maio come\u00e7ar\u00e3o a ser pagos no pr\u00f3ximo dia 19, para os\u2026","rel":"","context":"In &quot;Not\u00edcias de Franca-SP&quot;","block_context":{"text":"Not\u00edcias de Franca-SP","link":"https:\/\/noticiasribeiraopreto.com.br\/index.php\/category\/noticias-de-ribeirao-preto-sp-e-regiao-ismael-colosi\/noticias-franca-sp\/"},"img":{"alt_text":"","src":"https:\/\/i0.wp.com\/noticiasribeiraopreto.com.br\/wp-content\/uploads\/2025\/05\/BOLSA-FAMILIA-para-MAES-chefes-de-Familia-1024x536-1.jpg?fit=1024%2C536&ssl=1&resize=350%2C200","width":350,"height":200,"srcset":"https:\/\/i0.wp.com\/noticiasribeiraopreto.com.br\/wp-content\/uploads\/2025\/05\/BOLSA-FAMILIA-para-MAES-chefes-de-Familia-1024x536-1.jpg?fit=1024%2C536&ssl=1&resize=350%2C200 1x, https:\/\/i0.wp.com\/noticiasribeiraopreto.com.br\/wp-content\/uploads\/2025\/05\/BOLSA-FAMILIA-para-MAES-chefes-de-Familia-1024x536-1.jpg?fit=1024%2C536&ssl=1&resize=525%2C300 1.5x, https:\/\/i0.wp.com\/noticiasribeiraopreto.com.br\/wp-content\/uploads\/2025\/05\/BOLSA-FAMILIA-para-MAES-chefes-de-Familia-1024x536-1.jpg?fit=1024%2C536&ssl=1&resize=700%2C400 2x"},"classes":[]},{"id":43239,"url":"https:\/\/noticiasribeiraopreto.com.br\/index.php\/2024\/03\/20\/bolsa-familia-governo-inicia-desbloqueio-de-familias-unipessoais-para-alguns-beneficiarios-confira-se-voce-esta-na-lista\/","url_meta":{"origin":44149,"position":3},"title":"Bolsa Fam\u00edlia: Governo inicia desbloqueio de fam\u00edlias unipessoais para alguns benefici\u00e1rios; Confira se voc\u00ea est\u00e1 na lista","author":"noticiasribeiraopreto.com.br","date":"20 de March de 2024","format":false,"excerpt":"Um domic\u00edlio unipessoal com apenas uma pessoa que dependa do Bolsa Fam\u00edlia at\u00e9 15 de Mar\u00e7o de 2024 e renove o Cadastro \u00danico de Programas Sociais do Governo Federal (Cad\u00danico) pode ser comemorado porque o Governo Federal come\u00e7ou a destravar os benef\u00edcios desses benefici\u00e1rios. Dessa forma, o Minist\u00e9rio do Desenvolvimento,\u2026","rel":"","context":"In &quot;Dinheiro e Investimento&quot;","block_context":{"text":"Dinheiro e Investimento","link":"https:\/\/noticiasribeiraopreto.com.br\/index.php\/category\/dinheiro-e-investimento-como-fazer-como-ganhar\/"},"img":{"alt_text":"","src":"https:\/\/i0.wp.com\/noticiasribeiraopreto.com.br\/wp-content\/uploads\/2024\/03\/Post-de-Facebook-informativo-sobre-pagamento-com-pix-5.webp.webp?fit=705%2C591&ssl=1&resize=350%2C200","width":350,"height":200,"srcset":"https:\/\/i0.wp.com\/noticiasribeiraopreto.com.br\/wp-content\/uploads\/2024\/03\/Post-de-Facebook-informativo-sobre-pagamento-com-pix-5.webp.webp?fit=705%2C591&ssl=1&resize=350%2C200 1x, https:\/\/i0.wp.com\/noticiasribeiraopreto.com.br\/wp-content\/uploads\/2024\/03\/Post-de-Facebook-informativo-sobre-pagamento-com-pix-5.webp.webp?fit=705%2C591&ssl=1&resize=525%2C300 1.5x, https:\/\/i0.wp.com\/noticiasribeiraopreto.com.br\/wp-content\/uploads\/2024\/03\/Post-de-Facebook-informativo-sobre-pagamento-com-pix-5.webp.webp?fit=705%2C591&ssl=1&resize=700%2C400 2x"},"classes":[]},{"id":48009,"url":"https:\/\/noticiasribeiraopreto.com.br\/index.php\/2024\/04\/30\/brasileiros-comemoram-presidente-lula-amplia-o-bolsa-familia-entenda-o-que-isso-significa-para-os-beneficiarios\/","url_meta":{"origin":44149,"position":4},"title":"Brasileiros comemoram! Presidente Lula amplia o Bolsa Fam\u00edlia; Entenda o que isso significa para os benefici\u00e1rios","author":"noticiasribeiraopreto.com.br","date":"30 de April de 2024","format":false,"excerpt":"O Governo, liderado por Luiz In\u00e1cio Lula da Silva, anunciou a inclus\u00e3o de 120 mil novas fam\u00edlias como benefici\u00e1rias do programa Bolsa Fam\u00edlia, em um movimento que visa fortalecer a rede de assist\u00eancia social do pa\u00eds. Com essa medida, o programa passa a abranger um total de 20,88 milh\u00f5es de\u2026","rel":"","context":"In &quot;Dinheiro e Investimento&quot;","block_context":{"text":"Dinheiro e Investimento","link":"https:\/\/noticiasribeiraopreto.com.br\/index.php\/category\/dinheiro-e-investimento-como-fazer-como-ganhar\/"},"img":{"alt_text":"","src":"https:\/\/i0.wp.com\/noticiasribeiraopreto.com.br\/wp-content\/uploads\/2024\/04\/Lula-amplia-Bolsa-Familia.webp.webp?fit=1200%2C630&ssl=1&resize=350%2C200","width":350,"height":200,"srcset":"https:\/\/i0.wp.com\/noticiasribeiraopreto.com.br\/wp-content\/uploads\/2024\/04\/Lula-amplia-Bolsa-Familia.webp.webp?fit=1200%2C630&ssl=1&resize=350%2C200 1x, https:\/\/i0.wp.com\/noticiasribeiraopreto.com.br\/wp-content\/uploads\/2024\/04\/Lula-amplia-Bolsa-Familia.webp.webp?fit=1200%2C630&ssl=1&resize=525%2C300 1.5x, https:\/\/i0.wp.com\/noticiasribeiraopreto.com.br\/wp-content\/uploads\/2024\/04\/Lula-amplia-Bolsa-Familia.webp.webp?fit=1200%2C630&ssl=1&resize=700%2C400 2x, https:\/\/i0.wp.com\/noticiasribeiraopreto.com.br\/wp-content\/uploads\/2024\/04\/Lula-amplia-Bolsa-Familia.webp.webp?fit=1200%2C630&ssl=1&resize=1050%2C600 3x"},"classes":[]},{"id":20064,"url":"https:\/\/noticiasribeiraopreto.com.br\/index.php\/2023\/12\/24\/bolsa-familia-5-beneficios-complementares-podem-dobrar-o-valor-do-beneficio-em-2024\/","url_meta":{"origin":44149,"position":5},"title":"Bolsa Fam\u00edlia: 5 benef\u00edcios complementares podem DOBRAR o valor do benef\u00edcio em 2024","author":"noticiasribeiraopreto.com.br","date":"24 de December de 2023","format":false,"excerpt":"O Bolsa Fam\u00edlia \u00e9 o maior programa de distribui\u00e7\u00e3o de renda do Governo Federal, atendendo mais de 20 milh\u00f5es de fam\u00edlias em 2023. O seu objetivo \u00e9 trazer mais qualidade de vida para as fam\u00edlias brasileiras, garantindo acesso \u00e0 renda para a sua subsist\u00eancia. Dessa forma, o programa est\u00e1 em\u2026","rel":"","context":"In &quot;Vagas de Emprego em Ribeir\u00e3o Preto-SP&quot;","block_context":{"text":"Vagas de Emprego em Ribeir\u00e3o Preto-SP","link":"https:\/\/noticiasribeiraopreto.com.br\/index.php\/category\/empregos-classificados-vagas-trabalho\/vagas-de-empregos-em-ribeirao-preto-regiao-brasil\/"},"img":{"alt_text":"","src":"https:\/\/i0.wp.com\/noticiasribeiraopreto.com.br\/wp-content\/uploads\/2023\/12\/noticiasconcursos.com_.br-bolsa-familia-5-beneficios-complementares-podem-dobrar-o-valor-do-beneficio-em-2024-imagem-marcos-rocha-fdr.jpg?fit=1200%2C800&ssl=1&resize=350%2C200","width":350,"height":200,"srcset":"https:\/\/i0.wp.com\/noticiasribeiraopreto.com.br\/wp-content\/uploads\/2023\/12\/noticiasconcursos.com_.br-bolsa-familia-5-beneficios-complementares-podem-dobrar-o-valor-do-beneficio-em-2024-imagem-marcos-rocha-fdr.jpg?fit=1200%2C800&ssl=1&resize=350%2C200 1x, https:\/\/i0.wp.com\/noticiasribeiraopreto.com.br\/wp-content\/uploads\/2023\/12\/noticiasconcursos.com_.br-bolsa-familia-5-beneficios-complementares-podem-dobrar-o-valor-do-beneficio-em-2024-imagem-marcos-rocha-fdr.jpg?fit=1200%2C800&ssl=1&resize=525%2C300 1.5x, https:\/\/i0.wp.com\/noticiasribeiraopreto.com.br\/wp-content\/uploads\/2023\/12\/noticiasconcursos.com_.br-bolsa-familia-5-beneficios-complementares-podem-dobrar-o-valor-do-beneficio-em-2024-imagem-marcos-rocha-fdr.jpg?fit=1200%2C800&ssl=1&resize=700%2C400 2x, https:\/\/i0.wp.com\/noticiasribeiraopreto.com.br\/wp-content\/uploads\/2023\/12\/noticiasconcursos.com_.br-bolsa-familia-5-beneficios-complementares-podem-dobrar-o-valor-do-beneficio-em-2024-imagem-marcos-rocha-fdr.jpg?fit=1200%2C800&ssl=1&resize=1050%2C600 3x"},"classes":[]}],"jetpack_sharing_enabled":true,"jetpack_shortlink":"https:\/\/wp.me\/peQAOb-bu5","_links":{"self":[{"href":"https:\/\/noticiasribeiraopreto.com.br\/index.php\/wp-json\/wp\/v2\/posts\/44149","targetHints":{"allow":["GET"]}}],"collection":[{"href":"https:\/\/noticiasribeiraopreto.com.br\/index.php\/wp-json\/wp\/v2\/posts"}],"about":[{"href":"https:\/\/noticiasribeiraopreto.com.br\/index.php\/wp-json\/wp\/v2\/types\/post"}],"author":[{"embeddable":true,"href":"https:\/\/noticiasribeiraopreto.com.br\/index.php\/wp-json\/wp\/v2\/users\/1"}],"replies":[{"embeddable":true,"href":"https:\/\/noticiasribeiraopreto.com.br\/index.php\/wp-json\/wp\/v2\/comments?post=44149"}],"version-history":[{"count":0,"href":"https:\/\/noticiasribeiraopreto.com.br\/index.php\/wp-json\/wp\/v2\/posts\/44149\/revisions"}],"wp:featuredmedia":[{"embeddable":true,"href":"https:\/\/noticiasribeiraopreto.com.br\/index.php\/wp-json\/wp\/v2\/media\/44150"}],"wp:attachment":[{"href":"https:\/\/noticiasribeiraopreto.com.br\/index.php\/wp-json\/wp\/v2\/media?parent=44149"}],"wp:term":[{"taxonomy":"category","embeddable":true,"href":"https:\/\/noticiasribeiraopreto.com.br\/index.php\/wp-json\/wp\/v2\/categories?post=44149"},{"taxonomy":"post_tag","embeddable":true,"href":"https:\/\/noticiasribeiraopreto.com.br\/index.php\/wp-json\/wp\/v2\/tags?post=44149"}],"curies":[{"name":"wp","href":"https:\/\/api.w.org\/{rel}","templated":true}]}}