{"id":44163,"date":"2024-03-26T10:49:30","date_gmt":"2024-03-26T13:49:30","guid":{"rendered":"https:\/\/noticiasribeiraopreto.com.br\/index.php\/2024\/03\/26\/casa-paulista-ganha-destaque-em-politicas-habitacionais\/"},"modified":"2024-03-26T10:49:30","modified_gmt":"2024-03-26T13:49:30","slug":"casa-paulista-ganha-destaque-em-politicas-habitacionais","status":"publish","type":"post","link":"https:\/\/noticiasribeiraopreto.com.br\/index.php\/2024\/03\/26\/casa-paulista-ganha-destaque-em-politicas-habitacionais\/","title":{"rendered":"Casa Paulista ganha destaque em pol\u00edticas habitacionais"},"content":{"rendered":"<div class='code-block code-block-1' style='margin: 8px 0 8px auto; text-align: right; display: block; clear: both;'>\n<p><a href=\"https:\/\/wa.link\/vpicfd\"><img data-recalc-dims=\"1\" class=\"wp-image-4922\" style=\"aspect-ratio: 2.0253164556962027; width: 561px; height: auto;\" src=\"https:\/\/i0.wp.com\/ismaelcolosi.com.br\/wp-content\/uploads\/2023\/11\/grupo-de-empregos-whatsapp-e-facebook-ismael-colosi-vagas.jpg?ssl=1\" alt=\"\" \/><\/a><\/p>\n<!-- \/wp:image -->\n<\/div>\n<p> <br \/>\n<\/p>\n<div>\n<p>Na manh\u00e3 desta sexta-feira (22), o Sindicato da Ind\u00fastria de Constru\u00e7\u00e3o Civil do Estado de S\u00e3o Paulo (SindusCon-SP) promoveu o semin\u00e1rio h\u00edbrido \u201cMinha Casa Minha Vida Cidades e Casa Paulista \u2013 Ribeir\u00e3o Preto\u201d para tratar da modalidade Carta de Cr\u00e9dito Imobili\u00e1rio(CCI) com representantes regionais. Tanto representantes do mercado de constru\u00e7\u00e3o quanto do poder p\u00fablico exaltaram o pioneirismo da pol\u00edtica paulista, explicando como o Casa Paulista inspirou a cria\u00e7\u00e3o, por outros entes federativos, de programas de subs\u00eddio imobili\u00e1rio \u00e0 popula\u00e7\u00e3o que n\u00e3o tinha acesso ao mercado de cr\u00e9dito imobili\u00e1rio.<\/p>\n<p>Representando a Secretaria de Desenvolvimento Urbano e Habita\u00e7\u00e3o (SDUH), a secret\u00e1ria executiva de Habita\u00e7\u00e3o Social da pasta, Annamaria Braia, detalhou o funcionamento do programa Casa Paulista, que concede subs\u00eddios \u00e0s fam\u00edlias com renda de at\u00e9 tr\u00eas sal\u00e1rios m\u00ednimos e permite a aquisi\u00e7\u00e3o de unidades habitacionais nos empreendimentos autorizados pela SDUH, no \u00e2mbito de financiamentos CAIXA-FGTS.<\/p>\n<p>Braia ressaltou que o Casa Paulista \u2013 Carta de Cr\u00e9dito Imobili\u00e1rio tem ganhado destaque na pol\u00edtica habitacional do Estado, j\u00e1 que em apenas um ano, foi aportado 93% do total de subs\u00eddios realizados em toda a hist\u00f3ria do programa, criado em 2012. \u201cN\u00f3s j\u00e1 viabilizamos 47 mil unidades, s\u00f3 em 2023, com subs\u00eddio que varia entre R$10 mil e R$16 mil, de acordo com a localiza\u00e7\u00e3o do im\u00f3vel\u201d, salientou.<\/p>\n<p>A secret\u00e1ria executiva ainda informou que, nesta quinta-feira (22), uma Resolu\u00e7\u00e3o foi publicada com a atualiza\u00e7\u00e3o das regras do CCI. Entre as principais mudan\u00e7as, citou a cria\u00e7\u00e3o de um prazo para a destina\u00e7\u00e3o dos subs\u00eddios concedidos para cada empreendimento. \u201cO prazo de utiliza\u00e7\u00e3o pela empresa do aporte concedido pelo Estado est\u00e1 limitado a nove meses. O prazo poder\u00e1 ser prorrogado, por igual per\u00edodo, mediante delibera\u00e7\u00e3o da SDUH e desde que ao menos 30% das unidades viabilizadas tenham sido contratadas com o agente financeiro no per\u00edodo de vig\u00eancia inicial\u201d, instruiu.<\/p>\n<p>No mais, as regras permanecem as mesmas: as construtoras\/incorporadoras que desejam participar do Programa Casa Paulista devem ter seus empreendimentos contratados junto \u00e0 Caixa Econ\u00f4mica Federal. O m\u00ednimo de estoque para a participa\u00e7\u00e3o das empresas no Programa Casa Paulista \u2013 CCI \u00e9 de 16 Unidades Habitacionais.<\/p>\n<p>Annamaria Braia tamb\u00e9m explicou que foram estabelecidos crit\u00e9rios t\u00e9cnicos e objetivos para a destina\u00e7\u00e3o dos subs\u00eddios. \u201cA Secretaria de Desenvolvimento Urbano e Habita\u00e7\u00e3o considera as demandas municipais de maior vulnerabilidade social e crit\u00e9rios de efici\u00eancia e economicidade para a sele\u00e7\u00e3o dos empreendimentos\u201d, continuou, ao esclarecer, tamb\u00e9m, que os empreendimentos n\u00e3o contemplados podem ser novamente inclu\u00eddos no pr\u00f3ximo per\u00edodo de abertura de cadastro.<\/p>\n<p>O cr\u00e9dito pode ser somado a subs\u00eddios federais e \u00e0 utiliza\u00e7\u00e3o do FGTS no financiamento habitacional, quando dispon\u00edvel. Desta forma, o valor das presta\u00e7\u00f5es fica compat\u00edvel com a capacidade de pagamento das fam\u00edlias. O objetivo da gest\u00e3o estadual, com essa modalidade, \u00e9 auxiliar no suprimento das necessidades habitacionais dos munic\u00edpios do Estado. Os recursos s\u00e3o provenientes do or\u00e7amento da SDUH.<\/p>\n<p>Os mun\u00edcipes que desejam saber o valor dispon\u00edvel para os im\u00f3veis em que t\u00eam interesse, al\u00e9m da lista de empreendimentos em cada cidade, devem consultar o site da secretaria: www.habitacao.sp.gov.br.<\/p>\n<p>O vice-presidente do Interior do SindusCon-SP, Fernando Junqueira, refor\u00e7ou que o subs\u00eddio \u00e9 uma ferramenta para enfrentar o d\u00e9ficit habitacional. \u201cCom isso tamb\u00e9m conseguimos estimular a constru\u00e7\u00e3o civil, geramos empregos, renda, inclus\u00e3o e movimentamos uma grande cadeia produtiva, criando um c\u00edrculo virtuoso que impacta positivamente no desenvolvimento dos neg\u00f3cios, no enfrentamento de quest\u00f5es sociais e na economia como um todo\u201d, afirmou.<\/p>\n<p>Tamb\u00e9m participaram do evento o vice-prefeito de Ribeir\u00e3o Preto, Daniel Marques Gobbi, o superintendente da Caixa Econ\u00f4mica Federal em Ribeir\u00e3o Preto, Nielder Tarsus, e a coordenadora de projetos do Instituto Brasileiro de Economia da FGV, Ana Maria Castelo.<\/p>\n<\/div>\n<p><br \/>\n<br \/><a href=\"https:\/\/www.tribunaribeirao.com.br\/site\/casa-paulista-ganha-destaque-em-politicas-habitacionais\/\">Source link <\/a><\/p>\n<!-- CONTENT END 1 -->\n","protected":false},"excerpt":{"rendered":"<p>Na manh\u00e3 desta sexta-feira (22), o Sindicato da Ind\u00fastria de Constru\u00e7\u00e3o Civil do Estado de S\u00e3o Paulo (SindusCon-SP) promoveu o semin\u00e1rio h\u00edbrido \u201cMinha Casa Minha&#8230;<\/p>\n","protected":false},"author":1,"featured_media":44164,"comment_status":"open","ping_status":"open","sticky":false,"template":"","format":"standard","meta":{"advanced_seo_description":"","jetpack_seo_html_title":"","jetpack_seo_noindex":false,"jetpack_post_was_ever_published":false,"_jetpack_newsletter_access":"","_jetpack_dont_email_post_to_subs":false,"_jetpack_newsletter_tier_id":0,"_jetpack_memberships_contains_paywalled_content":false,"_jetpack_memberships_contains_paid_content":false,"footnotes":"","jetpack_publicize_message":"","jetpack_publicize_feature_enabled":true,"jetpack_social_post_already_shared":true,"jetpack_social_options":{"image_generator_settings":{"template":"highway","default_image_id":0,"font":"","enabled":false},"version":2}},"categories":[11],"tags":[289,1431,1565,2165,762,5225],"class_list":["post-44163","post","type-post","status-publish","format-standard","has-post-thumbnail","hentry","category-noticias-de-ribeirao-preto-sp-e-regiao-ismael-colosi","tag-casa","tag-destaque","tag-ganha","tag-habitacionais","tag-paulista","tag-politicas"],"jetpack_publicize_connections":[],"jetpack_featured_media_url":"https:\/\/i0.wp.com\/noticiasribeiraopreto.com.br\/wp-content\/uploads\/2024\/03\/53322718279_0e836c7ba2_k.jpg?fit=2048%2C1367&ssl=1","jetpack-related-posts":[{"id":77363,"url":"https:\/\/noticiasribeiraopreto.com.br\/index.php\/2025\/09\/16\/governo-de-sp-anuncia-investimento-de-r-45-milhoes-em-habitacao-na-regiao-de-ribeirao\/","url_meta":{"origin":44163,"position":0},"title":"Governo de SP anuncia investimento de R$ 45 milh\u00f5es em habita\u00e7\u00e3o na regi\u00e3o de Ribeir\u00e3o","author":"noticiasribeiraopreto.com.br","date":"16 de September de 2025","format":false,"excerpt":"O Governo do Estado de S\u00e3o Paulo autorizou, nesta ter\u00e7a-feira (16), o in\u00edcio das obras de 251 unidades habitacionais da CDHU e a libera\u00e7\u00e3o de 66 Cartas de Cr\u00e9dito Imobili\u00e1rio (CCI) para fam\u00edlias com renda de at\u00e9 tr\u00eas sal\u00e1rios m\u00ednimos na regi\u00e3o de Ribeir\u00e3o Preto. O investimento total \u00e9 de\u2026","rel":"","context":"In &quot;Not\u00edcias de Ribeir\u00e3o Preto-SP e Regi\u00e3o&quot;","block_context":{"text":"Not\u00edcias de Ribeir\u00e3o Preto-SP e Regi\u00e3o","link":"https:\/\/noticiasribeiraopreto.com.br\/index.php\/category\/noticias-de-ribeirao-preto-sp-e-regiao-ismael-colosi\/"},"img":{"alt_text":"","src":"https:\/\/i0.wp.com\/noticiasribeiraopreto.com.br\/wp-content\/uploads\/2025\/09\/WhatsApp-Image-2025-09-16-at-16.37.51-1024x683-1_2025-09-16_23-31-17.webp.webp?fit=1024%2C683&ssl=1&resize=350%2C200","width":350,"height":200,"srcset":"https:\/\/i0.wp.com\/noticiasribeiraopreto.com.br\/wp-content\/uploads\/2025\/09\/WhatsApp-Image-2025-09-16-at-16.37.51-1024x683-1_2025-09-16_23-31-17.webp.webp?fit=1024%2C683&ssl=1&resize=350%2C200 1x, https:\/\/i0.wp.com\/noticiasribeiraopreto.com.br\/wp-content\/uploads\/2025\/09\/WhatsApp-Image-2025-09-16-at-16.37.51-1024x683-1_2025-09-16_23-31-17.webp.webp?fit=1024%2C683&ssl=1&resize=525%2C300 1.5x, https:\/\/i0.wp.com\/noticiasribeiraopreto.com.br\/wp-content\/uploads\/2025\/09\/WhatsApp-Image-2025-09-16-at-16.37.51-1024x683-1_2025-09-16_23-31-17.webp.webp?fit=1024%2C683&ssl=1&resize=700%2C400 2x"},"classes":[]},{"id":29652,"url":"https:\/\/noticiasribeiraopreto.com.br\/index.php\/2024\/01\/18\/governo-entrega-moradias-em-rp\/","url_meta":{"origin":44163,"position":1},"title":"Governo entrega moradias em RP","author":"noticiasribeiraopreto.com.br","date":"18 de January de 2024","format":false,"excerpt":"18 de janeiro de 2024 | 15:0018 de janeiro de 2024 | 9:55 0A prefeitura de Ribeir\u00e3o Preto participou, na ter\u00e7a-feira, 16 de janeiro, da entrega das chaves para 340 fam\u00edlias dos apartamentos dos m\u00f3dulos 1 e 2 do Residencial Cromo, adquiridos pelo Programa Habitacional Minha Casa Minha Vida. O\u2026","rel":"","context":"In &quot;Not\u00edcias de Ribeir\u00e3o Preto-SP e Regi\u00e3o&quot;","block_context":{"text":"Not\u00edcias de Ribeir\u00e3o Preto-SP e Regi\u00e3o","link":"https:\/\/noticiasribeiraopreto.com.br\/index.php\/category\/noticias-de-ribeirao-preto-sp-e-regiao-ismael-colosi\/"},"img":{"alt_text":"","src":"https:\/\/i0.wp.com\/noticiasribeiraopreto.com.br\/wp-content\/uploads\/2024\/01\/CasaSP-Divulgacao-01.png?fit=968%2C645&ssl=1&resize=350%2C200","width":350,"height":200,"srcset":"https:\/\/i0.wp.com\/noticiasribeiraopreto.com.br\/wp-content\/uploads\/2024\/01\/CasaSP-Divulgacao-01.png?fit=968%2C645&ssl=1&resize=350%2C200 1x, https:\/\/i0.wp.com\/noticiasribeiraopreto.com.br\/wp-content\/uploads\/2024\/01\/CasaSP-Divulgacao-01.png?fit=968%2C645&ssl=1&resize=525%2C300 1.5x, https:\/\/i0.wp.com\/noticiasribeiraopreto.com.br\/wp-content\/uploads\/2024\/01\/CasaSP-Divulgacao-01.png?fit=968%2C645&ssl=1&resize=700%2C400 2x"},"classes":[]},{"id":40343,"url":"https:\/\/noticiasribeiraopreto.com.br\/index.php\/2024\/03\/02\/rp-recebe-o-evento-feirao-casa-paulista\/","url_meta":{"origin":44163,"position":2},"title":"RP recebe o evento\u00a0Feir\u00e3o Casa Paulista \u00a0","author":"noticiasribeiraopreto.com.br","date":"2 de March de 2024","format":false,"excerpt":"2 de mar\u00e7o de 2024 | 17:002 de mar\u00e7o de 2024 | 10:25 0Ribeir\u00e3o Preto sediar\u00e1 na semana que vem, entre quarta-feira (6) e s\u00e1bado, 9 de mar\u00e7o, o Feir\u00e3o Casa Paulista. O evento ser\u00e1 realizado ao lado da Esplanada do Theatro Pedro II, no Quarteir\u00e3o Paulista, Centro Hist\u00f3rico da\u2026","rel":"","context":"In &quot;Not\u00edcias de Ribeir\u00e3o Preto-SP e Regi\u00e3o&quot;","block_context":{"text":"Not\u00edcias de Ribeir\u00e3o Preto-SP e Regi\u00e3o","link":"https:\/\/noticiasribeiraopreto.com.br\/index.php\/category\/noticias-de-ribeirao-preto-sp-e-regiao-ismael-colosi\/"},"img":{"alt_text":"","src":"https:\/\/i0.wp.com\/noticiasribeiraopreto.com.br\/wp-content\/uploads\/2024\/03\/a04195764432f7113192bee17b2060a8.jpg?fit=702%2C390&ssl=1&resize=350%2C200","width":350,"height":200,"srcset":"https:\/\/i0.wp.com\/noticiasribeiraopreto.com.br\/wp-content\/uploads\/2024\/03\/a04195764432f7113192bee17b2060a8.jpg?fit=702%2C390&ssl=1&resize=350%2C200 1x, https:\/\/i0.wp.com\/noticiasribeiraopreto.com.br\/wp-content\/uploads\/2024\/03\/a04195764432f7113192bee17b2060a8.jpg?fit=702%2C390&ssl=1&resize=525%2C300 1.5x, https:\/\/i0.wp.com\/noticiasribeiraopreto.com.br\/wp-content\/uploads\/2024\/03\/a04195764432f7113192bee17b2060a8.jpg?fit=702%2C390&ssl=1&resize=700%2C400 2x"},"classes":[]},{"id":78347,"url":"https:\/\/noticiasribeiraopreto.com.br\/index.php\/2025\/10\/09\/feirao-casa-paulista-oferece-novas-cartas-de-credito-imobiliario-na-regiao-de-ribeirao\/","url_meta":{"origin":44163,"position":3},"title":"Feir\u00e3o Casa Paulista oferece novas Cartas de Cr\u00e9dito Imobili\u00e1rio na regi\u00e3o de Ribeir\u00e3o","author":"noticiasribeiraopreto.com.br","date":"9 de October de 2025","format":false,"excerpt":"A SDUH (Secretaria de Desenvolvimento Urbano e Habita\u00e7\u00e3o) liberou R$ 2,1 milh\u00f5es em subs\u00eddios para novas Cartas de Cr\u00e9dito Imobili\u00e1rio (CCI) destinadas \u00e0 regi\u00e3o de Ribeir\u00e3o Preto. Os benef\u00edcios ser\u00e3o oferecidos durante o Novo Feir\u00e3o Casa Paulista, que acontece entre quinta-feira (9) e s\u00e1bado (11), nas cidades de Serrana e\u2026","rel":"","context":"In &quot;Not\u00edcias de Ribeir\u00e3o Preto-SP e Regi\u00e3o&quot;","block_context":{"text":"Not\u00edcias de Ribeir\u00e3o Preto-SP e Regi\u00e3o","link":"https:\/\/noticiasribeiraopreto.com.br\/index.php\/category\/noticias-de-ribeirao-preto-sp-e-regiao-ismael-colosi\/"},"img":{"alt_text":"","src":"https:\/\/i0.wp.com\/noticiasribeiraopreto.com.br\/wp-content\/uploads\/2025\/10\/casas-populares.jpg?fit=754%2C503&ssl=1&resize=350%2C200","width":350,"height":200,"srcset":"https:\/\/i0.wp.com\/noticiasribeiraopreto.com.br\/wp-content\/uploads\/2025\/10\/casas-populares.jpg?fit=754%2C503&ssl=1&resize=350%2C200 1x, https:\/\/i0.wp.com\/noticiasribeiraopreto.com.br\/wp-content\/uploads\/2025\/10\/casas-populares.jpg?fit=754%2C503&ssl=1&resize=525%2C300 1.5x, https:\/\/i0.wp.com\/noticiasribeiraopreto.com.br\/wp-content\/uploads\/2025\/10\/casas-populares.jpg?fit=754%2C503&ssl=1&resize=700%2C400 2x"},"classes":[]},{"id":4444,"url":"https:\/\/noticiasribeiraopreto.com.br\/index.php\/2023\/11\/21\/ribeirao-preto-recebe-feirao-de-imoveis-nesta-semana-veja-como-participar\/","url_meta":{"origin":44163,"position":4},"title":"Ribeir\u00e3o Preto recebe feir\u00e3o de im\u00f3veis nesta semana; Veja como participar","author":"noticiasribeiraopreto.com.br","date":"21 de November de 2023","format":false,"excerpt":"Ribeir\u00e3o Preto recebe a partir de quinta-feira (23) o Feir\u00e3o Casa Paulista, com 563 oportunidades de cr\u00e9dito para compra da casa pr\u00f3pria. O evento ser\u00e1 realizado at\u00e9 s\u00e1bado (25) na Pra\u00e7a Carlos Gomes, no Centro, das 8h \u00e0s 19h. O Casa Paulista \u00e9 um programa habitacional do Governo de S\u00e3o\u2026","rel":"","context":"In &quot;Not\u00edcias de Ribeir\u00e3o Preto-SP e Regi\u00e3o&quot;","block_context":{"text":"Not\u00edcias de Ribeir\u00e3o Preto-SP e Regi\u00e3o","link":"https:\/\/noticiasribeiraopreto.com.br\/index.php\/category\/noticias-de-ribeirao-preto-sp-e-regiao-ismael-colosi\/"},"img":{"alt_text":"","src":"https:\/\/i0.wp.com\/noticiasribeiraopreto.com.br\/wp-content\/uploads\/2023\/11\/casas-populares.jpg?fit=754%2C503&ssl=1&resize=350%2C200","width":350,"height":200,"srcset":"https:\/\/i0.wp.com\/noticiasribeiraopreto.com.br\/wp-content\/uploads\/2023\/11\/casas-populares.jpg?fit=754%2C503&ssl=1&resize=350%2C200 1x, https:\/\/i0.wp.com\/noticiasribeiraopreto.com.br\/wp-content\/uploads\/2023\/11\/casas-populares.jpg?fit=754%2C503&ssl=1&resize=525%2C300 1.5x, https:\/\/i0.wp.com\/noticiasribeiraopreto.com.br\/wp-content\/uploads\/2023\/11\/casas-populares.jpg?fit=754%2C503&ssl=1&resize=700%2C400 2x"},"classes":[]},{"id":67003,"url":"https:\/\/noticiasribeiraopreto.com.br\/index.php\/2025\/04\/08\/acordo-preve-investimentos-de-quase-r-1-bilhao-para-construcao-de-30-mil-moradias\/","url_meta":{"origin":44163,"position":5},"title":"Acordo prev\u00ea investimentos de quase R$ 1 bilh\u00e3o para constru\u00e7\u00e3o de 30 mil moradias","author":"noticiasribeiraopreto.com.br","date":"8 de April de 2025","format":false,"excerpt":"A Caixa Econ\u00f4mica Federal e o Governo de S\u00e3o Paulo firmaram uma parceria que prev\u00ea investimentos de quase R$ 1 bilh\u00e3o para constru\u00e7\u00e3o de 30 mil novas moradias do programa habitacional Casa Paulista. A previs\u00e3o \u00e9 de mais de R$ 600 milh\u00f5es para viabilizar empreendimentos do Minha Casa Minha Vida\u2026","rel":"","context":"In &quot;Not\u00edcias de Ribeir\u00e3o Preto-SP e Regi\u00e3o&quot;","block_context":{"text":"Not\u00edcias de Ribeir\u00e3o Preto-SP e Regi\u00e3o","link":"https:\/\/noticiasribeiraopreto.com.br\/index.php\/category\/noticias-de-ribeirao-preto-sp-e-regiao-ismael-colosi\/"},"img":{"alt_text":"","src":"https:\/\/i0.wp.com\/noticiasribeiraopreto.com.br\/wp-content\/uploads\/2024\/11\/casa-popular_2024-11-21_14-33-25_jpg_2024-11-21_14-33-25.webp.webp?fit=743%2C494&ssl=1&resize=350%2C200","width":350,"height":200,"srcset":"https:\/\/i0.wp.com\/noticiasribeiraopreto.com.br\/wp-content\/uploads\/2024\/11\/casa-popular_2024-11-21_14-33-25_jpg_2024-11-21_14-33-25.webp.webp?fit=743%2C494&ssl=1&resize=350%2C200 1x, https:\/\/i0.wp.com\/noticiasribeiraopreto.com.br\/wp-content\/uploads\/2024\/11\/casa-popular_2024-11-21_14-33-25_jpg_2024-11-21_14-33-25.webp.webp?fit=743%2C494&ssl=1&resize=525%2C300 1.5x, https:\/\/i0.wp.com\/noticiasribeiraopreto.com.br\/wp-content\/uploads\/2024\/11\/casa-popular_2024-11-21_14-33-25_jpg_2024-11-21_14-33-25.webp.webp?fit=743%2C494&ssl=1&resize=700%2C400 2x"},"classes":[]}],"jetpack_sharing_enabled":true,"jetpack_shortlink":"https:\/\/wp.me\/peQAOb-buj","_links":{"self":[{"href":"https:\/\/noticiasribeiraopreto.com.br\/index.php\/wp-json\/wp\/v2\/posts\/44163","targetHints":{"allow":["GET"]}}],"collection":[{"href":"https:\/\/noticiasribeiraopreto.com.br\/index.php\/wp-json\/wp\/v2\/posts"}],"about":[{"href":"https:\/\/noticiasribeiraopreto.com.br\/index.php\/wp-json\/wp\/v2\/types\/post"}],"author":[{"embeddable":true,"href":"https:\/\/noticiasribeiraopreto.com.br\/index.php\/wp-json\/wp\/v2\/users\/1"}],"replies":[{"embeddable":true,"href":"https:\/\/noticiasribeiraopreto.com.br\/index.php\/wp-json\/wp\/v2\/comments?post=44163"}],"version-history":[{"count":0,"href":"https:\/\/noticiasribeiraopreto.com.br\/index.php\/wp-json\/wp\/v2\/posts\/44163\/revisions"}],"wp:featuredmedia":[{"embeddable":true,"href":"https:\/\/noticiasribeiraopreto.com.br\/index.php\/wp-json\/wp\/v2\/media\/44164"}],"wp:attachment":[{"href":"https:\/\/noticiasribeiraopreto.com.br\/index.php\/wp-json\/wp\/v2\/media?parent=44163"}],"wp:term":[{"taxonomy":"category","embeddable":true,"href":"https:\/\/noticiasribeiraopreto.com.br\/index.php\/wp-json\/wp\/v2\/categories?post=44163"},{"taxonomy":"post_tag","embeddable":true,"href":"https:\/\/noticiasribeiraopreto.com.br\/index.php\/wp-json\/wp\/v2\/tags?post=44163"}],"curies":[{"name":"wp","href":"https:\/\/api.w.org\/{rel}","templated":true}]}}