{"id":44199,"date":"2024-03-26T14:07:30","date_gmt":"2024-03-26T17:07:30","guid":{"rendered":"https:\/\/noticiasribeiraopreto.com.br\/index.php\/2024\/03\/26\/moradores-reclamam-de-barulho-e-do-lixo-em-pancadoes-de-ribeirao-preto\/"},"modified":"2024-03-26T14:07:30","modified_gmt":"2024-03-26T17:07:30","slug":"moradores-reclamam-de-barulho-e-do-lixo-em-pancadoes-de-ribeirao-preto","status":"publish","type":"post","link":"https:\/\/noticiasribeiraopreto.com.br\/index.php\/2024\/03\/26\/moradores-reclamam-de-barulho-e-do-lixo-em-pancadoes-de-ribeirao-preto\/","title":{"rendered":"Moradores reclamam de barulho e do lixo em \u2018pancad\u00f5es\u2019 de Ribeir\u00e3o Preto"},"content":{"rendered":"<div class='code-block code-block-1' style='margin: 8px 0 8px auto; text-align: right; display: block; clear: both;'>\n<p><a href=\"https:\/\/wa.link\/vpicfd\"><img data-recalc-dims=\"1\" class=\"wp-image-4922\" style=\"aspect-ratio: 2.0253164556962027; width: 561px; height: auto;\" src=\"https:\/\/i0.wp.com\/ismaelcolosi.com.br\/wp-content\/uploads\/2023\/11\/grupo-de-empregos-whatsapp-e-facebook-ismael-colosi-vagas.jpg?ssl=1\" alt=\"\" \/><\/a><\/p>\n<!-- \/wp:image -->\n<\/div>\n<p> <br \/>\n<\/p>\n<div>\n<p>Moradores reclamam do barulho e do lixo deixado em \u201cpancad\u00f5es\u201d que acontecem aos finais de semana na rua Tupinamb\u00e1, no<strong> Ipiranga<\/strong>, na zona Norte de <strong>Ribeir\u00e3o Preto<\/strong>. O local fica pr\u00f3ximo de um campo de futebol \u2013 veja o v\u00eddeo abaixo.<\/p>\n<p>De acordo com uma moradora, que n\u00e3o quis se identificar, os \u201cpancad\u00f5es\u201d acontecem todos os domingos. As <mark style=\"background-color:#fcb900\" class=\"has-inline-color has-black-color\">imagens que circulam nas redes sociais mostram pilotos empinando motos e o barulho de m\u00fasica \u00e9 alto.<\/mark><\/p>\n<p><iframe loading=\"lazy\" allowfullscreen=\"yes\" frameborder=\"0\" scrolling=\"yes\" src=\"https:\/\/embed-videos.netshow.me\/s\/mGAYt3NXgik\/player?v=true\" width=\"1080\" height=\"608\"><\/iframe><\/p>\n<p>A moradora diz que o som alto vai at\u00e9 a noite e que no outro dia sobra a sujeira na cal\u00e7ada. Relatos parecidos tamb\u00e9m foram realizados por moradores do<strong> Parque Ribeir\u00e3o<\/strong> e n<strong>o Cristo Redentor<\/strong>.<\/p>\n<h3 class=\"wp-block-heading\"><strong>No MP-SP<\/strong><\/h3>\n<p>O<strong> MP-SP (Minist\u00e9rio P\u00fablico de S\u00e3o Paulo) <\/strong>j\u00e1 foi acionado sobre o problema. De acordo com o promotor de Justi\u00e7a da Inf\u00e2ncia e Juventude Carlos Alberto Goulart Ferreira, os envolvidos precisam ser identificados.<\/p>\n<p>\u201cNuma situa\u00e7\u00e3o como essa, \u00e9 preciso identificar esses adolescentes. A pr\u00f3pria pol\u00edcia tem essa obriga\u00e7\u00e3o legal, para que a gente possa tomar provid\u00eancias contra os pais\u201d, afirma o promotor em entrevista \u00e0 <strong>EPTV<\/strong>.<\/p>\n<p>\u201c\u00c9 aquela situa\u00e7\u00e3o, a minha liberdade vai at\u00e9 onde a dos outros come\u00e7a. A Pol\u00edcia Militar, a Guarda Civil Metropolitana, e tamb\u00e9m a empresa respons\u00e1vel pelo tr\u00e2nsito de Ribeir\u00e3o precisa tomar provid\u00eancias\u201d, completa.<\/p>\n<h4 class=\"wp-block-heading\"><strong>O que dizem?<\/strong><\/h4>\n<p>A Pol\u00edcia Militar foi procurada, mas n\u00e3o houve retorno at\u00e9 publica\u00e7\u00e3o da mat\u00e9ria.<\/p>\n<p>J\u00e1 a Prefeitura de Ribeir\u00e3o Preto informou que o evento n\u00e3o \u00e9 autorizado pela Fiscaliza\u00e7\u00e3o Geral, mas disse que n\u00e3o recebeu reclama\u00e7\u00f5es. Quando s\u00e3o recebidas den\u00fancias, s\u00e3o realizadas em apoio com a Pol\u00edcia Militar (com informa\u00e7\u00f5es EPTV).<\/p>\n<p>SAIBA MAIS<br \/>Bairros na zona Norte de Ribeir\u00e3o Preto ficam em alerta para falta d\u2019\u00e1gua<\/p>\n<h4 class=\"wp-block-heading\"><strong>FIQUE ON<\/strong><\/h4>\n<p>Fique ligado em tudo que acontece em Ribeir\u00e3o Preto e regi\u00e3o. Siga os perfis do <strong>acidade on<\/strong> no<a href=\"https:\/\/www.instagram.com\/acidadeonribeirao\" target=\"_blank\" rel=\"noreferrer noopener nofollow\"> Instagram <\/a>e no<a href=\"https:\/\/www.facebook.com\/acidadeonribeirao\" target=\"_blank\" rel=\"noreferrer noopener nofollow\"> Facebook<\/a>.<\/p>\n<p>Receba not\u00edcias do <strong>acidade on <\/strong>no WhatsApp. <a href=\"https:\/\/chat.whatsapp.com\/GFH9HUMUTHNFJdnyEd0xxq\" target=\"_blank\" rel=\"noreferrer noopener nofollow\">Para entrar no grupo, basta clicar aqui.<\/a><\/p>\n<p>Fa\u00e7a uma den\u00fancia ou sugira uma reportagem sobre Ribeir\u00e3o Preto e regi\u00e3o pelo WhatsApp: 16 99117 7802.<\/p>\n<p>VEJA TAMB\u00c9M<br \/>Wanessa Camargo apaga v\u00eddeo com pedido de desculpas a Davi<\/p>\n<p><!-- AI CONTENT END 1 -->\n<\/div>\n<p><script async src=\"\/\/www.instagram.com\/embed.js\"><\/script><br \/>\n<br \/><br \/>\n<br \/><a href=\"https:\/\/www.acidadeon.com\/ribeiraopreto\/cotidiano\/moradores-reclamam-de-barulho-e-do-lixo-em-pancadoes-de-ribeirao-preto\/\">Source link <\/a><\/p>\n<!-- CONTENT END 1 -->\n","protected":false},"excerpt":{"rendered":"<p>Moradores reclamam do barulho e do lixo deixado em \u201cpancad\u00f5es\u201d que acontecem aos finais de semana na rua Tupinamb\u00e1, no Ipiranga, na zona Norte de&#8230;<\/p>\n","protected":false},"author":1,"featured_media":44200,"comment_status":"open","ping_status":"open","sticky":false,"template":"","format":"standard","meta":{"advanced_seo_description":"","jetpack_seo_html_title":"","jetpack_seo_noindex":false,"jetpack_post_was_ever_published":false,"_jetpack_newsletter_access":"","_jetpack_dont_email_post_to_subs":false,"_jetpack_newsletter_tier_id":0,"_jetpack_memberships_contains_paywalled_content":false,"_jetpack_memberships_contains_paid_content":false,"footnotes":"","jetpack_publicize_message":"","jetpack_publicize_feature_enabled":true,"jetpack_social_post_already_shared":true,"jetpack_social_options":{"image_generator_settings":{"template":"highway","default_image_id":0,"font":"","enabled":false},"version":2}},"categories":[11],"tags":[],"class_list":["post-44199","post","type-post","status-publish","format-standard","has-post-thumbnail","hentry","category-noticias-de-ribeirao-preto-sp-e-regiao-ismael-colosi"],"jetpack_publicize_connections":[],"jetpack_featured_media_url":"https:\/\/i0.wp.com\/noticiasribeiraopreto.com.br\/wp-content\/uploads\/2024\/03\/AnyConv.com__pancadao.webp.webp?fit=1600%2C900&ssl=1","jetpack-related-posts":[{"id":53780,"url":"https:\/\/noticiasribeiraopreto.com.br\/index.php\/2024\/06\/24\/guarda-civil-diz-que-vai-realizar-acoes-preventivas-durante-pancadoes-em-ribeirao\/","url_meta":{"origin":44199,"position":0},"title":"Guarda Civil diz que vai realizar a\u00e7\u00f5es preventivas durante pancad\u00f5es em Ribeir\u00e3o","author":"noticiasribeiraopreto.com.br","date":"24 de June de 2024","format":false,"excerpt":"O coordenador da GCM (Guarda Civil Metropolitana) de Ribeir\u00e3o Preto, Tiago Caldeira, afirmou que ser\u00e3o realizadas a\u00e7\u00f5es preventivas nos locais em que est\u00e3o sendo realizados os chamados pancad\u00f5es. A afirma\u00e7\u00e3o foi dada por Caldeira em entrevista \u00e0 EPTV, ap\u00f3s reclama\u00e7\u00f5es de moradores do bairro Jardim Cristo Redentor sobre festas realizadas\u2026","rel":"","context":"In &quot;Not\u00edcias de Ribeir\u00e3o Preto-SP e Regi\u00e3o&quot;","block_context":{"text":"Not\u00edcias de Ribeir\u00e3o Preto-SP e Regi\u00e3o","link":"https:\/\/noticiasribeiraopreto.com.br\/index.php\/category\/noticias-de-ribeirao-preto-sp-e-regiao-ismael-colosi\/"},"img":{"alt_text":"","src":"https:\/\/i0.wp.com\/noticiasribeiraopreto.com.br\/wp-content\/uploads\/2024\/06\/AnyConv.com__pancadoes_2024-06-24_18-14-09.webp.webp?fit=1200%2C615&ssl=1&resize=350%2C200","width":350,"height":200,"srcset":"https:\/\/i0.wp.com\/noticiasribeiraopreto.com.br\/wp-content\/uploads\/2024\/06\/AnyConv.com__pancadoes_2024-06-24_18-14-09.webp.webp?fit=1200%2C615&ssl=1&resize=350%2C200 1x, https:\/\/i0.wp.com\/noticiasribeiraopreto.com.br\/wp-content\/uploads\/2024\/06\/AnyConv.com__pancadoes_2024-06-24_18-14-09.webp.webp?fit=1200%2C615&ssl=1&resize=525%2C300 1.5x, https:\/\/i0.wp.com\/noticiasribeiraopreto.com.br\/wp-content\/uploads\/2024\/06\/AnyConv.com__pancadoes_2024-06-24_18-14-09.webp.webp?fit=1200%2C615&ssl=1&resize=700%2C400 2x, https:\/\/i0.wp.com\/noticiasribeiraopreto.com.br\/wp-content\/uploads\/2024\/06\/AnyConv.com__pancadoes_2024-06-24_18-14-09.webp.webp?fit=1200%2C615&ssl=1&resize=1050%2C600 3x"},"classes":[]},{"id":53991,"url":"https:\/\/noticiasribeiraopreto.com.br\/index.php\/2024\/06\/26\/estabelecimento-responsavel-por-pancadoes-em-ribeirao-e-notificado-pela-gcm\/","url_meta":{"origin":44199,"position":1},"title":"Estabelecimento respons\u00e1vel por pancad\u00f5es em Ribeir\u00e3o \u00e9 notificado pela GCM","author":"noticiasribeiraopreto.com.br","date":"26 de June de 2024","format":false,"excerpt":"O Departamento de Fiscaliza\u00e7\u00e3o Geral e a Guarda Civil Metropolitana (GCM) realizaram uma opera\u00e7\u00e3o contra perturba\u00e7\u00e3o de sossego p\u00fablico no Jardim Cristo Redentor, zona Norte de Ribeir\u00e3o Preto. As equipes fiscalizaram e notificaram um estabelecimento comercial respons\u00e1vel por promover eventos conhecidos como pancad\u00f5es. Inclusive, banheiros qu\u00edmicos foram instalados pelos organizadores\u2026","rel":"","context":"In &quot;Not\u00edcias de Ribeir\u00e3o Preto-SP e Regi\u00e3o&quot;","block_context":{"text":"Not\u00edcias de Ribeir\u00e3o Preto-SP e Regi\u00e3o","link":"https:\/\/noticiasribeiraopreto.com.br\/index.php\/category\/noticias-de-ribeirao-preto-sp-e-regiao-ismael-colosi\/"},"img":{"alt_text":"","src":"https:\/\/i0.wp.com\/noticiasribeiraopreto.com.br\/wp-content\/uploads\/2024\/06\/WhatsApp-Image-2024-06-26-at-18.24.11_2024-06-27_00-02-22_jpeg_2024-06-27_00-02-22.webp.webp?fit=1200%2C903&ssl=1&resize=350%2C200","width":350,"height":200,"srcset":"https:\/\/i0.wp.com\/noticiasribeiraopreto.com.br\/wp-content\/uploads\/2024\/06\/WhatsApp-Image-2024-06-26-at-18.24.11_2024-06-27_00-02-22_jpeg_2024-06-27_00-02-22.webp.webp?fit=1200%2C903&ssl=1&resize=350%2C200 1x, https:\/\/i0.wp.com\/noticiasribeiraopreto.com.br\/wp-content\/uploads\/2024\/06\/WhatsApp-Image-2024-06-26-at-18.24.11_2024-06-27_00-02-22_jpeg_2024-06-27_00-02-22.webp.webp?fit=1200%2C903&ssl=1&resize=525%2C300 1.5x, https:\/\/i0.wp.com\/noticiasribeiraopreto.com.br\/wp-content\/uploads\/2024\/06\/WhatsApp-Image-2024-06-26-at-18.24.11_2024-06-27_00-02-22_jpeg_2024-06-27_00-02-22.webp.webp?fit=1200%2C903&ssl=1&resize=700%2C400 2x, https:\/\/i0.wp.com\/noticiasribeiraopreto.com.br\/wp-content\/uploads\/2024\/06\/WhatsApp-Image-2024-06-26-at-18.24.11_2024-06-27_00-02-22_jpeg_2024-06-27_00-02-22.webp.webp?fit=1200%2C903&ssl=1&resize=1050%2C600 3x"},"classes":[]},{"id":43365,"url":"https:\/\/noticiasribeiraopreto.com.br\/index.php\/2024\/03\/20\/pancadao-em-bairro-da-zona-norte-de-ribeirao-causa-transtorno-aos-moradores\/","url_meta":{"origin":44199,"position":2},"title":"Pancad\u00e3o em bairro da zona Norte de Ribeir\u00e3o causa transtorno aos moradores","author":"noticiasribeiraopreto.com.br","date":"20 de March de 2024","format":false,"excerpt":"Moradores do Jardim Cristo Redentor, zona Norte de Ribeir\u00e3o Preto, reclamam de um pancad\u00e3o que est\u00e1 acontecendo no bairro todos os finais de semanas. De acordo com os reclamantes, centenas de jovens se re\u00fanem com bebidas e m\u00fasica alta, bloqueiam a rua Jo\u00e3o Dias e fecham a entrada do bairro\u2026","rel":"","context":"In &quot;Not\u00edcias de Ribeir\u00e3o Preto-SP e Regi\u00e3o&quot;","block_context":{"text":"Not\u00edcias de Ribeir\u00e3o Preto-SP e Regi\u00e3o","link":"https:\/\/noticiasribeiraopreto.com.br\/index.php\/category\/noticias-de-ribeirao-preto-sp-e-regiao-ismael-colosi\/"},"img":{"alt_text":"","src":"https:\/\/i0.wp.com\/noticiasribeiraopreto.com.br\/wp-content\/uploads\/2024\/03\/Copia-de-Copia-de-TAMANHO-EXATO-PARA-FOTOS-NO-SISTEMA-NOVO-83.png?fit=1200%2C675&ssl=1&resize=350%2C200","width":350,"height":200,"srcset":"https:\/\/i0.wp.com\/noticiasribeiraopreto.com.br\/wp-content\/uploads\/2024\/03\/Copia-de-Copia-de-TAMANHO-EXATO-PARA-FOTOS-NO-SISTEMA-NOVO-83.png?fit=1200%2C675&ssl=1&resize=350%2C200 1x, https:\/\/i0.wp.com\/noticiasribeiraopreto.com.br\/wp-content\/uploads\/2024\/03\/Copia-de-Copia-de-TAMANHO-EXATO-PARA-FOTOS-NO-SISTEMA-NOVO-83.png?fit=1200%2C675&ssl=1&resize=525%2C300 1.5x, https:\/\/i0.wp.com\/noticiasribeiraopreto.com.br\/wp-content\/uploads\/2024\/03\/Copia-de-Copia-de-TAMANHO-EXATO-PARA-FOTOS-NO-SISTEMA-NOVO-83.png?fit=1200%2C675&ssl=1&resize=700%2C400 2x, https:\/\/i0.wp.com\/noticiasribeiraopreto.com.br\/wp-content\/uploads\/2024\/03\/Copia-de-Copia-de-TAMANHO-EXATO-PARA-FOTOS-NO-SISTEMA-NOVO-83.png?fit=1200%2C675&ssl=1&resize=1050%2C600 3x"},"classes":[]},{"id":81759,"url":"https:\/\/noticiasribeiraopreto.com.br\/index.php\/2026\/01\/16\/moradores-da-zona-norte-de-ribeirao-preto-reclamam-de-falhas-na-coleta-de-lixo\/","url_meta":{"origin":44199,"position":3},"title":"Moradores da zona Norte de Ribeir\u00e3o Preto reclamam de falhas na coleta de lixo","author":"noticiasribeiraopreto.com.br","date":"16 de January de 2026","format":false,"excerpt":"Moradores da zona Norte de Ribeir\u00e3o Preto relatam falhas recorrentes na coleta de lixo em bairros da regi\u00e3o, como Presidente Dutra II, conhecido como Silvio Passalacqua, al\u00e9m de Jardim Jandaia e F\u00e1bio Barreto. Nesta semana, moradores informaram que a coleta n\u00e3o foi realizada em um dos dias previstos. Embora o\u2026","rel":"","context":"In &quot;Not\u00edcias de Ribeir\u00e3o Preto-SP e Regi\u00e3o&quot;","block_context":{"text":"Not\u00edcias de Ribeir\u00e3o Preto-SP e Regi\u00e3o","link":"https:\/\/noticiasribeiraopreto.com.br\/index.php\/category\/noticias-de-ribeirao-preto-sp-e-regiao-ismael-colosi\/"},"img":{"alt_text":"","src":"https:\/\/i0.wp.com\/noticiasribeiraopreto.com.br\/wp-content\/uploads\/2026\/01\/domingo-51_2026-01-15_23-48-59.webp.webp?fit=1200%2C675&ssl=1&resize=350%2C200","width":350,"height":200,"srcset":"https:\/\/i0.wp.com\/noticiasribeiraopreto.com.br\/wp-content\/uploads\/2026\/01\/domingo-51_2026-01-15_23-48-59.webp.webp?fit=1200%2C675&ssl=1&resize=350%2C200 1x, https:\/\/i0.wp.com\/noticiasribeiraopreto.com.br\/wp-content\/uploads\/2026\/01\/domingo-51_2026-01-15_23-48-59.webp.webp?fit=1200%2C675&ssl=1&resize=525%2C300 1.5x, https:\/\/i0.wp.com\/noticiasribeiraopreto.com.br\/wp-content\/uploads\/2026\/01\/domingo-51_2026-01-15_23-48-59.webp.webp?fit=1200%2C675&ssl=1&resize=700%2C400 2x, https:\/\/i0.wp.com\/noticiasribeiraopreto.com.br\/wp-content\/uploads\/2026\/01\/domingo-51_2026-01-15_23-48-59.webp.webp?fit=1200%2C675&ssl=1&resize=1050%2C600 3x"},"classes":[]},{"id":61548,"url":"https:\/\/noticiasribeiraopreto.com.br\/index.php\/2024\/12\/16\/moradores-de-ribeirao-preto-reclamam-de-agua-suja-saindo-das-torneiras\/","url_meta":{"origin":44199,"position":4},"title":"Moradores de Ribeir\u00e3o Preto reclamam de \u00e1gua suja saindo das torneiras","author":"noticiasribeiraopreto.com.br","date":"16 de December de 2024","format":false,"excerpt":"Moradores dos bairros Jardim Castelo Branco e Parque dos Bandeirantes, na zona Leste de Ribeir\u00e3o Preto, reclamam que desde domingo (15) a \u00e1gua est\u00e1 saindo suja das torneiras. Relatos sobre a \u00e1gua suja foram realizados por moradores das ruas Jo\u00e3o Nutti, Miguel Ignacio e M\u00e1rio Tochini. Mas, pessoas que tamb\u00e9m\u2026","rel":"","context":"In &quot;Not\u00edcias de Ribeir\u00e3o Preto-SP e Regi\u00e3o&quot;","block_context":{"text":"Not\u00edcias de Ribeir\u00e3o Preto-SP e Regi\u00e3o","link":"https:\/\/noticiasribeiraopreto.com.br\/index.php\/category\/noticias-de-ribeirao-preto-sp-e-regiao-ismael-colosi\/"},"img":{"alt_text":"","src":"https:\/\/i0.wp.com\/noticiasribeiraopreto.com.br\/wp-content\/uploads\/2024\/12\/Copia-de-Copia-de-Copia-de-TAMANHO-EXATO-PARA-FOTOS-NO-SISTEMA-NOVO-51_2024-12-16_16-29-39_jpg_2024-12-16_16-29-39.webp.webp?fit=1200%2C675&ssl=1&resize=350%2C200","width":350,"height":200,"srcset":"https:\/\/i0.wp.com\/noticiasribeiraopreto.com.br\/wp-content\/uploads\/2024\/12\/Copia-de-Copia-de-Copia-de-TAMANHO-EXATO-PARA-FOTOS-NO-SISTEMA-NOVO-51_2024-12-16_16-29-39_jpg_2024-12-16_16-29-39.webp.webp?fit=1200%2C675&ssl=1&resize=350%2C200 1x, https:\/\/i0.wp.com\/noticiasribeiraopreto.com.br\/wp-content\/uploads\/2024\/12\/Copia-de-Copia-de-Copia-de-TAMANHO-EXATO-PARA-FOTOS-NO-SISTEMA-NOVO-51_2024-12-16_16-29-39_jpg_2024-12-16_16-29-39.webp.webp?fit=1200%2C675&ssl=1&resize=525%2C300 1.5x, https:\/\/i0.wp.com\/noticiasribeiraopreto.com.br\/wp-content\/uploads\/2024\/12\/Copia-de-Copia-de-Copia-de-TAMANHO-EXATO-PARA-FOTOS-NO-SISTEMA-NOVO-51_2024-12-16_16-29-39_jpg_2024-12-16_16-29-39.webp.webp?fit=1200%2C675&ssl=1&resize=700%2C400 2x, https:\/\/i0.wp.com\/noticiasribeiraopreto.com.br\/wp-content\/uploads\/2024\/12\/Copia-de-Copia-de-Copia-de-TAMANHO-EXATO-PARA-FOTOS-NO-SISTEMA-NOVO-51_2024-12-16_16-29-39_jpg_2024-12-16_16-29-39.webp.webp?fit=1200%2C675&ssl=1&resize=1050%2C600 3x"},"classes":[]},{"id":24890,"url":"https:\/\/noticiasribeiraopreto.com.br\/index.php\/2024\/01\/05\/barulho-misterioso-assusta-moradores-de-cidade-na-regiao-de-ribeirao-video\/","url_meta":{"origin":44199,"position":5},"title":"Barulho misterioso assusta moradores de cidade na regi\u00e3o de Ribeir\u00e3o; V\u00eddeo","author":"noticiasribeiraopreto.com.br","date":"5 de January de 2024","format":false,"excerpt":"Os moradores do bairro Calif\u00f3rnia, em Barrinha, na regi\u00e3o de Ribeir\u00e3o Preto, est\u00e3o assustados com um barulho misterioso \u2013 veja o v\u00eddeo abaixo. O estrondo \u00e9 constante e \u00e9 ouvido pela popula\u00e7\u00e3o desde o \u00faltimo m\u00eas de novembro. Os moradores relatam que o barulho \u00e9 parecido com explos\u00e3o e, por\u2026","rel":"","context":"In &quot;Not\u00edcias de Ribeir\u00e3o Preto-SP e Regi\u00e3o&quot;","block_context":{"text":"Not\u00edcias de Ribeir\u00e3o Preto-SP e Regi\u00e3o","link":"https:\/\/noticiasribeiraopreto.com.br\/index.php\/category\/noticias-de-ribeirao-preto-sp-e-regiao-ismael-colosi\/"},"img":{"alt_text":"","src":"https:\/\/i0.wp.com\/noticiasribeiraopreto.com.br\/wp-content\/uploads\/2024\/01\/barulho.jpg?fit=1200%2C800&ssl=1&resize=350%2C200","width":350,"height":200,"srcset":"https:\/\/i0.wp.com\/noticiasribeiraopreto.com.br\/wp-content\/uploads\/2024\/01\/barulho.jpg?fit=1200%2C800&ssl=1&resize=350%2C200 1x, https:\/\/i0.wp.com\/noticiasribeiraopreto.com.br\/wp-content\/uploads\/2024\/01\/barulho.jpg?fit=1200%2C800&ssl=1&resize=525%2C300 1.5x, https:\/\/i0.wp.com\/noticiasribeiraopreto.com.br\/wp-content\/uploads\/2024\/01\/barulho.jpg?fit=1200%2C800&ssl=1&resize=700%2C400 2x, https:\/\/i0.wp.com\/noticiasribeiraopreto.com.br\/wp-content\/uploads\/2024\/01\/barulho.jpg?fit=1200%2C800&ssl=1&resize=1050%2C600 3x"},"classes":[]}],"jetpack_sharing_enabled":true,"jetpack_shortlink":"https:\/\/wp.me\/peQAOb-buT","_links":{"self":[{"href":"https:\/\/noticiasribeiraopreto.com.br\/index.php\/wp-json\/wp\/v2\/posts\/44199","targetHints":{"allow":["GET"]}}],"collection":[{"href":"https:\/\/noticiasribeiraopreto.com.br\/index.php\/wp-json\/wp\/v2\/posts"}],"about":[{"href":"https:\/\/noticiasribeiraopreto.com.br\/index.php\/wp-json\/wp\/v2\/types\/post"}],"author":[{"embeddable":true,"href":"https:\/\/noticiasribeiraopreto.com.br\/index.php\/wp-json\/wp\/v2\/users\/1"}],"replies":[{"embeddable":true,"href":"https:\/\/noticiasribeiraopreto.com.br\/index.php\/wp-json\/wp\/v2\/comments?post=44199"}],"version-history":[{"count":0,"href":"https:\/\/noticiasribeiraopreto.com.br\/index.php\/wp-json\/wp\/v2\/posts\/44199\/revisions"}],"wp:featuredmedia":[{"embeddable":true,"href":"https:\/\/noticiasribeiraopreto.com.br\/index.php\/wp-json\/wp\/v2\/media\/44200"}],"wp:attachment":[{"href":"https:\/\/noticiasribeiraopreto.com.br\/index.php\/wp-json\/wp\/v2\/media?parent=44199"}],"wp:term":[{"taxonomy":"category","embeddable":true,"href":"https:\/\/noticiasribeiraopreto.com.br\/index.php\/wp-json\/wp\/v2\/categories?post=44199"},{"taxonomy":"post_tag","embeddable":true,"href":"https:\/\/noticiasribeiraopreto.com.br\/index.php\/wp-json\/wp\/v2\/tags?post=44199"}],"curies":[{"name":"wp","href":"https:\/\/api.w.org\/{rel}","templated":true}]}}