{"id":44201,"date":"2024-03-26T14:25:41","date_gmt":"2024-03-26T17:25:41","guid":{"rendered":"https:\/\/noticiasribeiraopreto.com.br\/index.php\/2024\/03\/26\/voce-sabia-que-a-dengue-mata\/"},"modified":"2024-03-26T14:25:41","modified_gmt":"2024-03-26T17:25:41","slug":"voce-sabia-que-a-dengue-mata","status":"publish","type":"post","link":"https:\/\/noticiasribeiraopreto.com.br\/index.php\/2024\/03\/26\/voce-sabia-que-a-dengue-mata\/","title":{"rendered":"Voc\u00ea Sabia que a Dengue Mata?"},"content":{"rendered":"<div class='code-block code-block-1' style='margin: 8px 0 8px auto; text-align: right; display: block; clear: both;'>\n<p><a href=\"https:\/\/wa.link\/vpicfd\"><img data-recalc-dims=\"1\" class=\"wp-image-4922\" style=\"aspect-ratio: 2.0253164556962027; width: 561px; height: auto;\" src=\"https:\/\/i0.wp.com\/ismaelcolosi.com.br\/wp-content\/uploads\/2023\/11\/grupo-de-empregos-whatsapp-e-facebook-ismael-colosi-vagas.jpg?ssl=1\" alt=\"\" \/><\/a><\/p>\n<!-- \/wp:image -->\n<\/div>\n<p> <br \/>\n<\/p>\n<div>\n<h3 class=\"fn__maintitle\"><span>Voc\u00ea Sabia que a Dengue Mata?<\/span><\/h3>\n<\/div>\n<div>\n<p>A dengue, uma doen\u00e7a transmitida pelo mosquito Aedes aegypti, tem sido motivo de preocupa\u00e7\u00e3o em todo o Brasil. Com seus sintomas caracter\u00edsticos como febre alta, dores no corpo e nas articula\u00e7\u00f5es, al\u00e9m de poss\u00edveis complica\u00e7\u00f5es graves como a dengue hemorr\u00e1gica, \u00e9 importante ressaltar que a dengue mata.<\/p>\n<p>Apesar de muitas pessoas desconsiderarem a gravidade da doen\u00e7a ou n\u00e3o se atentarem para os cuidados necess\u00e1rios na preven\u00e7\u00e3o, os n\u00fameros alarmantes evidenciam que a dengue pode ter consequ\u00eancias fatais. Segundo dados do Minist\u00e9rio da Sa\u00fade, apenas em 2023 foram registrados mais de 1 milh\u00e3o e meio de casos suspeitos em todo o pa\u00eds.<\/p>\n<p>As regi\u00f5es mais afetadas s\u00e3o as \u00e1reas tropicais e subtropicais com clima quente e \u00famido. No entanto, vale ressaltar que qualquer localidade est\u00e1 sujeita \u00e0 prolifera\u00e7\u00e3o do mosquito transmissor caso n\u00e3o sejam adotadas medidas adequadas para o controle dessa praga urbana.<\/p>\n<p>A falta de informa\u00e7\u00e3o \u00e9 um dos principais desafios enfrentados no combate \u00e0 dengue. Muitas vezes as pessoas subestimam os sintomas iniciais da doen\u00e7a ou n\u00e3o procuram ajuda m\u00e9dica imediata. Essa neglig\u00eancia pode levar ao agravamento da condi\u00e7\u00e3o e ao desenvolvimento da forma hemorr\u00e1gica da dengue.<\/p>\n<p>Al\u00e9m disso, tamb\u00e9m \u00e9 importante destacar que medidas simples podem ajudar na preven\u00e7\u00e3o da doen\u00e7a. O combate ao mosquito Aedes aegypti envolve eliminar poss\u00edveis criadouros dentro das resid\u00eancias (como recipientes com \u00e1gua parada), utilizar repelentes e roupas adequadas em \u00e1reas propensas \u00e0 infesta\u00e7\u00e3o do vetor.<\/p>\n<p>Campanhas educativas t\u00eam sido realizadas nos \u00faltimos anos pelo governo e institui\u00e7\u00f5es voltadas para sa\u00fade p\u00fablica com o objetivo de conscientizar a popula\u00e7\u00e3o sobre os riscos associados \u00e0 dengue. No entanto, \u00e9 necess\u00e1rio refor\u00e7ar constantemente essas informa\u00e7\u00f5es para evitar novos surtos epid\u00eamicos no futuro.<\/p>\n<p>Diante desse cen\u00e1rio alarmante, fica evidente que todos devem estar atentos aos sinais indicativos dessa doen\u00e7a perigosa. \u00c9 fundamental buscar assist\u00eancia m\u00e9dica assim que surgirem sintomas suspeitos e adotar medidas preventivas eficazes para combater o mosquito transmissor.<\/p>\n<p>A conscientiza\u00e7\u00e3o coletiva sobre os riscos associados \u00e0 dengue deve ser uma prioridade na agenda do pa\u00eds. \u00c9 preciso unir esfor\u00e7os entre autoridades governamentais e cidad\u00e3os para frear essa amea\u00e7a silenciosa que ceifa vidas ano ap\u00f3s ano.<\/p>\n<div class=\"popito_fn_votewrap\">\n<h3 class=\"vote_title\">Como voc\u00ea vota? <\/h3>\n<div class=\"popito_fn_votes \" data-id=\"1756\">\n<p>0 People voted this article. 0 Upvotes &#8211; 0 Downvotes.<\/p>\n<\/div>\n<\/div>\n<\/div>\n<p><br \/>\n<br \/><a href=\"https:\/\/popito.com.br\/voce-sabia-que-a-dengue-mata\/\">Source link <\/a><\/p>\n<!-- CONTENT END 1 -->\n","protected":false},"excerpt":{"rendered":"<p>Voc\u00ea Sabia que a Dengue Mata? A dengue, uma doen\u00e7a transmitida pelo mosquito Aedes aegypti, tem sido motivo de preocupa\u00e7\u00e3o em todo o Brasil. Com&#8230;<\/p>\n","protected":false},"author":1,"featured_media":44202,"comment_status":"open","ping_status":"open","sticky":false,"template":"","format":"standard","meta":{"advanced_seo_description":"","jetpack_seo_html_title":"","jetpack_seo_noindex":false,"jetpack_post_was_ever_published":false,"_jetpack_newsletter_access":"","_jetpack_dont_email_post_to_subs":false,"_jetpack_newsletter_tier_id":0,"_jetpack_memberships_contains_paywalled_content":false,"_jetpack_memberships_contains_paid_content":false,"footnotes":"","jetpack_publicize_message":"","jetpack_publicize_feature_enabled":true,"jetpack_social_post_already_shared":true,"jetpack_social_options":{"image_generator_settings":{"template":"highway","default_image_id":0,"font":"","enabled":false},"version":2}},"categories":[11],"tags":[1269,603,5226,1068],"class_list":["post-44201","post","type-post","status-publish","format-standard","has-post-thumbnail","hentry","category-noticias-de-ribeirao-preto-sp-e-regiao-ismael-colosi","tag-dengue","tag-mata","tag-sabia","tag-voce"],"jetpack_publicize_connections":[],"jetpack_featured_media_url":"https:\/\/i0.wp.com\/noticiasribeiraopreto.com.br\/wp-content\/uploads\/2024\/03\/62aa376f8acbab7fa7b86eec_dengue-tratamento.jpg?fit=1200%2C798&ssl=1","jetpack-related-posts":[{"id":34017,"url":"https:\/\/noticiasribeiraopreto.com.br\/index.php\/2024\/01\/31\/saude-de-ribeirao-preto-eleva-nivel-da-epidemia-da-dengue\/","url_meta":{"origin":44201,"position":0},"title":"Sa\u00fade de Ribeir\u00e3o Preto eleva n\u00edvel da epidemia da dengue","author":"noticiasribeiraopreto.com.br","date":"31 de January de 2024","format":false,"excerpt":"A Secretaria da Sa\u00fade de Ribeir\u00e3o Preto informou que a cidade j\u00e1 est\u00e1 no n\u00edvel 2 da epidemia da dengue. Em 2024, foram confirmados 975 casos da doen\u00e7a em Ribeir\u00e3o Preto, o dobro da quantidade registrada em janeiro de 2023. O n\u00famero pode ser maior, j\u00e1 que s\u00e3o 3.203 casos\u2026","rel":"","context":"In &quot;Not\u00edcias de Ribeir\u00e3o Preto-SP e Regi\u00e3o&quot;","block_context":{"text":"Not\u00edcias de Ribeir\u00e3o Preto-SP e Regi\u00e3o","link":"https:\/\/noticiasribeiraopreto.com.br\/index.php\/category\/noticias-de-ribeirao-preto-sp-e-regiao-ismael-colosi\/"},"img":{"alt_text":"","src":"https:\/\/i0.wp.com\/noticiasribeiraopreto.com.br\/wp-content\/uploads\/2024\/01\/dengue-casos.jpg?fit=1170%2C700&ssl=1&resize=350%2C200","width":350,"height":200,"srcset":"https:\/\/i0.wp.com\/noticiasribeiraopreto.com.br\/wp-content\/uploads\/2024\/01\/dengue-casos.jpg?fit=1170%2C700&ssl=1&resize=350%2C200 1x, https:\/\/i0.wp.com\/noticiasribeiraopreto.com.br\/wp-content\/uploads\/2024\/01\/dengue-casos.jpg?fit=1170%2C700&ssl=1&resize=525%2C300 1.5x, https:\/\/i0.wp.com\/noticiasribeiraopreto.com.br\/wp-content\/uploads\/2024\/01\/dengue-casos.jpg?fit=1170%2C700&ssl=1&resize=700%2C400 2x, https:\/\/i0.wp.com\/noticiasribeiraopreto.com.br\/wp-content\/uploads\/2024\/01\/dengue-casos.jpg?fit=1170%2C700&ssl=1&resize=1050%2C600 3x"},"classes":[]},{"id":40353,"url":"https:\/\/noticiasribeiraopreto.com.br\/index.php\/2024\/03\/02\/voce-sabia-cuidados-com-dengue-devem-ser-maiores-na-gestacao\/","url_meta":{"origin":44201,"position":1},"title":"Voc\u00ea sabia? Cuidados com dengue devem ser maiores na gesta\u00e7\u00e3o","author":"noticiasribeiraopreto.com.br","date":"2 de March de 2024","format":false,"excerpt":"O odor e o aumento do g\u00e1s carb\u00f4nico exalado pela pele das gestantes, aliados ao aumento da sua temperatura corporal, s\u00e3o fatores importantes para a atra\u00e7\u00e3o do mosquito Aedes aegypti. Al\u00e9m disso, as gr\u00e1vidas e pu\u00e9rperas est\u00e3o entre os grupos populacionais mais suscet\u00edveis a complica\u00e7\u00f5es e evolu\u00e7\u00e3o para as formas\u2026","rel":"","context":"In &quot;Not\u00edcias de Ribeir\u00e3o Preto-SP e Regi\u00e3o&quot;","block_context":{"text":"Not\u00edcias de Ribeir\u00e3o Preto-SP e Regi\u00e3o","link":"https:\/\/noticiasribeiraopreto.com.br\/index.php\/category\/noticias-de-ribeirao-preto-sp-e-regiao-ismael-colosi\/"},"img":{"alt_text":"","src":"https:\/\/i0.wp.com\/noticiasribeiraopreto.com.br\/wp-content\/uploads\/2024\/03\/gestante_mulher_1024x576_15022021172416.jpg?fit=1024%2C576&ssl=1&resize=350%2C200","width":350,"height":200,"srcset":"https:\/\/i0.wp.com\/noticiasribeiraopreto.com.br\/wp-content\/uploads\/2024\/03\/gestante_mulher_1024x576_15022021172416.jpg?fit=1024%2C576&ssl=1&resize=350%2C200 1x, https:\/\/i0.wp.com\/noticiasribeiraopreto.com.br\/wp-content\/uploads\/2024\/03\/gestante_mulher_1024x576_15022021172416.jpg?fit=1024%2C576&ssl=1&resize=525%2C300 1.5x, https:\/\/i0.wp.com\/noticiasribeiraopreto.com.br\/wp-content\/uploads\/2024\/03\/gestante_mulher_1024x576_15022021172416.jpg?fit=1024%2C576&ssl=1&resize=700%2C400 2x"},"classes":[]},{"id":36449,"url":"https:\/\/noticiasribeiraopreto.com.br\/index.php\/2024\/02\/09\/veja-quais-remedios-sao-utilizados-no-tratamento-da-dengue\/","url_meta":{"origin":44201,"position":2},"title":"Veja quais rem\u00e9dios s\u00e3o utilizados no tratamento da dengue","author":"noticiasribeiraopreto.com.br","date":"9 de February de 2024","format":false,"excerpt":"Cerca de 408 mil casos de dengue e 62 mortes foram confirmados em todo o Brasil, de acordo com o Minist\u00e9rio da Sa\u00fade (MS), nesta sexta-feira (9). Com isso, as buscas por prov\u00e1veis tratamentos aumentaram significativamente. Nesta semana, por exemplo, a ivermectina ganhou os holofotes como uma poss\u00edvel solu\u00e7\u00e3o para\u2026","rel":"","context":"In &quot;Not\u00edcias de Ribeir\u00e3o Preto-SP e Regi\u00e3o&quot;","block_context":{"text":"Not\u00edcias de Ribeir\u00e3o Preto-SP e Regi\u00e3o","link":"https:\/\/noticiasribeiraopreto.com.br\/index.php\/category\/noticias-de-ribeirao-preto-sp-e-regiao-ismael-colosi\/"},"img":{"alt_text":"","src":"https:\/\/i0.wp.com\/noticiasribeiraopreto.com.br\/wp-content\/uploads\/2024\/02\/1707512177_dengue.jpg?fit=1200%2C824&ssl=1&resize=350%2C200","width":350,"height":200,"srcset":"https:\/\/i0.wp.com\/noticiasribeiraopreto.com.br\/wp-content\/uploads\/2024\/02\/1707512177_dengue.jpg?fit=1200%2C824&ssl=1&resize=350%2C200 1x, https:\/\/i0.wp.com\/noticiasribeiraopreto.com.br\/wp-content\/uploads\/2024\/02\/1707512177_dengue.jpg?fit=1200%2C824&ssl=1&resize=525%2C300 1.5x, https:\/\/i0.wp.com\/noticiasribeiraopreto.com.br\/wp-content\/uploads\/2024\/02\/1707512177_dengue.jpg?fit=1200%2C824&ssl=1&resize=700%2C400 2x, https:\/\/i0.wp.com\/noticiasribeiraopreto.com.br\/wp-content\/uploads\/2024\/02\/1707512177_dengue.jpg?fit=1200%2C824&ssl=1&resize=1050%2C600 3x"},"classes":[]},{"id":36972,"url":"https:\/\/noticiasribeiraopreto.com.br\/index.php\/2024\/02\/13\/e-dengue-ou-gripe-saiba-como-diferenciar-os-sintomas-das-doencas\/","url_meta":{"origin":44201,"position":3},"title":"\u00c9 dengue ou gripe? Saiba como diferenciar os sintomas das doen\u00e7as","author":"noticiasribeiraopreto.com.br","date":"13 de February de 2024","format":false,"excerpt":"Sintomas como dor de cabe\u00e7a, mal-estar, febre e fraqueza s\u00e3o sinais comuns presentes em v\u00e1rias enfermidades, incluindo a dengue e a gripe. Desta forma, em caso de suspeita de alguma dessas doen\u00e7as \u00e9 importante aumentar a hidrata\u00e7\u00e3o e evitar a automedica\u00e7\u00e3o. Somente um m\u00e9dico pode fazer o diagn\u00f3stico correto.\u201c\u00c9 poss\u00edvel\u2026","rel":"","context":"In &quot;Not\u00edcias de Ribeir\u00e3o Preto-SP e Regi\u00e3o&quot;","block_context":{"text":"Not\u00edcias de Ribeir\u00e3o Preto-SP e Regi\u00e3o","link":"https:\/\/noticiasribeiraopreto.com.br\/index.php\/category\/noticias-de-ribeirao-preto-sp-e-regiao-ismael-colosi\/"},"img":{"alt_text":"","src":"https:\/\/i0.wp.com\/noticiasribeiraopreto.com.br\/wp-content\/uploads\/2024\/02\/gripe-resfriado-dengue-ou-covid.png-1.jpg?fit=800%2C481&ssl=1&resize=350%2C200","width":350,"height":200,"srcset":"https:\/\/i0.wp.com\/noticiasribeiraopreto.com.br\/wp-content\/uploads\/2024\/02\/gripe-resfriado-dengue-ou-covid.png-1.jpg?fit=800%2C481&ssl=1&resize=350%2C200 1x, https:\/\/i0.wp.com\/noticiasribeiraopreto.com.br\/wp-content\/uploads\/2024\/02\/gripe-resfriado-dengue-ou-covid.png-1.jpg?fit=800%2C481&ssl=1&resize=525%2C300 1.5x, https:\/\/i0.wp.com\/noticiasribeiraopreto.com.br\/wp-content\/uploads\/2024\/02\/gripe-resfriado-dengue-ou-covid.png-1.jpg?fit=800%2C481&ssl=1&resize=700%2C400 2x"},"classes":[]},{"id":42973,"url":"https:\/\/noticiasribeiraopreto.com.br\/index.php\/2024\/03\/18\/prefeitura-de-sp-decreta-estado-de-emergencia-em-saude-por-dengue\/","url_meta":{"origin":44201,"position":4},"title":"Prefeitura de SP decreta estado de emerg\u00eancia em sa\u00fade por dengue","author":"noticiasribeiraopreto.com.br","date":"18 de March de 2024","format":false,"excerpt":"A cidade de S\u00e3o Paulo decretou emerg\u00eancia de sa\u00fade por dengue nesta segunda-feira, 18. O an\u00fancio foi feito pela Secretaria de Sa\u00fade de SP, que informou que a medida ser\u00e1 publicada em edi\u00e7\u00e3o extra no\u00a0Di\u00e1rio Oficial. O decreto acontece ap\u00f3s a cidade ultrapassar 300 casos confirmados da doen\u00e7a por 100\u2026","rel":"","context":"In &quot;Not\u00edcias de Ribeir\u00e3o Preto-SP e Regi\u00e3o&quot;","block_context":{"text":"Not\u00edcias de Ribeir\u00e3o Preto-SP e Regi\u00e3o","link":"https:\/\/noticiasribeiraopreto.com.br\/index.php\/category\/noticias-de-ribeirao-preto-sp-e-regiao-ismael-colosi\/"},"img":{"alt_text":"","src":"https:\/\/i0.wp.com\/noticiasribeiraopreto.com.br\/wp-content\/uploads\/2024\/03\/dengue.jpg?fit=774%2C435&ssl=1&resize=350%2C200","width":350,"height":200,"srcset":"https:\/\/i0.wp.com\/noticiasribeiraopreto.com.br\/wp-content\/uploads\/2024\/03\/dengue.jpg?fit=774%2C435&ssl=1&resize=350%2C200 1x, https:\/\/i0.wp.com\/noticiasribeiraopreto.com.br\/wp-content\/uploads\/2024\/03\/dengue.jpg?fit=774%2C435&ssl=1&resize=525%2C300 1.5x, https:\/\/i0.wp.com\/noticiasribeiraopreto.com.br\/wp-content\/uploads\/2024\/03\/dengue.jpg?fit=774%2C435&ssl=1&resize=700%2C400 2x"},"classes":[]},{"id":39555,"url":"https:\/\/noticiasribeiraopreto.com.br\/index.php\/2024\/02\/26\/dengue-100-duvidas-site-esclarece-duvidas-sobre-doencas-causadas-pelo-aedes-aegypti\/","url_meta":{"origin":44201,"position":5},"title":"\u2018Dengue 100 D\u00favidas\u2019: Site esclarece d\u00favidas sobre doen\u00e7as causadas pelo Aedes aegypti","author":"noticiasribeiraopreto.com.br","date":"26 de February de 2024","format":false,"excerpt":"O Governo do Estado de S\u00e3o Paulo lan\u00e7ou nesta segunda-feira (26) o site \u201cDengue 100 D\u00favidas\u201d, que re\u00fane informa\u00e7\u00f5es gerais sobre as doen\u00e7as causadas pelo mosquito Aedes aegypti. No site \u00e9 poss\u00edvel esclarecer as principais d\u00favidas sobre as doen\u00e7as causadas pelo mosquito Aedes aegypti, como dengue, zika e chikungunya. S\u00e3o\u2026","rel":"","context":"In &quot;Not\u00edcias de Ribeir\u00e3o Preto-SP e Regi\u00e3o&quot;","block_context":{"text":"Not\u00edcias de Ribeir\u00e3o Preto-SP e Regi\u00e3o","link":"https:\/\/noticiasribeiraopreto.com.br\/index.php\/category\/noticias-de-ribeirao-preto-sp-e-regiao-ismael-colosi\/"},"img":{"alt_text":"","src":"https:\/\/i0.wp.com\/noticiasribeiraopreto.com.br\/wp-content\/uploads\/2024\/02\/Copia-de-Copia-de-TAMANHO-EXATO-PARA-FOTOS-NO-SISTEMA-NOVO-14.jpg?fit=1200%2C675&ssl=1&resize=350%2C200","width":350,"height":200,"srcset":"https:\/\/i0.wp.com\/noticiasribeiraopreto.com.br\/wp-content\/uploads\/2024\/02\/Copia-de-Copia-de-TAMANHO-EXATO-PARA-FOTOS-NO-SISTEMA-NOVO-14.jpg?fit=1200%2C675&ssl=1&resize=350%2C200 1x, https:\/\/i0.wp.com\/noticiasribeiraopreto.com.br\/wp-content\/uploads\/2024\/02\/Copia-de-Copia-de-TAMANHO-EXATO-PARA-FOTOS-NO-SISTEMA-NOVO-14.jpg?fit=1200%2C675&ssl=1&resize=525%2C300 1.5x, https:\/\/i0.wp.com\/noticiasribeiraopreto.com.br\/wp-content\/uploads\/2024\/02\/Copia-de-Copia-de-TAMANHO-EXATO-PARA-FOTOS-NO-SISTEMA-NOVO-14.jpg?fit=1200%2C675&ssl=1&resize=700%2C400 2x, https:\/\/i0.wp.com\/noticiasribeiraopreto.com.br\/wp-content\/uploads\/2024\/02\/Copia-de-Copia-de-TAMANHO-EXATO-PARA-FOTOS-NO-SISTEMA-NOVO-14.jpg?fit=1200%2C675&ssl=1&resize=1050%2C600 3x"},"classes":[]}],"jetpack_sharing_enabled":true,"jetpack_shortlink":"https:\/\/wp.me\/peQAOb-buV","_links":{"self":[{"href":"https:\/\/noticiasribeiraopreto.com.br\/index.php\/wp-json\/wp\/v2\/posts\/44201","targetHints":{"allow":["GET"]}}],"collection":[{"href":"https:\/\/noticiasribeiraopreto.com.br\/index.php\/wp-json\/wp\/v2\/posts"}],"about":[{"href":"https:\/\/noticiasribeiraopreto.com.br\/index.php\/wp-json\/wp\/v2\/types\/post"}],"author":[{"embeddable":true,"href":"https:\/\/noticiasribeiraopreto.com.br\/index.php\/wp-json\/wp\/v2\/users\/1"}],"replies":[{"embeddable":true,"href":"https:\/\/noticiasribeiraopreto.com.br\/index.php\/wp-json\/wp\/v2\/comments?post=44201"}],"version-history":[{"count":0,"href":"https:\/\/noticiasribeiraopreto.com.br\/index.php\/wp-json\/wp\/v2\/posts\/44201\/revisions"}],"wp:featuredmedia":[{"embeddable":true,"href":"https:\/\/noticiasribeiraopreto.com.br\/index.php\/wp-json\/wp\/v2\/media\/44202"}],"wp:attachment":[{"href":"https:\/\/noticiasribeiraopreto.com.br\/index.php\/wp-json\/wp\/v2\/media?parent=44201"}],"wp:term":[{"taxonomy":"category","embeddable":true,"href":"https:\/\/noticiasribeiraopreto.com.br\/index.php\/wp-json\/wp\/v2\/categories?post=44201"},{"taxonomy":"post_tag","embeddable":true,"href":"https:\/\/noticiasribeiraopreto.com.br\/index.php\/wp-json\/wp\/v2\/tags?post=44201"}],"curies":[{"name":"wp","href":"https:\/\/api.w.org\/{rel}","templated":true}]}}