{"id":44205,"date":"2024-03-26T14:32:26","date_gmt":"2024-03-26T17:32:26","guid":{"rendered":"https:\/\/noticiasribeiraopreto.com.br\/index.php\/2024\/03\/26\/prefeitura-de-sp-anuncia-4-680-vagas-em-cursos-universitarios-gratuitos\/"},"modified":"2024-03-26T14:32:26","modified_gmt":"2024-03-26T17:32:26","slug":"prefeitura-de-sp-anuncia-4-680-vagas-em-cursos-universitarios-gratuitos","status":"publish","type":"post","link":"https:\/\/noticiasribeiraopreto.com.br\/index.php\/2024\/03\/26\/prefeitura-de-sp-anuncia-4-680-vagas-em-cursos-universitarios-gratuitos\/","title":{"rendered":"Prefeitura de SP anuncia 4.680 vagas em cursos universit\u00e1rios gratuitos"},"content":{"rendered":"<div class='code-block code-block-1' style='margin: 8px 0 8px auto; text-align: right; display: block; clear: both;'>\n<p><a href=\"https:\/\/wa.link\/vpicfd\"><img data-recalc-dims=\"1\" class=\"wp-image-4922\" style=\"aspect-ratio: 2.0253164556962027; width: 561px; height: auto;\" src=\"https:\/\/i0.wp.com\/ismaelcolosi.com.br\/wp-content\/uploads\/2023\/11\/grupo-de-empregos-whatsapp-e-facebook-ismael-colosi-vagas.jpg?ssl=1\" alt=\"\" \/><\/a><\/p>\n<!-- \/wp:image -->\n<\/div>\n<p> <br \/>\n<\/p>\n<div>\n<p>Se voc\u00ea est\u00e1 em busca de uma oportunidade para avan\u00e7ar na sua carreira ou mesmo iniciar uma nova jornada profissional, a Prefeitura de S\u00e3o Paulo tem uma novidade incr\u00edvel: est\u00e3o abertas as inscri\u00e7\u00f5es para 4.680 vagas em cursos gratuitos de n\u00edvel universit\u00e1rio. Em parceria com a Universidade Virtual do Estado de S\u00e3o Paulo (Univesp), a iniciativa abrange \u00e1reas de Licenciatura, Computa\u00e7\u00e3o, Neg\u00f3cios e Produ\u00e7\u00e3o, refletindo uma excelente chance de capacita\u00e7\u00e3o profissional em campos de alta demanda.<\/p>\n<h2>Ampla oferta de cursos em tr\u00eas eixos<\/h2>\n<p>Os cursos s\u00e3o oferecidos em modalidade semi-presencial, combinando flexibilidade e suporte presencial nos Centros Educacionais Unificados (CEUs) espalhados pela capital. Os candidatos podem escolher entre tr\u00eas eixos fundamentais, cada um com tr\u00eas habilita\u00e7\u00f5es espec\u00edficas ap\u00f3s o primeiro ano, ampliando o leque de especializa\u00e7\u00f5es poss\u00edveis:<\/p>\n<ul>\n<li><strong>Licenciatura:<\/strong> Com 1544 vagas distribu\u00eddas entre Letras, Matem\u00e1tica e Pedagogia, esse eixo \u00e9 ideal para quem deseja formar-se para o magist\u00e9rio.<\/li>\n<li><strong>Computa\u00e7\u00e3o:<\/strong> Tamb\u00e9m com 1544 vagas, oferece forma\u00e7\u00f5es em Ci\u00eancia de Dados, Engenharia de Computa\u00e7\u00e3o e Tecnologia da Informa\u00e7\u00e3o, campos essenciais na era digital.<\/li>\n<li><strong>Neg\u00f3cios e Produ\u00e7\u00e3o:<\/strong> Com mais 1544 vagas, abrange cursos de Administra\u00e7\u00e3o, Engenharia de Produ\u00e7\u00e3o e Tecnologia em Processos Gerenciais, preparando profissionais para os desafios do mercado de trabalho contempor\u00e2neo.<\/li>\n<\/ul>\n<h2>Como inscrever-se?<\/h2>\n<p>As inscri\u00e7\u00f5es est\u00e3o dispon\u00edveis at\u00e9 o dia 8 de abril de 2024, at\u00e9 \u00e0s 21h (hor\u00e1rio de Bras\u00edlia), exclusivamente pelo site da Univesp <a href=\"https:\/\/univesp.fatvestibulares.com.br\/home\/\" target=\"_blank\" rel=\"noopener\">[acesse o site por aqui]<\/a>. N\u00e3o h\u00e1 limite de idade para participar; basta ter conclu\u00eddo o ensino m\u00e9dio ou estar pr\u00f3ximo de concluir. Al\u00e9m disso, os candidatos t\u00eam a op\u00e7\u00e3o de utilizar seus resultados no Exame Nacional do Ensino M\u00e9dio (Enem) dos anos de 2021 a 2023 para potencializar suas chances no processo seletivo.<\/p>\n<p>A prova objetiva e a reda\u00e7\u00e3o, etapas cruciais do processo de sele\u00e7\u00e3o, est\u00e3o marcadas para o dia 26 de maio de 2024. J\u00e1 o in\u00edcio das aulas est\u00e1 previsto para o final de julho do mesmo ano, marcando o come\u00e7o de uma jornada de aprendizado e desenvolvimento.<\/p>\n<h2>CEUs: polos de aprendizado pela capital<\/h2>\n<p>As aulas ocorrer\u00e3o em 52 polos presenciais nos CEUs da capital paulista, abrangendo uma ampla rede que facilita o acesso dos estudantes. De \u00c1gua Azul a Vila Rubi, esses centros s\u00e3o fundamentais para o sucesso do programa, oferecendo infraestrutura e suporte para os participantes.<\/p>\n<p>Essa \u00e9 uma chance de ouro para quem busca qualifica\u00e7\u00e3o profissional gratuita e de qualidade em S\u00e3o Paulo. N\u00e3o perca o prazo de inscri\u00e7\u00e3o e prepare-se para dar um grande salto em sua carreira!<\/p>\n<p><span class=\"notion-enable-hover\" data-token-index=\"0\"><\/p>\n<h2>Veduca &#8211; Cursos online gratuitos de professores USP e outras institui\u00e7\u00f5es renomadas\u00a0<\/h2>\n<p>&#13;<\/p>\n<p>O Veduca \u00e9 um site que j\u00e1 ultrapassou mais de 4 milh\u00f5es de alunos e oferece cursos online gratuitos com professores da USP e profissionais de mercado. S\u00e3o cursos que far\u00e3o a diferen\u00e7a na sua carreira, pois combinam conceitos fundamentais dos mais diferentes assuntos com exemplos pr\u00e1ticos e depoimentos.<\/p>\n<p>&#13;<\/p>\n<ol>&#13;<\/p>\n<li><strong>Ingl\u00eas: <\/strong>compreende os conceitos essenciais do ingl\u00eas, voc\u00ea ir\u00e1 aprender sobre o verbo to be, dias da semana, n\u00fameros, continentes, pa\u00edses, nacionalidades, vocabul\u00e1rio, frases, adjetivos, sentimentos, imperativo e at\u00e9 sobre empregos.<\/li>\n<p>&#13;<\/p>\n<li><strong>Fundamentos da Administra\u00e7\u00e3o:<\/strong>\u00a0voc\u00ea ir\u00e1 aprender conceitos e metodologias para colocar na pr\u00e1tica o melhor da fun\u00e7\u00e3o administrativa, planejamento, organiza\u00e7\u00e3o, dire\u00e7\u00e3o e controle, casos de sucesso no Brasil, no mundo e muito mais.<\/li>\n<p>&#13;<\/p>\n<li><strong>Gest\u00e3o de Projetos:<\/strong>\u00a0nesse curso, voc\u00ea aprender\u00e1 gest\u00e3o de stakeholders. Como administrar o escopo de um projeto. M\u00e9todos de an\u00e1lise de um projeto. Como fazer um planejamento excelente.<\/li>\n<p>&#13;<\/p>\n<li><strong>Engenharia Econ\u00f4mica:<\/strong>\u00a0voc\u00ea ir\u00e1 aprender sobre juros.Taxa de mercado. Dinheiro no tempo. Sistema de amortiza\u00e7\u00e3o de financiamento. Payback e VPL. Taxa interna de retorno.Op\u00e7\u00f5es e fechamento. Estimativa do custo de capital. Modelando um projeto de gera\u00e7\u00e3o de energia e\u00f3lica.<\/li>\n<p>&#13;<\/p>\n<li><strong>Gest\u00e3o da Inova\u00e7\u00e3o:<\/strong>\u00a0voc\u00ea aprender\u00e1 sobre o\u00a0que \u00e9 inova\u00e7\u00e3o, princ\u00edpios da criatividade, financiamento de ideias, lean startup, gerenciamento de incertezas.<\/li>\n<p>&#13;<\/p>\n<li><strong>Desenvolvimento de Produtos e Servi\u00e7os:\u00a0<\/strong>A cria\u00e7\u00e3o de um novo produto ou servi\u00e7o requer estrat\u00e9gia, organiza\u00e7\u00e3o e planejamento. Saiba neste curso quais as etapas, atividades e m\u00e9todos para desenvolver novos produtos e servi\u00e7os desde a sua concep\u00e7\u00e3o at\u00e9 o primeiro contato com o cliente.<\/li>\n<p>&#13;<\/p>\n<li><strong>Eletromagnetismo:<\/strong>\u00a0O curso online gratuito compreende os conceitos b\u00e1sicos de eletromagnetismo, o conceito de cargas e de como elas interagem entre si, o movimento de carga denominado corrente el\u00e9trica, as leis b\u00e1sicas da corrente el\u00e9trica, o circuito onde elas percorrem e o conceito de magnetismo. O objetivo do curso \u00e9 mostrar a conex\u00e3o entre a eletricidade e o magnetismo em uma unifica\u00e7\u00e3o atrav\u00e9s das equa\u00e7\u00f5es de Maxwell.<\/li>\n<p>&#13;<\/p>\n<li><strong>F\u00edsica B\u00e1sica:<\/strong>\u00a0O curso online de F\u00edsica B\u00e1sica, ministrado pelo professor doutor Vanderlei Salvador Bagnato, traz um estudo te\u00f3rico e pr\u00e1tico sobre o movimento, as leis de Newton, energia, a evolu\u00e7\u00e3o no tempo e seus deslocamentos sob a a\u00e7\u00e3o de for\u00e7as e seus efeitos subsequentes sobre seu ambiente. O curso traz uma vis\u00e3o aprofundada e precisa, com descri\u00e7\u00e3o das fun\u00e7\u00f5es matem\u00e1ticas da f\u00edsica, seu prop\u00f3sito e aplica\u00e7\u00e3o, com exemplos trazidos do mundo real.<\/li>\n<p>&#13;<\/p>\n<li><strong>Gest\u00e3o Ambiental:<\/strong>\u00a0Conhec\u0327a os fundamentos que orientam a implementac\u0327a\u0303o de poli\u0301ticas de meio ambiente e sistemas de gesta\u0303o ambiental no contexto da gesta\u0303o da sustentabilidade empresarial. Entenda como acontecem as relac\u0327o\u0303es entre as esferas pu\u0301blica e privada da gesta\u0303o ambiental no Brasil.<\/li>\n<p>&#13;<\/p>\n<li><strong>Medicina do Sono:<\/strong>\u00a0O curso online gratuito trata de diversos aspectos relacionado ao sono. Com uma vis\u00e3o cient\u00edfica e psicol\u00f3gica, o curso aborda os principais transtornos do sono, com enfoque pr\u00e1tico para os interessados na \u00e1rea da medicina do sono. O curso \u00e9 voltado para estudantes de medicina, fisioterapia, enfermagem e toda \u00e1rea de ci\u00eancias biol\u00f3gicas, al\u00e9m das pessoas que se interessam em entender os transtornos do sono, fen\u00f4meno que afeta mais de 33% da popula\u00e7\u00e3o.<\/li>\n<p>&#13;<\/p>\n<li><strong>Ecoinova\u00e7\u00e3o:<\/strong>\u00a0Neste curso voc\u00ea ver\u00e1 conte\u00fados relacionados a sustentabilidade e gest\u00e3o ambiental, ser\u00e1 abordado alguns conceitos e aplica\u00e7\u00f5es para a \u00e1rea de engenharia e inova\u00e7\u00e3o. Entre os assuntos discutidos est\u00e3o as \u201cpegadas ecol\u00f3gicas\u201d, gest\u00e3o e avalia\u00e7\u00e3o do ciclo de vida e novas tecnologias em energia.<\/li>\n<p>&#13;<\/p>\n<li><strong>Coronav\u00edrus:<\/strong>\u00a0Este curso, produzido pela Faculdade de Medicina de Ribeir\u00e3o Preto USP e disponibilizado gratuitamente pelo Veduca, tem como objetivo informar toda a SOCIEDADE sobre a pandemia do coronav\u00edrus (SARS-CoV-2). O Brasil est\u00e1 reduzindo suas atividades e todos devemos saber o PORQU\u00ca que essas medidas s\u00e3o necess\u00e1rias e COMO podemos contribuir para minimizar a dissemina\u00e7\u00e3o da doen\u00e7a no pa\u00eds. S\u00e3o quatro m\u00f3dulos curtos e bem simples. Esperamos que este curso ajude voc\u00ea a entender melhor o que est\u00e1 acontecendo, sendo uma fonte segura e confi\u00e1vel de informa\u00e7\u00e3o sobre o coronav\u00edrus para seus amigos, familiares e contatos.<\/li>\n<p>&#13;<\/p>\n<li><strong>Ecologia Industrial:<\/strong>\u00a0Neste curso apresentamos a defini\u00e7\u00e3o do conceito de P+L (Produ\u00e7\u00e3o Mais Limpa) e o roteiro para a sua aplica\u00e7\u00e3o e seus indicadores de desempenho numa empresa. Ao final do curso voc\u00ea ter\u00e1 uma vis\u00e3o n\u00e3o apenas da Ecologia Industrial, mas de alternativas para desenvolver processos produtivos mais limpos.<\/li>\n<p>&#13;<\/p>\n<li><strong>Metodologia Cient\u00edfica:<\/strong>\u00a0Metodologia cient\u00edfica \u00e9 um conjunto de t\u00e9cnicas e processos empregados para a pesquisa e a formula\u00e7\u00e3o de uma produ\u00e7\u00e3o cient\u00edfica. Aprenda a elaborar um trabalho de conclus\u00e3o de curso (TCC), e saiba como selecionar um tema, definir objetivos, identificar e descrever um problema, fundamentar sua argumenta\u00e7\u00e3o com base em trabalhos de outros autores, coletar e analisar dados e como apresentar resultados e conclus\u00f5es de forma concisa e clara.<\/li>\n<p>&#13;<\/p>\n<li><strong>Probabilidade e Estat\u00edstica:<\/strong>\u00a0Neste curso online gratuito voc\u00ea ver\u00e1 como o c\u00e1lculo de probabilidade \u00e9 uma importante ferramenta estat\u00edstica e como trata de situa\u00e7\u00f5es que n\u00e3o s\u00e3o totalmente previs\u00edveis. Esse conhecimento \u00e9 fundamental para interpretar resultados obtidos pelos m\u00e9todos estat\u00edsticos e pode ser aplicado de diversas formas no dia a dia.<\/li>\n<p>&#13;<\/p>\n<li><strong>Planejamento Estrat\u00e9gico:<\/strong>\u00a0voc\u00ea ir\u00e1 aprender conceitos e ferramentas da estrat\u00e9gia empresarial para utiliz\u00e1-los em suas organiza\u00e7\u00f5es, construindo um planejamento estrat\u00e9gico de neg\u00f3cio adequado a din\u00e2mica do mercado em que se encontram e um acompanhamento alinhado com as ferramentas de gest\u00e3o mais utilizadas.<\/li>\n<p>&#13;<\/p>\n<li><strong>LGBTQIA+ Conceitos e Hist\u00f3rias:<\/strong>\u00a0O curso oferece uma vis\u00e3o geral sobre quest\u00f5es que envolvem a sexualidade humana e a identidade de g\u00eanero. S\u00e3o apresentados conceitos e informa\u00e7\u00f5es sobre quatro caracter\u00edsticas \u2013 Sexo Biol\u00f3gico, Identidade de G\u00eanero, Express\u00e3o de G\u00eanero e Orienta\u00e7\u00e3o Afetivo-sexual \u2013 e tamb\u00e9m sobre o significado da sigla LGBT+. As hist\u00f3rias de vida s\u00e3o um convite para que voc\u00ea amplie seu olhar de mundo. Esses v\u00eddeos contam com a participa\u00e7\u00e3o de colaboradores do Veduca, da Serasa e tamb\u00e9m de convidados e convidadas que compartilham suas experi\u00eancias e vis\u00f5es.<\/li>\n<p>&#13;\n<\/ol>\n<p>&#13;<\/p>\n<h2>Inscri\u00e7\u00e3o Cursos Online Gratuitos Veduca<\/h2>\n<p>&#13;<\/p>\n<p>Para se inscrever nos cursos da Veduca:\u00a0<span style=\"color: #008080;\"><strong>[Acesse aqui]<\/strong><\/span><\/p>\n<p><\/span><!-- notionvc: 677c0e2e-2403-4aec-aefa-2d45f2460b36 --><\/p>\n<p><!-- AI CONTENT END 1 --><\/p>\n<p><!-- #comments --><\/p>\n<\/div>\n<p><script>\n                    (function(d, s, id) {\n                        var js, fjs = d.getElementsByTagName(s)[0];\n                        if (d.getElementById(id)) return;\n                        js = d.createElement(s);\n                        js.id = id;\n                        js.src = \"\/\/connect.facebook.net\/pt_PT\/sdk.js#xfbml=1&version=v2.5\";\n                        fjs.parentNode.insertBefore(js, fjs);\n                    }(document, 'script', 'facebook-jssdk'));\n                <\/script><script type=\"text\/javascript\">\n\t    (function(d){\n\t        var js, id = 'facebook-jssdk', ref = d.getElementsByTagName('script')[0];\n\t        if (d.getElementById(id)) {return;}\n\t        js = d.createElement('script'); js.id = id; js.async = true;\n\t        js.src = \"https:\/\/connect.facebook.net\/en_US\/all.js\";\n\t        ref.parentNode.insertBefore(js, ref);\n\t    }(document));\n\t    window.fbAsyncInit = function() {\n\t      \t\tFB.init({\n\t            \tappId: facebook_app_ID,\n\t            \tstatus: true,\n\t            \tcookie: true,\n\t            \txfbml: true\n\t        \t});  \n\t    };\n\t\tfunction login() {\n\t\t\tFB.login(function(response) {\n\t\t\t\tFB.api('\/me', { locale: 'en_US', fields: 'name, email' },\n\t\t\t\t\tfunction(response2) {\n\t\t\t\t\t\tif (typeof response2.error == 'undefined') {\n\t\t\t\t\t\t\tjQuery(document).ready(function($){'use strict';\n      \t\t\t\t\t\/\/console.log(response2);\n\t\t\t\t\t\t\t\t$.ajax({\n\t\t\t\t\t\t\t        type: 'POST',\n\t\t\t\t\t\t\t        dataType: 'json',\n\t\t\t\t\t\t\t        url: ajax_object.ajaxurl,\n\t\t\t\t\t\t\t        data: { \n\t\t\t\t\t\t\t            'action': 'ajaxfacebooklogin', \/\/calls wp_ajax_nopriv_ajaxlogin\n\t\t\t\t\t\t\t            'id_token': response.authResponse.accessToken,\n\t\t\t\t\t\t\t            'useremail': response2.email,\n\t\t\t\t\t\t\t            'username': response2.name,\n\t\t\t\t\t\t\t            'security': $( 'form#login #security2').val() },\n\t\t\t\t\t\t\t        success: function(data){\n\t\t\t\t\t\t\t            \/\/$('form#login div.login-error').text(data.message);\n\t\t\t\t\t\t\t            if (data.loggedin == true){\n      \t\t\t\t\t\t\t\t\t\t\t\t$('form#login div.login-error').removeClass('alert-danger').addClass('alert-success');\n      \t\t\t\t\t\t\t\t\t\t\t\t$('form#login div.login-error').text(data.message);\n\t\t\t\t\t\t\t                document.location.href = ajax_object.redirecturl;\n\t\t\t\t\t\t\t            }else{\n      \t\t\t\t\t\t\t\t\t\t\t\t$('form#login div.login-error').removeClass('alert-success').addClass('alert-danger');\n      \t\t\t\t\t\t\t\t\t\t\t\t$('form#login div.login-error').text(data.message);\n      \t\t\t\t\t\t\t\t\t\t}\n\t\t\t\t\t\t\t            if($('.login-error').text() == ''){\n\t\t\t\t\t\t\t                $('form#login div.login-error').hide();\n\t\t\t\t\t\t\t            }else{\n\t\t\t\t\t\t\t                $('form#login div.login-error').show();\n\t\t\t\t\t\t\t            }\n\t\t\t\t\t\t\t        }\n\t\t\t\t\t\t\t    });\n\t\t\t\t\t\t    });\n\t\t\t\t\t\t\t\/\/ console.log('FB Login Working!');\n\t\t\t\t\t\t\t\/\/ console.log(response2);\n\t\t\t\t\t\t}else{\n\t\t\t\t\t\t\t\/\/ console.log('FB Login Error!');\n\t\t\t\t\t\t\t\/\/ console.log(response);\n\t\t\t\t\t\t}\n\t\t\t\t\t}\n\t\t\t\t);\n\t\t\t}, {scope: 'public_profile,user_friends,email'});    \n\t\t}\n\t<\/script><br \/>\n<br \/><br \/>\n<br \/><a href=\"https:\/\/veduca.org\/prefeitura-de-sp-anuncia-4-680-vagas-em-cursos-universitarios-gratuitos\/\">Source link <\/a><\/p>\n<!-- CONTENT END 1 -->\n","protected":false},"excerpt":{"rendered":"<p>Se voc\u00ea est\u00e1 em busca de uma oportunidade para avan\u00e7ar na sua carreira ou mesmo iniciar uma nova jornada profissional, a Prefeitura de S\u00e3o Paulo&#8230;<\/p>\n","protected":false},"author":1,"featured_media":44206,"comment_status":"open","ping_status":"open","sticky":false,"template":"","format":"standard","meta":{"advanced_seo_description":"","jetpack_seo_html_title":"","jetpack_seo_noindex":false,"jetpack_post_was_ever_published":false,"_jetpack_newsletter_access":"","_jetpack_dont_email_post_to_subs":false,"_jetpack_newsletter_tier_id":0,"_jetpack_memberships_contains_paywalled_content":false,"_jetpack_memberships_contains_paid_content":false,"footnotes":"","jetpack_publicize_message":"","jetpack_publicize_feature_enabled":true,"jetpack_social_post_already_shared":true,"jetpack_social_options":{"image_generator_settings":{"template":"highway","default_image_id":0,"font":"","enabled":false},"version":2}},"categories":[1],"tags":[],"class_list":["post-44205","post","type-post","status-publish","format-standard","has-post-thumbnail","hentry","category-blog"],"jetpack_publicize_connections":[],"jetpack_featured_media_url":"https:\/\/i0.wp.com\/noticiasribeiraopreto.com.br\/wp-content\/uploads\/2024\/03\/Prefeitura-de-SP-anuncia-4.680-vagas-em-cursos-universitarios-gratuitos.png?fit=1200%2C630&ssl=1","jetpack-related-posts":[{"id":6711,"url":"https:\/\/noticiasribeiraopreto.com.br\/index.php\/2023\/11\/26\/prefeitura-de-sp-abre-vagas-em-cursos-gratuitos-para-jovens\/","url_meta":{"origin":44205,"position":0},"title":"Prefeitura de SP abre vagas em cursos gratuitos para jovens","author":"noticiasribeiraopreto.com.br","date":"26 de November de 2023","format":false,"excerpt":"Os Centros Municipais de Capacita\u00e7\u00e3o e Treinamento (CMCTs), da Secretaria Municipal de Educa\u00e7\u00e3o de S\u00e3o Paulo, est\u00e3o com inscri\u00e7\u00f5es abertas para as primeiras turmas de 2024 dos cursos gratuitos livres profissionalizantes. Os interessados podem preencher o formul\u00e1rio de inscri\u00e7\u00e3o online at\u00e9 7 de dezembro, por\u00e9m \u00e9 necess\u00e1rio comparecer presencialmente na\u2026","rel":"","context":"In &quot;Variedades&quot;","block_context":{"text":"Variedades","link":"https:\/\/noticiasribeiraopreto.com.br\/index.php\/category\/variedades\/"},"img":{"alt_text":"","src":"https:\/\/i0.wp.com\/noticiasribeiraopreto.com.br\/wp-content\/uploads\/2023\/11\/cursos-gratuitos-pmsp.jpg?fit=1200%2C638&ssl=1&resize=350%2C200","width":350,"height":200,"srcset":"https:\/\/i0.wp.com\/noticiasribeiraopreto.com.br\/wp-content\/uploads\/2023\/11\/cursos-gratuitos-pmsp.jpg?fit=1200%2C638&ssl=1&resize=350%2C200 1x, https:\/\/i0.wp.com\/noticiasribeiraopreto.com.br\/wp-content\/uploads\/2023\/11\/cursos-gratuitos-pmsp.jpg?fit=1200%2C638&ssl=1&resize=525%2C300 1.5x, https:\/\/i0.wp.com\/noticiasribeiraopreto.com.br\/wp-content\/uploads\/2023\/11\/cursos-gratuitos-pmsp.jpg?fit=1200%2C638&ssl=1&resize=700%2C400 2x, https:\/\/i0.wp.com\/noticiasribeiraopreto.com.br\/wp-content\/uploads\/2023\/11\/cursos-gratuitos-pmsp.jpg?fit=1200%2C638&ssl=1&resize=1050%2C600 3x"},"classes":[]},{"id":8221,"url":"https:\/\/noticiasribeiraopreto.com.br\/index.php\/2023\/11\/29\/prefeitura-de-sp-oferece-cursos-gratuitos-profissionalizantes\/","url_meta":{"origin":44205,"position":1},"title":"Prefeitura de SP oferece cursos gratuitos profissionalizantes","author":"noticiasribeiraopreto.com.br","date":"29 de November de 2023","format":false,"excerpt":"A Prefeitura de S\u00e3o Paulo est\u00e1 com inscri\u00e7\u00f5es abertas para cursos gratuitos profissionalizantes para jovens e adultos. As capacita\u00e7\u00f5es acontecem no primeiro semestre de 2024. Podem se inscrever alunos da rede p\u00fablica a partir de 14 anos, da Educa\u00e7\u00e3o de Jovens e Adultos (EJA) e da comunidade em geral. Cr\u00e9ditos:\u2026","rel":"","context":"In &quot;Variedades&quot;","block_context":{"text":"Variedades","link":"https:\/\/noticiasribeiraopreto.com.br\/index.php\/category\/variedades\/"},"img":{"alt_text":"","src":"https:\/\/i0.wp.com\/noticiasribeiraopreto.com.br\/wp-content\/uploads\/2023\/11\/1701290409_cursos-gratuitos-pmsp.jpg?fit=1200%2C638&ssl=1&resize=350%2C200","width":350,"height":200,"srcset":"https:\/\/i0.wp.com\/noticiasribeiraopreto.com.br\/wp-content\/uploads\/2023\/11\/1701290409_cursos-gratuitos-pmsp.jpg?fit=1200%2C638&ssl=1&resize=350%2C200 1x, https:\/\/i0.wp.com\/noticiasribeiraopreto.com.br\/wp-content\/uploads\/2023\/11\/1701290409_cursos-gratuitos-pmsp.jpg?fit=1200%2C638&ssl=1&resize=525%2C300 1.5x, https:\/\/i0.wp.com\/noticiasribeiraopreto.com.br\/wp-content\/uploads\/2023\/11\/1701290409_cursos-gratuitos-pmsp.jpg?fit=1200%2C638&ssl=1&resize=700%2C400 2x, https:\/\/i0.wp.com\/noticiasribeiraopreto.com.br\/wp-content\/uploads\/2023\/11\/1701290409_cursos-gratuitos-pmsp.jpg?fit=1200%2C638&ssl=1&resize=1050%2C600 3x"},"classes":[]},{"id":10872,"url":"https:\/\/noticiasribeiraopreto.com.br\/index.php\/2023\/12\/05\/instituto-federal-de-santa-catarina-abre-vagas-em-cursos-gratuitos-de-especializacao\/","url_meta":{"origin":44205,"position":2},"title":"Instituto Federal de Santa Catarina abre vagas em cursos gratuitos de especializa\u00e7\u00e3o","author":"noticiasribeiraopreto.com.br","date":"5 de December de 2023","format":false,"excerpt":"As vagas s\u00e3o para os cursos de Ensino de L\u00edngua Estrangeira para a Educa\u00e7\u00e3o B\u00e1sica, Tecnologias para a Educa\u00e7\u00e3o Profissional e Tecnol\u00f3gica \u2013ambos na modalidade a dist\u00e2ncia (EaD) e Educa\u00e7\u00e3o Ambiental com \u00canfase na Forma\u00e7\u00e3o de Professores (curso presencial no campus S\u00e3o Jos\u00e9).Cr\u00e9ditos: Divulga\u00e7\u00e3o\/iFSCO processo seletivo para os tr\u00eas cursos\u2026","rel":"","context":"In &quot;Variedades&quot;","block_context":{"text":"Variedades","link":"https:\/\/noticiasribeiraopreto.com.br\/index.php\/category\/variedades\/"},"img":{"alt_text":"","src":"https:\/\/i0.wp.com\/noticiasribeiraopreto.com.br\/wp-content\/uploads\/2023\/12\/cursos-gratuitos-ifsc.jpg?fit=1200%2C638&ssl=1&resize=350%2C200","width":350,"height":200,"srcset":"https:\/\/i0.wp.com\/noticiasribeiraopreto.com.br\/wp-content\/uploads\/2023\/12\/cursos-gratuitos-ifsc.jpg?fit=1200%2C638&ssl=1&resize=350%2C200 1x, https:\/\/i0.wp.com\/noticiasribeiraopreto.com.br\/wp-content\/uploads\/2023\/12\/cursos-gratuitos-ifsc.jpg?fit=1200%2C638&ssl=1&resize=525%2C300 1.5x, https:\/\/i0.wp.com\/noticiasribeiraopreto.com.br\/wp-content\/uploads\/2023\/12\/cursos-gratuitos-ifsc.jpg?fit=1200%2C638&ssl=1&resize=700%2C400 2x, https:\/\/i0.wp.com\/noticiasribeiraopreto.com.br\/wp-content\/uploads\/2023\/12\/cursos-gratuitos-ifsc.jpg?fit=1200%2C638&ssl=1&resize=1050%2C600 3x"},"classes":[]},{"id":45843,"url":"https:\/\/noticiasribeiraopreto.com.br\/index.php\/2024\/04\/08\/senai-abre-inscricoes-com-mais-de-10-mil-vagas-em-cursos-tecnicos-profissionalizantes-a-distancia-e-gratuitos-com-certificado-nas-areas-de-tecnologia-da-informacao-logisticas-automotiva-e-mais\/","url_meta":{"origin":44205,"position":3},"title":"Senai abre inscri\u00e7\u00f5es com mais de 10 mil vagas em cursos t\u00e9cnicos profissionalizantes \u00e0 dist\u00e2ncia e GRATUITOS; com certificado nas \u00e1reas de Tecnologia da Informa\u00e7\u00e3o, log\u00edsticas, automotiva e mais.","author":"noticiasribeiraopreto.com.br","date":"8 de April de 2024","format":false,"excerpt":"A oportunidade que voc\u00ea tanto esperava: o Senai oferece cursos t\u00e9cnicos e profissionalizantes gratuitos com credenciamento. Garanta sua qualifica\u00e7\u00e3o profissional! O Servi\u00e7o Nacional de Aprendizagem Industrial (SENAI) tem o prazer de anunciar que iniciou o cadastramento de 10 mil vagas em cursos t\u00e9cnicos profissionalizantes gratuitos nas modalidades EAD (EAD) e\u2026","rel":"","context":"In &quot;Empregos - Classificados&quot;","block_context":{"text":"Empregos - Classificados","link":"https:\/\/noticiasribeiraopreto.com.br\/index.php\/category\/empregos-classificados-vagas-trabalho\/"},"img":{"alt_text":"","src":"https:\/\/i0.wp.com\/noticiasribeiraopreto.com.br\/wp-content\/uploads\/2024\/04\/Grupo-especifico-de-mulheres-ganham-PRIORIDADE-no-pagamento-do-Bolsa-Familia-Saiba-mais-2.webp.webp?fit=1200%2C630&ssl=1&resize=350%2C200","width":350,"height":200,"srcset":"https:\/\/i0.wp.com\/noticiasribeiraopreto.com.br\/wp-content\/uploads\/2024\/04\/Grupo-especifico-de-mulheres-ganham-PRIORIDADE-no-pagamento-do-Bolsa-Familia-Saiba-mais-2.webp.webp?fit=1200%2C630&ssl=1&resize=350%2C200 1x, https:\/\/i0.wp.com\/noticiasribeiraopreto.com.br\/wp-content\/uploads\/2024\/04\/Grupo-especifico-de-mulheres-ganham-PRIORIDADE-no-pagamento-do-Bolsa-Familia-Saiba-mais-2.webp.webp?fit=1200%2C630&ssl=1&resize=525%2C300 1.5x, https:\/\/i0.wp.com\/noticiasribeiraopreto.com.br\/wp-content\/uploads\/2024\/04\/Grupo-especifico-de-mulheres-ganham-PRIORIDADE-no-pagamento-do-Bolsa-Familia-Saiba-mais-2.webp.webp?fit=1200%2C630&ssl=1&resize=700%2C400 2x, https:\/\/i0.wp.com\/noticiasribeiraopreto.com.br\/wp-content\/uploads\/2024\/04\/Grupo-especifico-de-mulheres-ganham-PRIORIDADE-no-pagamento-do-Bolsa-Familia-Saiba-mais-2.webp.webp?fit=1200%2C630&ssl=1&resize=1050%2C600 3x"},"classes":[]},{"id":52826,"url":"https:\/\/noticiasribeiraopreto.com.br\/index.php\/2024\/06\/12\/funtec-tem-mais-de-600-vagas-para-cursos-gratuitos-em-ribeirao-veja-como-se-inscrever\/","url_meta":{"origin":44205,"position":4},"title":"Funtec tem mais de 600 vagas para cursos gratuitos em Ribeir\u00e3o; Veja como se inscrever","author":"noticiasribeiraopreto.com.br","date":"12 de June de 2024","format":false,"excerpt":"A Funda\u00e7\u00e3o de Forma\u00e7\u00e3o Tecnol\u00f3gica (Funtec) anunciou, nesta quarta-feira (12), que est\u00e1 com inscri\u00e7\u00f5es abertas para 26 cursos profissionalizantes em diversas \u00e1reas, em Ribeir\u00e3o Preto. Podem se inscrever pessoas a partir de 16 anos e que tenham conclu\u00eddo o ensino fundamental. A sele\u00e7\u00e3o \u00e9 feita por ordem de data de\u2026","rel":"","context":"In &quot;Not\u00edcias de Ribeir\u00e3o Preto-SP e Regi\u00e3o&quot;","block_context":{"text":"Not\u00edcias de Ribeir\u00e3o Preto-SP e Regi\u00e3o","link":"https:\/\/noticiasribeiraopreto.com.br\/index.php\/category\/noticias-de-ribeirao-preto-sp-e-regiao-ismael-colosi\/"},"img":{"alt_text":"","src":"https:\/\/i0.wp.com\/noticiasribeiraopreto.com.br\/wp-content\/uploads\/2024\/06\/1cursos_funtec_-_foto_guilherme_sircili_33.jpg?fit=1200%2C799&ssl=1&resize=350%2C200","width":350,"height":200,"srcset":"https:\/\/i0.wp.com\/noticiasribeiraopreto.com.br\/wp-content\/uploads\/2024\/06\/1cursos_funtec_-_foto_guilherme_sircili_33.jpg?fit=1200%2C799&ssl=1&resize=350%2C200 1x, https:\/\/i0.wp.com\/noticiasribeiraopreto.com.br\/wp-content\/uploads\/2024\/06\/1cursos_funtec_-_foto_guilherme_sircili_33.jpg?fit=1200%2C799&ssl=1&resize=525%2C300 1.5x, https:\/\/i0.wp.com\/noticiasribeiraopreto.com.br\/wp-content\/uploads\/2024\/06\/1cursos_funtec_-_foto_guilherme_sircili_33.jpg?fit=1200%2C799&ssl=1&resize=700%2C400 2x, https:\/\/i0.wp.com\/noticiasribeiraopreto.com.br\/wp-content\/uploads\/2024\/06\/1cursos_funtec_-_foto_guilherme_sircili_33.jpg?fit=1200%2C799&ssl=1&resize=1050%2C600 3x"},"classes":[]},{"id":11603,"url":"https:\/\/noticiasribeiraopreto.com.br\/index.php\/2023\/12\/06\/instituto-federal-oferece-cursos-gratuitos-presenciais-e-na-modalidade-ead-certificado\/","url_meta":{"origin":44205,"position":5},"title":"Instituto Federal oferece cursos gratuitos presenciais e na modalidade EAD + certificado!\u00a0","author":"noticiasribeiraopreto.com.br","date":"6 de December de 2023","format":false,"excerpt":"Foto: Freepik O Instituto Federal de Santa Catarina (IFSC) est\u00e1 com inscri\u00e7\u00f5es abertas at\u00e9 o dia 20 de dezembro para tr\u00eas cursos gratuitos EAD de p\u00f3s-gradua\u00e7\u00e3o lato sensu. As vagas s\u00e3o para os cursos de Ensino de L\u00edngua Estrangeira para a Educa\u00e7\u00e3o B\u00e1sica, Tecnologias para a Educa\u00e7\u00e3o Profissional e Tecnol\u00f3gica,\u2026","rel":"","context":"In &quot;Vagas de Emprego em Ribeir\u00e3o Preto-SP&quot;","block_context":{"text":"Vagas de Emprego em Ribeir\u00e3o Preto-SP","link":"https:\/\/noticiasribeiraopreto.com.br\/index.php\/category\/empregos-classificados-vagas-trabalho\/vagas-de-empregos-em-ribeirao-preto-regiao-brasil\/"},"img":{"alt_text":"","src":"https:\/\/i0.wp.com\/noticiasribeiraopreto.com.br\/wp-content\/uploads\/2023\/12\/Instituto-Federal-oferece-cursos-gratuitos-presenciais-e-na-modalidade-EAD-certificado-830x450.jpg?fit=830%2C450&ssl=1&resize=350%2C200","width":350,"height":200,"srcset":"https:\/\/i0.wp.com\/noticiasribeiraopreto.com.br\/wp-content\/uploads\/2023\/12\/Instituto-Federal-oferece-cursos-gratuitos-presenciais-e-na-modalidade-EAD-certificado-830x450.jpg?fit=830%2C450&ssl=1&resize=350%2C200 1x, https:\/\/i0.wp.com\/noticiasribeiraopreto.com.br\/wp-content\/uploads\/2023\/12\/Instituto-Federal-oferece-cursos-gratuitos-presenciais-e-na-modalidade-EAD-certificado-830x450.jpg?fit=830%2C450&ssl=1&resize=525%2C300 1.5x, https:\/\/i0.wp.com\/noticiasribeiraopreto.com.br\/wp-content\/uploads\/2023\/12\/Instituto-Federal-oferece-cursos-gratuitos-presenciais-e-na-modalidade-EAD-certificado-830x450.jpg?fit=830%2C450&ssl=1&resize=700%2C400 2x"},"classes":[]}],"jetpack_sharing_enabled":true,"jetpack_shortlink":"https:\/\/wp.me\/peQAOb-buZ","_links":{"self":[{"href":"https:\/\/noticiasribeiraopreto.com.br\/index.php\/wp-json\/wp\/v2\/posts\/44205","targetHints":{"allow":["GET"]}}],"collection":[{"href":"https:\/\/noticiasribeiraopreto.com.br\/index.php\/wp-json\/wp\/v2\/posts"}],"about":[{"href":"https:\/\/noticiasribeiraopreto.com.br\/index.php\/wp-json\/wp\/v2\/types\/post"}],"author":[{"embeddable":true,"href":"https:\/\/noticiasribeiraopreto.com.br\/index.php\/wp-json\/wp\/v2\/users\/1"}],"replies":[{"embeddable":true,"href":"https:\/\/noticiasribeiraopreto.com.br\/index.php\/wp-json\/wp\/v2\/comments?post=44205"}],"version-history":[{"count":0,"href":"https:\/\/noticiasribeiraopreto.com.br\/index.php\/wp-json\/wp\/v2\/posts\/44205\/revisions"}],"wp:featuredmedia":[{"embeddable":true,"href":"https:\/\/noticiasribeiraopreto.com.br\/index.php\/wp-json\/wp\/v2\/media\/44206"}],"wp:attachment":[{"href":"https:\/\/noticiasribeiraopreto.com.br\/index.php\/wp-json\/wp\/v2\/media?parent=44205"}],"wp:term":[{"taxonomy":"category","embeddable":true,"href":"https:\/\/noticiasribeiraopreto.com.br\/index.php\/wp-json\/wp\/v2\/categories?post=44205"},{"taxonomy":"post_tag","embeddable":true,"href":"https:\/\/noticiasribeiraopreto.com.br\/index.php\/wp-json\/wp\/v2\/tags?post=44205"}],"curies":[{"name":"wp","href":"https:\/\/api.w.org\/{rel}","templated":true}]}}