{"id":44247,"date":"2024-03-26T18:20:02","date_gmt":"2024-03-26T21:20:02","guid":{"rendered":"https:\/\/noticiasribeiraopreto.com.br\/index.php\/2024\/03\/26\/definida-empresa-que-continuara-as-obras-da-avenida-nove-de-julho-em-ribeirao-preto\/"},"modified":"2024-03-26T18:20:02","modified_gmt":"2024-03-26T21:20:02","slug":"definida-empresa-que-continuara-as-obras-da-avenida-nove-de-julho-em-ribeirao-preto","status":"publish","type":"post","link":"https:\/\/noticiasribeiraopreto.com.br\/index.php\/2024\/03\/26\/definida-empresa-que-continuara-as-obras-da-avenida-nove-de-julho-em-ribeirao-preto\/","title":{"rendered":"Definida empresa que continuar\u00e1 as obras da avenida Nove de Julho em Ribeir\u00e3o Preto"},"content":{"rendered":"<div class='code-block code-block-1' style='margin: 8px 0 8px auto; text-align: right; display: block; clear: both;'>\n<p><a href=\"https:\/\/wa.link\/vpicfd\"><img data-recalc-dims=\"1\" class=\"wp-image-4922\" style=\"aspect-ratio: 2.0253164556962027; width: 561px; height: auto;\" src=\"https:\/\/i0.wp.com\/ismaelcolosi.com.br\/wp-content\/uploads\/2023\/11\/grupo-de-empregos-whatsapp-e-facebook-ismael-colosi-vagas.jpg?ssl=1\" alt=\"\" \/><\/a><\/p>\n<!-- \/wp:image -->\n<\/div>\n<p> <br \/>\n<\/p>\n<div data-td-block-uid=\"tdi_101\">\n<div class=\"tdb-block-inner td-fix-index\">\n<p>Foi publicado no <strong>Di\u00e1rio Oficial do Munic\u00edpio<\/strong> desta ter\u00e7a-feira (26), a <strong>homologa\u00e7\u00e3o da licita\u00e7\u00e3o<\/strong> para as <span style=\"background-color:#f7cc62\" class=\"td_text_highlight_marker\"><mark style=\"background-color:rgba(0, 0, 0, 0)\" class=\"has-inline-color has-black-color\">obras de revitaliza\u00e7\u00e3o e implanta\u00e7\u00e3o do corredor de \u00f4nibus da avenida Nove de Julho, paradas desde dezembro do ano passado<\/mark><\/span>. A empresa vencedora que retomar\u00e1 os servi\u00e7os no local \u00e9 a <strong>Era-T\u00e9cnica Engenharia Constru\u00e7\u00f5es e Servi\u00e7os Ltda<\/strong>, com sede em S\u00e3o Paulo.<\/p>\n<p>De acordo com a<strong> publica\u00e7\u00e3o<\/strong>, o <strong>valor do contrato apresentado pela empresa \u00e9 de R$ 32.411.776,19.<\/strong> <\/p>\n<p><strong>Ainda n\u00e3o foi definida a data do in\u00edcio das obras<\/strong>, por\u00e9m, <strong>o prazo para execu\u00e7\u00e3o nessa nova licita\u00e7\u00e3o \u00e9 de 12 meses<\/strong>, a contar da emiss\u00e3o da Ordem de Servi\u00e7o que ser\u00e1 emitida pela Secretaria de Obras P\u00fablicas.<\/p>\n<h4 class=\"wp-block-heading\"><strong>Sobre as obras na Nove de Julho<\/strong><\/h4>\n<p>As obras de revitaliza\u00e7\u00e3o e restaura\u00e7\u00e3o da avenida come\u00e7aram no meio do ano de 2023.<\/p>\n<p>Com o atraso na entrega dos servi\u00e7os prestados \u2013 o que provocou transtornos para comerciantes, moradores, pedestres e motoristas \u2013 a\u00a0<strong>Prefeitura rompeu o contrato com a construtora Metropolitana em dezembro do ano passado<\/strong>.<\/p>\n<p>Ainda em dezembro de 2023, a prefeitura anunciou que a segunda empresa vencedora na disputa n\u00e3o iria assumir as obras e que\u00a0<strong>uma nova licita\u00e7\u00e3o teria que ser feita<\/strong>.<\/p>\n<p>Em<strong>\u00a0janeiro deste ano<\/strong>, a prefeitura anunciou diversas\u00a0<strong>medidas emergenciais<\/strong>\u00a0para diminuir os problemas no local.<\/p>\n<p>No dia 7 de fevereiro, a\u00a0<strong>Prefeitura\u00a0<\/strong>passou a cobrar pela\u00a0<strong>\u00c1rea Azul Digital\u00a0<\/strong>no local.<\/p>\n<p>SAIBA MAIS <\/p>\n<p>Veja qual \u00e9 a regi\u00e3o de Ribeir\u00e3o Preto com os alimentos mais baratos<\/p>\n<h4 class=\"wp-block-heading\"><strong>FIQUE ON<\/strong><\/h4>\n<p>Fique ligado em tudo que acontece em Ribeir\u00e3o Preto e regi\u00e3o. Siga os perfis do\u00a0<strong>acidade on\u00a0<\/strong>no\u00a0<a href=\"https:\/\/www.instagram.com\/acidadeonribeirao\" target=\"_blank\" rel=\"noreferrer noopener\">Instagram<\/a>\u00a0e no<a href=\"https:\/\/www.facebook.com\/acidadeonribeirao\" target=\"_blank\" rel=\"noreferrer noopener\">\u00a0Facebook<\/a>.<\/p>\n<p>Receba not\u00edcias do\u00a0<strong>acidade on\u00a0<\/strong>no WhatsApp.\u00a0<a href=\"https:\/\/chat.whatsapp.com\/GFH9HUMUTHNFJdnyEd0xxq\" target=\"_blank\" rel=\"noreferrer noopener\">Para entrar no grupo, basta clicar aqui.<\/a><\/p>\n<p>Fa\u00e7a uma den\u00fancia ou sugira uma reportagem sobre Ribeir\u00e3o Preto e regi\u00e3o pelo WhatsApp: 16 99117 7802.<\/p>\n<p>VEJA TAMB\u00c9M<\/p>\n<p>Eliminado da semana no BBB 24 estar\u00e1 no Doming\u00e3o?<\/p>\n<p><!-- AI CONTENT END 1 -->\n<\/div>\n<\/div>\n<p><script async src=\"\/\/www.instagram.com\/embed.js\"><\/script><br \/>\n<br \/><br \/>\n<br \/><a href=\"https:\/\/www.acidadeon.com\/ribeiraopreto\/politica\/definida-empresa-que-continuara-as-obras-da-avenida-nove-de-julho-em-ribeirao-preto\/\">Source link <\/a><\/p>\n<!-- CONTENT END 1 -->\n","protected":false},"excerpt":{"rendered":"<p>Foi publicado no Di\u00e1rio Oficial do Munic\u00edpio desta ter\u00e7a-feira (26), a homologa\u00e7\u00e3o da licita\u00e7\u00e3o para as obras de revitaliza\u00e7\u00e3o e implanta\u00e7\u00e3o do corredor de \u00f4nibus&#8230;<\/p>\n","protected":false},"author":1,"featured_media":44248,"comment_status":"open","ping_status":"open","sticky":false,"template":"","format":"standard","meta":{"advanced_seo_description":"","jetpack_seo_html_title":"","jetpack_seo_noindex":false,"jetpack_post_was_ever_published":false,"_jetpack_newsletter_access":"","_jetpack_dont_email_post_to_subs":false,"_jetpack_newsletter_tier_id":0,"_jetpack_memberships_contains_paywalled_content":false,"_jetpack_memberships_contains_paid_content":false,"footnotes":"","jetpack_publicize_message":"","jetpack_publicize_feature_enabled":true,"jetpack_social_post_already_shared":true,"jetpack_social_options":{"image_generator_settings":{"template":"highway","default_image_id":0,"font":"","enabled":false},"version":2}},"categories":[11],"tags":[],"class_list":["post-44247","post","type-post","status-publish","format-standard","has-post-thumbnail","hentry","category-noticias-de-ribeirao-preto-sp-e-regiao-ismael-colosi"],"jetpack_publicize_connections":[],"jetpack_featured_media_url":"https:\/\/i0.wp.com\/noticiasribeiraopreto.com.br\/wp-content\/uploads\/2024\/03\/Copia-de-Copia-de-TAMANHO-EXATO-PARA-FOTOS-NO-SISTEMA-NOVO-87.jpg?fit=1200%2C675&ssl=1","jetpack-related-posts":[{"id":46122,"url":"https:\/\/noticiasribeiraopreto.com.br\/index.php\/2024\/04\/09\/veja-quando-as-obras-da-nove-de-julho-em-ribeirao-preto-serao-retomadas\/","url_meta":{"origin":44247,"position":0},"title":"Veja quando as obras da Nove de Julho em Ribeir\u00e3o Preto ser\u00e3o retomadas\u00a0","author":"noticiasribeiraopreto.com.br","date":"9 de April de 2024","format":false,"excerpt":"A Prefeitura de Ribeir\u00e3o Preto anunciou na tarde desta ter\u00e7a-feira (9), que as obras de revitaliza\u00e7\u00e3o e implanta\u00e7\u00e3o do corredor de \u00f4nibus da avenida Nove de Julho j\u00e1 tem data confirmada: 22 de abril. O prazo previsto para conclus\u00e3o \u00e9 de um ano, a contar da emiss\u00e3o da Ordem de\u2026","rel":"","context":"In &quot;Not\u00edcias de Ribeir\u00e3o Preto-SP e Regi\u00e3o&quot;","block_context":{"text":"Not\u00edcias de Ribeir\u00e3o Preto-SP e Regi\u00e3o","link":"https:\/\/noticiasribeiraopreto.com.br\/index.php\/category\/noticias-de-ribeirao-preto-sp-e-regiao-ismael-colosi\/"},"img":{"alt_text":"","src":"https:\/\/i0.wp.com\/noticiasribeiraopreto.com.br\/wp-content\/uploads\/2024\/04\/Copia-de-Copia-de-TAMANHO-EXATO-PARA-FOTOS-NO-SISTEMA-NOVO-10.jpg?fit=1200%2C675&ssl=1&resize=350%2C200","width":350,"height":200,"srcset":"https:\/\/i0.wp.com\/noticiasribeiraopreto.com.br\/wp-content\/uploads\/2024\/04\/Copia-de-Copia-de-TAMANHO-EXATO-PARA-FOTOS-NO-SISTEMA-NOVO-10.jpg?fit=1200%2C675&ssl=1&resize=350%2C200 1x, https:\/\/i0.wp.com\/noticiasribeiraopreto.com.br\/wp-content\/uploads\/2024\/04\/Copia-de-Copia-de-TAMANHO-EXATO-PARA-FOTOS-NO-SISTEMA-NOVO-10.jpg?fit=1200%2C675&ssl=1&resize=525%2C300 1.5x, https:\/\/i0.wp.com\/noticiasribeiraopreto.com.br\/wp-content\/uploads\/2024\/04\/Copia-de-Copia-de-TAMANHO-EXATO-PARA-FOTOS-NO-SISTEMA-NOVO-10.jpg?fit=1200%2C675&ssl=1&resize=700%2C400 2x, https:\/\/i0.wp.com\/noticiasribeiraopreto.com.br\/wp-content\/uploads\/2024\/04\/Copia-de-Copia-de-TAMANHO-EXATO-PARA-FOTOS-NO-SISTEMA-NOVO-10.jpg?fit=1200%2C675&ssl=1&resize=1050%2C600 3x"},"classes":[]},{"id":44249,"url":"https:\/\/noticiasribeiraopreto.com.br\/index.php\/2024\/03\/26\/homologada-licitacao-para-obras-na-avenida-nove-de-julho\/","url_meta":{"origin":44247,"position":1},"title":"Homologada licita\u00e7\u00e3o para obras na Avenida Nove de Julho","author":"noticiasribeiraopreto.com.br","date":"26 de March de 2024","format":false,"excerpt":"26 de mar\u00e7o de 2024 | 18:07 0 A prefeitura de Ribeir\u00e3o Preto homologou nesta ter\u00e7a-feira, 26 de mar\u00e7o, a licita\u00e7\u00e3o para executar o remanescente da obra de revitaliza\u00e7\u00e3o e implanta\u00e7\u00e3o do corredor de \u00f4nibus na Avenida Nove de Julho. A disputa ocorreu na modalidade de Concorr\u00eancia P\u00fablica e a\u2026","rel":"","context":"In &quot;Not\u00edcias de Ribeir\u00e3o Preto-SP e Regi\u00e3o&quot;","block_context":{"text":"Not\u00edcias de Ribeir\u00e3o Preto-SP e Regi\u00e3o","link":"https:\/\/noticiasribeiraopreto.com.br\/index.php\/category\/noticias-de-ribeirao-preto-sp-e-regiao-ismael-colosi\/"},"img":{"alt_text":"","src":"https:\/\/i0.wp.com\/noticiasribeiraopreto.com.br\/wp-content\/uploads\/2024\/03\/nove_de_julho_-_foto_guilherme_sircili1-scaled.jpg?fit=967%2C645&ssl=1&resize=350%2C200","width":350,"height":200,"srcset":"https:\/\/i0.wp.com\/noticiasribeiraopreto.com.br\/wp-content\/uploads\/2024\/03\/nove_de_julho_-_foto_guilherme_sircili1-scaled.jpg?fit=967%2C645&ssl=1&resize=350%2C200 1x, https:\/\/i0.wp.com\/noticiasribeiraopreto.com.br\/wp-content\/uploads\/2024\/03\/nove_de_julho_-_foto_guilherme_sircili1-scaled.jpg?fit=967%2C645&ssl=1&resize=525%2C300 1.5x, https:\/\/i0.wp.com\/noticiasribeiraopreto.com.br\/wp-content\/uploads\/2024\/03\/nove_de_julho_-_foto_guilherme_sircili1-scaled.jpg?fit=967%2C645&ssl=1&resize=700%2C400 2x"},"classes":[]},{"id":36490,"url":"https:\/\/noticiasribeiraopreto.com.br\/index.php\/2024\/02\/09\/aberta-nova-licitacao-para-obras-da-nove-de-julho-em-ribeirao-preto\/","url_meta":{"origin":44247,"position":2},"title":"Aberta nova licita\u00e7\u00e3o para obras da Nove de Julho em Ribeir\u00e3o Preto","author":"noticiasribeiraopreto.com.br","date":"9 de February de 2024","format":false,"excerpt":"A abertura de uma nova licita\u00e7\u00e3o para a conclus\u00e3o das obras de revitaliza\u00e7\u00e3o e restaura\u00e7\u00e3o da avenida Nove de Julho em Ribeir\u00e3o Preto, foi anunciada pela prefeitura na tarde desta sexta-feira (9). De acordo com a publica\u00e7\u00e3o no Di\u00e1rio Oficial do Munic\u00edpio (DOM), o valor estimado para \u201cexecu\u00e7\u00e3o do remanescente\u2026","rel":"","context":"In &quot;Not\u00edcias de Ribeir\u00e3o Preto-SP e Regi\u00e3o&quot;","block_context":{"text":"Not\u00edcias de Ribeir\u00e3o Preto-SP e Regi\u00e3o","link":"https:\/\/noticiasribeiraopreto.com.br\/index.php\/category\/noticias-de-ribeirao-preto-sp-e-regiao-ismael-colosi\/"},"img":{"alt_text":"","src":"https:\/\/i0.wp.com\/noticiasribeiraopreto.com.br\/wp-content\/uploads\/2024\/02\/WhatsApp-Image-2023-12-20-at-10.47.41.jpeg?fit=1200%2C675&ssl=1&resize=350%2C200","width":350,"height":200,"srcset":"https:\/\/i0.wp.com\/noticiasribeiraopreto.com.br\/wp-content\/uploads\/2024\/02\/WhatsApp-Image-2023-12-20-at-10.47.41.jpeg?fit=1200%2C675&ssl=1&resize=350%2C200 1x, https:\/\/i0.wp.com\/noticiasribeiraopreto.com.br\/wp-content\/uploads\/2024\/02\/WhatsApp-Image-2023-12-20-at-10.47.41.jpeg?fit=1200%2C675&ssl=1&resize=525%2C300 1.5x, https:\/\/i0.wp.com\/noticiasribeiraopreto.com.br\/wp-content\/uploads\/2024\/02\/WhatsApp-Image-2023-12-20-at-10.47.41.jpeg?fit=1200%2C675&ssl=1&resize=700%2C400 2x, https:\/\/i0.wp.com\/noticiasribeiraopreto.com.br\/wp-content\/uploads\/2024\/02\/WhatsApp-Image-2023-12-20-at-10.47.41.jpeg?fit=1200%2C675&ssl=1&resize=1050%2C600 3x"},"classes":[]},{"id":42948,"url":"https:\/\/noticiasribeiraopreto.com.br\/index.php\/2024\/03\/18\/duas-empresas-se-interessam-por-obras-da-avenida-nove-de-julho-em-ribeirao-preto\/","url_meta":{"origin":44247,"position":3},"title":"Duas empresas se interessam por obras da avenida Nove de Julho em Ribeir\u00e3o Preto","author":"noticiasribeiraopreto.com.br","date":"18 de March de 2024","format":false,"excerpt":"A Prefeitura de Ribeir\u00e3o Preto iniciou nesta segunda-feira (18) o processo de licita\u00e7\u00e3o para a contrata\u00e7\u00e3o da nova empresa que concluir\u00e1 as obras de revitaliza\u00e7\u00e3o e restaura\u00e7\u00e3o da avenida Nove de Julho, em Ribeir\u00e3o Preto. As obras est\u00e3o paradas desde dezembro do ano passado. Segundo a administra\u00e7\u00e3o, as empresas participantes\u2026","rel":"","context":"In &quot;Not\u00edcias de Ribeir\u00e3o Preto-SP e Regi\u00e3o&quot;","block_context":{"text":"Not\u00edcias de Ribeir\u00e3o Preto-SP e Regi\u00e3o","link":"https:\/\/noticiasribeiraopreto.com.br\/index.php\/category\/noticias-de-ribeirao-preto-sp-e-regiao-ismael-colosi\/"},"img":{"alt_text":"","src":"https:\/\/i0.wp.com\/noticiasribeiraopreto.com.br\/wp-content\/uploads\/2024\/03\/WhatsApp-Image-2023-12-20-at-10.47.41-1024x576-1.jpeg?fit=1024%2C576&ssl=1&resize=350%2C200","width":350,"height":200,"srcset":"https:\/\/i0.wp.com\/noticiasribeiraopreto.com.br\/wp-content\/uploads\/2024\/03\/WhatsApp-Image-2023-12-20-at-10.47.41-1024x576-1.jpeg?fit=1024%2C576&ssl=1&resize=350%2C200 1x, https:\/\/i0.wp.com\/noticiasribeiraopreto.com.br\/wp-content\/uploads\/2024\/03\/WhatsApp-Image-2023-12-20-at-10.47.41-1024x576-1.jpeg?fit=1024%2C576&ssl=1&resize=525%2C300 1.5x, https:\/\/i0.wp.com\/noticiasribeiraopreto.com.br\/wp-content\/uploads\/2024\/03\/WhatsApp-Image-2023-12-20-at-10.47.41-1024x576-1.jpeg?fit=1024%2C576&ssl=1&resize=700%2C400 2x"},"classes":[]},{"id":11293,"url":"https:\/\/noticiasribeiraopreto.com.br\/index.php\/2023\/12\/05\/comerciantes-de-ribeirao-pedem-uma-solucao-urgente-para-obras-na-avenida-nove-de-julho\/","url_meta":{"origin":44247,"position":4},"title":"Comerciantes de Ribeir\u00e3o pedem uma solu\u00e7\u00e3o urgente para obras na avenida Nove de Julho","author":"noticiasribeiraopreto.com.br","date":"5 de December de 2023","format":false,"excerpt":"O Comit\u00ea de Acompanhamento das Obras de Ribeir\u00e3o Preto manifestou sua indigna\u00e7\u00e3o e preocupa\u00e7\u00e3o, ap\u00f3s a Prefeitura de Ribeir\u00e3o Preto anunciar o rompimento do contrato com a empresa Metropolitana, respons\u00e1vel pelas obras de restaura\u00e7\u00e3o da avenida Nove de Julho, nesta ter\u00e7a-feira (5). O grupo, formado por cerca de 15 entidades\u2026","rel":"","context":"In &quot;Not\u00edcias de Ribeir\u00e3o Preto-SP e Regi\u00e3o&quot;","block_context":{"text":"Not\u00edcias de Ribeir\u00e3o Preto-SP e Regi\u00e3o","link":"https:\/\/noticiasribeiraopreto.com.br\/index.php\/category\/noticias-de-ribeirao-preto-sp-e-regiao-ismael-colosi\/"},"img":{"alt_text":"","src":"https:\/\/i0.wp.com\/noticiasribeiraopreto.com.br\/wp-content\/uploads\/2023\/12\/1701825717_avenida-nove-de-julho-2.jpeg?fit=1200%2C675&ssl=1&resize=350%2C200","width":350,"height":200,"srcset":"https:\/\/i0.wp.com\/noticiasribeiraopreto.com.br\/wp-content\/uploads\/2023\/12\/1701825717_avenida-nove-de-julho-2.jpeg?fit=1200%2C675&ssl=1&resize=350%2C200 1x, https:\/\/i0.wp.com\/noticiasribeiraopreto.com.br\/wp-content\/uploads\/2023\/12\/1701825717_avenida-nove-de-julho-2.jpeg?fit=1200%2C675&ssl=1&resize=525%2C300 1.5x, https:\/\/i0.wp.com\/noticiasribeiraopreto.com.br\/wp-content\/uploads\/2023\/12\/1701825717_avenida-nove-de-julho-2.jpeg?fit=1200%2C675&ssl=1&resize=700%2C400 2x, https:\/\/i0.wp.com\/noticiasribeiraopreto.com.br\/wp-content\/uploads\/2023\/12\/1701825717_avenida-nove-de-julho-2.jpeg?fit=1200%2C675&ssl=1&resize=1050%2C600 3x"},"classes":[]},{"id":44442,"url":"https:\/\/noticiasribeiraopreto.com.br\/index.php\/2024\/03\/27\/nove-de-julho-assinatura-de-contrato-ocorrera-na-primeira-quinzena-de-abril\/","url_meta":{"origin":44247,"position":5},"title":"Nove de Julho: assinatura de contrato ocorrer\u00e1 na primeira quinzena de abril","author":"noticiasribeiraopreto.com.br","date":"27 de March de 2024","format":false,"excerpt":"27 de mar\u00e7o de 2024 | 18:0027 de mar\u00e7o de 2024 | 15:07 0 O valor das obras de revitaliza\u00e7\u00e3o e implanta\u00e7\u00e3o do corredor de \u00f4nibus na avenida Nove de Julho, teve redu\u00e7\u00e3o no valor global. A empresa Era-T\u00e9cnica Engenharia Constru\u00e7\u00f5es e Servi\u00e7os Ltda., venceu a licita\u00e7\u00e3o com a proposta\u2026","rel":"","context":"In &quot;Not\u00edcias de Ribeir\u00e3o Preto-SP e Regi\u00e3o&quot;","block_context":{"text":"Not\u00edcias de Ribeir\u00e3o Preto-SP e Regi\u00e3o","link":"https:\/\/noticiasribeiraopreto.com.br\/index.php\/category\/noticias-de-ribeirao-preto-sp-e-regiao-ismael-colosi\/"},"img":{"alt_text":"","src":"https:\/\/i0.wp.com\/noticiasribeiraopreto.com.br\/wp-content\/uploads\/2024\/03\/nove_de_julho_-_fernando_gonzaga_1.jpg?fit=751%2C500&ssl=1&resize=350%2C200","width":350,"height":200,"srcset":"https:\/\/i0.wp.com\/noticiasribeiraopreto.com.br\/wp-content\/uploads\/2024\/03\/nove_de_julho_-_fernando_gonzaga_1.jpg?fit=751%2C500&ssl=1&resize=350%2C200 1x, https:\/\/i0.wp.com\/noticiasribeiraopreto.com.br\/wp-content\/uploads\/2024\/03\/nove_de_julho_-_fernando_gonzaga_1.jpg?fit=751%2C500&ssl=1&resize=525%2C300 1.5x, https:\/\/i0.wp.com\/noticiasribeiraopreto.com.br\/wp-content\/uploads\/2024\/03\/nove_de_julho_-_fernando_gonzaga_1.jpg?fit=751%2C500&ssl=1&resize=700%2C400 2x"},"classes":[]}],"jetpack_sharing_enabled":true,"jetpack_shortlink":"https:\/\/wp.me\/peQAOb-bvF","_links":{"self":[{"href":"https:\/\/noticiasribeiraopreto.com.br\/index.php\/wp-json\/wp\/v2\/posts\/44247","targetHints":{"allow":["GET"]}}],"collection":[{"href":"https:\/\/noticiasribeiraopreto.com.br\/index.php\/wp-json\/wp\/v2\/posts"}],"about":[{"href":"https:\/\/noticiasribeiraopreto.com.br\/index.php\/wp-json\/wp\/v2\/types\/post"}],"author":[{"embeddable":true,"href":"https:\/\/noticiasribeiraopreto.com.br\/index.php\/wp-json\/wp\/v2\/users\/1"}],"replies":[{"embeddable":true,"href":"https:\/\/noticiasribeiraopreto.com.br\/index.php\/wp-json\/wp\/v2\/comments?post=44247"}],"version-history":[{"count":0,"href":"https:\/\/noticiasribeiraopreto.com.br\/index.php\/wp-json\/wp\/v2\/posts\/44247\/revisions"}],"wp:featuredmedia":[{"embeddable":true,"href":"https:\/\/noticiasribeiraopreto.com.br\/index.php\/wp-json\/wp\/v2\/media\/44248"}],"wp:attachment":[{"href":"https:\/\/noticiasribeiraopreto.com.br\/index.php\/wp-json\/wp\/v2\/media?parent=44247"}],"wp:term":[{"taxonomy":"category","embeddable":true,"href":"https:\/\/noticiasribeiraopreto.com.br\/index.php\/wp-json\/wp\/v2\/categories?post=44247"},{"taxonomy":"post_tag","embeddable":true,"href":"https:\/\/noticiasribeiraopreto.com.br\/index.php\/wp-json\/wp\/v2\/tags?post=44247"}],"curies":[{"name":"wp","href":"https:\/\/api.w.org\/{rel}","templated":true}]}}