{"id":44249,"date":"2024-03-26T18:47:09","date_gmt":"2024-03-26T21:47:09","guid":{"rendered":"https:\/\/noticiasribeiraopreto.com.br\/index.php\/2024\/03\/26\/homologada-licitacao-para-obras-na-avenida-nove-de-julho\/"},"modified":"2024-03-26T18:47:09","modified_gmt":"2024-03-26T21:47:09","slug":"homologada-licitacao-para-obras-na-avenida-nove-de-julho","status":"publish","type":"post","link":"https:\/\/noticiasribeiraopreto.com.br\/index.php\/2024\/03\/26\/homologada-licitacao-para-obras-na-avenida-nove-de-julho\/","title":{"rendered":"Homologada licita\u00e7\u00e3o para obras na Avenida Nove de Julho"},"content":{"rendered":"<div class='code-block code-block-1' style='margin: 8px 0 8px auto; text-align: right; display: block; clear: both;'>\n<p><a href=\"https:\/\/wa.link\/vpicfd\"><img data-recalc-dims=\"1\" class=\"wp-image-4922\" style=\"aspect-ratio: 2.0253164556962027; width: 561px; height: auto;\" src=\"https:\/\/i0.wp.com\/ismaelcolosi.com.br\/wp-content\/uploads\/2023\/11\/grupo-de-empregos-whatsapp-e-facebook-ismael-colosi-vagas.jpg?ssl=1\" alt=\"\" \/><\/a><\/p>\n<!-- \/wp:image -->\n<\/div>\n<p> <br \/>\n<\/p>\n<div id=\"post-378648\">\n<header class=\"entry-header penci-entry-header penci-title-center\">\n<p>\n<span class=\"entry-meta-item penci-posted-on\"><i class=\"fa fa-clock-o\"\/><time class=\"entry-date published updated\" datetime=\"2024-03-26T18:07:49-03:00\">26 de mar\u00e7o de 2024 | 18:07<\/time><\/span> <\/p>\n<p><span class=\"penci-social-buttons penci-social-share-footer\"><a href=\"#\" class=\"penci-post-like penci_post-meta_item  single-like-button penci-social-item like\" data-post_id=\"378648\" title=\"Like\" data-like=\"Like\" data-unlike=\"Unlike\"><i class=\"fa fa-thumbs-o-up\"\/><span class=\"penci-share-number\">0<\/span><\/a><i class=\"fa fa-facebook\"\/><a class=\"penci-social-item twitter\" target=\"_blank\" rel=\"noopener\" title=\"\" href=\"https:\/\/twitter.com\/intent\/tweet?text=Homologada%20licita\u00e7\u00e3o%20para%20obras%20na%20Avenida%20Nove%20de%20Julho%20-%20https:\/\/www.tribunaribeirao.com.br\/site\/homologada-licitacao-para-obras-na-avenida-nove-de-julho\/\"><i class=\"fa fa-twitter\"\/><\/a><i class=\"fa fa-whatsapp\"\/><\/span> <\/header>\n<div class=\"penci-entry-content entry-content\">\n<p>A prefeitura de Ribeir\u00e3o Preto homologou nesta ter\u00e7a-feira, 26 de mar\u00e7o, a licita\u00e7\u00e3o para executar o remanescente da obra de revitaliza\u00e7\u00e3o e implanta\u00e7\u00e3o do corredor de \u00f4nibus na Avenida Nove de Julho. A disputa ocorreu na modalidade de Concorr\u00eancia P\u00fablica e a empresa vencedora foi a Era-T\u00e9cnica Engenharia Constru\u00e7\u00f5es e Servi\u00e7os Ltda., com proposta no valor global de R$ 32.411.776,19. A economia foi de 5,63% em rela\u00e7\u00e3o ao custo estimado inicialmente, de R$ R$ 34.344.037,88.<\/p>\n<p>As obras da Nove de Julho come\u00e7aram no dia 21 de julho de 2023, mas foram suspensas no m\u00eas de dezembro, depois que o governo municipal rompeu o contrato com a empresa Metropolitana. Respons\u00e1vel pela obra, a construtora n\u00e3o cumpriu o que foi estipulado em contrato e entregou apenas 8% da obra, quando o previsto para o per\u00edodo era de 40%.<\/p>\n<p>Em janeiro de 2024, a Prefeitura promoveu uma for\u00e7a-tarefa na avenida, envolvendo as secretarias de Obras P\u00fablicas, Infraestrutura, RP Mobi e Guarda Civil Metropolitana, para garantir melhores condi\u00e7\u00f5es no local, levando servi\u00e7os de limpeza, seguran\u00e7a e abertura de bols\u00f5es de estacionamento.<\/p>\n<p>Com a nova licita\u00e7\u00e3o, o prazo para execu\u00e7\u00e3o da obra de\u00a0revitaliza\u00e7\u00e3o e implanta\u00e7\u00e3o do corredor de \u00f4nibus\u00a0ser\u00e1 de 12 meses, contados da emiss\u00e3o da Ordem de Servi\u00e7o pela Secretaria Municipal de Obras P\u00fablicas.<\/p>\n<p>\u00a0<\/p>\n<\/div>\n<footer class=\"penci-entry-footer\">\n <\/footer>\n<\/div>\n<p><script async src=\"\/\/platform.twitter.com\/widgets.js\" charset=\"utf-8\"><\/script><br \/>\n<br \/><br \/>\n<br \/><a href=\"https:\/\/www.tribunaribeirao.com.br\/site\/homologada-licitacao-para-obras-na-avenida-nove-de-julho\/\">Source link <\/a><\/p>\n<!-- CONTENT END 1 -->\n","protected":false},"excerpt":{"rendered":"<p>26 de mar\u00e7o de 2024 | 18:07 0 A prefeitura de Ribeir\u00e3o Preto homologou nesta ter\u00e7a-feira, 26 de mar\u00e7o, a licita\u00e7\u00e3o para executar o remanescente&#8230;<\/p>\n","protected":false},"author":1,"featured_media":44250,"comment_status":"open","ping_status":"open","sticky":false,"template":"","format":"standard","meta":{"advanced_seo_description":"","jetpack_seo_html_title":"","jetpack_seo_noindex":false,"jetpack_post_was_ever_published":false,"_jetpack_newsletter_access":"","_jetpack_dont_email_post_to_subs":false,"_jetpack_newsletter_tier_id":0,"_jetpack_memberships_contains_paywalled_content":false,"_jetpack_memberships_contains_paid_content":false,"footnotes":"","jetpack_publicize_message":"","jetpack_publicize_feature_enabled":true,"jetpack_social_post_already_shared":true,"jetpack_social_options":{"image_generator_settings":{"template":"highway","default_image_id":0,"font":"","enabled":false},"version":2}},"categories":[11],"tags":[849,3434,1229,2460,1228,1059,71],"class_list":["post-44249","post","type-post","status-publish","format-standard","has-post-thumbnail","hentry","category-noticias-de-ribeirao-preto-sp-e-regiao-ismael-colosi","tag-avenida","tag-homologada","tag-julho","tag-licitacao","tag-nove","tag-obras","tag-para"],"jetpack_publicize_connections":[],"jetpack_featured_media_url":"https:\/\/i0.wp.com\/noticiasribeiraopreto.com.br\/wp-content\/uploads\/2024\/03\/nove_de_julho_-_foto_guilherme_sircili1-scaled.jpg?fit=967%2C645&ssl=1","jetpack-related-posts":[{"id":18395,"url":"https:\/\/noticiasribeiraopreto.com.br\/index.php\/2023\/12\/20\/prefeitura-de-ribeirao-preto-vai-fazer-nova-licitacao-para-obra-da-nove-de-julho\/","url_meta":{"origin":44249,"position":0},"title":"Prefeitura de Ribeir\u00e3o Preto vai fazer nova licita\u00e7\u00e3o para obra da Nove de Julho","author":"noticiasribeiraopreto.com.br","date":"20 de December de 2023","format":false,"excerpt":"A Prefeitura de Ribeir\u00e3o Preto vai precisar fazer uma nova licita\u00e7\u00e3o para concluir a obra da avenida Nove de Julho, na regi\u00e3o central da cidade. A Construtora Metropolitana, que venceu a primeira licita\u00e7\u00e3o j\u00e1 foi, inclusive, multada pela Prefeitura de Ribeir\u00e3o Preto por n\u00e3o respeitar o cronograma \u2013 contrato tamb\u00e9m\u2026","rel":"","context":"In &quot;Not\u00edcias de Ribeir\u00e3o Preto-SP e Regi\u00e3o&quot;","block_context":{"text":"Not\u00edcias de Ribeir\u00e3o Preto-SP e Regi\u00e3o","link":"https:\/\/noticiasribeiraopreto.com.br\/index.php\/category\/noticias-de-ribeirao-preto-sp-e-regiao-ismael-colosi\/"},"img":{"alt_text":"","src":"https:\/\/i0.wp.com\/noticiasribeiraopreto.com.br\/wp-content\/uploads\/2023\/12\/WhatsApp-Image-2023-12-20-at-10.47.41.jpeg?fit=1200%2C675&ssl=1&resize=350%2C200","width":350,"height":200,"srcset":"https:\/\/i0.wp.com\/noticiasribeiraopreto.com.br\/wp-content\/uploads\/2023\/12\/WhatsApp-Image-2023-12-20-at-10.47.41.jpeg?fit=1200%2C675&ssl=1&resize=350%2C200 1x, https:\/\/i0.wp.com\/noticiasribeiraopreto.com.br\/wp-content\/uploads\/2023\/12\/WhatsApp-Image-2023-12-20-at-10.47.41.jpeg?fit=1200%2C675&ssl=1&resize=525%2C300 1.5x, https:\/\/i0.wp.com\/noticiasribeiraopreto.com.br\/wp-content\/uploads\/2023\/12\/WhatsApp-Image-2023-12-20-at-10.47.41.jpeg?fit=1200%2C675&ssl=1&resize=700%2C400 2x, https:\/\/i0.wp.com\/noticiasribeiraopreto.com.br\/wp-content\/uploads\/2023\/12\/WhatsApp-Image-2023-12-20-at-10.47.41.jpeg?fit=1200%2C675&ssl=1&resize=1050%2C600 3x"},"classes":[]},{"id":36490,"url":"https:\/\/noticiasribeiraopreto.com.br\/index.php\/2024\/02\/09\/aberta-nova-licitacao-para-obras-da-nove-de-julho-em-ribeirao-preto\/","url_meta":{"origin":44249,"position":1},"title":"Aberta nova licita\u00e7\u00e3o para obras da Nove de Julho em Ribeir\u00e3o Preto","author":"noticiasribeiraopreto.com.br","date":"9 de February de 2024","format":false,"excerpt":"A abertura de uma nova licita\u00e7\u00e3o para a conclus\u00e3o das obras de revitaliza\u00e7\u00e3o e restaura\u00e7\u00e3o da avenida Nove de Julho em Ribeir\u00e3o Preto, foi anunciada pela prefeitura na tarde desta sexta-feira (9). De acordo com a publica\u00e7\u00e3o no Di\u00e1rio Oficial do Munic\u00edpio (DOM), o valor estimado para \u201cexecu\u00e7\u00e3o do remanescente\u2026","rel":"","context":"In &quot;Not\u00edcias de Ribeir\u00e3o Preto-SP e Regi\u00e3o&quot;","block_context":{"text":"Not\u00edcias de Ribeir\u00e3o Preto-SP e Regi\u00e3o","link":"https:\/\/noticiasribeiraopreto.com.br\/index.php\/category\/noticias-de-ribeirao-preto-sp-e-regiao-ismael-colosi\/"},"img":{"alt_text":"","src":"https:\/\/i0.wp.com\/noticiasribeiraopreto.com.br\/wp-content\/uploads\/2024\/02\/WhatsApp-Image-2023-12-20-at-10.47.41.jpeg?fit=1200%2C675&ssl=1&resize=350%2C200","width":350,"height":200,"srcset":"https:\/\/i0.wp.com\/noticiasribeiraopreto.com.br\/wp-content\/uploads\/2024\/02\/WhatsApp-Image-2023-12-20-at-10.47.41.jpeg?fit=1200%2C675&ssl=1&resize=350%2C200 1x, https:\/\/i0.wp.com\/noticiasribeiraopreto.com.br\/wp-content\/uploads\/2024\/02\/WhatsApp-Image-2023-12-20-at-10.47.41.jpeg?fit=1200%2C675&ssl=1&resize=525%2C300 1.5x, https:\/\/i0.wp.com\/noticiasribeiraopreto.com.br\/wp-content\/uploads\/2024\/02\/WhatsApp-Image-2023-12-20-at-10.47.41.jpeg?fit=1200%2C675&ssl=1&resize=700%2C400 2x, https:\/\/i0.wp.com\/noticiasribeiraopreto.com.br\/wp-content\/uploads\/2024\/02\/WhatsApp-Image-2023-12-20-at-10.47.41.jpeg?fit=1200%2C675&ssl=1&resize=1050%2C600 3x"},"classes":[]},{"id":11293,"url":"https:\/\/noticiasribeiraopreto.com.br\/index.php\/2023\/12\/05\/comerciantes-de-ribeirao-pedem-uma-solucao-urgente-para-obras-na-avenida-nove-de-julho\/","url_meta":{"origin":44249,"position":2},"title":"Comerciantes de Ribeir\u00e3o pedem uma solu\u00e7\u00e3o urgente para obras na avenida Nove de Julho","author":"noticiasribeiraopreto.com.br","date":"5 de December de 2023","format":false,"excerpt":"O Comit\u00ea de Acompanhamento das Obras de Ribeir\u00e3o Preto manifestou sua indigna\u00e7\u00e3o e preocupa\u00e7\u00e3o, ap\u00f3s a Prefeitura de Ribeir\u00e3o Preto anunciar o rompimento do contrato com a empresa Metropolitana, respons\u00e1vel pelas obras de restaura\u00e7\u00e3o da avenida Nove de Julho, nesta ter\u00e7a-feira (5). O grupo, formado por cerca de 15 entidades\u2026","rel":"","context":"In &quot;Not\u00edcias de Ribeir\u00e3o Preto-SP e Regi\u00e3o&quot;","block_context":{"text":"Not\u00edcias de Ribeir\u00e3o Preto-SP e Regi\u00e3o","link":"https:\/\/noticiasribeiraopreto.com.br\/index.php\/category\/noticias-de-ribeirao-preto-sp-e-regiao-ismael-colosi\/"},"img":{"alt_text":"","src":"https:\/\/i0.wp.com\/noticiasribeiraopreto.com.br\/wp-content\/uploads\/2023\/12\/1701825717_avenida-nove-de-julho-2.jpeg?fit=1200%2C675&ssl=1&resize=350%2C200","width":350,"height":200,"srcset":"https:\/\/i0.wp.com\/noticiasribeiraopreto.com.br\/wp-content\/uploads\/2023\/12\/1701825717_avenida-nove-de-julho-2.jpeg?fit=1200%2C675&ssl=1&resize=350%2C200 1x, https:\/\/i0.wp.com\/noticiasribeiraopreto.com.br\/wp-content\/uploads\/2023\/12\/1701825717_avenida-nove-de-julho-2.jpeg?fit=1200%2C675&ssl=1&resize=525%2C300 1.5x, https:\/\/i0.wp.com\/noticiasribeiraopreto.com.br\/wp-content\/uploads\/2023\/12\/1701825717_avenida-nove-de-julho-2.jpeg?fit=1200%2C675&ssl=1&resize=700%2C400 2x, https:\/\/i0.wp.com\/noticiasribeiraopreto.com.br\/wp-content\/uploads\/2023\/12\/1701825717_avenida-nove-de-julho-2.jpeg?fit=1200%2C675&ssl=1&resize=1050%2C600 3x"},"classes":[]},{"id":24378,"url":"https:\/\/noticiasribeiraopreto.com.br\/index.php\/2024\/01\/04\/trecho-da-nove-de-julho-e-liberado\/","url_meta":{"origin":44249,"position":3},"title":"Trecho da Nove de Julho \u00e9 liberado","author":"noticiasribeiraopreto.com.br","date":"4 de January de 2024","format":false,"excerpt":"4 de janeiro de 2024 | 8:303 de janeiro de 2024 | 18:43 0A RP Mobi (Empresa de Mobilidade Urbana de Ribeir\u00e3o Preto) liberou no final da tarde desta quarta-feira, 3, o tr\u00e2nsito no cruzamento da avenida Nove de Julho com a rua S\u00e3o Jos\u00e9. A RP Mobi informa que\u2026","rel":"","context":"In &quot;Not\u00edcias de Ribeir\u00e3o Preto-SP e Regi\u00e3o&quot;","block_context":{"text":"Not\u00edcias de Ribeir\u00e3o Preto-SP e Regi\u00e3o","link":"https:\/\/noticiasribeiraopreto.com.br\/index.php\/category\/noticias-de-ribeirao-preto-sp-e-regiao-ismael-colosi\/"},"img":{"alt_text":"","src":"https:\/\/i0.wp.com\/noticiasribeiraopreto.com.br\/wp-content\/uploads\/2024\/01\/liberacao_nove_de_julho_1-scaled.jpeg?fit=968%2C645&ssl=1&resize=350%2C200","width":350,"height":200,"srcset":"https:\/\/i0.wp.com\/noticiasribeiraopreto.com.br\/wp-content\/uploads\/2024\/01\/liberacao_nove_de_julho_1-scaled.jpeg?fit=968%2C645&ssl=1&resize=350%2C200 1x, https:\/\/i0.wp.com\/noticiasribeiraopreto.com.br\/wp-content\/uploads\/2024\/01\/liberacao_nove_de_julho_1-scaled.jpeg?fit=968%2C645&ssl=1&resize=525%2C300 1.5x, https:\/\/i0.wp.com\/noticiasribeiraopreto.com.br\/wp-content\/uploads\/2024\/01\/liberacao_nove_de_julho_1-scaled.jpeg?fit=968%2C645&ssl=1&resize=700%2C400 2x"},"classes":[]},{"id":44442,"url":"https:\/\/noticiasribeiraopreto.com.br\/index.php\/2024\/03\/27\/nove-de-julho-assinatura-de-contrato-ocorrera-na-primeira-quinzena-de-abril\/","url_meta":{"origin":44249,"position":4},"title":"Nove de Julho: assinatura de contrato ocorrer\u00e1 na primeira quinzena de abril","author":"noticiasribeiraopreto.com.br","date":"27 de March de 2024","format":false,"excerpt":"27 de mar\u00e7o de 2024 | 18:0027 de mar\u00e7o de 2024 | 15:07 0 O valor das obras de revitaliza\u00e7\u00e3o e implanta\u00e7\u00e3o do corredor de \u00f4nibus na avenida Nove de Julho, teve redu\u00e7\u00e3o no valor global. A empresa Era-T\u00e9cnica Engenharia Constru\u00e7\u00f5es e Servi\u00e7os Ltda., venceu a licita\u00e7\u00e3o com a proposta\u2026","rel":"","context":"In &quot;Not\u00edcias de Ribeir\u00e3o Preto-SP e Regi\u00e3o&quot;","block_context":{"text":"Not\u00edcias de Ribeir\u00e3o Preto-SP e Regi\u00e3o","link":"https:\/\/noticiasribeiraopreto.com.br\/index.php\/category\/noticias-de-ribeirao-preto-sp-e-regiao-ismael-colosi\/"},"img":{"alt_text":"","src":"https:\/\/i0.wp.com\/noticiasribeiraopreto.com.br\/wp-content\/uploads\/2024\/03\/nove_de_julho_-_fernando_gonzaga_1.jpg?fit=751%2C500&ssl=1&resize=350%2C200","width":350,"height":200,"srcset":"https:\/\/i0.wp.com\/noticiasribeiraopreto.com.br\/wp-content\/uploads\/2024\/03\/nove_de_julho_-_fernando_gonzaga_1.jpg?fit=751%2C500&ssl=1&resize=350%2C200 1x, https:\/\/i0.wp.com\/noticiasribeiraopreto.com.br\/wp-content\/uploads\/2024\/03\/nove_de_julho_-_fernando_gonzaga_1.jpg?fit=751%2C500&ssl=1&resize=525%2C300 1.5x, https:\/\/i0.wp.com\/noticiasribeiraopreto.com.br\/wp-content\/uploads\/2024\/03\/nove_de_julho_-_fernando_gonzaga_1.jpg?fit=751%2C500&ssl=1&resize=700%2C400 2x"},"classes":[]},{"id":24198,"url":"https:\/\/noticiasribeiraopreto.com.br\/index.php\/2024\/01\/03\/trecho-da-avenida-nove-de-julho-em-ribeirao-e-liberado-apos-seis-meses-de-interdicao\/","url_meta":{"origin":44249,"position":5},"title":"Trecho da avenida Nove de Julho em Ribeir\u00e3o \u00e9 liberado ap\u00f3s seis meses de interdi\u00e7\u00e3o","author":"noticiasribeiraopreto.com.br","date":"3 de January de 2024","format":false,"excerpt":"A RP Mobi, empresa de mobilidade urbana em Ribeir\u00e3o Preto, informou que o cruzamento da avenida Nove de Julho com a rua S\u00e3o Jos\u00e9 foi liberado, no final da tarde desta quarta-feira (3), ap\u00f3s o t\u00e9rmino do servi\u00e7o de pavimenta\u00e7\u00e3o do trecho. O local estava interditado desde junho de 2023,\u2026","rel":"","context":"In &quot;Not\u00edcias de Ribeir\u00e3o Preto-SP e Regi\u00e3o&quot;","block_context":{"text":"Not\u00edcias de Ribeir\u00e3o Preto-SP e Regi\u00e3o","link":"https:\/\/noticiasribeiraopreto.com.br\/index.php\/category\/noticias-de-ribeirao-preto-sp-e-regiao-ismael-colosi\/"},"img":{"alt_text":"","src":"https:\/\/i0.wp.com\/noticiasribeiraopreto.com.br\/wp-content\/uploads\/2024\/01\/liberacao_nove_de_julho_1.jpeg?fit=1200%2C800&ssl=1&resize=350%2C200","width":350,"height":200,"srcset":"https:\/\/i0.wp.com\/noticiasribeiraopreto.com.br\/wp-content\/uploads\/2024\/01\/liberacao_nove_de_julho_1.jpeg?fit=1200%2C800&ssl=1&resize=350%2C200 1x, https:\/\/i0.wp.com\/noticiasribeiraopreto.com.br\/wp-content\/uploads\/2024\/01\/liberacao_nove_de_julho_1.jpeg?fit=1200%2C800&ssl=1&resize=525%2C300 1.5x, https:\/\/i0.wp.com\/noticiasribeiraopreto.com.br\/wp-content\/uploads\/2024\/01\/liberacao_nove_de_julho_1.jpeg?fit=1200%2C800&ssl=1&resize=700%2C400 2x, https:\/\/i0.wp.com\/noticiasribeiraopreto.com.br\/wp-content\/uploads\/2024\/01\/liberacao_nove_de_julho_1.jpeg?fit=1200%2C800&ssl=1&resize=1050%2C600 3x"},"classes":[]}],"jetpack_sharing_enabled":true,"jetpack_shortlink":"https:\/\/wp.me\/peQAOb-bvH","_links":{"self":[{"href":"https:\/\/noticiasribeiraopreto.com.br\/index.php\/wp-json\/wp\/v2\/posts\/44249","targetHints":{"allow":["GET"]}}],"collection":[{"href":"https:\/\/noticiasribeiraopreto.com.br\/index.php\/wp-json\/wp\/v2\/posts"}],"about":[{"href":"https:\/\/noticiasribeiraopreto.com.br\/index.php\/wp-json\/wp\/v2\/types\/post"}],"author":[{"embeddable":true,"href":"https:\/\/noticiasribeiraopreto.com.br\/index.php\/wp-json\/wp\/v2\/users\/1"}],"replies":[{"embeddable":true,"href":"https:\/\/noticiasribeiraopreto.com.br\/index.php\/wp-json\/wp\/v2\/comments?post=44249"}],"version-history":[{"count":0,"href":"https:\/\/noticiasribeiraopreto.com.br\/index.php\/wp-json\/wp\/v2\/posts\/44249\/revisions"}],"wp:featuredmedia":[{"embeddable":true,"href":"https:\/\/noticiasribeiraopreto.com.br\/index.php\/wp-json\/wp\/v2\/media\/44250"}],"wp:attachment":[{"href":"https:\/\/noticiasribeiraopreto.com.br\/index.php\/wp-json\/wp\/v2\/media?parent=44249"}],"wp:term":[{"taxonomy":"category","embeddable":true,"href":"https:\/\/noticiasribeiraopreto.com.br\/index.php\/wp-json\/wp\/v2\/categories?post=44249"},{"taxonomy":"post_tag","embeddable":true,"href":"https:\/\/noticiasribeiraopreto.com.br\/index.php\/wp-json\/wp\/v2\/tags?post=44249"}],"curies":[{"name":"wp","href":"https:\/\/api.w.org\/{rel}","templated":true}]}}