{"id":44291,"date":"2024-03-27T00:38:08","date_gmt":"2024-03-27T03:38:08","guid":{"rendered":"https:\/\/noticiasribeiraopreto.com.br\/index.php\/2024\/03\/27\/furtos-aumentam-no-primeiro-bimestre\/"},"modified":"2024-03-27T00:38:08","modified_gmt":"2024-03-27T03:38:08","slug":"furtos-aumentam-no-primeiro-bimestre","status":"publish","type":"post","link":"https:\/\/noticiasribeiraopreto.com.br\/index.php\/2024\/03\/27\/furtos-aumentam-no-primeiro-bimestre\/","title":{"rendered":"Furtos aumentam no primeiro bimestre \u00a0"},"content":{"rendered":"<div class='code-block code-block-1' style='margin: 8px 0 8px auto; text-align: right; display: block; clear: both;'>\n<p><a href=\"https:\/\/wa.link\/vpicfd\"><img data-recalc-dims=\"1\" class=\"wp-image-4922\" style=\"aspect-ratio: 2.0253164556962027; width: 561px; height: auto;\" src=\"https:\/\/i0.wp.com\/ismaelcolosi.com.br\/wp-content\/uploads\/2023\/11\/grupo-de-empregos-whatsapp-e-facebook-ismael-colosi-vagas.jpg?ssl=1\" alt=\"\" \/><\/a><\/p>\n<!-- \/wp:image -->\n<\/div>\n<p> <br \/>\n<\/p>\n<div>\n<p><span class=\"TextRun Highlight SCXW178800843 BCX0\" lang=\"PT-BR\" xml:lang=\"PT-BR\" data-contrast=\"none\"><span class=\"NormalTextRun SCXW178800843 BCX0\" data-ccp-charstyle=\"normaltextrun\">A Secretaria de Seguran\u00e7a P\u00fablica do Estado de S\u00e3o Paulo (SSP\/SP) <\/span><span class=\"NormalTextRun SCXW178800843 BCX0\" data-ccp-charstyle=\"normaltextrun\">nesta segunda-feira, 25 de mar\u00e7o, <\/span><span class=\"NormalTextRun SCXW178800843 BCX0\" data-ccp-charstyle=\"normaltextrun\">os resultados das \u201cEstat\u00edsticas da Criminalidade\u201d. Em Ribeir\u00e3o Preto, apenas os furtos em geral e de ve\u00edculos cresceram no primeiro bimestre deste ano, em compara\u00e7\u00e3o com o mesmo per\u00edodo de 2023, sendo que a primeira modalidade recuou em fevereiro em rela\u00e7\u00e3o a janeiro. As ocorr\u00eancias de roubos em geral e de ve\u00edculos ca\u00edram no balan\u00e7o bimestral e mensal. <\/span><\/span><span class=\"LineBreakBlob BlobObject DragDrop SCXW178800843 BCX0\"><span class=\"SCXW178800843 BCX0\">\u00a0<\/span><br class=\"SCXW178800843 BCX0\"\/><\/span><span class=\"LineBreakBlob BlobObject DragDrop SCXW178800843 BCX0\"><span class=\"SCXW178800843 BCX0\">\u00a0<\/span><br class=\"SCXW178800843 BCX0\"\/><\/span><span class=\"TextRun Highlight SCXW178800843 BCX0\" lang=\"PT-BR\" xml:lang=\"PT-BR\" data-contrast=\"none\"><span class=\"NormalTextRun SCXW178800843 BCX0\" data-ccp-charstyle=\"normaltextrun\">Furtos em geral \u2013 <\/span><\/span><span class=\"TextRun Highlight SCXW178800843 BCX0\" lang=\"PT-BR\" xml:lang=\"PT-BR\" data-contrast=\"none\"><span class=\"NormalTextRun SCXW178800843 BCX0\" data-ccp-charstyle=\"normaltextrun\">Os furtos em gera<\/span><span class=\"NormalTextRun SCXW178800843 BCX0\" data-ccp-charstyle=\"normaltextrun\">l cresceram 7,46% no primeiro bimestre deste ano em rela\u00e7\u00e3o ao mesmo per\u00edodo do ano passado, de 1.529 para 1.643. S\u00e3o 114 a mais. A m\u00e9dia \u00e9 de 27 casos por dia. No balan\u00e7o mensal, recuou de 883 3m janeiro para 760 em fevereiro, 123 a menos e queda de 13,93%. <\/span><\/span><span class=\"LineBreakBlob BlobObject DragDrop SCXW178800843 BCX0\"><span class=\"SCXW178800843 BCX0\">\u00a0<\/span><br class=\"SCXW178800843 BCX0\"\/><\/span><span class=\"LineBreakBlob BlobObject DragDrop SCXW178800843 BCX0\"><span class=\"SCXW178800843 BCX0\">\u00a0<\/span><br class=\"SCXW178800843 BCX0\"\/><\/span><span class=\"TextRun Highlight SCXW178800843 BCX0\" lang=\"PT-BR\" xml:lang=\"PT-BR\" data-contrast=\"none\"><span class=\"NormalTextRun SCXW178800843 BCX0\" data-ccp-charstyle=\"normaltextrun\">Subiram 2,97% em doze meses do ano passado, de 9.452 em <\/span><span class=\"NormalTextRun SCXW178800843 BCX0\" data-ccp-charstyle=\"normaltextrun\">2022 para 9.733, m\u00e9dia<\/span><span class=\"NormalTextRun SCXW178800843 BCX0\" data-ccp-charstyle=\"normaltextrun\"> de 27 por dia e 281 a mais. A taxa de 2023 n\u00e3o foi divulgada, mas disparou de 1.097,12 em 2021 para 1.219,03 por 100 mil habitantes em 2022. Era de 889,44 em 2020 e de 1.287,94 em 2019, segundo a SSP-SP. <\/span><\/span><span class=\"LineBreakBlob BlobObject DragDrop SCXW178800843 BCX0\"><span class=\"SCXW178800843 BCX0\">\u00a0<\/span><br class=\"SCXW178800843 BCX0\"\/><\/span><span class=\"LineBreakBlob BlobObject DragDrop SCXW178800843 BCX0\"><span class=\"SCXW178800843 BCX0\">\u00a0<\/span><br class=\"SCXW178800843 BCX0\"\/><\/span><span class=\"TextRun Highlight SCXW178800843 BCX0\" lang=\"PT-BR\" xml:lang=\"PT-BR\" data-contrast=\"none\"><span class=\"NormalTextRun SCXW178800843 BCX0\" data-ccp-charstyle=\"normaltextrun\">Roubos \u2013 <\/span><\/span><span class=\"TextRun Highlight SCXW178800843 BCX0\" lang=\"PT-BR\" xml:lang=\"PT-BR\" data-contrast=\"none\"><span class=\"NormalTextRun SCXW178800843 BCX0\" data-ccp-charstyle=\"normaltextrun\">Os casos de roubo <\/span><span class=\"NormalTextRun SCXW178800843 BCX0\" data-ccp-charstyle=\"normaltextrun\">recuaram de 391 <\/span><span class=\"NormalTextRun SCXW178800843 BCX0\" data-ccp-charstyle=\"normaltextrun\">em dois meses de 2023 para <\/span><span class=\"NormalTextRun SCXW178800843 BCX0\" data-ccp-charstyle=\"normaltextrun\">273 <\/span><span class=\"NormalTextRun SCXW178800843 BCX0\" data-ccp-charstyle=\"normaltextrun\">no primeiro bimestre deste ano<\/span><span class=\"NormalTextRun SCXW178800843 BCX0\" data-ccp-charstyle=\"normaltextrun\">, 118 a menos e queda de 30,18%. A m\u00e9dia em 2024 \u00e9 quatro por dia. <\/span><span class=\"NormalTextRun SCXW178800843 BCX0\" data-ccp-charstyle=\"normaltextrun\">Houve retra\u00e7\u00e3o de 13,01% na passagem de janeiro para fevereiro, de 146 para 127. S\u00e3o 19 a menos.<\/span><\/span><span class=\"LineBreakBlob BlobObject DragDrop SCXW178800843 BCX0\"><span class=\"SCXW178800843 BCX0\">\u00a0<\/span><br class=\"SCXW178800843 BCX0\"\/><\/span><span class=\"LineBreakBlob BlobObject DragDrop SCXW178800843 BCX0\"><span class=\"SCXW178800843 BCX0\">\u00a0<\/span><br class=\"SCXW178800843 BCX0\"\/><\/span><span class=\"TextRun Highlight SCXW178800843 BCX0\" lang=\"PT-BR\" xml:lang=\"PT-BR\" data-contrast=\"none\"><span class=\"NormalTextRun SCXW178800843 BCX0\" data-ccp-charstyle=\"normaltextrun\">As<\/span><span class=\"NormalTextRun SCXW178800843 BCX0\" data-ccp-charstyle=\"normaltextrun\"> ocorr\u00eancias de roubo recuaram 16,51% no ano passado em rela\u00e7\u00e3o aos doze meses de 2022, de 2.592 para 2.164. S\u00e3o 428 a menos. A m\u00e9dia di\u00e1ria de assaltos est\u00e1 em seis. <\/span><span class=\"NormalTextRun SCXW178800843 BCX0\" data-ccp-charstyle=\"normaltextrun\">A taxa passou de 368,13 em 2021 para 347,16 por 100 mil habitantes em 2022. A SSP-SP e as Pol\u00edcias <\/span><span class=\"NormalTextRun SCXW178800843 BCX0\" data-ccp-charstyle=\"normaltextrun\">Civil e Militar<\/span><span class=\"NormalTextRun SCXW178800843 BCX0\" data-ccp-charstyle=\"normaltextrun\"> pedem \u00e0 popula\u00e7\u00e3o que registre boletim de ocorr\u00eancia. <\/span><\/span><span class=\"LineBreakBlob BlobObject DragDrop SCXW178800843 BCX0\"><span class=\"SCXW178800843 BCX0\">\u00a0<\/span><br class=\"SCXW178800843 BCX0\"\/><\/span><span class=\"LineBreakBlob BlobObject DragDrop SCXW178800843 BCX0\"><span class=\"SCXW178800843 BCX0\">\u00a0<\/span><br class=\"SCXW178800843 BCX0\"\/><\/span><span class=\"TextRun Highlight SCXW178800843 BCX0\" lang=\"PT-BR\" xml:lang=\"PT-BR\" data-contrast=\"none\"><span class=\"NormalTextRun SCXW178800843 BCX0\" data-ccp-charstyle=\"normaltextrun\">Ve\u00edculos <\/span><span class=\"NormalTextRun SCXW178800843 BCX0\" data-ccp-charstyle=\"normaltextrun\">\u2013 <\/span><\/span><span class=\"TextRun Highlight SCXW178800843 BCX0\" lang=\"PT-BR\" xml:lang=\"PT-BR\" data-contrast=\"none\"><span class=\"NormalTextRun SCXW178800843 BCX0\" data-ccp-charstyle=\"normaltextrun\">Os furtos de ve\u00edculos <\/span><span class=\"NormalTextRun SCXW178800843 BCX0\" data-ccp-charstyle=\"normaltextrun\">passaram de 214 em dois meses de 2023 para 269 no primeiro bimestre deste ano<\/span><span class=\"NormalTextRun SCXW178800843 BCX0\" data-ccp-charstyle=\"normaltextrun\">, 55 a mais e aumento de 25,7%. A m\u00e9dia em 2024 \u00e9 quatro por dia. <\/span><span class=\"NormalTextRun SCXW178800843 BCX0\" data-ccp-charstyle=\"normaltextrun\">Houve alta de 3,79% na passagem de janeiro para fevereiro, de 132 para 137. S\u00e3o cinco a mais.<\/span><\/span><span class=\"LineBreakBlob BlobObject DragDrop SCXW178800843 BCX0\"><span class=\"SCXW178800843 BCX0\">\u00a0<\/span><br class=\"SCXW178800843 BCX0\"\/><\/span><span class=\"LineBreakBlob BlobObject DragDrop SCXW178800843 BCX0\"><span class=\"SCXW178800843 BCX0\">\u00a0<\/span><br class=\"SCXW178800843 BCX0\"\/><\/span><span class=\"TextRun Highlight SCXW178800843 BCX0\" lang=\"PT-BR\" xml:lang=\"PT-BR\" data-contrast=\"none\"><span class=\"NormalTextRun SCXW178800843 BCX0\" data-ccp-charstyle=\"normaltextrun\">Os roubos de ve\u00edculos ca\u00edram de 60 no primeiro bimestre do ano passado para <\/span><span class=\"NormalTextRun SCXW178800843 BCX0\" data-ccp-charstyle=\"normaltextrun\">36 em 2024, baixa de 40% e 24 a menos. A m\u00e9dia di\u00e1ria \u00e9 um caso a cada 40 horas. Na passagem de janeiro para fevereiro, a queda foi de 36,36%, de 22 para 14, oito a menos. <\/span><\/span><span class=\"LineBreakBlob BlobObject DragDrop SCXW178800843 BCX0\"><span class=\"SCXW178800843 BCX0\">\u00a0<\/span><br class=\"SCXW178800843 BCX0\"\/><\/span><span class=\"LineBreakBlob BlobObject DragDrop SCXW178800843 BCX0\"><span class=\"SCXW178800843 BCX0\">\u00a0<\/span><br class=\"SCXW178800843 BCX0\"\/><\/span><span class=\"TextRun Highlight SCXW178800843 BCX0\" lang=\"PT-BR\" xml:lang=\"PT-BR\" data-contrast=\"none\"><span class=\"NormalTextRun SCXW178800843 BCX0\" data-ccp-charstyle=\"normaltextrun\">Os roubos de ve\u00edculos recuaram 6,50%, de 431 em doze meses de 2022 para 403 no ano passado, m\u00e9dia pouco superior a um por dia. S\u00e3o 28 a menos. <\/span><span class=\"NormalTextRun SCXW178800843 BCX0\" data-ccp-charstyle=\"normaltextrun\">A taxa de furto e roubo de ve\u00edculos por 100 mil habitantes fechou 2022 em 290,85, ante 307,01 em 2021. <\/span><\/span><span class=\"LineBreakBlob BlobObject DragDrop SCXW178800843 BCX0\"><span class=\"SCXW178800843 BCX0\">\u00a0<\/span><br class=\"SCXW178800843 BCX0\"\/><\/span><span class=\"LineBreakBlob BlobObject DragDrop SCXW178800843 BCX0\"><span class=\"SCXW178800843 BCX0\">\u00a0<\/span><br class=\"SCXW178800843 BCX0\"\/><\/span><span class=\"TextRun Highlight SCXW178800843 BCX0\" lang=\"PT-BR\" xml:lang=\"PT-BR\" data-contrast=\"none\"><span class=\"NormalTextRun SCXW178800843 BCX0\" data-ccp-charstyle=\"normaltextrun\">J\u00e1 os casos por 100 mil ve\u00edculos foram de 373,76 no ano passado, contra 378,26 no per\u00edodo anterior. A taxa de furto por 100 mil ve\u00edculos fechou 2022 em 303,32, contra 307,08 em 2021. A taxa de roubo por 100 mil ve\u00edculos encerrou o ano passado em 70,44%, ante 71,18 no per\u00edodo anterior. <\/span><\/span><span class=\"LineBreakBlob BlobObject DragDrop SCXW178800843 BCX0\"><span class=\"SCXW178800843 BCX0\">\u00a0<\/span><br class=\"SCXW178800843 BCX0\"\/><\/span><span class=\"LineBreakBlob BlobObject DragDrop SCXW178800843 BCX0\"><span class=\"SCXW178800843 BCX0\">\u00a0<\/span><br class=\"SCXW178800843 BCX0\"\/><\/span><span class=\"TextRun Highlight SCXW178800843 BCX0\" lang=\"PT-BR\" xml:lang=\"PT-BR\" data-contrast=\"none\"><span class=\"NormalTextRun SCXW178800843 BCX0\" data-ccp-charstyle=\"normaltextrun\">Recupera\u00e7\u00e3o de ve\u00edculos <\/span><span class=\"NormalTextRun SCXW178800843 BCX0\" data-ccp-charstyle=\"normaltextrun\">\u2013 A taxa de recupera\u00e7\u00e3o de ve\u00edculos pelas <\/span><\/span><span class=\"TextRun Highlight SCXW178800843 BCX0\" lang=\"PT-BR\" xml:lang=\"PT-BR\" data-contrast=\"none\"><span class=\"NormalTextRun SCXW178800843 BCX0\" data-ccp-charstyle=\"normaltextrun\">Pol\u00edcias Civil e Militar<\/span><span class=\"NormalTextRun SCXW178800843 BCX0\" data-ccp-charstyle=\"normaltextrun\"> recuou de 145 no primeiro bimestre de 2023 para 96 nos dois primeiros meses deste ano, 49 a menos e queda de 33,79%. A m\u00e9dia \u00e9 um carro, moto, caminhonete, \u00f4nibus, van e similar recuperado a cada 15 horas. Na passagem de janeiro para fevereiro ficou est\u00e1vel: 48 em cada m\u00eas.<\/span><\/span><span class=\"LineBreakBlob BlobObject DragDrop SCXW178800843 BCX0\"><span class=\"SCXW178800843 BCX0\">\u00a0<\/span><br class=\"SCXW178800843 BCX0\"\/><\/span><span class=\"LineBreakBlob BlobObject DragDrop SCXW178800843 BCX0\"><span class=\"SCXW178800843 BCX0\">\u00a0<\/span><br class=\"SCXW178800843 BCX0\"\/><\/span><span class=\"TextRun Highlight SCXW178800843 BCX0\" lang=\"PT-BR\" xml:lang=\"PT-BR\" data-contrast=\"none\"><span class=\"NormalTextRun SCXW178800843 BCX0\" data-ccp-charstyle=\"normaltextrun\">O \u00edndice de recupera\u00e7\u00e3o de ve\u00edculos pelas Pol\u00edcias Civil e <\/span><span class=\"NormalTextRun ContextualSpellingAndGrammarErrorV2Themed SCXW178800843 BCX0\" data-ccp-charstyle=\"normaltextrun\">Militar<\/span><span class=\"NormalTextRun ContextualSpellingAndGrammarErrorV2Themed SCXW178800843 BCX0\" data-ccp-charstyle=\"normaltextrun\">\u00a0 <\/span><span class=\"NormalTextRun ContextualSpellingAndGrammarErrorV2Themed SCXW178800843 BCX0\" data-ccp-charstyle=\"normaltextrun\">saltou<\/span><span class=\"NormalTextRun SCXW178800843 BCX0\" data-ccp-charstyle=\"normaltextrun\"> de 768 em 2022 para 801 no ano passado, 33 a mais e alta de 4,3%. Na compara\u00e7\u00e3o entre novembro e dezembro, passou de 77 para 93. S\u00e3o 16 a mais e aumento de 20,78%. A m\u00e9dia di\u00e1ria \u00e9 de dois por dia em Ribeir\u00e3o Preto. <\/span><\/span><span class=\"LineBreakBlob BlobObject DragDrop SCXW178800843 BCX0\"><span class=\"SCXW178800843 BCX0\">\u00a0<\/span><br class=\"SCXW178800843 BCX0\"\/><\/span><strong><span class=\"LineBreakBlob BlobObject DragDrop SCXW178800843 BCX0\"><span class=\"SCXW178800843 BCX0\">\u00a0<\/span><\/span><span class=\"LineBreakBlob BlobObject DragDrop SCXW178800843 BCX0\"><br class=\"SCXW178800843 BCX0\"\/><\/span><span class=\"TextRun Highlight SCXW178800843 BCX0\" lang=\"PT-BR\" xml:lang=\"PT-BR\" data-contrast=\"none\"><span class=\"NormalTextRun SCXW178800843 BCX0\" data-ccp-charstyle=\"normaltextrun\">Estupro e homic\u00eddios <\/span><\/span><span class=\"LineBreakBlob BlobObject DragDrop SCXW178800843 BCX0\"><span class=\"SCXW178800843 BCX0\">\u00a0<\/span><\/span><span class=\"TextRun Highlight SCXW178800843 BCX0\" lang=\"PT-BR\" xml:lang=\"PT-BR\" data-contrast=\"none\"><span class=\"NormalTextRun SCXW178800843 BCX0\" data-ccp-charstyle=\"normaltextrun\">recuam<\/span><\/span> <span class=\"TextRun Highlight SCXW178800843 BCX0\" lang=\"PT-BR\" xml:lang=\"PT-BR\" data-contrast=\"none\"><span class=\"NormalTextRun SCXW178800843 BCX0\" data-ccp-charstyle=\"normaltextrun\">no bimestre<\/span><\/span><\/strong><span class=\"LineBreakBlob BlobObject DragDrop SCXW178800843 BCX0\"><strong><span class=\"SCXW178800843 BCX0\">\u00a0<\/span><\/strong><br class=\"SCXW178800843 BCX0\"\/><\/span><span class=\"TextRun Highlight SCXW178800843 BCX0\" lang=\"PT-BR\" xml:lang=\"PT-BR\" data-contrast=\"none\"><span class=\"NormalTextRun SCXW178800843 BCX0\" data-ccp-charstyle=\"normaltextrun\">Segundo <\/span><span class=\"NormalTextRun SCXW178800843 BCX0\" data-ccp-charstyle=\"normaltextrun\">as estat\u00edsticas criminais divulgadas pela Secretaria de Seguran\u00e7a P\u00fablica do Estado de S\u00e3o Paulo (SSP\/SP) nesta <\/span><span class=\"NormalTextRun SCXW178800843 BCX0\" data-ccp-charstyle=\"normaltextrun\">segunda<\/span><span class=\"NormalTextRun SCXW178800843 BCX0\" data-ccp-charstyle=\"normaltextrun\">\u2013<\/span><span class=\"NormalTextRun SCXW178800843 BCX0\" data-ccp-charstyle=\"normaltextrun\">feira, 2<\/span><span class=\"NormalTextRun SCXW178800843 BCX0\" data-ccp-charstyle=\"normaltextrun\">5 de mar\u00e7o<\/span><span class=\"NormalTextRun SCXW178800843 BCX0\" data-ccp-charstyle=\"normaltextrun\">, as ocorr\u00eancias envolvendo den\u00fancias de estupro <\/span><span class=\"NormalTextRun SCXW178800843 BCX0\" data-ccp-charstyle=\"normaltextrun\">recuaram <\/span><span class=\"NormalTextRun SCXW178800843 BCX0\" data-ccp-charstyle=\"normaltextrun\">em Ribeir\u00e3o Preto <\/span><span class=\"NormalTextRun SCXW178800843 BCX0\" data-ccp-charstyle=\"normaltextrun\">no primeiro bimestre deste <\/span><span class=\"NormalTextRun SCXW178800843 BCX0\" data-ccp-charstyle=\"normaltextrun\">ano <\/span><span class=\"NormalTextRun SCXW178800843 BCX0\" data-ccp-charstyle=\"normaltextrun\">em rela\u00e7\u00e3o ao mesmo per\u00edodo de 2023. Ficou est\u00e1vel na passagem de janeiro para fevereiro<\/span><span class=\"NormalTextRun SCXW178800843 BCX0\" data-ccp-charstyle=\"normaltextrun\">.<\/span><\/span><span class=\"LineBreakBlob BlobObject DragDrop SCXW178800843 BCX0\"><span class=\"SCXW178800843 BCX0\">\u00a0<\/span><br class=\"SCXW178800843 BCX0\"\/><\/span><span class=\"LineBreakBlob BlobObject DragDrop SCXW178800843 BCX0\"><span class=\"SCXW178800843 BCX0\">\u00a0<\/span><br class=\"SCXW178800843 BCX0\"\/><\/span><span class=\"TextRun Highlight SCXW178800843 BCX0\" lang=\"PT-BR\" xml:lang=\"PT-BR\" data-contrast=\"none\"><span class=\"NormalTextRun SCXW178800843 BCX0\" data-ccp-charstyle=\"normaltextrun\">S\u00e3o 26 casos em 2024, contra 36 dos primeiros dois meses do ano passado, dez a menos e queda de 27,78%. A m\u00e9dia \u00e9 de um crime a cada 55 horas, aproximadamente. Foram 13 ocorr\u00eancias em janeiro e mais 13 em fevereiro, tend\u00eancia de estabilidade. Dos estupros registrados neste ano, 19 envolvem <\/span><span class=\"NormalTextRun SCXW178800843 BCX0\" data-ccp-charstyle=\"normaltextrun\">crian\u00e7as ou adolescentes, que est\u00e3o <\/span><span class=\"NormalTextRun ContextualSpellingAndGrammarErrorV2Themed SCXW178800843 BCX0\" data-ccp-charstyle=\"normaltextrun\">nos grupo<\/span><span class=\"NormalTextRun SCXW178800843 BCX0\" data-ccp-charstyle=\"normaltextrun\"> dos \u201cvulner\u00e1veis\u201d, 73,08% do total.<\/span><\/span><span class=\"LineBreakBlob BlobObject DragDrop SCXW178800843 BCX0\"><span class=\"SCXW178800843 BCX0\">\u00a0<\/span><br class=\"SCXW178800843 BCX0\"\/><\/span><span class=\"LineBreakBlob BlobObject DragDrop SCXW178800843 BCX0\"><span class=\"SCXW178800843 BCX0\">\u00a0<\/span><br class=\"SCXW178800843 BCX0\"\/><\/span><span class=\"TextRun Highlight SCXW178800843 BCX0\" lang=\"PT-BR\" xml:lang=\"PT-BR\" data-contrast=\"none\"><span class=\"NormalTextRun SCXW178800843 BCX0\" data-ccp-charstyle=\"normaltextrun\">De 1\u00ba de janeiro a 3<\/span><span class=\"NormalTextRun SCXW178800843 BCX0\" data-ccp-charstyle=\"normaltextrun\">1<\/span> <span class=\"NormalTextRun SCXW178800843 BCX0\" data-ccp-charstyle=\"normaltextrun\">de <\/span><span class=\"NormalTextRun SCXW178800843 BCX0\" data-ccp-charstyle=\"normaltextrun\">dezembro <\/span><span class=\"NormalTextRun SCXW178800843 BCX0\" data-ccp-charstyle=\"normaltextrun\">de 2023 <\/span><span class=\"NormalTextRun SCXW178800843 BCX0\" data-ccp-charstyle=\"normaltextrun\">foram denunciados <\/span><span class=\"NormalTextRun SCXW178800843 BCX0\" data-ccp-charstyle=\"normaltextrun\">1<\/span><span class=\"NormalTextRun SCXW178800843 BCX0\" data-ccp-charstyle=\"normaltextrun\">92<\/span><span class=\"NormalTextRun SCXW178800843 BCX0\" data-ccp-charstyle=\"normaltextrun\"> casos, contra <\/span><span class=\"NormalTextRun SCXW178800843 BCX0\" data-ccp-charstyle=\"normaltextrun\">1<\/span><span class=\"NormalTextRun SCXW178800843 BCX0\" data-ccp-charstyle=\"normaltextrun\">4<\/span><span class=\"NormalTextRun SCXW178800843 BCX0\" data-ccp-charstyle=\"normaltextrun\">1 <\/span><span class=\"NormalTextRun SCXW178800843 BCX0\" data-ccp-charstyle=\"normaltextrun\">d<\/span><span class=\"NormalTextRun SCXW178800843 BCX0\" data-ccp-charstyle=\"normaltextrun\">e <\/span><span class=\"NormalTextRun SCXW178800843 BCX0\" data-ccp-charstyle=\"normaltextrun\">2022. S\u00e3o <\/span><span class=\"NormalTextRun SCXW178800843 BCX0\" data-ccp-charstyle=\"normaltextrun\">5<\/span><span class=\"NormalTextRun SCXW178800843 BCX0\" data-ccp-charstyle=\"normaltextrun\">1<\/span><span class=\"NormalTextRun SCXW178800843 BCX0\" data-ccp-charstyle=\"normaltextrun\"> a mais e alta de <\/span><span class=\"NormalTextRun SCXW178800843 BCX0\" data-ccp-charstyle=\"normaltextrun\">3<\/span><span class=\"NormalTextRun SCXW178800843 BCX0\" data-ccp-charstyle=\"normaltextrun\">6,<\/span><span class=\"NormalTextRun SCXW178800843 BCX0\" data-ccp-charstyle=\"normaltextrun\">17<\/span><span class=\"NormalTextRun SCXW178800843 BCX0\" data-ccp-charstyle=\"normaltextrun\">%. A maioria <\/span><span class=\"NormalTextRun SCXW178800843 BCX0\" data-ccp-charstyle=\"normaltextrun\">das den\u00fancias <\/span><span class=\"NormalTextRun SCXW178800843 BCX0\" data-ccp-charstyle=\"normaltextrun\">foi registrada na Delegacia de Defesa da Mulher (DDM).<\/span> <span class=\"NormalTextRun SCXW178800843 BCX0\" data-ccp-charstyle=\"normaltextrun\">Os 24 casos de janeiro<\/span><span class=\"NormalTextRun SCXW178800843 BCX0\" data-ccp-charstyle=\"normaltextrun\"> do ano passado<\/span><span class=\"NormalTextRun SCXW178800843 BCX0\" data-ccp-charstyle=\"normaltextrun\"> representam <\/span><span class=\"NormalTextRun SCXW178800843 BCX0\" data-ccp-charstyle=\"normaltextrun\">o maior n\u00famero desde que a pesquisa passou a ser divulgada, em 2001. <\/span><\/span><span class=\"LineBreakBlob BlobObject DragDrop SCXW178800843 BCX0\"><span class=\"SCXW178800843 BCX0\">\u00a0<\/span><br class=\"SCXW178800843 BCX0\"\/><\/span><span class=\"LineBreakBlob BlobObject DragDrop SCXW178800843 BCX0\"><span class=\"SCXW178800843 BCX0\">\u00a0<\/span><br class=\"SCXW178800843 BCX0\"\/><\/span><span class=\"TextRun Highlight SCXW178800843 BCX0\" lang=\"PT-BR\" xml:lang=\"PT-BR\" data-contrast=\"none\"><span class=\"NormalTextRun SCXW178800843 BCX0\" data-ccp-charstyle=\"normaltextrun\">Dos <\/span><span class=\"NormalTextRun SCXW178800843 BCX0\" data-ccp-charstyle=\"normaltextrun\">1<\/span><span class=\"NormalTextRun SCXW178800843 BCX0\" data-ccp-charstyle=\"normaltextrun\">92 <\/span><span class=\"NormalTextRun SCXW178800843 BCX0\" data-ccp-charstyle=\"normaltextrun\">ataques consumados <\/span><span class=\"NormalTextRun SCXW178800843 BCX0\" data-ccp-charstyle=\"normaltextrun\">em 2023<\/span><span class=\"NormalTextRun SCXW178800843 BCX0\" data-ccp-charstyle=\"normaltextrun\">, em Ribeir\u00e3o Preto, <\/span><span class=\"NormalTextRun SCXW178800843 BCX0\" data-ccp-charstyle=\"normaltextrun\">1<\/span><span class=\"NormalTextRun SCXW178800843 BCX0\" data-ccp-charstyle=\"normaltextrun\">3<\/span><span class=\"NormalTextRun SCXW178800843 BCX0\" data-ccp-charstyle=\"normaltextrun\">5<\/span><span class=\"NormalTextRun SCXW178800843 BCX0\" data-ccp-charstyle=\"normaltextrun\"> envolvem crian\u00e7as ou adolescentes, que est\u00e3o <\/span><span class=\"NormalTextRun ContextualSpellingAndGrammarErrorV2Themed SCXW178800843 BCX0\" data-ccp-charstyle=\"normaltextrun\">nos grupo<\/span><span class=\"NormalTextRun SCXW178800843 BCX0\" data-ccp-charstyle=\"normaltextrun\"> dos \u201cvulner\u00e1veis\u201d<\/span><span class=\"NormalTextRun SCXW178800843 BCX0\" data-ccp-charstyle=\"normaltextrun\">, 7<\/span><span class=\"NormalTextRun SCXW178800843 BCX0\" data-ccp-charstyle=\"normaltextrun\">0<\/span><span class=\"NormalTextRun SCXW178800843 BCX0\" data-ccp-charstyle=\"normaltextrun\">,<\/span><span class=\"NormalTextRun SCXW178800843 BCX0\" data-ccp-charstyle=\"normaltextrun\">31<\/span><span class=\"NormalTextRun SCXW178800843 BCX0\" data-ccp-charstyle=\"normaltextrun\">%<\/span> <span class=\"NormalTextRun SCXW178800843 BCX0\" data-ccp-charstyle=\"normaltextrun\">do total. A m\u00e9dia \u00e9 de um crime a cada 4<\/span><span class=\"NormalTextRun SCXW178800843 BCX0\" data-ccp-charstyle=\"normaltextrun\">5<\/span><span class=\"NormalTextRun SCXW178800843 BCX0\" data-ccp-charstyle=\"normaltextrun\"> horas. A<\/span><\/span> <span class=\"TextRun Highlight SCXW178800843 BCX0\" lang=\"PT-BR\" xml:lang=\"PT-BR\" data-contrast=\"none\"><span class=\"NormalTextRun SCXW178800843 BCX0\" data-ccp-charstyle=\"normaltextrun\">Secretaria de Seguran\u00e7a P\u00fablica do Estado de S\u00e3o Paulo diz que os casos de estupro podem ser denunciados na DDM.<\/span><\/span><span class=\"LineBreakBlob BlobObject DragDrop SCXW178800843 BCX0\"><span class=\"SCXW178800843 BCX0\">\u00a0<\/span><br class=\"SCXW178800843 BCX0\"\/><\/span><span class=\"LineBreakBlob BlobObject DragDrop SCXW178800843 BCX0\"><span class=\"SCXW178800843 BCX0\">\u00a0<\/span><br class=\"SCXW178800843 BCX0\"\/><\/span><span class=\"TextRun SCXW178800843 BCX0\" lang=\"PT-BR\" xml:lang=\"PT-BR\" data-contrast=\"none\"><span class=\"NormalTextRun SCXW178800843 BCX0\">O crime de estupro \u00e9 o que tem o mais alto \u00edndice de <\/span><span class=\"NormalTextRun SCXW178800843 BCX0\">subnotifica\u00e7\u00e3o<\/span><span class=\"NormalTextRun SCXW178800843 BCX0\">. De acordo com especialistas no tema, o n\u00famero real de casos pode ser at\u00e9 <\/span><span class=\"NormalTextRun SCXW178800843 BCX0\">quatro vezes maior<\/span><span class=\"NormalTextRun SCXW178800843 BCX0\"> do que o registrado atualmente, j\u00e1 que grande parte dos crimes acontece no ambiente familiar, que dificulta o flagrante e as den\u00fancias.\u00a0\u00a0<\/span> <\/span><span class=\"LineBreakBlob BlobObject DragDrop SCXW178800843 BCX0\"><span class=\"SCXW178800843 BCX0\">\u00a0<\/span><br class=\"SCXW178800843 BCX0\"\/><\/span><span class=\"LineBreakBlob BlobObject DragDrop SCXW178800843 BCX0\"><span class=\"SCXW178800843 BCX0\">\u00a0<\/span><br class=\"SCXW178800843 BCX0\"\/><\/span><span class=\"TextRun Highlight SCXW178800843 BCX0\" lang=\"PT-BR\" xml:lang=\"PT-BR\" data-contrast=\"none\"><span class=\"NormalTextRun SCXW178800843 BCX0\" data-ccp-charstyle=\"normaltextrun\">Homic\u00eddios <\/span><\/span><span class=\"TextRun SCXW178800843 BCX0\" lang=\"PT-BR\" xml:lang=\"PT-BR\" data-contrast=\"auto\"><span class=\"NormalTextRun SCXW178800843 BCX0\">\u2013 <\/span><\/span><span class=\"TextRun SCXW178800843 BCX0\" lang=\"PT-BR\" xml:lang=\"PT-BR\" data-contrast=\"auto\"><span class=\"NormalTextRun SCXW178800843 BCX0\">Ribeir\u00e3o Preto soma cinco homic\u00eddios em dois meses deste ano, contra seis do mesmo per\u00edodo de 2023, queda de 16,67% e um assassinato a menos. A m\u00e9dia \u00e9 de um crime de morte a cada doze dias. Na passagem de janeiro para fevereiro, a queda chega a 75%, de quatro para um, tr\u00eas a menos.<\/span><\/span> <span class=\"LineBreakBlob BlobObject DragDrop SCXW178800843 BCX0\"><span class=\"SCXW178800843 BCX0\">\u00a0<\/span><br class=\"SCXW178800843 BCX0\"\/><\/span><span class=\"LineBreakBlob BlobObject DragDrop SCXW178800843 BCX0\"><span class=\"SCXW178800843 BCX0\">\u00a0<\/span><\/span><span class=\"TextRun Highlight SCXW178800843 BCX0\" lang=\"PT-BR\" xml:lang=\"PT-BR\" data-contrast=\"none\"><span class=\"NormalTextRun SCXW178800843 BCX0\" data-ccp-charstyle=\"normaltextrun\">Ribeir\u00e3o Preto registrou <\/span><span class=\"NormalTextRun SCXW178800843 BCX0\" data-ccp-charstyle=\"normaltextrun\">52<\/span><span class=\"NormalTextRun SCXW178800843 BCX0\" data-ccp-charstyle=\"normaltextrun\"> h<\/span><span class=\"NormalTextRun SCXW178800843 BCX0\" data-ccp-charstyle=\"normaltextrun\">omic\u00eddios <\/span><span class=\"NormalTextRun SCXW178800843 BCX0\" data-ccp-charstyle=\"normaltextrun\">em 2022<\/span><span class=\"NormalTextRun SCXW178800843 BCX0\" data-ccp-charstyle=\"normaltextrun\">, contra <\/span><span class=\"NormalTextRun SCXW178800843 BCX0\" data-ccp-charstyle=\"normaltextrun\">3<\/span><span class=\"NormalTextRun SCXW178800843 BCX0\" data-ccp-charstyle=\"normaltextrun\">4<\/span> <span class=\"NormalTextRun SCXW178800843 BCX0\" data-ccp-charstyle=\"normaltextrun\">do ano passado<\/span><span class=\"NormalTextRun SCXW178800843 BCX0\" data-ccp-charstyle=\"normaltextrun\">, <\/span><span class=\"NormalTextRun SCXW178800843 BCX0\" data-ccp-charstyle=\"normaltextrun\">18 a <\/span><span class=\"NormalTextRun SCXW178800843 BCX0\" data-ccp-charstyle=\"normaltextrun\">menos e queda de <\/span><span class=\"NormalTextRun SCXW178800843 BCX0\" data-ccp-charstyle=\"normaltextrun\">34,62<\/span><span class=\"NormalTextRun SCXW178800843 BCX0\" data-ccp-charstyle=\"normaltextrun\">%. <\/span><span class=\"NormalTextRun SCXW178800843 BCX0\" data-ccp-charstyle=\"normaltextrun\">Neste ano houve um latroc\u00ednio em fevereiro <\/span><\/span><span class=\"TextRun SCXW178800843 BCX0\" lang=\"PT-BR\" xml:lang=\"PT-BR\" data-contrast=\"auto\"><span class=\"NormalTextRun SCXW178800843 BCX0\">\u2013<\/span><\/span><span class=\"TextRun Highlight SCXW178800843 BCX0\" lang=\"PT-BR\" xml:lang=\"PT-BR\" data-contrast=\"none\"><span class=\"NormalTextRun SCXW178800843 BCX0\" data-ccp-charstyle=\"normaltextrun\"> roubo seguido de morte<\/span><\/span><span class=\"TextRun SCXW178800843 BCX0\" lang=\"PT-BR\" xml:lang=\"PT-BR\" data-contrast=\"auto\"> <span class=\"NormalTextRun SCXW178800843 BCX0\">\u2013<\/span><\/span><span class=\"TextRun Highlight SCXW178800843 BCX0\" lang=\"PT-BR\" xml:lang=\"PT-BR\" data-contrast=\"none\"><span class=\"NormalTextRun SCXW178800843 BCX0\" data-ccp-charstyle=\"normaltextrun\">, contra nenhum do primeiro bimestre de 2023. J\u00e1 s\u00e3o seis mortes violentas em 2024.<\/span><\/span><span class=\"LineBreakBlob BlobObject DragDrop SCXW178800843 BCX0\"><span class=\"SCXW178800843 BCX0\">\u00a0<\/span><br class=\"SCXW178800843 BCX0\"\/><\/span><span class=\"LineBreakBlob BlobObject DragDrop SCXW178800843 BCX0\"><span class=\"SCXW178800843 BCX0\">\u00a0<\/span><br class=\"SCXW178800843 BCX0\"\/><\/span><span class=\"TextRun Highlight SCXW178800843 BCX0\" lang=\"PT-BR\" xml:lang=\"PT-BR\" data-contrast=\"none\"><span class=\"NormalTextRun SCXW178800843 BCX0\" data-ccp-charstyle=\"normaltextrun\">Foram dois <\/span><span class=\"NormalTextRun SCXW178800843 BCX0\" data-ccp-charstyle=\"normaltextrun\">latroc\u00ednio<\/span><span class=\"NormalTextRun SCXW178800843 BCX0\" data-ccp-charstyle=\"normaltextrun\">s <\/span><\/span><span class=\"TextRun SCXW178800843 BCX0\" lang=\"PT-BR\" xml:lang=\"PT-BR\" data-contrast=\"auto\"><span class=\"NormalTextRun SCXW178800843 BCX0\">\u2013<\/span><\/span><span class=\"TextRun Highlight SCXW178800843 BCX0\" lang=\"PT-BR\" xml:lang=\"PT-BR\" data-contrast=\"none\"><span class=\"NormalTextRun SCXW178800843 BCX0\" data-ccp-charstyle=\"normaltextrun\"> roubo seguido de morte<\/span><\/span><span class=\"TextRun SCXW178800843 BCX0\" lang=\"PT-BR\" xml:lang=\"PT-BR\" data-contrast=\"auto\"> <span class=\"NormalTextRun SCXW178800843 BCX0\">\u2013<\/span><span class=\"NormalTextRun SCXW178800843 BCX0\"> em 2022<\/span><\/span><span class=\"TextRun Highlight SCXW178800843 BCX0\" lang=\"PT-BR\" xml:lang=\"PT-BR\" data-contrast=\"none\"><span class=\"NormalTextRun SCXW178800843 BCX0\" data-ccp-charstyle=\"normaltextrun\">, contra <\/span><span class=\"NormalTextRun SCXW178800843 BCX0\" data-ccp-charstyle=\"normaltextrun\">tr\u00eas de 2023<\/span><span class=\"NormalTextRun SCXW178800843 BCX0\" data-ccp-charstyle=\"normaltextrun\">, alta de <\/span><span class=\"NormalTextRun SCXW178800843 BCX0\" data-ccp-charstyle=\"normaltextrun\">5<\/span><span class=\"NormalTextRun SCXW178800843 BCX0\" data-ccp-charstyle=\"normaltextrun\">0% e um a mais.\u00a0<\/span><span class=\"NormalTextRun SCXW178800843 BCX0\" data-ccp-charstyle=\"normaltextrun\"> F<\/span><span class=\"NormalTextRun SCXW178800843 BCX0\" data-ccp-charstyle=\"normaltextrun\">oram <\/span><span class=\"NormalTextRun SCXW178800843 BCX0\" data-ccp-charstyle=\"normaltextrun\">3<\/span><span class=\"NormalTextRun SCXW178800843 BCX0\" data-ccp-charstyle=\"normaltextrun\">7<\/span><span class=\"NormalTextRun SCXW178800843 BCX0\" data-ccp-charstyle=\"normaltextrun\"> mortes violentas <\/span><span class=\"NormalTextRun SCXW178800843 BCX0\" data-ccp-charstyle=\"normaltextrun\">no ano passado<\/span><span class=\"NormalTextRun SCXW178800843 BCX0\" data-ccp-charstyle=\"normaltextrun\">. <\/span><span class=\"NormalTextRun SCXW178800843 BCX0\" data-ccp-charstyle=\"normaltextrun\">A<\/span> <span class=\"NormalTextRun SCXW178800843 BCX0\" data-ccp-charstyle=\"normaltextrun\">taxa <\/span><span class=\"NormalTextRun SCXW178800843 BCX0\" data-ccp-charstyle=\"normaltextrun\">de <\/span><span class=\"NormalTextRun SpellingErrorV2Themed SCXW178800843 BCX0\" data-ccp-charstyle=\"normaltextrun\">de<\/span> <span class=\"NormalTextRun SCXW178800843 BCX0\" data-ccp-charstyle=\"normaltextrun\">homic\u00eddios <\/span><span class=\"NormalTextRun SCXW178800843 BCX0\" data-ccp-charstyle=\"normaltextrun\">por 100 mil <\/span><span class=\"NormalTextRun SpellingErrorV2Themed SCXW178800843 BCX0\" data-ccp-charstyle=\"normaltextrun\">habiantes<\/span> <span class=\"NormalTextRun SCXW178800843 BCX0\" data-ccp-charstyle=\"normaltextrun\">em 2022 <\/span><span class=\"NormalTextRun SCXW178800843 BCX0\" data-ccp-charstyle=\"normaltextrun\">foi de 6.95<\/span><span class=\"NormalTextRun SCXW178800843 BCX0\" data-ccp-charstyle=\"normaltextrun\"> em Ribeir\u00e3o Preto<\/span><span class=\"NormalTextRun SCXW178800843 BCX0\" data-ccp-charstyle=\"normaltextrun\">, ap\u00f3s subir de 6.62 em 2020 para 7.69 em 2021, a maior desde 2016, de 7.79. <\/span><\/span><span class=\"LineBreakBlob BlobObject DragDrop SCXW178800843 BCX0\"><span class=\"SCXW178800843 BCX0\">\u00a0<\/span><br class=\"SCXW178800843 BCX0\"\/><\/span><span class=\"LineBreakBlob BlobObject DragDrop SCXW178800843 BCX0\"><span class=\"SCXW178800843 BCX0\">\u00a0<\/span><br class=\"SCXW178800843 BCX0\"\/><\/span><span class=\"EOP SCXW178800843 BCX0\" data-ccp-props=\"{&quot;201341983&quot;:0,&quot;335559739&quot;:200,&quot;335559740&quot;:276}\">\u00a0<\/span><\/p>\n<\/div>\n<p><br \/>\n<br \/><a href=\"https:\/\/www.tribunaribeirao.com.br\/site\/furtos-aumentam-no-primeiro-bimestre\/\">Source link <\/a><\/p>\n<!-- CONTENT END 1 -->\n","protected":false},"excerpt":{"rendered":"<p>A Secretaria de Seguran\u00e7a P\u00fablica do Estado de S\u00e3o Paulo (SSP\/SP) nesta segunda-feira, 25 de mar\u00e7o, os resultados das \u201cEstat\u00edsticas da Criminalidade\u201d. Em Ribeir\u00e3o Preto,&#8230;<\/p>\n","protected":false},"author":1,"featured_media":44292,"comment_status":"open","ping_status":"open","sticky":false,"template":"","format":"standard","meta":{"advanced_seo_description":"","jetpack_seo_html_title":"","jetpack_seo_noindex":false,"jetpack_post_was_ever_published":false,"_jetpack_newsletter_access":"","_jetpack_dont_email_post_to_subs":false,"_jetpack_newsletter_tier_id":0,"_jetpack_memberships_contains_paywalled_content":false,"_jetpack_memberships_contains_paid_content":false,"footnotes":"","jetpack_publicize_message":"","jetpack_publicize_feature_enabled":true,"jetpack_social_post_already_shared":true,"jetpack_social_options":{"image_generator_settings":{"template":"highway","default_image_id":0,"font":"","enabled":false},"version":2}},"categories":[11],"tags":[792,5239,4902,2279],"class_list":["post-44291","post","type-post","status-publish","format-standard","has-post-thumbnail","hentry","category-noticias-de-ribeirao-preto-sp-e-regiao-ismael-colosi","tag-aumentam","tag-bimestre","tag-furtos","tag-primeiro"],"jetpack_publicize_connections":[],"jetpack_featured_media_url":"https:\/\/i0.wp.com\/noticiasribeiraopreto.com.br\/wp-content\/uploads\/2024\/03\/CrimeRP-Guilherme-Sircili.jpg?fit=1620%2C1080&ssl=1","jetpack-related-posts":[{"id":44811,"url":"https:\/\/noticiasribeiraopreto.com.br\/index.php\/2024\/03\/31\/furtos-preocupam-populacao\/","url_meta":{"origin":44291,"position":0},"title":"Furtos preocupam popula\u00e7\u00e3o\u00a0 &#8211; Jornal Tribuna Ribeir\u00e3o","author":"noticiasribeiraopreto.com.br","date":"31 de March de 2024","format":false,"excerpt":"Por Adalberto Luque\u00a0 A criminalidade baixou em Ribeir\u00e3o Preto. De acordo com dados divulgados pela Secretaria da Seguran\u00e7a P\u00fablica de S\u00e3o Paulo (SSP-SP), todos os indicadores onde ocorrem amea\u00e7as e viol\u00eancia baixaram.\u00a0\u00a0 Os n\u00fameros de fevereiro, revelados na segunda-feira (25), demonstraram que a maior queda ocorreu no n\u00famero de ve\u00edculos\u2026","rel":"","context":"In &quot;Not\u00edcias de Ribeir\u00e3o Preto-SP e Regi\u00e3o&quot;","block_context":{"text":"Not\u00edcias de Ribeir\u00e3o Preto-SP e Regi\u00e3o","link":"https:\/\/noticiasribeiraopreto.com.br\/index.php\/category\/noticias-de-ribeirao-preto-sp-e-regiao-ismael-colosi\/"},"img":{"alt_text":"","src":"https:\/\/i0.wp.com\/noticiasribeiraopreto.com.br\/wp-content\/uploads\/2024\/03\/FOTO-02-Foto-Alfredo-Risk-scaled.jpg?fit=1200%2C800&ssl=1&resize=350%2C200","width":350,"height":200,"srcset":"https:\/\/i0.wp.com\/noticiasribeiraopreto.com.br\/wp-content\/uploads\/2024\/03\/FOTO-02-Foto-Alfredo-Risk-scaled.jpg?fit=1200%2C800&ssl=1&resize=350%2C200 1x, https:\/\/i0.wp.com\/noticiasribeiraopreto.com.br\/wp-content\/uploads\/2024\/03\/FOTO-02-Foto-Alfredo-Risk-scaled.jpg?fit=1200%2C800&ssl=1&resize=525%2C300 1.5x, https:\/\/i0.wp.com\/noticiasribeiraopreto.com.br\/wp-content\/uploads\/2024\/03\/FOTO-02-Foto-Alfredo-Risk-scaled.jpg?fit=1200%2C800&ssl=1&resize=700%2C400 2x, https:\/\/i0.wp.com\/noticiasribeiraopreto.com.br\/wp-content\/uploads\/2024\/03\/FOTO-02-Foto-Alfredo-Risk-scaled.jpg?fit=1200%2C800&ssl=1&resize=1050%2C600 3x"},"classes":[]},{"id":69093,"url":"https:\/\/noticiasribeiraopreto.com.br\/index.php\/2025\/05\/02\/furtos-e-roubos-de-veiculos-crescem-em-rp\/","url_meta":{"origin":44291,"position":1},"title":"Furtos e roubos de ve\u00edculos crescem em RP","author":"noticiasribeiraopreto.com.br","date":"2 de May de 2025","format":false,"excerpt":"A Secretaria de Seguran\u00e7a P\u00fablica do Estado de S\u00e3o Paulo (SSP\/SP) divulgou os resultados das \u201cEstat\u00edsticas da Criminalidade\u201d. Em Ribeir\u00e3o Preto, furtos em geral e roubo de ve\u00edculos cresceram no primeiro trimestre em rela\u00e7\u00e3o ao mesmo per\u00edodo do ano passado. Roubos em geral e furtos de carros, motos e afins\u2026","rel":"","context":"In &quot;Not\u00edcias de Ribeir\u00e3o Preto-SP e Regi\u00e3o&quot;","block_context":{"text":"Not\u00edcias de Ribeir\u00e3o Preto-SP e Regi\u00e3o","link":"https:\/\/noticiasribeiraopreto.com.br\/index.php\/category\/noticias-de-ribeirao-preto-sp-e-regiao-ismael-colosi\/"},"img":{"alt_text":"","src":"https:\/\/i0.wp.com\/noticiasribeiraopreto.com.br\/wp-content\/uploads\/2025\/05\/CrimeRP-Pixabay-2-scaled.jpg?fit=750%2C500&ssl=1&resize=350%2C200","width":350,"height":200,"srcset":"https:\/\/i0.wp.com\/noticiasribeiraopreto.com.br\/wp-content\/uploads\/2025\/05\/CrimeRP-Pixabay-2-scaled.jpg?fit=750%2C500&ssl=1&resize=350%2C200 1x, https:\/\/i0.wp.com\/noticiasribeiraopreto.com.br\/wp-content\/uploads\/2025\/05\/CrimeRP-Pixabay-2-scaled.jpg?fit=750%2C500&ssl=1&resize=525%2C300 1.5x, https:\/\/i0.wp.com\/noticiasribeiraopreto.com.br\/wp-content\/uploads\/2025\/05\/CrimeRP-Pixabay-2-scaled.jpg?fit=750%2C500&ssl=1&resize=700%2C400 2x"},"classes":[]},{"id":65521,"url":"https:\/\/noticiasribeiraopreto.com.br\/index.php\/2025\/03\/21\/jornal-da-franca-otimismo-exportacoes-de-calcados-crescem-147-somente-no-primeiro-bimestre-de-2025\/","url_meta":{"origin":44291,"position":2},"title":"Jornal da Franca &#8211; Otimismo: exporta\u00e7\u00f5es de cal\u00e7ados crescem 14,7% somente no primeiro bimestre de 2025","author":"noticiasribeiraopreto.com.br","date":"21 de March de 2025","format":false,"excerpt":"compartilhar no whatsapp compartilhar no telegram compartilhar no facebook compartilhar no linkedin Embarques somaram 21 milh\u00f5es de pares e US$ 174,23 milh\u00f5es, com destaque para o impacto positivo do c\u00e2mbio e da base de compara\u00e7\u00e3o mais fraca de 2024 As exporta\u00e7\u00f5es brasileiras de cal\u00e7ados registraram um aumento expressivo nos primeiros\u2026","rel":"","context":"In &quot;Not\u00edcias de Franca-SP&quot;","block_context":{"text":"Not\u00edcias de Franca-SP","link":"https:\/\/noticiasribeiraopreto.com.br\/index.php\/category\/noticias-de-ribeirao-preto-sp-e-regiao-ismael-colosi\/noticias-franca-sp\/"},"img":{"alt_text":"","src":"https:\/\/i0.wp.com\/noticiasribeiraopreto.com.br\/wp-content\/uploads\/2025\/03\/IMG-20230505-WA0027.jpg?fit=800%2C548&ssl=1&resize=350%2C200","width":350,"height":200,"srcset":"https:\/\/i0.wp.com\/noticiasribeiraopreto.com.br\/wp-content\/uploads\/2025\/03\/IMG-20230505-WA0027.jpg?fit=800%2C548&ssl=1&resize=350%2C200 1x, https:\/\/i0.wp.com\/noticiasribeiraopreto.com.br\/wp-content\/uploads\/2025\/03\/IMG-20230505-WA0027.jpg?fit=800%2C548&ssl=1&resize=525%2C300 1.5x, https:\/\/i0.wp.com\/noticiasribeiraopreto.com.br\/wp-content\/uploads\/2025\/03\/IMG-20230505-WA0027.jpg?fit=800%2C548&ssl=1&resize=700%2C400 2x"},"classes":[]},{"id":75001,"url":"https:\/\/noticiasribeiraopreto.com.br\/index.php\/2025\/08\/01\/roubos-avancam-em-junho-ante-maio\/","url_meta":{"origin":44291,"position":3},"title":"Roubos avan\u00e7am em junho ante maio","author":"noticiasribeiraopreto.com.br","date":"1 de August de 2025","format":false,"excerpt":"A Secretaria de Seguran\u00e7a P\u00fablica do Estado de S\u00e3o Paulo (SSP\/SP) divulgou os resultados das \u201cEstat\u00edsticas da Criminalidade\u201d. Em Ribeir\u00e3o Preto, todos os crimes contra o patrim\u00f4nio registraram queda \u2013 furtos e roubos em geral e furtos e roubos de ve\u00edculos \u2013 no primeiro semestre deste ano em rela\u00e7\u00e3o ao\u2026","rel":"","context":"In &quot;Not\u00edcias de Ribeir\u00e3o Preto-SP e Regi\u00e3o&quot;","block_context":{"text":"Not\u00edcias de Ribeir\u00e3o Preto-SP e Regi\u00e3o","link":"https:\/\/noticiasribeiraopreto.com.br\/index.php\/category\/noticias-de-ribeirao-preto-sp-e-regiao-ismael-colosi\/"},"img":{"alt_text":"","src":"https:\/\/i0.wp.com\/noticiasribeiraopreto.com.br\/wp-content\/uploads\/2025\/08\/CrimeRP-Pixabay-scaled.jpg?fit=1170%2C780&ssl=1&resize=350%2C200","width":350,"height":200,"srcset":"https:\/\/i0.wp.com\/noticiasribeiraopreto.com.br\/wp-content\/uploads\/2025\/08\/CrimeRP-Pixabay-scaled.jpg?fit=1170%2C780&ssl=1&resize=350%2C200 1x, https:\/\/i0.wp.com\/noticiasribeiraopreto.com.br\/wp-content\/uploads\/2025\/08\/CrimeRP-Pixabay-scaled.jpg?fit=1170%2C780&ssl=1&resize=525%2C300 1.5x, https:\/\/i0.wp.com\/noticiasribeiraopreto.com.br\/wp-content\/uploads\/2025\/08\/CrimeRP-Pixabay-scaled.jpg?fit=1170%2C780&ssl=1&resize=700%2C400 2x, https:\/\/i0.wp.com\/noticiasribeiraopreto.com.br\/wp-content\/uploads\/2025\/08\/CrimeRP-Pixabay-scaled.jpg?fit=1170%2C780&ssl=1&resize=1050%2C600 3x"},"classes":[]},{"id":65473,"url":"https:\/\/noticiasribeiraopreto.com.br\/index.php\/2025\/03\/20\/jornal-da-franca-argentinos-superam-estados-unidos-e-se-tornam-maior-comprador-de-calcado-brasileiro\/","url_meta":{"origin":44291,"position":4},"title":"Jornal da Franca &#8211; Argentinos superam Estados Unidos e se tornam maior comprador de cal\u00e7ado brasileiro","author":"noticiasribeiraopreto.com.br","date":"20 de March de 2025","format":false,"excerpt":"compartilhar no whatsapp compartilhar no telegram compartilhar no facebook compartilhar no linkedin Com um crescimento expressivo nas exporta\u00e7\u00f5es, hermanos ultrapassaram norte-americanos em fevereiro A Argentina surpreendeu positivamente ao assumir o posto de maior importador de cal\u00e7ados brasileiros no m\u00eas de fevereiro de 2025, ultrapassando os Estados Unidos, tradicional principal destino\u2026","rel":"","context":"In &quot;Not\u00edcias de Franca-SP&quot;","block_context":{"text":"Not\u00edcias de Franca-SP","link":"https:\/\/noticiasribeiraopreto.com.br\/index.php\/category\/noticias-de-ribeirao-preto-sp-e-regiao-ismael-colosi\/noticias-franca-sp\/"},"img":{"alt_text":"","src":"https:\/\/i0.wp.com\/noticiasribeiraopreto.com.br\/wp-content\/uploads\/2025\/03\/um-homem-de-camisa-azul-e-avental-vermelho-esta-em-frente-a-uma-mesa-cheia-de-sapatos.jpg?fit=1000%2C667&ssl=1&resize=350%2C200","width":350,"height":200,"srcset":"https:\/\/i0.wp.com\/noticiasribeiraopreto.com.br\/wp-content\/uploads\/2025\/03\/um-homem-de-camisa-azul-e-avental-vermelho-esta-em-frente-a-uma-mesa-cheia-de-sapatos.jpg?fit=1000%2C667&ssl=1&resize=350%2C200 1x, https:\/\/i0.wp.com\/noticiasribeiraopreto.com.br\/wp-content\/uploads\/2025\/03\/um-homem-de-camisa-azul-e-avental-vermelho-esta-em-frente-a-uma-mesa-cheia-de-sapatos.jpg?fit=1000%2C667&ssl=1&resize=525%2C300 1.5x, https:\/\/i0.wp.com\/noticiasribeiraopreto.com.br\/wp-content\/uploads\/2025\/03\/um-homem-de-camisa-azul-e-avental-vermelho-esta-em-frente-a-uma-mesa-cheia-de-sapatos.jpg?fit=1000%2C667&ssl=1&resize=700%2C400 2x"},"classes":[]},{"id":40585,"url":"https:\/\/noticiasribeiraopreto.com.br\/index.php\/2024\/03\/04\/vendas-de-veiculos-sobem-272-em-um-ano\/","url_meta":{"origin":44291,"position":5},"title":"Vendas de ve\u00edculos sobem 27,2% em um ano","author":"noticiasribeiraopreto.com.br","date":"4 de March de 2024","format":false,"excerpt":"4 de mar\u00e7o de 2024 | 18:004 de mar\u00e7o de 2024 | 15:14 0As vendas de ve\u00edculos tiveram no m\u00eas passado crescimento de 27,2% frente a fevereiro de 2023, chegando a 165,2 mil unidades emplacadas, entre carros de passeio, utilit\u00e1rios leves, caminh\u00f5es e \u00f4nibus. Mesmo com menos dias de venda,\u2026","rel":"","context":"In &quot;Not\u00edcias de Ribeir\u00e3o Preto-SP e Regi\u00e3o&quot;","block_context":{"text":"Not\u00edcias de Ribeir\u00e3o Preto-SP e Regi\u00e3o","link":"https:\/\/noticiasribeiraopreto.com.br\/index.php\/category\/noticias-de-ribeirao-preto-sp-e-regiao-ismael-colosi\/"},"img":{"alt_text":"","src":"https:\/\/i0.wp.com\/noticiasribeiraopreto.com.br\/wp-content\/uploads\/2024\/03\/Venda-de-Usadosss.jpg?fit=690%2C420&ssl=1&resize=350%2C200","width":350,"height":200,"srcset":"https:\/\/i0.wp.com\/noticiasribeiraopreto.com.br\/wp-content\/uploads\/2024\/03\/Venda-de-Usadosss.jpg?fit=690%2C420&ssl=1&resize=350%2C200 1x, https:\/\/i0.wp.com\/noticiasribeiraopreto.com.br\/wp-content\/uploads\/2024\/03\/Venda-de-Usadosss.jpg?fit=690%2C420&ssl=1&resize=525%2C300 1.5x"},"classes":[]}],"jetpack_sharing_enabled":true,"jetpack_shortlink":"https:\/\/wp.me\/peQAOb-bwn","_links":{"self":[{"href":"https:\/\/noticiasribeiraopreto.com.br\/index.php\/wp-json\/wp\/v2\/posts\/44291","targetHints":{"allow":["GET"]}}],"collection":[{"href":"https:\/\/noticiasribeiraopreto.com.br\/index.php\/wp-json\/wp\/v2\/posts"}],"about":[{"href":"https:\/\/noticiasribeiraopreto.com.br\/index.php\/wp-json\/wp\/v2\/types\/post"}],"author":[{"embeddable":true,"href":"https:\/\/noticiasribeiraopreto.com.br\/index.php\/wp-json\/wp\/v2\/users\/1"}],"replies":[{"embeddable":true,"href":"https:\/\/noticiasribeiraopreto.com.br\/index.php\/wp-json\/wp\/v2\/comments?post=44291"}],"version-history":[{"count":0,"href":"https:\/\/noticiasribeiraopreto.com.br\/index.php\/wp-json\/wp\/v2\/posts\/44291\/revisions"}],"wp:featuredmedia":[{"embeddable":true,"href":"https:\/\/noticiasribeiraopreto.com.br\/index.php\/wp-json\/wp\/v2\/media\/44292"}],"wp:attachment":[{"href":"https:\/\/noticiasribeiraopreto.com.br\/index.php\/wp-json\/wp\/v2\/media?parent=44291"}],"wp:term":[{"taxonomy":"category","embeddable":true,"href":"https:\/\/noticiasribeiraopreto.com.br\/index.php\/wp-json\/wp\/v2\/categories?post=44291"},{"taxonomy":"post_tag","embeddable":true,"href":"https:\/\/noticiasribeiraopreto.com.br\/index.php\/wp-json\/wp\/v2\/tags?post=44291"}],"curies":[{"name":"wp","href":"https:\/\/api.w.org\/{rel}","templated":true}]}}